{"id":88767,"date":"2020-03-30T12:45:04","date_gmt":"2020-03-30T09:45:04","guid":{"rendered":"https:\/\/urbeamea.ro\/albaiulia\/?p=88767"},"modified":"2020-03-30T12:45:14","modified_gmt":"2020-03-30T09:45:14","slug":"de-ce-nu-se-ingheata-anul-scolar-mesajul-ministrului-educatiei","status":"publish","type":"post","link":"https:\/\/urbeamea.ro\/albaiulia\/de-ce-nu-se-ingheata-anul-scolar-mesajul-ministrului-educatiei\/","title":{"rendered":"De ce nu se \u00eenghea\u021b\u0103 anul \u0219colar? Mesajul Ministrului Educa\u021biei"},"content":{"rendered":"\n<h4 class=\"wp-block-heading\">Ministrul Educa\u021biei, Monica Anisie, a exclus varianta \u00eenghe\u021b\u0103rii anului \u0219colar. Oficialul a \u00eendemnat elevii \u0219i studen\u021bii s\u0103 fie aten\u021bi la informa\u021biile pe care le citesc, mai ales la cele care vin din partea MEC, pentru a \u0219ti ce va urma, \u00een contextul r\u0103sp\u00e2ndirii bolii. <\/h4>\n\n\n\n<p>Ministrul Educa\u021biei, Monica Anisie, a declarat duminic\u0103, la Digi24, c\u0103 este exclus\u0103 p\u00e2n\u0103 acum varianta \u00eenghe\u021b\u0103rii anului \u0219colar. Oficialul sus\u021bine c\u0103 profesorii men\u021bin leg\u0103tura cu elevii \u0219i, precum medicii, \u00ee\u0219i fac treaba cu mijloacele pe care le au la dispozi\u021bie. Anisie a ad\u0103ugat c\u0103 Ministerul Educa\u021biei \u0219i Cercet\u0103rii (MEC) le-a f\u0103cut profesorilor o recomandare \u00een acest sens, dar nu a fost nevoie de o decizie cu titlu obligatoriu, dat fiind c\u0103 sunt oameni responsabili \u0219i \u00ee\u0219i fac treaba. <\/p>\n\n\n\n<p> <em>\u201e\u00centotdeauna, colegii mei, cadrele didactice, au con\u0219tientizat c\u00e2t este de necesar s\u0103 p\u0103streze leg\u0103tura cu \u0219coala. Sunt oameni responsabili \u0219i chiar dac\u0103 vorbim despre o recomandare (\u0219i nu o obliga\u021bie \u2013 n.r.) din partea ministerului, s\u0103 \u0219ti\u021bi c\u0103 ace\u0219tia au p\u0103strat leg\u0103tura cu elevii. Nu a fost necesar\u0103 o obliga\u021bie, pentru c\u0103 noi ne facem treaba. A\u0219a cum \u0219i medicii \u00ee\u0219i fac treaba, a\u0219a \u0219i cadrele didactice realizeaz\u0103 leg\u0103tura cu \u0219coala, \u00een direct\u0103 leg\u0103tur\u0103 fiind cu elevii\u201d, a spus Anisie.<\/em> <\/p>\n\n\n\n<p> \u00centrebat\u0103 despre o estimare, \u00een cifre, a propor\u021biei profesorilor care desf\u0103\u0219oar\u0103 cursuri online cu elevii, Anisie a afirmat c\u0103 ministerul are o estimare prin inspectoratele \u0219colare jude\u021bene, care s-au implicat mult \u00een aceast\u0103 perioad\u0103. <\/p>\n\n\n\n<p> <em>\u201eAu realizat lec\u021bii online pe diverse platforme, unele puse la dispozi\u021bie de Ministerul Educa\u021biei, dar sunt \u0219i inspectorate \u0219colare care au realizat parteneriate cu televiziuni locale \u0219i \u00een felul acesta au ajuns \u00een c\u00e2t mai multe case pentru a p\u0103stra leg\u0103tura cu \u0219coala. Aceste lec\u021bii sunt lec\u021bii de recapitulare, de fixare a cuno\u0219tin\u021belor\u201d, a completat ministrul.<\/em> <\/p>\n\n\n\n<p>La observa\u021bia c\u0103 nu exist\u0103 norme unitare prin care cadrele didactice comunic\u0103 \u0219i fac lec\u021bii cu elevii, Anisie spune c\u0103 \u0219i la clas\u0103 fiecare profesor \u00ee\u0219i preg\u0103tea activitatea \u00een feul s\u0103u. Oficialul a men\u021bionat c\u0103 ministerul a pus la dispozi\u021bia cadrelor didactice, prin \u0218coala pe net, cursuri de preg\u0103tire \u00een aceast\u0103 perioad\u0103.<\/p>\n\n\n\n<p>Mai mult, a precizat c\u0103 la nivelul Ministerului Educa\u021biei se lucreaz\u0103 la diferite variante care s\u0103 compenseze efectele acestei crize. Pe de alt\u0103 parte, Anisie a confirmat c\u0103, \u00een cur\u00e2nd, ministerul va publica subiecte-model pentru elevii care vor sus\u021bine examenele na\u021bionale. Este vorba despre teste-suport, de antrenament, care s\u0103 vin\u0103 \u00een sprijinul \u00eenv\u0103\u021b\u0103ceilor.<\/p>\n\n\n\n<p><em>sursa: playtech.ro<\/em><\/p>\n","protected":false},"excerpt":{"rendered":"<p>Ministrul Educa\u021biei, Monica Anisie, a exclus varianta \u00eenghe\u021b\u0103rii anului \u0219colar. Oficialul a \u00eendemnat elevii \u0219i studen\u021bii s\u0103 fie aten\u021bi la informa\u021biile pe care le citesc, mai ales la cele care vin din partea MEC, pentru a \u0219ti ce va urma, \u00een contextul r\u0103sp\u00e2ndirii bolii. Ministrul Educa\u021biei, Monica Anisie, a declarat duminic\u0103, la Digi24, c\u0103 este &hellip;<\/p>\n","protected":false},"author":17,"featured_media":88768,"comment_status":"open","ping_status":"open","sticky":false,"template":"","format":"standard","meta":{"inline_featured_image":false,"footnotes":""},"categories":[2039],"tags":[20245,20246,20247],"class_list":["post-88767","post","type-post","status-publish","format-standard","has-post-thumbnail","hentry","category-educatie","tag-de-ce-nu-ingheata-anul-scolar","tag-mesajul-ministrului-educatiei","tag-monica-asinie"],"yoast_head":"<!-- This site is optimized with the Yoast SEO plugin v27.4 - https:\/\/yoast.com\/product\/yoast-seo-wordpress\/ -->\n<title>De ce nu se \u00eenghea\u021b\u0103 anul \u0219colar? Mesajul Ministrului Educa\u021biei - Revista Urbea Mea - Revista de Alba<\/title>\n<meta name=\"description\" content=\"Ministrul Educa\u021biei, Monica Anisie, a exclus varianta \u00eenghe\u021b\u0103rii anului \u0219colar. Oficialul a \u00eendemnat elevii \u0219i studen\u021bii s\u0103 fie aten\u021bi la informa\u021biile pe\" \/>\n<meta name=\"robots\" content=\"index, follow, max-snippet:-1, max-image-preview:large, max-video-preview:-1\" \/>\n<link rel=\"canonical\" href=\"https:\/\/urbeamea.ro\/albaiulia\/de-ce-nu-se-ingheata-anul-scolar-mesajul-ministrului-educatiei\/\" \/>\n<meta name=\"twitter:card\" content=\"summary_large_image\" \/>\n<meta name=\"twitter:title\" content=\"De ce nu se \u00eenghea\u021b\u0103 anul \u0219colar? Mesajul Ministrului Educa\u021biei - Revista Urbea Mea - Revista de Alba\" \/>\n<meta name=\"twitter:description\" content=\"Ministrul Educa\u021biei, Monica Anisie, a exclus varianta \u00eenghe\u021b\u0103rii anului \u0219colar. Oficialul a \u00eendemnat elevii \u0219i studen\u021bii s\u0103 fie aten\u021bi la informa\u021biile pe\" \/>\n<meta name=\"twitter:image\" content=\"https:\/\/urbeamea.ro\/albaiulia\/wp-content\/uploads\/2020\/03\/sa.jpg\" \/>\n<meta name=\"twitter:creator\" content=\"@urbeameaweb\" \/>\n<meta name=\"twitter:site\" content=\"@urbeameaweb\" \/>\n<script type=\"application\/ld+json\" class=\"yoast-schema-graph\">{\"@context\":\"https:\\\/\\\/schema.org\",\"@graph\":[{\"@type\":\"Article\",\"@id\":\"https:\\\/\\\/urbeamea.ro\\\/albaiulia\\\/de-ce-nu-se-ingheata-anul-scolar-mesajul-ministrului-educatiei\\\/#article\",\"isPartOf\":{\"@id\":\"https:\\\/\\\/urbeamea.ro\\\/albaiulia\\\/de-ce-nu-se-ingheata-anul-scolar-mesajul-ministrului-educatiei\\\/\"},\"author\":{\"name\":\"Cristina Ganga\",\"@id\":\"https:\\\/\\\/urbeamea.ro\\\/albaiulia\\\/#\\\/schema\\\/person\\\/9700d21fae21c4f038b0b56f4506264a\"},\"headline\":\"De ce nu se \u00eenghea\u021b\u0103 anul \u0219colar? Mesajul Ministrului Educa\u021biei\",\"datePublished\":\"2020-03-30T09:45:04+00:00\",\"dateModified\":\"2020-03-30T09:45:14+00:00\",\"mainEntityOfPage\":{\"@id\":\"https:\\\/\\\/urbeamea.ro\\\/albaiulia\\\/de-ce-nu-se-ingheata-anul-scolar-mesajul-ministrului-educatiei\\\/\"},\"wordCount\":468,\"commentCount\":0,\"image\":{\"@id\":\"https:\\\/\\\/urbeamea.ro\\\/albaiulia\\\/de-ce-nu-se-ingheata-anul-scolar-mesajul-ministrului-educatiei\\\/#primaryimage\"},\"thumbnailUrl\":\"https:\\\/\\\/urbeamea.ro\\\/albaiulia\\\/wp-content\\\/uploads\\\/2020\\\/03\\\/sa.jpg\",\"keywords\":[\"de ce nu ingheata anul scolar\",\"mesajul ministrului educatiei\",\"monica asinie\"],\"articleSection\":[\"Educa\u021bie\"],\"inLanguage\":\"ro-RO\",\"potentialAction\":[{\"@type\":\"CommentAction\",\"name\":\"Comment\",\"target\":[\"https:\\\/\\\/urbeamea.ro\\\/albaiulia\\\/de-ce-nu-se-ingheata-anul-scolar-mesajul-ministrului-educatiei\\\/#respond\"]}]},{\"@type\":\"WebPage\",\"@id\":\"https:\\\/\\\/urbeamea.ro\\\/albaiulia\\\/de-ce-nu-se-ingheata-anul-scolar-mesajul-ministrului-educatiei\\\/\",\"url\":\"https:\\\/\\\/urbeamea.ro\\\/albaiulia\\\/de-ce-nu-se-ingheata-anul-scolar-mesajul-ministrului-educatiei\\\/\",\"name\":\"De ce nu se \u00eenghea\u021b\u0103 anul \u0219colar? Mesajul Ministrului Educa\u021biei - Revista Urbea Mea - Revista de Alba\",\"isPartOf\":{\"@id\":\"https:\\\/\\\/urbeamea.ro\\\/albaiulia\\\/#website\"},\"primaryImageOfPage\":{\"@id\":\"https:\\\/\\\/urbeamea.ro\\\/albaiulia\\\/de-ce-nu-se-ingheata-anul-scolar-mesajul-ministrului-educatiei\\\/#primaryimage\"},\"image\":{\"@id\":\"https:\\\/\\\/urbeamea.ro\\\/albaiulia\\\/de-ce-nu-se-ingheata-anul-scolar-mesajul-ministrului-educatiei\\\/#primaryimage\"},\"thumbnailUrl\":\"https:\\\/\\\/urbeamea.ro\\\/albaiulia\\\/wp-content\\\/uploads\\\/2020\\\/03\\\/sa.jpg\",\"datePublished\":\"2020-03-30T09:45:04+00:00\",\"dateModified\":\"2020-03-30T09:45:14+00:00\",\"author\":{\"@id\":\"https:\\\/\\\/urbeamea.ro\\\/albaiulia\\\/#\\\/schema\\\/person\\\/9700d21fae21c4f038b0b56f4506264a\"},\"description\":\"Ministrul Educa\u021biei, Monica Anisie, a exclus varianta \u00eenghe\u021b\u0103rii anului \u0219colar. Oficialul a \u00eendemnat elevii \u0219i studen\u021bii s\u0103 fie aten\u021bi la informa\u021biile pe\",\"breadcrumb\":{\"@id\":\"https:\\\/\\\/urbeamea.ro\\\/albaiulia\\\/de-ce-nu-se-ingheata-anul-scolar-mesajul-ministrului-educatiei\\\/#breadcrumb\"},\"inLanguage\":\"ro-RO\",\"potentialAction\":[{\"@type\":\"ReadAction\",\"target\":[\"https:\\\/\\\/urbeamea.ro\\\/albaiulia\\\/de-ce-nu-se-ingheata-anul-scolar-mesajul-ministrului-educatiei\\\/\"]}]},{\"@type\":\"ImageObject\",\"inLanguage\":\"ro-RO\",\"@id\":\"https:\\\/\\\/urbeamea.ro\\\/albaiulia\\\/de-ce-nu-se-ingheata-anul-scolar-mesajul-ministrului-educatiei\\\/#primaryimage\",\"url\":\"https:\\\/\\\/urbeamea.ro\\\/albaiulia\\\/wp-content\\\/uploads\\\/2020\\\/03\\\/sa.jpg\",\"contentUrl\":\"https:\\\/\\\/urbeamea.ro\\\/albaiulia\\\/wp-content\\\/uploads\\\/2020\\\/03\\\/sa.jpg\",\"width\":1400,\"height\":850},{\"@type\":\"BreadcrumbList\",\"@id\":\"https:\\\/\\\/urbeamea.ro\\\/albaiulia\\\/de-ce-nu-se-ingheata-anul-scolar-mesajul-ministrului-educatiei\\\/#breadcrumb\",\"itemListElement\":[{\"@type\":\"ListItem\",\"position\":1,\"name\":\"Prima pagin\u0103\",\"item\":\"https:\\\/\\\/urbeamea.ro\\\/albaiulia\\\/\"},{\"@type\":\"ListItem\",\"position\":2,\"name\":\"De ce nu se \u00eenghea\u021b\u0103 anul \u0219colar? Mesajul Ministrului Educa\u021biei\"}]},{\"@type\":\"WebSite\",\"@id\":\"https:\\\/\\\/urbeamea.ro\\\/albaiulia\\\/#website\",\"url\":\"https:\\\/\\\/urbeamea.ro\\\/albaiulia\\\/\",\"name\":\"Revista Urbea Mea, Stiri urbane\",\"description\":\"Evenimente \u0219i \u0219tiri din Alba Iulia, Sebe\u0219, Aiud, Blaj\",\"potentialAction\":[{\"@type\":\"SearchAction\",\"target\":{\"@type\":\"EntryPoint\",\"urlTemplate\":\"https:\\\/\\\/urbeamea.ro\\\/albaiulia\\\/?s={search_term_string}\"},\"query-input\":{\"@type\":\"PropertyValueSpecification\",\"valueRequired\":true,\"valueName\":\"search_term_string\"}}],\"inLanguage\":\"ro-RO\"},{\"@type\":\"Person\",\"@id\":\"https:\\\/\\\/urbeamea.ro\\\/albaiulia\\\/#\\\/schema\\\/person\\\/9700d21fae21c4f038b0b56f4506264a\",\"name\":\"Cristina Ganga\",\"image\":{\"@type\":\"ImageObject\",\"inLanguage\":\"ro-RO\",\"@id\":\"https:\\\/\\\/secure.gravatar.com\\\/avatar\\\/5a67661041f057b4a8ccaf26f5a8e86e2689372006d01faf3dd9eeb10b654bb4?s=96&d=mm&r=g\",\"url\":\"https:\\\/\\\/secure.gravatar.com\\\/avatar\\\/5a67661041f057b4a8ccaf26f5a8e86e2689372006d01faf3dd9eeb10b654bb4?s=96&d=mm&r=g\",\"contentUrl\":\"https:\\\/\\\/secure.gravatar.com\\\/avatar\\\/5a67661041f057b4a8ccaf26f5a8e86e2689372006d01faf3dd9eeb10b654bb4?s=96&d=mm&r=g\",\"caption\":\"Cristina Ganga\"},\"description\":\"Jurnalist\",\"sameAs\":[\"https:\\\/\\\/www.facebook.com\\\/cristina.nicola.587\"],\"url\":\"https:\\\/\\\/urbeamea.ro\\\/albaiulia\\\/author\\\/cristina-nicola\\\/\"}]}<\/script>\n<!-- \/ Yoast SEO plugin. -->","yoast_head_json":{"title":"De ce nu se \u00eenghea\u021b\u0103 anul \u0219colar? Mesajul Ministrului Educa\u021biei - Revista Urbea Mea - Revista de Alba","description":"Ministrul Educa\u021biei, Monica Anisie, a exclus varianta \u00eenghe\u021b\u0103rii anului \u0219colar. Oficialul a \u00eendemnat elevii \u0219i studen\u021bii s\u0103 fie aten\u021bi la informa\u021biile pe","robots":{"index":"index","follow":"follow","max-snippet":"max-snippet:-1","max-image-preview":"max-image-preview:large","max-video-preview":"max-video-preview:-1"},"canonical":"https:\/\/urbeamea.ro\/albaiulia\/de-ce-nu-se-ingheata-anul-scolar-mesajul-ministrului-educatiei\/","twitter_card":"summary_large_image","twitter_title":"De ce nu se \u00eenghea\u021b\u0103 anul \u0219colar? Mesajul Ministrului Educa\u021biei - Revista Urbea Mea - Revista de Alba","twitter_description":"Ministrul Educa\u021biei, Monica Anisie, a exclus varianta \u00eenghe\u021b\u0103rii anului \u0219colar. Oficialul a \u00eendemnat elevii \u0219i studen\u021bii s\u0103 fie aten\u021bi la informa\u021biile pe","twitter_image":"https:\/\/urbeamea.ro\/albaiulia\/wp-content\/uploads\/2020\/03\/sa.jpg","twitter_creator":"@urbeameaweb","twitter_site":"@urbeameaweb","schema":{"@context":"https:\/\/schema.org","@graph":[{"@type":"Article","@id":"https:\/\/urbeamea.ro\/albaiulia\/de-ce-nu-se-ingheata-anul-scolar-mesajul-ministrului-educatiei\/#article","isPartOf":{"@id":"https:\/\/urbeamea.ro\/albaiulia\/de-ce-nu-se-ingheata-anul-scolar-mesajul-ministrului-educatiei\/"},"author":{"name":"Cristina Ganga","@id":"https:\/\/urbeamea.ro\/albaiulia\/#\/schema\/person\/9700d21fae21c4f038b0b56f4506264a"},"headline":"De ce nu se \u00eenghea\u021b\u0103 anul \u0219colar? Mesajul Ministrului Educa\u021biei","datePublished":"2020-03-30T09:45:04+00:00","dateModified":"2020-03-30T09:45:14+00:00","mainEntityOfPage":{"@id":"https:\/\/urbeamea.ro\/albaiulia\/de-ce-nu-se-ingheata-anul-scolar-mesajul-ministrului-educatiei\/"},"wordCount":468,"commentCount":0,"image":{"@id":"https:\/\/urbeamea.ro\/albaiulia\/de-ce-nu-se-ingheata-anul-scolar-mesajul-ministrului-educatiei\/#primaryimage"},"thumbnailUrl":"https:\/\/urbeamea.ro\/albaiulia\/wp-content\/uploads\/2020\/03\/sa.jpg","keywords":["de ce nu ingheata anul scolar","mesajul ministrului educatiei","monica asinie"],"articleSection":["Educa\u021bie"],"inLanguage":"ro-RO","potentialAction":[{"@type":"CommentAction","name":"Comment","target":["https:\/\/urbeamea.ro\/albaiulia\/de-ce-nu-se-ingheata-anul-scolar-mesajul-ministrului-educatiei\/#respond"]}]},{"@type":"WebPage","@id":"https:\/\/urbeamea.ro\/albaiulia\/de-ce-nu-se-ingheata-anul-scolar-mesajul-ministrului-educatiei\/","url":"https:\/\/urbeamea.ro\/albaiulia\/de-ce-nu-se-ingheata-anul-scolar-mesajul-ministrului-educatiei\/","name":"De ce nu se \u00eenghea\u021b\u0103 anul \u0219colar? Mesajul Ministrului Educa\u021biei - Revista Urbea Mea - Revista de Alba","isPartOf":{"@id":"https:\/\/urbeamea.ro\/albaiulia\/#website"},"primaryImageOfPage":{"@id":"https:\/\/urbeamea.ro\/albaiulia\/de-ce-nu-se-ingheata-anul-scolar-mesajul-ministrului-educatiei\/#primaryimage"},"image":{"@id":"https:\/\/urbeamea.ro\/albaiulia\/de-ce-nu-se-ingheata-anul-scolar-mesajul-ministrului-educatiei\/#primaryimage"},"thumbnailUrl":"https:\/\/urbeamea.ro\/albaiulia\/wp-content\/uploads\/2020\/03\/sa.jpg","datePublished":"2020-03-30T09:45:04+00:00","dateModified":"2020-03-30T09:45:14+00:00","author":{"@id":"https:\/\/urbeamea.ro\/albaiulia\/#\/schema\/person\/9700d21fae21c4f038b0b56f4506264a"},"description":"Ministrul Educa\u021biei, Monica Anisie, a exclus varianta \u00eenghe\u021b\u0103rii anului \u0219colar. Oficialul a \u00eendemnat elevii \u0219i studen\u021bii s\u0103 fie aten\u021bi la informa\u021biile pe","breadcrumb":{"@id":"https:\/\/urbeamea.ro\/albaiulia\/de-ce-nu-se-ingheata-anul-scolar-mesajul-ministrului-educatiei\/#breadcrumb"},"inLanguage":"ro-RO","potentialAction":[{"@type":"ReadAction","target":["https:\/\/urbeamea.ro\/albaiulia\/de-ce-nu-se-ingheata-anul-scolar-mesajul-ministrului-educatiei\/"]}]},{"@type":"ImageObject","inLanguage":"ro-RO","@id":"https:\/\/urbeamea.ro\/albaiulia\/de-ce-nu-se-ingheata-anul-scolar-mesajul-ministrului-educatiei\/#primaryimage","url":"https:\/\/urbeamea.ro\/albaiulia\/wp-content\/uploads\/2020\/03\/sa.jpg","contentUrl":"https:\/\/urbeamea.ro\/albaiulia\/wp-content\/uploads\/2020\/03\/sa.jpg","width":1400,"height":850},{"@type":"BreadcrumbList","@id":"https:\/\/urbeamea.ro\/albaiulia\/de-ce-nu-se-ingheata-anul-scolar-mesajul-ministrului-educatiei\/#breadcrumb","itemListElement":[{"@type":"ListItem","position":1,"name":"Prima pagin\u0103","item":"https:\/\/urbeamea.ro\/albaiulia\/"},{"@type":"ListItem","position":2,"name":"De ce nu se \u00eenghea\u021b\u0103 anul \u0219colar? Mesajul Ministrului Educa\u021biei"}]},{"@type":"WebSite","@id":"https:\/\/urbeamea.ro\/albaiulia\/#website","url":"https:\/\/urbeamea.ro\/albaiulia\/","name":"Revista Urbea Mea, Stiri urbane","description":"Evenimente \u0219i \u0219tiri din Alba Iulia, Sebe\u0219, Aiud, Blaj","potentialAction":[{"@type":"SearchAction","target":{"@type":"EntryPoint","urlTemplate":"https:\/\/urbeamea.ro\/albaiulia\/?s={search_term_string}"},"query-input":{"@type":"PropertyValueSpecification","valueRequired":true,"valueName":"search_term_string"}}],"inLanguage":"ro-RO"},{"@type":"Person","@id":"https:\/\/urbeamea.ro\/albaiulia\/#\/schema\/person\/9700d21fae21c4f038b0b56f4506264a","name":"Cristina Ganga","image":{"@type":"ImageObject","inLanguage":"ro-RO","@id":"https:\/\/secure.gravatar.com\/avatar\/5a67661041f057b4a8ccaf26f5a8e86e2689372006d01faf3dd9eeb10b654bb4?s=96&d=mm&r=g","url":"https:\/\/secure.gravatar.com\/avatar\/5a67661041f057b4a8ccaf26f5a8e86e2689372006d01faf3dd9eeb10b654bb4?s=96&d=mm&r=g","contentUrl":"https:\/\/secure.gravatar.com\/avatar\/5a67661041f057b4a8ccaf26f5a8e86e2689372006d01faf3dd9eeb10b654bb4?s=96&d=mm&r=g","caption":"Cristina Ganga"},"description":"Jurnalist","sameAs":["https:\/\/www.facebook.com\/cristina.nicola.587"],"url":"https:\/\/urbeamea.ro\/albaiulia\/author\/cristina-nicola\/"}]}},"_links":{"self":[{"href":"https:\/\/urbeamea.ro\/albaiulia\/wp-json\/wp\/v2\/posts\/88767","targetHints":{"allow":["GET"]}}],"collection":[{"href":"https:\/\/urbeamea.ro\/albaiulia\/wp-json\/wp\/v2\/posts"}],"about":[{"href":"https:\/\/urbeamea.ro\/albaiulia\/wp-json\/wp\/v2\/types\/post"}],"author":[{"embeddable":true,"href":"https:\/\/urbeamea.ro\/albaiulia\/wp-json\/wp\/v2\/users\/17"}],"replies":[{"embeddable":true,"href":"https:\/\/urbeamea.ro\/albaiulia\/wp-json\/wp\/v2\/comments?post=88767"}],"version-history":[{"count":0,"href":"https:\/\/urbeamea.ro\/albaiulia\/wp-json\/wp\/v2\/posts\/88767\/revisions"}],"wp:featuredmedia":[{"embeddable":true,"href":"https:\/\/urbeamea.ro\/albaiulia\/wp-json\/wp\/v2\/media\/88768"}],"wp:attachment":[{"href":"https:\/\/urbeamea.ro\/albaiulia\/wp-json\/wp\/v2\/media?parent=88767"}],"wp:term":[{"taxonomy":"category","embeddable":true,"href":"https:\/\/urbeamea.ro\/albaiulia\/wp-json\/wp\/v2\/categories?post=88767"},{"taxonomy":"post_tag","embeddable":true,"href":"https:\/\/urbeamea.ro\/albaiulia\/wp-json\/wp\/v2\/tags?post=88767"}],"curies":[{"name":"wp","href":"https:\/\/api.w.org\/{rel}","templated":true}]}}