{"id":88865,"date":"2020-04-02T22:05:17","date_gmt":"2020-04-02T19:05:17","guid":{"rendered":"https:\/\/urbeamea.ro\/albaiulia\/?p=88865"},"modified":"2020-04-02T22:05:21","modified_gmt":"2020-04-02T19:05:21","slug":"un-barbat-din-judetul-alba-diagnosticat-cu-covid-19-a-fost-declarat-vindecat","status":"publish","type":"post","link":"https:\/\/urbeamea.ro\/albaiulia\/un-barbat-din-judetul-alba-diagnosticat-cu-covid-19-a-fost-declarat-vindecat\/","title":{"rendered":"Un b\u0103rbat, din jude\u021bul Alba, diagnosticat cu COVID-19 a fost declarat vindecat"},"content":{"rendered":"\n<h4 class=\"wp-block-heading\">Un b\u0103rbat, din jude\u021bul Alba, diagnosticat cu COVID-19, boal\u0103 cauzat\u0103 de infectarea cu noul coronavirus (SARS-CoV-2), a fost declarat vindecat.<\/h4>\n\n\n\n<p class=\"wp-block-paragraph\">Pacientul, \u00een v\u00e2rst\u0103 de 60 de ani, a fost internat \u00een cadrul sec\u021biei de Anestezie \u0219i Terapie Intensiv\u0103, \u0219i va fi externat \u00een cursul zilei de ast\u0103zi, dup\u0103 ce rezultatele a dou\u0103 teste consecutive, examinate \u00een 1 \u0219i 2 aprilie, au fost negative.<\/p>\n\n\n\n<p class=\"wp-block-paragraph\">Pacientul a urmat tratamentul de specialitate administrat de personalul SJU Alba Iulia timp de de 6 zile, av\u00e2nd o evolu\u021bie favorabil\u0103.<\/p>\n\n\n\n<p class=\"wp-block-paragraph\">Acesta a fost al doilea pacient confirmat cu COVID-19, internat la SJU Alba Iulia, \u0219i declarat vindecat. Primul caz vindecat de COVID-19 a fost o femeie \u00een v\u00e2rst\u0103 de 36 de ani.&nbsp;&nbsp;<\/p>\n\n\n\n<p class=\"wp-block-paragraph\">Pentru siguran\u021b\u0103, b\u0103rbatul va mai urma o perioad\u0103 de autoizolare la domiciliu \u0219i va fi monitorizat de c\u0103tre speciali\u0219tii DSP Alba.<\/p>\n\n\n\n<p class=\"wp-block-paragraph\">Pentru prevenirea contamin\u0103rii \u0219i r\u0103sp\u00e2ndirii \u00eemboln\u0103virilor, Spitalul Jude\u021bean de Urgen\u021b\u0103 Alba Iulia transmite tuturor locuitorilor jude\u021bului Alba s\u0103 respecte, cu stricte\u021be, toate indica\u021biile autorit\u0103\u021bilor de s\u0103n\u0103tate public\u0103 \u0219i autorit\u0103\u021bilor implicate \u00een combaterea pandemiei.<\/p>\n","protected":false},"excerpt":{"rendered":"<p>Un b\u0103rbat, din jude\u021bul Alba, diagnosticat cu COVID-19, boal\u0103 cauzat\u0103 de infectarea cu noul coronavirus (SARS-CoV-2), a fost declarat vindecat. Pacientul, \u00een v\u00e2rst\u0103 de 60 de ani, a fost internat \u00een cadrul sec\u021biei de Anestezie \u0219i Terapie Intensiv\u0103, \u0219i va fi externat \u00een cursul zilei de ast\u0103zi, dup\u0103 ce rezultatele a dou\u0103 teste consecutive, examinate &hellip;<\/p>\n","protected":false},"author":17,"featured_media":88866,"comment_status":"open","ping_status":"open","sticky":false,"template":"","format":"standard","meta":{"inline_featured_image":false,"footnotes":""},"categories":[255],"tags":[20265,20307,5174,20306],"class_list":["post-88865","post","type-post","status-publish","format-standard","has-post-thumbnail","hentry","category-sanatate","tag-declarat-vindecat","tag-diagnosticat-cu-covid-19","tag-pacient","tag-un-barbat-din-judetul-alba"],"yoast_head":"<!-- This site is optimized with the Yoast SEO plugin v28.3 - https:\/\/yoast.com\/product\/yoast-seo-wordpress\/ -->\n<title>Un b\u0103rbat, din jude\u021bul Alba, diagnosticat cu COVID-19 a fost declarat vindecat - Revista Urbea Mea - Revista de Alba<\/title>\n<meta name=\"description\" content=\"Un b\u0103rbat, din jude\u021bul Alba, diagnosticat cu COVID-19, boal\u0103 cauzat\u0103 de infectarea cu noul coronavirus (SARS-CoV-2), a fost declarat vindecat. Pacientul,\" \/>\n<meta name=\"robots\" content=\"index, follow, max-snippet:-1, max-image-preview:large, max-video-preview:-1\" \/>\n<link rel=\"canonical\" href=\"https:\/\/urbeamea.ro\/albaiulia\/un-barbat-din-judetul-alba-diagnosticat-cu-covid-19-a-fost-declarat-vindecat\/\" \/>\n<meta name=\"twitter:card\" content=\"summary_large_image\" \/>\n<meta name=\"twitter:title\" content=\"Un b\u0103rbat, din jude\u021bul Alba, diagnosticat cu COVID-19 a fost declarat vindecat - Revista Urbea Mea - Revista de Alba\" \/>\n<meta name=\"twitter:description\" content=\"Un b\u0103rbat, din jude\u021bul Alba, diagnosticat cu COVID-19, boal\u0103 cauzat\u0103 de infectarea cu noul coronavirus (SARS-CoV-2), a fost declarat vindecat. Pacientul,\" \/>\n<meta name=\"twitter:image\" content=\"https:\/\/urbeamea.ro\/albaiulia\/wp-content\/uploads\/2020\/04\/20_0305_opa_coronavirus-micro.jpg\" \/>\n<meta name=\"twitter:creator\" content=\"@urbeameaweb\" \/>\n<meta name=\"twitter:site\" content=\"@urbeameaweb\" \/>\n<script type=\"application\/ld+json\" class=\"yoast-schema-graph\">{\"@context\":\"https:\\\/\\\/schema.org\",\"@graph\":[{\"@type\":\"Article\",\"@id\":\"https:\\\/\\\/urbeamea.ro\\\/albaiulia\\\/un-barbat-din-judetul-alba-diagnosticat-cu-covid-19-a-fost-declarat-vindecat\\\/#article\",\"isPartOf\":{\"@id\":\"https:\\\/\\\/urbeamea.ro\\\/albaiulia\\\/un-barbat-din-judetul-alba-diagnosticat-cu-covid-19-a-fost-declarat-vindecat\\\/\"},\"author\":{\"name\":\"Cristina Ganga\",\"@id\":\"https:\\\/\\\/urbeamea.ro\\\/albaiulia\\\/#\\\/schema\\\/person\\\/9700d21fae21c4f038b0b56f4506264a\"},\"headline\":\"Un b\u0103rbat, din jude\u021bul Alba, diagnosticat cu COVID-19 a fost declarat vindecat\",\"datePublished\":\"2020-04-02T19:05:17+00:00\",\"dateModified\":\"2020-04-02T19:05:21+00:00\",\"mainEntityOfPage\":{\"@id\":\"https:\\\/\\\/urbeamea.ro\\\/albaiulia\\\/un-barbat-din-judetul-alba-diagnosticat-cu-covid-19-a-fost-declarat-vindecat\\\/\"},\"wordCount\":204,\"commentCount\":0,\"image\":{\"@id\":\"https:\\\/\\\/urbeamea.ro\\\/albaiulia\\\/un-barbat-din-judetul-alba-diagnosticat-cu-covid-19-a-fost-declarat-vindecat\\\/#primaryimage\"},\"thumbnailUrl\":\"https:\\\/\\\/urbeamea.ro\\\/albaiulia\\\/wp-content\\\/uploads\\\/2020\\\/04\\\/20_0305_opa_coronavirus-micro.jpg\",\"keywords\":[\"declarat vindecat\",\"diagnosticat cu covid-19\",\"pacient\",\"un barbat din judetul alba\"],\"articleSection\":[\"S\u0103n\u0103tate\"],\"inLanguage\":\"ro-RO\",\"potentialAction\":[{\"@type\":\"CommentAction\",\"name\":\"Comment\",\"target\":[\"https:\\\/\\\/urbeamea.ro\\\/albaiulia\\\/un-barbat-din-judetul-alba-diagnosticat-cu-covid-19-a-fost-declarat-vindecat\\\/#respond\"]}]},{\"@type\":\"WebPage\",\"@id\":\"https:\\\/\\\/urbeamea.ro\\\/albaiulia\\\/un-barbat-din-judetul-alba-diagnosticat-cu-covid-19-a-fost-declarat-vindecat\\\/\",\"url\":\"https:\\\/\\\/urbeamea.ro\\\/albaiulia\\\/un-barbat-din-judetul-alba-diagnosticat-cu-covid-19-a-fost-declarat-vindecat\\\/\",\"name\":\"Un b\u0103rbat, din jude\u021bul Alba, diagnosticat cu COVID-19 a fost declarat vindecat - Revista Urbea Mea - Revista de Alba\",\"isPartOf\":{\"@id\":\"https:\\\/\\\/urbeamea.ro\\\/albaiulia\\\/#website\"},\"primaryImageOfPage\":{\"@id\":\"https:\\\/\\\/urbeamea.ro\\\/albaiulia\\\/un-barbat-din-judetul-alba-diagnosticat-cu-covid-19-a-fost-declarat-vindecat\\\/#primaryimage\"},\"image\":{\"@id\":\"https:\\\/\\\/urbeamea.ro\\\/albaiulia\\\/un-barbat-din-judetul-alba-diagnosticat-cu-covid-19-a-fost-declarat-vindecat\\\/#primaryimage\"},\"thumbnailUrl\":\"https:\\\/\\\/urbeamea.ro\\\/albaiulia\\\/wp-content\\\/uploads\\\/2020\\\/04\\\/20_0305_opa_coronavirus-micro.jpg\",\"datePublished\":\"2020-04-02T19:05:17+00:00\",\"dateModified\":\"2020-04-02T19:05:21+00:00\",\"author\":{\"@id\":\"https:\\\/\\\/urbeamea.ro\\\/albaiulia\\\/#\\\/schema\\\/person\\\/9700d21fae21c4f038b0b56f4506264a\"},\"description\":\"Un b\u0103rbat, din jude\u021bul Alba, diagnosticat cu COVID-19, boal\u0103 cauzat\u0103 de infectarea cu noul coronavirus (SARS-CoV-2), a fost declarat vindecat. Pacientul,\",\"breadcrumb\":{\"@id\":\"https:\\\/\\\/urbeamea.ro\\\/albaiulia\\\/un-barbat-din-judetul-alba-diagnosticat-cu-covid-19-a-fost-declarat-vindecat\\\/#breadcrumb\"},\"inLanguage\":\"ro-RO\",\"potentialAction\":[{\"@type\":\"ReadAction\",\"target\":[\"https:\\\/\\\/urbeamea.ro\\\/albaiulia\\\/un-barbat-din-judetul-alba-diagnosticat-cu-covid-19-a-fost-declarat-vindecat\\\/\"]}]},{\"@type\":\"ImageObject\",\"inLanguage\":\"ro-RO\",\"@id\":\"https:\\\/\\\/urbeamea.ro\\\/albaiulia\\\/un-barbat-din-judetul-alba-diagnosticat-cu-covid-19-a-fost-declarat-vindecat\\\/#primaryimage\",\"url\":\"https:\\\/\\\/urbeamea.ro\\\/albaiulia\\\/wp-content\\\/uploads\\\/2020\\\/04\\\/20_0305_opa_coronavirus-micro.jpg\",\"contentUrl\":\"https:\\\/\\\/urbeamea.ro\\\/albaiulia\\\/wp-content\\\/uploads\\\/2020\\\/04\\\/20_0305_opa_coronavirus-micro.jpg\",\"width\":500,\"height\":281},{\"@type\":\"BreadcrumbList\",\"@id\":\"https:\\\/\\\/urbeamea.ro\\\/albaiulia\\\/un-barbat-din-judetul-alba-diagnosticat-cu-covid-19-a-fost-declarat-vindecat\\\/#breadcrumb\",\"itemListElement\":[{\"@type\":\"ListItem\",\"position\":1,\"name\":\"Prima pagin\u0103\",\"item\":\"https:\\\/\\\/urbeamea.ro\\\/albaiulia\\\/\"},{\"@type\":\"ListItem\",\"position\":2,\"name\":\"Un b\u0103rbat, din jude\u021bul Alba, diagnosticat cu COVID-19 a fost declarat vindecat\"}]},{\"@type\":\"WebSite\",\"@id\":\"https:\\\/\\\/urbeamea.ro\\\/albaiulia\\\/#website\",\"url\":\"https:\\\/\\\/urbeamea.ro\\\/albaiulia\\\/\",\"name\":\"Revista Urbea Mea, Stiri urbane\",\"description\":\"Evenimente \u0219i \u0219tiri din Alba Iulia, Sebe\u0219, Aiud, Blaj\",\"potentialAction\":[{\"@type\":\"SearchAction\",\"target\":{\"@type\":\"EntryPoint\",\"urlTemplate\":\"https:\\\/\\\/urbeamea.ro\\\/albaiulia\\\/?s={search_term_string}\"},\"query-input\":{\"@type\":\"PropertyValueSpecification\",\"valueRequired\":true,\"valueName\":\"search_term_string\"}}],\"inLanguage\":\"ro-RO\"},{\"@type\":\"Person\",\"@id\":\"https:\\\/\\\/urbeamea.ro\\\/albaiulia\\\/#\\\/schema\\\/person\\\/9700d21fae21c4f038b0b56f4506264a\",\"name\":\"Cristina Ganga\",\"image\":{\"@type\":\"ImageObject\",\"inLanguage\":\"ro-RO\",\"@id\":\"https:\\\/\\\/secure.gravatar.com\\\/avatar\\\/5a67661041f057b4a8ccaf26f5a8e86e2689372006d01faf3dd9eeb10b654bb4?s=96&d=mm&r=g\",\"url\":\"https:\\\/\\\/secure.gravatar.com\\\/avatar\\\/5a67661041f057b4a8ccaf26f5a8e86e2689372006d01faf3dd9eeb10b654bb4?s=96&d=mm&r=g\",\"contentUrl\":\"https:\\\/\\\/secure.gravatar.com\\\/avatar\\\/5a67661041f057b4a8ccaf26f5a8e86e2689372006d01faf3dd9eeb10b654bb4?s=96&d=mm&r=g\",\"caption\":\"Cristina Ganga\"},\"description\":\"Jurnalist\",\"sameAs\":[\"https:\\\/\\\/www.facebook.com\\\/cristina.nicola.587\"],\"url\":\"https:\\\/\\\/urbeamea.ro\\\/albaiulia\\\/author\\\/cristina-nicola\\\/\"}]}<\/script>\n<!-- \/ Yoast SEO plugin. -->","yoast_head_json":{"title":"Un b\u0103rbat, din jude\u021bul Alba, diagnosticat cu COVID-19 a fost declarat vindecat - Revista Urbea Mea - Revista de Alba","description":"Un b\u0103rbat, din jude\u021bul Alba, diagnosticat cu COVID-19, boal\u0103 cauzat\u0103 de infectarea cu noul coronavirus (SARS-CoV-2), a fost declarat vindecat. Pacientul,","robots":{"index":"index","follow":"follow","max-snippet":"max-snippet:-1","max-image-preview":"max-image-preview:large","max-video-preview":"max-video-preview:-1"},"canonical":"https:\/\/urbeamea.ro\/albaiulia\/un-barbat-din-judetul-alba-diagnosticat-cu-covid-19-a-fost-declarat-vindecat\/","twitter_card":"summary_large_image","twitter_title":"Un b\u0103rbat, din jude\u021bul Alba, diagnosticat cu COVID-19 a fost declarat vindecat - Revista Urbea Mea - Revista de Alba","twitter_description":"Un b\u0103rbat, din jude\u021bul Alba, diagnosticat cu COVID-19, boal\u0103 cauzat\u0103 de infectarea cu noul coronavirus (SARS-CoV-2), a fost declarat vindecat. Pacientul,","twitter_image":"https:\/\/urbeamea.ro\/albaiulia\/wp-content\/uploads\/2020\/04\/20_0305_opa_coronavirus-micro.jpg","twitter_creator":"@urbeameaweb","twitter_site":"@urbeameaweb","schema":{"@context":"https:\/\/schema.org","@graph":[{"@type":"Article","@id":"https:\/\/urbeamea.ro\/albaiulia\/un-barbat-din-judetul-alba-diagnosticat-cu-covid-19-a-fost-declarat-vindecat\/#article","isPartOf":{"@id":"https:\/\/urbeamea.ro\/albaiulia\/un-barbat-din-judetul-alba-diagnosticat-cu-covid-19-a-fost-declarat-vindecat\/"},"author":{"name":"Cristina Ganga","@id":"https:\/\/urbeamea.ro\/albaiulia\/#\/schema\/person\/9700d21fae21c4f038b0b56f4506264a"},"headline":"Un b\u0103rbat, din jude\u021bul Alba, diagnosticat cu COVID-19 a fost declarat vindecat","datePublished":"2020-04-02T19:05:17+00:00","dateModified":"2020-04-02T19:05:21+00:00","mainEntityOfPage":{"@id":"https:\/\/urbeamea.ro\/albaiulia\/un-barbat-din-judetul-alba-diagnosticat-cu-covid-19-a-fost-declarat-vindecat\/"},"wordCount":204,"commentCount":0,"image":{"@id":"https:\/\/urbeamea.ro\/albaiulia\/un-barbat-din-judetul-alba-diagnosticat-cu-covid-19-a-fost-declarat-vindecat\/#primaryimage"},"thumbnailUrl":"https:\/\/urbeamea.ro\/albaiulia\/wp-content\/uploads\/2020\/04\/20_0305_opa_coronavirus-micro.jpg","keywords":["declarat vindecat","diagnosticat cu covid-19","pacient","un barbat din judetul alba"],"articleSection":["S\u0103n\u0103tate"],"inLanguage":"ro-RO","potentialAction":[{"@type":"CommentAction","name":"Comment","target":["https:\/\/urbeamea.ro\/albaiulia\/un-barbat-din-judetul-alba-diagnosticat-cu-covid-19-a-fost-declarat-vindecat\/#respond"]}]},{"@type":"WebPage","@id":"https:\/\/urbeamea.ro\/albaiulia\/un-barbat-din-judetul-alba-diagnosticat-cu-covid-19-a-fost-declarat-vindecat\/","url":"https:\/\/urbeamea.ro\/albaiulia\/un-barbat-din-judetul-alba-diagnosticat-cu-covid-19-a-fost-declarat-vindecat\/","name":"Un b\u0103rbat, din jude\u021bul Alba, diagnosticat cu COVID-19 a fost declarat vindecat - Revista Urbea Mea - Revista de Alba","isPartOf":{"@id":"https:\/\/urbeamea.ro\/albaiulia\/#website"},"primaryImageOfPage":{"@id":"https:\/\/urbeamea.ro\/albaiulia\/un-barbat-din-judetul-alba-diagnosticat-cu-covid-19-a-fost-declarat-vindecat\/#primaryimage"},"image":{"@id":"https:\/\/urbeamea.ro\/albaiulia\/un-barbat-din-judetul-alba-diagnosticat-cu-covid-19-a-fost-declarat-vindecat\/#primaryimage"},"thumbnailUrl":"https:\/\/urbeamea.ro\/albaiulia\/wp-content\/uploads\/2020\/04\/20_0305_opa_coronavirus-micro.jpg","datePublished":"2020-04-02T19:05:17+00:00","dateModified":"2020-04-02T19:05:21+00:00","author":{"@id":"https:\/\/urbeamea.ro\/albaiulia\/#\/schema\/person\/9700d21fae21c4f038b0b56f4506264a"},"description":"Un b\u0103rbat, din jude\u021bul Alba, diagnosticat cu COVID-19, boal\u0103 cauzat\u0103 de infectarea cu noul coronavirus (SARS-CoV-2), a fost declarat vindecat. Pacientul,","breadcrumb":{"@id":"https:\/\/urbeamea.ro\/albaiulia\/un-barbat-din-judetul-alba-diagnosticat-cu-covid-19-a-fost-declarat-vindecat\/#breadcrumb"},"inLanguage":"ro-RO","potentialAction":[{"@type":"ReadAction","target":["https:\/\/urbeamea.ro\/albaiulia\/un-barbat-din-judetul-alba-diagnosticat-cu-covid-19-a-fost-declarat-vindecat\/"]}]},{"@type":"ImageObject","inLanguage":"ro-RO","@id":"https:\/\/urbeamea.ro\/albaiulia\/un-barbat-din-judetul-alba-diagnosticat-cu-covid-19-a-fost-declarat-vindecat\/#primaryimage","url":"https:\/\/urbeamea.ro\/albaiulia\/wp-content\/uploads\/2020\/04\/20_0305_opa_coronavirus-micro.jpg","contentUrl":"https:\/\/urbeamea.ro\/albaiulia\/wp-content\/uploads\/2020\/04\/20_0305_opa_coronavirus-micro.jpg","width":500,"height":281},{"@type":"BreadcrumbList","@id":"https:\/\/urbeamea.ro\/albaiulia\/un-barbat-din-judetul-alba-diagnosticat-cu-covid-19-a-fost-declarat-vindecat\/#breadcrumb","itemListElement":[{"@type":"ListItem","position":1,"name":"Prima pagin\u0103","item":"https:\/\/urbeamea.ro\/albaiulia\/"},{"@type":"ListItem","position":2,"name":"Un b\u0103rbat, din jude\u021bul Alba, diagnosticat cu COVID-19 a fost declarat vindecat"}]},{"@type":"WebSite","@id":"https:\/\/urbeamea.ro\/albaiulia\/#website","url":"https:\/\/urbeamea.ro\/albaiulia\/","name":"Revista Urbea Mea, Stiri urbane","description":"Evenimente \u0219i \u0219tiri din Alba Iulia, Sebe\u0219, Aiud, Blaj","potentialAction":[{"@type":"SearchAction","target":{"@type":"EntryPoint","urlTemplate":"https:\/\/urbeamea.ro\/albaiulia\/?s={search_term_string}"},"query-input":{"@type":"PropertyValueSpecification","valueRequired":true,"valueName":"search_term_string"}}],"inLanguage":"ro-RO"},{"@type":"Person","@id":"https:\/\/urbeamea.ro\/albaiulia\/#\/schema\/person\/9700d21fae21c4f038b0b56f4506264a","name":"Cristina Ganga","image":{"@type":"ImageObject","inLanguage":"ro-RO","@id":"https:\/\/secure.gravatar.com\/avatar\/5a67661041f057b4a8ccaf26f5a8e86e2689372006d01faf3dd9eeb10b654bb4?s=96&d=mm&r=g","url":"https:\/\/secure.gravatar.com\/avatar\/5a67661041f057b4a8ccaf26f5a8e86e2689372006d01faf3dd9eeb10b654bb4?s=96&d=mm&r=g","contentUrl":"https:\/\/secure.gravatar.com\/avatar\/5a67661041f057b4a8ccaf26f5a8e86e2689372006d01faf3dd9eeb10b654bb4?s=96&d=mm&r=g","caption":"Cristina Ganga"},"description":"Jurnalist","sameAs":["https:\/\/www.facebook.com\/cristina.nicola.587"],"url":"https:\/\/urbeamea.ro\/albaiulia\/author\/cristina-nicola\/"}]}},"_links":{"self":[{"href":"https:\/\/urbeamea.ro\/albaiulia\/wp-json\/wp\/v2\/posts\/88865","targetHints":{"allow":["GET"]}}],"collection":[{"href":"https:\/\/urbeamea.ro\/albaiulia\/wp-json\/wp\/v2\/posts"}],"about":[{"href":"https:\/\/urbeamea.ro\/albaiulia\/wp-json\/wp\/v2\/types\/post"}],"author":[{"embeddable":true,"href":"https:\/\/urbeamea.ro\/albaiulia\/wp-json\/wp\/v2\/users\/17"}],"replies":[{"embeddable":true,"href":"https:\/\/urbeamea.ro\/albaiulia\/wp-json\/wp\/v2\/comments?post=88865"}],"version-history":[{"count":0,"href":"https:\/\/urbeamea.ro\/albaiulia\/wp-json\/wp\/v2\/posts\/88865\/revisions"}],"wp:featuredmedia":[{"embeddable":true,"href":"https:\/\/urbeamea.ro\/albaiulia\/wp-json\/wp\/v2\/media\/88866"}],"wp:attachment":[{"href":"https:\/\/urbeamea.ro\/albaiulia\/wp-json\/wp\/v2\/media?parent=88865"}],"wp:term":[{"taxonomy":"category","embeddable":true,"href":"https:\/\/urbeamea.ro\/albaiulia\/wp-json\/wp\/v2\/categories?post=88865"},{"taxonomy":"post_tag","embeddable":true,"href":"https:\/\/urbeamea.ro\/albaiulia\/wp-json\/wp\/v2\/tags?post=88865"}],"curies":[{"name":"wp","href":"https:\/\/api.w.org\/{rel}","templated":true}]}}