{"id":89351,"date":"2020-04-30T16:46:50","date_gmt":"2020-04-30T13:46:50","guid":{"rendered":"https:\/\/urbeamea.ro\/albaiulia\/?p=89351"},"modified":"2020-04-30T16:46:53","modified_gmt":"2020-04-30T13:46:53","slug":"pentru-varstnicii-din-tara-motilor-la-abrud-programul-regio-aduce-fonduri-destinate-crearii-unui-modern-centru-de-zi","status":"publish","type":"post","link":"https:\/\/urbeamea.ro\/albaiulia\/pentru-varstnicii-din-tara-motilor-la-abrud-programul-regio-aduce-fonduri-destinate-crearii-unui-modern-centru-de-zi\/","title":{"rendered":"Pentru v\u00e2rstnicii din \u021aara Mo\u021bilor, la Abrud, Programul Regio aduce fonduri destinate cre\u0103rii unui modern Centru de zi"},"content":{"rendered":"\n<h4 class=\"wp-block-heading\">Edilii din Abrud \u2013 jude\u021bul Alba, \u00ee\u0219i v\u0103d \u00eemplinit\u0103 munca depus\u0103 pentru preg\u0103tirea proiectului depus la Agen\u021bia pentru Dezvoltare Regional\u0103 Centru, \u00een vederea finan\u021b\u0103rii prin Axa Prioritar\u0103 8 a Programului Opera\u021bional Regional 2014-2020, a unui nou proiect pentru finan\u021barea investi\u021biilor sociale din ora\u0219, cu o sum\u0103 total\u0103 de aproape 4,3 milioane lei. <\/h4>\n\n\n\n<p class=\"wp-block-paragraph\">Prin aceast\u0103 nou\u0103 ini\u021biativ\u0103 se vor atrage fonduri europene \u00een valoare de peste 900.000 euro, pentru modernizarea \u0219i dotarea unei construc\u021bii, care va avea apoi destina\u021bia de Centru de Zi pentru persoane v\u00e2rstnice. Concomitent, \u00een aceea\u0219i zon\u0103, unde acum este un teren neutilizat, vor fi create unit\u0103\u021bi de \u00eengrijire la domiciliu pentru persoane v\u00e2rstnice \u0219i un centru de preparare \u0219i distribuire a hranei pentru persoane defavorizate.<\/p>\n\n\n\n<p class=\"wp-block-paragraph\">Cererea de finan\u021bare cu titlul <em>\u201dReabilitare, modernizare \u0219i dotare cl\u0103dire existent\u0103 prin \u00eenfiin\u021barea unui centru de zi pentru persoane v\u00e2rstnice, unit\u0103\u021bi de \u00eengrijire la domiciliu pentru persoane v\u00e2rstnice \u0219i centre de preparare si distribuire a hranei pentru persoane cu risc de s\u0103r\u0103cie \u00een ora\u0219ul Abrud\u201d<\/em>, a fost contractat\u0103 \u00een cadrul Programului Opera\u021bional Regional 2014-2020, \u00een cadrul obiectivului specific privind cre\u0219terea gradului de acoperire cu servicii sociale.<\/p>\n\n\n\n<p class=\"wp-block-paragraph\">Proiectul urm\u0103re\u0219te reabilitarea, modernizarea \u0219i dotarea imobilului propus pentru \u00eenfiin\u021barea Centrului de zi pentru persoane v\u00e2rstnice, situate pe str. 1 Mai, nr. 2. Aici va construi noul Centru de zi pe dou\u0103 niveluri, parter si etaj, av\u00e2nd o suprafa\u021b\u0103 desf\u0103\u0219urat\u0103 de 1726 mp. \u00cen cadrul imobilului vor fi realizate mai multe compartiment\u0103ri, cum ar fi: Birou Asisten\u021b\u0103 social\u0103, Birou Asisten\u021b\u0103 juridic\u0103, sala de gimnastic\u0103 medical\u0103, sala multifunc\u021bional\u0103 pentru diverse activit\u0103\u021bi etc.<\/p>\n\n\n\n<p class=\"wp-block-paragraph\">Complementar, \u00een aceast\u0103 unitate se va crea o cantin\u0103 social\u0103, unde persoanele v\u00e2rstnice &#8211; care vor \u00eendeplini cumulativ condi\u021biile impuse de legisla\u021bia \u00een vigoare &#8211; vor putea beneficia, cu titlu gratuit, de o masa cald\u0103 \u00een fiecare zi. Pentru persoanele care nu se pot deplasa p\u00e2n\u0103 \u00een incinta cantinei sociale masa va fi distribuit\u0103 prin intermediul unui autoturism. Pe de alt\u0103 parte, prin \u00eenfiin\u021barea unit\u0103\u021bii sociale se dore\u0219te oferirea unei game variate de servicii, pentru petrecerea timpului liber prin activit\u0103\u021bi de socializare, servicii medicale de recuperare (fizioterapie, kinetoterapie, electroterapie) etc.<\/p>\n\n\n\n<blockquote class=\"wp-block-quote is-layout-flow wp-block-quote-is-layout-flow\"><p>\u00a0\u00a0 \u201dPopula\u021bia din localit\u0103\u021bile Mun\u021bilor Apuseni este mult mai \u00eemb\u0103tr\u00e2nit\u0103 dec\u00e2t media din Regiunea Centru. Pentru \u00eengrijirea popula\u021biei \u0219i a v\u00e2rstnicilor sunt dezvoltate mai multe proiecte, \u00een \u00eentreaga regiune, fiind astfel completate resursele nerambursabile atrase de administra\u021bia public\u0103 local\u0103 pentru extinderea \u0219i modernizarea sistemului medical. O criz\u0103, cum este cea pe care o travers\u0103m acum, arat\u0103 c\u00e2t sunt de importante aceste investi\u021bii, care fac diferen\u021ba \u00eentre \u00eengrijirea persoanelor \u00een condi\u021bii bune \u0219i lipsa acestei \u00eengrijiri. \u00cen tot jude\u021bul Alba se investe\u0219te \u00een ritm sus\u021binut pentru cre\u0219terea calit\u0103\u021bii vie\u021bii seniorilor, centre de zi moderne fiind sus\u021binute financiar de noi prin Programul REGIO, la Alba Iulia, Aiud, Blaj, Cugir, Zlatna \u0219i Ciugud, iar acum la Abrud. \u00cen total, numai \u00een jude\u021bul Alba se vor folosi fonduri totale de peste 15 milioane lei, dintre care proiectul din Abrud este \u0219i cel mai mare, ca valoare, folosind peste 4,2 milioane lei, pentru \u00eembun\u0103t\u0103\u021birea calit\u0103\u021bii vie\u021bii a peste 700 de persoane\u201d, a declarat domnul Simion Cre\u021bu, director general ADR Centru.<\/p><\/blockquote>\n\n\n\n<p class=\"wp-block-paragraph\">\u00cen arealul Mun\u021bilor Apuseni lipsa unui centru social de zi pentru persoane v\u00e2rstnice este intens resim\u021bit\u0103, Prim\u0103ria din Abrud preg\u0103tind aceast\u0103 cerere de finan\u021bare \u00een cadrul Priorit\u0103\u021bii de Investi\u021bii 8.1 a Programului Opera\u021bional Regional 2014-2020, ce este dedicat\u0103 pentru investi\u021bii \u00een infrastructura sanitar\u0103 \u015fi social\u0103 care contribuie la dezvoltarea la nivel regional \u0219i local, reduc\u00e2nd inegalit\u0103\u021bile \u00een ceea ce prive\u0219te starea de s\u0103n\u0103tate \u015fi promov\u00e2nd incluziunea social\u0103 prin \u00eembun\u0103t\u0103\u021birea accesului la serviciile&nbsp; sociale. Pe de alt\u0103 parte, \u00een acest moment se pune foarte mare accent pe trecerea de la serviciile institu\u021bionale la serviciile prestate de colectivit\u0103\u021bile locale, \u00een vederea cre\u0219terii gradului de acoperire cu servicii sociale.&nbsp;&nbsp;<\/p>\n\n\n\n<p class=\"wp-block-paragraph\">Vorbind despre acest proiect, primarul ora\u0219ului Abrud, domnul Nicolae Simina, a precizat: <\/p>\n\n\n\n<blockquote class=\"wp-block-quote is-layout-flow wp-block-quote-is-layout-flow\"><p>\u201eVrem s\u0103 \u00eenfiin\u021b\u0103m acest Centru de zi pentru persoane v\u00e2rstnice, concomitent cu o unitate de \u00eengrijire la domiciliu \u0219i cu o unitate de preparare \u0219i distribuire a hranei pentru persoanele v\u00e2rstnice aflate \u00een risc de s\u0103r\u0103cie. Realitatea este c\u0103 \u00een zona Mun\u021bilor Apuseni nu exist\u0103 un astfel de centru social de zi modern, dotat cu aparatur\u0103 de ultima genera\u021bie. Seniorii din comunitatea abrudean\u0103 sunt \u00een num\u0103r de circa 720 persoane, iar acesta este principalul nostru grup \u021bint\u0103, dar credem c\u0103 acest grup se va m\u0103ri de la an la an, dup\u0103 \u00eenceperea efectiv\u0103 a activit\u0103\u021bii propuse. Credem c\u0103 ne vom adresa \u0219i persoanelor \u00een v\u00e2rst\u0103 de 65 de ani \u0219i peste din localit\u0103\u021bile vecine, cum ar fi: comuna Ro\u0219ia Montan\u0103, comuna Bucium, comuna Ciuruleasa \u0219i comuna Sohodol, adic\u0103 am putea s\u0103 oferim aceste servicii sociale c\u0103tre mai mult de 2140 cet\u0103\u021beni. Ne dorim ca, dup\u0103 o via\u021b\u0103 de munc\u0103, \u00een condi\u021biile grele din zona montan\u0103, seniorii no\u0219tri s\u0103 se bucure de servicii din ce \u00een ce mai bune \u0219i s\u0103 \u0219tie c\u0103 nu-i abandon\u0103m.\u201d<\/p><\/blockquote>\n\n\n\n<figure class=\"wp-block-gallery columns-3 is-cropped wp-block-gallery-1 is-layout-flex wp-block-gallery-is-layout-flex\"><ul class=\"blocks-gallery-grid\"><li class=\"blocks-gallery-item\"><figure><a href=\"https:\/\/urbeamea.ro\/albaiulia\/wp-content\/uploads\/2020\/04\/Abrud-Centru-ce-se-va-moderniza-1.jpg\"><img loading=\"lazy\" decoding=\"async\" width=\"1066\" height=\"799\" src=\"https:\/\/urbeamea.ro\/albaiulia\/wp-content\/uploads\/2020\/04\/Abrud-Centru-ce-se-va-moderniza-1.jpg\" alt=\"\" data-id=\"89352\" data-full-url=\"https:\/\/urbeamea.ro\/albaiulia\/wp-content\/uploads\/2020\/04\/Abrud-Centru-ce-se-va-moderniza-1.jpg\" data-link=\"https:\/\/urbeamea.ro\/albaiulia\/?attachment_id=89352\" class=\"wp-image-89352\" srcset=\"https:\/\/urbeamea.ro\/albaiulia\/wp-content\/uploads\/2020\/04\/Abrud-Centru-ce-se-va-moderniza-1.jpg 1066w, https:\/\/urbeamea.ro\/albaiulia\/wp-content\/uploads\/2020\/04\/Abrud-Centru-ce-se-va-moderniza-1-640x480.jpg 640w, https:\/\/urbeamea.ro\/albaiulia\/wp-content\/uploads\/2020\/04\/Abrud-Centru-ce-se-va-moderniza-1-150x112.jpg 150w, https:\/\/urbeamea.ro\/albaiulia\/wp-content\/uploads\/2020\/04\/Abrud-Centru-ce-se-va-moderniza-1-768x576.jpg 768w\" sizes=\"auto, (max-width: 1066px) 100vw, 1066px\" \/><\/a><\/figure><\/li><li class=\"blocks-gallery-item\"><figure><a href=\"https:\/\/urbeamea.ro\/albaiulia\/wp-content\/uploads\/2020\/04\/Abrud-Centru-ce-se-va-moderniza-2.jpg\"><img loading=\"lazy\" decoding=\"async\" width=\"1066\" height=\"799\" src=\"https:\/\/urbeamea.ro\/albaiulia\/wp-content\/uploads\/2020\/04\/Abrud-Centru-ce-se-va-moderniza-2.jpg\" alt=\"\" data-id=\"89353\" data-full-url=\"https:\/\/urbeamea.ro\/albaiulia\/wp-content\/uploads\/2020\/04\/Abrud-Centru-ce-se-va-moderniza-2.jpg\" data-link=\"https:\/\/urbeamea.ro\/albaiulia\/?attachment_id=89353\" class=\"wp-image-89353\" srcset=\"https:\/\/urbeamea.ro\/albaiulia\/wp-content\/uploads\/2020\/04\/Abrud-Centru-ce-se-va-moderniza-2.jpg 1066w, https:\/\/urbeamea.ro\/albaiulia\/wp-content\/uploads\/2020\/04\/Abrud-Centru-ce-se-va-moderniza-2-640x480.jpg 640w, https:\/\/urbeamea.ro\/albaiulia\/wp-content\/uploads\/2020\/04\/Abrud-Centru-ce-se-va-moderniza-2-150x112.jpg 150w, https:\/\/urbeamea.ro\/albaiulia\/wp-content\/uploads\/2020\/04\/Abrud-Centru-ce-se-va-moderniza-2-768x576.jpg 768w\" sizes=\"auto, (max-width: 1066px) 100vw, 1066px\" \/><\/a><\/figure><\/li><li class=\"blocks-gallery-item\"><figure><a href=\"https:\/\/urbeamea.ro\/albaiulia\/wp-content\/uploads\/2020\/04\/Abrud-Centru-ce-se-va-moderniza-3.jpg\"><img loading=\"lazy\" decoding=\"async\" width=\"1066\" height=\"799\" src=\"https:\/\/urbeamea.ro\/albaiulia\/wp-content\/uploads\/2020\/04\/Abrud-Centru-ce-se-va-moderniza-3.jpg\" alt=\"\" data-id=\"89354\" data-full-url=\"https:\/\/urbeamea.ro\/albaiulia\/wp-content\/uploads\/2020\/04\/Abrud-Centru-ce-se-va-moderniza-3.jpg\" data-link=\"https:\/\/urbeamea.ro\/albaiulia\/?attachment_id=89354\" class=\"wp-image-89354\" srcset=\"https:\/\/urbeamea.ro\/albaiulia\/wp-content\/uploads\/2020\/04\/Abrud-Centru-ce-se-va-moderniza-3.jpg 1066w, https:\/\/urbeamea.ro\/albaiulia\/wp-content\/uploads\/2020\/04\/Abrud-Centru-ce-se-va-moderniza-3-640x480.jpg 640w, https:\/\/urbeamea.ro\/albaiulia\/wp-content\/uploads\/2020\/04\/Abrud-Centru-ce-se-va-moderniza-3-150x112.jpg 150w, https:\/\/urbeamea.ro\/albaiulia\/wp-content\/uploads\/2020\/04\/Abrud-Centru-ce-se-va-moderniza-3-768x576.jpg 768w\" sizes=\"auto, (max-width: 1066px) 100vw, 1066px\" \/><\/a><\/figure><\/li><li class=\"blocks-gallery-item\"><figure><a href=\"https:\/\/urbeamea.ro\/albaiulia\/wp-content\/uploads\/2020\/04\/Abrud-Centru-ce-se-va-moderniza-4.jpg\"><img loading=\"lazy\" decoding=\"async\" width=\"1066\" height=\"799\" src=\"https:\/\/urbeamea.ro\/albaiulia\/wp-content\/uploads\/2020\/04\/Abrud-Centru-ce-se-va-moderniza-4.jpg\" alt=\"\" data-id=\"89355\" data-full-url=\"https:\/\/urbeamea.ro\/albaiulia\/wp-content\/uploads\/2020\/04\/Abrud-Centru-ce-se-va-moderniza-4.jpg\" data-link=\"https:\/\/urbeamea.ro\/albaiulia\/?attachment_id=89355\" class=\"wp-image-89355\" srcset=\"https:\/\/urbeamea.ro\/albaiulia\/wp-content\/uploads\/2020\/04\/Abrud-Centru-ce-se-va-moderniza-4.jpg 1066w, https:\/\/urbeamea.ro\/albaiulia\/wp-content\/uploads\/2020\/04\/Abrud-Centru-ce-se-va-moderniza-4-640x480.jpg 640w, https:\/\/urbeamea.ro\/albaiulia\/wp-content\/uploads\/2020\/04\/Abrud-Centru-ce-se-va-moderniza-4-150x112.jpg 150w, https:\/\/urbeamea.ro\/albaiulia\/wp-content\/uploads\/2020\/04\/Abrud-Centru-ce-se-va-moderniza-4-768x576.jpg 768w\" sizes=\"auto, (max-width: 1066px) 100vw, 1066px\" \/><\/a><\/figure><\/li><li class=\"blocks-gallery-item\"><figure><a href=\"https:\/\/urbeamea.ro\/albaiulia\/wp-content\/uploads\/2020\/04\/Abrud-Centru-ce-se-va-moderniza-5.jpg\"><img loading=\"lazy\" decoding=\"async\" width=\"1066\" height=\"799\" src=\"https:\/\/urbeamea.ro\/albaiulia\/wp-content\/uploads\/2020\/04\/Abrud-Centru-ce-se-va-moderniza-5.jpg\" alt=\"\" data-id=\"89356\" data-full-url=\"https:\/\/urbeamea.ro\/albaiulia\/wp-content\/uploads\/2020\/04\/Abrud-Centru-ce-se-va-moderniza-5.jpg\" data-link=\"https:\/\/urbeamea.ro\/albaiulia\/?attachment_id=89356\" class=\"wp-image-89356\" srcset=\"https:\/\/urbeamea.ro\/albaiulia\/wp-content\/uploads\/2020\/04\/Abrud-Centru-ce-se-va-moderniza-5.jpg 1066w, https:\/\/urbeamea.ro\/albaiulia\/wp-content\/uploads\/2020\/04\/Abrud-Centru-ce-se-va-moderniza-5-640x480.jpg 640w, https:\/\/urbeamea.ro\/albaiulia\/wp-content\/uploads\/2020\/04\/Abrud-Centru-ce-se-va-moderniza-5-150x112.jpg 150w, https:\/\/urbeamea.ro\/albaiulia\/wp-content\/uploads\/2020\/04\/Abrud-Centru-ce-se-va-moderniza-5-768x576.jpg 768w\" sizes=\"auto, (max-width: 1066px) 100vw, 1066px\" \/><\/a><\/figure><\/li><\/ul><\/figure>\n","protected":false},"excerpt":{"rendered":"<p>Edilii din Abrud \u2013 jude\u021bul Alba, \u00ee\u0219i v\u0103d \u00eemplinit\u0103 munca depus\u0103 pentru preg\u0103tirea proiectului depus la Agen\u021bia pentru Dezvoltare Regional\u0103 Centru, \u00een vederea finan\u021b\u0103rii prin Axa Prioritar\u0103 8 a Programului Opera\u021bional Regional 2014-2020, a unui nou proiect pentru finan\u021barea investi\u021biilor sociale din ora\u0219, cu o sum\u0103 total\u0103 de aproape 4,3 milioane lei. Prin aceast\u0103 nou\u0103 &hellip;<\/p>\n","protected":false},"author":17,"featured_media":89352,"comment_status":"open","ping_status":"open","sticky":false,"template":"","format":"standard","meta":{"inline_featured_image":false,"footnotes":""},"categories":[6663],"tags":[343,20542,20541,17199,7711],"class_list":["post-89351","post","type-post","status-publish","format-standard","has-post-thumbnail","hentry","category-economic","tag-adr-centru","tag-crearea-unui-modern-centru-de-zi","tag-programul-regio","tag-tara-motilor","tag-varstnici"],"yoast_head":"<!-- This site is optimized with the Yoast SEO plugin v28.3 - https:\/\/yoast.com\/product\/yoast-seo-wordpress\/ -->\n<title>Pentru v\u00e2rstnicii din \u021aara Mo\u021bilor, la Abrud, Programul Regio aduce fonduri destinate cre\u0103rii unui modern Centru de zi - Revista Urbea Mea - Revista de Alba<\/title>\n<meta name=\"description\" content=\"Edilii din Abrud \u2013 jude\u021bul Alba, \u00ee\u0219i v\u0103d \u00eemplinit\u0103 munca depus\u0103 pentru preg\u0103tirea proiectului depus la Agen\u021bia pentru Dezvoltare Regional\u0103 Centru, \u00een\" \/>\n<meta name=\"robots\" content=\"index, follow, max-snippet:-1, max-image-preview:large, max-video-preview:-1\" \/>\n<link rel=\"canonical\" href=\"https:\/\/urbeamea.ro\/albaiulia\/pentru-varstnicii-din-tara-motilor-la-abrud-programul-regio-aduce-fonduri-destinate-crearii-unui-modern-centru-de-zi\/\" \/>\n<meta name=\"twitter:card\" content=\"summary_large_image\" \/>\n<meta name=\"twitter:title\" content=\"Pentru v\u00e2rstnicii din \u021aara Mo\u021bilor, la Abrud, Programul Regio aduce fonduri destinate cre\u0103rii unui modern Centru de zi - Revista Urbea Mea - Revista de Alba\" \/>\n<meta name=\"twitter:description\" content=\"Edilii din Abrud \u2013 jude\u021bul Alba, \u00ee\u0219i v\u0103d \u00eemplinit\u0103 munca depus\u0103 pentru preg\u0103tirea proiectului depus la Agen\u021bia pentru Dezvoltare Regional\u0103 Centru, \u00een\" \/>\n<meta name=\"twitter:image\" content=\"https:\/\/urbeamea.ro\/albaiulia\/wp-content\/uploads\/2020\/04\/Abrud-Centru-ce-se-va-moderniza-1.jpg\" \/>\n<meta name=\"twitter:creator\" content=\"@urbeameaweb\" \/>\n<meta name=\"twitter:site\" content=\"@urbeameaweb\" \/>\n<script type=\"application\/ld+json\" class=\"yoast-schema-graph\">{\"@context\":\"https:\\\/\\\/schema.org\",\"@graph\":[{\"@type\":\"Article\",\"@id\":\"https:\\\/\\\/urbeamea.ro\\\/albaiulia\\\/pentru-varstnicii-din-tara-motilor-la-abrud-programul-regio-aduce-fonduri-destinate-crearii-unui-modern-centru-de-zi\\\/#article\",\"isPartOf\":{\"@id\":\"https:\\\/\\\/urbeamea.ro\\\/albaiulia\\\/pentru-varstnicii-din-tara-motilor-la-abrud-programul-regio-aduce-fonduri-destinate-crearii-unui-modern-centru-de-zi\\\/\"},\"author\":{\"name\":\"Cristina Ganga\",\"@id\":\"https:\\\/\\\/urbeamea.ro\\\/albaiulia\\\/#\\\/schema\\\/person\\\/9700d21fae21c4f038b0b56f4506264a\"},\"headline\":\"Pentru v\u00e2rstnicii din \u021aara Mo\u021bilor, la Abrud, Programul Regio aduce fonduri destinate cre\u0103rii unui modern Centru de zi\",\"datePublished\":\"2020-04-30T13:46:50+00:00\",\"dateModified\":\"2020-04-30T13:46:53+00:00\",\"mainEntityOfPage\":{\"@id\":\"https:\\\/\\\/urbeamea.ro\\\/albaiulia\\\/pentru-varstnicii-din-tara-motilor-la-abrud-programul-regio-aduce-fonduri-destinate-crearii-unui-modern-centru-de-zi\\\/\"},\"wordCount\":921,\"commentCount\":0,\"image\":{\"@id\":\"https:\\\/\\\/urbeamea.ro\\\/albaiulia\\\/pentru-varstnicii-din-tara-motilor-la-abrud-programul-regio-aduce-fonduri-destinate-crearii-unui-modern-centru-de-zi\\\/#primaryimage\"},\"thumbnailUrl\":\"https:\\\/\\\/urbeamea.ro\\\/albaiulia\\\/wp-content\\\/uploads\\\/2020\\\/04\\\/Abrud-Centru-ce-se-va-moderniza-1.jpg\",\"keywords\":[\"ADR Centru\",\"crearea unui modern centru de zi\",\"programul regio\",\"tara motilor\",\"varstnici\"],\"articleSection\":[\"Economic\"],\"inLanguage\":\"ro-RO\",\"potentialAction\":[{\"@type\":\"CommentAction\",\"name\":\"Comment\",\"target\":[\"https:\\\/\\\/urbeamea.ro\\\/albaiulia\\\/pentru-varstnicii-din-tara-motilor-la-abrud-programul-regio-aduce-fonduri-destinate-crearii-unui-modern-centru-de-zi\\\/#respond\"]}]},{\"@type\":\"WebPage\",\"@id\":\"https:\\\/\\\/urbeamea.ro\\\/albaiulia\\\/pentru-varstnicii-din-tara-motilor-la-abrud-programul-regio-aduce-fonduri-destinate-crearii-unui-modern-centru-de-zi\\\/\",\"url\":\"https:\\\/\\\/urbeamea.ro\\\/albaiulia\\\/pentru-varstnicii-din-tara-motilor-la-abrud-programul-regio-aduce-fonduri-destinate-crearii-unui-modern-centru-de-zi\\\/\",\"name\":\"Pentru v\u00e2rstnicii din \u021aara Mo\u021bilor, la Abrud, Programul Regio aduce fonduri destinate cre\u0103rii unui modern Centru de zi - Revista Urbea Mea - Revista de Alba\",\"isPartOf\":{\"@id\":\"https:\\\/\\\/urbeamea.ro\\\/albaiulia\\\/#website\"},\"primaryImageOfPage\":{\"@id\":\"https:\\\/\\\/urbeamea.ro\\\/albaiulia\\\/pentru-varstnicii-din-tara-motilor-la-abrud-programul-regio-aduce-fonduri-destinate-crearii-unui-modern-centru-de-zi\\\/#primaryimage\"},\"image\":{\"@id\":\"https:\\\/\\\/urbeamea.ro\\\/albaiulia\\\/pentru-varstnicii-din-tara-motilor-la-abrud-programul-regio-aduce-fonduri-destinate-crearii-unui-modern-centru-de-zi\\\/#primaryimage\"},\"thumbnailUrl\":\"https:\\\/\\\/urbeamea.ro\\\/albaiulia\\\/wp-content\\\/uploads\\\/2020\\\/04\\\/Abrud-Centru-ce-se-va-moderniza-1.jpg\",\"datePublished\":\"2020-04-30T13:46:50+00:00\",\"dateModified\":\"2020-04-30T13:46:53+00:00\",\"author\":{\"@id\":\"https:\\\/\\\/urbeamea.ro\\\/albaiulia\\\/#\\\/schema\\\/person\\\/9700d21fae21c4f038b0b56f4506264a\"},\"description\":\"Edilii din Abrud \u2013 jude\u021bul Alba, \u00ee\u0219i v\u0103d \u00eemplinit\u0103 munca depus\u0103 pentru preg\u0103tirea proiectului depus la Agen\u021bia pentru Dezvoltare Regional\u0103 Centru, \u00een\",\"breadcrumb\":{\"@id\":\"https:\\\/\\\/urbeamea.ro\\\/albaiulia\\\/pentru-varstnicii-din-tara-motilor-la-abrud-programul-regio-aduce-fonduri-destinate-crearii-unui-modern-centru-de-zi\\\/#breadcrumb\"},\"inLanguage\":\"ro-RO\",\"potentialAction\":[{\"@type\":\"ReadAction\",\"target\":[\"https:\\\/\\\/urbeamea.ro\\\/albaiulia\\\/pentru-varstnicii-din-tara-motilor-la-abrud-programul-regio-aduce-fonduri-destinate-crearii-unui-modern-centru-de-zi\\\/\"]}]},{\"@type\":\"ImageObject\",\"inLanguage\":\"ro-RO\",\"@id\":\"https:\\\/\\\/urbeamea.ro\\\/albaiulia\\\/pentru-varstnicii-din-tara-motilor-la-abrud-programul-regio-aduce-fonduri-destinate-crearii-unui-modern-centru-de-zi\\\/#primaryimage\",\"url\":\"https:\\\/\\\/urbeamea.ro\\\/albaiulia\\\/wp-content\\\/uploads\\\/2020\\\/04\\\/Abrud-Centru-ce-se-va-moderniza-1.jpg\",\"contentUrl\":\"https:\\\/\\\/urbeamea.ro\\\/albaiulia\\\/wp-content\\\/uploads\\\/2020\\\/04\\\/Abrud-Centru-ce-se-va-moderniza-1.jpg\",\"width\":1066,\"height\":799},{\"@type\":\"BreadcrumbList\",\"@id\":\"https:\\\/\\\/urbeamea.ro\\\/albaiulia\\\/pentru-varstnicii-din-tara-motilor-la-abrud-programul-regio-aduce-fonduri-destinate-crearii-unui-modern-centru-de-zi\\\/#breadcrumb\",\"itemListElement\":[{\"@type\":\"ListItem\",\"position\":1,\"name\":\"Prima pagin\u0103\",\"item\":\"https:\\\/\\\/urbeamea.ro\\\/albaiulia\\\/\"},{\"@type\":\"ListItem\",\"position\":2,\"name\":\"Pentru v\u00e2rstnicii din \u021aara Mo\u021bilor, la Abrud, Programul Regio aduce fonduri destinate cre\u0103rii unui modern Centru de zi\"}]},{\"@type\":\"WebSite\",\"@id\":\"https:\\\/\\\/urbeamea.ro\\\/albaiulia\\\/#website\",\"url\":\"https:\\\/\\\/urbeamea.ro\\\/albaiulia\\\/\",\"name\":\"Revista Urbea Mea, Stiri urbane\",\"description\":\"Evenimente \u0219i \u0219tiri din Alba Iulia, Sebe\u0219, Aiud, Blaj\",\"potentialAction\":[{\"@type\":\"SearchAction\",\"target\":{\"@type\":\"EntryPoint\",\"urlTemplate\":\"https:\\\/\\\/urbeamea.ro\\\/albaiulia\\\/?s={search_term_string}\"},\"query-input\":{\"@type\":\"PropertyValueSpecification\",\"valueRequired\":true,\"valueName\":\"search_term_string\"}}],\"inLanguage\":\"ro-RO\"},{\"@type\":\"Person\",\"@id\":\"https:\\\/\\\/urbeamea.ro\\\/albaiulia\\\/#\\\/schema\\\/person\\\/9700d21fae21c4f038b0b56f4506264a\",\"name\":\"Cristina Ganga\",\"image\":{\"@type\":\"ImageObject\",\"inLanguage\":\"ro-RO\",\"@id\":\"https:\\\/\\\/secure.gravatar.com\\\/avatar\\\/5a67661041f057b4a8ccaf26f5a8e86e2689372006d01faf3dd9eeb10b654bb4?s=96&d=mm&r=g\",\"url\":\"https:\\\/\\\/secure.gravatar.com\\\/avatar\\\/5a67661041f057b4a8ccaf26f5a8e86e2689372006d01faf3dd9eeb10b654bb4?s=96&d=mm&r=g\",\"contentUrl\":\"https:\\\/\\\/secure.gravatar.com\\\/avatar\\\/5a67661041f057b4a8ccaf26f5a8e86e2689372006d01faf3dd9eeb10b654bb4?s=96&d=mm&r=g\",\"caption\":\"Cristina Ganga\"},\"description\":\"Jurnalist\",\"sameAs\":[\"https:\\\/\\\/www.facebook.com\\\/cristina.nicola.587\"],\"url\":\"https:\\\/\\\/urbeamea.ro\\\/albaiulia\\\/author\\\/cristina-nicola\\\/\"}]}<\/script>\n<!-- \/ Yoast SEO plugin. -->","yoast_head_json":{"title":"Pentru v\u00e2rstnicii din \u021aara Mo\u021bilor, la Abrud, Programul Regio aduce fonduri destinate cre\u0103rii unui modern Centru de zi - Revista Urbea Mea - Revista de Alba","description":"Edilii din Abrud \u2013 jude\u021bul Alba, \u00ee\u0219i v\u0103d \u00eemplinit\u0103 munca depus\u0103 pentru preg\u0103tirea proiectului depus la Agen\u021bia pentru Dezvoltare Regional\u0103 Centru, \u00een","robots":{"index":"index","follow":"follow","max-snippet":"max-snippet:-1","max-image-preview":"max-image-preview:large","max-video-preview":"max-video-preview:-1"},"canonical":"https:\/\/urbeamea.ro\/albaiulia\/pentru-varstnicii-din-tara-motilor-la-abrud-programul-regio-aduce-fonduri-destinate-crearii-unui-modern-centru-de-zi\/","twitter_card":"summary_large_image","twitter_title":"Pentru v\u00e2rstnicii din \u021aara Mo\u021bilor, la Abrud, Programul Regio aduce fonduri destinate cre\u0103rii unui modern Centru de zi - Revista Urbea Mea - Revista de Alba","twitter_description":"Edilii din Abrud \u2013 jude\u021bul Alba, \u00ee\u0219i v\u0103d \u00eemplinit\u0103 munca depus\u0103 pentru preg\u0103tirea proiectului depus la Agen\u021bia pentru Dezvoltare Regional\u0103 Centru, \u00een","twitter_image":"https:\/\/urbeamea.ro\/albaiulia\/wp-content\/uploads\/2020\/04\/Abrud-Centru-ce-se-va-moderniza-1.jpg","twitter_creator":"@urbeameaweb","twitter_site":"@urbeameaweb","schema":{"@context":"https:\/\/schema.org","@graph":[{"@type":"Article","@id":"https:\/\/urbeamea.ro\/albaiulia\/pentru-varstnicii-din-tara-motilor-la-abrud-programul-regio-aduce-fonduri-destinate-crearii-unui-modern-centru-de-zi\/#article","isPartOf":{"@id":"https:\/\/urbeamea.ro\/albaiulia\/pentru-varstnicii-din-tara-motilor-la-abrud-programul-regio-aduce-fonduri-destinate-crearii-unui-modern-centru-de-zi\/"},"author":{"name":"Cristina Ganga","@id":"https:\/\/urbeamea.ro\/albaiulia\/#\/schema\/person\/9700d21fae21c4f038b0b56f4506264a"},"headline":"Pentru v\u00e2rstnicii din \u021aara Mo\u021bilor, la Abrud, Programul Regio aduce fonduri destinate cre\u0103rii unui modern Centru de zi","datePublished":"2020-04-30T13:46:50+00:00","dateModified":"2020-04-30T13:46:53+00:00","mainEntityOfPage":{"@id":"https:\/\/urbeamea.ro\/albaiulia\/pentru-varstnicii-din-tara-motilor-la-abrud-programul-regio-aduce-fonduri-destinate-crearii-unui-modern-centru-de-zi\/"},"wordCount":921,"commentCount":0,"image":{"@id":"https:\/\/urbeamea.ro\/albaiulia\/pentru-varstnicii-din-tara-motilor-la-abrud-programul-regio-aduce-fonduri-destinate-crearii-unui-modern-centru-de-zi\/#primaryimage"},"thumbnailUrl":"https:\/\/urbeamea.ro\/albaiulia\/wp-content\/uploads\/2020\/04\/Abrud-Centru-ce-se-va-moderniza-1.jpg","keywords":["ADR Centru","crearea unui modern centru de zi","programul regio","tara motilor","varstnici"],"articleSection":["Economic"],"inLanguage":"ro-RO","potentialAction":[{"@type":"CommentAction","name":"Comment","target":["https:\/\/urbeamea.ro\/albaiulia\/pentru-varstnicii-din-tara-motilor-la-abrud-programul-regio-aduce-fonduri-destinate-crearii-unui-modern-centru-de-zi\/#respond"]}]},{"@type":"WebPage","@id":"https:\/\/urbeamea.ro\/albaiulia\/pentru-varstnicii-din-tara-motilor-la-abrud-programul-regio-aduce-fonduri-destinate-crearii-unui-modern-centru-de-zi\/","url":"https:\/\/urbeamea.ro\/albaiulia\/pentru-varstnicii-din-tara-motilor-la-abrud-programul-regio-aduce-fonduri-destinate-crearii-unui-modern-centru-de-zi\/","name":"Pentru v\u00e2rstnicii din \u021aara Mo\u021bilor, la Abrud, Programul Regio aduce fonduri destinate cre\u0103rii unui modern Centru de zi - Revista Urbea Mea - Revista de Alba","isPartOf":{"@id":"https:\/\/urbeamea.ro\/albaiulia\/#website"},"primaryImageOfPage":{"@id":"https:\/\/urbeamea.ro\/albaiulia\/pentru-varstnicii-din-tara-motilor-la-abrud-programul-regio-aduce-fonduri-destinate-crearii-unui-modern-centru-de-zi\/#primaryimage"},"image":{"@id":"https:\/\/urbeamea.ro\/albaiulia\/pentru-varstnicii-din-tara-motilor-la-abrud-programul-regio-aduce-fonduri-destinate-crearii-unui-modern-centru-de-zi\/#primaryimage"},"thumbnailUrl":"https:\/\/urbeamea.ro\/albaiulia\/wp-content\/uploads\/2020\/04\/Abrud-Centru-ce-se-va-moderniza-1.jpg","datePublished":"2020-04-30T13:46:50+00:00","dateModified":"2020-04-30T13:46:53+00:00","author":{"@id":"https:\/\/urbeamea.ro\/albaiulia\/#\/schema\/person\/9700d21fae21c4f038b0b56f4506264a"},"description":"Edilii din Abrud \u2013 jude\u021bul Alba, \u00ee\u0219i v\u0103d \u00eemplinit\u0103 munca depus\u0103 pentru preg\u0103tirea proiectului depus la Agen\u021bia pentru Dezvoltare Regional\u0103 Centru, \u00een","breadcrumb":{"@id":"https:\/\/urbeamea.ro\/albaiulia\/pentru-varstnicii-din-tara-motilor-la-abrud-programul-regio-aduce-fonduri-destinate-crearii-unui-modern-centru-de-zi\/#breadcrumb"},"inLanguage":"ro-RO","potentialAction":[{"@type":"ReadAction","target":["https:\/\/urbeamea.ro\/albaiulia\/pentru-varstnicii-din-tara-motilor-la-abrud-programul-regio-aduce-fonduri-destinate-crearii-unui-modern-centru-de-zi\/"]}]},{"@type":"ImageObject","inLanguage":"ro-RO","@id":"https:\/\/urbeamea.ro\/albaiulia\/pentru-varstnicii-din-tara-motilor-la-abrud-programul-regio-aduce-fonduri-destinate-crearii-unui-modern-centru-de-zi\/#primaryimage","url":"https:\/\/urbeamea.ro\/albaiulia\/wp-content\/uploads\/2020\/04\/Abrud-Centru-ce-se-va-moderniza-1.jpg","contentUrl":"https:\/\/urbeamea.ro\/albaiulia\/wp-content\/uploads\/2020\/04\/Abrud-Centru-ce-se-va-moderniza-1.jpg","width":1066,"height":799},{"@type":"BreadcrumbList","@id":"https:\/\/urbeamea.ro\/albaiulia\/pentru-varstnicii-din-tara-motilor-la-abrud-programul-regio-aduce-fonduri-destinate-crearii-unui-modern-centru-de-zi\/#breadcrumb","itemListElement":[{"@type":"ListItem","position":1,"name":"Prima pagin\u0103","item":"https:\/\/urbeamea.ro\/albaiulia\/"},{"@type":"ListItem","position":2,"name":"Pentru v\u00e2rstnicii din \u021aara Mo\u021bilor, la Abrud, Programul Regio aduce fonduri destinate cre\u0103rii unui modern Centru de zi"}]},{"@type":"WebSite","@id":"https:\/\/urbeamea.ro\/albaiulia\/#website","url":"https:\/\/urbeamea.ro\/albaiulia\/","name":"Revista Urbea Mea, Stiri urbane","description":"Evenimente \u0219i \u0219tiri din Alba Iulia, Sebe\u0219, Aiud, Blaj","potentialAction":[{"@type":"SearchAction","target":{"@type":"EntryPoint","urlTemplate":"https:\/\/urbeamea.ro\/albaiulia\/?s={search_term_string}"},"query-input":{"@type":"PropertyValueSpecification","valueRequired":true,"valueName":"search_term_string"}}],"inLanguage":"ro-RO"},{"@type":"Person","@id":"https:\/\/urbeamea.ro\/albaiulia\/#\/schema\/person\/9700d21fae21c4f038b0b56f4506264a","name":"Cristina Ganga","image":{"@type":"ImageObject","inLanguage":"ro-RO","@id":"https:\/\/secure.gravatar.com\/avatar\/5a67661041f057b4a8ccaf26f5a8e86e2689372006d01faf3dd9eeb10b654bb4?s=96&d=mm&r=g","url":"https:\/\/secure.gravatar.com\/avatar\/5a67661041f057b4a8ccaf26f5a8e86e2689372006d01faf3dd9eeb10b654bb4?s=96&d=mm&r=g","contentUrl":"https:\/\/secure.gravatar.com\/avatar\/5a67661041f057b4a8ccaf26f5a8e86e2689372006d01faf3dd9eeb10b654bb4?s=96&d=mm&r=g","caption":"Cristina Ganga"},"description":"Jurnalist","sameAs":["https:\/\/www.facebook.com\/cristina.nicola.587"],"url":"https:\/\/urbeamea.ro\/albaiulia\/author\/cristina-nicola\/"}]}},"_links":{"self":[{"href":"https:\/\/urbeamea.ro\/albaiulia\/wp-json\/wp\/v2\/posts\/89351","targetHints":{"allow":["GET"]}}],"collection":[{"href":"https:\/\/urbeamea.ro\/albaiulia\/wp-json\/wp\/v2\/posts"}],"about":[{"href":"https:\/\/urbeamea.ro\/albaiulia\/wp-json\/wp\/v2\/types\/post"}],"author":[{"embeddable":true,"href":"https:\/\/urbeamea.ro\/albaiulia\/wp-json\/wp\/v2\/users\/17"}],"replies":[{"embeddable":true,"href":"https:\/\/urbeamea.ro\/albaiulia\/wp-json\/wp\/v2\/comments?post=89351"}],"version-history":[{"count":0,"href":"https:\/\/urbeamea.ro\/albaiulia\/wp-json\/wp\/v2\/posts\/89351\/revisions"}],"wp:featuredmedia":[{"embeddable":true,"href":"https:\/\/urbeamea.ro\/albaiulia\/wp-json\/wp\/v2\/media\/89352"}],"wp:attachment":[{"href":"https:\/\/urbeamea.ro\/albaiulia\/wp-json\/wp\/v2\/media?parent=89351"}],"wp:term":[{"taxonomy":"category","embeddable":true,"href":"https:\/\/urbeamea.ro\/albaiulia\/wp-json\/wp\/v2\/categories?post=89351"},{"taxonomy":"post_tag","embeddable":true,"href":"https:\/\/urbeamea.ro\/albaiulia\/wp-json\/wp\/v2\/tags?post=89351"}],"curies":[{"name":"wp","href":"https:\/\/api.w.org\/{rel}","templated":true}]}}