{"id":89680,"date":"2020-05-12T18:28:13","date_gmt":"2020-05-12T15:28:13","guid":{"rendered":"https:\/\/urbeamea.ro\/albaiulia\/?p=89680"},"modified":"2020-05-12T18:45:04","modified_gmt":"2020-05-12T15:45:04","slug":"gradinita-online-cu-o-educatoare-din-alba-iulia","status":"publish","type":"post","link":"https:\/\/urbeamea.ro\/albaiulia\/gradinita-online-cu-o-educatoare-din-alba-iulia\/","title":{"rendered":"Gr\u0103dini\u021ba online cu o educatoare din Alba Iulia"},"content":{"rendered":"\n<h2 class=\"wp-block-heading\">O educatoare de la Gradini\u021ba cu p.p. nr.9 din Alba Iulia, \u021bine leg\u0103tura cu &#8222;Flutura\u0219ii ei&#8221; \u0219i prin intermediul filmule\u021belor postate pe grupul p\u0103rin\u021bilor!<\/h2>\n\n\n\n<p class=\"wp-block-paragraph\">Pentru c\u0103 Flutura\u0219ii sunt \u00een grupa mic\u0103 \u0219i \u00eenainte de aceast\u0103 perioad\u0103 dificil\u0103 tocmai ce s-au acomodat , educatoarea spune c\u0103 \u201eeste foarte important s\u0103 ne vad\u0103, s\u0103 ne aud\u0103 ca s\u0103 nu ne uite!\u201d.<\/p>\n\n\n\n<p class=\"wp-block-paragraph\">\u00cen func\u021bie de tema abordat\u0103 la Gr\u0103dini\u021ba online &#8211; aceasta realizeaz\u0103 filmule\u021be scurte \u00een care ori le cite\u0219te pove\u0219ti, ori testeaz\u0103 vreo re\u021beta \u00een buc\u0103t\u0103rie, sau confec\u021bioneaz\u0103 ceva!<\/p>\n\n\n\n<p class=\"wp-block-paragraph\"><em>\u201eLe place foarte mult FLUTURA\u0218ILOR aceast\u0103 metod\u0103 \u0219i chiar mi-au semnalat p\u0103rin\u021bii c\u0103 le place sa-mi aud\u0103 \u0219i vocea!\u201d<\/em><\/p>\n\n\n\n<p class=\"wp-block-paragraph\">\u00cen aceast\u0103 perioad\u0103 au auzit foarte mult de medici\/ spitale, iar ei au abordat tema: \u201eMeseria br\u0103\u021bar\u0103 de aur!\u201d \u0219i azi, 12 mai este Ziua Interna\u021bional\u0103 a Asisten\u021bilor Medicali, iar dintre Flutura\u0219i foarte multi au zis c\u0103-\u0219i aleg aceasta meserie &#8211; cea de medic\/ asistenta medicala motiv pentru care au confec\u021bionat o doctori\u021b\u0103 din figuri geometrice! (activitate practic\u0103 + matematic\u0103).<\/p>\n\n\n\n<figure class=\"wp-block-embed-youtube wp-block-embed is-type-video is-provider-youtube wp-embed-aspect-16-9 wp-has-aspect-ratio\"><div class=\"wp-block-embed__wrapper\">\n<iframe loading=\"lazy\" title=\"Gr\u0103dini\u021ba online\" width=\"500\" height=\"281\" src=\"https:\/\/www.youtube.com\/embed\/muAzcPeXN7c?feature=oembed\" frameborder=\"0\" allow=\"accelerometer; autoplay; clipboard-write; encrypted-media; gyroscope; picture-in-picture; web-share\" referrerpolicy=\"strict-origin-when-cross-origin\" allowfullscreen><\/iframe>\n<\/div><\/figure>\n\n\n\n<figure class=\"wp-block-gallery columns-3 is-cropped wp-block-gallery-1 is-layout-flex wp-block-gallery-is-layout-flex\"><ul class=\"blocks-gallery-grid\"><li class=\"blocks-gallery-item\"><figure><a href=\"https:\/\/urbeamea.ro\/albaiulia\/wp-content\/uploads\/2020\/05\/20200512_102543.jpg\"><img loading=\"lazy\" decoding=\"async\" width=\"1280\" height=\"720\" src=\"https:\/\/urbeamea.ro\/albaiulia\/wp-content\/uploads\/2020\/05\/20200512_102543-1280x720.jpg\" alt=\"\" data-id=\"89681\" data-full-url=\"https:\/\/urbeamea.ro\/albaiulia\/wp-content\/uploads\/2020\/05\/20200512_102543.jpg\" data-link=\"https:\/\/urbeamea.ro\/albaiulia\/?attachment_id=89681\" class=\"wp-image-89681\" srcset=\"https:\/\/urbeamea.ro\/albaiulia\/wp-content\/uploads\/2020\/05\/20200512_102543-1280x720.jpg 1280w, https:\/\/urbeamea.ro\/albaiulia\/wp-content\/uploads\/2020\/05\/20200512_102543-640x360.jpg 640w, https:\/\/urbeamea.ro\/albaiulia\/wp-content\/uploads\/2020\/05\/20200512_102543-150x84.jpg 150w, https:\/\/urbeamea.ro\/albaiulia\/wp-content\/uploads\/2020\/05\/20200512_102543-768x432.jpg 768w, https:\/\/urbeamea.ro\/albaiulia\/wp-content\/uploads\/2020\/05\/20200512_102543.jpg 1500w\" sizes=\"auto, (max-width: 1280px) 100vw, 1280px\" \/><\/a><\/figure><\/li><li class=\"blocks-gallery-item\"><figure><a href=\"https:\/\/urbeamea.ro\/albaiulia\/wp-content\/uploads\/2020\/05\/20200512_102556.jpg\"><img loading=\"lazy\" decoding=\"async\" width=\"720\" height=\"1280\" src=\"https:\/\/urbeamea.ro\/albaiulia\/wp-content\/uploads\/2020\/05\/20200512_102556-720x1280.jpg\" alt=\"\" data-id=\"89682\" data-full-url=\"https:\/\/urbeamea.ro\/albaiulia\/wp-content\/uploads\/2020\/05\/20200512_102556.jpg\" data-link=\"https:\/\/urbeamea.ro\/albaiulia\/?attachment_id=89682\" class=\"wp-image-89682\" srcset=\"https:\/\/urbeamea.ro\/albaiulia\/wp-content\/uploads\/2020\/05\/20200512_102556-720x1280.jpg 720w, https:\/\/urbeamea.ro\/albaiulia\/wp-content\/uploads\/2020\/05\/20200512_102556-360x640.jpg 360w, https:\/\/urbeamea.ro\/albaiulia\/wp-content\/uploads\/2020\/05\/20200512_102556-84x150.jpg 84w, https:\/\/urbeamea.ro\/albaiulia\/wp-content\/uploads\/2020\/05\/20200512_102556-768x1365.jpg 768w, https:\/\/urbeamea.ro\/albaiulia\/wp-content\/uploads\/2020\/05\/20200512_102556.jpg 844w\" sizes=\"auto, (max-width: 720px) 100vw, 720px\" \/><\/a><\/figure><\/li><li class=\"blocks-gallery-item\"><figure><a href=\"https:\/\/urbeamea.ro\/albaiulia\/wp-content\/uploads\/2020\/05\/20200512_102604.jpg\"><img loading=\"lazy\" decoding=\"async\" width=\"720\" height=\"1280\" src=\"https:\/\/urbeamea.ro\/albaiulia\/wp-content\/uploads\/2020\/05\/20200512_102604-720x1280.jpg\" alt=\"\" data-id=\"89683\" data-full-url=\"https:\/\/urbeamea.ro\/albaiulia\/wp-content\/uploads\/2020\/05\/20200512_102604.jpg\" data-link=\"https:\/\/urbeamea.ro\/albaiulia\/?attachment_id=89683\" class=\"wp-image-89683\" srcset=\"https:\/\/urbeamea.ro\/albaiulia\/wp-content\/uploads\/2020\/05\/20200512_102604-720x1280.jpg 720w, https:\/\/urbeamea.ro\/albaiulia\/wp-content\/uploads\/2020\/05\/20200512_102604-360x640.jpg 360w, https:\/\/urbeamea.ro\/albaiulia\/wp-content\/uploads\/2020\/05\/20200512_102604-84x150.jpg 84w, https:\/\/urbeamea.ro\/albaiulia\/wp-content\/uploads\/2020\/05\/20200512_102604-768x1365.jpg 768w, https:\/\/urbeamea.ro\/albaiulia\/wp-content\/uploads\/2020\/05\/20200512_102604.jpg 844w\" sizes=\"auto, (max-width: 720px) 100vw, 720px\" \/><\/a><\/figure><\/li><li class=\"blocks-gallery-item\"><figure><a href=\"https:\/\/urbeamea.ro\/albaiulia\/wp-content\/uploads\/2020\/05\/20200512_102614.jpg\"><img loading=\"lazy\" decoding=\"async\" width=\"720\" height=\"1280\" src=\"https:\/\/urbeamea.ro\/albaiulia\/wp-content\/uploads\/2020\/05\/20200512_102614-720x1280.jpg\" alt=\"\" data-id=\"89684\" data-full-url=\"https:\/\/urbeamea.ro\/albaiulia\/wp-content\/uploads\/2020\/05\/20200512_102614.jpg\" data-link=\"https:\/\/urbeamea.ro\/albaiulia\/?attachment_id=89684\" class=\"wp-image-89684\" srcset=\"https:\/\/urbeamea.ro\/albaiulia\/wp-content\/uploads\/2020\/05\/20200512_102614-720x1280.jpg 720w, https:\/\/urbeamea.ro\/albaiulia\/wp-content\/uploads\/2020\/05\/20200512_102614-360x640.jpg 360w, https:\/\/urbeamea.ro\/albaiulia\/wp-content\/uploads\/2020\/05\/20200512_102614-84x150.jpg 84w, https:\/\/urbeamea.ro\/albaiulia\/wp-content\/uploads\/2020\/05\/20200512_102614-768x1365.jpg 768w, https:\/\/urbeamea.ro\/albaiulia\/wp-content\/uploads\/2020\/05\/20200512_102614.jpg 844w\" sizes=\"auto, (max-width: 720px) 100vw, 720px\" \/><\/a><\/figure><\/li><li class=\"blocks-gallery-item\"><figure><a href=\"https:\/\/urbeamea.ro\/albaiulia\/wp-content\/uploads\/2020\/05\/20200512_102651.jpg\"><img loading=\"lazy\" decoding=\"async\" width=\"1280\" height=\"720\" src=\"https:\/\/urbeamea.ro\/albaiulia\/wp-content\/uploads\/2020\/05\/20200512_102651-1280x720.jpg\" alt=\"\" data-id=\"89685\" data-full-url=\"https:\/\/urbeamea.ro\/albaiulia\/wp-content\/uploads\/2020\/05\/20200512_102651.jpg\" data-link=\"https:\/\/urbeamea.ro\/albaiulia\/?attachment_id=89685\" class=\"wp-image-89685\" srcset=\"https:\/\/urbeamea.ro\/albaiulia\/wp-content\/uploads\/2020\/05\/20200512_102651-1280x720.jpg 1280w, https:\/\/urbeamea.ro\/albaiulia\/wp-content\/uploads\/2020\/05\/20200512_102651-640x360.jpg 640w, https:\/\/urbeamea.ro\/albaiulia\/wp-content\/uploads\/2020\/05\/20200512_102651-150x84.jpg 150w, https:\/\/urbeamea.ro\/albaiulia\/wp-content\/uploads\/2020\/05\/20200512_102651-768x432.jpg 768w, https:\/\/urbeamea.ro\/albaiulia\/wp-content\/uploads\/2020\/05\/20200512_102651.jpg 1500w\" sizes=\"auto, (max-width: 1280px) 100vw, 1280px\" \/><\/a><\/figure><\/li><li class=\"blocks-gallery-item\"><figure><a href=\"https:\/\/urbeamea.ro\/albaiulia\/wp-content\/uploads\/2020\/05\/20200512_102703.jpg\"><img loading=\"lazy\" decoding=\"async\" width=\"720\" height=\"1280\" src=\"https:\/\/urbeamea.ro\/albaiulia\/wp-content\/uploads\/2020\/05\/20200512_102703-720x1280.jpg\" alt=\"\" data-id=\"89686\" data-full-url=\"https:\/\/urbeamea.ro\/albaiulia\/wp-content\/uploads\/2020\/05\/20200512_102703.jpg\" data-link=\"https:\/\/urbeamea.ro\/albaiulia\/?attachment_id=89686\" class=\"wp-image-89686\" srcset=\"https:\/\/urbeamea.ro\/albaiulia\/wp-content\/uploads\/2020\/05\/20200512_102703-720x1280.jpg 720w, https:\/\/urbeamea.ro\/albaiulia\/wp-content\/uploads\/2020\/05\/20200512_102703-360x640.jpg 360w, https:\/\/urbeamea.ro\/albaiulia\/wp-content\/uploads\/2020\/05\/20200512_102703-84x150.jpg 84w, https:\/\/urbeamea.ro\/albaiulia\/wp-content\/uploads\/2020\/05\/20200512_102703-768x1365.jpg 768w, https:\/\/urbeamea.ro\/albaiulia\/wp-content\/uploads\/2020\/05\/20200512_102703.jpg 844w\" sizes=\"auto, (max-width: 720px) 100vw, 720px\" \/><\/a><\/figure><\/li><li class=\"blocks-gallery-item\"><figure><a href=\"https:\/\/urbeamea.ro\/albaiulia\/wp-content\/uploads\/2020\/05\/20200512_103239.jpg\"><img loading=\"lazy\" decoding=\"async\" width=\"1280\" height=\"720\" src=\"https:\/\/urbeamea.ro\/albaiulia\/wp-content\/uploads\/2020\/05\/20200512_103239-1280x720.jpg\" alt=\"\" data-id=\"89687\" data-full-url=\"https:\/\/urbeamea.ro\/albaiulia\/wp-content\/uploads\/2020\/05\/20200512_103239.jpg\" data-link=\"https:\/\/urbeamea.ro\/albaiulia\/?attachment_id=89687\" class=\"wp-image-89687\" srcset=\"https:\/\/urbeamea.ro\/albaiulia\/wp-content\/uploads\/2020\/05\/20200512_103239-1280x720.jpg 1280w, https:\/\/urbeamea.ro\/albaiulia\/wp-content\/uploads\/2020\/05\/20200512_103239-640x360.jpg 640w, https:\/\/urbeamea.ro\/albaiulia\/wp-content\/uploads\/2020\/05\/20200512_103239-150x84.jpg 150w, https:\/\/urbeamea.ro\/albaiulia\/wp-content\/uploads\/2020\/05\/20200512_103239-768x432.jpg 768w, https:\/\/urbeamea.ro\/albaiulia\/wp-content\/uploads\/2020\/05\/20200512_103239.jpg 1500w\" sizes=\"auto, (max-width: 1280px) 100vw, 1280px\" \/><\/a><\/figure><\/li><li class=\"blocks-gallery-item\"><figure><a href=\"https:\/\/urbeamea.ro\/albaiulia\/wp-content\/uploads\/2020\/05\/20200512_103256.jpg\"><img loading=\"lazy\" decoding=\"async\" width=\"1280\" height=\"720\" src=\"https:\/\/urbeamea.ro\/albaiulia\/wp-content\/uploads\/2020\/05\/20200512_103256-1280x720.jpg\" alt=\"\" data-id=\"89688\" data-full-url=\"https:\/\/urbeamea.ro\/albaiulia\/wp-content\/uploads\/2020\/05\/20200512_103256.jpg\" data-link=\"https:\/\/urbeamea.ro\/albaiulia\/?attachment_id=89688\" class=\"wp-image-89688\" srcset=\"https:\/\/urbeamea.ro\/albaiulia\/wp-content\/uploads\/2020\/05\/20200512_103256-1280x720.jpg 1280w, https:\/\/urbeamea.ro\/albaiulia\/wp-content\/uploads\/2020\/05\/20200512_103256-640x360.jpg 640w, https:\/\/urbeamea.ro\/albaiulia\/wp-content\/uploads\/2020\/05\/20200512_103256-150x84.jpg 150w, https:\/\/urbeamea.ro\/albaiulia\/wp-content\/uploads\/2020\/05\/20200512_103256-768x432.jpg 768w, https:\/\/urbeamea.ro\/albaiulia\/wp-content\/uploads\/2020\/05\/20200512_103256.jpg 1500w\" sizes=\"auto, (max-width: 1280px) 100vw, 1280px\" \/><\/a><\/figure><\/li><li class=\"blocks-gallery-item\"><figure><a href=\"https:\/\/urbeamea.ro\/albaiulia\/wp-content\/uploads\/2020\/05\/20200512_103258.jpg\"><img loading=\"lazy\" decoding=\"async\" width=\"1280\" height=\"720\" src=\"https:\/\/urbeamea.ro\/albaiulia\/wp-content\/uploads\/2020\/05\/20200512_103258-1280x720.jpg\" alt=\"\" data-id=\"89689\" data-full-url=\"https:\/\/urbeamea.ro\/albaiulia\/wp-content\/uploads\/2020\/05\/20200512_103258.jpg\" data-link=\"https:\/\/urbeamea.ro\/albaiulia\/?attachment_id=89689\" class=\"wp-image-89689\" srcset=\"https:\/\/urbeamea.ro\/albaiulia\/wp-content\/uploads\/2020\/05\/20200512_103258-1280x720.jpg 1280w, https:\/\/urbeamea.ro\/albaiulia\/wp-content\/uploads\/2020\/05\/20200512_103258-640x360.jpg 640w, https:\/\/urbeamea.ro\/albaiulia\/wp-content\/uploads\/2020\/05\/20200512_103258-150x84.jpg 150w, https:\/\/urbeamea.ro\/albaiulia\/wp-content\/uploads\/2020\/05\/20200512_103258-768x432.jpg 768w, https:\/\/urbeamea.ro\/albaiulia\/wp-content\/uploads\/2020\/05\/20200512_103258.jpg 1500w\" sizes=\"auto, (max-width: 1280px) 100vw, 1280px\" \/><\/a><\/figure><\/li><li class=\"blocks-gallery-item\"><figure><a href=\"https:\/\/urbeamea.ro\/albaiulia\/wp-content\/uploads\/2020\/05\/20200512_103350.jpg\"><img loading=\"lazy\" decoding=\"async\" width=\"1280\" height=\"720\" src=\"https:\/\/urbeamea.ro\/albaiulia\/wp-content\/uploads\/2020\/05\/20200512_103350-1280x720.jpg\" alt=\"\" data-id=\"89690\" data-full-url=\"https:\/\/urbeamea.ro\/albaiulia\/wp-content\/uploads\/2020\/05\/20200512_103350.jpg\" data-link=\"https:\/\/urbeamea.ro\/albaiulia\/?attachment_id=89690\" class=\"wp-image-89690\" srcset=\"https:\/\/urbeamea.ro\/albaiulia\/wp-content\/uploads\/2020\/05\/20200512_103350-1280x720.jpg 1280w, https:\/\/urbeamea.ro\/albaiulia\/wp-content\/uploads\/2020\/05\/20200512_103350-640x360.jpg 640w, https:\/\/urbeamea.ro\/albaiulia\/wp-content\/uploads\/2020\/05\/20200512_103350-150x84.jpg 150w, https:\/\/urbeamea.ro\/albaiulia\/wp-content\/uploads\/2020\/05\/20200512_103350-768x432.jpg 768w, https:\/\/urbeamea.ro\/albaiulia\/wp-content\/uploads\/2020\/05\/20200512_103350.jpg 1500w\" sizes=\"auto, (max-width: 1280px) 100vw, 1280px\" \/><\/a><\/figure><\/li><li class=\"blocks-gallery-item\"><figure><a href=\"https:\/\/urbeamea.ro\/albaiulia\/wp-content\/uploads\/2020\/05\/20200512_103505.jpg\"><img loading=\"lazy\" decoding=\"async\" width=\"1280\" height=\"720\" src=\"https:\/\/urbeamea.ro\/albaiulia\/wp-content\/uploads\/2020\/05\/20200512_103505-1280x720.jpg\" alt=\"\" data-id=\"89691\" data-full-url=\"https:\/\/urbeamea.ro\/albaiulia\/wp-content\/uploads\/2020\/05\/20200512_103505.jpg\" data-link=\"https:\/\/urbeamea.ro\/albaiulia\/?attachment_id=89691\" class=\"wp-image-89691\" srcset=\"https:\/\/urbeamea.ro\/albaiulia\/wp-content\/uploads\/2020\/05\/20200512_103505-1280x720.jpg 1280w, https:\/\/urbeamea.ro\/albaiulia\/wp-content\/uploads\/2020\/05\/20200512_103505-640x360.jpg 640w, https:\/\/urbeamea.ro\/albaiulia\/wp-content\/uploads\/2020\/05\/20200512_103505-150x84.jpg 150w, https:\/\/urbeamea.ro\/albaiulia\/wp-content\/uploads\/2020\/05\/20200512_103505-768x432.jpg 768w, https:\/\/urbeamea.ro\/albaiulia\/wp-content\/uploads\/2020\/05\/20200512_103505.jpg 1500w\" sizes=\"auto, (max-width: 1280px) 100vw, 1280px\" \/><\/a><\/figure><\/li><li class=\"blocks-gallery-item\"><figure><a href=\"https:\/\/urbeamea.ro\/albaiulia\/wp-content\/uploads\/2020\/05\/20200512_103642.jpg\"><img loading=\"lazy\" decoding=\"async\" width=\"720\" height=\"1280\" src=\"https:\/\/urbeamea.ro\/albaiulia\/wp-content\/uploads\/2020\/05\/20200512_103642-720x1280.jpg\" alt=\"\" data-id=\"89692\" data-full-url=\"https:\/\/urbeamea.ro\/albaiulia\/wp-content\/uploads\/2020\/05\/20200512_103642.jpg\" data-link=\"https:\/\/urbeamea.ro\/albaiulia\/?attachment_id=89692\" class=\"wp-image-89692\" srcset=\"https:\/\/urbeamea.ro\/albaiulia\/wp-content\/uploads\/2020\/05\/20200512_103642-720x1280.jpg 720w, https:\/\/urbeamea.ro\/albaiulia\/wp-content\/uploads\/2020\/05\/20200512_103642-360x640.jpg 360w, https:\/\/urbeamea.ro\/albaiulia\/wp-content\/uploads\/2020\/05\/20200512_103642-84x150.jpg 84w, https:\/\/urbeamea.ro\/albaiulia\/wp-content\/uploads\/2020\/05\/20200512_103642-768x1365.jpg 768w, https:\/\/urbeamea.ro\/albaiulia\/wp-content\/uploads\/2020\/05\/20200512_103642.jpg 844w\" sizes=\"auto, (max-width: 720px) 100vw, 720px\" \/><\/a><\/figure><\/li><li class=\"blocks-gallery-item\"><figure><a href=\"https:\/\/urbeamea.ro\/albaiulia\/wp-content\/uploads\/2020\/05\/20200512_105616.jpg\"><img loading=\"lazy\" decoding=\"async\" width=\"1280\" height=\"720\" src=\"https:\/\/urbeamea.ro\/albaiulia\/wp-content\/uploads\/2020\/05\/20200512_105616-1280x720.jpg\" alt=\"\" data-id=\"89693\" data-full-url=\"https:\/\/urbeamea.ro\/albaiulia\/wp-content\/uploads\/2020\/05\/20200512_105616.jpg\" data-link=\"https:\/\/urbeamea.ro\/albaiulia\/?attachment_id=89693\" class=\"wp-image-89693\" srcset=\"https:\/\/urbeamea.ro\/albaiulia\/wp-content\/uploads\/2020\/05\/20200512_105616-1280x720.jpg 1280w, https:\/\/urbeamea.ro\/albaiulia\/wp-content\/uploads\/2020\/05\/20200512_105616-640x360.jpg 640w, https:\/\/urbeamea.ro\/albaiulia\/wp-content\/uploads\/2020\/05\/20200512_105616-150x84.jpg 150w, https:\/\/urbeamea.ro\/albaiulia\/wp-content\/uploads\/2020\/05\/20200512_105616-768x432.jpg 768w, https:\/\/urbeamea.ro\/albaiulia\/wp-content\/uploads\/2020\/05\/20200512_105616.jpg 1500w\" sizes=\"auto, (max-width: 1280px) 100vw, 1280px\" \/><\/a><\/figure><\/li><\/ul><\/figure>\n","protected":false},"excerpt":{"rendered":"<p>O educatoare de la Gradini\u021ba cu p.p. nr.9 din Alba Iulia, \u021bine leg\u0103tura cu &#8222;Flutura\u0219ii ei&#8221; \u0219i prin intermediul filmule\u021belor postate pe grupul p\u0103rin\u021bilor! Pentru c\u0103 Flutura\u0219ii sunt \u00een grupa mic\u0103 \u0219i \u00eenainte de aceast\u0103 perioad\u0103 dificil\u0103 tocmai ce s-au acomodat , educatoarea spune c\u0103 \u201eeste foarte important s\u0103 ne vad\u0103, s\u0103 ne aud\u0103 ca &hellip;<\/p>\n","protected":false},"author":17,"featured_media":89687,"comment_status":"open","ping_status":"open","sticky":false,"template":"","format":"standard","meta":{"inline_featured_image":false,"footnotes":""},"categories":[2039],"tags":[1592,20661,20660,20662],"class_list":["post-89680","post","type-post","status-publish","format-standard","has-post-thumbnail","hentry","category-educatie","tag-educatoare","tag-gradinita-cu-pp-nr-9-din-alba-iulia","tag-gradinita-online","tag-meseria-bratara-de-aur"],"yoast_head":"<!-- This site is optimized with the Yoast SEO plugin v28.3 - https:\/\/yoast.com\/product\/yoast-seo-wordpress\/ -->\n<title>Gr\u0103dini\u021ba online cu o educatoare din Alba Iulia - Revista Urbea Mea - Revista de Alba<\/title>\n<meta name=\"description\" content=\"O educatoare de la Gradini\u021ba cu p.p. nr.9 din Alba Iulia, \u021bine leg\u0103tura cu &quot;Flutura\u0219ii ei&quot; \u0219i prin intermediul filmule\u021belor postate pe grupul p\u0103rin\u021bilor!\" \/>\n<meta name=\"robots\" content=\"index, follow, max-snippet:-1, max-image-preview:large, max-video-preview:-1\" \/>\n<link rel=\"canonical\" href=\"https:\/\/urbeamea.ro\/albaiulia\/gradinita-online-cu-o-educatoare-din-alba-iulia\/\" \/>\n<meta name=\"twitter:card\" content=\"summary_large_image\" \/>\n<meta name=\"twitter:title\" content=\"Gr\u0103dini\u021ba online cu o educatoare din Alba Iulia - Revista Urbea Mea - Revista de Alba\" \/>\n<meta name=\"twitter:description\" content=\"O educatoare de la Gradini\u021ba cu p.p. nr.9 din Alba Iulia, \u021bine leg\u0103tura cu &quot;Flutura\u0219ii ei&quot; \u0219i prin intermediul filmule\u021belor postate pe grupul p\u0103rin\u021bilor!\" \/>\n<meta name=\"twitter:image\" content=\"https:\/\/urbeamea.ro\/albaiulia\/wp-content\/uploads\/2020\/05\/20200512_103239.jpg\" \/>\n<meta name=\"twitter:creator\" content=\"@urbeameaweb\" \/>\n<meta name=\"twitter:site\" content=\"@urbeameaweb\" \/>\n<script type=\"application\/ld+json\" class=\"yoast-schema-graph\">{\"@context\":\"https:\\\/\\\/schema.org\",\"@graph\":[{\"@type\":\"Article\",\"@id\":\"https:\\\/\\\/urbeamea.ro\\\/albaiulia\\\/gradinita-online-cu-o-educatoare-din-alba-iulia\\\/#article\",\"isPartOf\":{\"@id\":\"https:\\\/\\\/urbeamea.ro\\\/albaiulia\\\/gradinita-online-cu-o-educatoare-din-alba-iulia\\\/\"},\"author\":{\"name\":\"Cristina Ganga\",\"@id\":\"https:\\\/\\\/urbeamea.ro\\\/albaiulia\\\/#\\\/schema\\\/person\\\/9700d21fae21c4f038b0b56f4506264a\"},\"headline\":\"Gr\u0103dini\u021ba online cu o educatoare din Alba Iulia\",\"datePublished\":\"2020-05-12T15:28:13+00:00\",\"dateModified\":\"2020-05-12T15:45:04+00:00\",\"mainEntityOfPage\":{\"@id\":\"https:\\\/\\\/urbeamea.ro\\\/albaiulia\\\/gradinita-online-cu-o-educatoare-din-alba-iulia\\\/\"},\"wordCount\":209,\"commentCount\":0,\"image\":{\"@id\":\"https:\\\/\\\/urbeamea.ro\\\/albaiulia\\\/gradinita-online-cu-o-educatoare-din-alba-iulia\\\/#primaryimage\"},\"thumbnailUrl\":\"https:\\\/\\\/urbeamea.ro\\\/albaiulia\\\/wp-content\\\/uploads\\\/2020\\\/05\\\/20200512_103239.jpg\",\"keywords\":[\"educatoare\",\"gradinita cu pp nr 9 din alba iulia\",\"gradinita online\",\"meseria bratara de aur\"],\"articleSection\":[\"Educa\u021bie\"],\"inLanguage\":\"ro-RO\",\"potentialAction\":[{\"@type\":\"CommentAction\",\"name\":\"Comment\",\"target\":[\"https:\\\/\\\/urbeamea.ro\\\/albaiulia\\\/gradinita-online-cu-o-educatoare-din-alba-iulia\\\/#respond\"]}]},{\"@type\":\"WebPage\",\"@id\":\"https:\\\/\\\/urbeamea.ro\\\/albaiulia\\\/gradinita-online-cu-o-educatoare-din-alba-iulia\\\/\",\"url\":\"https:\\\/\\\/urbeamea.ro\\\/albaiulia\\\/gradinita-online-cu-o-educatoare-din-alba-iulia\\\/\",\"name\":\"Gr\u0103dini\u021ba online cu o educatoare din Alba Iulia - Revista Urbea Mea - Revista de Alba\",\"isPartOf\":{\"@id\":\"https:\\\/\\\/urbeamea.ro\\\/albaiulia\\\/#website\"},\"primaryImageOfPage\":{\"@id\":\"https:\\\/\\\/urbeamea.ro\\\/albaiulia\\\/gradinita-online-cu-o-educatoare-din-alba-iulia\\\/#primaryimage\"},\"image\":{\"@id\":\"https:\\\/\\\/urbeamea.ro\\\/albaiulia\\\/gradinita-online-cu-o-educatoare-din-alba-iulia\\\/#primaryimage\"},\"thumbnailUrl\":\"https:\\\/\\\/urbeamea.ro\\\/albaiulia\\\/wp-content\\\/uploads\\\/2020\\\/05\\\/20200512_103239.jpg\",\"datePublished\":\"2020-05-12T15:28:13+00:00\",\"dateModified\":\"2020-05-12T15:45:04+00:00\",\"author\":{\"@id\":\"https:\\\/\\\/urbeamea.ro\\\/albaiulia\\\/#\\\/schema\\\/person\\\/9700d21fae21c4f038b0b56f4506264a\"},\"description\":\"O educatoare de la Gradini\u021ba cu p.p. nr.9 din Alba Iulia, \u021bine leg\u0103tura cu \\\"Flutura\u0219ii ei\\\" \u0219i prin intermediul filmule\u021belor postate pe grupul p\u0103rin\u021bilor!\",\"breadcrumb\":{\"@id\":\"https:\\\/\\\/urbeamea.ro\\\/albaiulia\\\/gradinita-online-cu-o-educatoare-din-alba-iulia\\\/#breadcrumb\"},\"inLanguage\":\"ro-RO\",\"potentialAction\":[{\"@type\":\"ReadAction\",\"target\":[\"https:\\\/\\\/urbeamea.ro\\\/albaiulia\\\/gradinita-online-cu-o-educatoare-din-alba-iulia\\\/\"]}]},{\"@type\":\"ImageObject\",\"inLanguage\":\"ro-RO\",\"@id\":\"https:\\\/\\\/urbeamea.ro\\\/albaiulia\\\/gradinita-online-cu-o-educatoare-din-alba-iulia\\\/#primaryimage\",\"url\":\"https:\\\/\\\/urbeamea.ro\\\/albaiulia\\\/wp-content\\\/uploads\\\/2020\\\/05\\\/20200512_103239.jpg\",\"contentUrl\":\"https:\\\/\\\/urbeamea.ro\\\/albaiulia\\\/wp-content\\\/uploads\\\/2020\\\/05\\\/20200512_103239.jpg\",\"width\":1500,\"height\":844},{\"@type\":\"BreadcrumbList\",\"@id\":\"https:\\\/\\\/urbeamea.ro\\\/albaiulia\\\/gradinita-online-cu-o-educatoare-din-alba-iulia\\\/#breadcrumb\",\"itemListElement\":[{\"@type\":\"ListItem\",\"position\":1,\"name\":\"Prima pagin\u0103\",\"item\":\"https:\\\/\\\/urbeamea.ro\\\/albaiulia\\\/\"},{\"@type\":\"ListItem\",\"position\":2,\"name\":\"Gr\u0103dini\u021ba online cu o educatoare din Alba Iulia\"}]},{\"@type\":\"WebSite\",\"@id\":\"https:\\\/\\\/urbeamea.ro\\\/albaiulia\\\/#website\",\"url\":\"https:\\\/\\\/urbeamea.ro\\\/albaiulia\\\/\",\"name\":\"Revista Urbea Mea, Stiri urbane\",\"description\":\"Evenimente \u0219i \u0219tiri din Alba Iulia, Sebe\u0219, Aiud, Blaj\",\"potentialAction\":[{\"@type\":\"SearchAction\",\"target\":{\"@type\":\"EntryPoint\",\"urlTemplate\":\"https:\\\/\\\/urbeamea.ro\\\/albaiulia\\\/?s={search_term_string}\"},\"query-input\":{\"@type\":\"PropertyValueSpecification\",\"valueRequired\":true,\"valueName\":\"search_term_string\"}}],\"inLanguage\":\"ro-RO\"},{\"@type\":\"Person\",\"@id\":\"https:\\\/\\\/urbeamea.ro\\\/albaiulia\\\/#\\\/schema\\\/person\\\/9700d21fae21c4f038b0b56f4506264a\",\"name\":\"Cristina Ganga\",\"image\":{\"@type\":\"ImageObject\",\"inLanguage\":\"ro-RO\",\"@id\":\"https:\\\/\\\/secure.gravatar.com\\\/avatar\\\/5a67661041f057b4a8ccaf26f5a8e86e2689372006d01faf3dd9eeb10b654bb4?s=96&d=mm&r=g\",\"url\":\"https:\\\/\\\/secure.gravatar.com\\\/avatar\\\/5a67661041f057b4a8ccaf26f5a8e86e2689372006d01faf3dd9eeb10b654bb4?s=96&d=mm&r=g\",\"contentUrl\":\"https:\\\/\\\/secure.gravatar.com\\\/avatar\\\/5a67661041f057b4a8ccaf26f5a8e86e2689372006d01faf3dd9eeb10b654bb4?s=96&d=mm&r=g\",\"caption\":\"Cristina Ganga\"},\"description\":\"Jurnalist\",\"sameAs\":[\"https:\\\/\\\/www.facebook.com\\\/cristina.nicola.587\"],\"url\":\"https:\\\/\\\/urbeamea.ro\\\/albaiulia\\\/author\\\/cristina-nicola\\\/\"}]}<\/script>\n<!-- \/ Yoast SEO plugin. -->","yoast_head_json":{"title":"Gr\u0103dini\u021ba online cu o educatoare din Alba Iulia - Revista Urbea Mea - Revista de Alba","description":"O educatoare de la Gradini\u021ba cu p.p. nr.9 din Alba Iulia, \u021bine leg\u0103tura cu \"Flutura\u0219ii ei\" \u0219i prin intermediul filmule\u021belor postate pe grupul p\u0103rin\u021bilor!","robots":{"index":"index","follow":"follow","max-snippet":"max-snippet:-1","max-image-preview":"max-image-preview:large","max-video-preview":"max-video-preview:-1"},"canonical":"https:\/\/urbeamea.ro\/albaiulia\/gradinita-online-cu-o-educatoare-din-alba-iulia\/","twitter_card":"summary_large_image","twitter_title":"Gr\u0103dini\u021ba online cu o educatoare din Alba Iulia - Revista Urbea Mea - Revista de Alba","twitter_description":"O educatoare de la Gradini\u021ba cu p.p. nr.9 din Alba Iulia, \u021bine leg\u0103tura cu \"Flutura\u0219ii ei\" \u0219i prin intermediul filmule\u021belor postate pe grupul p\u0103rin\u021bilor!","twitter_image":"https:\/\/urbeamea.ro\/albaiulia\/wp-content\/uploads\/2020\/05\/20200512_103239.jpg","twitter_creator":"@urbeameaweb","twitter_site":"@urbeameaweb","schema":{"@context":"https:\/\/schema.org","@graph":[{"@type":"Article","@id":"https:\/\/urbeamea.ro\/albaiulia\/gradinita-online-cu-o-educatoare-din-alba-iulia\/#article","isPartOf":{"@id":"https:\/\/urbeamea.ro\/albaiulia\/gradinita-online-cu-o-educatoare-din-alba-iulia\/"},"author":{"name":"Cristina Ganga","@id":"https:\/\/urbeamea.ro\/albaiulia\/#\/schema\/person\/9700d21fae21c4f038b0b56f4506264a"},"headline":"Gr\u0103dini\u021ba online cu o educatoare din Alba Iulia","datePublished":"2020-05-12T15:28:13+00:00","dateModified":"2020-05-12T15:45:04+00:00","mainEntityOfPage":{"@id":"https:\/\/urbeamea.ro\/albaiulia\/gradinita-online-cu-o-educatoare-din-alba-iulia\/"},"wordCount":209,"commentCount":0,"image":{"@id":"https:\/\/urbeamea.ro\/albaiulia\/gradinita-online-cu-o-educatoare-din-alba-iulia\/#primaryimage"},"thumbnailUrl":"https:\/\/urbeamea.ro\/albaiulia\/wp-content\/uploads\/2020\/05\/20200512_103239.jpg","keywords":["educatoare","gradinita cu pp nr 9 din alba iulia","gradinita online","meseria bratara de aur"],"articleSection":["Educa\u021bie"],"inLanguage":"ro-RO","potentialAction":[{"@type":"CommentAction","name":"Comment","target":["https:\/\/urbeamea.ro\/albaiulia\/gradinita-online-cu-o-educatoare-din-alba-iulia\/#respond"]}]},{"@type":"WebPage","@id":"https:\/\/urbeamea.ro\/albaiulia\/gradinita-online-cu-o-educatoare-din-alba-iulia\/","url":"https:\/\/urbeamea.ro\/albaiulia\/gradinita-online-cu-o-educatoare-din-alba-iulia\/","name":"Gr\u0103dini\u021ba online cu o educatoare din Alba Iulia - Revista Urbea Mea - Revista de Alba","isPartOf":{"@id":"https:\/\/urbeamea.ro\/albaiulia\/#website"},"primaryImageOfPage":{"@id":"https:\/\/urbeamea.ro\/albaiulia\/gradinita-online-cu-o-educatoare-din-alba-iulia\/#primaryimage"},"image":{"@id":"https:\/\/urbeamea.ro\/albaiulia\/gradinita-online-cu-o-educatoare-din-alba-iulia\/#primaryimage"},"thumbnailUrl":"https:\/\/urbeamea.ro\/albaiulia\/wp-content\/uploads\/2020\/05\/20200512_103239.jpg","datePublished":"2020-05-12T15:28:13+00:00","dateModified":"2020-05-12T15:45:04+00:00","author":{"@id":"https:\/\/urbeamea.ro\/albaiulia\/#\/schema\/person\/9700d21fae21c4f038b0b56f4506264a"},"description":"O educatoare de la Gradini\u021ba cu p.p. nr.9 din Alba Iulia, \u021bine leg\u0103tura cu \"Flutura\u0219ii ei\" \u0219i prin intermediul filmule\u021belor postate pe grupul p\u0103rin\u021bilor!","breadcrumb":{"@id":"https:\/\/urbeamea.ro\/albaiulia\/gradinita-online-cu-o-educatoare-din-alba-iulia\/#breadcrumb"},"inLanguage":"ro-RO","potentialAction":[{"@type":"ReadAction","target":["https:\/\/urbeamea.ro\/albaiulia\/gradinita-online-cu-o-educatoare-din-alba-iulia\/"]}]},{"@type":"ImageObject","inLanguage":"ro-RO","@id":"https:\/\/urbeamea.ro\/albaiulia\/gradinita-online-cu-o-educatoare-din-alba-iulia\/#primaryimage","url":"https:\/\/urbeamea.ro\/albaiulia\/wp-content\/uploads\/2020\/05\/20200512_103239.jpg","contentUrl":"https:\/\/urbeamea.ro\/albaiulia\/wp-content\/uploads\/2020\/05\/20200512_103239.jpg","width":1500,"height":844},{"@type":"BreadcrumbList","@id":"https:\/\/urbeamea.ro\/albaiulia\/gradinita-online-cu-o-educatoare-din-alba-iulia\/#breadcrumb","itemListElement":[{"@type":"ListItem","position":1,"name":"Prima pagin\u0103","item":"https:\/\/urbeamea.ro\/albaiulia\/"},{"@type":"ListItem","position":2,"name":"Gr\u0103dini\u021ba online cu o educatoare din Alba Iulia"}]},{"@type":"WebSite","@id":"https:\/\/urbeamea.ro\/albaiulia\/#website","url":"https:\/\/urbeamea.ro\/albaiulia\/","name":"Revista Urbea Mea, Stiri urbane","description":"Evenimente \u0219i \u0219tiri din Alba Iulia, Sebe\u0219, Aiud, Blaj","potentialAction":[{"@type":"SearchAction","target":{"@type":"EntryPoint","urlTemplate":"https:\/\/urbeamea.ro\/albaiulia\/?s={search_term_string}"},"query-input":{"@type":"PropertyValueSpecification","valueRequired":true,"valueName":"search_term_string"}}],"inLanguage":"ro-RO"},{"@type":"Person","@id":"https:\/\/urbeamea.ro\/albaiulia\/#\/schema\/person\/9700d21fae21c4f038b0b56f4506264a","name":"Cristina Ganga","image":{"@type":"ImageObject","inLanguage":"ro-RO","@id":"https:\/\/secure.gravatar.com\/avatar\/5a67661041f057b4a8ccaf26f5a8e86e2689372006d01faf3dd9eeb10b654bb4?s=96&d=mm&r=g","url":"https:\/\/secure.gravatar.com\/avatar\/5a67661041f057b4a8ccaf26f5a8e86e2689372006d01faf3dd9eeb10b654bb4?s=96&d=mm&r=g","contentUrl":"https:\/\/secure.gravatar.com\/avatar\/5a67661041f057b4a8ccaf26f5a8e86e2689372006d01faf3dd9eeb10b654bb4?s=96&d=mm&r=g","caption":"Cristina Ganga"},"description":"Jurnalist","sameAs":["https:\/\/www.facebook.com\/cristina.nicola.587"],"url":"https:\/\/urbeamea.ro\/albaiulia\/author\/cristina-nicola\/"}]}},"_links":{"self":[{"href":"https:\/\/urbeamea.ro\/albaiulia\/wp-json\/wp\/v2\/posts\/89680","targetHints":{"allow":["GET"]}}],"collection":[{"href":"https:\/\/urbeamea.ro\/albaiulia\/wp-json\/wp\/v2\/posts"}],"about":[{"href":"https:\/\/urbeamea.ro\/albaiulia\/wp-json\/wp\/v2\/types\/post"}],"author":[{"embeddable":true,"href":"https:\/\/urbeamea.ro\/albaiulia\/wp-json\/wp\/v2\/users\/17"}],"replies":[{"embeddable":true,"href":"https:\/\/urbeamea.ro\/albaiulia\/wp-json\/wp\/v2\/comments?post=89680"}],"version-history":[{"count":0,"href":"https:\/\/urbeamea.ro\/albaiulia\/wp-json\/wp\/v2\/posts\/89680\/revisions"}],"wp:featuredmedia":[{"embeddable":true,"href":"https:\/\/urbeamea.ro\/albaiulia\/wp-json\/wp\/v2\/media\/89687"}],"wp:attachment":[{"href":"https:\/\/urbeamea.ro\/albaiulia\/wp-json\/wp\/v2\/media?parent=89680"}],"wp:term":[{"taxonomy":"category","embeddable":true,"href":"https:\/\/urbeamea.ro\/albaiulia\/wp-json\/wp\/v2\/categories?post=89680"},{"taxonomy":"post_tag","embeddable":true,"href":"https:\/\/urbeamea.ro\/albaiulia\/wp-json\/wp\/v2\/tags?post=89680"}],"curies":[{"name":"wp","href":"https:\/\/api.w.org\/{rel}","templated":true}]}}