{"id":89821,"date":"2020-05-18T14:36:15","date_gmt":"2020-05-18T11:36:15","guid":{"rendered":"https:\/\/urbeamea.ro\/albaiulia\/?p=89821"},"modified":"2020-05-18T14:36:19","modified_gmt":"2020-05-18T11:36:19","slug":"serviciului-public-comunitar-local-de-evidenta-a-persoanelor-alba-iulia-reia-activitatea-de-oficiere-a-casatoriilor","status":"publish","type":"post","link":"https:\/\/urbeamea.ro\/albaiulia\/serviciului-public-comunitar-local-de-evidenta-a-persoanelor-alba-iulia-reia-activitatea-de-oficiere-a-casatoriilor\/","title":{"rendered":"Serviciului Public Comunitar Local de Eviden\u021b\u0103 a Persoanelor Alba Iulia reia activitatea de oficiere a c\u0103s\u0103toriilor"},"content":{"rendered":"\n<p class=\"wp-block-paragraph\"><strong><u>Serviciului Public Comunitar Local de Eviden\u021b\u0103 a Persoanelor Alba Iulia,&nbsp;<\/u><\/strong>\u00een contextul pandemiei generate de virusul COVID-19 \u00een Rom\u00e2nia, av\u00e2nd \u00een vedere instituirea st\u0103rii de alert\u0103 pe teritoriul Rom\u00e2niei, pentru a evita aglomer\u0103rile de persoane \u0219i pentru a asigura protejarea cet\u0103\u021benilor care apeleaz\u0103 la serviciile SPCLEP, informeaz\u0103 c\u0103&nbsp;\u00eencep\u00e2nd cu data de&nbsp;<strong>18.05.2020<\/strong>&nbsp;<strong>se reia activitatea de oficiere a c\u0103s\u0103toriilor<\/strong>&nbsp;<strong>cu respectarea m\u0103surilor<\/strong>&nbsp;prev\u0103zute \u00een legea de instituire a st\u0103rii de alert\u0103, respectiv oficierea c\u0103s\u0103toriei la sediul Prim\u0103riei Alba Iulia, se&nbsp; va realiza \u00een prezen\u021ba a cel mult 8 persoane, inclusiv ofi\u021berul de stare civil\u0103, iar \u00een loca\u021biile din aer liber (Gr\u0103dina japonez\u0103, Traseul Celor Trei Fortifica\u021bii) se va oficia cas\u0103toria \u00een prezen\u021ba a maxim 16 persoane, inclusiv ofi\u021berul de stare civil\u0103.<\/p>\n\n\n\n<p class=\"wp-block-paragraph\">Eliberarea certificatelor de stare civil\u0103 la cerere precum \u0219i a celorlalte acte de stare civil\u0103 (adeverin\u021be, de celibat, transcrieri, schimb\u0103ri de nume pe cale administrativ\u0103 etc.) se realizeaz\u0103 \u00een baza unei program\u0103ri telefonice prealabile la nr.&nbsp; 0258\/815565<\/p>\n\n\n\n<p class=\"wp-block-paragraph\">La compartimentul de eviden\u021b\u0103 a persoanelor, preluarea cererilor de schimbare a actelor de identitate, pentru toate motivele prev\u0103zute \u00een OUG. 97\/2005, accesul se va realiza pe baz\u0103 de bon de ordine, care poate fi procurat de la poli\u021bistul local care asigur\u0103 paza de la intrarea \u00een institu\u021bie.<\/p>\n\n\n\n<p class=\"wp-block-paragraph\">Pentru orice nel\u0103muriri \u0219i informa\u021bii&nbsp;v\u0103&nbsp;st\u0103m la dispozi\u021bie la telefonul 0258\/815565,&nbsp;0258\/814550&nbsp;sau pe mailul serviciului&nbsp;<a href=\"mailto:spclep@apulum.ro\">spclep@apulum.ro<\/a>&nbsp;unde angaja\u021bii serviciului&nbsp;v\u0103&nbsp;vor r\u0103spunde cu promtitudine.&nbsp;<\/p>\n","protected":false},"excerpt":{"rendered":"<p>Serviciului Public Comunitar Local de Eviden\u021b\u0103 a Persoanelor Alba Iulia,&nbsp;\u00een contextul pandemiei generate de virusul COVID-19 \u00een Rom\u00e2nia, av\u00e2nd \u00een vedere instituirea st\u0103rii de alert\u0103 pe teritoriul Rom\u00e2niei, pentru a evita aglomer\u0103rile de persoane \u0219i pentru a asigura protejarea cet\u0103\u021benilor care apeleaz\u0103 la serviciile SPCLEP, informeaz\u0103 c\u0103&nbsp;\u00eencep\u00e2nd cu data de&nbsp;18.05.2020&nbsp;se reia activitatea de oficiere a &hellip;<\/p>\n","protected":false},"author":17,"featured_media":16338,"comment_status":"open","ping_status":"open","sticky":false,"template":"","format":"standard","meta":{"inline_featured_image":false,"footnotes":""},"categories":[2034],"tags":[20709,20708,20710,20057],"class_list":["post-89821","post","type-post","status-publish","format-standard","has-post-thumbnail","hentry","category-social","tag-oficiere-a-casatoriilor","tag-reia-activitatea","tag-respectarea-masurilor","tag-serviciul-public-comunitar-local-de-evidenta-a-persoanelor-alba-iulia"],"yoast_head":"<!-- This site is optimized with the Yoast SEO plugin v28.3 - https:\/\/yoast.com\/product\/yoast-seo-wordpress\/ -->\n<title>Serviciului Public Comunitar Local de Eviden\u021b\u0103 a Persoanelor Alba Iulia reia activitatea de oficiere a c\u0103s\u0103toriilor - Revista Urbea Mea - Revista de Alba<\/title>\n<meta name=\"description\" content=\"Serviciului Public Comunitar Local de Eviden\u021b\u0103 a Persoanelor Alba Iulia,&nbsp;\u00een contextul pandemiei generate de virusul COVID-19 \u00een Rom\u00e2nia, av\u00e2nd \u00een\" \/>\n<meta name=\"robots\" content=\"index, follow, max-snippet:-1, max-image-preview:large, max-video-preview:-1\" \/>\n<link rel=\"canonical\" href=\"https:\/\/urbeamea.ro\/albaiulia\/serviciului-public-comunitar-local-de-evidenta-a-persoanelor-alba-iulia-reia-activitatea-de-oficiere-a-casatoriilor\/\" \/>\n<meta name=\"twitter:card\" content=\"summary_large_image\" \/>\n<meta name=\"twitter:title\" content=\"Serviciului Public Comunitar Local de Eviden\u021b\u0103 a Persoanelor Alba Iulia reia activitatea de oficiere a c\u0103s\u0103toriilor - Revista Urbea Mea - Revista de Alba\" \/>\n<meta name=\"twitter:description\" content=\"Serviciului Public Comunitar Local de Eviden\u021b\u0103 a Persoanelor Alba Iulia,&nbsp;\u00een contextul pandemiei generate de virusul COVID-19 \u00een Rom\u00e2nia, av\u00e2nd \u00een\" \/>\n<meta name=\"twitter:image\" content=\"https:\/\/urbeamea.ro\/albaiulia\/wp-content\/uploads\/2016\/01\/casatorie.jpg\" \/>\n<meta name=\"twitter:creator\" content=\"@urbeameaweb\" \/>\n<meta name=\"twitter:site\" content=\"@urbeameaweb\" \/>\n<script type=\"application\/ld+json\" class=\"yoast-schema-graph\">{\"@context\":\"https:\\\/\\\/schema.org\",\"@graph\":[{\"@type\":\"Article\",\"@id\":\"https:\\\/\\\/urbeamea.ro\\\/albaiulia\\\/serviciului-public-comunitar-local-de-evidenta-a-persoanelor-alba-iulia-reia-activitatea-de-oficiere-a-casatoriilor\\\/#article\",\"isPartOf\":{\"@id\":\"https:\\\/\\\/urbeamea.ro\\\/albaiulia\\\/serviciului-public-comunitar-local-de-evidenta-a-persoanelor-alba-iulia-reia-activitatea-de-oficiere-a-casatoriilor\\\/\"},\"author\":{\"name\":\"Cristina Ganga\",\"@id\":\"https:\\\/\\\/urbeamea.ro\\\/albaiulia\\\/#\\\/schema\\\/person\\\/9700d21fae21c4f038b0b56f4506264a\"},\"headline\":\"Serviciului Public Comunitar Local de Eviden\u021b\u0103 a Persoanelor Alba Iulia reia activitatea de oficiere a c\u0103s\u0103toriilor\",\"datePublished\":\"2020-05-18T11:36:15+00:00\",\"dateModified\":\"2020-05-18T11:36:19+00:00\",\"mainEntityOfPage\":{\"@id\":\"https:\\\/\\\/urbeamea.ro\\\/albaiulia\\\/serviciului-public-comunitar-local-de-evidenta-a-persoanelor-alba-iulia-reia-activitatea-de-oficiere-a-casatoriilor\\\/\"},\"wordCount\":297,\"commentCount\":0,\"image\":{\"@id\":\"https:\\\/\\\/urbeamea.ro\\\/albaiulia\\\/serviciului-public-comunitar-local-de-evidenta-a-persoanelor-alba-iulia-reia-activitatea-de-oficiere-a-casatoriilor\\\/#primaryimage\"},\"thumbnailUrl\":\"https:\\\/\\\/urbeamea.ro\\\/albaiulia\\\/wp-content\\\/uploads\\\/2016\\\/01\\\/casatorie.jpg\",\"keywords\":[\"oficiere a casatoriilor\",\"reia activitatea\",\"respectarea masurilor\",\"serviciul public comunitar local de evidenta a persoanelor alba iulia\"],\"articleSection\":[\"Social\"],\"inLanguage\":\"ro-RO\",\"potentialAction\":[{\"@type\":\"CommentAction\",\"name\":\"Comment\",\"target\":[\"https:\\\/\\\/urbeamea.ro\\\/albaiulia\\\/serviciului-public-comunitar-local-de-evidenta-a-persoanelor-alba-iulia-reia-activitatea-de-oficiere-a-casatoriilor\\\/#respond\"]}]},{\"@type\":\"WebPage\",\"@id\":\"https:\\\/\\\/urbeamea.ro\\\/albaiulia\\\/serviciului-public-comunitar-local-de-evidenta-a-persoanelor-alba-iulia-reia-activitatea-de-oficiere-a-casatoriilor\\\/\",\"url\":\"https:\\\/\\\/urbeamea.ro\\\/albaiulia\\\/serviciului-public-comunitar-local-de-evidenta-a-persoanelor-alba-iulia-reia-activitatea-de-oficiere-a-casatoriilor\\\/\",\"name\":\"Serviciului Public Comunitar Local de Eviden\u021b\u0103 a Persoanelor Alba Iulia reia activitatea de oficiere a c\u0103s\u0103toriilor - Revista Urbea Mea - Revista de Alba\",\"isPartOf\":{\"@id\":\"https:\\\/\\\/urbeamea.ro\\\/albaiulia\\\/#website\"},\"primaryImageOfPage\":{\"@id\":\"https:\\\/\\\/urbeamea.ro\\\/albaiulia\\\/serviciului-public-comunitar-local-de-evidenta-a-persoanelor-alba-iulia-reia-activitatea-de-oficiere-a-casatoriilor\\\/#primaryimage\"},\"image\":{\"@id\":\"https:\\\/\\\/urbeamea.ro\\\/albaiulia\\\/serviciului-public-comunitar-local-de-evidenta-a-persoanelor-alba-iulia-reia-activitatea-de-oficiere-a-casatoriilor\\\/#primaryimage\"},\"thumbnailUrl\":\"https:\\\/\\\/urbeamea.ro\\\/albaiulia\\\/wp-content\\\/uploads\\\/2016\\\/01\\\/casatorie.jpg\",\"datePublished\":\"2020-05-18T11:36:15+00:00\",\"dateModified\":\"2020-05-18T11:36:19+00:00\",\"author\":{\"@id\":\"https:\\\/\\\/urbeamea.ro\\\/albaiulia\\\/#\\\/schema\\\/person\\\/9700d21fae21c4f038b0b56f4506264a\"},\"description\":\"Serviciului Public Comunitar Local de Eviden\u021b\u0103 a Persoanelor Alba Iulia,&nbsp;\u00een contextul pandemiei generate de virusul COVID-19 \u00een Rom\u00e2nia, av\u00e2nd \u00een\",\"breadcrumb\":{\"@id\":\"https:\\\/\\\/urbeamea.ro\\\/albaiulia\\\/serviciului-public-comunitar-local-de-evidenta-a-persoanelor-alba-iulia-reia-activitatea-de-oficiere-a-casatoriilor\\\/#breadcrumb\"},\"inLanguage\":\"ro-RO\",\"potentialAction\":[{\"@type\":\"ReadAction\",\"target\":[\"https:\\\/\\\/urbeamea.ro\\\/albaiulia\\\/serviciului-public-comunitar-local-de-evidenta-a-persoanelor-alba-iulia-reia-activitatea-de-oficiere-a-casatoriilor\\\/\"]}]},{\"@type\":\"ImageObject\",\"inLanguage\":\"ro-RO\",\"@id\":\"https:\\\/\\\/urbeamea.ro\\\/albaiulia\\\/serviciului-public-comunitar-local-de-evidenta-a-persoanelor-alba-iulia-reia-activitatea-de-oficiere-a-casatoriilor\\\/#primaryimage\",\"url\":\"https:\\\/\\\/urbeamea.ro\\\/albaiulia\\\/wp-content\\\/uploads\\\/2016\\\/01\\\/casatorie.jpg\",\"contentUrl\":\"https:\\\/\\\/urbeamea.ro\\\/albaiulia\\\/wp-content\\\/uploads\\\/2016\\\/01\\\/casatorie.jpg\",\"width\":618,\"height\":413},{\"@type\":\"BreadcrumbList\",\"@id\":\"https:\\\/\\\/urbeamea.ro\\\/albaiulia\\\/serviciului-public-comunitar-local-de-evidenta-a-persoanelor-alba-iulia-reia-activitatea-de-oficiere-a-casatoriilor\\\/#breadcrumb\",\"itemListElement\":[{\"@type\":\"ListItem\",\"position\":1,\"name\":\"Prima pagin\u0103\",\"item\":\"https:\\\/\\\/urbeamea.ro\\\/albaiulia\\\/\"},{\"@type\":\"ListItem\",\"position\":2,\"name\":\"Serviciului Public Comunitar Local de Eviden\u021b\u0103 a Persoanelor Alba Iulia reia activitatea de oficiere a c\u0103s\u0103toriilor\"}]},{\"@type\":\"WebSite\",\"@id\":\"https:\\\/\\\/urbeamea.ro\\\/albaiulia\\\/#website\",\"url\":\"https:\\\/\\\/urbeamea.ro\\\/albaiulia\\\/\",\"name\":\"Revista Urbea Mea, Stiri urbane\",\"description\":\"Evenimente \u0219i \u0219tiri din Alba Iulia, Sebe\u0219, Aiud, Blaj\",\"potentialAction\":[{\"@type\":\"SearchAction\",\"target\":{\"@type\":\"EntryPoint\",\"urlTemplate\":\"https:\\\/\\\/urbeamea.ro\\\/albaiulia\\\/?s={search_term_string}\"},\"query-input\":{\"@type\":\"PropertyValueSpecification\",\"valueRequired\":true,\"valueName\":\"search_term_string\"}}],\"inLanguage\":\"ro-RO\"},{\"@type\":\"Person\",\"@id\":\"https:\\\/\\\/urbeamea.ro\\\/albaiulia\\\/#\\\/schema\\\/person\\\/9700d21fae21c4f038b0b56f4506264a\",\"name\":\"Cristina Ganga\",\"image\":{\"@type\":\"ImageObject\",\"inLanguage\":\"ro-RO\",\"@id\":\"https:\\\/\\\/secure.gravatar.com\\\/avatar\\\/5a67661041f057b4a8ccaf26f5a8e86e2689372006d01faf3dd9eeb10b654bb4?s=96&d=mm&r=g\",\"url\":\"https:\\\/\\\/secure.gravatar.com\\\/avatar\\\/5a67661041f057b4a8ccaf26f5a8e86e2689372006d01faf3dd9eeb10b654bb4?s=96&d=mm&r=g\",\"contentUrl\":\"https:\\\/\\\/secure.gravatar.com\\\/avatar\\\/5a67661041f057b4a8ccaf26f5a8e86e2689372006d01faf3dd9eeb10b654bb4?s=96&d=mm&r=g\",\"caption\":\"Cristina Ganga\"},\"description\":\"Jurnalist\",\"sameAs\":[\"https:\\\/\\\/www.facebook.com\\\/cristina.nicola.587\"],\"url\":\"https:\\\/\\\/urbeamea.ro\\\/albaiulia\\\/author\\\/cristina-nicola\\\/\"}]}<\/script>\n<!-- \/ Yoast SEO plugin. -->","yoast_head_json":{"title":"Serviciului Public Comunitar Local de Eviden\u021b\u0103 a Persoanelor Alba Iulia reia activitatea de oficiere a c\u0103s\u0103toriilor - Revista Urbea Mea - Revista de Alba","description":"Serviciului Public Comunitar Local de Eviden\u021b\u0103 a Persoanelor Alba Iulia,&nbsp;\u00een contextul pandemiei generate de virusul COVID-19 \u00een Rom\u00e2nia, av\u00e2nd \u00een","robots":{"index":"index","follow":"follow","max-snippet":"max-snippet:-1","max-image-preview":"max-image-preview:large","max-video-preview":"max-video-preview:-1"},"canonical":"https:\/\/urbeamea.ro\/albaiulia\/serviciului-public-comunitar-local-de-evidenta-a-persoanelor-alba-iulia-reia-activitatea-de-oficiere-a-casatoriilor\/","twitter_card":"summary_large_image","twitter_title":"Serviciului Public Comunitar Local de Eviden\u021b\u0103 a Persoanelor Alba Iulia reia activitatea de oficiere a c\u0103s\u0103toriilor - Revista Urbea Mea - Revista de Alba","twitter_description":"Serviciului Public Comunitar Local de Eviden\u021b\u0103 a Persoanelor Alba Iulia,&nbsp;\u00een contextul pandemiei generate de virusul COVID-19 \u00een Rom\u00e2nia, av\u00e2nd \u00een","twitter_image":"https:\/\/urbeamea.ro\/albaiulia\/wp-content\/uploads\/2016\/01\/casatorie.jpg","twitter_creator":"@urbeameaweb","twitter_site":"@urbeameaweb","schema":{"@context":"https:\/\/schema.org","@graph":[{"@type":"Article","@id":"https:\/\/urbeamea.ro\/albaiulia\/serviciului-public-comunitar-local-de-evidenta-a-persoanelor-alba-iulia-reia-activitatea-de-oficiere-a-casatoriilor\/#article","isPartOf":{"@id":"https:\/\/urbeamea.ro\/albaiulia\/serviciului-public-comunitar-local-de-evidenta-a-persoanelor-alba-iulia-reia-activitatea-de-oficiere-a-casatoriilor\/"},"author":{"name":"Cristina Ganga","@id":"https:\/\/urbeamea.ro\/albaiulia\/#\/schema\/person\/9700d21fae21c4f038b0b56f4506264a"},"headline":"Serviciului Public Comunitar Local de Eviden\u021b\u0103 a Persoanelor Alba Iulia reia activitatea de oficiere a c\u0103s\u0103toriilor","datePublished":"2020-05-18T11:36:15+00:00","dateModified":"2020-05-18T11:36:19+00:00","mainEntityOfPage":{"@id":"https:\/\/urbeamea.ro\/albaiulia\/serviciului-public-comunitar-local-de-evidenta-a-persoanelor-alba-iulia-reia-activitatea-de-oficiere-a-casatoriilor\/"},"wordCount":297,"commentCount":0,"image":{"@id":"https:\/\/urbeamea.ro\/albaiulia\/serviciului-public-comunitar-local-de-evidenta-a-persoanelor-alba-iulia-reia-activitatea-de-oficiere-a-casatoriilor\/#primaryimage"},"thumbnailUrl":"https:\/\/urbeamea.ro\/albaiulia\/wp-content\/uploads\/2016\/01\/casatorie.jpg","keywords":["oficiere a casatoriilor","reia activitatea","respectarea masurilor","serviciul public comunitar local de evidenta a persoanelor alba iulia"],"articleSection":["Social"],"inLanguage":"ro-RO","potentialAction":[{"@type":"CommentAction","name":"Comment","target":["https:\/\/urbeamea.ro\/albaiulia\/serviciului-public-comunitar-local-de-evidenta-a-persoanelor-alba-iulia-reia-activitatea-de-oficiere-a-casatoriilor\/#respond"]}]},{"@type":"WebPage","@id":"https:\/\/urbeamea.ro\/albaiulia\/serviciului-public-comunitar-local-de-evidenta-a-persoanelor-alba-iulia-reia-activitatea-de-oficiere-a-casatoriilor\/","url":"https:\/\/urbeamea.ro\/albaiulia\/serviciului-public-comunitar-local-de-evidenta-a-persoanelor-alba-iulia-reia-activitatea-de-oficiere-a-casatoriilor\/","name":"Serviciului Public Comunitar Local de Eviden\u021b\u0103 a Persoanelor Alba Iulia reia activitatea de oficiere a c\u0103s\u0103toriilor - Revista Urbea Mea - Revista de Alba","isPartOf":{"@id":"https:\/\/urbeamea.ro\/albaiulia\/#website"},"primaryImageOfPage":{"@id":"https:\/\/urbeamea.ro\/albaiulia\/serviciului-public-comunitar-local-de-evidenta-a-persoanelor-alba-iulia-reia-activitatea-de-oficiere-a-casatoriilor\/#primaryimage"},"image":{"@id":"https:\/\/urbeamea.ro\/albaiulia\/serviciului-public-comunitar-local-de-evidenta-a-persoanelor-alba-iulia-reia-activitatea-de-oficiere-a-casatoriilor\/#primaryimage"},"thumbnailUrl":"https:\/\/urbeamea.ro\/albaiulia\/wp-content\/uploads\/2016\/01\/casatorie.jpg","datePublished":"2020-05-18T11:36:15+00:00","dateModified":"2020-05-18T11:36:19+00:00","author":{"@id":"https:\/\/urbeamea.ro\/albaiulia\/#\/schema\/person\/9700d21fae21c4f038b0b56f4506264a"},"description":"Serviciului Public Comunitar Local de Eviden\u021b\u0103 a Persoanelor Alba Iulia,&nbsp;\u00een contextul pandemiei generate de virusul COVID-19 \u00een Rom\u00e2nia, av\u00e2nd \u00een","breadcrumb":{"@id":"https:\/\/urbeamea.ro\/albaiulia\/serviciului-public-comunitar-local-de-evidenta-a-persoanelor-alba-iulia-reia-activitatea-de-oficiere-a-casatoriilor\/#breadcrumb"},"inLanguage":"ro-RO","potentialAction":[{"@type":"ReadAction","target":["https:\/\/urbeamea.ro\/albaiulia\/serviciului-public-comunitar-local-de-evidenta-a-persoanelor-alba-iulia-reia-activitatea-de-oficiere-a-casatoriilor\/"]}]},{"@type":"ImageObject","inLanguage":"ro-RO","@id":"https:\/\/urbeamea.ro\/albaiulia\/serviciului-public-comunitar-local-de-evidenta-a-persoanelor-alba-iulia-reia-activitatea-de-oficiere-a-casatoriilor\/#primaryimage","url":"https:\/\/urbeamea.ro\/albaiulia\/wp-content\/uploads\/2016\/01\/casatorie.jpg","contentUrl":"https:\/\/urbeamea.ro\/albaiulia\/wp-content\/uploads\/2016\/01\/casatorie.jpg","width":618,"height":413},{"@type":"BreadcrumbList","@id":"https:\/\/urbeamea.ro\/albaiulia\/serviciului-public-comunitar-local-de-evidenta-a-persoanelor-alba-iulia-reia-activitatea-de-oficiere-a-casatoriilor\/#breadcrumb","itemListElement":[{"@type":"ListItem","position":1,"name":"Prima pagin\u0103","item":"https:\/\/urbeamea.ro\/albaiulia\/"},{"@type":"ListItem","position":2,"name":"Serviciului Public Comunitar Local de Eviden\u021b\u0103 a Persoanelor Alba Iulia reia activitatea de oficiere a c\u0103s\u0103toriilor"}]},{"@type":"WebSite","@id":"https:\/\/urbeamea.ro\/albaiulia\/#website","url":"https:\/\/urbeamea.ro\/albaiulia\/","name":"Revista Urbea Mea, Stiri urbane","description":"Evenimente \u0219i \u0219tiri din Alba Iulia, Sebe\u0219, Aiud, Blaj","potentialAction":[{"@type":"SearchAction","target":{"@type":"EntryPoint","urlTemplate":"https:\/\/urbeamea.ro\/albaiulia\/?s={search_term_string}"},"query-input":{"@type":"PropertyValueSpecification","valueRequired":true,"valueName":"search_term_string"}}],"inLanguage":"ro-RO"},{"@type":"Person","@id":"https:\/\/urbeamea.ro\/albaiulia\/#\/schema\/person\/9700d21fae21c4f038b0b56f4506264a","name":"Cristina Ganga","image":{"@type":"ImageObject","inLanguage":"ro-RO","@id":"https:\/\/secure.gravatar.com\/avatar\/5a67661041f057b4a8ccaf26f5a8e86e2689372006d01faf3dd9eeb10b654bb4?s=96&d=mm&r=g","url":"https:\/\/secure.gravatar.com\/avatar\/5a67661041f057b4a8ccaf26f5a8e86e2689372006d01faf3dd9eeb10b654bb4?s=96&d=mm&r=g","contentUrl":"https:\/\/secure.gravatar.com\/avatar\/5a67661041f057b4a8ccaf26f5a8e86e2689372006d01faf3dd9eeb10b654bb4?s=96&d=mm&r=g","caption":"Cristina Ganga"},"description":"Jurnalist","sameAs":["https:\/\/www.facebook.com\/cristina.nicola.587"],"url":"https:\/\/urbeamea.ro\/albaiulia\/author\/cristina-nicola\/"}]}},"_links":{"self":[{"href":"https:\/\/urbeamea.ro\/albaiulia\/wp-json\/wp\/v2\/posts\/89821","targetHints":{"allow":["GET"]}}],"collection":[{"href":"https:\/\/urbeamea.ro\/albaiulia\/wp-json\/wp\/v2\/posts"}],"about":[{"href":"https:\/\/urbeamea.ro\/albaiulia\/wp-json\/wp\/v2\/types\/post"}],"author":[{"embeddable":true,"href":"https:\/\/urbeamea.ro\/albaiulia\/wp-json\/wp\/v2\/users\/17"}],"replies":[{"embeddable":true,"href":"https:\/\/urbeamea.ro\/albaiulia\/wp-json\/wp\/v2\/comments?post=89821"}],"version-history":[{"count":0,"href":"https:\/\/urbeamea.ro\/albaiulia\/wp-json\/wp\/v2\/posts\/89821\/revisions"}],"wp:featuredmedia":[{"embeddable":true,"href":"https:\/\/urbeamea.ro\/albaiulia\/wp-json\/wp\/v2\/media\/16338"}],"wp:attachment":[{"href":"https:\/\/urbeamea.ro\/albaiulia\/wp-json\/wp\/v2\/media?parent=89821"}],"wp:term":[{"taxonomy":"category","embeddable":true,"href":"https:\/\/urbeamea.ro\/albaiulia\/wp-json\/wp\/v2\/categories?post=89821"},{"taxonomy":"post_tag","embeddable":true,"href":"https:\/\/urbeamea.ro\/albaiulia\/wp-json\/wp\/v2\/tags?post=89821"}],"curies":[{"name":"wp","href":"https:\/\/api.w.org\/{rel}","templated":true}]}}