{"id":90570,"date":"2020-06-19T13:44:15","date_gmt":"2020-06-19T10:44:15","guid":{"rendered":"https:\/\/urbeamea.ro\/albaiulia\/?p=90570"},"modified":"2020-06-19T13:44:17","modified_gmt":"2020-06-19T10:44:17","slug":"astazi-ceaunul-vizitiului-si-folclor-live-la-czech-in-la-vizitiu","status":"publish","type":"post","link":"https:\/\/urbeamea.ro\/albaiulia\/astazi-ceaunul-vizitiului-si-folclor-live-la-czech-in-la-vizitiu\/","title":{"rendered":"AST\u0102ZI: Ceaunul vizitiului \u0219i folclor live, la Czech In La Vizitiu"},"content":{"rendered":"\n<h4 class=\"wp-block-heading\">Vineri seara, \u00eencep\u00e2nd cu ora 19,00, chef Toma va preg\u0103ti \u00een localul \u201eCzech In La Vizitiu\u201d, un ceaun s\u0103 te lingi pe degete. Pentru ca meniul s\u0103 fie complet, ve\u021bi avea parte \u0219i muzic\u0103 popular\u0103 rom\u00e2neasc\u0103.<\/h4>\n\n\n\n<p class=\"wp-block-paragraph\"><em>\u201eTuturor ne este dor de serile minunate petrecute aici, \u201cLa Vizitiu\u201d, cu muzica buna \u0219i m\u00e2ncare ca la mama acas\u0103! Tocmai de aceea, v\u0103 anun\u021b\u0103m c\u0103 vineri, 19 Iunie, echipa Vizitiului organizeaz\u0103 o petrecere cu muzic\u0103 live, interpretat\u0103 de Fra\u021bii Balu &amp; Contrast Band!<\/em><\/p>\n\n\n\n<p class=\"wp-block-paragraph\"><em>De asemenea, ve\u021bi putea gusta din ceaunul Vizitiului, g\u0103tit de Chef Toma! Fa-\u021bi rezervare din timp, pentru a te bucura de o seara faina, la <a rel=\"noreferrer noopener\" target=\"_blank\" href=\"https:\/\/www.facebook.com\/hashtag\/czechinlavizitiu?__eep__=6\">#czechinlavizitiu<\/a>!\u201d,<\/em> transmit organizatorii.<\/p>\n","protected":false},"excerpt":{"rendered":"<p>Vineri seara, \u00eencep\u00e2nd cu ora 19,00, chef Toma va preg\u0103ti \u00een localul \u201eCzech In La Vizitiu\u201d, un ceaun s\u0103 te lingi pe degete. Pentru ca meniul s\u0103 fie complet, ve\u021bi avea parte \u0219i muzic\u0103 popular\u0103 rom\u00e2neasc\u0103. \u201eTuturor ne este dor de serile minunate petrecute aici, \u201cLa Vizitiu\u201d, cu muzica buna \u0219i m\u00e2ncare ca la mama &hellip;<\/p>\n","protected":false},"author":17,"featured_media":90571,"comment_status":"open","ping_status":"open","sticky":false,"template":"","format":"standard","meta":{"inline_featured_image":false,"footnotes":""},"categories":[4],"tags":[19097,8891,17104,20962,20964,20963],"class_list":["post-90570","post","type-post","status-publish","format-standard","has-post-thumbnail","hentry","category-eveniment","tag-ceaunul-vizitiului","tag-chef-cosmin-toma","tag-czech-in-la-vizitiu","tag-folclor-live","tag-fratii-balu-contrast-band","tag-muzica-populara-romaneasca"],"yoast_head":"<!-- This site is optimized with the Yoast SEO plugin v28.3 - https:\/\/yoast.com\/product\/yoast-seo-wordpress\/ -->\n<title>AST\u0102ZI: Ceaunul vizitiului \u0219i folclor live, la Czech In La Vizitiu - Revista Urbea Mea - Revista de Alba<\/title>\n<meta name=\"description\" content=\"Vineri seara, \u00eencep\u00e2nd cu ora 19,00, chef Toma va preg\u0103ti \u00een localul \u201eCzech In La Vizitiu\u201d, un ceaun s\u0103 te lingi pe degete. Pentru ca meniul s\u0103 fie\" \/>\n<meta name=\"robots\" content=\"index, follow, max-snippet:-1, max-image-preview:large, max-video-preview:-1\" \/>\n<link rel=\"canonical\" href=\"https:\/\/urbeamea.ro\/albaiulia\/astazi-ceaunul-vizitiului-si-folclor-live-la-czech-in-la-vizitiu\/\" \/>\n<meta name=\"twitter:card\" content=\"summary_large_image\" \/>\n<meta name=\"twitter:title\" content=\"AST\u0102ZI: Ceaunul vizitiului \u0219i folclor live, la Czech In La Vizitiu - Revista Urbea Mea - Revista de Alba\" \/>\n<meta name=\"twitter:description\" content=\"Vineri seara, \u00eencep\u00e2nd cu ora 19,00, chef Toma va preg\u0103ti \u00een localul \u201eCzech In La Vizitiu\u201d, un ceaun s\u0103 te lingi pe degete. Pentru ca meniul s\u0103 fie\" \/>\n<meta name=\"twitter:image\" content=\"https:\/\/urbeamea.ro\/albaiulia\/wp-content\/uploads\/2020\/06\/104599384_669149243668412_909234912193312739_o.jpg\" \/>\n<meta name=\"twitter:creator\" content=\"@urbeameaweb\" \/>\n<meta name=\"twitter:site\" content=\"@urbeameaweb\" \/>\n<script type=\"application\/ld+json\" class=\"yoast-schema-graph\">{\"@context\":\"https:\\\/\\\/schema.org\",\"@graph\":[{\"@type\":\"Article\",\"@id\":\"https:\\\/\\\/urbeamea.ro\\\/albaiulia\\\/astazi-ceaunul-vizitiului-si-folclor-live-la-czech-in-la-vizitiu\\\/#article\",\"isPartOf\":{\"@id\":\"https:\\\/\\\/urbeamea.ro\\\/albaiulia\\\/astazi-ceaunul-vizitiului-si-folclor-live-la-czech-in-la-vizitiu\\\/\"},\"author\":{\"name\":\"Cristina Ganga\",\"@id\":\"https:\\\/\\\/urbeamea.ro\\\/albaiulia\\\/#\\\/schema\\\/person\\\/9700d21fae21c4f038b0b56f4506264a\"},\"headline\":\"AST\u0102ZI: Ceaunul vizitiului \u0219i folclor live, la Czech In La Vizitiu\",\"datePublished\":\"2020-06-19T10:44:15+00:00\",\"dateModified\":\"2020-06-19T10:44:17+00:00\",\"mainEntityOfPage\":{\"@id\":\"https:\\\/\\\/urbeamea.ro\\\/albaiulia\\\/astazi-ceaunul-vizitiului-si-folclor-live-la-czech-in-la-vizitiu\\\/\"},\"wordCount\":128,\"commentCount\":0,\"image\":{\"@id\":\"https:\\\/\\\/urbeamea.ro\\\/albaiulia\\\/astazi-ceaunul-vizitiului-si-folclor-live-la-czech-in-la-vizitiu\\\/#primaryimage\"},\"thumbnailUrl\":\"https:\\\/\\\/urbeamea.ro\\\/albaiulia\\\/wp-content\\\/uploads\\\/2020\\\/06\\\/104599384_669149243668412_909234912193312739_o.jpg\",\"keywords\":[\"ceaunul vizitiului\",\"chef cosmin toma\",\"czech in la vizitiu\",\"folclor live\",\"fratii balu &amp; contrast band\",\"muzica populara romaneasca\"],\"articleSection\":[\"Evenimente\"],\"inLanguage\":\"ro-RO\",\"potentialAction\":[{\"@type\":\"CommentAction\",\"name\":\"Comment\",\"target\":[\"https:\\\/\\\/urbeamea.ro\\\/albaiulia\\\/astazi-ceaunul-vizitiului-si-folclor-live-la-czech-in-la-vizitiu\\\/#respond\"]}]},{\"@type\":\"WebPage\",\"@id\":\"https:\\\/\\\/urbeamea.ro\\\/albaiulia\\\/astazi-ceaunul-vizitiului-si-folclor-live-la-czech-in-la-vizitiu\\\/\",\"url\":\"https:\\\/\\\/urbeamea.ro\\\/albaiulia\\\/astazi-ceaunul-vizitiului-si-folclor-live-la-czech-in-la-vizitiu\\\/\",\"name\":\"AST\u0102ZI: Ceaunul vizitiului \u0219i folclor live, la Czech In La Vizitiu - Revista Urbea Mea - Revista de Alba\",\"isPartOf\":{\"@id\":\"https:\\\/\\\/urbeamea.ro\\\/albaiulia\\\/#website\"},\"primaryImageOfPage\":{\"@id\":\"https:\\\/\\\/urbeamea.ro\\\/albaiulia\\\/astazi-ceaunul-vizitiului-si-folclor-live-la-czech-in-la-vizitiu\\\/#primaryimage\"},\"image\":{\"@id\":\"https:\\\/\\\/urbeamea.ro\\\/albaiulia\\\/astazi-ceaunul-vizitiului-si-folclor-live-la-czech-in-la-vizitiu\\\/#primaryimage\"},\"thumbnailUrl\":\"https:\\\/\\\/urbeamea.ro\\\/albaiulia\\\/wp-content\\\/uploads\\\/2020\\\/06\\\/104599384_669149243668412_909234912193312739_o.jpg\",\"datePublished\":\"2020-06-19T10:44:15+00:00\",\"dateModified\":\"2020-06-19T10:44:17+00:00\",\"author\":{\"@id\":\"https:\\\/\\\/urbeamea.ro\\\/albaiulia\\\/#\\\/schema\\\/person\\\/9700d21fae21c4f038b0b56f4506264a\"},\"description\":\"Vineri seara, \u00eencep\u00e2nd cu ora 19,00, chef Toma va preg\u0103ti \u00een localul \u201eCzech In La Vizitiu\u201d, un ceaun s\u0103 te lingi pe degete. Pentru ca meniul s\u0103 fie\",\"breadcrumb\":{\"@id\":\"https:\\\/\\\/urbeamea.ro\\\/albaiulia\\\/astazi-ceaunul-vizitiului-si-folclor-live-la-czech-in-la-vizitiu\\\/#breadcrumb\"},\"inLanguage\":\"ro-RO\",\"potentialAction\":[{\"@type\":\"ReadAction\",\"target\":[\"https:\\\/\\\/urbeamea.ro\\\/albaiulia\\\/astazi-ceaunul-vizitiului-si-folclor-live-la-czech-in-la-vizitiu\\\/\"]}]},{\"@type\":\"ImageObject\",\"inLanguage\":\"ro-RO\",\"@id\":\"https:\\\/\\\/urbeamea.ro\\\/albaiulia\\\/astazi-ceaunul-vizitiului-si-folclor-live-la-czech-in-la-vizitiu\\\/#primaryimage\",\"url\":\"https:\\\/\\\/urbeamea.ro\\\/albaiulia\\\/wp-content\\\/uploads\\\/2020\\\/06\\\/104599384_669149243668412_909234912193312739_o.jpg\",\"contentUrl\":\"https:\\\/\\\/urbeamea.ro\\\/albaiulia\\\/wp-content\\\/uploads\\\/2020\\\/06\\\/104599384_669149243668412_909234912193312739_o.jpg\",\"width\":960,\"height\":502},{\"@type\":\"BreadcrumbList\",\"@id\":\"https:\\\/\\\/urbeamea.ro\\\/albaiulia\\\/astazi-ceaunul-vizitiului-si-folclor-live-la-czech-in-la-vizitiu\\\/#breadcrumb\",\"itemListElement\":[{\"@type\":\"ListItem\",\"position\":1,\"name\":\"Prima pagin\u0103\",\"item\":\"https:\\\/\\\/urbeamea.ro\\\/albaiulia\\\/\"},{\"@type\":\"ListItem\",\"position\":2,\"name\":\"AST\u0102ZI: Ceaunul vizitiului \u0219i folclor live, la Czech In La Vizitiu\"}]},{\"@type\":\"WebSite\",\"@id\":\"https:\\\/\\\/urbeamea.ro\\\/albaiulia\\\/#website\",\"url\":\"https:\\\/\\\/urbeamea.ro\\\/albaiulia\\\/\",\"name\":\"Revista Urbea Mea, Stiri urbane\",\"description\":\"Evenimente \u0219i \u0219tiri din Alba Iulia, Sebe\u0219, Aiud, Blaj\",\"potentialAction\":[{\"@type\":\"SearchAction\",\"target\":{\"@type\":\"EntryPoint\",\"urlTemplate\":\"https:\\\/\\\/urbeamea.ro\\\/albaiulia\\\/?s={search_term_string}\"},\"query-input\":{\"@type\":\"PropertyValueSpecification\",\"valueRequired\":true,\"valueName\":\"search_term_string\"}}],\"inLanguage\":\"ro-RO\"},{\"@type\":\"Person\",\"@id\":\"https:\\\/\\\/urbeamea.ro\\\/albaiulia\\\/#\\\/schema\\\/person\\\/9700d21fae21c4f038b0b56f4506264a\",\"name\":\"Cristina Ganga\",\"image\":{\"@type\":\"ImageObject\",\"inLanguage\":\"ro-RO\",\"@id\":\"https:\\\/\\\/secure.gravatar.com\\\/avatar\\\/5a67661041f057b4a8ccaf26f5a8e86e2689372006d01faf3dd9eeb10b654bb4?s=96&d=mm&r=g\",\"url\":\"https:\\\/\\\/secure.gravatar.com\\\/avatar\\\/5a67661041f057b4a8ccaf26f5a8e86e2689372006d01faf3dd9eeb10b654bb4?s=96&d=mm&r=g\",\"contentUrl\":\"https:\\\/\\\/secure.gravatar.com\\\/avatar\\\/5a67661041f057b4a8ccaf26f5a8e86e2689372006d01faf3dd9eeb10b654bb4?s=96&d=mm&r=g\",\"caption\":\"Cristina Ganga\"},\"description\":\"Jurnalist\",\"sameAs\":[\"https:\\\/\\\/www.facebook.com\\\/cristina.nicola.587\"],\"url\":\"https:\\\/\\\/urbeamea.ro\\\/albaiulia\\\/author\\\/cristina-nicola\\\/\"}]}<\/script>\n<!-- \/ Yoast SEO plugin. -->","yoast_head_json":{"title":"AST\u0102ZI: Ceaunul vizitiului \u0219i folclor live, la Czech In La Vizitiu - Revista Urbea Mea - Revista de Alba","description":"Vineri seara, \u00eencep\u00e2nd cu ora 19,00, chef Toma va preg\u0103ti \u00een localul \u201eCzech In La Vizitiu\u201d, un ceaun s\u0103 te lingi pe degete. Pentru ca meniul s\u0103 fie","robots":{"index":"index","follow":"follow","max-snippet":"max-snippet:-1","max-image-preview":"max-image-preview:large","max-video-preview":"max-video-preview:-1"},"canonical":"https:\/\/urbeamea.ro\/albaiulia\/astazi-ceaunul-vizitiului-si-folclor-live-la-czech-in-la-vizitiu\/","twitter_card":"summary_large_image","twitter_title":"AST\u0102ZI: Ceaunul vizitiului \u0219i folclor live, la Czech In La Vizitiu - Revista Urbea Mea - Revista de Alba","twitter_description":"Vineri seara, \u00eencep\u00e2nd cu ora 19,00, chef Toma va preg\u0103ti \u00een localul \u201eCzech In La Vizitiu\u201d, un ceaun s\u0103 te lingi pe degete. Pentru ca meniul s\u0103 fie","twitter_image":"https:\/\/urbeamea.ro\/albaiulia\/wp-content\/uploads\/2020\/06\/104599384_669149243668412_909234912193312739_o.jpg","twitter_creator":"@urbeameaweb","twitter_site":"@urbeameaweb","schema":{"@context":"https:\/\/schema.org","@graph":[{"@type":"Article","@id":"https:\/\/urbeamea.ro\/albaiulia\/astazi-ceaunul-vizitiului-si-folclor-live-la-czech-in-la-vizitiu\/#article","isPartOf":{"@id":"https:\/\/urbeamea.ro\/albaiulia\/astazi-ceaunul-vizitiului-si-folclor-live-la-czech-in-la-vizitiu\/"},"author":{"name":"Cristina Ganga","@id":"https:\/\/urbeamea.ro\/albaiulia\/#\/schema\/person\/9700d21fae21c4f038b0b56f4506264a"},"headline":"AST\u0102ZI: Ceaunul vizitiului \u0219i folclor live, la Czech In La Vizitiu","datePublished":"2020-06-19T10:44:15+00:00","dateModified":"2020-06-19T10:44:17+00:00","mainEntityOfPage":{"@id":"https:\/\/urbeamea.ro\/albaiulia\/astazi-ceaunul-vizitiului-si-folclor-live-la-czech-in-la-vizitiu\/"},"wordCount":128,"commentCount":0,"image":{"@id":"https:\/\/urbeamea.ro\/albaiulia\/astazi-ceaunul-vizitiului-si-folclor-live-la-czech-in-la-vizitiu\/#primaryimage"},"thumbnailUrl":"https:\/\/urbeamea.ro\/albaiulia\/wp-content\/uploads\/2020\/06\/104599384_669149243668412_909234912193312739_o.jpg","keywords":["ceaunul vizitiului","chef cosmin toma","czech in la vizitiu","folclor live","fratii balu &amp; contrast band","muzica populara romaneasca"],"articleSection":["Evenimente"],"inLanguage":"ro-RO","potentialAction":[{"@type":"CommentAction","name":"Comment","target":["https:\/\/urbeamea.ro\/albaiulia\/astazi-ceaunul-vizitiului-si-folclor-live-la-czech-in-la-vizitiu\/#respond"]}]},{"@type":"WebPage","@id":"https:\/\/urbeamea.ro\/albaiulia\/astazi-ceaunul-vizitiului-si-folclor-live-la-czech-in-la-vizitiu\/","url":"https:\/\/urbeamea.ro\/albaiulia\/astazi-ceaunul-vizitiului-si-folclor-live-la-czech-in-la-vizitiu\/","name":"AST\u0102ZI: Ceaunul vizitiului \u0219i folclor live, la Czech In La Vizitiu - Revista Urbea Mea - Revista de Alba","isPartOf":{"@id":"https:\/\/urbeamea.ro\/albaiulia\/#website"},"primaryImageOfPage":{"@id":"https:\/\/urbeamea.ro\/albaiulia\/astazi-ceaunul-vizitiului-si-folclor-live-la-czech-in-la-vizitiu\/#primaryimage"},"image":{"@id":"https:\/\/urbeamea.ro\/albaiulia\/astazi-ceaunul-vizitiului-si-folclor-live-la-czech-in-la-vizitiu\/#primaryimage"},"thumbnailUrl":"https:\/\/urbeamea.ro\/albaiulia\/wp-content\/uploads\/2020\/06\/104599384_669149243668412_909234912193312739_o.jpg","datePublished":"2020-06-19T10:44:15+00:00","dateModified":"2020-06-19T10:44:17+00:00","author":{"@id":"https:\/\/urbeamea.ro\/albaiulia\/#\/schema\/person\/9700d21fae21c4f038b0b56f4506264a"},"description":"Vineri seara, \u00eencep\u00e2nd cu ora 19,00, chef Toma va preg\u0103ti \u00een localul \u201eCzech In La Vizitiu\u201d, un ceaun s\u0103 te lingi pe degete. Pentru ca meniul s\u0103 fie","breadcrumb":{"@id":"https:\/\/urbeamea.ro\/albaiulia\/astazi-ceaunul-vizitiului-si-folclor-live-la-czech-in-la-vizitiu\/#breadcrumb"},"inLanguage":"ro-RO","potentialAction":[{"@type":"ReadAction","target":["https:\/\/urbeamea.ro\/albaiulia\/astazi-ceaunul-vizitiului-si-folclor-live-la-czech-in-la-vizitiu\/"]}]},{"@type":"ImageObject","inLanguage":"ro-RO","@id":"https:\/\/urbeamea.ro\/albaiulia\/astazi-ceaunul-vizitiului-si-folclor-live-la-czech-in-la-vizitiu\/#primaryimage","url":"https:\/\/urbeamea.ro\/albaiulia\/wp-content\/uploads\/2020\/06\/104599384_669149243668412_909234912193312739_o.jpg","contentUrl":"https:\/\/urbeamea.ro\/albaiulia\/wp-content\/uploads\/2020\/06\/104599384_669149243668412_909234912193312739_o.jpg","width":960,"height":502},{"@type":"BreadcrumbList","@id":"https:\/\/urbeamea.ro\/albaiulia\/astazi-ceaunul-vizitiului-si-folclor-live-la-czech-in-la-vizitiu\/#breadcrumb","itemListElement":[{"@type":"ListItem","position":1,"name":"Prima pagin\u0103","item":"https:\/\/urbeamea.ro\/albaiulia\/"},{"@type":"ListItem","position":2,"name":"AST\u0102ZI: Ceaunul vizitiului \u0219i folclor live, la Czech In La Vizitiu"}]},{"@type":"WebSite","@id":"https:\/\/urbeamea.ro\/albaiulia\/#website","url":"https:\/\/urbeamea.ro\/albaiulia\/","name":"Revista Urbea Mea, Stiri urbane","description":"Evenimente \u0219i \u0219tiri din Alba Iulia, Sebe\u0219, Aiud, Blaj","potentialAction":[{"@type":"SearchAction","target":{"@type":"EntryPoint","urlTemplate":"https:\/\/urbeamea.ro\/albaiulia\/?s={search_term_string}"},"query-input":{"@type":"PropertyValueSpecification","valueRequired":true,"valueName":"search_term_string"}}],"inLanguage":"ro-RO"},{"@type":"Person","@id":"https:\/\/urbeamea.ro\/albaiulia\/#\/schema\/person\/9700d21fae21c4f038b0b56f4506264a","name":"Cristina Ganga","image":{"@type":"ImageObject","inLanguage":"ro-RO","@id":"https:\/\/secure.gravatar.com\/avatar\/5a67661041f057b4a8ccaf26f5a8e86e2689372006d01faf3dd9eeb10b654bb4?s=96&d=mm&r=g","url":"https:\/\/secure.gravatar.com\/avatar\/5a67661041f057b4a8ccaf26f5a8e86e2689372006d01faf3dd9eeb10b654bb4?s=96&d=mm&r=g","contentUrl":"https:\/\/secure.gravatar.com\/avatar\/5a67661041f057b4a8ccaf26f5a8e86e2689372006d01faf3dd9eeb10b654bb4?s=96&d=mm&r=g","caption":"Cristina Ganga"},"description":"Jurnalist","sameAs":["https:\/\/www.facebook.com\/cristina.nicola.587"],"url":"https:\/\/urbeamea.ro\/albaiulia\/author\/cristina-nicola\/"}]}},"_links":{"self":[{"href":"https:\/\/urbeamea.ro\/albaiulia\/wp-json\/wp\/v2\/posts\/90570","targetHints":{"allow":["GET"]}}],"collection":[{"href":"https:\/\/urbeamea.ro\/albaiulia\/wp-json\/wp\/v2\/posts"}],"about":[{"href":"https:\/\/urbeamea.ro\/albaiulia\/wp-json\/wp\/v2\/types\/post"}],"author":[{"embeddable":true,"href":"https:\/\/urbeamea.ro\/albaiulia\/wp-json\/wp\/v2\/users\/17"}],"replies":[{"embeddable":true,"href":"https:\/\/urbeamea.ro\/albaiulia\/wp-json\/wp\/v2\/comments?post=90570"}],"version-history":[{"count":0,"href":"https:\/\/urbeamea.ro\/albaiulia\/wp-json\/wp\/v2\/posts\/90570\/revisions"}],"wp:featuredmedia":[{"embeddable":true,"href":"https:\/\/urbeamea.ro\/albaiulia\/wp-json\/wp\/v2\/media\/90571"}],"wp:attachment":[{"href":"https:\/\/urbeamea.ro\/albaiulia\/wp-json\/wp\/v2\/media?parent=90570"}],"wp:term":[{"taxonomy":"category","embeddable":true,"href":"https:\/\/urbeamea.ro\/albaiulia\/wp-json\/wp\/v2\/categories?post=90570"},{"taxonomy":"post_tag","embeddable":true,"href":"https:\/\/urbeamea.ro\/albaiulia\/wp-json\/wp\/v2\/tags?post=90570"}],"curies":[{"name":"wp","href":"https:\/\/api.w.org\/{rel}","templated":true}]}}