{"id":90691,"date":"2020-06-24T17:44:00","date_gmt":"2020-06-24T14:44:00","guid":{"rendered":"https:\/\/urbeamea.ro\/albaiulia\/?p=90691"},"modified":"2020-06-24T17:44:04","modified_gmt":"2020-06-24T14:44:04","slug":"primarul-dorin-nistor-intalniri-maraton-la-guvernul-romaniei","status":"publish","type":"post","link":"https:\/\/urbeamea.ro\/albaiulia\/primarul-dorin-nistor-intalniri-maraton-la-guvernul-romaniei\/","title":{"rendered":"Primarul Dorin Nistor, \u00eent\u00e2lniri maraton la Guvernul Rom\u00e2niei"},"content":{"rendered":"\n<h4 class=\"wp-block-heading\">\u00cen cursul zilei de mar\u021bi, 23 iunie 2020, primarul Municipiului Sebe\u0219, Dorin Nistor, a solicitat o \u00eent\u00e2lnire de lucru premierului Ludovic Orban, pentru a ob\u021bine sprijin \u00een realizarea celor mai importante proiecte de investi\u021bii pe care Sebe\u0219ul are toate premisele s\u0103 le demareze.<\/h4>\n\n\n\n<p class=\"wp-block-paragraph\">Este vorba despre construirea unui nou corp de spital, construirea terminalului intermodal la Sebe\u0219, identificarea unei solu\u021bii pentru centura ocolitoare Petre\u0219ti \u2013 sens giratoriu strada Augustin Bena, amenajarea a dou\u0103 baze sportive, amenajarea \u0219trandului \u0219i, nu \u00een ultimul r\u00e2nd, repunerea \u00een valoarea a Parcului Arini, care necesit\u0103 o interven\u021bie la amenajarea hidrologic\u0103 a Lacului de acumulare Sebe\u0219 Sud, acolo unde lucr\u0103rile au fost sistate \u0219i au generat o degradare a malurilor r\u00e2ului Sebe\u0219.<\/p>\n\n\n\n<blockquote class=\"wp-block-quote is-layout-flow wp-block-quote-is-layout-flow\"><p>\u201c\u00cen primul r\u00e2nd, am sus\u021binut importan\u021ba construirii unui nou corp de spital, la Sebe\u0219, de care s\u0103 beneficieze at\u00e2t comunitatea local\u0103, c\u00e2t \u0219i locuitorii zonelor limitrofe. Am abordat \u0219i tema deja cunoscut\u0103 a proiectului de infrastructur\u0103 privind construirea terminalului intermodal de la Sebe\u0219, demers sus\u021binut de partenerii de la ADR Centru \u0219i de to\u021bi agen\u021bii economici care desf\u0103\u0219oar\u0103 activit\u0103\u021bi industriale \u00een zona noastr\u0103 \u0219i care au condus la prestigiul economic al ora\u0219ului nostru. \u00cen plus, am \u00eenaintat un memoriu pentru a ar\u0103ta situa\u021bia cu care ne confrunt\u0103m la limita Parcului Arini, datorit\u0103 sist\u0103rii lucr\u0103rilor de amenajare hidrologic\u0103 a Lacului de acumulare Sebe\u0219 Sud \u0219i am explicat c\u0103 s-a \u00eenregistrat o degradare a malurilor r\u00e2ului Sebe\u0219, care \u00ee\u0219i pune amprenta \u00een mod nefavorabil asupra zonei de agrement pe care ne dorim s\u0103 o dezvolt\u0103m. I-am explicat domnului Ludovic Orban c\u0103 ne-am propus s\u0103 red\u0103m comunit\u0103\u021bii locale \u0219i turi\u0219tilor, care aleg s\u0103 porneasc\u0103 la drum de la poalele Transalpinei, unul din cele mai frumoase parcuri naturale din zon\u0103, care se \u00eentinde pe o suprafa\u021b\u0103 de peste 12 hectare, pe malul r\u00e2ului Sebe\u0219\u201d, a declarat primarul Dorin Nistor.<\/p><\/blockquote>\n\n\n\n<p class=\"wp-block-paragraph\">Agenda administrativ\u0103 a primarului Dorin Nistor a inclus, miercuri, 24 iunie 2020, \u0219i \u00eent\u00e2lniri la Ministerul Finan\u021belor Publice, la Ministerul Transporturilor, precum \u0219i la Compania Na\u021bional\u0103 de Investi\u021bii, pentru a detalia cele mai importante aspecte referitoare la proiectele men\u021bionate. Solicitarea \u00eenaintat\u0103 ministrului finan\u021belor, Florin C\u00ee\u021bu, vizeaz\u0103 ob\u021binerea unui sprijin pentru echilibrarea bugetului local al Municipiului Sebe\u0219, prin atragerea de noi resurse necesare pentru derularea proiectelor de investi\u021bii, av\u00e2nd \u00een vedere c\u0103, pe fondul contrac\u021biei sectoarelor din economia privat\u0103, se estimeaz\u0103 o diminuare a cotelor defalcate din impozitul pe venit p\u00e2n\u0103 la finele anului, la care se adaug\u0103 \u0219i ne\u00eencasarea, \u00een cursul anului 2019, a cotelor defalcate din impozitul pe venit repartizat Municipiului Sebe\u0219.<\/p>\n","protected":false},"excerpt":{"rendered":"<p>\u00cen cursul zilei de mar\u021bi, 23 iunie 2020, primarul Municipiului Sebe\u0219, Dorin Nistor, a solicitat o \u00eent\u00e2lnire de lucru premierului Ludovic Orban, pentru a ob\u021bine sprijin \u00een realizarea celor mai importante proiecte de investi\u021bii pe care Sebe\u0219ul are toate premisele s\u0103 le demareze. Este vorba despre construirea unui nou corp de spital, construirea terminalului intermodal &hellip;<\/p>\n","protected":false},"author":17,"featured_media":90692,"comment_status":"open","ping_status":"open","sticky":false,"template":"","format":"standard","meta":{"inline_featured_image":false,"footnotes":""},"categories":[2035],"tags":[20988,20990,17489,20989],"class_list":["post-90691","post","type-post","status-publish","format-standard","has-post-thumbnail","hentry","category-administratie","tag-intalniri-maraton-la-guvernul-romaniei","tag-premierul-ludovic-orban","tag-primarul-dorin-nistor","tag-proiecte-de-investitii"],"yoast_head":"<!-- This site is optimized with the Yoast SEO plugin v28.3 - https:\/\/yoast.com\/product\/yoast-seo-wordpress\/ -->\n<title>Primarul Dorin Nistor, \u00eent\u00e2lniri maraton la Guvernul Rom\u00e2niei - Revista Urbea Mea - Revista de Alba<\/title>\n<meta name=\"description\" content=\"\u00cen cursul zilei de mar\u021bi, 23 iunie 2020, primarul Municipiului Sebe\u0219, Dorin Nistor, a solicitat o \u00eent\u00e2lnire de lucru premierului Ludovic Orban, pentru a\" \/>\n<meta name=\"robots\" content=\"index, follow, max-snippet:-1, max-image-preview:large, max-video-preview:-1\" \/>\n<link rel=\"canonical\" href=\"https:\/\/urbeamea.ro\/albaiulia\/primarul-dorin-nistor-intalniri-maraton-la-guvernul-romaniei\/\" \/>\n<meta name=\"twitter:card\" content=\"summary_large_image\" \/>\n<meta name=\"twitter:title\" content=\"Primarul Dorin Nistor, \u00eent\u00e2lniri maraton la Guvernul Rom\u00e2niei - Revista Urbea Mea - Revista de Alba\" \/>\n<meta name=\"twitter:description\" content=\"\u00cen cursul zilei de mar\u021bi, 23 iunie 2020, primarul Municipiului Sebe\u0219, Dorin Nistor, a solicitat o \u00eent\u00e2lnire de lucru premierului Ludovic Orban, pentru a\" \/>\n<meta name=\"twitter:image\" content=\"https:\/\/urbeamea.ro\/albaiulia\/wp-content\/uploads\/2020\/06\/084c053a-7cc5-4d25-9b68-9c7441f27d7c.jpg\" \/>\n<meta name=\"twitter:creator\" content=\"@urbeameaweb\" \/>\n<meta name=\"twitter:site\" content=\"@urbeameaweb\" \/>\n<script type=\"application\/ld+json\" class=\"yoast-schema-graph\">{\"@context\":\"https:\\\/\\\/schema.org\",\"@graph\":[{\"@type\":\"Article\",\"@id\":\"https:\\\/\\\/urbeamea.ro\\\/albaiulia\\\/primarul-dorin-nistor-intalniri-maraton-la-guvernul-romaniei\\\/#article\",\"isPartOf\":{\"@id\":\"https:\\\/\\\/urbeamea.ro\\\/albaiulia\\\/primarul-dorin-nistor-intalniri-maraton-la-guvernul-romaniei\\\/\"},\"author\":{\"name\":\"Cristina Ganga\",\"@id\":\"https:\\\/\\\/urbeamea.ro\\\/albaiulia\\\/#\\\/schema\\\/person\\\/9700d21fae21c4f038b0b56f4506264a\"},\"headline\":\"Primarul Dorin Nistor, \u00eent\u00e2lniri maraton la Guvernul Rom\u00e2niei\",\"datePublished\":\"2020-06-24T14:44:00+00:00\",\"dateModified\":\"2020-06-24T14:44:04+00:00\",\"mainEntityOfPage\":{\"@id\":\"https:\\\/\\\/urbeamea.ro\\\/albaiulia\\\/primarul-dorin-nistor-intalniri-maraton-la-guvernul-romaniei\\\/\"},\"wordCount\":463,\"commentCount\":0,\"image\":{\"@id\":\"https:\\\/\\\/urbeamea.ro\\\/albaiulia\\\/primarul-dorin-nistor-intalniri-maraton-la-guvernul-romaniei\\\/#primaryimage\"},\"thumbnailUrl\":\"https:\\\/\\\/urbeamea.ro\\\/albaiulia\\\/wp-content\\\/uploads\\\/2020\\\/06\\\/084c053a-7cc5-4d25-9b68-9c7441f27d7c.jpg\",\"keywords\":[\"intalniri maraton la guvernul romaniei\",\"premierul ludovic orban\",\"primarul dorin nistor\",\"proiecte de investitii\"],\"articleSection\":[\"Administra\u021bie\"],\"inLanguage\":\"ro-RO\",\"potentialAction\":[{\"@type\":\"CommentAction\",\"name\":\"Comment\",\"target\":[\"https:\\\/\\\/urbeamea.ro\\\/albaiulia\\\/primarul-dorin-nistor-intalniri-maraton-la-guvernul-romaniei\\\/#respond\"]}]},{\"@type\":\"WebPage\",\"@id\":\"https:\\\/\\\/urbeamea.ro\\\/albaiulia\\\/primarul-dorin-nistor-intalniri-maraton-la-guvernul-romaniei\\\/\",\"url\":\"https:\\\/\\\/urbeamea.ro\\\/albaiulia\\\/primarul-dorin-nistor-intalniri-maraton-la-guvernul-romaniei\\\/\",\"name\":\"Primarul Dorin Nistor, \u00eent\u00e2lniri maraton la Guvernul Rom\u00e2niei - Revista Urbea Mea - Revista de Alba\",\"isPartOf\":{\"@id\":\"https:\\\/\\\/urbeamea.ro\\\/albaiulia\\\/#website\"},\"primaryImageOfPage\":{\"@id\":\"https:\\\/\\\/urbeamea.ro\\\/albaiulia\\\/primarul-dorin-nistor-intalniri-maraton-la-guvernul-romaniei\\\/#primaryimage\"},\"image\":{\"@id\":\"https:\\\/\\\/urbeamea.ro\\\/albaiulia\\\/primarul-dorin-nistor-intalniri-maraton-la-guvernul-romaniei\\\/#primaryimage\"},\"thumbnailUrl\":\"https:\\\/\\\/urbeamea.ro\\\/albaiulia\\\/wp-content\\\/uploads\\\/2020\\\/06\\\/084c053a-7cc5-4d25-9b68-9c7441f27d7c.jpg\",\"datePublished\":\"2020-06-24T14:44:00+00:00\",\"dateModified\":\"2020-06-24T14:44:04+00:00\",\"author\":{\"@id\":\"https:\\\/\\\/urbeamea.ro\\\/albaiulia\\\/#\\\/schema\\\/person\\\/9700d21fae21c4f038b0b56f4506264a\"},\"description\":\"\u00cen cursul zilei de mar\u021bi, 23 iunie 2020, primarul Municipiului Sebe\u0219, Dorin Nistor, a solicitat o \u00eent\u00e2lnire de lucru premierului Ludovic Orban, pentru a\",\"breadcrumb\":{\"@id\":\"https:\\\/\\\/urbeamea.ro\\\/albaiulia\\\/primarul-dorin-nistor-intalniri-maraton-la-guvernul-romaniei\\\/#breadcrumb\"},\"inLanguage\":\"ro-RO\",\"potentialAction\":[{\"@type\":\"ReadAction\",\"target\":[\"https:\\\/\\\/urbeamea.ro\\\/albaiulia\\\/primarul-dorin-nistor-intalniri-maraton-la-guvernul-romaniei\\\/\"]}]},{\"@type\":\"ImageObject\",\"inLanguage\":\"ro-RO\",\"@id\":\"https:\\\/\\\/urbeamea.ro\\\/albaiulia\\\/primarul-dorin-nistor-intalniri-maraton-la-guvernul-romaniei\\\/#primaryimage\",\"url\":\"https:\\\/\\\/urbeamea.ro\\\/albaiulia\\\/wp-content\\\/uploads\\\/2020\\\/06\\\/084c053a-7cc5-4d25-9b68-9c7441f27d7c.jpg\",\"contentUrl\":\"https:\\\/\\\/urbeamea.ro\\\/albaiulia\\\/wp-content\\\/uploads\\\/2020\\\/06\\\/084c053a-7cc5-4d25-9b68-9c7441f27d7c.jpg\",\"width\":567,\"height\":439},{\"@type\":\"BreadcrumbList\",\"@id\":\"https:\\\/\\\/urbeamea.ro\\\/albaiulia\\\/primarul-dorin-nistor-intalniri-maraton-la-guvernul-romaniei\\\/#breadcrumb\",\"itemListElement\":[{\"@type\":\"ListItem\",\"position\":1,\"name\":\"Prima pagin\u0103\",\"item\":\"https:\\\/\\\/urbeamea.ro\\\/albaiulia\\\/\"},{\"@type\":\"ListItem\",\"position\":2,\"name\":\"Primarul Dorin Nistor, \u00eent\u00e2lniri maraton la Guvernul Rom\u00e2niei\"}]},{\"@type\":\"WebSite\",\"@id\":\"https:\\\/\\\/urbeamea.ro\\\/albaiulia\\\/#website\",\"url\":\"https:\\\/\\\/urbeamea.ro\\\/albaiulia\\\/\",\"name\":\"Revista Urbea Mea, Stiri urbane\",\"description\":\"Evenimente \u0219i \u0219tiri din Alba Iulia, Sebe\u0219, Aiud, Blaj\",\"potentialAction\":[{\"@type\":\"SearchAction\",\"target\":{\"@type\":\"EntryPoint\",\"urlTemplate\":\"https:\\\/\\\/urbeamea.ro\\\/albaiulia\\\/?s={search_term_string}\"},\"query-input\":{\"@type\":\"PropertyValueSpecification\",\"valueRequired\":true,\"valueName\":\"search_term_string\"}}],\"inLanguage\":\"ro-RO\"},{\"@type\":\"Person\",\"@id\":\"https:\\\/\\\/urbeamea.ro\\\/albaiulia\\\/#\\\/schema\\\/person\\\/9700d21fae21c4f038b0b56f4506264a\",\"name\":\"Cristina Ganga\",\"image\":{\"@type\":\"ImageObject\",\"inLanguage\":\"ro-RO\",\"@id\":\"https:\\\/\\\/secure.gravatar.com\\\/avatar\\\/5a67661041f057b4a8ccaf26f5a8e86e2689372006d01faf3dd9eeb10b654bb4?s=96&d=mm&r=g\",\"url\":\"https:\\\/\\\/secure.gravatar.com\\\/avatar\\\/5a67661041f057b4a8ccaf26f5a8e86e2689372006d01faf3dd9eeb10b654bb4?s=96&d=mm&r=g\",\"contentUrl\":\"https:\\\/\\\/secure.gravatar.com\\\/avatar\\\/5a67661041f057b4a8ccaf26f5a8e86e2689372006d01faf3dd9eeb10b654bb4?s=96&d=mm&r=g\",\"caption\":\"Cristina Ganga\"},\"description\":\"Jurnalist\",\"sameAs\":[\"https:\\\/\\\/www.facebook.com\\\/cristina.nicola.587\"],\"url\":\"https:\\\/\\\/urbeamea.ro\\\/albaiulia\\\/author\\\/cristina-nicola\\\/\"}]}<\/script>\n<!-- \/ Yoast SEO plugin. -->","yoast_head_json":{"title":"Primarul Dorin Nistor, \u00eent\u00e2lniri maraton la Guvernul Rom\u00e2niei - Revista Urbea Mea - Revista de Alba","description":"\u00cen cursul zilei de mar\u021bi, 23 iunie 2020, primarul Municipiului Sebe\u0219, Dorin Nistor, a solicitat o \u00eent\u00e2lnire de lucru premierului Ludovic Orban, pentru a","robots":{"index":"index","follow":"follow","max-snippet":"max-snippet:-1","max-image-preview":"max-image-preview:large","max-video-preview":"max-video-preview:-1"},"canonical":"https:\/\/urbeamea.ro\/albaiulia\/primarul-dorin-nistor-intalniri-maraton-la-guvernul-romaniei\/","twitter_card":"summary_large_image","twitter_title":"Primarul Dorin Nistor, \u00eent\u00e2lniri maraton la Guvernul Rom\u00e2niei - Revista Urbea Mea - Revista de Alba","twitter_description":"\u00cen cursul zilei de mar\u021bi, 23 iunie 2020, primarul Municipiului Sebe\u0219, Dorin Nistor, a solicitat o \u00eent\u00e2lnire de lucru premierului Ludovic Orban, pentru a","twitter_image":"https:\/\/urbeamea.ro\/albaiulia\/wp-content\/uploads\/2020\/06\/084c053a-7cc5-4d25-9b68-9c7441f27d7c.jpg","twitter_creator":"@urbeameaweb","twitter_site":"@urbeameaweb","schema":{"@context":"https:\/\/schema.org","@graph":[{"@type":"Article","@id":"https:\/\/urbeamea.ro\/albaiulia\/primarul-dorin-nistor-intalniri-maraton-la-guvernul-romaniei\/#article","isPartOf":{"@id":"https:\/\/urbeamea.ro\/albaiulia\/primarul-dorin-nistor-intalniri-maraton-la-guvernul-romaniei\/"},"author":{"name":"Cristina Ganga","@id":"https:\/\/urbeamea.ro\/albaiulia\/#\/schema\/person\/9700d21fae21c4f038b0b56f4506264a"},"headline":"Primarul Dorin Nistor, \u00eent\u00e2lniri maraton la Guvernul Rom\u00e2niei","datePublished":"2020-06-24T14:44:00+00:00","dateModified":"2020-06-24T14:44:04+00:00","mainEntityOfPage":{"@id":"https:\/\/urbeamea.ro\/albaiulia\/primarul-dorin-nistor-intalniri-maraton-la-guvernul-romaniei\/"},"wordCount":463,"commentCount":0,"image":{"@id":"https:\/\/urbeamea.ro\/albaiulia\/primarul-dorin-nistor-intalniri-maraton-la-guvernul-romaniei\/#primaryimage"},"thumbnailUrl":"https:\/\/urbeamea.ro\/albaiulia\/wp-content\/uploads\/2020\/06\/084c053a-7cc5-4d25-9b68-9c7441f27d7c.jpg","keywords":["intalniri maraton la guvernul romaniei","premierul ludovic orban","primarul dorin nistor","proiecte de investitii"],"articleSection":["Administra\u021bie"],"inLanguage":"ro-RO","potentialAction":[{"@type":"CommentAction","name":"Comment","target":["https:\/\/urbeamea.ro\/albaiulia\/primarul-dorin-nistor-intalniri-maraton-la-guvernul-romaniei\/#respond"]}]},{"@type":"WebPage","@id":"https:\/\/urbeamea.ro\/albaiulia\/primarul-dorin-nistor-intalniri-maraton-la-guvernul-romaniei\/","url":"https:\/\/urbeamea.ro\/albaiulia\/primarul-dorin-nistor-intalniri-maraton-la-guvernul-romaniei\/","name":"Primarul Dorin Nistor, \u00eent\u00e2lniri maraton la Guvernul Rom\u00e2niei - Revista Urbea Mea - Revista de Alba","isPartOf":{"@id":"https:\/\/urbeamea.ro\/albaiulia\/#website"},"primaryImageOfPage":{"@id":"https:\/\/urbeamea.ro\/albaiulia\/primarul-dorin-nistor-intalniri-maraton-la-guvernul-romaniei\/#primaryimage"},"image":{"@id":"https:\/\/urbeamea.ro\/albaiulia\/primarul-dorin-nistor-intalniri-maraton-la-guvernul-romaniei\/#primaryimage"},"thumbnailUrl":"https:\/\/urbeamea.ro\/albaiulia\/wp-content\/uploads\/2020\/06\/084c053a-7cc5-4d25-9b68-9c7441f27d7c.jpg","datePublished":"2020-06-24T14:44:00+00:00","dateModified":"2020-06-24T14:44:04+00:00","author":{"@id":"https:\/\/urbeamea.ro\/albaiulia\/#\/schema\/person\/9700d21fae21c4f038b0b56f4506264a"},"description":"\u00cen cursul zilei de mar\u021bi, 23 iunie 2020, primarul Municipiului Sebe\u0219, Dorin Nistor, a solicitat o \u00eent\u00e2lnire de lucru premierului Ludovic Orban, pentru a","breadcrumb":{"@id":"https:\/\/urbeamea.ro\/albaiulia\/primarul-dorin-nistor-intalniri-maraton-la-guvernul-romaniei\/#breadcrumb"},"inLanguage":"ro-RO","potentialAction":[{"@type":"ReadAction","target":["https:\/\/urbeamea.ro\/albaiulia\/primarul-dorin-nistor-intalniri-maraton-la-guvernul-romaniei\/"]}]},{"@type":"ImageObject","inLanguage":"ro-RO","@id":"https:\/\/urbeamea.ro\/albaiulia\/primarul-dorin-nistor-intalniri-maraton-la-guvernul-romaniei\/#primaryimage","url":"https:\/\/urbeamea.ro\/albaiulia\/wp-content\/uploads\/2020\/06\/084c053a-7cc5-4d25-9b68-9c7441f27d7c.jpg","contentUrl":"https:\/\/urbeamea.ro\/albaiulia\/wp-content\/uploads\/2020\/06\/084c053a-7cc5-4d25-9b68-9c7441f27d7c.jpg","width":567,"height":439},{"@type":"BreadcrumbList","@id":"https:\/\/urbeamea.ro\/albaiulia\/primarul-dorin-nistor-intalniri-maraton-la-guvernul-romaniei\/#breadcrumb","itemListElement":[{"@type":"ListItem","position":1,"name":"Prima pagin\u0103","item":"https:\/\/urbeamea.ro\/albaiulia\/"},{"@type":"ListItem","position":2,"name":"Primarul Dorin Nistor, \u00eent\u00e2lniri maraton la Guvernul Rom\u00e2niei"}]},{"@type":"WebSite","@id":"https:\/\/urbeamea.ro\/albaiulia\/#website","url":"https:\/\/urbeamea.ro\/albaiulia\/","name":"Revista Urbea Mea, Stiri urbane","description":"Evenimente \u0219i \u0219tiri din Alba Iulia, Sebe\u0219, Aiud, Blaj","potentialAction":[{"@type":"SearchAction","target":{"@type":"EntryPoint","urlTemplate":"https:\/\/urbeamea.ro\/albaiulia\/?s={search_term_string}"},"query-input":{"@type":"PropertyValueSpecification","valueRequired":true,"valueName":"search_term_string"}}],"inLanguage":"ro-RO"},{"@type":"Person","@id":"https:\/\/urbeamea.ro\/albaiulia\/#\/schema\/person\/9700d21fae21c4f038b0b56f4506264a","name":"Cristina Ganga","image":{"@type":"ImageObject","inLanguage":"ro-RO","@id":"https:\/\/secure.gravatar.com\/avatar\/5a67661041f057b4a8ccaf26f5a8e86e2689372006d01faf3dd9eeb10b654bb4?s=96&d=mm&r=g","url":"https:\/\/secure.gravatar.com\/avatar\/5a67661041f057b4a8ccaf26f5a8e86e2689372006d01faf3dd9eeb10b654bb4?s=96&d=mm&r=g","contentUrl":"https:\/\/secure.gravatar.com\/avatar\/5a67661041f057b4a8ccaf26f5a8e86e2689372006d01faf3dd9eeb10b654bb4?s=96&d=mm&r=g","caption":"Cristina Ganga"},"description":"Jurnalist","sameAs":["https:\/\/www.facebook.com\/cristina.nicola.587"],"url":"https:\/\/urbeamea.ro\/albaiulia\/author\/cristina-nicola\/"}]}},"_links":{"self":[{"href":"https:\/\/urbeamea.ro\/albaiulia\/wp-json\/wp\/v2\/posts\/90691","targetHints":{"allow":["GET"]}}],"collection":[{"href":"https:\/\/urbeamea.ro\/albaiulia\/wp-json\/wp\/v2\/posts"}],"about":[{"href":"https:\/\/urbeamea.ro\/albaiulia\/wp-json\/wp\/v2\/types\/post"}],"author":[{"embeddable":true,"href":"https:\/\/urbeamea.ro\/albaiulia\/wp-json\/wp\/v2\/users\/17"}],"replies":[{"embeddable":true,"href":"https:\/\/urbeamea.ro\/albaiulia\/wp-json\/wp\/v2\/comments?post=90691"}],"version-history":[{"count":0,"href":"https:\/\/urbeamea.ro\/albaiulia\/wp-json\/wp\/v2\/posts\/90691\/revisions"}],"wp:featuredmedia":[{"embeddable":true,"href":"https:\/\/urbeamea.ro\/albaiulia\/wp-json\/wp\/v2\/media\/90692"}],"wp:attachment":[{"href":"https:\/\/urbeamea.ro\/albaiulia\/wp-json\/wp\/v2\/media?parent=90691"}],"wp:term":[{"taxonomy":"category","embeddable":true,"href":"https:\/\/urbeamea.ro\/albaiulia\/wp-json\/wp\/v2\/categories?post=90691"},{"taxonomy":"post_tag","embeddable":true,"href":"https:\/\/urbeamea.ro\/albaiulia\/wp-json\/wp\/v2\/tags?post=90691"}],"curies":[{"name":"wp","href":"https:\/\/api.w.org\/{rel}","templated":true}]}}