{"id":90872,"date":"2020-06-28T11:08:25","date_gmt":"2020-06-28T08:08:25","guid":{"rendered":"https:\/\/urbeamea.ro\/albaiulia\/?p=90872"},"modified":"2020-06-28T11:08:29","modified_gmt":"2020-06-28T08:08:29","slug":"recital-de-harpa-clarinet-pian-si-concert-alexandra-usurelu-la-sarbatoarea-muzicii-de-la-alba-iulia","status":"publish","type":"post","link":"https:\/\/urbeamea.ro\/albaiulia\/recital-de-harpa-clarinet-pian-si-concert-alexandra-usurelu-la-sarbatoarea-muzicii-de-la-alba-iulia\/","title":{"rendered":"Recital de harp\u0103, clarinet, pian \u0219i concert Alexandra U\u0219urelu, la S\u0103rb\u0103toarea Muzicii de la Alba Iulia"},"content":{"rendered":"\n<h4 class=\"wp-block-heading\">S\u0103rb\u0103toarea Muzicii 2020 a continuat s\u00e2mb\u0103t\u0103 seara, cu un recital de harp\u0103, clarinet \u0219i pian sus\u021binut, pe scena din Pia\u021ba Cet\u0103\u021bii Alba Carolina. \u00cencep\u00e2nd cu ora 20.30, Alexandra U\u0219urelu s sus\u021binut un concert de muzic\u0103 u\u0219oar\u0103. Pe scurt, despre seara de s\u00e2mb\u0103t\u0103 se poate spune c\u0103 a fost una plin\u0103 de sensibilitate.<\/h4>\n\n\n\n<p><strong>O harp\u0103 de poveste \u2013 recital harp\u0103, clarinet, pian<\/strong><\/p>\n\n\n\n<p>Prin proiectul O harp\u0103 de poveste ne propunem readucerea parfumului muzical al epocii de \u00eenceput de secol al XIX-lea, atunci c\u00e2nd a fost construit instrumentul, cu o antologie de lucr\u0103ri pentru harp\u0103 solist\u0103, \u00een dialog cu clarinetul sau \u00eempletindu-\u0219i particulele sonore cu delicate\u021bea cozilor orizontale ale pianului, repertoriul ajung\u00e2nd p\u00e2n\u0103 \u00een secolul XX.<\/p>\n\n\n\n<p>Elementul care leag\u0103 neobi\u0219nuitul trio clarinet, harp\u0103 \u0219i pian este reprezentat de readucerea la via\u021b\u0103 a acestei bijuterii, harpa cu dubl\u0103 ac\u021biune Erard, un instrument care simbolizeaz\u0103 r\u0103d\u0103cinile \u0219i conservarea tradi\u021biei muzicale rom\u00e2ne\u0219ti \u00een cel mai frumos \u0219i optimist mod.<\/p>\n\n\n\n<p>Proiectul \u201eO harp\u0103 de poveste\u201d aduce pe scen\u0103 povestea unui instrument original, construit \u00een 1827, p\u0103strat \u00eentr-o stare excep\u021bional\u0103, instrument care apar\u021bine unei familii cu ad\u00e2nci r\u0103d\u0103cini muzicale din Rom\u00e2nia, familiei Iu\u015fceanu-Corjos.<\/p>\n\n\n\n<p>Povestea spune c\u0103 aceast\u0103 harp\u0103 a r\u0103mas pe teritoriul actualei Rom\u00e2nii luat\u0103 de la un ofi\u021ber german aflat \u00een retragere la finalul celui de-al doilea r\u0103zboi mondial, la schimb pentru un sac de merinde, fiind cobor\u00e2t\u0103 dintr-o c\u0103ru\u021b\u0103 pe uli\u021ba unui sat din vestul Transilvaniei, \u00een care se afla acesta \u00een timpul retragerii armatei germane din 1944.<\/p>\n\n\n\n<p>\u00cen Pia\u021ba Cet\u0103\u021bii din Alba Iulia a avut loc recitalul O harp\u0103 de poveste open air, av\u00e2ndu-I ca protagonist pe Maria B\u00eeldea \u2013 harp\u0103, Petru Pane \u2013 clarinet, Oxana Corjos \u2013 pian. Programul va cuprinde lucr\u0103ri diverse dedicate sau adaptate pentru aceast\u0103 formula, precum Codex Caioni \u2013 Dansuri din Transilvania, J.S. Bach \u2013 Suita francez\u0103\u00a0nr. 1 Allemande \u0219i Sarabande, Bela Kovacs \u2013 Hommage a J.S. Bach, J.S. Bach \u2013 Preludiu, Georg Friedrich H\u00e4endel \u2013 Concerto, Franz Schubert \u2013 Larghetto \u0219i Andante (clarinet\/harp\u0103), Georg Friedrich H\u00e4endel \u2013 Tema cu varia\u021biuni, Dan Dediu \u2013 Rondo a la M\u00fcnchausen, Isaac Albeniz \u2013 Asturias, Darius Milhaud \u2013 Scaramouche, Bela Bartok \u2013 Dansuri rom\u00e2ne\u0219ti\/ arr. Dan Dediu.<\/p>\n\n\n\n<p><strong>Alexandra U\u0219urelu<\/strong><\/p>\n\n\n\n<p>N\u0103scut\u0103 pe 26 ianuarie 1990, Alexandra U\u0219urelu face parte din prima genera\u021bie de muzicieni care s-au dezvoltat f\u0103r\u0103 restric\u021biile comunismului. Cu toate acestea, candoarea \u0219i firea ei bl\u00e2nd\u0103 \u0219i emotiv\u0103 \u00eei determin\u0103 pe p\u0103rin\u021bi s-o \u00eendrume c\u0103tre o profesie \u00een domeniile juridic \u0219i economic. Astfel, dup\u0103 finalizarea studiilor la Liceul \u201dGheorghe Laz\u0103r\u201d din Bucure\u0219ti, este admis\u0103 la facult\u0103\u021bile de profil. F\u0103r\u0103 ca p\u0103rin\u021bii ei s\u0103 \u0219tie, urmeaz\u0103 \u00een paralel o formare artistic\u0103 muzical\u0103, iar \u00een iunie 2011, imediat dup\u0103 sus\u021binerea licen\u021bei \u00een economie, debuteaz\u0103 pe scena Teatrului Odeon din Bucure\u0219ti, \u00een cadrul Galei \u201cFemeia Conteaz\u0103\u201d, unde atrage aten\u021bia Andreei Marin, din partea c\u0103reia prime\u0219te o burs\u0103 de sus\u021binere, \u0219i al\u0103turi de care dezvolt\u0103 mai t\u00e2rziu colabor\u0103ri \u00een turneele na\u021bionale \u201dDin dragoste pentru femei\u201d \u0219i \u201cPre\u021buie\u0219te Via\u021ba\u201d.<\/p>\n\n\n\n<p>A colaborat cu nume sonore din muzica rom\u00e2neasc\u0103, Mircea Vintil\u0103 (pentru c\u00e2ntecul \u201cCeva se \u00eent\u00e2mpl\u0103 cu noi\u201d), Trupa Vunk (pentru duetul \u201cNop\u021bile trec (doar visele r\u0103m\u00e2n)\u201d, ce \u00een 2013 a devenit genericul serialului TV \u201d\u00cengeri pierdu\u021bi\u201d, produs de Media PRO Pictures, Mircea Rusu (c\u00e2ntecul \u201cDoi str\u0103ini\u201d), Walter Dionisie (\u201cPre\u021bul Corect\u201d, \u201cNicic\u00e2nd doi\u201d), compozitorul \u0219i pianistul Bobby Stoica (care \u00eei devine so\u021b \u00een 2014), dar \u0219i din cea interna\u021bional\u0103, remarc\u00e2ndu-se colaborarea cu Tongam Sirait sau cu Mariano Castro, compozitorul \u0219i pianistul argentian al trupei Narcotango, nominalizat\u0103 de dou\u0103 ori la premiile Latin Grammy.<\/p>\n\n\n\n<p>La invita\u021bia Televiziunii Na\u021bionale Rom\u00e2ne, Alexandra U\u0219urelu a reprezentat Rom\u00e2nia la Festivalul Muzical Interna\u021bional T\u00fcrk\u00e7evizyon \u00een septembrie 2013.<\/p>\n\n\n\n<p>Sutele de concerte sus\u021binute p\u00e2n\u0103 \u00een prezent au transformat-o \u00eentr-o artist\u0103 singular\u0103 \u00een muzica rom\u00e2neasc\u0103, nu numai datorit\u0103 stilului \u0219i talentului s\u0103u muzical, dar mai ales gra\u021bie naturale\u021bei sale \u0219i a versurilor influente, scrise f\u0103r\u0103 niciun compromis.<\/p>\n\n\n\n<p><strong>28 IUNIE 2020<\/strong><\/p>\n\n\n\n<p>19.00 \u2013 Pianul c\u0103l\u0103tor \u2013 Beethoven 250 \u2013 recital pian<\/p>\n\n\n\n<p>20.30 \u2013 Recital Paula Seling<\/p>\n\n\n\n<p><em>Credit foto: Florin Du\u021bulescu<\/em><\/p>\n\n\n\n<figure class=\"wp-block-gallery columns-3 is-cropped wp-block-gallery-1 is-layout-flex wp-block-gallery-is-layout-flex\"><ul class=\"blocks-gallery-grid\"><li class=\"blocks-gallery-item\"><figure><a href=\"https:\/\/urbeamea.ro\/albaiulia\/wp-content\/uploads\/2020\/06\/74965971_2635997136647815_7573269124632169994_n.jpg\"><img loading=\"lazy\" decoding=\"async\" width=\"960\" height=\"602\" src=\"https:\/\/urbeamea.ro\/albaiulia\/wp-content\/uploads\/2020\/06\/74965971_2635997136647815_7573269124632169994_n.jpg\" alt=\"\" data-id=\"90873\" data-full-url=\"https:\/\/urbeamea.ro\/albaiulia\/wp-content\/uploads\/2020\/06\/74965971_2635997136647815_7573269124632169994_n.jpg\" data-link=\"https:\/\/urbeamea.ro\/albaiulia\/?attachment_id=90873\" class=\"wp-image-90873\" srcset=\"https:\/\/urbeamea.ro\/albaiulia\/wp-content\/uploads\/2020\/06\/74965971_2635997136647815_7573269124632169994_n.jpg 960w, https:\/\/urbeamea.ro\/albaiulia\/wp-content\/uploads\/2020\/06\/74965971_2635997136647815_7573269124632169994_n-640x401.jpg 640w, https:\/\/urbeamea.ro\/albaiulia\/wp-content\/uploads\/2020\/06\/74965971_2635997136647815_7573269124632169994_n-150x94.jpg 150w, https:\/\/urbeamea.ro\/albaiulia\/wp-content\/uploads\/2020\/06\/74965971_2635997136647815_7573269124632169994_n-768x482.jpg 768w\" sizes=\"auto, (max-width: 960px) 100vw, 960px\" \/><\/a><\/figure><\/li><li class=\"blocks-gallery-item\"><figure><a href=\"https:\/\/urbeamea.ro\/albaiulia\/wp-content\/uploads\/2020\/06\/83420594_2635996816647847_562272355139705205_n.jpg\"><img loading=\"lazy\" decoding=\"async\" width=\"960\" height=\"638\" src=\"https:\/\/urbeamea.ro\/albaiulia\/wp-content\/uploads\/2020\/06\/83420594_2635996816647847_562272355139705205_n.jpg\" alt=\"\" data-id=\"90874\" data-full-url=\"https:\/\/urbeamea.ro\/albaiulia\/wp-content\/uploads\/2020\/06\/83420594_2635996816647847_562272355139705205_n.jpg\" data-link=\"https:\/\/urbeamea.ro\/albaiulia\/?attachment_id=90874\" class=\"wp-image-90874\" srcset=\"https:\/\/urbeamea.ro\/albaiulia\/wp-content\/uploads\/2020\/06\/83420594_2635996816647847_562272355139705205_n.jpg 960w, https:\/\/urbeamea.ro\/albaiulia\/wp-content\/uploads\/2020\/06\/83420594_2635996816647847_562272355139705205_n-640x425.jpg 640w, https:\/\/urbeamea.ro\/albaiulia\/wp-content\/uploads\/2020\/06\/83420594_2635996816647847_562272355139705205_n-150x100.jpg 150w, https:\/\/urbeamea.ro\/albaiulia\/wp-content\/uploads\/2020\/06\/83420594_2635996816647847_562272355139705205_n-768x510.jpg 768w\" sizes=\"auto, (max-width: 960px) 100vw, 960px\" \/><\/a><\/figure><\/li><li class=\"blocks-gallery-item\"><figure><a href=\"https:\/\/urbeamea.ro\/albaiulia\/wp-content\/uploads\/2020\/06\/83515978_2635997013314494_2400520699709709676_n.jpg\"><img loading=\"lazy\" decoding=\"async\" width=\"960\" height=\"582\" src=\"https:\/\/urbeamea.ro\/albaiulia\/wp-content\/uploads\/2020\/06\/83515978_2635997013314494_2400520699709709676_n.jpg\" alt=\"\" data-id=\"90875\" data-full-url=\"https:\/\/urbeamea.ro\/albaiulia\/wp-content\/uploads\/2020\/06\/83515978_2635997013314494_2400520699709709676_n.jpg\" data-link=\"https:\/\/urbeamea.ro\/albaiulia\/?attachment_id=90875\" class=\"wp-image-90875\" srcset=\"https:\/\/urbeamea.ro\/albaiulia\/wp-content\/uploads\/2020\/06\/83515978_2635997013314494_2400520699709709676_n.jpg 960w, https:\/\/urbeamea.ro\/albaiulia\/wp-content\/uploads\/2020\/06\/83515978_2635997013314494_2400520699709709676_n-640x388.jpg 640w, https:\/\/urbeamea.ro\/albaiulia\/wp-content\/uploads\/2020\/06\/83515978_2635997013314494_2400520699709709676_n-150x91.jpg 150w, https:\/\/urbeamea.ro\/albaiulia\/wp-content\/uploads\/2020\/06\/83515978_2635997013314494_2400520699709709676_n-768x466.jpg 768w, https:\/\/urbeamea.ro\/albaiulia\/wp-content\/uploads\/2020\/06\/83515978_2635997013314494_2400520699709709676_n-265x160.jpg 265w, https:\/\/urbeamea.ro\/albaiulia\/wp-content\/uploads\/2020\/06\/83515978_2635997013314494_2400520699709709676_n-370x223.jpg 370w\" sizes=\"auto, (max-width: 960px) 100vw, 960px\" \/><\/a><\/figure><\/li><li class=\"blocks-gallery-item\"><figure><a href=\"https:\/\/urbeamea.ro\/albaiulia\/wp-content\/uploads\/2020\/06\/83589225_2635975173316678_4820888713981079756_n.jpg\"><img loading=\"lazy\" decoding=\"async\" width=\"628\" height=\"960\" src=\"https:\/\/urbeamea.ro\/albaiulia\/wp-content\/uploads\/2020\/06\/83589225_2635975173316678_4820888713981079756_n.jpg\" alt=\"\" data-id=\"90876\" data-full-url=\"https:\/\/urbeamea.ro\/albaiulia\/wp-content\/uploads\/2020\/06\/83589225_2635975173316678_4820888713981079756_n.jpg\" data-link=\"https:\/\/urbeamea.ro\/albaiulia\/?attachment_id=90876\" class=\"wp-image-90876\" srcset=\"https:\/\/urbeamea.ro\/albaiulia\/wp-content\/uploads\/2020\/06\/83589225_2635975173316678_4820888713981079756_n.jpg 628w, https:\/\/urbeamea.ro\/albaiulia\/wp-content\/uploads\/2020\/06\/83589225_2635975173316678_4820888713981079756_n-419x640.jpg 419w, https:\/\/urbeamea.ro\/albaiulia\/wp-content\/uploads\/2020\/06\/83589225_2635975173316678_4820888713981079756_n-98x150.jpg 98w\" sizes=\"auto, (max-width: 628px) 100vw, 628px\" \/><\/a><\/figure><\/li><li class=\"blocks-gallery-item\"><figure><a href=\"https:\/\/urbeamea.ro\/albaiulia\/wp-content\/uploads\/2020\/06\/83876780_2635996949981167_7980441551932688495_n.jpg\"><img loading=\"lazy\" decoding=\"async\" width=\"638\" height=\"960\" src=\"https:\/\/urbeamea.ro\/albaiulia\/wp-content\/uploads\/2020\/06\/83876780_2635996949981167_7980441551932688495_n.jpg\" alt=\"\" data-id=\"90877\" data-full-url=\"https:\/\/urbeamea.ro\/albaiulia\/wp-content\/uploads\/2020\/06\/83876780_2635996949981167_7980441551932688495_n.jpg\" data-link=\"https:\/\/urbeamea.ro\/albaiulia\/?attachment_id=90877\" class=\"wp-image-90877\" srcset=\"https:\/\/urbeamea.ro\/albaiulia\/wp-content\/uploads\/2020\/06\/83876780_2635996949981167_7980441551932688495_n.jpg 638w, https:\/\/urbeamea.ro\/albaiulia\/wp-content\/uploads\/2020\/06\/83876780_2635996949981167_7980441551932688495_n-425x640.jpg 425w, https:\/\/urbeamea.ro\/albaiulia\/wp-content\/uploads\/2020\/06\/83876780_2635996949981167_7980441551932688495_n-100x150.jpg 100w\" sizes=\"auto, (max-width: 638px) 100vw, 638px\" \/><\/a><\/figure><\/li><li class=\"blocks-gallery-item\"><figure><a href=\"https:\/\/urbeamea.ro\/albaiulia\/wp-content\/uploads\/2020\/06\/106000731_2635997063314489_8794906754452398427_n.jpg\"><img loading=\"lazy\" decoding=\"async\" width=\"832\" height=\"960\" src=\"https:\/\/urbeamea.ro\/albaiulia\/wp-content\/uploads\/2020\/06\/106000731_2635997063314489_8794906754452398427_n.jpg\" alt=\"\" data-id=\"90878\" data-full-url=\"https:\/\/urbeamea.ro\/albaiulia\/wp-content\/uploads\/2020\/06\/106000731_2635997063314489_8794906754452398427_n.jpg\" data-link=\"https:\/\/urbeamea.ro\/albaiulia\/?attachment_id=90878\" class=\"wp-image-90878\" srcset=\"https:\/\/urbeamea.ro\/albaiulia\/wp-content\/uploads\/2020\/06\/106000731_2635997063314489_8794906754452398427_n.jpg 832w, https:\/\/urbeamea.ro\/albaiulia\/wp-content\/uploads\/2020\/06\/106000731_2635997063314489_8794906754452398427_n-555x640.jpg 555w, https:\/\/urbeamea.ro\/albaiulia\/wp-content\/uploads\/2020\/06\/106000731_2635997063314489_8794906754452398427_n-130x150.jpg 130w, https:\/\/urbeamea.ro\/albaiulia\/wp-content\/uploads\/2020\/06\/106000731_2635997063314489_8794906754452398427_n-768x886.jpg 768w\" sizes=\"auto, (max-width: 832px) 100vw, 832px\" \/><\/a><\/figure><\/li><li class=\"blocks-gallery-item\"><figure><a href=\"https:\/\/urbeamea.ro\/albaiulia\/wp-content\/uploads\/2020\/06\/106002515_2635996763314519_7197845422244242661_n.jpg\"><img loading=\"lazy\" decoding=\"async\" width=\"960\" height=\"630\" src=\"https:\/\/urbeamea.ro\/albaiulia\/wp-content\/uploads\/2020\/06\/106002515_2635996763314519_7197845422244242661_n.jpg\" alt=\"\" data-id=\"90879\" data-full-url=\"https:\/\/urbeamea.ro\/albaiulia\/wp-content\/uploads\/2020\/06\/106002515_2635996763314519_7197845422244242661_n.jpg\" data-link=\"https:\/\/urbeamea.ro\/albaiulia\/?attachment_id=90879\" class=\"wp-image-90879\" srcset=\"https:\/\/urbeamea.ro\/albaiulia\/wp-content\/uploads\/2020\/06\/106002515_2635996763314519_7197845422244242661_n.jpg 960w, https:\/\/urbeamea.ro\/albaiulia\/wp-content\/uploads\/2020\/06\/106002515_2635996763314519_7197845422244242661_n-640x420.jpg 640w, https:\/\/urbeamea.ro\/albaiulia\/wp-content\/uploads\/2020\/06\/106002515_2635996763314519_7197845422244242661_n-150x98.jpg 150w, https:\/\/urbeamea.ro\/albaiulia\/wp-content\/uploads\/2020\/06\/106002515_2635996763314519_7197845422244242661_n-768x504.jpg 768w\" sizes=\"auto, (max-width: 960px) 100vw, 960px\" \/><\/a><\/figure><\/li><li class=\"blocks-gallery-item\"><figure><a href=\"https:\/\/urbeamea.ro\/albaiulia\/wp-content\/uploads\/2020\/06\/106007781_2635997073314488_1182157633700436990_n.jpg\"><img loading=\"lazy\" decoding=\"async\" width=\"960\" height=\"638\" src=\"https:\/\/urbeamea.ro\/albaiulia\/wp-content\/uploads\/2020\/06\/106007781_2635997073314488_1182157633700436990_n.jpg\" alt=\"\" data-id=\"90880\" data-full-url=\"https:\/\/urbeamea.ro\/albaiulia\/wp-content\/uploads\/2020\/06\/106007781_2635997073314488_1182157633700436990_n.jpg\" data-link=\"https:\/\/urbeamea.ro\/albaiulia\/?attachment_id=90880\" class=\"wp-image-90880\" srcset=\"https:\/\/urbeamea.ro\/albaiulia\/wp-content\/uploads\/2020\/06\/106007781_2635997073314488_1182157633700436990_n.jpg 960w, https:\/\/urbeamea.ro\/albaiulia\/wp-content\/uploads\/2020\/06\/106007781_2635997073314488_1182157633700436990_n-640x425.jpg 640w, https:\/\/urbeamea.ro\/albaiulia\/wp-content\/uploads\/2020\/06\/106007781_2635997073314488_1182157633700436990_n-150x100.jpg 150w, https:\/\/urbeamea.ro\/albaiulia\/wp-content\/uploads\/2020\/06\/106007781_2635997073314488_1182157633700436990_n-768x510.jpg 768w\" sizes=\"auto, (max-width: 960px) 100vw, 960px\" \/><\/a><\/figure><\/li><li class=\"blocks-gallery-item\"><figure><a href=\"https:\/\/urbeamea.ro\/albaiulia\/wp-content\/uploads\/2020\/06\/106023707_2635996963314499_5212531058547255240_n.jpg\"><img loading=\"lazy\" decoding=\"async\" width=\"526\" height=\"960\" src=\"https:\/\/urbeamea.ro\/albaiulia\/wp-content\/uploads\/2020\/06\/106023707_2635996963314499_5212531058547255240_n.jpg\" alt=\"\" data-id=\"90881\" data-full-url=\"https:\/\/urbeamea.ro\/albaiulia\/wp-content\/uploads\/2020\/06\/106023707_2635996963314499_5212531058547255240_n.jpg\" data-link=\"https:\/\/urbeamea.ro\/albaiulia\/?attachment_id=90881\" class=\"wp-image-90881\" srcset=\"https:\/\/urbeamea.ro\/albaiulia\/wp-content\/uploads\/2020\/06\/106023707_2635996963314499_5212531058547255240_n.jpg 526w, https:\/\/urbeamea.ro\/albaiulia\/wp-content\/uploads\/2020\/06\/106023707_2635996963314499_5212531058547255240_n-351x640.jpg 351w, https:\/\/urbeamea.ro\/albaiulia\/wp-content\/uploads\/2020\/06\/106023707_2635996963314499_5212531058547255240_n-82x150.jpg 82w\" sizes=\"auto, (max-width: 526px) 100vw, 526px\" \/><\/a><\/figure><\/li><li class=\"blocks-gallery-item\"><figure><a href=\"https:\/\/urbeamea.ro\/albaiulia\/wp-content\/uploads\/2020\/06\/106068519_2635996883314507_66012619306731478_n.jpg\"><img loading=\"lazy\" decoding=\"async\" width=\"960\" height=\"570\" src=\"https:\/\/urbeamea.ro\/albaiulia\/wp-content\/uploads\/2020\/06\/106068519_2635996883314507_66012619306731478_n.jpg\" alt=\"\" data-id=\"90882\" data-full-url=\"https:\/\/urbeamea.ro\/albaiulia\/wp-content\/uploads\/2020\/06\/106068519_2635996883314507_66012619306731478_n.jpg\" data-link=\"https:\/\/urbeamea.ro\/albaiulia\/?attachment_id=90882\" class=\"wp-image-90882\" srcset=\"https:\/\/urbeamea.ro\/albaiulia\/wp-content\/uploads\/2020\/06\/106068519_2635996883314507_66012619306731478_n.jpg 960w, https:\/\/urbeamea.ro\/albaiulia\/wp-content\/uploads\/2020\/06\/106068519_2635996883314507_66012619306731478_n-640x380.jpg 640w, https:\/\/urbeamea.ro\/albaiulia\/wp-content\/uploads\/2020\/06\/106068519_2635996883314507_66012619306731478_n-150x89.jpg 150w, https:\/\/urbeamea.ro\/albaiulia\/wp-content\/uploads\/2020\/06\/106068519_2635996883314507_66012619306731478_n-768x456.jpg 768w\" sizes=\"auto, (max-width: 960px) 100vw, 960px\" \/><\/a><\/figure><\/li><li class=\"blocks-gallery-item\"><figure><a href=\"https:\/\/urbeamea.ro\/albaiulia\/wp-content\/uploads\/2020\/06\/106071791_2635997119981150_2134891501091991984_n.jpg\"><img loading=\"lazy\" decoding=\"async\" width=\"960\" height=\"798\" src=\"https:\/\/urbeamea.ro\/albaiulia\/wp-content\/uploads\/2020\/06\/106071791_2635997119981150_2134891501091991984_n.jpg\" alt=\"\" data-id=\"90883\" data-full-url=\"https:\/\/urbeamea.ro\/albaiulia\/wp-content\/uploads\/2020\/06\/106071791_2635997119981150_2134891501091991984_n.jpg\" data-link=\"https:\/\/urbeamea.ro\/albaiulia\/?attachment_id=90883\" class=\"wp-image-90883\" srcset=\"https:\/\/urbeamea.ro\/albaiulia\/wp-content\/uploads\/2020\/06\/106071791_2635997119981150_2134891501091991984_n.jpg 960w, https:\/\/urbeamea.ro\/albaiulia\/wp-content\/uploads\/2020\/06\/106071791_2635997119981150_2134891501091991984_n-640x532.jpg 640w, https:\/\/urbeamea.ro\/albaiulia\/wp-content\/uploads\/2020\/06\/106071791_2635997119981150_2134891501091991984_n-150x125.jpg 150w, https:\/\/urbeamea.ro\/albaiulia\/wp-content\/uploads\/2020\/06\/106071791_2635997119981150_2134891501091991984_n-768x638.jpg 768w\" sizes=\"auto, (max-width: 960px) 100vw, 960px\" \/><\/a><\/figure><\/li><li class=\"blocks-gallery-item\"><figure><a href=\"https:\/\/urbeamea.ro\/albaiulia\/wp-content\/uploads\/2020\/06\/106094334_2635996756647853_1501981039988957153_n.jpg\"><img loading=\"lazy\" decoding=\"async\" width=\"960\" height=\"638\" src=\"https:\/\/urbeamea.ro\/albaiulia\/wp-content\/uploads\/2020\/06\/106094334_2635996756647853_1501981039988957153_n.jpg\" alt=\"\" data-id=\"90884\" data-full-url=\"https:\/\/urbeamea.ro\/albaiulia\/wp-content\/uploads\/2020\/06\/106094334_2635996756647853_1501981039988957153_n.jpg\" data-link=\"https:\/\/urbeamea.ro\/albaiulia\/?attachment_id=90884\" class=\"wp-image-90884\" srcset=\"https:\/\/urbeamea.ro\/albaiulia\/wp-content\/uploads\/2020\/06\/106094334_2635996756647853_1501981039988957153_n.jpg 960w, https:\/\/urbeamea.ro\/albaiulia\/wp-content\/uploads\/2020\/06\/106094334_2635996756647853_1501981039988957153_n-640x425.jpg 640w, https:\/\/urbeamea.ro\/albaiulia\/wp-content\/uploads\/2020\/06\/106094334_2635996756647853_1501981039988957153_n-150x100.jpg 150w, https:\/\/urbeamea.ro\/albaiulia\/wp-content\/uploads\/2020\/06\/106094334_2635996756647853_1501981039988957153_n-768x510.jpg 768w\" sizes=\"auto, (max-width: 960px) 100vw, 960px\" \/><\/a><\/figure><\/li><li class=\"blocks-gallery-item\"><figure><a href=\"https:\/\/urbeamea.ro\/albaiulia\/wp-content\/uploads\/2020\/06\/106108107_2635996906647838_1049723924347965071_n.jpg\"><img loading=\"lazy\" decoding=\"async\" width=\"960\" height=\"642\" src=\"https:\/\/urbeamea.ro\/albaiulia\/wp-content\/uploads\/2020\/06\/106108107_2635996906647838_1049723924347965071_n.jpg\" alt=\"\" data-id=\"90885\" data-full-url=\"https:\/\/urbeamea.ro\/albaiulia\/wp-content\/uploads\/2020\/06\/106108107_2635996906647838_1049723924347965071_n.jpg\" data-link=\"https:\/\/urbeamea.ro\/albaiulia\/?attachment_id=90885\" class=\"wp-image-90885\" srcset=\"https:\/\/urbeamea.ro\/albaiulia\/wp-content\/uploads\/2020\/06\/106108107_2635996906647838_1049723924347965071_n.jpg 960w, https:\/\/urbeamea.ro\/albaiulia\/wp-content\/uploads\/2020\/06\/106108107_2635996906647838_1049723924347965071_n-640x428.jpg 640w, https:\/\/urbeamea.ro\/albaiulia\/wp-content\/uploads\/2020\/06\/106108107_2635996906647838_1049723924347965071_n-150x100.jpg 150w, https:\/\/urbeamea.ro\/albaiulia\/wp-content\/uploads\/2020\/06\/106108107_2635996906647838_1049723924347965071_n-768x514.jpg 768w\" sizes=\"auto, (max-width: 960px) 100vw, 960px\" \/><\/a><\/figure><\/li><li class=\"blocks-gallery-item\"><figure><a href=\"https:\/\/urbeamea.ro\/albaiulia\/wp-content\/uploads\/2020\/06\/106118680_2635997026647826_5667988366329883792_n.jpg\"><img loading=\"lazy\" decoding=\"async\" width=\"960\" height=\"702\" src=\"https:\/\/urbeamea.ro\/albaiulia\/wp-content\/uploads\/2020\/06\/106118680_2635997026647826_5667988366329883792_n.jpg\" alt=\"\" data-id=\"90886\" data-full-url=\"https:\/\/urbeamea.ro\/albaiulia\/wp-content\/uploads\/2020\/06\/106118680_2635997026647826_5667988366329883792_n.jpg\" data-link=\"https:\/\/urbeamea.ro\/albaiulia\/?attachment_id=90886\" class=\"wp-image-90886\" srcset=\"https:\/\/urbeamea.ro\/albaiulia\/wp-content\/uploads\/2020\/06\/106118680_2635997026647826_5667988366329883792_n.jpg 960w, https:\/\/urbeamea.ro\/albaiulia\/wp-content\/uploads\/2020\/06\/106118680_2635997026647826_5667988366329883792_n-640x468.jpg 640w, https:\/\/urbeamea.ro\/albaiulia\/wp-content\/uploads\/2020\/06\/106118680_2635997026647826_5667988366329883792_n-150x110.jpg 150w, https:\/\/urbeamea.ro\/albaiulia\/wp-content\/uploads\/2020\/06\/106118680_2635997026647826_5667988366329883792_n-768x562.jpg 768w\" sizes=\"auto, (max-width: 960px) 100vw, 960px\" \/><\/a><\/figure><\/li><li class=\"blocks-gallery-item\"><figure><a href=\"https:\/\/urbeamea.ro\/albaiulia\/wp-content\/uploads\/2020\/06\/106507567_2635996826647846_9128518448410745966_n.jpg\"><img loading=\"lazy\" decoding=\"async\" width=\"960\" height=\"638\" src=\"https:\/\/urbeamea.ro\/albaiulia\/wp-content\/uploads\/2020\/06\/106507567_2635996826647846_9128518448410745966_n.jpg\" alt=\"\" data-id=\"90887\" data-full-url=\"https:\/\/urbeamea.ro\/albaiulia\/wp-content\/uploads\/2020\/06\/106507567_2635996826647846_9128518448410745966_n.jpg\" data-link=\"https:\/\/urbeamea.ro\/albaiulia\/?attachment_id=90887\" class=\"wp-image-90887\" srcset=\"https:\/\/urbeamea.ro\/albaiulia\/wp-content\/uploads\/2020\/06\/106507567_2635996826647846_9128518448410745966_n.jpg 960w, https:\/\/urbeamea.ro\/albaiulia\/wp-content\/uploads\/2020\/06\/106507567_2635996826647846_9128518448410745966_n-640x425.jpg 640w, https:\/\/urbeamea.ro\/albaiulia\/wp-content\/uploads\/2020\/06\/106507567_2635996826647846_9128518448410745966_n-150x100.jpg 150w, https:\/\/urbeamea.ro\/albaiulia\/wp-content\/uploads\/2020\/06\/106507567_2635996826647846_9128518448410745966_n-768x510.jpg 768w\" sizes=\"auto, (max-width: 960px) 100vw, 960px\" \/><\/a><\/figure><\/li><\/ul><\/figure>\n","protected":false},"excerpt":{"rendered":"<p>S\u0103rb\u0103toarea Muzicii 2020 a continuat s\u00e2mb\u0103t\u0103 seara, cu un recital de harp\u0103, clarinet \u0219i pian sus\u021binut, pe scena din Pia\u021ba Cet\u0103\u021bii Alba Carolina. \u00cencep\u00e2nd cu ora 20.30, Alexandra U\u0219urelu s sus\u021binut un concert de muzic\u0103 u\u0219oar\u0103. Pe scurt, despre seara de s\u00e2mb\u0103t\u0103 se poate spune c\u0103 a fost una plin\u0103 de sensibilitate. O harp\u0103 de &hellip;<\/p>\n","protected":false},"author":17,"featured_media":90874,"comment_status":"open","ping_status":"open","sticky":false,"template":"","format":"standard","meta":{"inline_featured_image":false,"footnotes":""},"categories":[4],"tags":[21033,21032,20936],"class_list":["post-90872","post","type-post","status-publish","format-standard","has-post-thumbnail","hentry","category-eveniment","tag-concert-alexandra-usurelu","tag-recital-de-harpa-clarinet-si-pian","tag-sarbatoarea-muzicii-2020"],"yoast_head":"<!-- This site is optimized with the Yoast SEO plugin v27.4 - https:\/\/yoast.com\/product\/yoast-seo-wordpress\/ -->\n<title>Recital de harp\u0103, clarinet, pian \u0219i concert Alexandra U\u0219urelu, la S\u0103rb\u0103toarea Muzicii de la Alba Iulia - Revista Urbea Mea - Revista de Alba<\/title>\n<meta name=\"description\" content=\"S\u0103rb\u0103toarea Muzicii 2020 a continuat s\u00e2mb\u0103t\u0103 seara, cu un recital de harp\u0103, clarinet \u0219i pian sus\u021binut, pe scena din Pia\u021ba Cet\u0103\u021bii Alba Carolina. \u00cencep\u00e2nd\" \/>\n<meta name=\"robots\" content=\"index, follow, max-snippet:-1, max-image-preview:large, max-video-preview:-1\" \/>\n<link rel=\"canonical\" href=\"https:\/\/urbeamea.ro\/albaiulia\/recital-de-harpa-clarinet-pian-si-concert-alexandra-usurelu-la-sarbatoarea-muzicii-de-la-alba-iulia\/\" \/>\n<meta name=\"twitter:card\" content=\"summary_large_image\" \/>\n<meta name=\"twitter:title\" content=\"Recital de harp\u0103, clarinet, pian \u0219i concert Alexandra U\u0219urelu, la S\u0103rb\u0103toarea Muzicii de la Alba Iulia - Revista Urbea Mea - Revista de Alba\" \/>\n<meta name=\"twitter:description\" content=\"S\u0103rb\u0103toarea Muzicii 2020 a continuat s\u00e2mb\u0103t\u0103 seara, cu un recital de harp\u0103, clarinet \u0219i pian sus\u021binut, pe scena din Pia\u021ba Cet\u0103\u021bii Alba Carolina. \u00cencep\u00e2nd\" \/>\n<meta name=\"twitter:image\" content=\"https:\/\/urbeamea.ro\/albaiulia\/wp-content\/uploads\/2020\/06\/83420594_2635996816647847_562272355139705205_n.jpg\" \/>\n<meta name=\"twitter:creator\" content=\"@urbeameaweb\" \/>\n<meta name=\"twitter:site\" content=\"@urbeameaweb\" \/>\n<script type=\"application\/ld+json\" class=\"yoast-schema-graph\">{\"@context\":\"https:\\\/\\\/schema.org\",\"@graph\":[{\"@type\":\"Article\",\"@id\":\"https:\\\/\\\/urbeamea.ro\\\/albaiulia\\\/recital-de-harpa-clarinet-pian-si-concert-alexandra-usurelu-la-sarbatoarea-muzicii-de-la-alba-iulia\\\/#article\",\"isPartOf\":{\"@id\":\"https:\\\/\\\/urbeamea.ro\\\/albaiulia\\\/recital-de-harpa-clarinet-pian-si-concert-alexandra-usurelu-la-sarbatoarea-muzicii-de-la-alba-iulia\\\/\"},\"author\":{\"name\":\"Cristina Ganga\",\"@id\":\"https:\\\/\\\/urbeamea.ro\\\/albaiulia\\\/#\\\/schema\\\/person\\\/9700d21fae21c4f038b0b56f4506264a\"},\"headline\":\"Recital de harp\u0103, clarinet, pian \u0219i concert Alexandra U\u0219urelu, la S\u0103rb\u0103toarea Muzicii de la Alba Iulia\",\"datePublished\":\"2020-06-28T08:08:25+00:00\",\"dateModified\":\"2020-06-28T08:08:29+00:00\",\"mainEntityOfPage\":{\"@id\":\"https:\\\/\\\/urbeamea.ro\\\/albaiulia\\\/recital-de-harpa-clarinet-pian-si-concert-alexandra-usurelu-la-sarbatoarea-muzicii-de-la-alba-iulia\\\/\"},\"wordCount\":754,\"commentCount\":0,\"image\":{\"@id\":\"https:\\\/\\\/urbeamea.ro\\\/albaiulia\\\/recital-de-harpa-clarinet-pian-si-concert-alexandra-usurelu-la-sarbatoarea-muzicii-de-la-alba-iulia\\\/#primaryimage\"},\"thumbnailUrl\":\"https:\\\/\\\/urbeamea.ro\\\/albaiulia\\\/wp-content\\\/uploads\\\/2020\\\/06\\\/83420594_2635996816647847_562272355139705205_n.jpg\",\"keywords\":[\"concert alexandra usurelu\",\"recital de harpa clarinet si pian\",\"sarbatoarea muzicii 2020\"],\"articleSection\":[\"Evenimente\"],\"inLanguage\":\"ro-RO\",\"potentialAction\":[{\"@type\":\"CommentAction\",\"name\":\"Comment\",\"target\":[\"https:\\\/\\\/urbeamea.ro\\\/albaiulia\\\/recital-de-harpa-clarinet-pian-si-concert-alexandra-usurelu-la-sarbatoarea-muzicii-de-la-alba-iulia\\\/#respond\"]}]},{\"@type\":\"WebPage\",\"@id\":\"https:\\\/\\\/urbeamea.ro\\\/albaiulia\\\/recital-de-harpa-clarinet-pian-si-concert-alexandra-usurelu-la-sarbatoarea-muzicii-de-la-alba-iulia\\\/\",\"url\":\"https:\\\/\\\/urbeamea.ro\\\/albaiulia\\\/recital-de-harpa-clarinet-pian-si-concert-alexandra-usurelu-la-sarbatoarea-muzicii-de-la-alba-iulia\\\/\",\"name\":\"Recital de harp\u0103, clarinet, pian \u0219i concert Alexandra U\u0219urelu, la S\u0103rb\u0103toarea Muzicii de la Alba Iulia - Revista Urbea Mea - Revista de Alba\",\"isPartOf\":{\"@id\":\"https:\\\/\\\/urbeamea.ro\\\/albaiulia\\\/#website\"},\"primaryImageOfPage\":{\"@id\":\"https:\\\/\\\/urbeamea.ro\\\/albaiulia\\\/recital-de-harpa-clarinet-pian-si-concert-alexandra-usurelu-la-sarbatoarea-muzicii-de-la-alba-iulia\\\/#primaryimage\"},\"image\":{\"@id\":\"https:\\\/\\\/urbeamea.ro\\\/albaiulia\\\/recital-de-harpa-clarinet-pian-si-concert-alexandra-usurelu-la-sarbatoarea-muzicii-de-la-alba-iulia\\\/#primaryimage\"},\"thumbnailUrl\":\"https:\\\/\\\/urbeamea.ro\\\/albaiulia\\\/wp-content\\\/uploads\\\/2020\\\/06\\\/83420594_2635996816647847_562272355139705205_n.jpg\",\"datePublished\":\"2020-06-28T08:08:25+00:00\",\"dateModified\":\"2020-06-28T08:08:29+00:00\",\"author\":{\"@id\":\"https:\\\/\\\/urbeamea.ro\\\/albaiulia\\\/#\\\/schema\\\/person\\\/9700d21fae21c4f038b0b56f4506264a\"},\"description\":\"S\u0103rb\u0103toarea Muzicii 2020 a continuat s\u00e2mb\u0103t\u0103 seara, cu un recital de harp\u0103, clarinet \u0219i pian sus\u021binut, pe scena din Pia\u021ba Cet\u0103\u021bii Alba Carolina. \u00cencep\u00e2nd\",\"breadcrumb\":{\"@id\":\"https:\\\/\\\/urbeamea.ro\\\/albaiulia\\\/recital-de-harpa-clarinet-pian-si-concert-alexandra-usurelu-la-sarbatoarea-muzicii-de-la-alba-iulia\\\/#breadcrumb\"},\"inLanguage\":\"ro-RO\",\"potentialAction\":[{\"@type\":\"ReadAction\",\"target\":[\"https:\\\/\\\/urbeamea.ro\\\/albaiulia\\\/recital-de-harpa-clarinet-pian-si-concert-alexandra-usurelu-la-sarbatoarea-muzicii-de-la-alba-iulia\\\/\"]}]},{\"@type\":\"ImageObject\",\"inLanguage\":\"ro-RO\",\"@id\":\"https:\\\/\\\/urbeamea.ro\\\/albaiulia\\\/recital-de-harpa-clarinet-pian-si-concert-alexandra-usurelu-la-sarbatoarea-muzicii-de-la-alba-iulia\\\/#primaryimage\",\"url\":\"https:\\\/\\\/urbeamea.ro\\\/albaiulia\\\/wp-content\\\/uploads\\\/2020\\\/06\\\/83420594_2635996816647847_562272355139705205_n.jpg\",\"contentUrl\":\"https:\\\/\\\/urbeamea.ro\\\/albaiulia\\\/wp-content\\\/uploads\\\/2020\\\/06\\\/83420594_2635996816647847_562272355139705205_n.jpg\",\"width\":960,\"height\":638},{\"@type\":\"BreadcrumbList\",\"@id\":\"https:\\\/\\\/urbeamea.ro\\\/albaiulia\\\/recital-de-harpa-clarinet-pian-si-concert-alexandra-usurelu-la-sarbatoarea-muzicii-de-la-alba-iulia\\\/#breadcrumb\",\"itemListElement\":[{\"@type\":\"ListItem\",\"position\":1,\"name\":\"Prima pagin\u0103\",\"item\":\"https:\\\/\\\/urbeamea.ro\\\/albaiulia\\\/\"},{\"@type\":\"ListItem\",\"position\":2,\"name\":\"Recital de harp\u0103, clarinet, pian \u0219i concert Alexandra U\u0219urelu, la S\u0103rb\u0103toarea Muzicii de la Alba Iulia\"}]},{\"@type\":\"WebSite\",\"@id\":\"https:\\\/\\\/urbeamea.ro\\\/albaiulia\\\/#website\",\"url\":\"https:\\\/\\\/urbeamea.ro\\\/albaiulia\\\/\",\"name\":\"Revista Urbea Mea, Stiri urbane\",\"description\":\"Evenimente \u0219i \u0219tiri din Alba Iulia, Sebe\u0219, Aiud, Blaj\",\"potentialAction\":[{\"@type\":\"SearchAction\",\"target\":{\"@type\":\"EntryPoint\",\"urlTemplate\":\"https:\\\/\\\/urbeamea.ro\\\/albaiulia\\\/?s={search_term_string}\"},\"query-input\":{\"@type\":\"PropertyValueSpecification\",\"valueRequired\":true,\"valueName\":\"search_term_string\"}}],\"inLanguage\":\"ro-RO\"},{\"@type\":\"Person\",\"@id\":\"https:\\\/\\\/urbeamea.ro\\\/albaiulia\\\/#\\\/schema\\\/person\\\/9700d21fae21c4f038b0b56f4506264a\",\"name\":\"Cristina Ganga\",\"image\":{\"@type\":\"ImageObject\",\"inLanguage\":\"ro-RO\",\"@id\":\"https:\\\/\\\/secure.gravatar.com\\\/avatar\\\/5a67661041f057b4a8ccaf26f5a8e86e2689372006d01faf3dd9eeb10b654bb4?s=96&d=mm&r=g\",\"url\":\"https:\\\/\\\/secure.gravatar.com\\\/avatar\\\/5a67661041f057b4a8ccaf26f5a8e86e2689372006d01faf3dd9eeb10b654bb4?s=96&d=mm&r=g\",\"contentUrl\":\"https:\\\/\\\/secure.gravatar.com\\\/avatar\\\/5a67661041f057b4a8ccaf26f5a8e86e2689372006d01faf3dd9eeb10b654bb4?s=96&d=mm&r=g\",\"caption\":\"Cristina Ganga\"},\"description\":\"Jurnalist\",\"sameAs\":[\"https:\\\/\\\/www.facebook.com\\\/cristina.nicola.587\"],\"url\":\"https:\\\/\\\/urbeamea.ro\\\/albaiulia\\\/author\\\/cristina-nicola\\\/\"}]}<\/script>\n<!-- \/ Yoast SEO plugin. -->","yoast_head_json":{"title":"Recital de harp\u0103, clarinet, pian \u0219i concert Alexandra U\u0219urelu, la S\u0103rb\u0103toarea Muzicii de la Alba Iulia - Revista Urbea Mea - Revista de Alba","description":"S\u0103rb\u0103toarea Muzicii 2020 a continuat s\u00e2mb\u0103t\u0103 seara, cu un recital de harp\u0103, clarinet \u0219i pian sus\u021binut, pe scena din Pia\u021ba Cet\u0103\u021bii Alba Carolina. \u00cencep\u00e2nd","robots":{"index":"index","follow":"follow","max-snippet":"max-snippet:-1","max-image-preview":"max-image-preview:large","max-video-preview":"max-video-preview:-1"},"canonical":"https:\/\/urbeamea.ro\/albaiulia\/recital-de-harpa-clarinet-pian-si-concert-alexandra-usurelu-la-sarbatoarea-muzicii-de-la-alba-iulia\/","twitter_card":"summary_large_image","twitter_title":"Recital de harp\u0103, clarinet, pian \u0219i concert Alexandra U\u0219urelu, la S\u0103rb\u0103toarea Muzicii de la Alba Iulia - Revista Urbea Mea - Revista de Alba","twitter_description":"S\u0103rb\u0103toarea Muzicii 2020 a continuat s\u00e2mb\u0103t\u0103 seara, cu un recital de harp\u0103, clarinet \u0219i pian sus\u021binut, pe scena din Pia\u021ba Cet\u0103\u021bii Alba Carolina. \u00cencep\u00e2nd","twitter_image":"https:\/\/urbeamea.ro\/albaiulia\/wp-content\/uploads\/2020\/06\/83420594_2635996816647847_562272355139705205_n.jpg","twitter_creator":"@urbeameaweb","twitter_site":"@urbeameaweb","schema":{"@context":"https:\/\/schema.org","@graph":[{"@type":"Article","@id":"https:\/\/urbeamea.ro\/albaiulia\/recital-de-harpa-clarinet-pian-si-concert-alexandra-usurelu-la-sarbatoarea-muzicii-de-la-alba-iulia\/#article","isPartOf":{"@id":"https:\/\/urbeamea.ro\/albaiulia\/recital-de-harpa-clarinet-pian-si-concert-alexandra-usurelu-la-sarbatoarea-muzicii-de-la-alba-iulia\/"},"author":{"name":"Cristina Ganga","@id":"https:\/\/urbeamea.ro\/albaiulia\/#\/schema\/person\/9700d21fae21c4f038b0b56f4506264a"},"headline":"Recital de harp\u0103, clarinet, pian \u0219i concert Alexandra U\u0219urelu, la S\u0103rb\u0103toarea Muzicii de la Alba Iulia","datePublished":"2020-06-28T08:08:25+00:00","dateModified":"2020-06-28T08:08:29+00:00","mainEntityOfPage":{"@id":"https:\/\/urbeamea.ro\/albaiulia\/recital-de-harpa-clarinet-pian-si-concert-alexandra-usurelu-la-sarbatoarea-muzicii-de-la-alba-iulia\/"},"wordCount":754,"commentCount":0,"image":{"@id":"https:\/\/urbeamea.ro\/albaiulia\/recital-de-harpa-clarinet-pian-si-concert-alexandra-usurelu-la-sarbatoarea-muzicii-de-la-alba-iulia\/#primaryimage"},"thumbnailUrl":"https:\/\/urbeamea.ro\/albaiulia\/wp-content\/uploads\/2020\/06\/83420594_2635996816647847_562272355139705205_n.jpg","keywords":["concert alexandra usurelu","recital de harpa clarinet si pian","sarbatoarea muzicii 2020"],"articleSection":["Evenimente"],"inLanguage":"ro-RO","potentialAction":[{"@type":"CommentAction","name":"Comment","target":["https:\/\/urbeamea.ro\/albaiulia\/recital-de-harpa-clarinet-pian-si-concert-alexandra-usurelu-la-sarbatoarea-muzicii-de-la-alba-iulia\/#respond"]}]},{"@type":"WebPage","@id":"https:\/\/urbeamea.ro\/albaiulia\/recital-de-harpa-clarinet-pian-si-concert-alexandra-usurelu-la-sarbatoarea-muzicii-de-la-alba-iulia\/","url":"https:\/\/urbeamea.ro\/albaiulia\/recital-de-harpa-clarinet-pian-si-concert-alexandra-usurelu-la-sarbatoarea-muzicii-de-la-alba-iulia\/","name":"Recital de harp\u0103, clarinet, pian \u0219i concert Alexandra U\u0219urelu, la S\u0103rb\u0103toarea Muzicii de la Alba Iulia - Revista Urbea Mea - Revista de Alba","isPartOf":{"@id":"https:\/\/urbeamea.ro\/albaiulia\/#website"},"primaryImageOfPage":{"@id":"https:\/\/urbeamea.ro\/albaiulia\/recital-de-harpa-clarinet-pian-si-concert-alexandra-usurelu-la-sarbatoarea-muzicii-de-la-alba-iulia\/#primaryimage"},"image":{"@id":"https:\/\/urbeamea.ro\/albaiulia\/recital-de-harpa-clarinet-pian-si-concert-alexandra-usurelu-la-sarbatoarea-muzicii-de-la-alba-iulia\/#primaryimage"},"thumbnailUrl":"https:\/\/urbeamea.ro\/albaiulia\/wp-content\/uploads\/2020\/06\/83420594_2635996816647847_562272355139705205_n.jpg","datePublished":"2020-06-28T08:08:25+00:00","dateModified":"2020-06-28T08:08:29+00:00","author":{"@id":"https:\/\/urbeamea.ro\/albaiulia\/#\/schema\/person\/9700d21fae21c4f038b0b56f4506264a"},"description":"S\u0103rb\u0103toarea Muzicii 2020 a continuat s\u00e2mb\u0103t\u0103 seara, cu un recital de harp\u0103, clarinet \u0219i pian sus\u021binut, pe scena din Pia\u021ba Cet\u0103\u021bii Alba Carolina. \u00cencep\u00e2nd","breadcrumb":{"@id":"https:\/\/urbeamea.ro\/albaiulia\/recital-de-harpa-clarinet-pian-si-concert-alexandra-usurelu-la-sarbatoarea-muzicii-de-la-alba-iulia\/#breadcrumb"},"inLanguage":"ro-RO","potentialAction":[{"@type":"ReadAction","target":["https:\/\/urbeamea.ro\/albaiulia\/recital-de-harpa-clarinet-pian-si-concert-alexandra-usurelu-la-sarbatoarea-muzicii-de-la-alba-iulia\/"]}]},{"@type":"ImageObject","inLanguage":"ro-RO","@id":"https:\/\/urbeamea.ro\/albaiulia\/recital-de-harpa-clarinet-pian-si-concert-alexandra-usurelu-la-sarbatoarea-muzicii-de-la-alba-iulia\/#primaryimage","url":"https:\/\/urbeamea.ro\/albaiulia\/wp-content\/uploads\/2020\/06\/83420594_2635996816647847_562272355139705205_n.jpg","contentUrl":"https:\/\/urbeamea.ro\/albaiulia\/wp-content\/uploads\/2020\/06\/83420594_2635996816647847_562272355139705205_n.jpg","width":960,"height":638},{"@type":"BreadcrumbList","@id":"https:\/\/urbeamea.ro\/albaiulia\/recital-de-harpa-clarinet-pian-si-concert-alexandra-usurelu-la-sarbatoarea-muzicii-de-la-alba-iulia\/#breadcrumb","itemListElement":[{"@type":"ListItem","position":1,"name":"Prima pagin\u0103","item":"https:\/\/urbeamea.ro\/albaiulia\/"},{"@type":"ListItem","position":2,"name":"Recital de harp\u0103, clarinet, pian \u0219i concert Alexandra U\u0219urelu, la S\u0103rb\u0103toarea Muzicii de la Alba Iulia"}]},{"@type":"WebSite","@id":"https:\/\/urbeamea.ro\/albaiulia\/#website","url":"https:\/\/urbeamea.ro\/albaiulia\/","name":"Revista Urbea Mea, Stiri urbane","description":"Evenimente \u0219i \u0219tiri din Alba Iulia, Sebe\u0219, Aiud, Blaj","potentialAction":[{"@type":"SearchAction","target":{"@type":"EntryPoint","urlTemplate":"https:\/\/urbeamea.ro\/albaiulia\/?s={search_term_string}"},"query-input":{"@type":"PropertyValueSpecification","valueRequired":true,"valueName":"search_term_string"}}],"inLanguage":"ro-RO"},{"@type":"Person","@id":"https:\/\/urbeamea.ro\/albaiulia\/#\/schema\/person\/9700d21fae21c4f038b0b56f4506264a","name":"Cristina Ganga","image":{"@type":"ImageObject","inLanguage":"ro-RO","@id":"https:\/\/secure.gravatar.com\/avatar\/5a67661041f057b4a8ccaf26f5a8e86e2689372006d01faf3dd9eeb10b654bb4?s=96&d=mm&r=g","url":"https:\/\/secure.gravatar.com\/avatar\/5a67661041f057b4a8ccaf26f5a8e86e2689372006d01faf3dd9eeb10b654bb4?s=96&d=mm&r=g","contentUrl":"https:\/\/secure.gravatar.com\/avatar\/5a67661041f057b4a8ccaf26f5a8e86e2689372006d01faf3dd9eeb10b654bb4?s=96&d=mm&r=g","caption":"Cristina Ganga"},"description":"Jurnalist","sameAs":["https:\/\/www.facebook.com\/cristina.nicola.587"],"url":"https:\/\/urbeamea.ro\/albaiulia\/author\/cristina-nicola\/"}]}},"_links":{"self":[{"href":"https:\/\/urbeamea.ro\/albaiulia\/wp-json\/wp\/v2\/posts\/90872","targetHints":{"allow":["GET"]}}],"collection":[{"href":"https:\/\/urbeamea.ro\/albaiulia\/wp-json\/wp\/v2\/posts"}],"about":[{"href":"https:\/\/urbeamea.ro\/albaiulia\/wp-json\/wp\/v2\/types\/post"}],"author":[{"embeddable":true,"href":"https:\/\/urbeamea.ro\/albaiulia\/wp-json\/wp\/v2\/users\/17"}],"replies":[{"embeddable":true,"href":"https:\/\/urbeamea.ro\/albaiulia\/wp-json\/wp\/v2\/comments?post=90872"}],"version-history":[{"count":0,"href":"https:\/\/urbeamea.ro\/albaiulia\/wp-json\/wp\/v2\/posts\/90872\/revisions"}],"wp:featuredmedia":[{"embeddable":true,"href":"https:\/\/urbeamea.ro\/albaiulia\/wp-json\/wp\/v2\/media\/90874"}],"wp:attachment":[{"href":"https:\/\/urbeamea.ro\/albaiulia\/wp-json\/wp\/v2\/media?parent=90872"}],"wp:term":[{"taxonomy":"category","embeddable":true,"href":"https:\/\/urbeamea.ro\/albaiulia\/wp-json\/wp\/v2\/categories?post=90872"},{"taxonomy":"post_tag","embeddable":true,"href":"https:\/\/urbeamea.ro\/albaiulia\/wp-json\/wp\/v2\/tags?post=90872"}],"curies":[{"name":"wp","href":"https:\/\/api.w.org\/{rel}","templated":true}]}}