{"id":90889,"date":"2020-06-29T15:24:23","date_gmt":"2020-06-29T12:24:23","guid":{"rendered":"https:\/\/urbeamea.ro\/albaiulia\/?p=90889"},"modified":"2020-06-29T15:24:28","modified_gmt":"2020-06-29T12:24:28","slug":"muzica-si-cine-concerte-la-alba-iulia-music-film-festival","status":"publish","type":"post","link":"https:\/\/urbeamea.ro\/albaiulia\/muzica-si-cine-concerte-la-alba-iulia-music-film-festival\/","title":{"rendered":"Muzic\u0103 \u0219i cine-concerte la Alba Iulia Music &#038; Film Festival"},"content":{"rendered":"\n<h4 class=\"wp-block-heading\">\u00cen 3 iulie, Alba Iulia Music &amp; Film Festival (AIMFF) se preg\u0103te\u0219te de debutul celei de-a 8 edi\u021bii. Arti\u0219tii invita\u021bi \u00een festival vor oferi publicului \u0219ansa de a redescoperi filme vechi de 100 de ani acompaniate live \u0219i de a asculta compozi\u021bii originale, folk, pop sau electro.<\/h4>\n\n\n\n<p>Nici muzic\u0103, nici teatru, dar plin de personaje de o triste\u021be comic\u0103 zguduitoare \u2013 Concert \u00een 4 deschide, vineri seara, de la ora 21:00, AIMFF #8, un spectacol care \u00eei reune\u0219te pe Ada Milea, Bobo Burl\u0103cianu (F\u0103r\u0103 Zah\u0103r) \u0219i actorii Anca Hanu \u0219i Cristi Rigman. Spectacolele-concert ale Adei Milea sunt printre cele mai a\u0219teptate reprezenta\u021bii ale ultimilor ani, mereu surprinz\u0103toare \u0219i pline de umor.<\/p>\n\n\n\n<p>Tot \u00een Pia\u021ba Cet\u0103\u021bii dar s\u00e2mb\u0103t\u0103, 5 iulie, de la ora 21:00, vor c\u00e2nta \u0219i Cobzality, un proiect electro \u2013 world music inspirat de folclorul autentic rom\u00e2nesc. Dup\u0103 12 ani petrecu\u021bi \u00een trupa Sistem, Florin Roma\u015fcu \u015fi Robert Maghe\u0163i pornesc acest nou proiect \u00een care combin\u0103 o gam\u0103 variat\u0103 \u015fi surprinz\u0103toare de instrumente de percu\u021bie \u015fi de suflat acustice cu sunete moderne sintetizate sau elemente de muzic\u0103 electronic\u0103 \u015fi sound design.<\/p>\n\n\n\n<figure class=\"wp-block-image size-large\"><img loading=\"lazy\" decoding=\"async\" width=\"1280\" height=\"853\" src=\"https:\/\/urbeamea.ro\/albaiulia\/wp-content\/uploads\/2020\/06\/danaga-1280x853.jpg\" alt=\"\" class=\"wp-image-90892\" srcset=\"https:\/\/urbeamea.ro\/albaiulia\/wp-content\/uploads\/2020\/06\/danaga-1280x853.jpg 1280w, https:\/\/urbeamea.ro\/albaiulia\/wp-content\/uploads\/2020\/06\/danaga-640x426.jpg 640w, https:\/\/urbeamea.ro\/albaiulia\/wp-content\/uploads\/2020\/06\/danaga-150x100.jpg 150w, https:\/\/urbeamea.ro\/albaiulia\/wp-content\/uploads\/2020\/06\/danaga-768x512.jpg 768w, https:\/\/urbeamea.ro\/albaiulia\/wp-content\/uploads\/2020\/06\/danaga-1536x1023.jpg 1536w, https:\/\/urbeamea.ro\/albaiulia\/wp-content\/uploads\/2020\/06\/danaga.jpg 1840w\" sizes=\"auto, (max-width: 1280px) 100vw, 1280px\" \/><\/figure>\n\n\n\n<p>Un film produs acum un secol proiectat pe ritmuri electro, jazz, funk \u2013 cine-concertul Der Golem este unul din cele mai interesante momente ale serii de duminic\u0103. Artistul clujean Danaga mixeaz\u0103 live coloana sonor\u0103 a filmului regizat, \u00een 1920, de Carl Boese \u0219i Paul Wegener, \u00eencep\u00e2nd cu ora 21:45, pe Esplanada Obeliscului. Un clasic al expresionismului german, \u201eDer Golem\u201c spune povestea unui rabin din Praga secolului XVI care, pentru a proteja comunitatea evreiasc\u0103 de persecu\u021bii, creeaz\u0103 un uria\u0219 din lut c\u0103ruia \u00eei d\u0103 via\u021b\u0103 cu ajutorul magiei.<\/p>\n\n\n\n<figure class=\"wp-block-image size-large\"><img loading=\"lazy\" decoding=\"async\" width=\"1280\" height=\"853\" src=\"https:\/\/urbeamea.ro\/albaiulia\/wp-content\/uploads\/2020\/06\/Cobzality2-1280x853.jpg\" alt=\"\" class=\"wp-image-90891\" srcset=\"https:\/\/urbeamea.ro\/albaiulia\/wp-content\/uploads\/2020\/06\/Cobzality2-1280x853.jpg 1280w, https:\/\/urbeamea.ro\/albaiulia\/wp-content\/uploads\/2020\/06\/Cobzality2-640x427.jpg 640w, https:\/\/urbeamea.ro\/albaiulia\/wp-content\/uploads\/2020\/06\/Cobzality2-150x100.jpg 150w, https:\/\/urbeamea.ro\/albaiulia\/wp-content\/uploads\/2020\/06\/Cobzality2-768x512.jpg 768w, https:\/\/urbeamea.ro\/albaiulia\/wp-content\/uploads\/2020\/06\/Cobzality2.jpg 1500w\" sizes=\"auto, (max-width: 1280px) 100vw, 1280px\" \/><\/figure>\n\n\n\n<p>\u00cen concursuri trivia sau \u00een sesiuni live de zi, \u00een Gr\u0103dina Cet\u0103\u021bii, muzica se va reg\u0103si pe toat\u0103 perioada festivalului. Marile hit-uri ale muzicii pop \u0219i rock din ultimii 50 de ani se vor auzi odat\u0103 cu proiec\u021biile filmelor Liam Gallagher: As It Was, Rocketman \u0219i Yesterday, incluse \u00een programul celor 3 zile de festival.<\/p>\n\n\n\n<figure class=\"wp-block-image size-large\"><img loading=\"lazy\" decoding=\"async\" width=\"1280\" height=\"838\" src=\"https:\/\/urbeamea.ro\/albaiulia\/wp-content\/uploads\/2020\/06\/der-golem-1280x838.jpg\" alt=\"\" class=\"wp-image-90893\" srcset=\"https:\/\/urbeamea.ro\/albaiulia\/wp-content\/uploads\/2020\/06\/der-golem-1280x838.jpg 1280w, https:\/\/urbeamea.ro\/albaiulia\/wp-content\/uploads\/2020\/06\/der-golem-640x419.jpg 640w, https:\/\/urbeamea.ro\/albaiulia\/wp-content\/uploads\/2020\/06\/der-golem-150x98.jpg 150w, https:\/\/urbeamea.ro\/albaiulia\/wp-content\/uploads\/2020\/06\/der-golem-768x503.jpg 768w, https:\/\/urbeamea.ro\/albaiulia\/wp-content\/uploads\/2020\/06\/der-golem-1536x1005.jpg 1536w, https:\/\/urbeamea.ro\/albaiulia\/wp-content\/uploads\/2020\/06\/der-golem.jpg 1937w\" sizes=\"auto, (max-width: 1280px) 100vw, 1280px\" \/><\/figure>\n\n\n\n<p>Pentru a se bucura din plin de aceast\u0103 experien\u021b\u0103, organizatorii roag\u0103 publicul s\u0103 respecte toate regulile de siguran\u021b\u0103 impuse de actualul context. Accesul \u00een spa\u021biile dedicate evenimentelor va fi permis cu 2 ore \u00eenainte de ora stabilit\u0103 \u00een program \u0219i doar dup\u0103 triajul observa\u021bional \u0219i termometrizarea noncontact. Spectatorii sunt ruga\u021bi s\u0103 p\u0103streze distan\u021ba social\u0103 inclusiv pe perioada proiec\u021biilor \u0219i s\u0103 nu consume alimente sau b\u0103uturi care nu sunt \u00een ambalaje individuale, cu capac. Purtarea m\u0103\u0219tii este obligatorie.<\/p>\n\n\n\n<p>Programul complet al evenimentelor din cadrul festivalului va putea fi g\u0103sit, \u00een cur\u00e2nd, pe albafilmfest.ro.<\/p>\n\n\n\n<p>Alba Iulia Music &amp; Film Festival este prezentat de TIFF, \u00een organizarea Asocia\u021biei Film \u0219i Cultur\u0103 Urban\u0103 (AFCU) \u0219i a Prim\u0103riei Municipiului Alba Iulia.<\/p>\n\n\n\n<figure class=\"wp-block-image size-large\"><img loading=\"lazy\" decoding=\"async\" width=\"1024\" height=\"577\" src=\"https:\/\/urbeamea.ro\/albaiulia\/wp-content\/uploads\/2020\/06\/dergolem.jpg\" alt=\"\" class=\"wp-image-90894\" srcset=\"https:\/\/urbeamea.ro\/albaiulia\/wp-content\/uploads\/2020\/06\/dergolem.jpg 1024w, https:\/\/urbeamea.ro\/albaiulia\/wp-content\/uploads\/2020\/06\/dergolem-640x361.jpg 640w, https:\/\/urbeamea.ro\/albaiulia\/wp-content\/uploads\/2020\/06\/dergolem-150x85.jpg 150w, https:\/\/urbeamea.ro\/albaiulia\/wp-content\/uploads\/2020\/06\/dergolem-768x433.jpg 768w\" sizes=\"auto, (max-width: 1024px) 100vw, 1024px\" \/><\/figure>\n","protected":false},"excerpt":{"rendered":"<p>\u00cen 3 iulie, Alba Iulia Music &amp; Film Festival (AIMFF) se preg\u0103te\u0219te de debutul celei de-a 8 edi\u021bii. Arti\u0219tii invita\u021bi \u00een festival vor oferi publicului \u0219ansa de a redescoperi filme vechi de 100 de ani acompaniate live \u0219i de a asculta compozi\u021bii originale, folk, pop sau electro. Nici muzic\u0103, nici teatru, dar plin de personaje &hellip;<\/p>\n","protected":false},"author":17,"featured_media":90890,"comment_status":"open","ping_status":"open","sticky":false,"template":"","format":"standard","meta":{"inline_featured_image":false,"footnotes":""},"categories":[4],"tags":[12090,21036,21035,21034],"class_list":["post-90889","post","type-post","status-publish","format-standard","has-post-thumbnail","hentry","category-eveniment","tag-alba-iulia-music-film-festival","tag-compozitii-originale","tag-filme-vechi","tag-muzica-si-cine-concerte"],"yoast_head":"<!-- This site is optimized with the Yoast SEO plugin v27.4 - https:\/\/yoast.com\/product\/yoast-seo-wordpress\/ -->\n<title>Muzic\u0103 \u0219i cine-concerte la Alba Iulia Music &amp; Film Festival - Revista Urbea Mea - Revista de Alba<\/title>\n<meta name=\"description\" content=\"\u00cen 3 iulie, Alba Iulia Music &amp; Film Festival (AIMFF) se preg\u0103te\u0219te de debutul celei de-a 8 edi\u021bii. Arti\u0219tii invita\u021bi \u00een festival vor oferi publicului\" \/>\n<meta name=\"robots\" content=\"index, follow, max-snippet:-1, max-image-preview:large, max-video-preview:-1\" \/>\n<link rel=\"canonical\" href=\"https:\/\/urbeamea.ro\/albaiulia\/muzica-si-cine-concerte-la-alba-iulia-music-film-festival\/\" \/>\n<meta name=\"twitter:card\" content=\"summary_large_image\" \/>\n<meta name=\"twitter:title\" content=\"Muzic\u0103 \u0219i cine-concerte la Alba Iulia Music &amp; Film Festival - Revista Urbea Mea - Revista de Alba\" \/>\n<meta name=\"twitter:description\" content=\"\u00cen 3 iulie, Alba Iulia Music &amp; Film Festival (AIMFF) se preg\u0103te\u0219te de debutul celei de-a 8 edi\u021bii. Arti\u0219tii invita\u021bi \u00een festival vor oferi publicului\" \/>\n<meta name=\"twitter:image\" content=\"https:\/\/urbeamea.ro\/albaiulia\/wp-content\/uploads\/2020\/06\/CONCERT-IN-4.jpg\" \/>\n<meta name=\"twitter:creator\" content=\"@urbeameaweb\" \/>\n<meta name=\"twitter:site\" content=\"@urbeameaweb\" \/>\n<script type=\"application\/ld+json\" class=\"yoast-schema-graph\">{\"@context\":\"https:\\\/\\\/schema.org\",\"@graph\":[{\"@type\":\"Article\",\"@id\":\"https:\\\/\\\/urbeamea.ro\\\/albaiulia\\\/muzica-si-cine-concerte-la-alba-iulia-music-film-festival\\\/#article\",\"isPartOf\":{\"@id\":\"https:\\\/\\\/urbeamea.ro\\\/albaiulia\\\/muzica-si-cine-concerte-la-alba-iulia-music-film-festival\\\/\"},\"author\":{\"name\":\"Cristina Ganga\",\"@id\":\"https:\\\/\\\/urbeamea.ro\\\/albaiulia\\\/#\\\/schema\\\/person\\\/9700d21fae21c4f038b0b56f4506264a\"},\"headline\":\"Muzic\u0103 \u0219i cine-concerte la Alba Iulia Music &#038; Film Festival\",\"datePublished\":\"2020-06-29T12:24:23+00:00\",\"dateModified\":\"2020-06-29T12:24:28+00:00\",\"mainEntityOfPage\":{\"@id\":\"https:\\\/\\\/urbeamea.ro\\\/albaiulia\\\/muzica-si-cine-concerte-la-alba-iulia-music-film-festival\\\/\"},\"wordCount\":477,\"commentCount\":0,\"image\":{\"@id\":\"https:\\\/\\\/urbeamea.ro\\\/albaiulia\\\/muzica-si-cine-concerte-la-alba-iulia-music-film-festival\\\/#primaryimage\"},\"thumbnailUrl\":\"https:\\\/\\\/urbeamea.ro\\\/albaiulia\\\/wp-content\\\/uploads\\\/2020\\\/06\\\/CONCERT-IN-4.jpg\",\"keywords\":[\"alba iulia music &amp; film festival\",\"compozitii originale\",\"filme vechi\",\"muzica si cine-concerte\"],\"articleSection\":[\"Evenimente\"],\"inLanguage\":\"ro-RO\",\"potentialAction\":[{\"@type\":\"CommentAction\",\"name\":\"Comment\",\"target\":[\"https:\\\/\\\/urbeamea.ro\\\/albaiulia\\\/muzica-si-cine-concerte-la-alba-iulia-music-film-festival\\\/#respond\"]}]},{\"@type\":\"WebPage\",\"@id\":\"https:\\\/\\\/urbeamea.ro\\\/albaiulia\\\/muzica-si-cine-concerte-la-alba-iulia-music-film-festival\\\/\",\"url\":\"https:\\\/\\\/urbeamea.ro\\\/albaiulia\\\/muzica-si-cine-concerte-la-alba-iulia-music-film-festival\\\/\",\"name\":\"Muzic\u0103 \u0219i cine-concerte la Alba Iulia Music & Film Festival - Revista Urbea Mea - Revista de Alba\",\"isPartOf\":{\"@id\":\"https:\\\/\\\/urbeamea.ro\\\/albaiulia\\\/#website\"},\"primaryImageOfPage\":{\"@id\":\"https:\\\/\\\/urbeamea.ro\\\/albaiulia\\\/muzica-si-cine-concerte-la-alba-iulia-music-film-festival\\\/#primaryimage\"},\"image\":{\"@id\":\"https:\\\/\\\/urbeamea.ro\\\/albaiulia\\\/muzica-si-cine-concerte-la-alba-iulia-music-film-festival\\\/#primaryimage\"},\"thumbnailUrl\":\"https:\\\/\\\/urbeamea.ro\\\/albaiulia\\\/wp-content\\\/uploads\\\/2020\\\/06\\\/CONCERT-IN-4.jpg\",\"datePublished\":\"2020-06-29T12:24:23+00:00\",\"dateModified\":\"2020-06-29T12:24:28+00:00\",\"author\":{\"@id\":\"https:\\\/\\\/urbeamea.ro\\\/albaiulia\\\/#\\\/schema\\\/person\\\/9700d21fae21c4f038b0b56f4506264a\"},\"description\":\"\u00cen 3 iulie, Alba Iulia Music &amp; Film Festival (AIMFF) se preg\u0103te\u0219te de debutul celei de-a 8 edi\u021bii. Arti\u0219tii invita\u021bi \u00een festival vor oferi publicului\",\"breadcrumb\":{\"@id\":\"https:\\\/\\\/urbeamea.ro\\\/albaiulia\\\/muzica-si-cine-concerte-la-alba-iulia-music-film-festival\\\/#breadcrumb\"},\"inLanguage\":\"ro-RO\",\"potentialAction\":[{\"@type\":\"ReadAction\",\"target\":[\"https:\\\/\\\/urbeamea.ro\\\/albaiulia\\\/muzica-si-cine-concerte-la-alba-iulia-music-film-festival\\\/\"]}]},{\"@type\":\"ImageObject\",\"inLanguage\":\"ro-RO\",\"@id\":\"https:\\\/\\\/urbeamea.ro\\\/albaiulia\\\/muzica-si-cine-concerte-la-alba-iulia-music-film-festival\\\/#primaryimage\",\"url\":\"https:\\\/\\\/urbeamea.ro\\\/albaiulia\\\/wp-content\\\/uploads\\\/2020\\\/06\\\/CONCERT-IN-4.jpg\",\"contentUrl\":\"https:\\\/\\\/urbeamea.ro\\\/albaiulia\\\/wp-content\\\/uploads\\\/2020\\\/06\\\/CONCERT-IN-4.jpg\",\"width\":1024,\"height\":683},{\"@type\":\"BreadcrumbList\",\"@id\":\"https:\\\/\\\/urbeamea.ro\\\/albaiulia\\\/muzica-si-cine-concerte-la-alba-iulia-music-film-festival\\\/#breadcrumb\",\"itemListElement\":[{\"@type\":\"ListItem\",\"position\":1,\"name\":\"Prima pagin\u0103\",\"item\":\"https:\\\/\\\/urbeamea.ro\\\/albaiulia\\\/\"},{\"@type\":\"ListItem\",\"position\":2,\"name\":\"Muzic\u0103 \u0219i cine-concerte la Alba Iulia Music &#038; Film Festival\"}]},{\"@type\":\"WebSite\",\"@id\":\"https:\\\/\\\/urbeamea.ro\\\/albaiulia\\\/#website\",\"url\":\"https:\\\/\\\/urbeamea.ro\\\/albaiulia\\\/\",\"name\":\"Revista Urbea Mea, Stiri urbane\",\"description\":\"Evenimente \u0219i \u0219tiri din Alba Iulia, Sebe\u0219, Aiud, Blaj\",\"potentialAction\":[{\"@type\":\"SearchAction\",\"target\":{\"@type\":\"EntryPoint\",\"urlTemplate\":\"https:\\\/\\\/urbeamea.ro\\\/albaiulia\\\/?s={search_term_string}\"},\"query-input\":{\"@type\":\"PropertyValueSpecification\",\"valueRequired\":true,\"valueName\":\"search_term_string\"}}],\"inLanguage\":\"ro-RO\"},{\"@type\":\"Person\",\"@id\":\"https:\\\/\\\/urbeamea.ro\\\/albaiulia\\\/#\\\/schema\\\/person\\\/9700d21fae21c4f038b0b56f4506264a\",\"name\":\"Cristina Ganga\",\"image\":{\"@type\":\"ImageObject\",\"inLanguage\":\"ro-RO\",\"@id\":\"https:\\\/\\\/secure.gravatar.com\\\/avatar\\\/5a67661041f057b4a8ccaf26f5a8e86e2689372006d01faf3dd9eeb10b654bb4?s=96&d=mm&r=g\",\"url\":\"https:\\\/\\\/secure.gravatar.com\\\/avatar\\\/5a67661041f057b4a8ccaf26f5a8e86e2689372006d01faf3dd9eeb10b654bb4?s=96&d=mm&r=g\",\"contentUrl\":\"https:\\\/\\\/secure.gravatar.com\\\/avatar\\\/5a67661041f057b4a8ccaf26f5a8e86e2689372006d01faf3dd9eeb10b654bb4?s=96&d=mm&r=g\",\"caption\":\"Cristina Ganga\"},\"description\":\"Jurnalist\",\"sameAs\":[\"https:\\\/\\\/www.facebook.com\\\/cristina.nicola.587\"],\"url\":\"https:\\\/\\\/urbeamea.ro\\\/albaiulia\\\/author\\\/cristina-nicola\\\/\"}]}<\/script>\n<!-- \/ Yoast SEO plugin. -->","yoast_head_json":{"title":"Muzic\u0103 \u0219i cine-concerte la Alba Iulia Music & Film Festival - Revista Urbea Mea - Revista de Alba","description":"\u00cen 3 iulie, Alba Iulia Music &amp; Film Festival (AIMFF) se preg\u0103te\u0219te de debutul celei de-a 8 edi\u021bii. Arti\u0219tii invita\u021bi \u00een festival vor oferi publicului","robots":{"index":"index","follow":"follow","max-snippet":"max-snippet:-1","max-image-preview":"max-image-preview:large","max-video-preview":"max-video-preview:-1"},"canonical":"https:\/\/urbeamea.ro\/albaiulia\/muzica-si-cine-concerte-la-alba-iulia-music-film-festival\/","twitter_card":"summary_large_image","twitter_title":"Muzic\u0103 \u0219i cine-concerte la Alba Iulia Music & Film Festival - Revista Urbea Mea - Revista de Alba","twitter_description":"\u00cen 3 iulie, Alba Iulia Music &amp; Film Festival (AIMFF) se preg\u0103te\u0219te de debutul celei de-a 8 edi\u021bii. Arti\u0219tii invita\u021bi \u00een festival vor oferi publicului","twitter_image":"https:\/\/urbeamea.ro\/albaiulia\/wp-content\/uploads\/2020\/06\/CONCERT-IN-4.jpg","twitter_creator":"@urbeameaweb","twitter_site":"@urbeameaweb","schema":{"@context":"https:\/\/schema.org","@graph":[{"@type":"Article","@id":"https:\/\/urbeamea.ro\/albaiulia\/muzica-si-cine-concerte-la-alba-iulia-music-film-festival\/#article","isPartOf":{"@id":"https:\/\/urbeamea.ro\/albaiulia\/muzica-si-cine-concerte-la-alba-iulia-music-film-festival\/"},"author":{"name":"Cristina Ganga","@id":"https:\/\/urbeamea.ro\/albaiulia\/#\/schema\/person\/9700d21fae21c4f038b0b56f4506264a"},"headline":"Muzic\u0103 \u0219i cine-concerte la Alba Iulia Music &#038; Film Festival","datePublished":"2020-06-29T12:24:23+00:00","dateModified":"2020-06-29T12:24:28+00:00","mainEntityOfPage":{"@id":"https:\/\/urbeamea.ro\/albaiulia\/muzica-si-cine-concerte-la-alba-iulia-music-film-festival\/"},"wordCount":477,"commentCount":0,"image":{"@id":"https:\/\/urbeamea.ro\/albaiulia\/muzica-si-cine-concerte-la-alba-iulia-music-film-festival\/#primaryimage"},"thumbnailUrl":"https:\/\/urbeamea.ro\/albaiulia\/wp-content\/uploads\/2020\/06\/CONCERT-IN-4.jpg","keywords":["alba iulia music &amp; film festival","compozitii originale","filme vechi","muzica si cine-concerte"],"articleSection":["Evenimente"],"inLanguage":"ro-RO","potentialAction":[{"@type":"CommentAction","name":"Comment","target":["https:\/\/urbeamea.ro\/albaiulia\/muzica-si-cine-concerte-la-alba-iulia-music-film-festival\/#respond"]}]},{"@type":"WebPage","@id":"https:\/\/urbeamea.ro\/albaiulia\/muzica-si-cine-concerte-la-alba-iulia-music-film-festival\/","url":"https:\/\/urbeamea.ro\/albaiulia\/muzica-si-cine-concerte-la-alba-iulia-music-film-festival\/","name":"Muzic\u0103 \u0219i cine-concerte la Alba Iulia Music & Film Festival - Revista Urbea Mea - Revista de Alba","isPartOf":{"@id":"https:\/\/urbeamea.ro\/albaiulia\/#website"},"primaryImageOfPage":{"@id":"https:\/\/urbeamea.ro\/albaiulia\/muzica-si-cine-concerte-la-alba-iulia-music-film-festival\/#primaryimage"},"image":{"@id":"https:\/\/urbeamea.ro\/albaiulia\/muzica-si-cine-concerte-la-alba-iulia-music-film-festival\/#primaryimage"},"thumbnailUrl":"https:\/\/urbeamea.ro\/albaiulia\/wp-content\/uploads\/2020\/06\/CONCERT-IN-4.jpg","datePublished":"2020-06-29T12:24:23+00:00","dateModified":"2020-06-29T12:24:28+00:00","author":{"@id":"https:\/\/urbeamea.ro\/albaiulia\/#\/schema\/person\/9700d21fae21c4f038b0b56f4506264a"},"description":"\u00cen 3 iulie, Alba Iulia Music &amp; Film Festival (AIMFF) se preg\u0103te\u0219te de debutul celei de-a 8 edi\u021bii. Arti\u0219tii invita\u021bi \u00een festival vor oferi publicului","breadcrumb":{"@id":"https:\/\/urbeamea.ro\/albaiulia\/muzica-si-cine-concerte-la-alba-iulia-music-film-festival\/#breadcrumb"},"inLanguage":"ro-RO","potentialAction":[{"@type":"ReadAction","target":["https:\/\/urbeamea.ro\/albaiulia\/muzica-si-cine-concerte-la-alba-iulia-music-film-festival\/"]}]},{"@type":"ImageObject","inLanguage":"ro-RO","@id":"https:\/\/urbeamea.ro\/albaiulia\/muzica-si-cine-concerte-la-alba-iulia-music-film-festival\/#primaryimage","url":"https:\/\/urbeamea.ro\/albaiulia\/wp-content\/uploads\/2020\/06\/CONCERT-IN-4.jpg","contentUrl":"https:\/\/urbeamea.ro\/albaiulia\/wp-content\/uploads\/2020\/06\/CONCERT-IN-4.jpg","width":1024,"height":683},{"@type":"BreadcrumbList","@id":"https:\/\/urbeamea.ro\/albaiulia\/muzica-si-cine-concerte-la-alba-iulia-music-film-festival\/#breadcrumb","itemListElement":[{"@type":"ListItem","position":1,"name":"Prima pagin\u0103","item":"https:\/\/urbeamea.ro\/albaiulia\/"},{"@type":"ListItem","position":2,"name":"Muzic\u0103 \u0219i cine-concerte la Alba Iulia Music &#038; Film Festival"}]},{"@type":"WebSite","@id":"https:\/\/urbeamea.ro\/albaiulia\/#website","url":"https:\/\/urbeamea.ro\/albaiulia\/","name":"Revista Urbea Mea, Stiri urbane","description":"Evenimente \u0219i \u0219tiri din Alba Iulia, Sebe\u0219, Aiud, Blaj","potentialAction":[{"@type":"SearchAction","target":{"@type":"EntryPoint","urlTemplate":"https:\/\/urbeamea.ro\/albaiulia\/?s={search_term_string}"},"query-input":{"@type":"PropertyValueSpecification","valueRequired":true,"valueName":"search_term_string"}}],"inLanguage":"ro-RO"},{"@type":"Person","@id":"https:\/\/urbeamea.ro\/albaiulia\/#\/schema\/person\/9700d21fae21c4f038b0b56f4506264a","name":"Cristina Ganga","image":{"@type":"ImageObject","inLanguage":"ro-RO","@id":"https:\/\/secure.gravatar.com\/avatar\/5a67661041f057b4a8ccaf26f5a8e86e2689372006d01faf3dd9eeb10b654bb4?s=96&d=mm&r=g","url":"https:\/\/secure.gravatar.com\/avatar\/5a67661041f057b4a8ccaf26f5a8e86e2689372006d01faf3dd9eeb10b654bb4?s=96&d=mm&r=g","contentUrl":"https:\/\/secure.gravatar.com\/avatar\/5a67661041f057b4a8ccaf26f5a8e86e2689372006d01faf3dd9eeb10b654bb4?s=96&d=mm&r=g","caption":"Cristina Ganga"},"description":"Jurnalist","sameAs":["https:\/\/www.facebook.com\/cristina.nicola.587"],"url":"https:\/\/urbeamea.ro\/albaiulia\/author\/cristina-nicola\/"}]}},"_links":{"self":[{"href":"https:\/\/urbeamea.ro\/albaiulia\/wp-json\/wp\/v2\/posts\/90889","targetHints":{"allow":["GET"]}}],"collection":[{"href":"https:\/\/urbeamea.ro\/albaiulia\/wp-json\/wp\/v2\/posts"}],"about":[{"href":"https:\/\/urbeamea.ro\/albaiulia\/wp-json\/wp\/v2\/types\/post"}],"author":[{"embeddable":true,"href":"https:\/\/urbeamea.ro\/albaiulia\/wp-json\/wp\/v2\/users\/17"}],"replies":[{"embeddable":true,"href":"https:\/\/urbeamea.ro\/albaiulia\/wp-json\/wp\/v2\/comments?post=90889"}],"version-history":[{"count":0,"href":"https:\/\/urbeamea.ro\/albaiulia\/wp-json\/wp\/v2\/posts\/90889\/revisions"}],"wp:featuredmedia":[{"embeddable":true,"href":"https:\/\/urbeamea.ro\/albaiulia\/wp-json\/wp\/v2\/media\/90890"}],"wp:attachment":[{"href":"https:\/\/urbeamea.ro\/albaiulia\/wp-json\/wp\/v2\/media?parent=90889"}],"wp:term":[{"taxonomy":"category","embeddable":true,"href":"https:\/\/urbeamea.ro\/albaiulia\/wp-json\/wp\/v2\/categories?post=90889"},{"taxonomy":"post_tag","embeddable":true,"href":"https:\/\/urbeamea.ro\/albaiulia\/wp-json\/wp\/v2\/tags?post=90889"}],"curies":[{"name":"wp","href":"https:\/\/api.w.org\/{rel}","templated":true}]}}