{"id":90898,"date":"2020-06-29T15:36:42","date_gmt":"2020-06-29T12:36:42","guid":{"rendered":"https:\/\/urbeamea.ro\/albaiulia\/?p=90898"},"modified":"2020-06-29T15:36:47","modified_gmt":"2020-06-29T12:36:47","slug":"terase-si-baruri-controlate-de-politisti","status":"publish","type":"post","link":"https:\/\/urbeamea.ro\/albaiulia\/terase-si-baruri-controlate-de-politisti\/","title":{"rendered":"Terase \u0219i baruri controlate de poli\u021bi\u0219ti"},"content":{"rendered":"\n<h4 class=\"wp-block-heading\">Poli\u021bi\u0219tii din Alba au verificat 350 de terase \u0219i societ\u0103\u021bi comerciale, \u00een cadrul unei ac\u021biuni care a vizat modul \u00een care sunt respectate normele legale impuse pe perioada st\u0103rii de alert\u0103. Au fost aplicate 13 amenzi pentru nerespectarea m\u0103surilor de protec\u021bie individual\u0103 \u0219i modul de amenajare privind distan\u021barea fizic\u0103 \u0219i locul prev\u0103zut \u00eentre mese.<\/h4>\n\n\n\n<p>\u00cen perioada 26 \u2013 28 iunie 2020, peste 200 de poli\u021bi\u0219ti ai Inspectoratului de Poli\u021bie Jude\u021bean Alba, \u00eempreun\u0103 cu jandarmi, poli\u021bi\u0219ti locali, reprezentan\u021bi ai Agen\u021biei Na\u021bionale Sanitar Veterinare \u0219i pentru Siguran\u021ba Alimentelor, reprezentan\u021bi ai Direc\u021biei de S\u0103n\u0103tate Public\u0103 \u0219i ai Inspectoratului Teritorial de Munc\u0103 Alba, au ac\u021bionat \u00een sistem integrat, pe raza \u00eentregului jude\u021b, pentru verificarea modului de respectare a regulilor de distan\u021bare social\u0103, a m\u0103surilor de protec\u021bie sanitar\u0103 \u0219i pentru a preveni desf\u0103\u0219urarea unor activit\u0103\u021bi care ar conduce la cre\u0219terea num\u0103rului de infect\u0103ri cu noul tip de coronavirus.<\/p>\n\n\n\n<p>Astfel, au fost verificate 350 societ\u0103\u021bi comerciale care au deschis terase sau baruri \u00een aer liber, iar angaja\u021bii \u0219i clien\u021bii acestora au fost consilia\u021bi cu privire la importan\u021ba purt\u0103rii m\u0103\u0219tii de protec\u021bie, necesitatea respect\u0103rii distan\u021b\u0103rii sociale \u0219i a normelor de igien\u0103. Poli\u021bi\u0219tii au identificat 9 societ\u0103\u021bi comerciale care nu au respectat m\u0103surile de diminuare a riscului \u00een contextul actual.<\/p>\n\n\n\n<p>Au fost aplicate 10 sanc\u021biuni cu avertisment, pentru nerespectarea m\u0103surilor de protec\u021bie individual\u0103 \u0219i 3 (\u00een valoare&nbsp; total\u0103 de 5.000 de lei), pentru nerespectarea modului de amenajare a teraselor privind distan\u021barea fizic\u0103.<\/p>\n\n\n\n<p>De asemenea, poli\u021bi\u0219tii au constatat 84 de abateri de natur\u0103 contraven\u021bional\u0103 privind fapte de tulburarea a ordinii \u0219i lini\u0219tii publice, care au fost sanc\u021bionate \u00een baza Legii\u00a0 61\/1991, cu amenzi \u00een valoare de 11.900 lei. \u00a0<\/p>\n\n\n\n<figure class=\"wp-block-gallery columns-3 is-cropped wp-block-gallery-1 is-layout-flex wp-block-gallery-is-layout-flex\"><ul class=\"blocks-gallery-grid\"><li class=\"blocks-gallery-item\"><figure><a href=\"https:\/\/urbeamea.ro\/albaiulia\/wp-content\/uploads\/2020\/06\/4-1.jpeg\"><img loading=\"lazy\" decoding=\"async\" width=\"1280\" height=\"960\" src=\"https:\/\/urbeamea.ro\/albaiulia\/wp-content\/uploads\/2020\/06\/4-1-1280x960.jpeg\" alt=\"\" data-id=\"90899\" data-full-url=\"https:\/\/urbeamea.ro\/albaiulia\/wp-content\/uploads\/2020\/06\/4-1.jpeg\" data-link=\"https:\/\/urbeamea.ro\/albaiulia\/?attachment_id=90899\" class=\"wp-image-90899\" srcset=\"https:\/\/urbeamea.ro\/albaiulia\/wp-content\/uploads\/2020\/06\/4-1-1280x960.jpeg 1280w, https:\/\/urbeamea.ro\/albaiulia\/wp-content\/uploads\/2020\/06\/4-1-640x480.jpeg 640w, https:\/\/urbeamea.ro\/albaiulia\/wp-content\/uploads\/2020\/06\/4-1-150x113.jpeg 150w, https:\/\/urbeamea.ro\/albaiulia\/wp-content\/uploads\/2020\/06\/4-1-768x576.jpeg 768w, https:\/\/urbeamea.ro\/albaiulia\/wp-content\/uploads\/2020\/06\/4-1-1536x1152.jpeg 1536w, https:\/\/urbeamea.ro\/albaiulia\/wp-content\/uploads\/2020\/06\/4-1.jpeg 1600w\" sizes=\"auto, (max-width: 1280px) 100vw, 1280px\" \/><\/a><\/figure><\/li><li class=\"blocks-gallery-item\"><figure><a href=\"https:\/\/urbeamea.ro\/albaiulia\/wp-content\/uploads\/2020\/06\/6.jpeg\"><img loading=\"lazy\" decoding=\"async\" width=\"1280\" height=\"960\" src=\"https:\/\/urbeamea.ro\/albaiulia\/wp-content\/uploads\/2020\/06\/6-1280x960.jpeg\" alt=\"\" data-id=\"90900\" data-full-url=\"https:\/\/urbeamea.ro\/albaiulia\/wp-content\/uploads\/2020\/06\/6.jpeg\" data-link=\"https:\/\/urbeamea.ro\/albaiulia\/?attachment_id=90900\" class=\"wp-image-90900\" srcset=\"https:\/\/urbeamea.ro\/albaiulia\/wp-content\/uploads\/2020\/06\/6-1280x960.jpeg 1280w, https:\/\/urbeamea.ro\/albaiulia\/wp-content\/uploads\/2020\/06\/6-640x480.jpeg 640w, https:\/\/urbeamea.ro\/albaiulia\/wp-content\/uploads\/2020\/06\/6-150x113.jpeg 150w, https:\/\/urbeamea.ro\/albaiulia\/wp-content\/uploads\/2020\/06\/6-768x576.jpeg 768w, https:\/\/urbeamea.ro\/albaiulia\/wp-content\/uploads\/2020\/06\/6-1536x1152.jpeg 1536w, https:\/\/urbeamea.ro\/albaiulia\/wp-content\/uploads\/2020\/06\/6.jpeg 1600w\" sizes=\"auto, (max-width: 1280px) 100vw, 1280px\" \/><\/a><\/figure><\/li><li class=\"blocks-gallery-item\"><figure><a href=\"https:\/\/urbeamea.ro\/albaiulia\/wp-content\/uploads\/2020\/06\/7.jpeg\"><img loading=\"lazy\" decoding=\"async\" width=\"1280\" height=\"606\" src=\"https:\/\/urbeamea.ro\/albaiulia\/wp-content\/uploads\/2020\/06\/7-1280x606.jpeg\" alt=\"\" data-id=\"90901\" data-full-url=\"https:\/\/urbeamea.ro\/albaiulia\/wp-content\/uploads\/2020\/06\/7.jpeg\" data-link=\"https:\/\/urbeamea.ro\/albaiulia\/?attachment_id=90901\" class=\"wp-image-90901\" srcset=\"https:\/\/urbeamea.ro\/albaiulia\/wp-content\/uploads\/2020\/06\/7-1280x606.jpeg 1280w, https:\/\/urbeamea.ro\/albaiulia\/wp-content\/uploads\/2020\/06\/7-640x303.jpeg 640w, https:\/\/urbeamea.ro\/albaiulia\/wp-content\/uploads\/2020\/06\/7-150x71.jpeg 150w, https:\/\/urbeamea.ro\/albaiulia\/wp-content\/uploads\/2020\/06\/7-768x363.jpeg 768w, https:\/\/urbeamea.ro\/albaiulia\/wp-content\/uploads\/2020\/06\/7-1536x727.jpeg 1536w, https:\/\/urbeamea.ro\/albaiulia\/wp-content\/uploads\/2020\/06\/7.jpeg 1600w\" sizes=\"auto, (max-width: 1280px) 100vw, 1280px\" \/><\/a><\/figure><\/li><li class=\"blocks-gallery-item\"><figure><a href=\"https:\/\/urbeamea.ro\/albaiulia\/wp-content\/uploads\/2020\/06\/8.jpeg\"><img loading=\"lazy\" decoding=\"async\" width=\"1280\" height=\"607\" src=\"https:\/\/urbeamea.ro\/albaiulia\/wp-content\/uploads\/2020\/06\/8-1280x607.jpeg\" alt=\"\" data-id=\"90902\" data-full-url=\"https:\/\/urbeamea.ro\/albaiulia\/wp-content\/uploads\/2020\/06\/8.jpeg\" data-link=\"https:\/\/urbeamea.ro\/albaiulia\/?attachment_id=90902\" class=\"wp-image-90902\" srcset=\"https:\/\/urbeamea.ro\/albaiulia\/wp-content\/uploads\/2020\/06\/8-1280x607.jpeg 1280w, https:\/\/urbeamea.ro\/albaiulia\/wp-content\/uploads\/2020\/06\/8-640x303.jpeg 640w, https:\/\/urbeamea.ro\/albaiulia\/wp-content\/uploads\/2020\/06\/8-150x71.jpeg 150w, https:\/\/urbeamea.ro\/albaiulia\/wp-content\/uploads\/2020\/06\/8-768x364.jpeg 768w, https:\/\/urbeamea.ro\/albaiulia\/wp-content\/uploads\/2020\/06\/8-1536x728.jpeg 1536w, https:\/\/urbeamea.ro\/albaiulia\/wp-content\/uploads\/2020\/06\/8.jpeg 1599w\" sizes=\"auto, (max-width: 1280px) 100vw, 1280px\" \/><\/a><\/figure><\/li><li class=\"blocks-gallery-item\"><figure><a href=\"https:\/\/urbeamea.ro\/albaiulia\/wp-content\/uploads\/2020\/06\/9.jpeg\"><img loading=\"lazy\" decoding=\"async\" width=\"961\" height=\"1280\" src=\"https:\/\/urbeamea.ro\/albaiulia\/wp-content\/uploads\/2020\/06\/9-961x1280.jpeg\" alt=\"\" data-id=\"90903\" data-full-url=\"https:\/\/urbeamea.ro\/albaiulia\/wp-content\/uploads\/2020\/06\/9.jpeg\" data-link=\"https:\/\/urbeamea.ro\/albaiulia\/?attachment_id=90903\" class=\"wp-image-90903\" srcset=\"https:\/\/urbeamea.ro\/albaiulia\/wp-content\/uploads\/2020\/06\/9-961x1280.jpeg 961w, https:\/\/urbeamea.ro\/albaiulia\/wp-content\/uploads\/2020\/06\/9-480x640.jpeg 480w, https:\/\/urbeamea.ro\/albaiulia\/wp-content\/uploads\/2020\/06\/9-113x150.jpeg 113w, https:\/\/urbeamea.ro\/albaiulia\/wp-content\/uploads\/2020\/06\/9-768x1023.jpeg 768w, https:\/\/urbeamea.ro\/albaiulia\/wp-content\/uploads\/2020\/06\/9-1153x1536.jpeg 1153w, https:\/\/urbeamea.ro\/albaiulia\/wp-content\/uploads\/2020\/06\/9.jpeg 1200w\" sizes=\"auto, (max-width: 961px) 100vw, 961px\" \/><\/a><\/figure><\/li><li class=\"blocks-gallery-item\"><figure><a href=\"https:\/\/urbeamea.ro\/albaiulia\/wp-content\/uploads\/2020\/06\/10.jpeg\"><img loading=\"lazy\" decoding=\"async\" width=\"961\" height=\"1280\" src=\"https:\/\/urbeamea.ro\/albaiulia\/wp-content\/uploads\/2020\/06\/10-961x1280.jpeg\" alt=\"\" data-id=\"90904\" data-full-url=\"https:\/\/urbeamea.ro\/albaiulia\/wp-content\/uploads\/2020\/06\/10.jpeg\" data-link=\"https:\/\/urbeamea.ro\/albaiulia\/?attachment_id=90904\" class=\"wp-image-90904\" srcset=\"https:\/\/urbeamea.ro\/albaiulia\/wp-content\/uploads\/2020\/06\/10-961x1280.jpeg 961w, https:\/\/urbeamea.ro\/albaiulia\/wp-content\/uploads\/2020\/06\/10-480x640.jpeg 480w, https:\/\/urbeamea.ro\/albaiulia\/wp-content\/uploads\/2020\/06\/10-113x150.jpeg 113w, https:\/\/urbeamea.ro\/albaiulia\/wp-content\/uploads\/2020\/06\/10-768x1023.jpeg 768w, https:\/\/urbeamea.ro\/albaiulia\/wp-content\/uploads\/2020\/06\/10-1153x1536.jpeg 1153w, https:\/\/urbeamea.ro\/albaiulia\/wp-content\/uploads\/2020\/06\/10.jpeg 1200w\" sizes=\"auto, (max-width: 961px) 100vw, 961px\" \/><\/a><\/figure><\/li><\/ul><\/figure>\n","protected":false},"excerpt":{"rendered":"<p>Poli\u021bi\u0219tii din Alba au verificat 350 de terase \u0219i societ\u0103\u021bi comerciale, \u00een cadrul unei ac\u021biuni care a vizat modul \u00een care sunt respectate normele legale impuse pe perioada st\u0103rii de alert\u0103. Au fost aplicate 13 amenzi pentru nerespectarea m\u0103surilor de protec\u021bie individual\u0103 \u0219i modul de amenajare privind distan\u021barea fizic\u0103 \u0219i locul prev\u0103zut \u00eentre mese. \u00cen &hellip;<\/p>\n","protected":false},"author":17,"featured_media":90900,"comment_status":"open","ping_status":"open","sticky":false,"template":"","format":"standard","meta":{"inline_featured_image":false,"footnotes":""},"categories":[2034],"tags":[21042,20686,21041,21040],"class_list":["post-90898","post","type-post","status-publish","format-standard","has-post-thumbnail","hentry","category-social","tag-modul-de-amenajare","tag-perioada-starii-de-alerta","tag-respectare-norme-legale","tag-terase-si-baruri-controlate"],"yoast_head":"<!-- This site is optimized with the Yoast SEO plugin v27.4 - https:\/\/yoast.com\/product\/yoast-seo-wordpress\/ -->\n<title>Terase \u0219i baruri controlate de poli\u021bi\u0219ti - Revista Urbea Mea - Revista de Alba<\/title>\n<meta name=\"description\" content=\"Poli\u021bi\u0219tii din Alba au verificat 350 de terase \u0219i societ\u0103\u021bi comerciale, \u00een cadrul unei ac\u021biuni care a vizat modul \u00een care sunt respectate normele legale\" \/>\n<meta name=\"robots\" content=\"index, follow, max-snippet:-1, max-image-preview:large, max-video-preview:-1\" \/>\n<link rel=\"canonical\" href=\"https:\/\/urbeamea.ro\/albaiulia\/terase-si-baruri-controlate-de-politisti\/\" \/>\n<meta name=\"twitter:card\" content=\"summary_large_image\" \/>\n<meta name=\"twitter:title\" content=\"Terase \u0219i baruri controlate de poli\u021bi\u0219ti - Revista Urbea Mea - Revista de Alba\" \/>\n<meta name=\"twitter:description\" content=\"Poli\u021bi\u0219tii din Alba au verificat 350 de terase \u0219i societ\u0103\u021bi comerciale, \u00een cadrul unei ac\u021biuni care a vizat modul \u00een care sunt respectate normele legale\" \/>\n<meta name=\"twitter:image\" content=\"https:\/\/urbeamea.ro\/albaiulia\/wp-content\/uploads\/2020\/06\/6.jpeg\" \/>\n<meta name=\"twitter:creator\" content=\"@urbeameaweb\" \/>\n<meta name=\"twitter:site\" content=\"@urbeameaweb\" \/>\n<script type=\"application\/ld+json\" class=\"yoast-schema-graph\">{\"@context\":\"https:\\\/\\\/schema.org\",\"@graph\":[{\"@type\":\"Article\",\"@id\":\"https:\\\/\\\/urbeamea.ro\\\/albaiulia\\\/terase-si-baruri-controlate-de-politisti\\\/#article\",\"isPartOf\":{\"@id\":\"https:\\\/\\\/urbeamea.ro\\\/albaiulia\\\/terase-si-baruri-controlate-de-politisti\\\/\"},\"author\":{\"name\":\"Cristina Ganga\",\"@id\":\"https:\\\/\\\/urbeamea.ro\\\/albaiulia\\\/#\\\/schema\\\/person\\\/9700d21fae21c4f038b0b56f4506264a\"},\"headline\":\"Terase \u0219i baruri controlate de poli\u021bi\u0219ti\",\"datePublished\":\"2020-06-29T12:36:42+00:00\",\"dateModified\":\"2020-06-29T12:36:47+00:00\",\"mainEntityOfPage\":{\"@id\":\"https:\\\/\\\/urbeamea.ro\\\/albaiulia\\\/terase-si-baruri-controlate-de-politisti\\\/\"},\"wordCount\":318,\"commentCount\":0,\"image\":{\"@id\":\"https:\\\/\\\/urbeamea.ro\\\/albaiulia\\\/terase-si-baruri-controlate-de-politisti\\\/#primaryimage\"},\"thumbnailUrl\":\"https:\\\/\\\/urbeamea.ro\\\/albaiulia\\\/wp-content\\\/uploads\\\/2020\\\/06\\\/6.jpeg\",\"keywords\":[\"modul de amenajare\",\"perioada starii de alerta\",\"respectare norme legale\",\"terase si baruri controlate\"],\"articleSection\":[\"Social\"],\"inLanguage\":\"ro-RO\",\"potentialAction\":[{\"@type\":\"CommentAction\",\"name\":\"Comment\",\"target\":[\"https:\\\/\\\/urbeamea.ro\\\/albaiulia\\\/terase-si-baruri-controlate-de-politisti\\\/#respond\"]}]},{\"@type\":\"WebPage\",\"@id\":\"https:\\\/\\\/urbeamea.ro\\\/albaiulia\\\/terase-si-baruri-controlate-de-politisti\\\/\",\"url\":\"https:\\\/\\\/urbeamea.ro\\\/albaiulia\\\/terase-si-baruri-controlate-de-politisti\\\/\",\"name\":\"Terase \u0219i baruri controlate de poli\u021bi\u0219ti - Revista Urbea Mea - Revista de Alba\",\"isPartOf\":{\"@id\":\"https:\\\/\\\/urbeamea.ro\\\/albaiulia\\\/#website\"},\"primaryImageOfPage\":{\"@id\":\"https:\\\/\\\/urbeamea.ro\\\/albaiulia\\\/terase-si-baruri-controlate-de-politisti\\\/#primaryimage\"},\"image\":{\"@id\":\"https:\\\/\\\/urbeamea.ro\\\/albaiulia\\\/terase-si-baruri-controlate-de-politisti\\\/#primaryimage\"},\"thumbnailUrl\":\"https:\\\/\\\/urbeamea.ro\\\/albaiulia\\\/wp-content\\\/uploads\\\/2020\\\/06\\\/6.jpeg\",\"datePublished\":\"2020-06-29T12:36:42+00:00\",\"dateModified\":\"2020-06-29T12:36:47+00:00\",\"author\":{\"@id\":\"https:\\\/\\\/urbeamea.ro\\\/albaiulia\\\/#\\\/schema\\\/person\\\/9700d21fae21c4f038b0b56f4506264a\"},\"description\":\"Poli\u021bi\u0219tii din Alba au verificat 350 de terase \u0219i societ\u0103\u021bi comerciale, \u00een cadrul unei ac\u021biuni care a vizat modul \u00een care sunt respectate normele legale\",\"breadcrumb\":{\"@id\":\"https:\\\/\\\/urbeamea.ro\\\/albaiulia\\\/terase-si-baruri-controlate-de-politisti\\\/#breadcrumb\"},\"inLanguage\":\"ro-RO\",\"potentialAction\":[{\"@type\":\"ReadAction\",\"target\":[\"https:\\\/\\\/urbeamea.ro\\\/albaiulia\\\/terase-si-baruri-controlate-de-politisti\\\/\"]}]},{\"@type\":\"ImageObject\",\"inLanguage\":\"ro-RO\",\"@id\":\"https:\\\/\\\/urbeamea.ro\\\/albaiulia\\\/terase-si-baruri-controlate-de-politisti\\\/#primaryimage\",\"url\":\"https:\\\/\\\/urbeamea.ro\\\/albaiulia\\\/wp-content\\\/uploads\\\/2020\\\/06\\\/6.jpeg\",\"contentUrl\":\"https:\\\/\\\/urbeamea.ro\\\/albaiulia\\\/wp-content\\\/uploads\\\/2020\\\/06\\\/6.jpeg\",\"width\":1600,\"height\":1200},{\"@type\":\"BreadcrumbList\",\"@id\":\"https:\\\/\\\/urbeamea.ro\\\/albaiulia\\\/terase-si-baruri-controlate-de-politisti\\\/#breadcrumb\",\"itemListElement\":[{\"@type\":\"ListItem\",\"position\":1,\"name\":\"Prima pagin\u0103\",\"item\":\"https:\\\/\\\/urbeamea.ro\\\/albaiulia\\\/\"},{\"@type\":\"ListItem\",\"position\":2,\"name\":\"Terase \u0219i baruri controlate de poli\u021bi\u0219ti\"}]},{\"@type\":\"WebSite\",\"@id\":\"https:\\\/\\\/urbeamea.ro\\\/albaiulia\\\/#website\",\"url\":\"https:\\\/\\\/urbeamea.ro\\\/albaiulia\\\/\",\"name\":\"Revista Urbea Mea, Stiri urbane\",\"description\":\"Evenimente \u0219i \u0219tiri din Alba Iulia, Sebe\u0219, Aiud, Blaj\",\"potentialAction\":[{\"@type\":\"SearchAction\",\"target\":{\"@type\":\"EntryPoint\",\"urlTemplate\":\"https:\\\/\\\/urbeamea.ro\\\/albaiulia\\\/?s={search_term_string}\"},\"query-input\":{\"@type\":\"PropertyValueSpecification\",\"valueRequired\":true,\"valueName\":\"search_term_string\"}}],\"inLanguage\":\"ro-RO\"},{\"@type\":\"Person\",\"@id\":\"https:\\\/\\\/urbeamea.ro\\\/albaiulia\\\/#\\\/schema\\\/person\\\/9700d21fae21c4f038b0b56f4506264a\",\"name\":\"Cristina Ganga\",\"image\":{\"@type\":\"ImageObject\",\"inLanguage\":\"ro-RO\",\"@id\":\"https:\\\/\\\/secure.gravatar.com\\\/avatar\\\/5a67661041f057b4a8ccaf26f5a8e86e2689372006d01faf3dd9eeb10b654bb4?s=96&d=mm&r=g\",\"url\":\"https:\\\/\\\/secure.gravatar.com\\\/avatar\\\/5a67661041f057b4a8ccaf26f5a8e86e2689372006d01faf3dd9eeb10b654bb4?s=96&d=mm&r=g\",\"contentUrl\":\"https:\\\/\\\/secure.gravatar.com\\\/avatar\\\/5a67661041f057b4a8ccaf26f5a8e86e2689372006d01faf3dd9eeb10b654bb4?s=96&d=mm&r=g\",\"caption\":\"Cristina Ganga\"},\"description\":\"Jurnalist\",\"sameAs\":[\"https:\\\/\\\/www.facebook.com\\\/cristina.nicola.587\"],\"url\":\"https:\\\/\\\/urbeamea.ro\\\/albaiulia\\\/author\\\/cristina-nicola\\\/\"}]}<\/script>\n<!-- \/ Yoast SEO plugin. -->","yoast_head_json":{"title":"Terase \u0219i baruri controlate de poli\u021bi\u0219ti - Revista Urbea Mea - Revista de Alba","description":"Poli\u021bi\u0219tii din Alba au verificat 350 de terase \u0219i societ\u0103\u021bi comerciale, \u00een cadrul unei ac\u021biuni care a vizat modul \u00een care sunt respectate normele legale","robots":{"index":"index","follow":"follow","max-snippet":"max-snippet:-1","max-image-preview":"max-image-preview:large","max-video-preview":"max-video-preview:-1"},"canonical":"https:\/\/urbeamea.ro\/albaiulia\/terase-si-baruri-controlate-de-politisti\/","twitter_card":"summary_large_image","twitter_title":"Terase \u0219i baruri controlate de poli\u021bi\u0219ti - Revista Urbea Mea - Revista de Alba","twitter_description":"Poli\u021bi\u0219tii din Alba au verificat 350 de terase \u0219i societ\u0103\u021bi comerciale, \u00een cadrul unei ac\u021biuni care a vizat modul \u00een care sunt respectate normele legale","twitter_image":"https:\/\/urbeamea.ro\/albaiulia\/wp-content\/uploads\/2020\/06\/6.jpeg","twitter_creator":"@urbeameaweb","twitter_site":"@urbeameaweb","schema":{"@context":"https:\/\/schema.org","@graph":[{"@type":"Article","@id":"https:\/\/urbeamea.ro\/albaiulia\/terase-si-baruri-controlate-de-politisti\/#article","isPartOf":{"@id":"https:\/\/urbeamea.ro\/albaiulia\/terase-si-baruri-controlate-de-politisti\/"},"author":{"name":"Cristina Ganga","@id":"https:\/\/urbeamea.ro\/albaiulia\/#\/schema\/person\/9700d21fae21c4f038b0b56f4506264a"},"headline":"Terase \u0219i baruri controlate de poli\u021bi\u0219ti","datePublished":"2020-06-29T12:36:42+00:00","dateModified":"2020-06-29T12:36:47+00:00","mainEntityOfPage":{"@id":"https:\/\/urbeamea.ro\/albaiulia\/terase-si-baruri-controlate-de-politisti\/"},"wordCount":318,"commentCount":0,"image":{"@id":"https:\/\/urbeamea.ro\/albaiulia\/terase-si-baruri-controlate-de-politisti\/#primaryimage"},"thumbnailUrl":"https:\/\/urbeamea.ro\/albaiulia\/wp-content\/uploads\/2020\/06\/6.jpeg","keywords":["modul de amenajare","perioada starii de alerta","respectare norme legale","terase si baruri controlate"],"articleSection":["Social"],"inLanguage":"ro-RO","potentialAction":[{"@type":"CommentAction","name":"Comment","target":["https:\/\/urbeamea.ro\/albaiulia\/terase-si-baruri-controlate-de-politisti\/#respond"]}]},{"@type":"WebPage","@id":"https:\/\/urbeamea.ro\/albaiulia\/terase-si-baruri-controlate-de-politisti\/","url":"https:\/\/urbeamea.ro\/albaiulia\/terase-si-baruri-controlate-de-politisti\/","name":"Terase \u0219i baruri controlate de poli\u021bi\u0219ti - Revista Urbea Mea - Revista de Alba","isPartOf":{"@id":"https:\/\/urbeamea.ro\/albaiulia\/#website"},"primaryImageOfPage":{"@id":"https:\/\/urbeamea.ro\/albaiulia\/terase-si-baruri-controlate-de-politisti\/#primaryimage"},"image":{"@id":"https:\/\/urbeamea.ro\/albaiulia\/terase-si-baruri-controlate-de-politisti\/#primaryimage"},"thumbnailUrl":"https:\/\/urbeamea.ro\/albaiulia\/wp-content\/uploads\/2020\/06\/6.jpeg","datePublished":"2020-06-29T12:36:42+00:00","dateModified":"2020-06-29T12:36:47+00:00","author":{"@id":"https:\/\/urbeamea.ro\/albaiulia\/#\/schema\/person\/9700d21fae21c4f038b0b56f4506264a"},"description":"Poli\u021bi\u0219tii din Alba au verificat 350 de terase \u0219i societ\u0103\u021bi comerciale, \u00een cadrul unei ac\u021biuni care a vizat modul \u00een care sunt respectate normele legale","breadcrumb":{"@id":"https:\/\/urbeamea.ro\/albaiulia\/terase-si-baruri-controlate-de-politisti\/#breadcrumb"},"inLanguage":"ro-RO","potentialAction":[{"@type":"ReadAction","target":["https:\/\/urbeamea.ro\/albaiulia\/terase-si-baruri-controlate-de-politisti\/"]}]},{"@type":"ImageObject","inLanguage":"ro-RO","@id":"https:\/\/urbeamea.ro\/albaiulia\/terase-si-baruri-controlate-de-politisti\/#primaryimage","url":"https:\/\/urbeamea.ro\/albaiulia\/wp-content\/uploads\/2020\/06\/6.jpeg","contentUrl":"https:\/\/urbeamea.ro\/albaiulia\/wp-content\/uploads\/2020\/06\/6.jpeg","width":1600,"height":1200},{"@type":"BreadcrumbList","@id":"https:\/\/urbeamea.ro\/albaiulia\/terase-si-baruri-controlate-de-politisti\/#breadcrumb","itemListElement":[{"@type":"ListItem","position":1,"name":"Prima pagin\u0103","item":"https:\/\/urbeamea.ro\/albaiulia\/"},{"@type":"ListItem","position":2,"name":"Terase \u0219i baruri controlate de poli\u021bi\u0219ti"}]},{"@type":"WebSite","@id":"https:\/\/urbeamea.ro\/albaiulia\/#website","url":"https:\/\/urbeamea.ro\/albaiulia\/","name":"Revista Urbea Mea, Stiri urbane","description":"Evenimente \u0219i \u0219tiri din Alba Iulia, Sebe\u0219, Aiud, Blaj","potentialAction":[{"@type":"SearchAction","target":{"@type":"EntryPoint","urlTemplate":"https:\/\/urbeamea.ro\/albaiulia\/?s={search_term_string}"},"query-input":{"@type":"PropertyValueSpecification","valueRequired":true,"valueName":"search_term_string"}}],"inLanguage":"ro-RO"},{"@type":"Person","@id":"https:\/\/urbeamea.ro\/albaiulia\/#\/schema\/person\/9700d21fae21c4f038b0b56f4506264a","name":"Cristina Ganga","image":{"@type":"ImageObject","inLanguage":"ro-RO","@id":"https:\/\/secure.gravatar.com\/avatar\/5a67661041f057b4a8ccaf26f5a8e86e2689372006d01faf3dd9eeb10b654bb4?s=96&d=mm&r=g","url":"https:\/\/secure.gravatar.com\/avatar\/5a67661041f057b4a8ccaf26f5a8e86e2689372006d01faf3dd9eeb10b654bb4?s=96&d=mm&r=g","contentUrl":"https:\/\/secure.gravatar.com\/avatar\/5a67661041f057b4a8ccaf26f5a8e86e2689372006d01faf3dd9eeb10b654bb4?s=96&d=mm&r=g","caption":"Cristina Ganga"},"description":"Jurnalist","sameAs":["https:\/\/www.facebook.com\/cristina.nicola.587"],"url":"https:\/\/urbeamea.ro\/albaiulia\/author\/cristina-nicola\/"}]}},"_links":{"self":[{"href":"https:\/\/urbeamea.ro\/albaiulia\/wp-json\/wp\/v2\/posts\/90898","targetHints":{"allow":["GET"]}}],"collection":[{"href":"https:\/\/urbeamea.ro\/albaiulia\/wp-json\/wp\/v2\/posts"}],"about":[{"href":"https:\/\/urbeamea.ro\/albaiulia\/wp-json\/wp\/v2\/types\/post"}],"author":[{"embeddable":true,"href":"https:\/\/urbeamea.ro\/albaiulia\/wp-json\/wp\/v2\/users\/17"}],"replies":[{"embeddable":true,"href":"https:\/\/urbeamea.ro\/albaiulia\/wp-json\/wp\/v2\/comments?post=90898"}],"version-history":[{"count":0,"href":"https:\/\/urbeamea.ro\/albaiulia\/wp-json\/wp\/v2\/posts\/90898\/revisions"}],"wp:featuredmedia":[{"embeddable":true,"href":"https:\/\/urbeamea.ro\/albaiulia\/wp-json\/wp\/v2\/media\/90900"}],"wp:attachment":[{"href":"https:\/\/urbeamea.ro\/albaiulia\/wp-json\/wp\/v2\/media?parent=90898"}],"wp:term":[{"taxonomy":"category","embeddable":true,"href":"https:\/\/urbeamea.ro\/albaiulia\/wp-json\/wp\/v2\/categories?post=90898"},{"taxonomy":"post_tag","embeddable":true,"href":"https:\/\/urbeamea.ro\/albaiulia\/wp-json\/wp\/v2\/tags?post=90898"}],"curies":[{"name":"wp","href":"https:\/\/api.w.org\/{rel}","templated":true}]}}