{"id":91282,"date":"2020-07-13T18:06:17","date_gmt":"2020-07-13T15:06:17","guid":{"rendered":"https:\/\/urbeamea.ro\/albaiulia\/?p=91282"},"modified":"2020-07-14T08:59:34","modified_gmt":"2020-07-14T05:59:34","slug":"donatii-pentru-cateii-fara-stapan-alba-iulia","status":"publish","type":"post","link":"https:\/\/urbeamea.ro\/albaiulia\/donatii-pentru-cateii-fara-stapan-alba-iulia\/","title":{"rendered":"Dona\u021bii pentru c\u0103\u021beii f\u0103r\u0103 st\u0103p\u00e2n Alba Iulia"},"content":{"rendered":"\n<h4 class=\"wp-block-heading\">Ad\u0103postul public pentru c\u00e2ini f\u0103r\u0103 st\u0103p\u00e2n&nbsp;din Alba Iulia se bucur\u0103 de sus\u021binerea unor oameni cu inim\u0103 mare \u0219i dragoste pentru c\u0103\u021beii abandona\u021bi.<\/h4>\n\n\n\n<p>\u00cen cursul acestei s\u0103pt\u0103m\u00e2ni, Asocia\u021bia&nbsp;<em>Arche Noah<\/em>&nbsp;<em>Transilvania<\/em>&nbsp;a facilitat un transport din Germania const\u00e2nd \u00een 3400 kg hran\u0103 uscat\u0103 \u0219i umed\u0103, 1400 kg recompense \u0219i 20 de cu\u0219ti din lemn.<\/p>\n\n\n\n<blockquote class=\"wp-block-quote is-layout-flow wp-block-quote-is-layout-flow\"><p>&nbsp; \u00ab&#8221;Animale de companie&#8221; mi se pare o sintagm\u0103&nbsp;u\u0219or dep\u0103\u0219it\u0103&nbsp;pentru secolul nostru&nbsp;\u0219i pentru nivelul la care pretindem c\u0103&nbsp;suntem sau vrem s\u0103&nbsp;fim.&nbsp;\ud83d\udc29\ud83d\udc15&nbsp;C\u00e2inii, cel pu\u021bin, sunt monumente de loialitate, exemple vii pentru fiecare dintre noi. M\u0103&nbsp;bucur c\u00e2nd v\u0103d c\u0103&nbsp;\u0219i cei mai pu\u021bin noroco\u0219i, care&nbsp;\u00eenc\u0103&nbsp;nu au un st\u0103p\u00e2n, sunt pe lista cuiva de priorit\u0103\u021bi&nbsp;\u0219i primesc aten\u021bie,&nbsp;\u00eengrijire&nbsp;\u0219i hran\u0103. Le mul\u021bumesc pentru gestul lor&nbsp;\u0219i sunt convins c\u0103&nbsp;mai sunt&nbsp;\u00eenc\u0103&nbsp;mul\u021bi, foarte mul\u021bi dintre noi care pot sus\u021bine cauza. Nu a c\u00e2inilor &#8222;f\u0103r\u0103&nbsp;st\u0103p\u00e2n&#8221;, pentru c\u0103, din nou, sun\u0103&nbsp;nedrept, ci a c\u00e2inilor&nbsp;\u201ecare nu au&nbsp;\u00eenc\u0103&nbsp;un st\u0103p\u00e2n&#8221;. Adapostul de la Parto\u0219&nbsp;e deschis zilnic&nbsp;\u0219i pentru adop\u021bii, inclusiv adop\u021bii de la distan\u021b\u0103. V\u0103&nbsp;mul\u021bumesc tuturor,&nbsp;\u00een avans, pentru distribuiri&nbsp;\u0219i implicare!\ud83d\udc36\u00bb \u2013 Voicu PAUL, viceprimar cu atribu\u021bii de primar al Municipiului Alba Iulia<\/p><\/blockquote>\n\n\n\n<p>Printre cei care ne sunt al\u0103turi permanent&nbsp;sunt Asocia\u021bia&nbsp;<em>Arche Noah<\/em>&nbsp;<em>Transilvania<\/em>&nbsp;care faciliteaz\u0103 dona\u021bii de m\u00e2ncare \u0219i adop\u021bii \u00een Germania, dar \u0219i Asocia\u021bia&nbsp;<em>Prietenii lui<\/em>&nbsp;<em>Azor<\/em>. <\/p>\n\n\n\n<p>Voluntarii acestor asocia\u021bii sunt implica\u021bi at\u00e2t \u00een ce prive\u0219te g\u0103sirea unor familii pentru c\u00e2inii f\u0103r\u0103 st\u0103p\u00e2n c\u00e2t \u0219i \u00een atragerea de sponsoriz\u0103ri consistente \u0219i regulate const\u00e2nd \u00een hran\u0103, cu\u0219ti \u0219i chiar produse paramedicale.<\/p>\n\n\n\n<figure class=\"wp-block-gallery columns-3 is-cropped wp-block-gallery-1 is-layout-flex wp-block-gallery-is-layout-flex\"><ul class=\"blocks-gallery-grid\"><li class=\"blocks-gallery-item\"><figure><a href=\"https:\/\/urbeamea.ro\/albaiulia\/wp-content\/uploads\/2020\/07\/dog1.jpg\"><img loading=\"lazy\" decoding=\"async\" width=\"721\" height=\"1280\" src=\"https:\/\/urbeamea.ro\/albaiulia\/wp-content\/uploads\/2020\/07\/dog1-721x1280.jpg\" alt=\"\" data-id=\"91284\" data-full-url=\"https:\/\/urbeamea.ro\/albaiulia\/wp-content\/uploads\/2020\/07\/dog1.jpg\" data-link=\"https:\/\/urbeamea.ro\/albaiulia\/donatii-pentru-cateii-fara-stapan-alba-iulia\/dog1\/\" class=\"wp-image-91284\" srcset=\"https:\/\/urbeamea.ro\/albaiulia\/wp-content\/uploads\/2020\/07\/dog1-721x1280.jpg 721w, https:\/\/urbeamea.ro\/albaiulia\/wp-content\/uploads\/2020\/07\/dog1-360x640.jpg 360w, https:\/\/urbeamea.ro\/albaiulia\/wp-content\/uploads\/2020\/07\/dog1-84x150.jpg 84w, https:\/\/urbeamea.ro\/albaiulia\/wp-content\/uploads\/2020\/07\/dog1-768x1364.jpg 768w, https:\/\/urbeamea.ro\/albaiulia\/wp-content\/uploads\/2020\/07\/dog1-865x1536.jpg 865w, https:\/\/urbeamea.ro\/albaiulia\/wp-content\/uploads\/2020\/07\/dog1.jpg 901w\" sizes=\"auto, (max-width: 721px) 100vw, 721px\" \/><\/a><\/figure><\/li><li class=\"blocks-gallery-item\"><figure><a href=\"https:\/\/urbeamea.ro\/albaiulia\/wp-content\/uploads\/2020\/07\/dog2.jpg\"><img loading=\"lazy\" decoding=\"async\" width=\"721\" height=\"1280\" src=\"https:\/\/urbeamea.ro\/albaiulia\/wp-content\/uploads\/2020\/07\/dog2-721x1280.jpg\" alt=\"\" data-id=\"91285\" data-full-url=\"https:\/\/urbeamea.ro\/albaiulia\/wp-content\/uploads\/2020\/07\/dog2.jpg\" data-link=\"https:\/\/urbeamea.ro\/albaiulia\/donatii-pentru-cateii-fara-stapan-alba-iulia\/dog2\/\" class=\"wp-image-91285\" srcset=\"https:\/\/urbeamea.ro\/albaiulia\/wp-content\/uploads\/2020\/07\/dog2-721x1280.jpg 721w, https:\/\/urbeamea.ro\/albaiulia\/wp-content\/uploads\/2020\/07\/dog2-360x640.jpg 360w, https:\/\/urbeamea.ro\/albaiulia\/wp-content\/uploads\/2020\/07\/dog2-84x150.jpg 84w, https:\/\/urbeamea.ro\/albaiulia\/wp-content\/uploads\/2020\/07\/dog2-768x1364.jpg 768w, https:\/\/urbeamea.ro\/albaiulia\/wp-content\/uploads\/2020\/07\/dog2-865x1536.jpg 865w, https:\/\/urbeamea.ro\/albaiulia\/wp-content\/uploads\/2020\/07\/dog2.jpg 901w\" sizes=\"auto, (max-width: 721px) 100vw, 721px\" \/><\/a><\/figure><\/li><li class=\"blocks-gallery-item\"><figure><a href=\"https:\/\/urbeamea.ro\/albaiulia\/wp-content\/uploads\/2020\/07\/dog3.jpg\"><img loading=\"lazy\" decoding=\"async\" width=\"721\" height=\"1280\" src=\"https:\/\/urbeamea.ro\/albaiulia\/wp-content\/uploads\/2020\/07\/dog3-721x1280.jpg\" alt=\"\" data-id=\"91286\" data-full-url=\"https:\/\/urbeamea.ro\/albaiulia\/wp-content\/uploads\/2020\/07\/dog3.jpg\" data-link=\"https:\/\/urbeamea.ro\/albaiulia\/donatii-pentru-cateii-fara-stapan-alba-iulia\/dog3\/\" class=\"wp-image-91286\" srcset=\"https:\/\/urbeamea.ro\/albaiulia\/wp-content\/uploads\/2020\/07\/dog3-721x1280.jpg 721w, https:\/\/urbeamea.ro\/albaiulia\/wp-content\/uploads\/2020\/07\/dog3-360x640.jpg 360w, https:\/\/urbeamea.ro\/albaiulia\/wp-content\/uploads\/2020\/07\/dog3-84x150.jpg 84w, https:\/\/urbeamea.ro\/albaiulia\/wp-content\/uploads\/2020\/07\/dog3-768x1364.jpg 768w, https:\/\/urbeamea.ro\/albaiulia\/wp-content\/uploads\/2020\/07\/dog3-865x1536.jpg 865w, https:\/\/urbeamea.ro\/albaiulia\/wp-content\/uploads\/2020\/07\/dog3.jpg 901w\" sizes=\"auto, (max-width: 721px) 100vw, 721px\" \/><\/a><\/figure><\/li><li class=\"blocks-gallery-item\"><figure><a href=\"https:\/\/urbeamea.ro\/albaiulia\/wp-content\/uploads\/2020\/07\/dog4.jpg\"><img loading=\"lazy\" decoding=\"async\" width=\"721\" height=\"1280\" src=\"https:\/\/urbeamea.ro\/albaiulia\/wp-content\/uploads\/2020\/07\/dog4-721x1280.jpg\" alt=\"\" data-id=\"91287\" data-full-url=\"https:\/\/urbeamea.ro\/albaiulia\/wp-content\/uploads\/2020\/07\/dog4.jpg\" data-link=\"https:\/\/urbeamea.ro\/albaiulia\/donatii-pentru-cateii-fara-stapan-alba-iulia\/dog4\/\" class=\"wp-image-91287\" srcset=\"https:\/\/urbeamea.ro\/albaiulia\/wp-content\/uploads\/2020\/07\/dog4-721x1280.jpg 721w, https:\/\/urbeamea.ro\/albaiulia\/wp-content\/uploads\/2020\/07\/dog4-360x640.jpg 360w, https:\/\/urbeamea.ro\/albaiulia\/wp-content\/uploads\/2020\/07\/dog4-84x150.jpg 84w, https:\/\/urbeamea.ro\/albaiulia\/wp-content\/uploads\/2020\/07\/dog4-768x1364.jpg 768w, https:\/\/urbeamea.ro\/albaiulia\/wp-content\/uploads\/2020\/07\/dog4-865x1536.jpg 865w, https:\/\/urbeamea.ro\/albaiulia\/wp-content\/uploads\/2020\/07\/dog4.jpg 901w\" sizes=\"auto, (max-width: 721px) 100vw, 721px\" \/><\/a><\/figure><\/li><\/ul><\/figure>\n","protected":false},"excerpt":{"rendered":"<p>Ad\u0103postul public pentru c\u00e2ini f\u0103r\u0103 st\u0103p\u00e2n&nbsp;din Alba Iulia se bucur\u0103 de sus\u021binerea unor oameni cu inim\u0103 mare \u0219i dragoste pentru c\u0103\u021beii abandona\u021bi. \u00cen cursul acestei s\u0103pt\u0103m\u00e2ni, Asocia\u021bia&nbsp;Arche Noah&nbsp;Transilvania&nbsp;a facilitat un transport din Germania const\u00e2nd \u00een 3400 kg hran\u0103 uscat\u0103 \u0219i umed\u0103, 1400 kg recompense \u0219i 20 de cu\u0219ti din lemn. &nbsp; \u00ab&#8221;Animale de companie&#8221; mi &hellip;<\/p>\n","protected":false},"author":17,"featured_media":82215,"comment_status":"open","ping_status":"open","sticky":false,"template":"","format":"standard","meta":{"inline_featured_image":false,"footnotes":""},"categories":[2034],"tags":[],"class_list":["post-91282","post","type-post","status-publish","format-standard","has-post-thumbnail","hentry","category-social"],"yoast_head":"<!-- This site is optimized with the Yoast SEO plugin v27.4 - https:\/\/yoast.com\/product\/yoast-seo-wordpress\/ -->\n<title>Dona\u021bii pentru c\u0103\u021beii f\u0103r\u0103 st\u0103p\u00e2n Alba Iulia - Revista Urbea Mea - Revista de Alba<\/title>\n<meta name=\"description\" content=\"Ad\u0103postul public pentru c\u00e2ini f\u0103r\u0103 st\u0103p\u00e2n&nbsp;din Alba Iulia se bucur\u0103 de sus\u021binerea unor oameni cu inim\u0103 mare \u0219i dragoste pentru c\u0103\u021beii abandona\u021bi. \u00cen\" \/>\n<meta name=\"robots\" content=\"index, follow, max-snippet:-1, max-image-preview:large, max-video-preview:-1\" \/>\n<link rel=\"canonical\" href=\"https:\/\/urbeamea.ro\/albaiulia\/donatii-pentru-cateii-fara-stapan-alba-iulia\/\" \/>\n<meta name=\"twitter:card\" content=\"summary_large_image\" \/>\n<meta name=\"twitter:title\" content=\"Dona\u021bii pentru c\u0103\u021beii f\u0103r\u0103 st\u0103p\u00e2n Alba Iulia - Revista Urbea Mea - Revista de Alba\" \/>\n<meta name=\"twitter:description\" content=\"Ad\u0103postul public pentru c\u00e2ini f\u0103r\u0103 st\u0103p\u00e2n&nbsp;din Alba Iulia se bucur\u0103 de sus\u021binerea unor oameni cu inim\u0103 mare \u0219i dragoste pentru c\u0103\u021beii abandona\u021bi. \u00cen\" \/>\n<meta name=\"twitter:image\" content=\"https:\/\/urbeamea.ro\/albaiulia\/wp-content\/uploads\/2019\/09\/caine.jpg\" \/>\n<meta name=\"twitter:creator\" content=\"@urbeameaweb\" \/>\n<meta name=\"twitter:site\" content=\"@urbeameaweb\" \/>\n<script type=\"application\/ld+json\" class=\"yoast-schema-graph\">{\"@context\":\"https:\\\/\\\/schema.org\",\"@graph\":[{\"@type\":\"Article\",\"@id\":\"https:\\\/\\\/urbeamea.ro\\\/albaiulia\\\/donatii-pentru-cateii-fara-stapan-alba-iulia\\\/#article\",\"isPartOf\":{\"@id\":\"https:\\\/\\\/urbeamea.ro\\\/albaiulia\\\/donatii-pentru-cateii-fara-stapan-alba-iulia\\\/\"},\"author\":{\"name\":\"Cristina Ganga\",\"@id\":\"https:\\\/\\\/urbeamea.ro\\\/albaiulia\\\/#\\\/schema\\\/person\\\/9700d21fae21c4f038b0b56f4506264a\"},\"headline\":\"Dona\u021bii pentru c\u0103\u021beii f\u0103r\u0103 st\u0103p\u00e2n Alba Iulia\",\"datePublished\":\"2020-07-13T15:06:17+00:00\",\"dateModified\":\"2020-07-14T05:59:34+00:00\",\"mainEntityOfPage\":{\"@id\":\"https:\\\/\\\/urbeamea.ro\\\/albaiulia\\\/donatii-pentru-cateii-fara-stapan-alba-iulia\\\/\"},\"wordCount\":364,\"commentCount\":0,\"image\":{\"@id\":\"https:\\\/\\\/urbeamea.ro\\\/albaiulia\\\/donatii-pentru-cateii-fara-stapan-alba-iulia\\\/#primaryimage\"},\"thumbnailUrl\":\"https:\\\/\\\/urbeamea.ro\\\/albaiulia\\\/wp-content\\\/uploads\\\/2019\\\/09\\\/caine.jpg\",\"articleSection\":[\"Social\"],\"inLanguage\":\"ro-RO\",\"potentialAction\":[{\"@type\":\"CommentAction\",\"name\":\"Comment\",\"target\":[\"https:\\\/\\\/urbeamea.ro\\\/albaiulia\\\/donatii-pentru-cateii-fara-stapan-alba-iulia\\\/#respond\"]}]},{\"@type\":\"WebPage\",\"@id\":\"https:\\\/\\\/urbeamea.ro\\\/albaiulia\\\/donatii-pentru-cateii-fara-stapan-alba-iulia\\\/\",\"url\":\"https:\\\/\\\/urbeamea.ro\\\/albaiulia\\\/donatii-pentru-cateii-fara-stapan-alba-iulia\\\/\",\"name\":\"Dona\u021bii pentru c\u0103\u021beii f\u0103r\u0103 st\u0103p\u00e2n Alba Iulia - Revista Urbea Mea - Revista de Alba\",\"isPartOf\":{\"@id\":\"https:\\\/\\\/urbeamea.ro\\\/albaiulia\\\/#website\"},\"primaryImageOfPage\":{\"@id\":\"https:\\\/\\\/urbeamea.ro\\\/albaiulia\\\/donatii-pentru-cateii-fara-stapan-alba-iulia\\\/#primaryimage\"},\"image\":{\"@id\":\"https:\\\/\\\/urbeamea.ro\\\/albaiulia\\\/donatii-pentru-cateii-fara-stapan-alba-iulia\\\/#primaryimage\"},\"thumbnailUrl\":\"https:\\\/\\\/urbeamea.ro\\\/albaiulia\\\/wp-content\\\/uploads\\\/2019\\\/09\\\/caine.jpg\",\"datePublished\":\"2020-07-13T15:06:17+00:00\",\"dateModified\":\"2020-07-14T05:59:34+00:00\",\"author\":{\"@id\":\"https:\\\/\\\/urbeamea.ro\\\/albaiulia\\\/#\\\/schema\\\/person\\\/9700d21fae21c4f038b0b56f4506264a\"},\"description\":\"Ad\u0103postul public pentru c\u00e2ini f\u0103r\u0103 st\u0103p\u00e2n&nbsp;din Alba Iulia se bucur\u0103 de sus\u021binerea unor oameni cu inim\u0103 mare \u0219i dragoste pentru c\u0103\u021beii abandona\u021bi. \u00cen\",\"breadcrumb\":{\"@id\":\"https:\\\/\\\/urbeamea.ro\\\/albaiulia\\\/donatii-pentru-cateii-fara-stapan-alba-iulia\\\/#breadcrumb\"},\"inLanguage\":\"ro-RO\",\"potentialAction\":[{\"@type\":\"ReadAction\",\"target\":[\"https:\\\/\\\/urbeamea.ro\\\/albaiulia\\\/donatii-pentru-cateii-fara-stapan-alba-iulia\\\/\"]}]},{\"@type\":\"ImageObject\",\"inLanguage\":\"ro-RO\",\"@id\":\"https:\\\/\\\/urbeamea.ro\\\/albaiulia\\\/donatii-pentru-cateii-fara-stapan-alba-iulia\\\/#primaryimage\",\"url\":\"https:\\\/\\\/urbeamea.ro\\\/albaiulia\\\/wp-content\\\/uploads\\\/2019\\\/09\\\/caine.jpg\",\"contentUrl\":\"https:\\\/\\\/urbeamea.ro\\\/albaiulia\\\/wp-content\\\/uploads\\\/2019\\\/09\\\/caine.jpg\",\"width\":880,\"height\":660},{\"@type\":\"BreadcrumbList\",\"@id\":\"https:\\\/\\\/urbeamea.ro\\\/albaiulia\\\/donatii-pentru-cateii-fara-stapan-alba-iulia\\\/#breadcrumb\",\"itemListElement\":[{\"@type\":\"ListItem\",\"position\":1,\"name\":\"Prima pagin\u0103\",\"item\":\"https:\\\/\\\/urbeamea.ro\\\/albaiulia\\\/\"},{\"@type\":\"ListItem\",\"position\":2,\"name\":\"Dona\u021bii pentru c\u0103\u021beii f\u0103r\u0103 st\u0103p\u00e2n Alba Iulia\"}]},{\"@type\":\"WebSite\",\"@id\":\"https:\\\/\\\/urbeamea.ro\\\/albaiulia\\\/#website\",\"url\":\"https:\\\/\\\/urbeamea.ro\\\/albaiulia\\\/\",\"name\":\"Revista Urbea Mea, Stiri urbane\",\"description\":\"Evenimente \u0219i \u0219tiri din Alba Iulia, Sebe\u0219, Aiud, Blaj\",\"potentialAction\":[{\"@type\":\"SearchAction\",\"target\":{\"@type\":\"EntryPoint\",\"urlTemplate\":\"https:\\\/\\\/urbeamea.ro\\\/albaiulia\\\/?s={search_term_string}\"},\"query-input\":{\"@type\":\"PropertyValueSpecification\",\"valueRequired\":true,\"valueName\":\"search_term_string\"}}],\"inLanguage\":\"ro-RO\"},{\"@type\":\"Person\",\"@id\":\"https:\\\/\\\/urbeamea.ro\\\/albaiulia\\\/#\\\/schema\\\/person\\\/9700d21fae21c4f038b0b56f4506264a\",\"name\":\"Cristina Ganga\",\"image\":{\"@type\":\"ImageObject\",\"inLanguage\":\"ro-RO\",\"@id\":\"https:\\\/\\\/secure.gravatar.com\\\/avatar\\\/5a67661041f057b4a8ccaf26f5a8e86e2689372006d01faf3dd9eeb10b654bb4?s=96&d=mm&r=g\",\"url\":\"https:\\\/\\\/secure.gravatar.com\\\/avatar\\\/5a67661041f057b4a8ccaf26f5a8e86e2689372006d01faf3dd9eeb10b654bb4?s=96&d=mm&r=g\",\"contentUrl\":\"https:\\\/\\\/secure.gravatar.com\\\/avatar\\\/5a67661041f057b4a8ccaf26f5a8e86e2689372006d01faf3dd9eeb10b654bb4?s=96&d=mm&r=g\",\"caption\":\"Cristina Ganga\"},\"description\":\"Jurnalist\",\"sameAs\":[\"https:\\\/\\\/www.facebook.com\\\/cristina.nicola.587\"],\"url\":\"https:\\\/\\\/urbeamea.ro\\\/albaiulia\\\/author\\\/cristina-nicola\\\/\"}]}<\/script>\n<!-- \/ Yoast SEO plugin. -->","yoast_head_json":{"title":"Dona\u021bii pentru c\u0103\u021beii f\u0103r\u0103 st\u0103p\u00e2n Alba Iulia - Revista Urbea Mea - Revista de Alba","description":"Ad\u0103postul public pentru c\u00e2ini f\u0103r\u0103 st\u0103p\u00e2n&nbsp;din Alba Iulia se bucur\u0103 de sus\u021binerea unor oameni cu inim\u0103 mare \u0219i dragoste pentru c\u0103\u021beii abandona\u021bi. \u00cen","robots":{"index":"index","follow":"follow","max-snippet":"max-snippet:-1","max-image-preview":"max-image-preview:large","max-video-preview":"max-video-preview:-1"},"canonical":"https:\/\/urbeamea.ro\/albaiulia\/donatii-pentru-cateii-fara-stapan-alba-iulia\/","twitter_card":"summary_large_image","twitter_title":"Dona\u021bii pentru c\u0103\u021beii f\u0103r\u0103 st\u0103p\u00e2n Alba Iulia - Revista Urbea Mea - Revista de Alba","twitter_description":"Ad\u0103postul public pentru c\u00e2ini f\u0103r\u0103 st\u0103p\u00e2n&nbsp;din Alba Iulia se bucur\u0103 de sus\u021binerea unor oameni cu inim\u0103 mare \u0219i dragoste pentru c\u0103\u021beii abandona\u021bi. \u00cen","twitter_image":"https:\/\/urbeamea.ro\/albaiulia\/wp-content\/uploads\/2019\/09\/caine.jpg","twitter_creator":"@urbeameaweb","twitter_site":"@urbeameaweb","schema":{"@context":"https:\/\/schema.org","@graph":[{"@type":"Article","@id":"https:\/\/urbeamea.ro\/albaiulia\/donatii-pentru-cateii-fara-stapan-alba-iulia\/#article","isPartOf":{"@id":"https:\/\/urbeamea.ro\/albaiulia\/donatii-pentru-cateii-fara-stapan-alba-iulia\/"},"author":{"name":"Cristina Ganga","@id":"https:\/\/urbeamea.ro\/albaiulia\/#\/schema\/person\/9700d21fae21c4f038b0b56f4506264a"},"headline":"Dona\u021bii pentru c\u0103\u021beii f\u0103r\u0103 st\u0103p\u00e2n Alba Iulia","datePublished":"2020-07-13T15:06:17+00:00","dateModified":"2020-07-14T05:59:34+00:00","mainEntityOfPage":{"@id":"https:\/\/urbeamea.ro\/albaiulia\/donatii-pentru-cateii-fara-stapan-alba-iulia\/"},"wordCount":364,"commentCount":0,"image":{"@id":"https:\/\/urbeamea.ro\/albaiulia\/donatii-pentru-cateii-fara-stapan-alba-iulia\/#primaryimage"},"thumbnailUrl":"https:\/\/urbeamea.ro\/albaiulia\/wp-content\/uploads\/2019\/09\/caine.jpg","articleSection":["Social"],"inLanguage":"ro-RO","potentialAction":[{"@type":"CommentAction","name":"Comment","target":["https:\/\/urbeamea.ro\/albaiulia\/donatii-pentru-cateii-fara-stapan-alba-iulia\/#respond"]}]},{"@type":"WebPage","@id":"https:\/\/urbeamea.ro\/albaiulia\/donatii-pentru-cateii-fara-stapan-alba-iulia\/","url":"https:\/\/urbeamea.ro\/albaiulia\/donatii-pentru-cateii-fara-stapan-alba-iulia\/","name":"Dona\u021bii pentru c\u0103\u021beii f\u0103r\u0103 st\u0103p\u00e2n Alba Iulia - Revista Urbea Mea - Revista de Alba","isPartOf":{"@id":"https:\/\/urbeamea.ro\/albaiulia\/#website"},"primaryImageOfPage":{"@id":"https:\/\/urbeamea.ro\/albaiulia\/donatii-pentru-cateii-fara-stapan-alba-iulia\/#primaryimage"},"image":{"@id":"https:\/\/urbeamea.ro\/albaiulia\/donatii-pentru-cateii-fara-stapan-alba-iulia\/#primaryimage"},"thumbnailUrl":"https:\/\/urbeamea.ro\/albaiulia\/wp-content\/uploads\/2019\/09\/caine.jpg","datePublished":"2020-07-13T15:06:17+00:00","dateModified":"2020-07-14T05:59:34+00:00","author":{"@id":"https:\/\/urbeamea.ro\/albaiulia\/#\/schema\/person\/9700d21fae21c4f038b0b56f4506264a"},"description":"Ad\u0103postul public pentru c\u00e2ini f\u0103r\u0103 st\u0103p\u00e2n&nbsp;din Alba Iulia se bucur\u0103 de sus\u021binerea unor oameni cu inim\u0103 mare \u0219i dragoste pentru c\u0103\u021beii abandona\u021bi. \u00cen","breadcrumb":{"@id":"https:\/\/urbeamea.ro\/albaiulia\/donatii-pentru-cateii-fara-stapan-alba-iulia\/#breadcrumb"},"inLanguage":"ro-RO","potentialAction":[{"@type":"ReadAction","target":["https:\/\/urbeamea.ro\/albaiulia\/donatii-pentru-cateii-fara-stapan-alba-iulia\/"]}]},{"@type":"ImageObject","inLanguage":"ro-RO","@id":"https:\/\/urbeamea.ro\/albaiulia\/donatii-pentru-cateii-fara-stapan-alba-iulia\/#primaryimage","url":"https:\/\/urbeamea.ro\/albaiulia\/wp-content\/uploads\/2019\/09\/caine.jpg","contentUrl":"https:\/\/urbeamea.ro\/albaiulia\/wp-content\/uploads\/2019\/09\/caine.jpg","width":880,"height":660},{"@type":"BreadcrumbList","@id":"https:\/\/urbeamea.ro\/albaiulia\/donatii-pentru-cateii-fara-stapan-alba-iulia\/#breadcrumb","itemListElement":[{"@type":"ListItem","position":1,"name":"Prima pagin\u0103","item":"https:\/\/urbeamea.ro\/albaiulia\/"},{"@type":"ListItem","position":2,"name":"Dona\u021bii pentru c\u0103\u021beii f\u0103r\u0103 st\u0103p\u00e2n Alba Iulia"}]},{"@type":"WebSite","@id":"https:\/\/urbeamea.ro\/albaiulia\/#website","url":"https:\/\/urbeamea.ro\/albaiulia\/","name":"Revista Urbea Mea, Stiri urbane","description":"Evenimente \u0219i \u0219tiri din Alba Iulia, Sebe\u0219, Aiud, Blaj","potentialAction":[{"@type":"SearchAction","target":{"@type":"EntryPoint","urlTemplate":"https:\/\/urbeamea.ro\/albaiulia\/?s={search_term_string}"},"query-input":{"@type":"PropertyValueSpecification","valueRequired":true,"valueName":"search_term_string"}}],"inLanguage":"ro-RO"},{"@type":"Person","@id":"https:\/\/urbeamea.ro\/albaiulia\/#\/schema\/person\/9700d21fae21c4f038b0b56f4506264a","name":"Cristina Ganga","image":{"@type":"ImageObject","inLanguage":"ro-RO","@id":"https:\/\/secure.gravatar.com\/avatar\/5a67661041f057b4a8ccaf26f5a8e86e2689372006d01faf3dd9eeb10b654bb4?s=96&d=mm&r=g","url":"https:\/\/secure.gravatar.com\/avatar\/5a67661041f057b4a8ccaf26f5a8e86e2689372006d01faf3dd9eeb10b654bb4?s=96&d=mm&r=g","contentUrl":"https:\/\/secure.gravatar.com\/avatar\/5a67661041f057b4a8ccaf26f5a8e86e2689372006d01faf3dd9eeb10b654bb4?s=96&d=mm&r=g","caption":"Cristina Ganga"},"description":"Jurnalist","sameAs":["https:\/\/www.facebook.com\/cristina.nicola.587"],"url":"https:\/\/urbeamea.ro\/albaiulia\/author\/cristina-nicola\/"}]}},"_links":{"self":[{"href":"https:\/\/urbeamea.ro\/albaiulia\/wp-json\/wp\/v2\/posts\/91282","targetHints":{"allow":["GET"]}}],"collection":[{"href":"https:\/\/urbeamea.ro\/albaiulia\/wp-json\/wp\/v2\/posts"}],"about":[{"href":"https:\/\/urbeamea.ro\/albaiulia\/wp-json\/wp\/v2\/types\/post"}],"author":[{"embeddable":true,"href":"https:\/\/urbeamea.ro\/albaiulia\/wp-json\/wp\/v2\/users\/17"}],"replies":[{"embeddable":true,"href":"https:\/\/urbeamea.ro\/albaiulia\/wp-json\/wp\/v2\/comments?post=91282"}],"version-history":[{"count":2,"href":"https:\/\/urbeamea.ro\/albaiulia\/wp-json\/wp\/v2\/posts\/91282\/revisions"}],"predecessor-version":[{"id":91288,"href":"https:\/\/urbeamea.ro\/albaiulia\/wp-json\/wp\/v2\/posts\/91282\/revisions\/91288"}],"wp:featuredmedia":[{"embeddable":true,"href":"https:\/\/urbeamea.ro\/albaiulia\/wp-json\/wp\/v2\/media\/82215"}],"wp:attachment":[{"href":"https:\/\/urbeamea.ro\/albaiulia\/wp-json\/wp\/v2\/media?parent=91282"}],"wp:term":[{"taxonomy":"category","embeddable":true,"href":"https:\/\/urbeamea.ro\/albaiulia\/wp-json\/wp\/v2\/categories?post=91282"},{"taxonomy":"post_tag","embeddable":true,"href":"https:\/\/urbeamea.ro\/albaiulia\/wp-json\/wp\/v2\/tags?post=91282"}],"curies":[{"name":"wp","href":"https:\/\/api.w.org\/{rel}","templated":true}]}}