{"id":91626,"date":"2020-08-01T14:35:04","date_gmt":"2020-08-01T11:35:04","guid":{"rendered":"https:\/\/urbeamea.ro\/albaiulia\/?p=91626"},"modified":"2020-08-01T14:35:07","modified_gmt":"2020-08-01T11:35:07","slug":"prin-campania-salvam-vieti-impreuna-inca-1-900-de-masti-medicale-de-protectie-vor-fi-distribuite-in-acest-weekend-in-alba","status":"publish","type":"post","link":"https:\/\/urbeamea.ro\/albaiulia\/prin-campania-salvam-vieti-impreuna-inca-1-900-de-masti-medicale-de-protectie-vor-fi-distribuite-in-acest-weekend-in-alba\/","title":{"rendered":"Prin Campania \u201cSalv\u0103m vie\u021bi \u00eempreun\u0103\u201d, \u00eenc\u0103 1.900 de m\u0103\u0219ti medicale de protec\u021bie vor fi distribuite \u00een acest weekend \u00een Alba"},"content":{"rendered":"\n<h4 class=\"wp-block-heading\">Campania \u201cSalv\u0103m vie\u021bi \u00eempreun\u0103\u201d a pus laolalt\u0103 patru organiza\u021bii ale societ\u0103\u021bii civile \u2013 Funda\u021bia Comunitar\u0103 Alba, Rotary Alba Iulia Civitas Solis, Asocia\u021bia SM Speromax Alba \u0219i Asocia\u021bia Grupul Skepsis, ce \u0219i-au propus s\u0103 sprijine comunitatea local\u0103 \u00een lupta cu Covid-19 \u0219i s\u0103 reduc\u0103 riscul infect\u0103rii cu noul coronavirus \u00een jude\u021bul nostru.<\/h4>\n\n\n\n<p>Campania de str\u00e2ngere de fonduri prin dona\u021bii SMS s-a desf\u0103\u0219urat \u00een perioada martie \u2013 iunie a.c., iar \u00een luna mai au fost achizi\u021bionate primele 2.100 de m\u0103\u0219ti chirurgicale cu trei pliuri (standard 14683 de dispozitiv medical), ce au fost distribuite \u00een special v\u00e2rstnicilor din Ocna Mure\u0219 (la acel moment localitatea \u00eenregistr\u00e2nd un num\u0103r crescut de infect\u0103ri), dar \u0219i altor persoane din jude\u021b vulnerabilizate de pandemie.<\/p>\n\n\n\n<p>\u00cen acest week-end vor fi distribuite ultimele 1.900 m\u0103\u0219ti chirurgicale de protec\u021bie (cu acela\u0219i standard medical ca \u0219i primele) achizi\u021bionate prin Campania \u201cSalv\u0103m vie\u021bi \u00eempreun\u0103\u201d. O vor face tot voluntarii celor patru organiza\u021bii partenere, iar beneficiari vor fi de data aceasta locuitorii din Alba Iulia vulnerabili, municipiul fiind ales din cauza num\u0103rului de infect\u0103ri \u00eenregistrat \u00een ultima perioada. Vor fi distribuite 475 de pachete, fiecare con\u021bin\u00e2nd c\u00e2te 4 m\u0103\u0219ti chirurgicale, pachetele fiind realizate de personalul CTC Store, firma de la care au fost de altfel \u0219i achizi\u021bionate m\u0103\u0219tile.<\/p>\n\n\n\n<p>Campania \u201cSalv\u0103m vie\u021bi \u00eempreun\u0103\u201d a fost sus\u021binut\u0103 la nivel na\u021bional de Federa\u021bia Funda\u021biile Comunitare din Rom\u00e2nia \u0219i Asocia\u0163ia pentru Rela\u0163ii Comunitare, cea care, \u00een parteneriat cu Digi Mobil, Orange Rom\u00e2nia, Telekom Rom\u00e2nia Mobile \u015fi Vodafone Rom\u00e2nia a creat platforma \u201eDoneaz\u0103 mai simplu!\u201d.<\/p>\n\n\n\n<figure class=\"wp-block-image size-large\"><img loading=\"lazy\" decoding=\"async\" width=\"960\" height=\"1280\" src=\"https:\/\/urbeamea.ro\/albaiulia\/wp-content\/uploads\/2020\/08\/foto-2-960x1280.jpg\" alt=\"\" class=\"wp-image-91627\" srcset=\"https:\/\/urbeamea.ro\/albaiulia\/wp-content\/uploads\/2020\/08\/foto-2-960x1280.jpg 960w, https:\/\/urbeamea.ro\/albaiulia\/wp-content\/uploads\/2020\/08\/foto-2-480x640.jpg 480w, https:\/\/urbeamea.ro\/albaiulia\/wp-content\/uploads\/2020\/08\/foto-2-113x150.jpg 113w, https:\/\/urbeamea.ro\/albaiulia\/wp-content\/uploads\/2020\/08\/foto-2-768x1024.jpg 768w, https:\/\/urbeamea.ro\/albaiulia\/wp-content\/uploads\/2020\/08\/foto-2-1152x1536.jpg 1152w, https:\/\/urbeamea.ro\/albaiulia\/wp-content\/uploads\/2020\/08\/foto-2.jpg 1200w\" sizes=\"auto, (max-width: 960px) 100vw, 960px\" \/><\/figure>\n","protected":false},"excerpt":{"rendered":"<p>Campania \u201cSalv\u0103m vie\u021bi \u00eempreun\u0103\u201d a pus laolalt\u0103 patru organiza\u021bii ale societ\u0103\u021bii civile \u2013 Funda\u021bia Comunitar\u0103 Alba, Rotary Alba Iulia Civitas Solis, Asocia\u021bia SM Speromax Alba \u0219i Asocia\u021bia Grupul Skepsis, ce \u0219i-au propus s\u0103 sprijine comunitatea local\u0103 \u00een lupta cu Covid-19 \u0219i s\u0103 reduc\u0103 riscul infect\u0103rii cu noul coronavirus \u00een jude\u021bul nostru. Campania de str\u00e2ngere de &hellip;<\/p>\n","protected":false},"author":17,"featured_media":91628,"comment_status":"open","ping_status":"open","sticky":false,"template":"","format":"standard","meta":{"inline_featured_image":false,"footnotes":""},"categories":[2034],"tags":[20766,13132,20763,21304,3470,21303,8711],"class_list":["post-91626","post","type-post","status-publish","format-standard","has-post-thumbnail","hentry","category-social","tag-asociatia-grupul-skepsis","tag-asociatia-sm-speromax-alba","tag-campania-salvam-vieti-impreuna","tag-distribuite-in-judetul-alba","tag-fundatia-comunitara-alba","tag-masti-medicale-de-protectie","tag-rotary-alba-iulia-civitas-solis"],"yoast_head":"<!-- This site is optimized with the Yoast SEO plugin v27.4 - https:\/\/yoast.com\/product\/yoast-seo-wordpress\/ -->\n<title>Prin Campania \u201cSalv\u0103m vie\u021bi \u00eempreun\u0103\u201d, \u00eenc\u0103 1.900 de m\u0103\u0219ti medicale de protec\u021bie vor fi distribuite \u00een acest weekend \u00een Alba - Revista Urbea Mea - Revista de Alba<\/title>\n<meta name=\"description\" content=\"Campania \u201cSalv\u0103m vie\u021bi \u00eempreun\u0103\u201d a pus laolalt\u0103 patru organiza\u021bii ale societ\u0103\u021bii civile \u2013 Funda\u021bia Comunitar\u0103 Alba, Rotary Alba Iulia Civitas Solis,\" \/>\n<meta name=\"robots\" content=\"index, follow, max-snippet:-1, max-image-preview:large, max-video-preview:-1\" \/>\n<link rel=\"canonical\" href=\"https:\/\/urbeamea.ro\/albaiulia\/prin-campania-salvam-vieti-impreuna-inca-1-900-de-masti-medicale-de-protectie-vor-fi-distribuite-in-acest-weekend-in-alba\/\" \/>\n<meta name=\"twitter:card\" content=\"summary_large_image\" \/>\n<meta name=\"twitter:title\" content=\"Prin Campania \u201cSalv\u0103m vie\u021bi \u00eempreun\u0103\u201d, \u00eenc\u0103 1.900 de m\u0103\u0219ti medicale de protec\u021bie vor fi distribuite \u00een acest weekend \u00een Alba - Revista Urbea Mea - Revista de Alba\" \/>\n<meta name=\"twitter:description\" content=\"Campania \u201cSalv\u0103m vie\u021bi \u00eempreun\u0103\u201d a pus laolalt\u0103 patru organiza\u021bii ale societ\u0103\u021bii civile \u2013 Funda\u021bia Comunitar\u0103 Alba, Rotary Alba Iulia Civitas Solis,\" \/>\n<meta name=\"twitter:image\" content=\"https:\/\/urbeamea.ro\/albaiulia\/wp-content\/uploads\/2020\/08\/foto-1.jpg\" \/>\n<meta name=\"twitter:creator\" content=\"@urbeameaweb\" \/>\n<meta name=\"twitter:site\" content=\"@urbeameaweb\" \/>\n<script type=\"application\/ld+json\" class=\"yoast-schema-graph\">{\"@context\":\"https:\\\/\\\/schema.org\",\"@graph\":[{\"@type\":\"Article\",\"@id\":\"https:\\\/\\\/urbeamea.ro\\\/albaiulia\\\/prin-campania-salvam-vieti-impreuna-inca-1-900-de-masti-medicale-de-protectie-vor-fi-distribuite-in-acest-weekend-in-alba\\\/#article\",\"isPartOf\":{\"@id\":\"https:\\\/\\\/urbeamea.ro\\\/albaiulia\\\/prin-campania-salvam-vieti-impreuna-inca-1-900-de-masti-medicale-de-protectie-vor-fi-distribuite-in-acest-weekend-in-alba\\\/\"},\"author\":{\"name\":\"Cristina Ganga\",\"@id\":\"https:\\\/\\\/urbeamea.ro\\\/albaiulia\\\/#\\\/schema\\\/person\\\/9700d21fae21c4f038b0b56f4506264a\"},\"headline\":\"Prin Campania \u201cSalv\u0103m vie\u021bi \u00eempreun\u0103\u201d, \u00eenc\u0103 1.900 de m\u0103\u0219ti medicale de protec\u021bie vor fi distribuite \u00een acest weekend \u00een Alba\",\"datePublished\":\"2020-08-01T11:35:04+00:00\",\"dateModified\":\"2020-08-01T11:35:07+00:00\",\"mainEntityOfPage\":{\"@id\":\"https:\\\/\\\/urbeamea.ro\\\/albaiulia\\\/prin-campania-salvam-vieti-impreuna-inca-1-900-de-masti-medicale-de-protectie-vor-fi-distribuite-in-acest-weekend-in-alba\\\/\"},\"wordCount\":308,\"commentCount\":0,\"image\":{\"@id\":\"https:\\\/\\\/urbeamea.ro\\\/albaiulia\\\/prin-campania-salvam-vieti-impreuna-inca-1-900-de-masti-medicale-de-protectie-vor-fi-distribuite-in-acest-weekend-in-alba\\\/#primaryimage\"},\"thumbnailUrl\":\"https:\\\/\\\/urbeamea.ro\\\/albaiulia\\\/wp-content\\\/uploads\\\/2020\\\/08\\\/foto-1.jpg\",\"keywords\":[\"asociatia grupul skepsis\",\"asociatia sm speromax alba\",\"campania salvam vieti impreuna\",\"distribuite in judetul alba\",\"fundatia comunitara alba\",\"masti medicale de protectie\",\"Rotary Alba Iulia Civitas Solis\"],\"articleSection\":[\"Social\"],\"inLanguage\":\"ro-RO\",\"potentialAction\":[{\"@type\":\"CommentAction\",\"name\":\"Comment\",\"target\":[\"https:\\\/\\\/urbeamea.ro\\\/albaiulia\\\/prin-campania-salvam-vieti-impreuna-inca-1-900-de-masti-medicale-de-protectie-vor-fi-distribuite-in-acest-weekend-in-alba\\\/#respond\"]}]},{\"@type\":\"WebPage\",\"@id\":\"https:\\\/\\\/urbeamea.ro\\\/albaiulia\\\/prin-campania-salvam-vieti-impreuna-inca-1-900-de-masti-medicale-de-protectie-vor-fi-distribuite-in-acest-weekend-in-alba\\\/\",\"url\":\"https:\\\/\\\/urbeamea.ro\\\/albaiulia\\\/prin-campania-salvam-vieti-impreuna-inca-1-900-de-masti-medicale-de-protectie-vor-fi-distribuite-in-acest-weekend-in-alba\\\/\",\"name\":\"Prin Campania \u201cSalv\u0103m vie\u021bi \u00eempreun\u0103\u201d, \u00eenc\u0103 1.900 de m\u0103\u0219ti medicale de protec\u021bie vor fi distribuite \u00een acest weekend \u00een Alba - Revista Urbea Mea - Revista de Alba\",\"isPartOf\":{\"@id\":\"https:\\\/\\\/urbeamea.ro\\\/albaiulia\\\/#website\"},\"primaryImageOfPage\":{\"@id\":\"https:\\\/\\\/urbeamea.ro\\\/albaiulia\\\/prin-campania-salvam-vieti-impreuna-inca-1-900-de-masti-medicale-de-protectie-vor-fi-distribuite-in-acest-weekend-in-alba\\\/#primaryimage\"},\"image\":{\"@id\":\"https:\\\/\\\/urbeamea.ro\\\/albaiulia\\\/prin-campania-salvam-vieti-impreuna-inca-1-900-de-masti-medicale-de-protectie-vor-fi-distribuite-in-acest-weekend-in-alba\\\/#primaryimage\"},\"thumbnailUrl\":\"https:\\\/\\\/urbeamea.ro\\\/albaiulia\\\/wp-content\\\/uploads\\\/2020\\\/08\\\/foto-1.jpg\",\"datePublished\":\"2020-08-01T11:35:04+00:00\",\"dateModified\":\"2020-08-01T11:35:07+00:00\",\"author\":{\"@id\":\"https:\\\/\\\/urbeamea.ro\\\/albaiulia\\\/#\\\/schema\\\/person\\\/9700d21fae21c4f038b0b56f4506264a\"},\"description\":\"Campania \u201cSalv\u0103m vie\u021bi \u00eempreun\u0103\u201d a pus laolalt\u0103 patru organiza\u021bii ale societ\u0103\u021bii civile \u2013 Funda\u021bia Comunitar\u0103 Alba, Rotary Alba Iulia Civitas Solis,\",\"breadcrumb\":{\"@id\":\"https:\\\/\\\/urbeamea.ro\\\/albaiulia\\\/prin-campania-salvam-vieti-impreuna-inca-1-900-de-masti-medicale-de-protectie-vor-fi-distribuite-in-acest-weekend-in-alba\\\/#breadcrumb\"},\"inLanguage\":\"ro-RO\",\"potentialAction\":[{\"@type\":\"ReadAction\",\"target\":[\"https:\\\/\\\/urbeamea.ro\\\/albaiulia\\\/prin-campania-salvam-vieti-impreuna-inca-1-900-de-masti-medicale-de-protectie-vor-fi-distribuite-in-acest-weekend-in-alba\\\/\"]}]},{\"@type\":\"ImageObject\",\"inLanguage\":\"ro-RO\",\"@id\":\"https:\\\/\\\/urbeamea.ro\\\/albaiulia\\\/prin-campania-salvam-vieti-impreuna-inca-1-900-de-masti-medicale-de-protectie-vor-fi-distribuite-in-acest-weekend-in-alba\\\/#primaryimage\",\"url\":\"https:\\\/\\\/urbeamea.ro\\\/albaiulia\\\/wp-content\\\/uploads\\\/2020\\\/08\\\/foto-1.jpg\",\"contentUrl\":\"https:\\\/\\\/urbeamea.ro\\\/albaiulia\\\/wp-content\\\/uploads\\\/2020\\\/08\\\/foto-1.jpg\",\"width\":1141,\"height\":802},{\"@type\":\"BreadcrumbList\",\"@id\":\"https:\\\/\\\/urbeamea.ro\\\/albaiulia\\\/prin-campania-salvam-vieti-impreuna-inca-1-900-de-masti-medicale-de-protectie-vor-fi-distribuite-in-acest-weekend-in-alba\\\/#breadcrumb\",\"itemListElement\":[{\"@type\":\"ListItem\",\"position\":1,\"name\":\"Prima pagin\u0103\",\"item\":\"https:\\\/\\\/urbeamea.ro\\\/albaiulia\\\/\"},{\"@type\":\"ListItem\",\"position\":2,\"name\":\"Prin Campania \u201cSalv\u0103m vie\u021bi \u00eempreun\u0103\u201d, \u00eenc\u0103 1.900 de m\u0103\u0219ti medicale de protec\u021bie vor fi distribuite \u00een acest weekend \u00een Alba\"}]},{\"@type\":\"WebSite\",\"@id\":\"https:\\\/\\\/urbeamea.ro\\\/albaiulia\\\/#website\",\"url\":\"https:\\\/\\\/urbeamea.ro\\\/albaiulia\\\/\",\"name\":\"Revista Urbea Mea, Stiri urbane\",\"description\":\"Evenimente \u0219i \u0219tiri din Alba Iulia, Sebe\u0219, Aiud, Blaj\",\"potentialAction\":[{\"@type\":\"SearchAction\",\"target\":{\"@type\":\"EntryPoint\",\"urlTemplate\":\"https:\\\/\\\/urbeamea.ro\\\/albaiulia\\\/?s={search_term_string}\"},\"query-input\":{\"@type\":\"PropertyValueSpecification\",\"valueRequired\":true,\"valueName\":\"search_term_string\"}}],\"inLanguage\":\"ro-RO\"},{\"@type\":\"Person\",\"@id\":\"https:\\\/\\\/urbeamea.ro\\\/albaiulia\\\/#\\\/schema\\\/person\\\/9700d21fae21c4f038b0b56f4506264a\",\"name\":\"Cristina Ganga\",\"image\":{\"@type\":\"ImageObject\",\"inLanguage\":\"ro-RO\",\"@id\":\"https:\\\/\\\/secure.gravatar.com\\\/avatar\\\/5a67661041f057b4a8ccaf26f5a8e86e2689372006d01faf3dd9eeb10b654bb4?s=96&d=mm&r=g\",\"url\":\"https:\\\/\\\/secure.gravatar.com\\\/avatar\\\/5a67661041f057b4a8ccaf26f5a8e86e2689372006d01faf3dd9eeb10b654bb4?s=96&d=mm&r=g\",\"contentUrl\":\"https:\\\/\\\/secure.gravatar.com\\\/avatar\\\/5a67661041f057b4a8ccaf26f5a8e86e2689372006d01faf3dd9eeb10b654bb4?s=96&d=mm&r=g\",\"caption\":\"Cristina Ganga\"},\"description\":\"Jurnalist\",\"sameAs\":[\"https:\\\/\\\/www.facebook.com\\\/cristina.nicola.587\"],\"url\":\"https:\\\/\\\/urbeamea.ro\\\/albaiulia\\\/author\\\/cristina-nicola\\\/\"}]}<\/script>\n<!-- \/ Yoast SEO plugin. -->","yoast_head_json":{"title":"Prin Campania \u201cSalv\u0103m vie\u021bi \u00eempreun\u0103\u201d, \u00eenc\u0103 1.900 de m\u0103\u0219ti medicale de protec\u021bie vor fi distribuite \u00een acest weekend \u00een Alba - Revista Urbea Mea - Revista de Alba","description":"Campania \u201cSalv\u0103m vie\u021bi \u00eempreun\u0103\u201d a pus laolalt\u0103 patru organiza\u021bii ale societ\u0103\u021bii civile \u2013 Funda\u021bia Comunitar\u0103 Alba, Rotary Alba Iulia Civitas Solis,","robots":{"index":"index","follow":"follow","max-snippet":"max-snippet:-1","max-image-preview":"max-image-preview:large","max-video-preview":"max-video-preview:-1"},"canonical":"https:\/\/urbeamea.ro\/albaiulia\/prin-campania-salvam-vieti-impreuna-inca-1-900-de-masti-medicale-de-protectie-vor-fi-distribuite-in-acest-weekend-in-alba\/","twitter_card":"summary_large_image","twitter_title":"Prin Campania \u201cSalv\u0103m vie\u021bi \u00eempreun\u0103\u201d, \u00eenc\u0103 1.900 de m\u0103\u0219ti medicale de protec\u021bie vor fi distribuite \u00een acest weekend \u00een Alba - Revista Urbea Mea - Revista de Alba","twitter_description":"Campania \u201cSalv\u0103m vie\u021bi \u00eempreun\u0103\u201d a pus laolalt\u0103 patru organiza\u021bii ale societ\u0103\u021bii civile \u2013 Funda\u021bia Comunitar\u0103 Alba, Rotary Alba Iulia Civitas Solis,","twitter_image":"https:\/\/urbeamea.ro\/albaiulia\/wp-content\/uploads\/2020\/08\/foto-1.jpg","twitter_creator":"@urbeameaweb","twitter_site":"@urbeameaweb","schema":{"@context":"https:\/\/schema.org","@graph":[{"@type":"Article","@id":"https:\/\/urbeamea.ro\/albaiulia\/prin-campania-salvam-vieti-impreuna-inca-1-900-de-masti-medicale-de-protectie-vor-fi-distribuite-in-acest-weekend-in-alba\/#article","isPartOf":{"@id":"https:\/\/urbeamea.ro\/albaiulia\/prin-campania-salvam-vieti-impreuna-inca-1-900-de-masti-medicale-de-protectie-vor-fi-distribuite-in-acest-weekend-in-alba\/"},"author":{"name":"Cristina Ganga","@id":"https:\/\/urbeamea.ro\/albaiulia\/#\/schema\/person\/9700d21fae21c4f038b0b56f4506264a"},"headline":"Prin Campania \u201cSalv\u0103m vie\u021bi \u00eempreun\u0103\u201d, \u00eenc\u0103 1.900 de m\u0103\u0219ti medicale de protec\u021bie vor fi distribuite \u00een acest weekend \u00een Alba","datePublished":"2020-08-01T11:35:04+00:00","dateModified":"2020-08-01T11:35:07+00:00","mainEntityOfPage":{"@id":"https:\/\/urbeamea.ro\/albaiulia\/prin-campania-salvam-vieti-impreuna-inca-1-900-de-masti-medicale-de-protectie-vor-fi-distribuite-in-acest-weekend-in-alba\/"},"wordCount":308,"commentCount":0,"image":{"@id":"https:\/\/urbeamea.ro\/albaiulia\/prin-campania-salvam-vieti-impreuna-inca-1-900-de-masti-medicale-de-protectie-vor-fi-distribuite-in-acest-weekend-in-alba\/#primaryimage"},"thumbnailUrl":"https:\/\/urbeamea.ro\/albaiulia\/wp-content\/uploads\/2020\/08\/foto-1.jpg","keywords":["asociatia grupul skepsis","asociatia sm speromax alba","campania salvam vieti impreuna","distribuite in judetul alba","fundatia comunitara alba","masti medicale de protectie","Rotary Alba Iulia Civitas Solis"],"articleSection":["Social"],"inLanguage":"ro-RO","potentialAction":[{"@type":"CommentAction","name":"Comment","target":["https:\/\/urbeamea.ro\/albaiulia\/prin-campania-salvam-vieti-impreuna-inca-1-900-de-masti-medicale-de-protectie-vor-fi-distribuite-in-acest-weekend-in-alba\/#respond"]}]},{"@type":"WebPage","@id":"https:\/\/urbeamea.ro\/albaiulia\/prin-campania-salvam-vieti-impreuna-inca-1-900-de-masti-medicale-de-protectie-vor-fi-distribuite-in-acest-weekend-in-alba\/","url":"https:\/\/urbeamea.ro\/albaiulia\/prin-campania-salvam-vieti-impreuna-inca-1-900-de-masti-medicale-de-protectie-vor-fi-distribuite-in-acest-weekend-in-alba\/","name":"Prin Campania \u201cSalv\u0103m vie\u021bi \u00eempreun\u0103\u201d, \u00eenc\u0103 1.900 de m\u0103\u0219ti medicale de protec\u021bie vor fi distribuite \u00een acest weekend \u00een Alba - Revista Urbea Mea - Revista de Alba","isPartOf":{"@id":"https:\/\/urbeamea.ro\/albaiulia\/#website"},"primaryImageOfPage":{"@id":"https:\/\/urbeamea.ro\/albaiulia\/prin-campania-salvam-vieti-impreuna-inca-1-900-de-masti-medicale-de-protectie-vor-fi-distribuite-in-acest-weekend-in-alba\/#primaryimage"},"image":{"@id":"https:\/\/urbeamea.ro\/albaiulia\/prin-campania-salvam-vieti-impreuna-inca-1-900-de-masti-medicale-de-protectie-vor-fi-distribuite-in-acest-weekend-in-alba\/#primaryimage"},"thumbnailUrl":"https:\/\/urbeamea.ro\/albaiulia\/wp-content\/uploads\/2020\/08\/foto-1.jpg","datePublished":"2020-08-01T11:35:04+00:00","dateModified":"2020-08-01T11:35:07+00:00","author":{"@id":"https:\/\/urbeamea.ro\/albaiulia\/#\/schema\/person\/9700d21fae21c4f038b0b56f4506264a"},"description":"Campania \u201cSalv\u0103m vie\u021bi \u00eempreun\u0103\u201d a pus laolalt\u0103 patru organiza\u021bii ale societ\u0103\u021bii civile \u2013 Funda\u021bia Comunitar\u0103 Alba, Rotary Alba Iulia Civitas Solis,","breadcrumb":{"@id":"https:\/\/urbeamea.ro\/albaiulia\/prin-campania-salvam-vieti-impreuna-inca-1-900-de-masti-medicale-de-protectie-vor-fi-distribuite-in-acest-weekend-in-alba\/#breadcrumb"},"inLanguage":"ro-RO","potentialAction":[{"@type":"ReadAction","target":["https:\/\/urbeamea.ro\/albaiulia\/prin-campania-salvam-vieti-impreuna-inca-1-900-de-masti-medicale-de-protectie-vor-fi-distribuite-in-acest-weekend-in-alba\/"]}]},{"@type":"ImageObject","inLanguage":"ro-RO","@id":"https:\/\/urbeamea.ro\/albaiulia\/prin-campania-salvam-vieti-impreuna-inca-1-900-de-masti-medicale-de-protectie-vor-fi-distribuite-in-acest-weekend-in-alba\/#primaryimage","url":"https:\/\/urbeamea.ro\/albaiulia\/wp-content\/uploads\/2020\/08\/foto-1.jpg","contentUrl":"https:\/\/urbeamea.ro\/albaiulia\/wp-content\/uploads\/2020\/08\/foto-1.jpg","width":1141,"height":802},{"@type":"BreadcrumbList","@id":"https:\/\/urbeamea.ro\/albaiulia\/prin-campania-salvam-vieti-impreuna-inca-1-900-de-masti-medicale-de-protectie-vor-fi-distribuite-in-acest-weekend-in-alba\/#breadcrumb","itemListElement":[{"@type":"ListItem","position":1,"name":"Prima pagin\u0103","item":"https:\/\/urbeamea.ro\/albaiulia\/"},{"@type":"ListItem","position":2,"name":"Prin Campania \u201cSalv\u0103m vie\u021bi \u00eempreun\u0103\u201d, \u00eenc\u0103 1.900 de m\u0103\u0219ti medicale de protec\u021bie vor fi distribuite \u00een acest weekend \u00een Alba"}]},{"@type":"WebSite","@id":"https:\/\/urbeamea.ro\/albaiulia\/#website","url":"https:\/\/urbeamea.ro\/albaiulia\/","name":"Revista Urbea Mea, Stiri urbane","description":"Evenimente \u0219i \u0219tiri din Alba Iulia, Sebe\u0219, Aiud, Blaj","potentialAction":[{"@type":"SearchAction","target":{"@type":"EntryPoint","urlTemplate":"https:\/\/urbeamea.ro\/albaiulia\/?s={search_term_string}"},"query-input":{"@type":"PropertyValueSpecification","valueRequired":true,"valueName":"search_term_string"}}],"inLanguage":"ro-RO"},{"@type":"Person","@id":"https:\/\/urbeamea.ro\/albaiulia\/#\/schema\/person\/9700d21fae21c4f038b0b56f4506264a","name":"Cristina Ganga","image":{"@type":"ImageObject","inLanguage":"ro-RO","@id":"https:\/\/secure.gravatar.com\/avatar\/5a67661041f057b4a8ccaf26f5a8e86e2689372006d01faf3dd9eeb10b654bb4?s=96&d=mm&r=g","url":"https:\/\/secure.gravatar.com\/avatar\/5a67661041f057b4a8ccaf26f5a8e86e2689372006d01faf3dd9eeb10b654bb4?s=96&d=mm&r=g","contentUrl":"https:\/\/secure.gravatar.com\/avatar\/5a67661041f057b4a8ccaf26f5a8e86e2689372006d01faf3dd9eeb10b654bb4?s=96&d=mm&r=g","caption":"Cristina Ganga"},"description":"Jurnalist","sameAs":["https:\/\/www.facebook.com\/cristina.nicola.587"],"url":"https:\/\/urbeamea.ro\/albaiulia\/author\/cristina-nicola\/"}]}},"_links":{"self":[{"href":"https:\/\/urbeamea.ro\/albaiulia\/wp-json\/wp\/v2\/posts\/91626","targetHints":{"allow":["GET"]}}],"collection":[{"href":"https:\/\/urbeamea.ro\/albaiulia\/wp-json\/wp\/v2\/posts"}],"about":[{"href":"https:\/\/urbeamea.ro\/albaiulia\/wp-json\/wp\/v2\/types\/post"}],"author":[{"embeddable":true,"href":"https:\/\/urbeamea.ro\/albaiulia\/wp-json\/wp\/v2\/users\/17"}],"replies":[{"embeddable":true,"href":"https:\/\/urbeamea.ro\/albaiulia\/wp-json\/wp\/v2\/comments?post=91626"}],"version-history":[{"count":1,"href":"https:\/\/urbeamea.ro\/albaiulia\/wp-json\/wp\/v2\/posts\/91626\/revisions"}],"predecessor-version":[{"id":91629,"href":"https:\/\/urbeamea.ro\/albaiulia\/wp-json\/wp\/v2\/posts\/91626\/revisions\/91629"}],"wp:featuredmedia":[{"embeddable":true,"href":"https:\/\/urbeamea.ro\/albaiulia\/wp-json\/wp\/v2\/media\/91628"}],"wp:attachment":[{"href":"https:\/\/urbeamea.ro\/albaiulia\/wp-json\/wp\/v2\/media?parent=91626"}],"wp:term":[{"taxonomy":"category","embeddable":true,"href":"https:\/\/urbeamea.ro\/albaiulia\/wp-json\/wp\/v2\/categories?post=91626"},{"taxonomy":"post_tag","embeddable":true,"href":"https:\/\/urbeamea.ro\/albaiulia\/wp-json\/wp\/v2\/tags?post=91626"}],"curies":[{"name":"wp","href":"https:\/\/api.w.org\/{rel}","templated":true}]}}