{"id":91630,"date":"2020-08-03T12:15:31","date_gmt":"2020-08-03T09:15:31","guid":{"rendered":"https:\/\/urbeamea.ro\/albaiulia\/?p=91630"},"modified":"2020-08-03T12:17:30","modified_gmt":"2020-08-03T09:17:30","slug":"biblioteca-de-vacanta-cu-masca-inca-o-poveste-scrisa-frumos-la-sebes","status":"publish","type":"post","link":"https:\/\/urbeamea.ro\/albaiulia\/biblioteca-de-vacanta-cu-masca-inca-o-poveste-scrisa-frumos-la-sebes\/","title":{"rendered":"Biblioteca de vacan\u021b\u0103 &#8222;cu masc\u0103&#8221; \u00eenc\u0103 o poveste scris\u0103 frumos, la Sebe\u0219"},"content":{"rendered":"\n<h4 class=\"wp-block-heading\">Biblioteca de Vacan\u021b\u0103 &#8230; \u201ecu masc\u0103\u201d de la Sebe\u0219, ajuns\u0103 la cea de-a IV-a edi\u021bie, desf\u0103\u0219urat\u0103 \u00een intervalul 22-31 iulie 2020, a oferit celor 44 de participan\u021bi, \u0219colari \u0219i pre\u0219colari, posibilitatea petrecerii vacan\u021bei de var\u0103 \u00eentr-un mod pl\u0103cut, relaxant \u0219i educativ, \u00eembin\u00e2nd lectura \u0219i creativitatea. <\/h4>\n\n\n\n<p>\u00cen condi\u021bii excep\u021bionale, activit\u0103\u021bile programate pentru edi\u021bia din acest an a Bibliotecii de Vacan\u021b\u0103 s-au desf\u0103\u0219urat cu un num\u0103r limitat de participan\u021bi, ace\u0219tia fiind \u00eemp\u0103r\u021bi\u021bi \u00een trei grupe de lucru, organizatorii respect\u00e2nd procedurile \u0219i m\u0103surile de preven\u021bie stabilite de actele normative \u00een vigoare.<\/p>\n\n\n\n<p>Atelierele de lectur\u0103 \u0219i crea\u021bie, proiec\u021bia de film, activit\u0103\u021bi g\u0103zduite de gr\u0103dina Muzeului Municipal \u201eIoan Raica\u201d Sebe\u0219 au fost pl\u0103nuite cu scopul stimul\u0103rii curiozit\u0103\u021bii \u0219i creativit\u0103\u021bii participan\u021bilor, \u00een \u00eencercarea de a oferi o alternativ\u0103 pentru petrecerea zilelor de vacan\u021b\u0103. Astfel, c\u0103r\u021bile din colec\u021bia Bibliotecii Municipale \u201eLucian Blaga\u201d Sebe\u0219 i-au purtat pe participan\u021bi prin magia pove\u0219tilor, h\u00e2rtiile colorate \u0219i formele de plastic au prins forma unor greenarium-uri, iar plan\u0219ele de carton, pudrate cu praf magic, s-au transformat \u00een rame fotografice.<\/p>\n\n\n\n<p>Vineri, 31 iulie 2019, gr\u0103dina Muzeului Municipal \u201eIoan Raica\u201d Sebe\u0219 a \u00eenregistrat o ultim\u0103 fil\u0103 a edi\u021biei din acest an a Bibliotecii de Vacan\u021b\u0103, prin premierea participan\u021bilor de c\u0103tre primarul Municipiului Sebe\u0219, Dorin Nistor. To\u021bi copiii au primit diplome de participare, dulciuri \u0219i cadouri surpriz\u0103, care s\u0103 le aminteasc\u0103 de aceast\u0103 edi\u021bie special\u0103 a Bibliotecii de Vacan\u021b\u0103.<\/p>\n\n\n\n<p>Cea de-a IV-a edi\u021bie a Bibliotecii de Vacan\u021b\u0103 a fost organizat\u0103 de Prim\u0103ria Municipiului Sebe\u0219, Centrul Cultural \u201eLucian Blaga\u201d Sebe\u0219 \u0219i Biblioteca Municipal\u0103 \u201eLucian Blaga\u201d Sebe\u0219.<\/p>\n","protected":false},"excerpt":{"rendered":"<p>Biblioteca de Vacan\u021b\u0103 &#8230; \u201ecu masc\u0103\u201d de la Sebe\u0219, ajuns\u0103 la cea de-a IV-a edi\u021bie, desf\u0103\u0219urat\u0103 \u00een intervalul 22-31 iulie 2020, a oferit celor 44 de participan\u021bi, \u0219colari \u0219i pre\u0219colari, posibilitatea petrecerii vacan\u021bei de var\u0103 \u00eentr-un mod pl\u0103cut, relaxant \u0219i educativ, \u00eembin\u00e2nd lectura \u0219i creativitatea. \u00cen condi\u021bii excep\u021bionale, activit\u0103\u021bile programate pentru edi\u021bia din acest an &hellip;<\/p>\n","protected":false},"author":5,"featured_media":91631,"comment_status":"open","ping_status":"open","sticky":false,"template":"","format":"standard","meta":{"inline_featured_image":false,"footnotes":""},"categories":[1],"tags":[],"class_list":["post-91630","post","type-post","status-publish","format-standard","has-post-thumbnail","hentry","category-stiri-urbane"],"yoast_head":"<!-- This site is optimized with the Yoast SEO plugin v27.4 - https:\/\/yoast.com\/product\/yoast-seo-wordpress\/ -->\n<title>Biblioteca de vacan\u021b\u0103 &quot;cu masc\u0103&quot; \u00eenc\u0103 o poveste scris\u0103 frumos, la Sebe\u0219 - Revista Urbea Mea - Revista de Alba<\/title>\n<meta name=\"description\" content=\"Biblioteca de Vacan\u021b\u0103 ... \u201ecu masc\u0103\u201d de la Sebe\u0219, ajuns\u0103 la cea de-a IV-a edi\u021bie, desf\u0103\u0219urat\u0103 \u00een intervalul 22-31 iulie 2020, a oferit celor 44 de\" \/>\n<meta name=\"robots\" content=\"index, follow, max-snippet:-1, max-image-preview:large, max-video-preview:-1\" \/>\n<link rel=\"canonical\" href=\"https:\/\/urbeamea.ro\/albaiulia\/biblioteca-de-vacanta-cu-masca-inca-o-poveste-scrisa-frumos-la-sebes\/\" \/>\n<meta name=\"twitter:card\" content=\"summary_large_image\" \/>\n<meta name=\"twitter:title\" content=\"Biblioteca de vacan\u021b\u0103 &quot;cu masc\u0103&quot; \u00eenc\u0103 o poveste scris\u0103 frumos, la Sebe\u0219 - Revista Urbea Mea - Revista de Alba\" \/>\n<meta name=\"twitter:description\" content=\"Biblioteca de Vacan\u021b\u0103 ... \u201ecu masc\u0103\u201d de la Sebe\u0219, ajuns\u0103 la cea de-a IV-a edi\u021bie, desf\u0103\u0219urat\u0103 \u00een intervalul 22-31 iulie 2020, a oferit celor 44 de\" \/>\n<meta name=\"twitter:image\" content=\"https:\/\/urbeamea.ro\/albaiulia\/wp-content\/uploads\/2020\/08\/Foto-1-7.jpg\" \/>\n<meta name=\"twitter:creator\" content=\"@urbeameaweb\" \/>\n<meta name=\"twitter:site\" content=\"@urbeameaweb\" \/>\n<script type=\"application\/ld+json\" class=\"yoast-schema-graph\">{\"@context\":\"https:\\\/\\\/schema.org\",\"@graph\":[{\"@type\":\"Article\",\"@id\":\"https:\\\/\\\/urbeamea.ro\\\/albaiulia\\\/biblioteca-de-vacanta-cu-masca-inca-o-poveste-scrisa-frumos-la-sebes\\\/#article\",\"isPartOf\":{\"@id\":\"https:\\\/\\\/urbeamea.ro\\\/albaiulia\\\/biblioteca-de-vacanta-cu-masca-inca-o-poveste-scrisa-frumos-la-sebes\\\/\"},\"author\":{\"name\":\"Bogdan P\u0103unescu\",\"@id\":\"https:\\\/\\\/urbeamea.ro\\\/albaiulia\\\/#\\\/schema\\\/person\\\/a115373ce8153754c6b084232d985956\"},\"headline\":\"Biblioteca de vacan\u021b\u0103 &#8222;cu masc\u0103&#8221; \u00eenc\u0103 o poveste scris\u0103 frumos, la Sebe\u0219\",\"datePublished\":\"2020-08-03T09:15:31+00:00\",\"dateModified\":\"2020-08-03T09:17:30+00:00\",\"mainEntityOfPage\":{\"@id\":\"https:\\\/\\\/urbeamea.ro\\\/albaiulia\\\/biblioteca-de-vacanta-cu-masca-inca-o-poveste-scrisa-frumos-la-sebes\\\/\"},\"wordCount\":303,\"commentCount\":0,\"image\":{\"@id\":\"https:\\\/\\\/urbeamea.ro\\\/albaiulia\\\/biblioteca-de-vacanta-cu-masca-inca-o-poveste-scrisa-frumos-la-sebes\\\/#primaryimage\"},\"thumbnailUrl\":\"https:\\\/\\\/urbeamea.ro\\\/albaiulia\\\/wp-content\\\/uploads\\\/2020\\\/08\\\/Foto-1-7.jpg\",\"articleSection\":[\"\u015etiri Urbane\"],\"inLanguage\":\"ro-RO\",\"potentialAction\":[{\"@type\":\"CommentAction\",\"name\":\"Comment\",\"target\":[\"https:\\\/\\\/urbeamea.ro\\\/albaiulia\\\/biblioteca-de-vacanta-cu-masca-inca-o-poveste-scrisa-frumos-la-sebes\\\/#respond\"]}]},{\"@type\":\"WebPage\",\"@id\":\"https:\\\/\\\/urbeamea.ro\\\/albaiulia\\\/biblioteca-de-vacanta-cu-masca-inca-o-poveste-scrisa-frumos-la-sebes\\\/\",\"url\":\"https:\\\/\\\/urbeamea.ro\\\/albaiulia\\\/biblioteca-de-vacanta-cu-masca-inca-o-poveste-scrisa-frumos-la-sebes\\\/\",\"name\":\"Biblioteca de vacan\u021b\u0103 \\\"cu masc\u0103\\\" \u00eenc\u0103 o poveste scris\u0103 frumos, la Sebe\u0219 - Revista Urbea Mea - Revista de Alba\",\"isPartOf\":{\"@id\":\"https:\\\/\\\/urbeamea.ro\\\/albaiulia\\\/#website\"},\"primaryImageOfPage\":{\"@id\":\"https:\\\/\\\/urbeamea.ro\\\/albaiulia\\\/biblioteca-de-vacanta-cu-masca-inca-o-poveste-scrisa-frumos-la-sebes\\\/#primaryimage\"},\"image\":{\"@id\":\"https:\\\/\\\/urbeamea.ro\\\/albaiulia\\\/biblioteca-de-vacanta-cu-masca-inca-o-poveste-scrisa-frumos-la-sebes\\\/#primaryimage\"},\"thumbnailUrl\":\"https:\\\/\\\/urbeamea.ro\\\/albaiulia\\\/wp-content\\\/uploads\\\/2020\\\/08\\\/Foto-1-7.jpg\",\"datePublished\":\"2020-08-03T09:15:31+00:00\",\"dateModified\":\"2020-08-03T09:17:30+00:00\",\"author\":{\"@id\":\"https:\\\/\\\/urbeamea.ro\\\/albaiulia\\\/#\\\/schema\\\/person\\\/a115373ce8153754c6b084232d985956\"},\"description\":\"Biblioteca de Vacan\u021b\u0103 ... \u201ecu masc\u0103\u201d de la Sebe\u0219, ajuns\u0103 la cea de-a IV-a edi\u021bie, desf\u0103\u0219urat\u0103 \u00een intervalul 22-31 iulie 2020, a oferit celor 44 de\",\"breadcrumb\":{\"@id\":\"https:\\\/\\\/urbeamea.ro\\\/albaiulia\\\/biblioteca-de-vacanta-cu-masca-inca-o-poveste-scrisa-frumos-la-sebes\\\/#breadcrumb\"},\"inLanguage\":\"ro-RO\",\"potentialAction\":[{\"@type\":\"ReadAction\",\"target\":[\"https:\\\/\\\/urbeamea.ro\\\/albaiulia\\\/biblioteca-de-vacanta-cu-masca-inca-o-poveste-scrisa-frumos-la-sebes\\\/\"]}]},{\"@type\":\"ImageObject\",\"inLanguage\":\"ro-RO\",\"@id\":\"https:\\\/\\\/urbeamea.ro\\\/albaiulia\\\/biblioteca-de-vacanta-cu-masca-inca-o-poveste-scrisa-frumos-la-sebes\\\/#primaryimage\",\"url\":\"https:\\\/\\\/urbeamea.ro\\\/albaiulia\\\/wp-content\\\/uploads\\\/2020\\\/08\\\/Foto-1-7.jpg\",\"contentUrl\":\"https:\\\/\\\/urbeamea.ro\\\/albaiulia\\\/wp-content\\\/uploads\\\/2020\\\/08\\\/Foto-1-7.jpg\",\"width\":1500,\"height\":1125},{\"@type\":\"BreadcrumbList\",\"@id\":\"https:\\\/\\\/urbeamea.ro\\\/albaiulia\\\/biblioteca-de-vacanta-cu-masca-inca-o-poveste-scrisa-frumos-la-sebes\\\/#breadcrumb\",\"itemListElement\":[{\"@type\":\"ListItem\",\"position\":1,\"name\":\"Prima pagin\u0103\",\"item\":\"https:\\\/\\\/urbeamea.ro\\\/albaiulia\\\/\"},{\"@type\":\"ListItem\",\"position\":2,\"name\":\"Biblioteca de vacan\u021b\u0103 &#8222;cu masc\u0103&#8221; \u00eenc\u0103 o poveste scris\u0103 frumos, la Sebe\u0219\"}]},{\"@type\":\"WebSite\",\"@id\":\"https:\\\/\\\/urbeamea.ro\\\/albaiulia\\\/#website\",\"url\":\"https:\\\/\\\/urbeamea.ro\\\/albaiulia\\\/\",\"name\":\"Revista Urbea Mea, Stiri urbane\",\"description\":\"Evenimente \u0219i \u0219tiri din Alba Iulia, Sebe\u0219, Aiud, Blaj\",\"potentialAction\":[{\"@type\":\"SearchAction\",\"target\":{\"@type\":\"EntryPoint\",\"urlTemplate\":\"https:\\\/\\\/urbeamea.ro\\\/albaiulia\\\/?s={search_term_string}\"},\"query-input\":{\"@type\":\"PropertyValueSpecification\",\"valueRequired\":true,\"valueName\":\"search_term_string\"}}],\"inLanguage\":\"ro-RO\"},{\"@type\":\"Person\",\"@id\":\"https:\\\/\\\/urbeamea.ro\\\/albaiulia\\\/#\\\/schema\\\/person\\\/a115373ce8153754c6b084232d985956\",\"name\":\"Bogdan P\u0103unescu\",\"image\":{\"@type\":\"ImageObject\",\"inLanguage\":\"ro-RO\",\"@id\":\"https:\\\/\\\/secure.gravatar.com\\\/avatar\\\/f72aa881b5a32ea110a53aabc2049429e3ff68fcb09d283722d01fbf330e9dd9?s=96&d=mm&r=g\",\"url\":\"https:\\\/\\\/secure.gravatar.com\\\/avatar\\\/f72aa881b5a32ea110a53aabc2049429e3ff68fcb09d283722d01fbf330e9dd9?s=96&d=mm&r=g\",\"contentUrl\":\"https:\\\/\\\/secure.gravatar.com\\\/avatar\\\/f72aa881b5a32ea110a53aabc2049429e3ff68fcb09d283722d01fbf330e9dd9?s=96&d=mm&r=g\",\"caption\":\"Bogdan P\u0103unescu\"},\"description\":\"\u00cemi place tot ceea ce este legat de web \u015fi ajut la dezvoltarea \u015fi \u00eembun\u0103t\u0103\u0163irea lui prin tot ceea ce fac.\",\"sameAs\":[\"https:\\\/\\\/www.artonmedia.ro\",\"https:\\\/\\\/www.facebook.com\\\/bogdanvpaunescu\"],\"url\":\"https:\\\/\\\/urbeamea.ro\\\/albaiulia\\\/author\\\/bogdan-paunescu\\\/\"}]}<\/script>\n<!-- \/ Yoast SEO plugin. -->","yoast_head_json":{"title":"Biblioteca de vacan\u021b\u0103 \"cu masc\u0103\" \u00eenc\u0103 o poveste scris\u0103 frumos, la Sebe\u0219 - Revista Urbea Mea - Revista de Alba","description":"Biblioteca de Vacan\u021b\u0103 ... \u201ecu masc\u0103\u201d de la Sebe\u0219, ajuns\u0103 la cea de-a IV-a edi\u021bie, desf\u0103\u0219urat\u0103 \u00een intervalul 22-31 iulie 2020, a oferit celor 44 de","robots":{"index":"index","follow":"follow","max-snippet":"max-snippet:-1","max-image-preview":"max-image-preview:large","max-video-preview":"max-video-preview:-1"},"canonical":"https:\/\/urbeamea.ro\/albaiulia\/biblioteca-de-vacanta-cu-masca-inca-o-poveste-scrisa-frumos-la-sebes\/","twitter_card":"summary_large_image","twitter_title":"Biblioteca de vacan\u021b\u0103 \"cu masc\u0103\" \u00eenc\u0103 o poveste scris\u0103 frumos, la Sebe\u0219 - Revista Urbea Mea - Revista de Alba","twitter_description":"Biblioteca de Vacan\u021b\u0103 ... \u201ecu masc\u0103\u201d de la Sebe\u0219, ajuns\u0103 la cea de-a IV-a edi\u021bie, desf\u0103\u0219urat\u0103 \u00een intervalul 22-31 iulie 2020, a oferit celor 44 de","twitter_image":"https:\/\/urbeamea.ro\/albaiulia\/wp-content\/uploads\/2020\/08\/Foto-1-7.jpg","twitter_creator":"@urbeameaweb","twitter_site":"@urbeameaweb","schema":{"@context":"https:\/\/schema.org","@graph":[{"@type":"Article","@id":"https:\/\/urbeamea.ro\/albaiulia\/biblioteca-de-vacanta-cu-masca-inca-o-poveste-scrisa-frumos-la-sebes\/#article","isPartOf":{"@id":"https:\/\/urbeamea.ro\/albaiulia\/biblioteca-de-vacanta-cu-masca-inca-o-poveste-scrisa-frumos-la-sebes\/"},"author":{"name":"Bogdan P\u0103unescu","@id":"https:\/\/urbeamea.ro\/albaiulia\/#\/schema\/person\/a115373ce8153754c6b084232d985956"},"headline":"Biblioteca de vacan\u021b\u0103 &#8222;cu masc\u0103&#8221; \u00eenc\u0103 o poveste scris\u0103 frumos, la Sebe\u0219","datePublished":"2020-08-03T09:15:31+00:00","dateModified":"2020-08-03T09:17:30+00:00","mainEntityOfPage":{"@id":"https:\/\/urbeamea.ro\/albaiulia\/biblioteca-de-vacanta-cu-masca-inca-o-poveste-scrisa-frumos-la-sebes\/"},"wordCount":303,"commentCount":0,"image":{"@id":"https:\/\/urbeamea.ro\/albaiulia\/biblioteca-de-vacanta-cu-masca-inca-o-poveste-scrisa-frumos-la-sebes\/#primaryimage"},"thumbnailUrl":"https:\/\/urbeamea.ro\/albaiulia\/wp-content\/uploads\/2020\/08\/Foto-1-7.jpg","articleSection":["\u015etiri Urbane"],"inLanguage":"ro-RO","potentialAction":[{"@type":"CommentAction","name":"Comment","target":["https:\/\/urbeamea.ro\/albaiulia\/biblioteca-de-vacanta-cu-masca-inca-o-poveste-scrisa-frumos-la-sebes\/#respond"]}]},{"@type":"WebPage","@id":"https:\/\/urbeamea.ro\/albaiulia\/biblioteca-de-vacanta-cu-masca-inca-o-poveste-scrisa-frumos-la-sebes\/","url":"https:\/\/urbeamea.ro\/albaiulia\/biblioteca-de-vacanta-cu-masca-inca-o-poveste-scrisa-frumos-la-sebes\/","name":"Biblioteca de vacan\u021b\u0103 \"cu masc\u0103\" \u00eenc\u0103 o poveste scris\u0103 frumos, la Sebe\u0219 - Revista Urbea Mea - Revista de Alba","isPartOf":{"@id":"https:\/\/urbeamea.ro\/albaiulia\/#website"},"primaryImageOfPage":{"@id":"https:\/\/urbeamea.ro\/albaiulia\/biblioteca-de-vacanta-cu-masca-inca-o-poveste-scrisa-frumos-la-sebes\/#primaryimage"},"image":{"@id":"https:\/\/urbeamea.ro\/albaiulia\/biblioteca-de-vacanta-cu-masca-inca-o-poveste-scrisa-frumos-la-sebes\/#primaryimage"},"thumbnailUrl":"https:\/\/urbeamea.ro\/albaiulia\/wp-content\/uploads\/2020\/08\/Foto-1-7.jpg","datePublished":"2020-08-03T09:15:31+00:00","dateModified":"2020-08-03T09:17:30+00:00","author":{"@id":"https:\/\/urbeamea.ro\/albaiulia\/#\/schema\/person\/a115373ce8153754c6b084232d985956"},"description":"Biblioteca de Vacan\u021b\u0103 ... \u201ecu masc\u0103\u201d de la Sebe\u0219, ajuns\u0103 la cea de-a IV-a edi\u021bie, desf\u0103\u0219urat\u0103 \u00een intervalul 22-31 iulie 2020, a oferit celor 44 de","breadcrumb":{"@id":"https:\/\/urbeamea.ro\/albaiulia\/biblioteca-de-vacanta-cu-masca-inca-o-poveste-scrisa-frumos-la-sebes\/#breadcrumb"},"inLanguage":"ro-RO","potentialAction":[{"@type":"ReadAction","target":["https:\/\/urbeamea.ro\/albaiulia\/biblioteca-de-vacanta-cu-masca-inca-o-poveste-scrisa-frumos-la-sebes\/"]}]},{"@type":"ImageObject","inLanguage":"ro-RO","@id":"https:\/\/urbeamea.ro\/albaiulia\/biblioteca-de-vacanta-cu-masca-inca-o-poveste-scrisa-frumos-la-sebes\/#primaryimage","url":"https:\/\/urbeamea.ro\/albaiulia\/wp-content\/uploads\/2020\/08\/Foto-1-7.jpg","contentUrl":"https:\/\/urbeamea.ro\/albaiulia\/wp-content\/uploads\/2020\/08\/Foto-1-7.jpg","width":1500,"height":1125},{"@type":"BreadcrumbList","@id":"https:\/\/urbeamea.ro\/albaiulia\/biblioteca-de-vacanta-cu-masca-inca-o-poveste-scrisa-frumos-la-sebes\/#breadcrumb","itemListElement":[{"@type":"ListItem","position":1,"name":"Prima pagin\u0103","item":"https:\/\/urbeamea.ro\/albaiulia\/"},{"@type":"ListItem","position":2,"name":"Biblioteca de vacan\u021b\u0103 &#8222;cu masc\u0103&#8221; \u00eenc\u0103 o poveste scris\u0103 frumos, la Sebe\u0219"}]},{"@type":"WebSite","@id":"https:\/\/urbeamea.ro\/albaiulia\/#website","url":"https:\/\/urbeamea.ro\/albaiulia\/","name":"Revista Urbea Mea, Stiri urbane","description":"Evenimente \u0219i \u0219tiri din Alba Iulia, Sebe\u0219, Aiud, Blaj","potentialAction":[{"@type":"SearchAction","target":{"@type":"EntryPoint","urlTemplate":"https:\/\/urbeamea.ro\/albaiulia\/?s={search_term_string}"},"query-input":{"@type":"PropertyValueSpecification","valueRequired":true,"valueName":"search_term_string"}}],"inLanguage":"ro-RO"},{"@type":"Person","@id":"https:\/\/urbeamea.ro\/albaiulia\/#\/schema\/person\/a115373ce8153754c6b084232d985956","name":"Bogdan P\u0103unescu","image":{"@type":"ImageObject","inLanguage":"ro-RO","@id":"https:\/\/secure.gravatar.com\/avatar\/f72aa881b5a32ea110a53aabc2049429e3ff68fcb09d283722d01fbf330e9dd9?s=96&d=mm&r=g","url":"https:\/\/secure.gravatar.com\/avatar\/f72aa881b5a32ea110a53aabc2049429e3ff68fcb09d283722d01fbf330e9dd9?s=96&d=mm&r=g","contentUrl":"https:\/\/secure.gravatar.com\/avatar\/f72aa881b5a32ea110a53aabc2049429e3ff68fcb09d283722d01fbf330e9dd9?s=96&d=mm&r=g","caption":"Bogdan P\u0103unescu"},"description":"\u00cemi place tot ceea ce este legat de web \u015fi ajut la dezvoltarea \u015fi \u00eembun\u0103t\u0103\u0163irea lui prin tot ceea ce fac.","sameAs":["https:\/\/www.artonmedia.ro","https:\/\/www.facebook.com\/bogdanvpaunescu"],"url":"https:\/\/urbeamea.ro\/albaiulia\/author\/bogdan-paunescu\/"}]}},"_links":{"self":[{"href":"https:\/\/urbeamea.ro\/albaiulia\/wp-json\/wp\/v2\/posts\/91630","targetHints":{"allow":["GET"]}}],"collection":[{"href":"https:\/\/urbeamea.ro\/albaiulia\/wp-json\/wp\/v2\/posts"}],"about":[{"href":"https:\/\/urbeamea.ro\/albaiulia\/wp-json\/wp\/v2\/types\/post"}],"author":[{"embeddable":true,"href":"https:\/\/urbeamea.ro\/albaiulia\/wp-json\/wp\/v2\/users\/5"}],"replies":[{"embeddable":true,"href":"https:\/\/urbeamea.ro\/albaiulia\/wp-json\/wp\/v2\/comments?post=91630"}],"version-history":[{"count":2,"href":"https:\/\/urbeamea.ro\/albaiulia\/wp-json\/wp\/v2\/posts\/91630\/revisions"}],"predecessor-version":[{"id":91634,"href":"https:\/\/urbeamea.ro\/albaiulia\/wp-json\/wp\/v2\/posts\/91630\/revisions\/91634"}],"wp:featuredmedia":[{"embeddable":true,"href":"https:\/\/urbeamea.ro\/albaiulia\/wp-json\/wp\/v2\/media\/91631"}],"wp:attachment":[{"href":"https:\/\/urbeamea.ro\/albaiulia\/wp-json\/wp\/v2\/media?parent=91630"}],"wp:term":[{"taxonomy":"category","embeddable":true,"href":"https:\/\/urbeamea.ro\/albaiulia\/wp-json\/wp\/v2\/categories?post=91630"},{"taxonomy":"post_tag","embeddable":true,"href":"https:\/\/urbeamea.ro\/albaiulia\/wp-json\/wp\/v2\/tags?post=91630"}],"curies":[{"name":"wp","href":"https:\/\/api.w.org\/{rel}","templated":true}]}}