{"id":91635,"date":"2020-08-02T12:00:00","date_gmt":"2020-08-02T09:00:00","guid":{"rendered":"https:\/\/urbeamea.ro\/albaiulia\/?p=91635"},"modified":"2020-08-03T12:26:41","modified_gmt":"2020-08-03T09:26:41","slug":"duminica-2-august-2020-concerte-de-fanfara-in-aer-liber-la-sebes-si-petresti","status":"publish","type":"post","link":"https:\/\/urbeamea.ro\/albaiulia\/duminica-2-august-2020-concerte-de-fanfara-in-aer-liber-la-sebes-si-petresti\/","title":{"rendered":"Duminic\u0103, 2 august 2020: concerte de fanfar\u0103 \u00een aer liber, la Sebe\u0219 \u0219i Petre\u0219ti"},"content":{"rendered":"\n<p>Fanfara din Petre\u0219ti continu\u0103 duminic\u0103, 2 august 2020, seria concertelor de promenad\u0103, menite s\u0103 \u00eensufle\u021beasc\u0103, prin accentele vechilor \u0219lag\u0103re cu influen\u021be s\u0103se\u0219ti, atmosfera dup\u0103-amiezelor de var\u0103.<\/p>\n\n\n\n<p>Primul concert de promenad\u0103 va avea loc \u00een Petre\u0219ti \u0219i se va derula sub forma unei parade muzicale pe str\u0103zile Valea Sebe\u0219ului, S\u0103seasc\u0103, Decebal \u0219i 1 Mai, de la ora 18:30, iar cel de-al doilea concert se va desf\u0103\u0219ura \u00een Parcul Tineretului din Sebe\u0219, de la ora 20:00.<\/p>\n\n\n\n<p>\u00cen condi\u021bii excep\u021bionale, cele dou\u0103 concerte de fanfar\u0103 se vor derula \u00een limitele stabilite de normele legale privind prevenirea r\u0103sp\u00e2ndirii contamin\u0103rilor cu virusul Covid-19 (Coronavirus).<\/p>\n\n\n\n<p>Activit\u0103\u021bile \u0219i concertele \u00een aer liber ale Fanfarei din Petre\u0219ti sunt sus\u021binute de Prim\u0103ria Municipiului Sebe\u0219 \u0219i Centrul Cultural \u201eLucian Blaga&#8221; Sebe\u0219.<\/p>\n","protected":false},"excerpt":{"rendered":"<p>Fanfara din Petre\u0219ti continu\u0103 duminic\u0103, 2 august 2020, seria concertelor de promenad\u0103, menite s\u0103 \u00eensufle\u021beasc\u0103, prin accentele vechilor \u0219lag\u0103re cu influen\u021be s\u0103se\u0219ti, atmosfera dup\u0103-amiezelor de var\u0103. Primul concert de promenad\u0103 va avea loc \u00een Petre\u0219ti \u0219i se va derula sub forma unei parade muzicale pe str\u0103zile Valea Sebe\u0219ului, S\u0103seasc\u0103, Decebal \u0219i 1 Mai, de la &hellip;<\/p>\n","protected":false},"author":5,"featured_media":91636,"comment_status":"open","ping_status":"open","sticky":false,"template":"","format":"standard","meta":{"inline_featured_image":false,"footnotes":""},"categories":[4],"tags":[],"class_list":["post-91635","post","type-post","status-publish","format-standard","has-post-thumbnail","hentry","category-eveniment"],"yoast_head":"<!-- This site is optimized with the Yoast SEO plugin v27.4 - https:\/\/yoast.com\/product\/yoast-seo-wordpress\/ -->\n<title>Duminic\u0103, 2 august 2020: concerte de fanfar\u0103 \u00een aer liber, la Sebe\u0219 \u0219i Petre\u0219ti - Revista Urbea Mea - Revista de Alba<\/title>\n<meta name=\"description\" content=\"Fanfara din Petre\u0219ti continu\u0103 duminic\u0103, 2 august 2020, seria concertelor de promenad\u0103, menite s\u0103 \u00eensufle\u021beasc\u0103, prin accentele vechilor \u0219lag\u0103re cu\" \/>\n<meta name=\"robots\" content=\"index, follow, max-snippet:-1, max-image-preview:large, max-video-preview:-1\" \/>\n<link rel=\"canonical\" href=\"https:\/\/urbeamea.ro\/albaiulia\/duminica-2-august-2020-concerte-de-fanfara-in-aer-liber-la-sebes-si-petresti\/\" \/>\n<meta name=\"twitter:card\" content=\"summary_large_image\" \/>\n<meta name=\"twitter:title\" content=\"Duminic\u0103, 2 august 2020: concerte de fanfar\u0103 \u00een aer liber, la Sebe\u0219 \u0219i Petre\u0219ti - Revista Urbea Mea - Revista de Alba\" \/>\n<meta name=\"twitter:description\" content=\"Fanfara din Petre\u0219ti continu\u0103 duminic\u0103, 2 august 2020, seria concertelor de promenad\u0103, menite s\u0103 \u00eensufle\u021beasc\u0103, prin accentele vechilor \u0219lag\u0103re cu\" \/>\n<meta name=\"twitter:image\" content=\"https:\/\/urbeamea.ro\/albaiulia\/wp-content\/uploads\/2020\/08\/fanfara_petresti.jpg\" \/>\n<meta name=\"twitter:creator\" content=\"@urbeameaweb\" \/>\n<meta name=\"twitter:site\" content=\"@urbeameaweb\" \/>\n<script type=\"application\/ld+json\" class=\"yoast-schema-graph\">{\"@context\":\"https:\\\/\\\/schema.org\",\"@graph\":[{\"@type\":\"Article\",\"@id\":\"https:\\\/\\\/urbeamea.ro\\\/albaiulia\\\/duminica-2-august-2020-concerte-de-fanfara-in-aer-liber-la-sebes-si-petresti\\\/#article\",\"isPartOf\":{\"@id\":\"https:\\\/\\\/urbeamea.ro\\\/albaiulia\\\/duminica-2-august-2020-concerte-de-fanfara-in-aer-liber-la-sebes-si-petresti\\\/\"},\"author\":{\"name\":\"Bogdan P\u0103unescu\",\"@id\":\"https:\\\/\\\/urbeamea.ro\\\/albaiulia\\\/#\\\/schema\\\/person\\\/a115373ce8153754c6b084232d985956\"},\"headline\":\"Duminic\u0103, 2 august 2020: concerte de fanfar\u0103 \u00een aer liber, la Sebe\u0219 \u0219i Petre\u0219ti\",\"datePublished\":\"2020-08-02T09:00:00+00:00\",\"dateModified\":\"2020-08-03T09:26:41+00:00\",\"mainEntityOfPage\":{\"@id\":\"https:\\\/\\\/urbeamea.ro\\\/albaiulia\\\/duminica-2-august-2020-concerte-de-fanfara-in-aer-liber-la-sebes-si-petresti\\\/\"},\"wordCount\":150,\"commentCount\":0,\"image\":{\"@id\":\"https:\\\/\\\/urbeamea.ro\\\/albaiulia\\\/duminica-2-august-2020-concerte-de-fanfara-in-aer-liber-la-sebes-si-petresti\\\/#primaryimage\"},\"thumbnailUrl\":\"https:\\\/\\\/urbeamea.ro\\\/albaiulia\\\/wp-content\\\/uploads\\\/2020\\\/08\\\/fanfara_petresti.jpg\",\"articleSection\":[\"Evenimente\"],\"inLanguage\":\"ro-RO\",\"potentialAction\":[{\"@type\":\"CommentAction\",\"name\":\"Comment\",\"target\":[\"https:\\\/\\\/urbeamea.ro\\\/albaiulia\\\/duminica-2-august-2020-concerte-de-fanfara-in-aer-liber-la-sebes-si-petresti\\\/#respond\"]}]},{\"@type\":\"WebPage\",\"@id\":\"https:\\\/\\\/urbeamea.ro\\\/albaiulia\\\/duminica-2-august-2020-concerte-de-fanfara-in-aer-liber-la-sebes-si-petresti\\\/\",\"url\":\"https:\\\/\\\/urbeamea.ro\\\/albaiulia\\\/duminica-2-august-2020-concerte-de-fanfara-in-aer-liber-la-sebes-si-petresti\\\/\",\"name\":\"Duminic\u0103, 2 august 2020: concerte de fanfar\u0103 \u00een aer liber, la Sebe\u0219 \u0219i Petre\u0219ti - Revista Urbea Mea - Revista de Alba\",\"isPartOf\":{\"@id\":\"https:\\\/\\\/urbeamea.ro\\\/albaiulia\\\/#website\"},\"primaryImageOfPage\":{\"@id\":\"https:\\\/\\\/urbeamea.ro\\\/albaiulia\\\/duminica-2-august-2020-concerte-de-fanfara-in-aer-liber-la-sebes-si-petresti\\\/#primaryimage\"},\"image\":{\"@id\":\"https:\\\/\\\/urbeamea.ro\\\/albaiulia\\\/duminica-2-august-2020-concerte-de-fanfara-in-aer-liber-la-sebes-si-petresti\\\/#primaryimage\"},\"thumbnailUrl\":\"https:\\\/\\\/urbeamea.ro\\\/albaiulia\\\/wp-content\\\/uploads\\\/2020\\\/08\\\/fanfara_petresti.jpg\",\"datePublished\":\"2020-08-02T09:00:00+00:00\",\"dateModified\":\"2020-08-03T09:26:41+00:00\",\"author\":{\"@id\":\"https:\\\/\\\/urbeamea.ro\\\/albaiulia\\\/#\\\/schema\\\/person\\\/a115373ce8153754c6b084232d985956\"},\"description\":\"Fanfara din Petre\u0219ti continu\u0103 duminic\u0103, 2 august 2020, seria concertelor de promenad\u0103, menite s\u0103 \u00eensufle\u021beasc\u0103, prin accentele vechilor \u0219lag\u0103re cu\",\"breadcrumb\":{\"@id\":\"https:\\\/\\\/urbeamea.ro\\\/albaiulia\\\/duminica-2-august-2020-concerte-de-fanfara-in-aer-liber-la-sebes-si-petresti\\\/#breadcrumb\"},\"inLanguage\":\"ro-RO\",\"potentialAction\":[{\"@type\":\"ReadAction\",\"target\":[\"https:\\\/\\\/urbeamea.ro\\\/albaiulia\\\/duminica-2-august-2020-concerte-de-fanfara-in-aer-liber-la-sebes-si-petresti\\\/\"]}]},{\"@type\":\"ImageObject\",\"inLanguage\":\"ro-RO\",\"@id\":\"https:\\\/\\\/urbeamea.ro\\\/albaiulia\\\/duminica-2-august-2020-concerte-de-fanfara-in-aer-liber-la-sebes-si-petresti\\\/#primaryimage\",\"url\":\"https:\\\/\\\/urbeamea.ro\\\/albaiulia\\\/wp-content\\\/uploads\\\/2020\\\/08\\\/fanfara_petresti.jpg\",\"contentUrl\":\"https:\\\/\\\/urbeamea.ro\\\/albaiulia\\\/wp-content\\\/uploads\\\/2020\\\/08\\\/fanfara_petresti.jpg\",\"width\":1500,\"height\":1125},{\"@type\":\"BreadcrumbList\",\"@id\":\"https:\\\/\\\/urbeamea.ro\\\/albaiulia\\\/duminica-2-august-2020-concerte-de-fanfara-in-aer-liber-la-sebes-si-petresti\\\/#breadcrumb\",\"itemListElement\":[{\"@type\":\"ListItem\",\"position\":1,\"name\":\"Prima pagin\u0103\",\"item\":\"https:\\\/\\\/urbeamea.ro\\\/albaiulia\\\/\"},{\"@type\":\"ListItem\",\"position\":2,\"name\":\"Duminic\u0103, 2 august 2020: concerte de fanfar\u0103 \u00een aer liber, la Sebe\u0219 \u0219i Petre\u0219ti\"}]},{\"@type\":\"WebSite\",\"@id\":\"https:\\\/\\\/urbeamea.ro\\\/albaiulia\\\/#website\",\"url\":\"https:\\\/\\\/urbeamea.ro\\\/albaiulia\\\/\",\"name\":\"Revista Urbea Mea, Stiri urbane\",\"description\":\"Evenimente \u0219i \u0219tiri din Alba Iulia, Sebe\u0219, Aiud, Blaj\",\"potentialAction\":[{\"@type\":\"SearchAction\",\"target\":{\"@type\":\"EntryPoint\",\"urlTemplate\":\"https:\\\/\\\/urbeamea.ro\\\/albaiulia\\\/?s={search_term_string}\"},\"query-input\":{\"@type\":\"PropertyValueSpecification\",\"valueRequired\":true,\"valueName\":\"search_term_string\"}}],\"inLanguage\":\"ro-RO\"},{\"@type\":\"Person\",\"@id\":\"https:\\\/\\\/urbeamea.ro\\\/albaiulia\\\/#\\\/schema\\\/person\\\/a115373ce8153754c6b084232d985956\",\"name\":\"Bogdan P\u0103unescu\",\"image\":{\"@type\":\"ImageObject\",\"inLanguage\":\"ro-RO\",\"@id\":\"https:\\\/\\\/secure.gravatar.com\\\/avatar\\\/f72aa881b5a32ea110a53aabc2049429e3ff68fcb09d283722d01fbf330e9dd9?s=96&d=mm&r=g\",\"url\":\"https:\\\/\\\/secure.gravatar.com\\\/avatar\\\/f72aa881b5a32ea110a53aabc2049429e3ff68fcb09d283722d01fbf330e9dd9?s=96&d=mm&r=g\",\"contentUrl\":\"https:\\\/\\\/secure.gravatar.com\\\/avatar\\\/f72aa881b5a32ea110a53aabc2049429e3ff68fcb09d283722d01fbf330e9dd9?s=96&d=mm&r=g\",\"caption\":\"Bogdan P\u0103unescu\"},\"description\":\"\u00cemi place tot ceea ce este legat de web \u015fi ajut la dezvoltarea \u015fi \u00eembun\u0103t\u0103\u0163irea lui prin tot ceea ce fac.\",\"sameAs\":[\"https:\\\/\\\/www.artonmedia.ro\",\"https:\\\/\\\/www.facebook.com\\\/bogdanvpaunescu\"],\"url\":\"https:\\\/\\\/urbeamea.ro\\\/albaiulia\\\/author\\\/bogdan-paunescu\\\/\"}]}<\/script>\n<!-- \/ Yoast SEO plugin. -->","yoast_head_json":{"title":"Duminic\u0103, 2 august 2020: concerte de fanfar\u0103 \u00een aer liber, la Sebe\u0219 \u0219i Petre\u0219ti - Revista Urbea Mea - Revista de Alba","description":"Fanfara din Petre\u0219ti continu\u0103 duminic\u0103, 2 august 2020, seria concertelor de promenad\u0103, menite s\u0103 \u00eensufle\u021beasc\u0103, prin accentele vechilor \u0219lag\u0103re cu","robots":{"index":"index","follow":"follow","max-snippet":"max-snippet:-1","max-image-preview":"max-image-preview:large","max-video-preview":"max-video-preview:-1"},"canonical":"https:\/\/urbeamea.ro\/albaiulia\/duminica-2-august-2020-concerte-de-fanfara-in-aer-liber-la-sebes-si-petresti\/","twitter_card":"summary_large_image","twitter_title":"Duminic\u0103, 2 august 2020: concerte de fanfar\u0103 \u00een aer liber, la Sebe\u0219 \u0219i Petre\u0219ti - Revista Urbea Mea - Revista de Alba","twitter_description":"Fanfara din Petre\u0219ti continu\u0103 duminic\u0103, 2 august 2020, seria concertelor de promenad\u0103, menite s\u0103 \u00eensufle\u021beasc\u0103, prin accentele vechilor \u0219lag\u0103re cu","twitter_image":"https:\/\/urbeamea.ro\/albaiulia\/wp-content\/uploads\/2020\/08\/fanfara_petresti.jpg","twitter_creator":"@urbeameaweb","twitter_site":"@urbeameaweb","schema":{"@context":"https:\/\/schema.org","@graph":[{"@type":"Article","@id":"https:\/\/urbeamea.ro\/albaiulia\/duminica-2-august-2020-concerte-de-fanfara-in-aer-liber-la-sebes-si-petresti\/#article","isPartOf":{"@id":"https:\/\/urbeamea.ro\/albaiulia\/duminica-2-august-2020-concerte-de-fanfara-in-aer-liber-la-sebes-si-petresti\/"},"author":{"name":"Bogdan P\u0103unescu","@id":"https:\/\/urbeamea.ro\/albaiulia\/#\/schema\/person\/a115373ce8153754c6b084232d985956"},"headline":"Duminic\u0103, 2 august 2020: concerte de fanfar\u0103 \u00een aer liber, la Sebe\u0219 \u0219i Petre\u0219ti","datePublished":"2020-08-02T09:00:00+00:00","dateModified":"2020-08-03T09:26:41+00:00","mainEntityOfPage":{"@id":"https:\/\/urbeamea.ro\/albaiulia\/duminica-2-august-2020-concerte-de-fanfara-in-aer-liber-la-sebes-si-petresti\/"},"wordCount":150,"commentCount":0,"image":{"@id":"https:\/\/urbeamea.ro\/albaiulia\/duminica-2-august-2020-concerte-de-fanfara-in-aer-liber-la-sebes-si-petresti\/#primaryimage"},"thumbnailUrl":"https:\/\/urbeamea.ro\/albaiulia\/wp-content\/uploads\/2020\/08\/fanfara_petresti.jpg","articleSection":["Evenimente"],"inLanguage":"ro-RO","potentialAction":[{"@type":"CommentAction","name":"Comment","target":["https:\/\/urbeamea.ro\/albaiulia\/duminica-2-august-2020-concerte-de-fanfara-in-aer-liber-la-sebes-si-petresti\/#respond"]}]},{"@type":"WebPage","@id":"https:\/\/urbeamea.ro\/albaiulia\/duminica-2-august-2020-concerte-de-fanfara-in-aer-liber-la-sebes-si-petresti\/","url":"https:\/\/urbeamea.ro\/albaiulia\/duminica-2-august-2020-concerte-de-fanfara-in-aer-liber-la-sebes-si-petresti\/","name":"Duminic\u0103, 2 august 2020: concerte de fanfar\u0103 \u00een aer liber, la Sebe\u0219 \u0219i Petre\u0219ti - Revista Urbea Mea - Revista de Alba","isPartOf":{"@id":"https:\/\/urbeamea.ro\/albaiulia\/#website"},"primaryImageOfPage":{"@id":"https:\/\/urbeamea.ro\/albaiulia\/duminica-2-august-2020-concerte-de-fanfara-in-aer-liber-la-sebes-si-petresti\/#primaryimage"},"image":{"@id":"https:\/\/urbeamea.ro\/albaiulia\/duminica-2-august-2020-concerte-de-fanfara-in-aer-liber-la-sebes-si-petresti\/#primaryimage"},"thumbnailUrl":"https:\/\/urbeamea.ro\/albaiulia\/wp-content\/uploads\/2020\/08\/fanfara_petresti.jpg","datePublished":"2020-08-02T09:00:00+00:00","dateModified":"2020-08-03T09:26:41+00:00","author":{"@id":"https:\/\/urbeamea.ro\/albaiulia\/#\/schema\/person\/a115373ce8153754c6b084232d985956"},"description":"Fanfara din Petre\u0219ti continu\u0103 duminic\u0103, 2 august 2020, seria concertelor de promenad\u0103, menite s\u0103 \u00eensufle\u021beasc\u0103, prin accentele vechilor \u0219lag\u0103re cu","breadcrumb":{"@id":"https:\/\/urbeamea.ro\/albaiulia\/duminica-2-august-2020-concerte-de-fanfara-in-aer-liber-la-sebes-si-petresti\/#breadcrumb"},"inLanguage":"ro-RO","potentialAction":[{"@type":"ReadAction","target":["https:\/\/urbeamea.ro\/albaiulia\/duminica-2-august-2020-concerte-de-fanfara-in-aer-liber-la-sebes-si-petresti\/"]}]},{"@type":"ImageObject","inLanguage":"ro-RO","@id":"https:\/\/urbeamea.ro\/albaiulia\/duminica-2-august-2020-concerte-de-fanfara-in-aer-liber-la-sebes-si-petresti\/#primaryimage","url":"https:\/\/urbeamea.ro\/albaiulia\/wp-content\/uploads\/2020\/08\/fanfara_petresti.jpg","contentUrl":"https:\/\/urbeamea.ro\/albaiulia\/wp-content\/uploads\/2020\/08\/fanfara_petresti.jpg","width":1500,"height":1125},{"@type":"BreadcrumbList","@id":"https:\/\/urbeamea.ro\/albaiulia\/duminica-2-august-2020-concerte-de-fanfara-in-aer-liber-la-sebes-si-petresti\/#breadcrumb","itemListElement":[{"@type":"ListItem","position":1,"name":"Prima pagin\u0103","item":"https:\/\/urbeamea.ro\/albaiulia\/"},{"@type":"ListItem","position":2,"name":"Duminic\u0103, 2 august 2020: concerte de fanfar\u0103 \u00een aer liber, la Sebe\u0219 \u0219i Petre\u0219ti"}]},{"@type":"WebSite","@id":"https:\/\/urbeamea.ro\/albaiulia\/#website","url":"https:\/\/urbeamea.ro\/albaiulia\/","name":"Revista Urbea Mea, Stiri urbane","description":"Evenimente \u0219i \u0219tiri din Alba Iulia, Sebe\u0219, Aiud, Blaj","potentialAction":[{"@type":"SearchAction","target":{"@type":"EntryPoint","urlTemplate":"https:\/\/urbeamea.ro\/albaiulia\/?s={search_term_string}"},"query-input":{"@type":"PropertyValueSpecification","valueRequired":true,"valueName":"search_term_string"}}],"inLanguage":"ro-RO"},{"@type":"Person","@id":"https:\/\/urbeamea.ro\/albaiulia\/#\/schema\/person\/a115373ce8153754c6b084232d985956","name":"Bogdan P\u0103unescu","image":{"@type":"ImageObject","inLanguage":"ro-RO","@id":"https:\/\/secure.gravatar.com\/avatar\/f72aa881b5a32ea110a53aabc2049429e3ff68fcb09d283722d01fbf330e9dd9?s=96&d=mm&r=g","url":"https:\/\/secure.gravatar.com\/avatar\/f72aa881b5a32ea110a53aabc2049429e3ff68fcb09d283722d01fbf330e9dd9?s=96&d=mm&r=g","contentUrl":"https:\/\/secure.gravatar.com\/avatar\/f72aa881b5a32ea110a53aabc2049429e3ff68fcb09d283722d01fbf330e9dd9?s=96&d=mm&r=g","caption":"Bogdan P\u0103unescu"},"description":"\u00cemi place tot ceea ce este legat de web \u015fi ajut la dezvoltarea \u015fi \u00eembun\u0103t\u0103\u0163irea lui prin tot ceea ce fac.","sameAs":["https:\/\/www.artonmedia.ro","https:\/\/www.facebook.com\/bogdanvpaunescu"],"url":"https:\/\/urbeamea.ro\/albaiulia\/author\/bogdan-paunescu\/"}]}},"_links":{"self":[{"href":"https:\/\/urbeamea.ro\/albaiulia\/wp-json\/wp\/v2\/posts\/91635","targetHints":{"allow":["GET"]}}],"collection":[{"href":"https:\/\/urbeamea.ro\/albaiulia\/wp-json\/wp\/v2\/posts"}],"about":[{"href":"https:\/\/urbeamea.ro\/albaiulia\/wp-json\/wp\/v2\/types\/post"}],"author":[{"embeddable":true,"href":"https:\/\/urbeamea.ro\/albaiulia\/wp-json\/wp\/v2\/users\/5"}],"replies":[{"embeddable":true,"href":"https:\/\/urbeamea.ro\/albaiulia\/wp-json\/wp\/v2\/comments?post=91635"}],"version-history":[{"count":1,"href":"https:\/\/urbeamea.ro\/albaiulia\/wp-json\/wp\/v2\/posts\/91635\/revisions"}],"predecessor-version":[{"id":91637,"href":"https:\/\/urbeamea.ro\/albaiulia\/wp-json\/wp\/v2\/posts\/91635\/revisions\/91637"}],"wp:featuredmedia":[{"embeddable":true,"href":"https:\/\/urbeamea.ro\/albaiulia\/wp-json\/wp\/v2\/media\/91636"}],"wp:attachment":[{"href":"https:\/\/urbeamea.ro\/albaiulia\/wp-json\/wp\/v2\/media?parent=91635"}],"wp:term":[{"taxonomy":"category","embeddable":true,"href":"https:\/\/urbeamea.ro\/albaiulia\/wp-json\/wp\/v2\/categories?post=91635"},{"taxonomy":"post_tag","embeddable":true,"href":"https:\/\/urbeamea.ro\/albaiulia\/wp-json\/wp\/v2\/tags?post=91635"}],"curies":[{"name":"wp","href":"https:\/\/api.w.org\/{rel}","templated":true}]}}