{"id":91638,"date":"2020-08-03T12:39:35","date_gmt":"2020-08-03T09:39:35","guid":{"rendered":"https:\/\/urbeamea.ro\/albaiulia\/?p=91638"},"modified":"2020-08-03T12:39:38","modified_gmt":"2020-08-03T09:39:38","slug":"o-fotografie-din-15-decembrie-1918-delegatia-consiliului-dirigent-al-transilvaniei-la-bucuresti","status":"publish","type":"post","link":"https:\/\/urbeamea.ro\/albaiulia\/o-fotografie-din-15-decembrie-1918-delegatia-consiliului-dirigent-al-transilvaniei-la-bucuresti\/","title":{"rendered":"O fotografie din 15 decembrie 1918 \u2013 delega\u021bia Consiliului Dirigent al Transilvaniei la Bucure\u0219ti"},"content":{"rendered":"\n<h4 class=\"wp-block-heading\">Mar\u021bi, 4 august 2020, ora 11:00, la Muzeul Na\u021bional al Unirii Alba Iulia va fi vernisat exponatul lunii august:&nbsp;<em>O fotografie din 15 decembrie 1918 \u2013 delega\u021bia Consiliului Dirigent al Transilvaniei la Bucure\u0219ti<\/em>.<\/h4>\n\n\n\n<p><em>Exponatul lunii august 2020<\/em>&nbsp;prezint\u0103 o fotografie a delega\u021biei ardelene care a dus actul Unirii la Bucure\u0219ti, \u00eenm\u00e2n\u00e2ndu-l regelui Ferdinand, la 14 decembrie 1918. \u00cen zilele respective, delega\u021bia a participat \u00eens\u0103 la numeroase alte evenimente festive \u0219i recep\u021bii oficiale. Din 15 decembrie dateaz\u0103 fotografia de fa\u021b\u0103, ce \u00eei \u00eenf\u0103\u021bi\u0219eaz\u0103 pe membrii delega\u021biei extinse al\u0103turi de generalul Constantin Prezan \u0219i ofi\u021beri \u0219i solda\u021bi din Batalionul 2 Alba Iulia.<\/p>\n\n\n\n<p>Prezen\u021ba delega\u021biei ardelene era semnalat\u0103 prompt \u00een ziarul&nbsp;<em>Universul<\/em>: &#8222;Capitala Rom\u00e2niei g\u0103zduie\u0219te ast\u0103zi pe solii Ardealului, veni\u021bi s\u0103 ne spue c\u0103 la Alba Iulia s-au rupt, pentru vecie, c\u0103tu\u0219ele seculare, cari ferecau neamul rom\u00e2nesc de dincolo de Carpa\u021bi. Ei aduc patriei mame \u00eembr\u0103\u021bi\u0219\u0103rile calde ale fiilor s\u0103i \u00eenstr\u0103ina\u021bi mult\u0103 vreme. Duioas\u0103 \u00eembr\u0103\u021bi\u0219are, m\u0103rea\u021b\u0103 epopee. E momentul cel mai sublim din via\u021ba noastr\u0103&#8221;.<\/p>\n\n\n\n<p>Evenimentul&nbsp;este organizat de Consiliul Jude\u021bean Alba \u0219i Muzeul Na\u021bional al Unirii Alba Iulia.<\/p>\n","protected":false},"excerpt":{"rendered":"<p>Mar\u021bi, 4 august 2020, ora 11:00, la Muzeul Na\u021bional al Unirii Alba Iulia va fi vernisat exponatul lunii august:&nbsp;O fotografie din 15 decembrie 1918 \u2013 delega\u021bia Consiliului Dirigent al Transilvaniei la Bucure\u0219ti. Exponatul lunii august 2020&nbsp;prezint\u0103 o fotografie a delega\u021biei ardelene care a dus actul Unirii la Bucure\u0219ti, \u00eenm\u00e2n\u00e2ndu-l regelui Ferdinand, la 14 decembrie 1918. &hellip;<\/p>\n","protected":false},"author":5,"featured_media":91639,"comment_status":"open","ping_status":"open","sticky":false,"template":"","format":"standard","meta":{"inline_featured_image":false,"footnotes":""},"categories":[4],"tags":[],"class_list":["post-91638","post","type-post","status-publish","format-standard","has-post-thumbnail","hentry","category-eveniment"],"yoast_head":"<!-- This site is optimized with the Yoast SEO plugin v27.4 - https:\/\/yoast.com\/product\/yoast-seo-wordpress\/ -->\n<title>O fotografie din 15 decembrie 1918 \u2013 delega\u021bia Consiliului Dirigent al Transilvaniei la Bucure\u0219ti - Revista Urbea Mea - Revista de Alba<\/title>\n<meta name=\"description\" content=\"Mar\u021bi, 4 august 2020, ora 11:00, la Muzeul Na\u021bional al Unirii Alba Iulia va fi vernisat exponatul lunii august:&nbsp;O fotografie din 15 decembrie 1918 \u2013\" \/>\n<meta name=\"robots\" content=\"index, follow, max-snippet:-1, max-image-preview:large, max-video-preview:-1\" \/>\n<link rel=\"canonical\" href=\"https:\/\/urbeamea.ro\/albaiulia\/o-fotografie-din-15-decembrie-1918-delegatia-consiliului-dirigent-al-transilvaniei-la-bucuresti\/\" \/>\n<meta name=\"twitter:card\" content=\"summary_large_image\" \/>\n<meta name=\"twitter:title\" content=\"O fotografie din 15 decembrie 1918 \u2013 delega\u021bia Consiliului Dirigent al Transilvaniei la Bucure\u0219ti - Revista Urbea Mea - Revista de Alba\" \/>\n<meta name=\"twitter:description\" content=\"Mar\u021bi, 4 august 2020, ora 11:00, la Muzeul Na\u021bional al Unirii Alba Iulia va fi vernisat exponatul lunii august:&nbsp;O fotografie din 15 decembrie 1918 \u2013\" \/>\n<meta name=\"twitter:image\" content=\"https:\/\/urbeamea.ro\/albaiulia\/wp-content\/uploads\/2020\/08\/foto.jpg\" \/>\n<meta name=\"twitter:creator\" content=\"@urbeameaweb\" \/>\n<meta name=\"twitter:site\" content=\"@urbeameaweb\" \/>\n<script type=\"application\/ld+json\" class=\"yoast-schema-graph\">{\"@context\":\"https:\\\/\\\/schema.org\",\"@graph\":[{\"@type\":\"Article\",\"@id\":\"https:\\\/\\\/urbeamea.ro\\\/albaiulia\\\/o-fotografie-din-15-decembrie-1918-delegatia-consiliului-dirigent-al-transilvaniei-la-bucuresti\\\/#article\",\"isPartOf\":{\"@id\":\"https:\\\/\\\/urbeamea.ro\\\/albaiulia\\\/o-fotografie-din-15-decembrie-1918-delegatia-consiliului-dirigent-al-transilvaniei-la-bucuresti\\\/\"},\"author\":{\"name\":\"Bogdan P\u0103unescu\",\"@id\":\"https:\\\/\\\/urbeamea.ro\\\/albaiulia\\\/#\\\/schema\\\/person\\\/a115373ce8153754c6b084232d985956\"},\"headline\":\"O fotografie din 15 decembrie 1918 \u2013 delega\u021bia Consiliului Dirigent al Transilvaniei la Bucure\u0219ti\",\"datePublished\":\"2020-08-03T09:39:35+00:00\",\"dateModified\":\"2020-08-03T09:39:38+00:00\",\"mainEntityOfPage\":{\"@id\":\"https:\\\/\\\/urbeamea.ro\\\/albaiulia\\\/o-fotografie-din-15-decembrie-1918-delegatia-consiliului-dirigent-al-transilvaniei-la-bucuresti\\\/\"},\"wordCount\":220,\"commentCount\":0,\"image\":{\"@id\":\"https:\\\/\\\/urbeamea.ro\\\/albaiulia\\\/o-fotografie-din-15-decembrie-1918-delegatia-consiliului-dirigent-al-transilvaniei-la-bucuresti\\\/#primaryimage\"},\"thumbnailUrl\":\"https:\\\/\\\/urbeamea.ro\\\/albaiulia\\\/wp-content\\\/uploads\\\/2020\\\/08\\\/foto.jpg\",\"articleSection\":[\"Evenimente\"],\"inLanguage\":\"ro-RO\",\"potentialAction\":[{\"@type\":\"CommentAction\",\"name\":\"Comment\",\"target\":[\"https:\\\/\\\/urbeamea.ro\\\/albaiulia\\\/o-fotografie-din-15-decembrie-1918-delegatia-consiliului-dirigent-al-transilvaniei-la-bucuresti\\\/#respond\"]}]},{\"@type\":\"WebPage\",\"@id\":\"https:\\\/\\\/urbeamea.ro\\\/albaiulia\\\/o-fotografie-din-15-decembrie-1918-delegatia-consiliului-dirigent-al-transilvaniei-la-bucuresti\\\/\",\"url\":\"https:\\\/\\\/urbeamea.ro\\\/albaiulia\\\/o-fotografie-din-15-decembrie-1918-delegatia-consiliului-dirigent-al-transilvaniei-la-bucuresti\\\/\",\"name\":\"O fotografie din 15 decembrie 1918 \u2013 delega\u021bia Consiliului Dirigent al Transilvaniei la Bucure\u0219ti - Revista Urbea Mea - Revista de Alba\",\"isPartOf\":{\"@id\":\"https:\\\/\\\/urbeamea.ro\\\/albaiulia\\\/#website\"},\"primaryImageOfPage\":{\"@id\":\"https:\\\/\\\/urbeamea.ro\\\/albaiulia\\\/o-fotografie-din-15-decembrie-1918-delegatia-consiliului-dirigent-al-transilvaniei-la-bucuresti\\\/#primaryimage\"},\"image\":{\"@id\":\"https:\\\/\\\/urbeamea.ro\\\/albaiulia\\\/o-fotografie-din-15-decembrie-1918-delegatia-consiliului-dirigent-al-transilvaniei-la-bucuresti\\\/#primaryimage\"},\"thumbnailUrl\":\"https:\\\/\\\/urbeamea.ro\\\/albaiulia\\\/wp-content\\\/uploads\\\/2020\\\/08\\\/foto.jpg\",\"datePublished\":\"2020-08-03T09:39:35+00:00\",\"dateModified\":\"2020-08-03T09:39:38+00:00\",\"author\":{\"@id\":\"https:\\\/\\\/urbeamea.ro\\\/albaiulia\\\/#\\\/schema\\\/person\\\/a115373ce8153754c6b084232d985956\"},\"description\":\"Mar\u021bi, 4 august 2020, ora 11:00, la Muzeul Na\u021bional al Unirii Alba Iulia va fi vernisat exponatul lunii august:&nbsp;O fotografie din 15 decembrie 1918 \u2013\",\"breadcrumb\":{\"@id\":\"https:\\\/\\\/urbeamea.ro\\\/albaiulia\\\/o-fotografie-din-15-decembrie-1918-delegatia-consiliului-dirigent-al-transilvaniei-la-bucuresti\\\/#breadcrumb\"},\"inLanguage\":\"ro-RO\",\"potentialAction\":[{\"@type\":\"ReadAction\",\"target\":[\"https:\\\/\\\/urbeamea.ro\\\/albaiulia\\\/o-fotografie-din-15-decembrie-1918-delegatia-consiliului-dirigent-al-transilvaniei-la-bucuresti\\\/\"]}]},{\"@type\":\"ImageObject\",\"inLanguage\":\"ro-RO\",\"@id\":\"https:\\\/\\\/urbeamea.ro\\\/albaiulia\\\/o-fotografie-din-15-decembrie-1918-delegatia-consiliului-dirigent-al-transilvaniei-la-bucuresti\\\/#primaryimage\",\"url\":\"https:\\\/\\\/urbeamea.ro\\\/albaiulia\\\/wp-content\\\/uploads\\\/2020\\\/08\\\/foto.jpg\",\"contentUrl\":\"https:\\\/\\\/urbeamea.ro\\\/albaiulia\\\/wp-content\\\/uploads\\\/2020\\\/08\\\/foto.jpg\",\"width\":1500,\"height\":1036},{\"@type\":\"BreadcrumbList\",\"@id\":\"https:\\\/\\\/urbeamea.ro\\\/albaiulia\\\/o-fotografie-din-15-decembrie-1918-delegatia-consiliului-dirigent-al-transilvaniei-la-bucuresti\\\/#breadcrumb\",\"itemListElement\":[{\"@type\":\"ListItem\",\"position\":1,\"name\":\"Prima pagin\u0103\",\"item\":\"https:\\\/\\\/urbeamea.ro\\\/albaiulia\\\/\"},{\"@type\":\"ListItem\",\"position\":2,\"name\":\"O fotografie din 15 decembrie 1918 \u2013 delega\u021bia Consiliului Dirigent al Transilvaniei la Bucure\u0219ti\"}]},{\"@type\":\"WebSite\",\"@id\":\"https:\\\/\\\/urbeamea.ro\\\/albaiulia\\\/#website\",\"url\":\"https:\\\/\\\/urbeamea.ro\\\/albaiulia\\\/\",\"name\":\"Revista Urbea Mea, Stiri urbane\",\"description\":\"Evenimente \u0219i \u0219tiri din Alba Iulia, Sebe\u0219, Aiud, Blaj\",\"potentialAction\":[{\"@type\":\"SearchAction\",\"target\":{\"@type\":\"EntryPoint\",\"urlTemplate\":\"https:\\\/\\\/urbeamea.ro\\\/albaiulia\\\/?s={search_term_string}\"},\"query-input\":{\"@type\":\"PropertyValueSpecification\",\"valueRequired\":true,\"valueName\":\"search_term_string\"}}],\"inLanguage\":\"ro-RO\"},{\"@type\":\"Person\",\"@id\":\"https:\\\/\\\/urbeamea.ro\\\/albaiulia\\\/#\\\/schema\\\/person\\\/a115373ce8153754c6b084232d985956\",\"name\":\"Bogdan P\u0103unescu\",\"image\":{\"@type\":\"ImageObject\",\"inLanguage\":\"ro-RO\",\"@id\":\"https:\\\/\\\/secure.gravatar.com\\\/avatar\\\/f72aa881b5a32ea110a53aabc2049429e3ff68fcb09d283722d01fbf330e9dd9?s=96&d=mm&r=g\",\"url\":\"https:\\\/\\\/secure.gravatar.com\\\/avatar\\\/f72aa881b5a32ea110a53aabc2049429e3ff68fcb09d283722d01fbf330e9dd9?s=96&d=mm&r=g\",\"contentUrl\":\"https:\\\/\\\/secure.gravatar.com\\\/avatar\\\/f72aa881b5a32ea110a53aabc2049429e3ff68fcb09d283722d01fbf330e9dd9?s=96&d=mm&r=g\",\"caption\":\"Bogdan P\u0103unescu\"},\"description\":\"\u00cemi place tot ceea ce este legat de web \u015fi ajut la dezvoltarea \u015fi \u00eembun\u0103t\u0103\u0163irea lui prin tot ceea ce fac.\",\"sameAs\":[\"https:\\\/\\\/www.artonmedia.ro\",\"https:\\\/\\\/www.facebook.com\\\/bogdanvpaunescu\"],\"url\":\"https:\\\/\\\/urbeamea.ro\\\/albaiulia\\\/author\\\/bogdan-paunescu\\\/\"}]}<\/script>\n<!-- \/ Yoast SEO plugin. -->","yoast_head_json":{"title":"O fotografie din 15 decembrie 1918 \u2013 delega\u021bia Consiliului Dirigent al Transilvaniei la Bucure\u0219ti - Revista Urbea Mea - Revista de Alba","description":"Mar\u021bi, 4 august 2020, ora 11:00, la Muzeul Na\u021bional al Unirii Alba Iulia va fi vernisat exponatul lunii august:&nbsp;O fotografie din 15 decembrie 1918 \u2013","robots":{"index":"index","follow":"follow","max-snippet":"max-snippet:-1","max-image-preview":"max-image-preview:large","max-video-preview":"max-video-preview:-1"},"canonical":"https:\/\/urbeamea.ro\/albaiulia\/o-fotografie-din-15-decembrie-1918-delegatia-consiliului-dirigent-al-transilvaniei-la-bucuresti\/","twitter_card":"summary_large_image","twitter_title":"O fotografie din 15 decembrie 1918 \u2013 delega\u021bia Consiliului Dirigent al Transilvaniei la Bucure\u0219ti - Revista Urbea Mea - Revista de Alba","twitter_description":"Mar\u021bi, 4 august 2020, ora 11:00, la Muzeul Na\u021bional al Unirii Alba Iulia va fi vernisat exponatul lunii august:&nbsp;O fotografie din 15 decembrie 1918 \u2013","twitter_image":"https:\/\/urbeamea.ro\/albaiulia\/wp-content\/uploads\/2020\/08\/foto.jpg","twitter_creator":"@urbeameaweb","twitter_site":"@urbeameaweb","schema":{"@context":"https:\/\/schema.org","@graph":[{"@type":"Article","@id":"https:\/\/urbeamea.ro\/albaiulia\/o-fotografie-din-15-decembrie-1918-delegatia-consiliului-dirigent-al-transilvaniei-la-bucuresti\/#article","isPartOf":{"@id":"https:\/\/urbeamea.ro\/albaiulia\/o-fotografie-din-15-decembrie-1918-delegatia-consiliului-dirigent-al-transilvaniei-la-bucuresti\/"},"author":{"name":"Bogdan P\u0103unescu","@id":"https:\/\/urbeamea.ro\/albaiulia\/#\/schema\/person\/a115373ce8153754c6b084232d985956"},"headline":"O fotografie din 15 decembrie 1918 \u2013 delega\u021bia Consiliului Dirigent al Transilvaniei la Bucure\u0219ti","datePublished":"2020-08-03T09:39:35+00:00","dateModified":"2020-08-03T09:39:38+00:00","mainEntityOfPage":{"@id":"https:\/\/urbeamea.ro\/albaiulia\/o-fotografie-din-15-decembrie-1918-delegatia-consiliului-dirigent-al-transilvaniei-la-bucuresti\/"},"wordCount":220,"commentCount":0,"image":{"@id":"https:\/\/urbeamea.ro\/albaiulia\/o-fotografie-din-15-decembrie-1918-delegatia-consiliului-dirigent-al-transilvaniei-la-bucuresti\/#primaryimage"},"thumbnailUrl":"https:\/\/urbeamea.ro\/albaiulia\/wp-content\/uploads\/2020\/08\/foto.jpg","articleSection":["Evenimente"],"inLanguage":"ro-RO","potentialAction":[{"@type":"CommentAction","name":"Comment","target":["https:\/\/urbeamea.ro\/albaiulia\/o-fotografie-din-15-decembrie-1918-delegatia-consiliului-dirigent-al-transilvaniei-la-bucuresti\/#respond"]}]},{"@type":"WebPage","@id":"https:\/\/urbeamea.ro\/albaiulia\/o-fotografie-din-15-decembrie-1918-delegatia-consiliului-dirigent-al-transilvaniei-la-bucuresti\/","url":"https:\/\/urbeamea.ro\/albaiulia\/o-fotografie-din-15-decembrie-1918-delegatia-consiliului-dirigent-al-transilvaniei-la-bucuresti\/","name":"O fotografie din 15 decembrie 1918 \u2013 delega\u021bia Consiliului Dirigent al Transilvaniei la Bucure\u0219ti - Revista Urbea Mea - Revista de Alba","isPartOf":{"@id":"https:\/\/urbeamea.ro\/albaiulia\/#website"},"primaryImageOfPage":{"@id":"https:\/\/urbeamea.ro\/albaiulia\/o-fotografie-din-15-decembrie-1918-delegatia-consiliului-dirigent-al-transilvaniei-la-bucuresti\/#primaryimage"},"image":{"@id":"https:\/\/urbeamea.ro\/albaiulia\/o-fotografie-din-15-decembrie-1918-delegatia-consiliului-dirigent-al-transilvaniei-la-bucuresti\/#primaryimage"},"thumbnailUrl":"https:\/\/urbeamea.ro\/albaiulia\/wp-content\/uploads\/2020\/08\/foto.jpg","datePublished":"2020-08-03T09:39:35+00:00","dateModified":"2020-08-03T09:39:38+00:00","author":{"@id":"https:\/\/urbeamea.ro\/albaiulia\/#\/schema\/person\/a115373ce8153754c6b084232d985956"},"description":"Mar\u021bi, 4 august 2020, ora 11:00, la Muzeul Na\u021bional al Unirii Alba Iulia va fi vernisat exponatul lunii august:&nbsp;O fotografie din 15 decembrie 1918 \u2013","breadcrumb":{"@id":"https:\/\/urbeamea.ro\/albaiulia\/o-fotografie-din-15-decembrie-1918-delegatia-consiliului-dirigent-al-transilvaniei-la-bucuresti\/#breadcrumb"},"inLanguage":"ro-RO","potentialAction":[{"@type":"ReadAction","target":["https:\/\/urbeamea.ro\/albaiulia\/o-fotografie-din-15-decembrie-1918-delegatia-consiliului-dirigent-al-transilvaniei-la-bucuresti\/"]}]},{"@type":"ImageObject","inLanguage":"ro-RO","@id":"https:\/\/urbeamea.ro\/albaiulia\/o-fotografie-din-15-decembrie-1918-delegatia-consiliului-dirigent-al-transilvaniei-la-bucuresti\/#primaryimage","url":"https:\/\/urbeamea.ro\/albaiulia\/wp-content\/uploads\/2020\/08\/foto.jpg","contentUrl":"https:\/\/urbeamea.ro\/albaiulia\/wp-content\/uploads\/2020\/08\/foto.jpg","width":1500,"height":1036},{"@type":"BreadcrumbList","@id":"https:\/\/urbeamea.ro\/albaiulia\/o-fotografie-din-15-decembrie-1918-delegatia-consiliului-dirigent-al-transilvaniei-la-bucuresti\/#breadcrumb","itemListElement":[{"@type":"ListItem","position":1,"name":"Prima pagin\u0103","item":"https:\/\/urbeamea.ro\/albaiulia\/"},{"@type":"ListItem","position":2,"name":"O fotografie din 15 decembrie 1918 \u2013 delega\u021bia Consiliului Dirigent al Transilvaniei la Bucure\u0219ti"}]},{"@type":"WebSite","@id":"https:\/\/urbeamea.ro\/albaiulia\/#website","url":"https:\/\/urbeamea.ro\/albaiulia\/","name":"Revista Urbea Mea, Stiri urbane","description":"Evenimente \u0219i \u0219tiri din Alba Iulia, Sebe\u0219, Aiud, Blaj","potentialAction":[{"@type":"SearchAction","target":{"@type":"EntryPoint","urlTemplate":"https:\/\/urbeamea.ro\/albaiulia\/?s={search_term_string}"},"query-input":{"@type":"PropertyValueSpecification","valueRequired":true,"valueName":"search_term_string"}}],"inLanguage":"ro-RO"},{"@type":"Person","@id":"https:\/\/urbeamea.ro\/albaiulia\/#\/schema\/person\/a115373ce8153754c6b084232d985956","name":"Bogdan P\u0103unescu","image":{"@type":"ImageObject","inLanguage":"ro-RO","@id":"https:\/\/secure.gravatar.com\/avatar\/f72aa881b5a32ea110a53aabc2049429e3ff68fcb09d283722d01fbf330e9dd9?s=96&d=mm&r=g","url":"https:\/\/secure.gravatar.com\/avatar\/f72aa881b5a32ea110a53aabc2049429e3ff68fcb09d283722d01fbf330e9dd9?s=96&d=mm&r=g","contentUrl":"https:\/\/secure.gravatar.com\/avatar\/f72aa881b5a32ea110a53aabc2049429e3ff68fcb09d283722d01fbf330e9dd9?s=96&d=mm&r=g","caption":"Bogdan P\u0103unescu"},"description":"\u00cemi place tot ceea ce este legat de web \u015fi ajut la dezvoltarea \u015fi \u00eembun\u0103t\u0103\u0163irea lui prin tot ceea ce fac.","sameAs":["https:\/\/www.artonmedia.ro","https:\/\/www.facebook.com\/bogdanvpaunescu"],"url":"https:\/\/urbeamea.ro\/albaiulia\/author\/bogdan-paunescu\/"}]}},"_links":{"self":[{"href":"https:\/\/urbeamea.ro\/albaiulia\/wp-json\/wp\/v2\/posts\/91638","targetHints":{"allow":["GET"]}}],"collection":[{"href":"https:\/\/urbeamea.ro\/albaiulia\/wp-json\/wp\/v2\/posts"}],"about":[{"href":"https:\/\/urbeamea.ro\/albaiulia\/wp-json\/wp\/v2\/types\/post"}],"author":[{"embeddable":true,"href":"https:\/\/urbeamea.ro\/albaiulia\/wp-json\/wp\/v2\/users\/5"}],"replies":[{"embeddable":true,"href":"https:\/\/urbeamea.ro\/albaiulia\/wp-json\/wp\/v2\/comments?post=91638"}],"version-history":[{"count":1,"href":"https:\/\/urbeamea.ro\/albaiulia\/wp-json\/wp\/v2\/posts\/91638\/revisions"}],"predecessor-version":[{"id":91640,"href":"https:\/\/urbeamea.ro\/albaiulia\/wp-json\/wp\/v2\/posts\/91638\/revisions\/91640"}],"wp:featuredmedia":[{"embeddable":true,"href":"https:\/\/urbeamea.ro\/albaiulia\/wp-json\/wp\/v2\/media\/91639"}],"wp:attachment":[{"href":"https:\/\/urbeamea.ro\/albaiulia\/wp-json\/wp\/v2\/media?parent=91638"}],"wp:term":[{"taxonomy":"category","embeddable":true,"href":"https:\/\/urbeamea.ro\/albaiulia\/wp-json\/wp\/v2\/categories?post=91638"},{"taxonomy":"post_tag","embeddable":true,"href":"https:\/\/urbeamea.ro\/albaiulia\/wp-json\/wp\/v2\/tags?post=91638"}],"curies":[{"name":"wp","href":"https:\/\/api.w.org\/{rel}","templated":true}]}}