{"id":91749,"date":"2020-08-11T16:15:25","date_gmt":"2020-08-11T13:15:25","guid":{"rendered":"https:\/\/urbeamea.ro\/albaiulia\/?p=91749"},"modified":"2020-08-11T16:15:29","modified_gmt":"2020-08-11T13:15:29","slug":"duminica-targ-de-toate-alea-oser-de-brazesti-la-baia-de-aries","status":"publish","type":"post","link":"https:\/\/urbeamea.ro\/albaiulia\/duminica-targ-de-toate-alea-oser-de-brazesti-la-baia-de-aries\/","title":{"rendered":"Duminic\u0103: T\u00c2RG DE TOATE ALEA  &#8211;  Oser de Br\u0103ze\u0219ti, la Baia de Arie\u0219"},"content":{"rendered":"\n<h4 class=\"wp-block-heading\">Duminic\u0103, 16 august, \u00eencep\u00e2nd cu ora 12.00, sunte\u021bi a\u0219tepta\u021bi la un \u201eT\u00e2rg de toate alea\u201d, la \u0218coala din Satul Br\u0103ze\u0219ti, ora\u0219 Baia de Arie\u0219 \u2013 pe Valea Arie\u0219ului jude\u021bul Alba.<\/h4>\n\n\n\n<p>Comunitatea local\u0103 invit\u0103 prieteni, cuno\u0219tin\u021be actuale \u0219i din viitor, invit\u0103 oameni care vor s\u0103 descopere sufletul Apusenilor \u00een oamenii locului, \u00een obiectele pe care \u00eenainta\u0219i de-ai lor le-au f\u0103urit, \u00een ceea ce localnicii actuali f\u0103uresc sau cultiv\u0103.<\/p>\n\n\n\n<p><em>\u201eOpre\u015fte-te! At\u00e2ta tre\u2019 s\u0103 faci, s\u0103 te opre\u015fti. S\u0103 te opre\u015fti \u015fi s\u0103 prive\u015fti iar\u0103 firul de iarb\u0103, s\u0103 vezi floarea s\u0103-i sim\u0163i parfumul, s\u0103 te \u00eenchini la sf\u00e2ntul Soare \u015fi s\u0103-i mul\u0163ume\u015fti c\u0103 \u0163i-a mai dat o nou\u0103 zi. S\u0103 ascul\u0163i fo\u015fnetul frunzelor, ciripitul p\u0103s\u0103rilor \u015fi acolo, acolo, \u00een lini\u015ftea aceea, \u00een lini\u015ftea aceea mult\u0103, acolo s\u0103 te g\u0103se\u015fti tu pe tine din nou. \u015ei vei deveni ce-ai fost c\u00e2ndva iar\u0103.\u201d P\u0103rintele Arsenie Boca<\/em><\/p>\n\n\n\n<p><em>\u201eAducem spre v\u00e2nzare obiecte din \u0219ur\u0103, din pod, din gr\u0103din\u0103, care sunt \u00een plus la noi \u0219i care vor face pl\u0103cere altor Oameni dragi s\u0103 le aib\u0103 \u00een preajma lor \u2013 sau s\u0103 le deguste! Aducem c\u0103ni \u0219i oale, lepedee \u0219i perini, obiecte din lemn de-ale casei \u0219i vesel\u0103, icoane \u0219i rame. \u0218i altele, mai multe. D\u0103m spre v\u00e2nzare roade de-ale p\u0103m\u00e2ntului \u00een forma lor natural\u0103 sau preg\u0103tite \u00een borcane.\u201d, transmit organizatorii.<\/em><\/p>\n\n\n\n<p><em>\u201eIar ca s\u0103 fie ziua \u0219i mai frumoas\u0103, am preg\u0103tit ceva muzic\u0103 de-aici de la noi. \u0218i-am preg\u0103tit \u0219i surprize care, dac\u0103 sunt surprize, v\u0103 l\u0103s\u0103m s\u0103 le descoperi\u021bi singuri. Alea nu se v\u00e2nd, alea se tr\u0103iesc aci, \u00een \u00eembr\u0103\u021bi\u0219are de suflete! Iar dac\u0103 vre\u021bi s\u0103 v\u0103 face\u021bi ziua de duminic\u0103 una c\u00e2t se poate de plin\u0103, Valea Arie\u0219ului v\u0103 ofer\u0103 multe locuri de vizitat, poieni \u0219i izvoare \u0219i cascade de z\u0103bovit. Chiar aici, la ie\u0219ire din Br\u0103ze\u0219ti spre Baia de Arie\u0219, cascada din p\u0103dure v\u0103 ofer\u0103 r\u0103coarea \u0219i dr\u0103g\u0103l\u0103\u0219enia apei de munte \u0219i-un spa\u021biu de picnic \u0219i de plimbare de neuitat!\u201d, mai spun organizatorii.<\/em><\/p>\n","protected":false},"excerpt":{"rendered":"<p>Duminic\u0103, 16 august, \u00eencep\u00e2nd cu ora 12.00, sunte\u021bi a\u0219tepta\u021bi la un \u201eT\u00e2rg de toate alea\u201d, la \u0218coala din Satul Br\u0103ze\u0219ti, ora\u0219 Baia de Arie\u0219 \u2013 pe Valea Arie\u0219ului jude\u021bul Alba. Comunitatea local\u0103 invit\u0103 prieteni, cuno\u0219tin\u021be actuale \u0219i din viitor, invit\u0103 oameni care vor s\u0103 descopere sufletul Apusenilor \u00een oamenii locului, \u00een obiectele pe care \u00eenainta\u0219i &hellip;<\/p>\n","protected":false},"author":17,"featured_media":91750,"comment_status":"open","ping_status":"open","sticky":false,"template":"","format":"standard","meta":{"inline_featured_image":false,"footnotes":""},"categories":[4],"tags":[2717,21343,21344,21342,21341,7567],"class_list":["post-91749","post","type-post","status-publish","format-standard","has-post-thumbnail","hentry","category-eveniment","tag-baia-de-aries","tag-cani-si-oale","tag-lepedee-si-perini","tag-obiecte-din-sura-din-pod-din-gradina","tag-targ-de-toate-alea-oser-de-brazasti","tag-vanzare"],"yoast_head":"<!-- This site is optimized with the Yoast SEO plugin v27.4 - https:\/\/yoast.com\/product\/yoast-seo-wordpress\/ -->\n<title>Duminic\u0103: T\u00c2RG DE TOATE ALEA - Oser de Br\u0103ze\u0219ti, la Baia de Arie\u0219 - Revista Urbea Mea - Revista de Alba<\/title>\n<meta name=\"description\" content=\"Duminic\u0103, 16 august, \u00eencep\u00e2nd cu ora 12.00, sunte\u021bi a\u0219tepta\u021bi la un \u201eT\u00e2rg de toate alea\u201d, la \u0218coala din Satul Br\u0103ze\u0219ti, ora\u0219 Baia de Arie\u0219 \u2013 pe Valea\" \/>\n<meta name=\"robots\" content=\"index, follow, max-snippet:-1, max-image-preview:large, max-video-preview:-1\" \/>\n<link rel=\"canonical\" href=\"https:\/\/urbeamea.ro\/albaiulia\/duminica-targ-de-toate-alea-oser-de-brazesti-la-baia-de-aries\/\" \/>\n<meta name=\"twitter:card\" content=\"summary_large_image\" \/>\n<meta name=\"twitter:title\" content=\"Duminic\u0103: T\u00c2RG DE TOATE ALEA - Oser de Br\u0103ze\u0219ti, la Baia de Arie\u0219 - Revista Urbea Mea - Revista de Alba\" \/>\n<meta name=\"twitter:description\" content=\"Duminic\u0103, 16 august, \u00eencep\u00e2nd cu ora 12.00, sunte\u021bi a\u0219tepta\u021bi la un \u201eT\u00e2rg de toate alea\u201d, la \u0218coala din Satul Br\u0103ze\u0219ti, ora\u0219 Baia de Arie\u0219 \u2013 pe Valea\" \/>\n<meta name=\"twitter:image\" content=\"https:\/\/urbeamea.ro\/albaiulia\/wp-content\/uploads\/2020\/08\/117531712_1446715055518892_7785415656012841212_n.jpg\" \/>\n<meta name=\"twitter:creator\" content=\"@urbeameaweb\" \/>\n<meta name=\"twitter:site\" content=\"@urbeameaweb\" \/>\n<script type=\"application\/ld+json\" class=\"yoast-schema-graph\">{\"@context\":\"https:\\\/\\\/schema.org\",\"@graph\":[{\"@type\":\"Article\",\"@id\":\"https:\\\/\\\/urbeamea.ro\\\/albaiulia\\\/duminica-targ-de-toate-alea-oser-de-brazesti-la-baia-de-aries\\\/#article\",\"isPartOf\":{\"@id\":\"https:\\\/\\\/urbeamea.ro\\\/albaiulia\\\/duminica-targ-de-toate-alea-oser-de-brazesti-la-baia-de-aries\\\/\"},\"author\":{\"name\":\"Cristina Ganga\",\"@id\":\"https:\\\/\\\/urbeamea.ro\\\/albaiulia\\\/#\\\/schema\\\/person\\\/9700d21fae21c4f038b0b56f4506264a\"},\"headline\":\"Duminic\u0103: T\u00c2RG DE TOATE ALEA &#8211; Oser de Br\u0103ze\u0219ti, la Baia de Arie\u0219\",\"datePublished\":\"2020-08-11T13:15:25+00:00\",\"dateModified\":\"2020-08-11T13:15:29+00:00\",\"mainEntityOfPage\":{\"@id\":\"https:\\\/\\\/urbeamea.ro\\\/albaiulia\\\/duminica-targ-de-toate-alea-oser-de-brazesti-la-baia-de-aries\\\/\"},\"wordCount\":398,\"commentCount\":0,\"image\":{\"@id\":\"https:\\\/\\\/urbeamea.ro\\\/albaiulia\\\/duminica-targ-de-toate-alea-oser-de-brazesti-la-baia-de-aries\\\/#primaryimage\"},\"thumbnailUrl\":\"https:\\\/\\\/urbeamea.ro\\\/albaiulia\\\/wp-content\\\/uploads\\\/2020\\\/08\\\/117531712_1446715055518892_7785415656012841212_n.jpg\",\"keywords\":[\"baia de aries\",\"cani si oale\",\"lepedee si perini\",\"obiecte din sura din pod din gradina\",\"targ de toate alea - oser de brazasti\",\"vanzare\"],\"articleSection\":[\"Evenimente\"],\"inLanguage\":\"ro-RO\",\"potentialAction\":[{\"@type\":\"CommentAction\",\"name\":\"Comment\",\"target\":[\"https:\\\/\\\/urbeamea.ro\\\/albaiulia\\\/duminica-targ-de-toate-alea-oser-de-brazesti-la-baia-de-aries\\\/#respond\"]}]},{\"@type\":\"WebPage\",\"@id\":\"https:\\\/\\\/urbeamea.ro\\\/albaiulia\\\/duminica-targ-de-toate-alea-oser-de-brazesti-la-baia-de-aries\\\/\",\"url\":\"https:\\\/\\\/urbeamea.ro\\\/albaiulia\\\/duminica-targ-de-toate-alea-oser-de-brazesti-la-baia-de-aries\\\/\",\"name\":\"Duminic\u0103: T\u00c2RG DE TOATE ALEA - Oser de Br\u0103ze\u0219ti, la Baia de Arie\u0219 - Revista Urbea Mea - Revista de Alba\",\"isPartOf\":{\"@id\":\"https:\\\/\\\/urbeamea.ro\\\/albaiulia\\\/#website\"},\"primaryImageOfPage\":{\"@id\":\"https:\\\/\\\/urbeamea.ro\\\/albaiulia\\\/duminica-targ-de-toate-alea-oser-de-brazesti-la-baia-de-aries\\\/#primaryimage\"},\"image\":{\"@id\":\"https:\\\/\\\/urbeamea.ro\\\/albaiulia\\\/duminica-targ-de-toate-alea-oser-de-brazesti-la-baia-de-aries\\\/#primaryimage\"},\"thumbnailUrl\":\"https:\\\/\\\/urbeamea.ro\\\/albaiulia\\\/wp-content\\\/uploads\\\/2020\\\/08\\\/117531712_1446715055518892_7785415656012841212_n.jpg\",\"datePublished\":\"2020-08-11T13:15:25+00:00\",\"dateModified\":\"2020-08-11T13:15:29+00:00\",\"author\":{\"@id\":\"https:\\\/\\\/urbeamea.ro\\\/albaiulia\\\/#\\\/schema\\\/person\\\/9700d21fae21c4f038b0b56f4506264a\"},\"description\":\"Duminic\u0103, 16 august, \u00eencep\u00e2nd cu ora 12.00, sunte\u021bi a\u0219tepta\u021bi la un \u201eT\u00e2rg de toate alea\u201d, la \u0218coala din Satul Br\u0103ze\u0219ti, ora\u0219 Baia de Arie\u0219 \u2013 pe Valea\",\"breadcrumb\":{\"@id\":\"https:\\\/\\\/urbeamea.ro\\\/albaiulia\\\/duminica-targ-de-toate-alea-oser-de-brazesti-la-baia-de-aries\\\/#breadcrumb\"},\"inLanguage\":\"ro-RO\",\"potentialAction\":[{\"@type\":\"ReadAction\",\"target\":[\"https:\\\/\\\/urbeamea.ro\\\/albaiulia\\\/duminica-targ-de-toate-alea-oser-de-brazesti-la-baia-de-aries\\\/\"]}]},{\"@type\":\"ImageObject\",\"inLanguage\":\"ro-RO\",\"@id\":\"https:\\\/\\\/urbeamea.ro\\\/albaiulia\\\/duminica-targ-de-toate-alea-oser-de-brazesti-la-baia-de-aries\\\/#primaryimage\",\"url\":\"https:\\\/\\\/urbeamea.ro\\\/albaiulia\\\/wp-content\\\/uploads\\\/2020\\\/08\\\/117531712_1446715055518892_7785415656012841212_n.jpg\",\"contentUrl\":\"https:\\\/\\\/urbeamea.ro\\\/albaiulia\\\/wp-content\\\/uploads\\\/2020\\\/08\\\/117531712_1446715055518892_7785415656012841212_n.jpg\",\"width\":960,\"height\":960},{\"@type\":\"BreadcrumbList\",\"@id\":\"https:\\\/\\\/urbeamea.ro\\\/albaiulia\\\/duminica-targ-de-toate-alea-oser-de-brazesti-la-baia-de-aries\\\/#breadcrumb\",\"itemListElement\":[{\"@type\":\"ListItem\",\"position\":1,\"name\":\"Prima pagin\u0103\",\"item\":\"https:\\\/\\\/urbeamea.ro\\\/albaiulia\\\/\"},{\"@type\":\"ListItem\",\"position\":2,\"name\":\"Duminic\u0103: T\u00c2RG DE TOATE ALEA &#8211; Oser de Br\u0103ze\u0219ti, la Baia de Arie\u0219\"}]},{\"@type\":\"WebSite\",\"@id\":\"https:\\\/\\\/urbeamea.ro\\\/albaiulia\\\/#website\",\"url\":\"https:\\\/\\\/urbeamea.ro\\\/albaiulia\\\/\",\"name\":\"Revista Urbea Mea, Stiri urbane\",\"description\":\"Evenimente \u0219i \u0219tiri din Alba Iulia, Sebe\u0219, Aiud, Blaj\",\"potentialAction\":[{\"@type\":\"SearchAction\",\"target\":{\"@type\":\"EntryPoint\",\"urlTemplate\":\"https:\\\/\\\/urbeamea.ro\\\/albaiulia\\\/?s={search_term_string}\"},\"query-input\":{\"@type\":\"PropertyValueSpecification\",\"valueRequired\":true,\"valueName\":\"search_term_string\"}}],\"inLanguage\":\"ro-RO\"},{\"@type\":\"Person\",\"@id\":\"https:\\\/\\\/urbeamea.ro\\\/albaiulia\\\/#\\\/schema\\\/person\\\/9700d21fae21c4f038b0b56f4506264a\",\"name\":\"Cristina Ganga\",\"image\":{\"@type\":\"ImageObject\",\"inLanguage\":\"ro-RO\",\"@id\":\"https:\\\/\\\/secure.gravatar.com\\\/avatar\\\/5a67661041f057b4a8ccaf26f5a8e86e2689372006d01faf3dd9eeb10b654bb4?s=96&d=mm&r=g\",\"url\":\"https:\\\/\\\/secure.gravatar.com\\\/avatar\\\/5a67661041f057b4a8ccaf26f5a8e86e2689372006d01faf3dd9eeb10b654bb4?s=96&d=mm&r=g\",\"contentUrl\":\"https:\\\/\\\/secure.gravatar.com\\\/avatar\\\/5a67661041f057b4a8ccaf26f5a8e86e2689372006d01faf3dd9eeb10b654bb4?s=96&d=mm&r=g\",\"caption\":\"Cristina Ganga\"},\"description\":\"Jurnalist\",\"sameAs\":[\"https:\\\/\\\/www.facebook.com\\\/cristina.nicola.587\"],\"url\":\"https:\\\/\\\/urbeamea.ro\\\/albaiulia\\\/author\\\/cristina-nicola\\\/\"}]}<\/script>\n<!-- \/ Yoast SEO plugin. -->","yoast_head_json":{"title":"Duminic\u0103: T\u00c2RG DE TOATE ALEA - Oser de Br\u0103ze\u0219ti, la Baia de Arie\u0219 - Revista Urbea Mea - Revista de Alba","description":"Duminic\u0103, 16 august, \u00eencep\u00e2nd cu ora 12.00, sunte\u021bi a\u0219tepta\u021bi la un \u201eT\u00e2rg de toate alea\u201d, la \u0218coala din Satul Br\u0103ze\u0219ti, ora\u0219 Baia de Arie\u0219 \u2013 pe Valea","robots":{"index":"index","follow":"follow","max-snippet":"max-snippet:-1","max-image-preview":"max-image-preview:large","max-video-preview":"max-video-preview:-1"},"canonical":"https:\/\/urbeamea.ro\/albaiulia\/duminica-targ-de-toate-alea-oser-de-brazesti-la-baia-de-aries\/","twitter_card":"summary_large_image","twitter_title":"Duminic\u0103: T\u00c2RG DE TOATE ALEA - Oser de Br\u0103ze\u0219ti, la Baia de Arie\u0219 - Revista Urbea Mea - Revista de Alba","twitter_description":"Duminic\u0103, 16 august, \u00eencep\u00e2nd cu ora 12.00, sunte\u021bi a\u0219tepta\u021bi la un \u201eT\u00e2rg de toate alea\u201d, la \u0218coala din Satul Br\u0103ze\u0219ti, ora\u0219 Baia de Arie\u0219 \u2013 pe Valea","twitter_image":"https:\/\/urbeamea.ro\/albaiulia\/wp-content\/uploads\/2020\/08\/117531712_1446715055518892_7785415656012841212_n.jpg","twitter_creator":"@urbeameaweb","twitter_site":"@urbeameaweb","schema":{"@context":"https:\/\/schema.org","@graph":[{"@type":"Article","@id":"https:\/\/urbeamea.ro\/albaiulia\/duminica-targ-de-toate-alea-oser-de-brazesti-la-baia-de-aries\/#article","isPartOf":{"@id":"https:\/\/urbeamea.ro\/albaiulia\/duminica-targ-de-toate-alea-oser-de-brazesti-la-baia-de-aries\/"},"author":{"name":"Cristina Ganga","@id":"https:\/\/urbeamea.ro\/albaiulia\/#\/schema\/person\/9700d21fae21c4f038b0b56f4506264a"},"headline":"Duminic\u0103: T\u00c2RG DE TOATE ALEA &#8211; Oser de Br\u0103ze\u0219ti, la Baia de Arie\u0219","datePublished":"2020-08-11T13:15:25+00:00","dateModified":"2020-08-11T13:15:29+00:00","mainEntityOfPage":{"@id":"https:\/\/urbeamea.ro\/albaiulia\/duminica-targ-de-toate-alea-oser-de-brazesti-la-baia-de-aries\/"},"wordCount":398,"commentCount":0,"image":{"@id":"https:\/\/urbeamea.ro\/albaiulia\/duminica-targ-de-toate-alea-oser-de-brazesti-la-baia-de-aries\/#primaryimage"},"thumbnailUrl":"https:\/\/urbeamea.ro\/albaiulia\/wp-content\/uploads\/2020\/08\/117531712_1446715055518892_7785415656012841212_n.jpg","keywords":["baia de aries","cani si oale","lepedee si perini","obiecte din sura din pod din gradina","targ de toate alea - oser de brazasti","vanzare"],"articleSection":["Evenimente"],"inLanguage":"ro-RO","potentialAction":[{"@type":"CommentAction","name":"Comment","target":["https:\/\/urbeamea.ro\/albaiulia\/duminica-targ-de-toate-alea-oser-de-brazesti-la-baia-de-aries\/#respond"]}]},{"@type":"WebPage","@id":"https:\/\/urbeamea.ro\/albaiulia\/duminica-targ-de-toate-alea-oser-de-brazesti-la-baia-de-aries\/","url":"https:\/\/urbeamea.ro\/albaiulia\/duminica-targ-de-toate-alea-oser-de-brazesti-la-baia-de-aries\/","name":"Duminic\u0103: T\u00c2RG DE TOATE ALEA - Oser de Br\u0103ze\u0219ti, la Baia de Arie\u0219 - Revista Urbea Mea - Revista de Alba","isPartOf":{"@id":"https:\/\/urbeamea.ro\/albaiulia\/#website"},"primaryImageOfPage":{"@id":"https:\/\/urbeamea.ro\/albaiulia\/duminica-targ-de-toate-alea-oser-de-brazesti-la-baia-de-aries\/#primaryimage"},"image":{"@id":"https:\/\/urbeamea.ro\/albaiulia\/duminica-targ-de-toate-alea-oser-de-brazesti-la-baia-de-aries\/#primaryimage"},"thumbnailUrl":"https:\/\/urbeamea.ro\/albaiulia\/wp-content\/uploads\/2020\/08\/117531712_1446715055518892_7785415656012841212_n.jpg","datePublished":"2020-08-11T13:15:25+00:00","dateModified":"2020-08-11T13:15:29+00:00","author":{"@id":"https:\/\/urbeamea.ro\/albaiulia\/#\/schema\/person\/9700d21fae21c4f038b0b56f4506264a"},"description":"Duminic\u0103, 16 august, \u00eencep\u00e2nd cu ora 12.00, sunte\u021bi a\u0219tepta\u021bi la un \u201eT\u00e2rg de toate alea\u201d, la \u0218coala din Satul Br\u0103ze\u0219ti, ora\u0219 Baia de Arie\u0219 \u2013 pe Valea","breadcrumb":{"@id":"https:\/\/urbeamea.ro\/albaiulia\/duminica-targ-de-toate-alea-oser-de-brazesti-la-baia-de-aries\/#breadcrumb"},"inLanguage":"ro-RO","potentialAction":[{"@type":"ReadAction","target":["https:\/\/urbeamea.ro\/albaiulia\/duminica-targ-de-toate-alea-oser-de-brazesti-la-baia-de-aries\/"]}]},{"@type":"ImageObject","inLanguage":"ro-RO","@id":"https:\/\/urbeamea.ro\/albaiulia\/duminica-targ-de-toate-alea-oser-de-brazesti-la-baia-de-aries\/#primaryimage","url":"https:\/\/urbeamea.ro\/albaiulia\/wp-content\/uploads\/2020\/08\/117531712_1446715055518892_7785415656012841212_n.jpg","contentUrl":"https:\/\/urbeamea.ro\/albaiulia\/wp-content\/uploads\/2020\/08\/117531712_1446715055518892_7785415656012841212_n.jpg","width":960,"height":960},{"@type":"BreadcrumbList","@id":"https:\/\/urbeamea.ro\/albaiulia\/duminica-targ-de-toate-alea-oser-de-brazesti-la-baia-de-aries\/#breadcrumb","itemListElement":[{"@type":"ListItem","position":1,"name":"Prima pagin\u0103","item":"https:\/\/urbeamea.ro\/albaiulia\/"},{"@type":"ListItem","position":2,"name":"Duminic\u0103: T\u00c2RG DE TOATE ALEA &#8211; Oser de Br\u0103ze\u0219ti, la Baia de Arie\u0219"}]},{"@type":"WebSite","@id":"https:\/\/urbeamea.ro\/albaiulia\/#website","url":"https:\/\/urbeamea.ro\/albaiulia\/","name":"Revista Urbea Mea, Stiri urbane","description":"Evenimente \u0219i \u0219tiri din Alba Iulia, Sebe\u0219, Aiud, Blaj","potentialAction":[{"@type":"SearchAction","target":{"@type":"EntryPoint","urlTemplate":"https:\/\/urbeamea.ro\/albaiulia\/?s={search_term_string}"},"query-input":{"@type":"PropertyValueSpecification","valueRequired":true,"valueName":"search_term_string"}}],"inLanguage":"ro-RO"},{"@type":"Person","@id":"https:\/\/urbeamea.ro\/albaiulia\/#\/schema\/person\/9700d21fae21c4f038b0b56f4506264a","name":"Cristina Ganga","image":{"@type":"ImageObject","inLanguage":"ro-RO","@id":"https:\/\/secure.gravatar.com\/avatar\/5a67661041f057b4a8ccaf26f5a8e86e2689372006d01faf3dd9eeb10b654bb4?s=96&d=mm&r=g","url":"https:\/\/secure.gravatar.com\/avatar\/5a67661041f057b4a8ccaf26f5a8e86e2689372006d01faf3dd9eeb10b654bb4?s=96&d=mm&r=g","contentUrl":"https:\/\/secure.gravatar.com\/avatar\/5a67661041f057b4a8ccaf26f5a8e86e2689372006d01faf3dd9eeb10b654bb4?s=96&d=mm&r=g","caption":"Cristina Ganga"},"description":"Jurnalist","sameAs":["https:\/\/www.facebook.com\/cristina.nicola.587"],"url":"https:\/\/urbeamea.ro\/albaiulia\/author\/cristina-nicola\/"}]}},"_links":{"self":[{"href":"https:\/\/urbeamea.ro\/albaiulia\/wp-json\/wp\/v2\/posts\/91749","targetHints":{"allow":["GET"]}}],"collection":[{"href":"https:\/\/urbeamea.ro\/albaiulia\/wp-json\/wp\/v2\/posts"}],"about":[{"href":"https:\/\/urbeamea.ro\/albaiulia\/wp-json\/wp\/v2\/types\/post"}],"author":[{"embeddable":true,"href":"https:\/\/urbeamea.ro\/albaiulia\/wp-json\/wp\/v2\/users\/17"}],"replies":[{"embeddable":true,"href":"https:\/\/urbeamea.ro\/albaiulia\/wp-json\/wp\/v2\/comments?post=91749"}],"version-history":[{"count":1,"href":"https:\/\/urbeamea.ro\/albaiulia\/wp-json\/wp\/v2\/posts\/91749\/revisions"}],"predecessor-version":[{"id":91751,"href":"https:\/\/urbeamea.ro\/albaiulia\/wp-json\/wp\/v2\/posts\/91749\/revisions\/91751"}],"wp:featuredmedia":[{"embeddable":true,"href":"https:\/\/urbeamea.ro\/albaiulia\/wp-json\/wp\/v2\/media\/91750"}],"wp:attachment":[{"href":"https:\/\/urbeamea.ro\/albaiulia\/wp-json\/wp\/v2\/media?parent=91749"}],"wp:term":[{"taxonomy":"category","embeddable":true,"href":"https:\/\/urbeamea.ro\/albaiulia\/wp-json\/wp\/v2\/categories?post=91749"},{"taxonomy":"post_tag","embeddable":true,"href":"https:\/\/urbeamea.ro\/albaiulia\/wp-json\/wp\/v2\/tags?post=91749"}],"curies":[{"name":"wp","href":"https:\/\/api.w.org\/{rel}","templated":true}]}}