{"id":91752,"date":"2020-08-12T15:51:10","date_gmt":"2020-08-12T12:51:10","guid":{"rendered":"https:\/\/urbeamea.ro\/albaiulia\/?p=91752"},"modified":"2020-08-12T15:51:13","modified_gmt":"2020-08-12T12:51:13","slug":"joi-lucrari-de-dezinsectie-si-deratizare-pe-raza-domeniului-public-al-municipiului-sebes","status":"publish","type":"post","link":"https:\/\/urbeamea.ro\/albaiulia\/joi-lucrari-de-dezinsectie-si-deratizare-pe-raza-domeniului-public-al-municipiului-sebes\/","title":{"rendered":"JOI: Lucr\u0103ri de dezinsec\u021bie \u0219i deratizare pe raza domeniului public al Municipiului Sebe\u0219"},"content":{"rendered":"\n<h4 class=\"wp-block-heading\">Prim\u0103ria Municipiului Sebe\u0219 desf\u0103\u0219oar\u0103 joi, 13 august 2020, \u00eencep\u00e2nd cu ora 18:00, prin Serviciul Public Administrarea Patrimoniului Sebe\u0219, lucr\u0103ri de dezinsec\u021bie \u0219i deratizare pe raza domeniului public (spa\u021bii verzi, parcuri).<\/h4>\n\n\n\n<p>Substan\u021bele utilizate sunt avizate de Ministerul S\u0103n\u0103t\u0103\u021bii, iar interven\u021biile se desf\u0103\u0219oar\u0103 astfel \u00eenc\u00e2t echipamentele de pulverizat utilizate s\u0103 nu provoace disconfort cet\u0103\u021benilor.<\/p>\n\n\n\n<p>V\u0103 mul\u021bumim pentru \u00een\u021belegere \u0219i pentru respectarea m\u0103surilor de precau\u021bie.<\/p>\n","protected":false},"excerpt":{"rendered":"<p>Prim\u0103ria Municipiului Sebe\u0219 desf\u0103\u0219oar\u0103 joi, 13 august 2020, \u00eencep\u00e2nd cu ora 18:00, prin Serviciul Public Administrarea Patrimoniului Sebe\u0219, lucr\u0103ri de dezinsec\u021bie \u0219i deratizare pe raza domeniului public (spa\u021bii verzi, parcuri). Substan\u021bele utilizate sunt avizate de Ministerul S\u0103n\u0103t\u0103\u021bii, iar interven\u021biile se desf\u0103\u0219oar\u0103 astfel \u00eenc\u00e2t echipamentele de pulverizat utilizate s\u0103 nu provoace disconfort cet\u0103\u021benilor. V\u0103 mul\u021bumim pentru &hellip;<\/p>\n","protected":false},"author":17,"featured_media":13971,"comment_status":"open","ping_status":"open","sticky":false,"template":"","format":"standard","meta":{"inline_featured_image":false,"footnotes":""},"categories":[2034],"tags":[21037,17300,21038,21039],"class_list":["post-91752","post","type-post","status-publish","format-standard","has-post-thumbnail","hentry","category-social","tag-lucrari-de-dezinsectie-si-deratizare","tag-municipiul-sebes","tag-raza-domeniului-public","tag-spatii-verzi-si-parcuri"],"yoast_head":"<!-- This site is optimized with the Yoast SEO plugin v27.4 - https:\/\/yoast.com\/product\/yoast-seo-wordpress\/ -->\n<title>JOI: Lucr\u0103ri de dezinsec\u021bie \u0219i deratizare pe raza domeniului public al Municipiului Sebe\u0219 - Revista Urbea Mea - Revista de Alba<\/title>\n<meta name=\"description\" content=\"Prim\u0103ria Municipiului Sebe\u0219 desf\u0103\u0219oar\u0103 joi, 13 august 2020, \u00eencep\u00e2nd cu ora 18:00, prin Serviciul Public Administrarea Patrimoniului Sebe\u0219, lucr\u0103ri de\" \/>\n<meta name=\"robots\" content=\"index, follow, max-snippet:-1, max-image-preview:large, max-video-preview:-1\" \/>\n<link rel=\"canonical\" href=\"https:\/\/urbeamea.ro\/albaiulia\/joi-lucrari-de-dezinsectie-si-deratizare-pe-raza-domeniului-public-al-municipiului-sebes\/\" \/>\n<meta name=\"twitter:card\" content=\"summary_large_image\" \/>\n<meta name=\"twitter:title\" content=\"JOI: Lucr\u0103ri de dezinsec\u021bie \u0219i deratizare pe raza domeniului public al Municipiului Sebe\u0219 - Revista Urbea Mea - Revista de Alba\" \/>\n<meta name=\"twitter:description\" content=\"Prim\u0103ria Municipiului Sebe\u0219 desf\u0103\u0219oar\u0103 joi, 13 august 2020, \u00eencep\u00e2nd cu ora 18:00, prin Serviciul Public Administrarea Patrimoniului Sebe\u0219, lucr\u0103ri de\" \/>\n<meta name=\"twitter:image\" content=\"https:\/\/urbeamea.ro\/albaiulia\/wp-content\/uploads\/2015\/12\/dezinsectie1.jpg\" \/>\n<meta name=\"twitter:creator\" content=\"@urbeameaweb\" \/>\n<meta name=\"twitter:site\" content=\"@urbeameaweb\" \/>\n<script type=\"application\/ld+json\" class=\"yoast-schema-graph\">{\"@context\":\"https:\\\/\\\/schema.org\",\"@graph\":[{\"@type\":\"Article\",\"@id\":\"https:\\\/\\\/urbeamea.ro\\\/albaiulia\\\/joi-lucrari-de-dezinsectie-si-deratizare-pe-raza-domeniului-public-al-municipiului-sebes\\\/#article\",\"isPartOf\":{\"@id\":\"https:\\\/\\\/urbeamea.ro\\\/albaiulia\\\/joi-lucrari-de-dezinsectie-si-deratizare-pe-raza-domeniului-public-al-municipiului-sebes\\\/\"},\"author\":{\"name\":\"Cristina Ganga\",\"@id\":\"https:\\\/\\\/urbeamea.ro\\\/albaiulia\\\/#\\\/schema\\\/person\\\/9700d21fae21c4f038b0b56f4506264a\"},\"headline\":\"JOI: Lucr\u0103ri de dezinsec\u021bie \u0219i deratizare pe raza domeniului public al Municipiului Sebe\u0219\",\"datePublished\":\"2020-08-12T12:51:10+00:00\",\"dateModified\":\"2020-08-12T12:51:13+00:00\",\"mainEntityOfPage\":{\"@id\":\"https:\\\/\\\/urbeamea.ro\\\/albaiulia\\\/joi-lucrari-de-dezinsectie-si-deratizare-pe-raza-domeniului-public-al-municipiului-sebes\\\/\"},\"wordCount\":92,\"commentCount\":0,\"image\":{\"@id\":\"https:\\\/\\\/urbeamea.ro\\\/albaiulia\\\/joi-lucrari-de-dezinsectie-si-deratizare-pe-raza-domeniului-public-al-municipiului-sebes\\\/#primaryimage\"},\"thumbnailUrl\":\"https:\\\/\\\/urbeamea.ro\\\/albaiulia\\\/wp-content\\\/uploads\\\/2015\\\/12\\\/dezinsectie1.jpg\",\"keywords\":[\"lucrari de dezinsectie si deratizare\",\"municipiul sebes\",\"raza domeniului public\",\"spatii verzi si parcuri\"],\"articleSection\":[\"Social\"],\"inLanguage\":\"ro-RO\",\"potentialAction\":[{\"@type\":\"CommentAction\",\"name\":\"Comment\",\"target\":[\"https:\\\/\\\/urbeamea.ro\\\/albaiulia\\\/joi-lucrari-de-dezinsectie-si-deratizare-pe-raza-domeniului-public-al-municipiului-sebes\\\/#respond\"]}]},{\"@type\":\"WebPage\",\"@id\":\"https:\\\/\\\/urbeamea.ro\\\/albaiulia\\\/joi-lucrari-de-dezinsectie-si-deratizare-pe-raza-domeniului-public-al-municipiului-sebes\\\/\",\"url\":\"https:\\\/\\\/urbeamea.ro\\\/albaiulia\\\/joi-lucrari-de-dezinsectie-si-deratizare-pe-raza-domeniului-public-al-municipiului-sebes\\\/\",\"name\":\"JOI: Lucr\u0103ri de dezinsec\u021bie \u0219i deratizare pe raza domeniului public al Municipiului Sebe\u0219 - Revista Urbea Mea - Revista de Alba\",\"isPartOf\":{\"@id\":\"https:\\\/\\\/urbeamea.ro\\\/albaiulia\\\/#website\"},\"primaryImageOfPage\":{\"@id\":\"https:\\\/\\\/urbeamea.ro\\\/albaiulia\\\/joi-lucrari-de-dezinsectie-si-deratizare-pe-raza-domeniului-public-al-municipiului-sebes\\\/#primaryimage\"},\"image\":{\"@id\":\"https:\\\/\\\/urbeamea.ro\\\/albaiulia\\\/joi-lucrari-de-dezinsectie-si-deratizare-pe-raza-domeniului-public-al-municipiului-sebes\\\/#primaryimage\"},\"thumbnailUrl\":\"https:\\\/\\\/urbeamea.ro\\\/albaiulia\\\/wp-content\\\/uploads\\\/2015\\\/12\\\/dezinsectie1.jpg\",\"datePublished\":\"2020-08-12T12:51:10+00:00\",\"dateModified\":\"2020-08-12T12:51:13+00:00\",\"author\":{\"@id\":\"https:\\\/\\\/urbeamea.ro\\\/albaiulia\\\/#\\\/schema\\\/person\\\/9700d21fae21c4f038b0b56f4506264a\"},\"description\":\"Prim\u0103ria Municipiului Sebe\u0219 desf\u0103\u0219oar\u0103 joi, 13 august 2020, \u00eencep\u00e2nd cu ora 18:00, prin Serviciul Public Administrarea Patrimoniului Sebe\u0219, lucr\u0103ri de\",\"breadcrumb\":{\"@id\":\"https:\\\/\\\/urbeamea.ro\\\/albaiulia\\\/joi-lucrari-de-dezinsectie-si-deratizare-pe-raza-domeniului-public-al-municipiului-sebes\\\/#breadcrumb\"},\"inLanguage\":\"ro-RO\",\"potentialAction\":[{\"@type\":\"ReadAction\",\"target\":[\"https:\\\/\\\/urbeamea.ro\\\/albaiulia\\\/joi-lucrari-de-dezinsectie-si-deratizare-pe-raza-domeniului-public-al-municipiului-sebes\\\/\"]}]},{\"@type\":\"ImageObject\",\"inLanguage\":\"ro-RO\",\"@id\":\"https:\\\/\\\/urbeamea.ro\\\/albaiulia\\\/joi-lucrari-de-dezinsectie-si-deratizare-pe-raza-domeniului-public-al-municipiului-sebes\\\/#primaryimage\",\"url\":\"https:\\\/\\\/urbeamea.ro\\\/albaiulia\\\/wp-content\\\/uploads\\\/2015\\\/12\\\/dezinsectie1.jpg\",\"contentUrl\":\"https:\\\/\\\/urbeamea.ro\\\/albaiulia\\\/wp-content\\\/uploads\\\/2015\\\/12\\\/dezinsectie1.jpg\",\"width\":800,\"height\":599},{\"@type\":\"BreadcrumbList\",\"@id\":\"https:\\\/\\\/urbeamea.ro\\\/albaiulia\\\/joi-lucrari-de-dezinsectie-si-deratizare-pe-raza-domeniului-public-al-municipiului-sebes\\\/#breadcrumb\",\"itemListElement\":[{\"@type\":\"ListItem\",\"position\":1,\"name\":\"Prima pagin\u0103\",\"item\":\"https:\\\/\\\/urbeamea.ro\\\/albaiulia\\\/\"},{\"@type\":\"ListItem\",\"position\":2,\"name\":\"JOI: Lucr\u0103ri de dezinsec\u021bie \u0219i deratizare pe raza domeniului public al Municipiului Sebe\u0219\"}]},{\"@type\":\"WebSite\",\"@id\":\"https:\\\/\\\/urbeamea.ro\\\/albaiulia\\\/#website\",\"url\":\"https:\\\/\\\/urbeamea.ro\\\/albaiulia\\\/\",\"name\":\"Revista Urbea Mea, Stiri urbane\",\"description\":\"Evenimente \u0219i \u0219tiri din Alba Iulia, Sebe\u0219, Aiud, Blaj\",\"potentialAction\":[{\"@type\":\"SearchAction\",\"target\":{\"@type\":\"EntryPoint\",\"urlTemplate\":\"https:\\\/\\\/urbeamea.ro\\\/albaiulia\\\/?s={search_term_string}\"},\"query-input\":{\"@type\":\"PropertyValueSpecification\",\"valueRequired\":true,\"valueName\":\"search_term_string\"}}],\"inLanguage\":\"ro-RO\"},{\"@type\":\"Person\",\"@id\":\"https:\\\/\\\/urbeamea.ro\\\/albaiulia\\\/#\\\/schema\\\/person\\\/9700d21fae21c4f038b0b56f4506264a\",\"name\":\"Cristina Ganga\",\"image\":{\"@type\":\"ImageObject\",\"inLanguage\":\"ro-RO\",\"@id\":\"https:\\\/\\\/secure.gravatar.com\\\/avatar\\\/5a67661041f057b4a8ccaf26f5a8e86e2689372006d01faf3dd9eeb10b654bb4?s=96&d=mm&r=g\",\"url\":\"https:\\\/\\\/secure.gravatar.com\\\/avatar\\\/5a67661041f057b4a8ccaf26f5a8e86e2689372006d01faf3dd9eeb10b654bb4?s=96&d=mm&r=g\",\"contentUrl\":\"https:\\\/\\\/secure.gravatar.com\\\/avatar\\\/5a67661041f057b4a8ccaf26f5a8e86e2689372006d01faf3dd9eeb10b654bb4?s=96&d=mm&r=g\",\"caption\":\"Cristina Ganga\"},\"description\":\"Jurnalist\",\"sameAs\":[\"https:\\\/\\\/www.facebook.com\\\/cristina.nicola.587\"],\"url\":\"https:\\\/\\\/urbeamea.ro\\\/albaiulia\\\/author\\\/cristina-nicola\\\/\"}]}<\/script>\n<!-- \/ Yoast SEO plugin. -->","yoast_head_json":{"title":"JOI: Lucr\u0103ri de dezinsec\u021bie \u0219i deratizare pe raza domeniului public al Municipiului Sebe\u0219 - Revista Urbea Mea - Revista de Alba","description":"Prim\u0103ria Municipiului Sebe\u0219 desf\u0103\u0219oar\u0103 joi, 13 august 2020, \u00eencep\u00e2nd cu ora 18:00, prin Serviciul Public Administrarea Patrimoniului Sebe\u0219, lucr\u0103ri de","robots":{"index":"index","follow":"follow","max-snippet":"max-snippet:-1","max-image-preview":"max-image-preview:large","max-video-preview":"max-video-preview:-1"},"canonical":"https:\/\/urbeamea.ro\/albaiulia\/joi-lucrari-de-dezinsectie-si-deratizare-pe-raza-domeniului-public-al-municipiului-sebes\/","twitter_card":"summary_large_image","twitter_title":"JOI: Lucr\u0103ri de dezinsec\u021bie \u0219i deratizare pe raza domeniului public al Municipiului Sebe\u0219 - Revista Urbea Mea - Revista de Alba","twitter_description":"Prim\u0103ria Municipiului Sebe\u0219 desf\u0103\u0219oar\u0103 joi, 13 august 2020, \u00eencep\u00e2nd cu ora 18:00, prin Serviciul Public Administrarea Patrimoniului Sebe\u0219, lucr\u0103ri de","twitter_image":"https:\/\/urbeamea.ro\/albaiulia\/wp-content\/uploads\/2015\/12\/dezinsectie1.jpg","twitter_creator":"@urbeameaweb","twitter_site":"@urbeameaweb","schema":{"@context":"https:\/\/schema.org","@graph":[{"@type":"Article","@id":"https:\/\/urbeamea.ro\/albaiulia\/joi-lucrari-de-dezinsectie-si-deratizare-pe-raza-domeniului-public-al-municipiului-sebes\/#article","isPartOf":{"@id":"https:\/\/urbeamea.ro\/albaiulia\/joi-lucrari-de-dezinsectie-si-deratizare-pe-raza-domeniului-public-al-municipiului-sebes\/"},"author":{"name":"Cristina Ganga","@id":"https:\/\/urbeamea.ro\/albaiulia\/#\/schema\/person\/9700d21fae21c4f038b0b56f4506264a"},"headline":"JOI: Lucr\u0103ri de dezinsec\u021bie \u0219i deratizare pe raza domeniului public al Municipiului Sebe\u0219","datePublished":"2020-08-12T12:51:10+00:00","dateModified":"2020-08-12T12:51:13+00:00","mainEntityOfPage":{"@id":"https:\/\/urbeamea.ro\/albaiulia\/joi-lucrari-de-dezinsectie-si-deratizare-pe-raza-domeniului-public-al-municipiului-sebes\/"},"wordCount":92,"commentCount":0,"image":{"@id":"https:\/\/urbeamea.ro\/albaiulia\/joi-lucrari-de-dezinsectie-si-deratizare-pe-raza-domeniului-public-al-municipiului-sebes\/#primaryimage"},"thumbnailUrl":"https:\/\/urbeamea.ro\/albaiulia\/wp-content\/uploads\/2015\/12\/dezinsectie1.jpg","keywords":["lucrari de dezinsectie si deratizare","municipiul sebes","raza domeniului public","spatii verzi si parcuri"],"articleSection":["Social"],"inLanguage":"ro-RO","potentialAction":[{"@type":"CommentAction","name":"Comment","target":["https:\/\/urbeamea.ro\/albaiulia\/joi-lucrari-de-dezinsectie-si-deratizare-pe-raza-domeniului-public-al-municipiului-sebes\/#respond"]}]},{"@type":"WebPage","@id":"https:\/\/urbeamea.ro\/albaiulia\/joi-lucrari-de-dezinsectie-si-deratizare-pe-raza-domeniului-public-al-municipiului-sebes\/","url":"https:\/\/urbeamea.ro\/albaiulia\/joi-lucrari-de-dezinsectie-si-deratizare-pe-raza-domeniului-public-al-municipiului-sebes\/","name":"JOI: Lucr\u0103ri de dezinsec\u021bie \u0219i deratizare pe raza domeniului public al Municipiului Sebe\u0219 - Revista Urbea Mea - Revista de Alba","isPartOf":{"@id":"https:\/\/urbeamea.ro\/albaiulia\/#website"},"primaryImageOfPage":{"@id":"https:\/\/urbeamea.ro\/albaiulia\/joi-lucrari-de-dezinsectie-si-deratizare-pe-raza-domeniului-public-al-municipiului-sebes\/#primaryimage"},"image":{"@id":"https:\/\/urbeamea.ro\/albaiulia\/joi-lucrari-de-dezinsectie-si-deratizare-pe-raza-domeniului-public-al-municipiului-sebes\/#primaryimage"},"thumbnailUrl":"https:\/\/urbeamea.ro\/albaiulia\/wp-content\/uploads\/2015\/12\/dezinsectie1.jpg","datePublished":"2020-08-12T12:51:10+00:00","dateModified":"2020-08-12T12:51:13+00:00","author":{"@id":"https:\/\/urbeamea.ro\/albaiulia\/#\/schema\/person\/9700d21fae21c4f038b0b56f4506264a"},"description":"Prim\u0103ria Municipiului Sebe\u0219 desf\u0103\u0219oar\u0103 joi, 13 august 2020, \u00eencep\u00e2nd cu ora 18:00, prin Serviciul Public Administrarea Patrimoniului Sebe\u0219, lucr\u0103ri de","breadcrumb":{"@id":"https:\/\/urbeamea.ro\/albaiulia\/joi-lucrari-de-dezinsectie-si-deratizare-pe-raza-domeniului-public-al-municipiului-sebes\/#breadcrumb"},"inLanguage":"ro-RO","potentialAction":[{"@type":"ReadAction","target":["https:\/\/urbeamea.ro\/albaiulia\/joi-lucrari-de-dezinsectie-si-deratizare-pe-raza-domeniului-public-al-municipiului-sebes\/"]}]},{"@type":"ImageObject","inLanguage":"ro-RO","@id":"https:\/\/urbeamea.ro\/albaiulia\/joi-lucrari-de-dezinsectie-si-deratizare-pe-raza-domeniului-public-al-municipiului-sebes\/#primaryimage","url":"https:\/\/urbeamea.ro\/albaiulia\/wp-content\/uploads\/2015\/12\/dezinsectie1.jpg","contentUrl":"https:\/\/urbeamea.ro\/albaiulia\/wp-content\/uploads\/2015\/12\/dezinsectie1.jpg","width":800,"height":599},{"@type":"BreadcrumbList","@id":"https:\/\/urbeamea.ro\/albaiulia\/joi-lucrari-de-dezinsectie-si-deratizare-pe-raza-domeniului-public-al-municipiului-sebes\/#breadcrumb","itemListElement":[{"@type":"ListItem","position":1,"name":"Prima pagin\u0103","item":"https:\/\/urbeamea.ro\/albaiulia\/"},{"@type":"ListItem","position":2,"name":"JOI: Lucr\u0103ri de dezinsec\u021bie \u0219i deratizare pe raza domeniului public al Municipiului Sebe\u0219"}]},{"@type":"WebSite","@id":"https:\/\/urbeamea.ro\/albaiulia\/#website","url":"https:\/\/urbeamea.ro\/albaiulia\/","name":"Revista Urbea Mea, Stiri urbane","description":"Evenimente \u0219i \u0219tiri din Alba Iulia, Sebe\u0219, Aiud, Blaj","potentialAction":[{"@type":"SearchAction","target":{"@type":"EntryPoint","urlTemplate":"https:\/\/urbeamea.ro\/albaiulia\/?s={search_term_string}"},"query-input":{"@type":"PropertyValueSpecification","valueRequired":true,"valueName":"search_term_string"}}],"inLanguage":"ro-RO"},{"@type":"Person","@id":"https:\/\/urbeamea.ro\/albaiulia\/#\/schema\/person\/9700d21fae21c4f038b0b56f4506264a","name":"Cristina Ganga","image":{"@type":"ImageObject","inLanguage":"ro-RO","@id":"https:\/\/secure.gravatar.com\/avatar\/5a67661041f057b4a8ccaf26f5a8e86e2689372006d01faf3dd9eeb10b654bb4?s=96&d=mm&r=g","url":"https:\/\/secure.gravatar.com\/avatar\/5a67661041f057b4a8ccaf26f5a8e86e2689372006d01faf3dd9eeb10b654bb4?s=96&d=mm&r=g","contentUrl":"https:\/\/secure.gravatar.com\/avatar\/5a67661041f057b4a8ccaf26f5a8e86e2689372006d01faf3dd9eeb10b654bb4?s=96&d=mm&r=g","caption":"Cristina Ganga"},"description":"Jurnalist","sameAs":["https:\/\/www.facebook.com\/cristina.nicola.587"],"url":"https:\/\/urbeamea.ro\/albaiulia\/author\/cristina-nicola\/"}]}},"_links":{"self":[{"href":"https:\/\/urbeamea.ro\/albaiulia\/wp-json\/wp\/v2\/posts\/91752","targetHints":{"allow":["GET"]}}],"collection":[{"href":"https:\/\/urbeamea.ro\/albaiulia\/wp-json\/wp\/v2\/posts"}],"about":[{"href":"https:\/\/urbeamea.ro\/albaiulia\/wp-json\/wp\/v2\/types\/post"}],"author":[{"embeddable":true,"href":"https:\/\/urbeamea.ro\/albaiulia\/wp-json\/wp\/v2\/users\/17"}],"replies":[{"embeddable":true,"href":"https:\/\/urbeamea.ro\/albaiulia\/wp-json\/wp\/v2\/comments?post=91752"}],"version-history":[{"count":1,"href":"https:\/\/urbeamea.ro\/albaiulia\/wp-json\/wp\/v2\/posts\/91752\/revisions"}],"predecessor-version":[{"id":91753,"href":"https:\/\/urbeamea.ro\/albaiulia\/wp-json\/wp\/v2\/posts\/91752\/revisions\/91753"}],"wp:featuredmedia":[{"embeddable":true,"href":"https:\/\/urbeamea.ro\/albaiulia\/wp-json\/wp\/v2\/media\/13971"}],"wp:attachment":[{"href":"https:\/\/urbeamea.ro\/albaiulia\/wp-json\/wp\/v2\/media?parent=91752"}],"wp:term":[{"taxonomy":"category","embeddable":true,"href":"https:\/\/urbeamea.ro\/albaiulia\/wp-json\/wp\/v2\/categories?post=91752"},{"taxonomy":"post_tag","embeddable":true,"href":"https:\/\/urbeamea.ro\/albaiulia\/wp-json\/wp\/v2\/tags?post=91752"}],"curies":[{"name":"wp","href":"https:\/\/api.w.org\/{rel}","templated":true}]}}