{"id":92187,"date":"2020-08-27T11:43:54","date_gmt":"2020-08-27T08:43:54","guid":{"rendered":"https:\/\/urbeamea.ro\/albaiulia\/?p=92187"},"modified":"2020-08-27T11:43:56","modified_gmt":"2020-08-27T08:43:56","slug":"ziua-limbii-romane-sarbatorita-si-in-acest-an-de-biblioteca-judeteana-lucian-blaga-alba","status":"publish","type":"post","link":"https:\/\/urbeamea.ro\/albaiulia\/ziua-limbii-romane-sarbatorita-si-in-acest-an-de-biblioteca-judeteana-lucian-blaga-alba\/","title":{"rendered":"Ziua Limbii Rom\u00e2ne s\u0103rb\u0103torit\u0103 \u0219i \u00een acest an de Biblioteca Jude\u021bean\u0103 \u201eLucian Blaga\u201d Alba"},"content":{"rendered":"\n<h4 class=\"wp-block-heading\">\u201eZiua Limbii Rom\u00e2ne\u201d se s\u0103rb\u0103tore\u015fte \u00een Rom\u00e2nia, \u00een fiecare an, la data de 31 august, ca urmare a unei ini\u021biative legislative votat\u0103 de Parlamentul Rom\u00e2niei prin Legea nr. 53\/2013. \u201eZiua Limbii Rom\u00e2ne\u201d a fost stabilit\u0103, \u00een mod simbolic, odat\u0103 cu s\u0103rb\u0103toarea similar\u0103 instituit\u0103 \u00een anul 1990 \u00een Republica Moldova.<\/h4>\n\n\n\n<p>Biblioteca Jude\u021bean\u0103 \u201eLucian Blaga\u201d Alba organizeaz\u0103 \u0219i \u00een acest an o serie de activit\u0103\u021bi dedicate s\u0103rb\u0103toririi zilei de 31 august \u2013 Ziua Limbii Rom\u00e2ne.<\/p>\n\n\n\n<p>Activit\u0103\u021bile se vor desf\u0103\u0219ura, \u00een marea lor majoritate pe pagina de facebook a institu\u021biei, iar acolo unde este posibil acestea se vor derula \u00een aer liber, cu respectarea m\u0103surilor legale \u0219i a recomand\u0103rilor f\u0103cute de autorit\u0103\u021bi, pentru prevenirea \u0219i reducerea impactului pandemiei COVID-19.<\/p>\n\n\n\n<p>Programul activit\u0103\u021bilor Bibliotecii Jude\u021bene \u201eLucian Blaga\u201d Alba este urm\u0103torul:<\/p>\n\n\n\n<p>Ora 8:00- <a>pagina de Facebook: Biblioteca Jude\u021bean\u0103 \u201eLucian Blaga\u201d <\/a>&nbsp;&nbsp;&nbsp;&nbsp;&nbsp;&nbsp;&nbsp;&nbsp;<\/p>\n\n\n\n<p>Mesaje institu\u021bionale cu prilejul Zilei Limbii Rom\u00e2ne<\/p>\n\n\n\n<p>Ora 9:00- pagina de Facebook: Biblioteca Jude\u021bean\u0103 \u201eLucian Blaga\u201d&nbsp;&nbsp;&nbsp;&nbsp;&nbsp;&nbsp;&nbsp;&nbsp;&nbsp;<\/p>\n\n\n\n<p>Recomandarea zilei la adul\u021bi: Dic\u021bionarul limbii rom\u00e2ne<\/p>\n\n\n\n<p>Recomandare copii: \u00centoarcerea lui Arpagic de Ana Blandiana<\/p>\n\n\n\n<p>Ora 10:00 \u2013 curtea bibliotecii \u0219i pagina de Facebook: Biblioteca Jude\u021bean\u0103 \u201eLucian Blaga\u201d&nbsp;&nbsp;&nbsp;<\/p>\n\n\n\n<p>Expozi\u021bie de carte (gangul bibliotecii)<\/p>\n\n\n\n<p>Citatul zilei \u2013 Limba rom\u00e2n\u0103 (Grigore Vieru)<\/p>\n\n\n\n<p>Ora 11.00 &#8211; pagina de Facebook: Biblioteca Jude\u021bean\u0103 \u201eLucian Blaga\u201d&nbsp;&nbsp;&nbsp;&nbsp;&nbsp;&nbsp;&nbsp;<\/p>\n\n\n\n<p>\u0218tia\u021bi c\u0103&#8230;.<\/p>\n\n\n\n<p>Epigrama zilei<\/p>\n\n\n\n<p>Ora 12:00 \u2013 Aleea Scriitorilor \u0219i pagina de Facebook: Biblioteca Jude\u021bean\u0103 \u201eLucian Blaga\u201d&nbsp;&nbsp;<\/p>\n\n\n\n<p>Depunere de flori la statuia lui Mihai Eminescu<\/p>\n\n\n\n<p>Memoria cultural\u0103 a locului: Limba noastr\u0103 rom\u00e2neasc\u0103<\/p>\n\n\n\n<p>Ora 13:00 &#8211; pagina de Facebook: Biblioteca Jude\u021bean\u0103 \u201eLucian Blaga\u201d&nbsp;&nbsp;&nbsp;&nbsp;&nbsp;&nbsp;&nbsp;<\/p>\n\n\n\n<p>Anivers\u0103rile zilei<\/p>\n\n\n\n<p>A\u021bi vizionat filmul? Noi v\u0103 propunem cartea!<\/p>\n\n\n\n<p>Ora 14:00 &#8211; pagina de Facebook: Biblioteca Jude\u021bean\u0103 \u201eLucian Blaga\u201d&nbsp;&nbsp;&nbsp;&nbsp;&nbsp;&nbsp;&nbsp;<\/p>\n\n\n\n<p>Poezia zilei \u2013 Limba \u0219i literatura rom\u00e2n\u0103 de Nicolae Alexandru West<\/p>\n\n\n\n<p>Scrie \u0219i vorbe\u0219te corect, rom\u00e2ne\u0219te<\/p>\n\n\n\n<p>Ora 15:00 &#8211; pagina de Facebook: Biblioteca Jude\u021bean\u0103 \u201eLucian Blaga\u201d&nbsp;&nbsp;&nbsp;&nbsp;&nbsp;&nbsp;&nbsp;<\/p>\n\n\n\n<p>Bibliovaliza \u2013 Aleodor \u00cemp\u0103rat (adaptare dup\u0103 Petre Ispirescu), \u00een lectura Liudmilei Cioflic\u0103<\/p>\n","protected":false},"excerpt":{"rendered":"<p>\u201eZiua Limbii Rom\u00e2ne\u201d se s\u0103rb\u0103tore\u015fte \u00een Rom\u00e2nia, \u00een fiecare an, la data de 31 august, ca urmare a unei ini\u021biative legislative votat\u0103 de Parlamentul Rom\u00e2niei prin Legea nr. 53\/2013. \u201eZiua Limbii Rom\u00e2ne\u201d a fost stabilit\u0103, \u00een mod simbolic, odat\u0103 cu s\u0103rb\u0103toarea similar\u0103 instituit\u0103 \u00een anul 1990 \u00een Republica Moldova. Biblioteca Jude\u021bean\u0103 \u201eLucian Blaga\u201d Alba organizeaz\u0103 &hellip;<\/p>\n","protected":false},"author":17,"featured_media":73239,"comment_status":"open","ping_status":"open","sticky":false,"template":"","format":"standard","meta":{"inline_featured_image":false,"footnotes":""},"categories":[2038],"tags":[17081,21505,7205],"class_list":["post-92187","post","type-post","status-publish","format-standard","has-post-thumbnail","hentry","category-cultura","tag-biblioteca-judeteana-lucian-blaga-alba-2","tag-serie-de-activitati","tag-ziua-limbii-romane"],"yoast_head":"<!-- This site is optimized with the Yoast SEO plugin v27.4 - https:\/\/yoast.com\/product\/yoast-seo-wordpress\/ -->\n<title>Ziua Limbii Rom\u00e2ne s\u0103rb\u0103torit\u0103 \u0219i \u00een acest an de Biblioteca Jude\u021bean\u0103 \u201eLucian Blaga\u201d Alba - Revista Urbea Mea - Revista de Alba<\/title>\n<meta name=\"description\" content=\"\u201eZiua Limbii Rom\u00e2ne\u201d se s\u0103rb\u0103tore\u015fte \u00een Rom\u00e2nia, \u00een fiecare an, la data de 31 august, ca urmare a unei ini\u021biative legislative votat\u0103 de Parlamentul\" \/>\n<meta name=\"robots\" content=\"index, follow, max-snippet:-1, max-image-preview:large, max-video-preview:-1\" \/>\n<link rel=\"canonical\" href=\"https:\/\/urbeamea.ro\/albaiulia\/ziua-limbii-romane-sarbatorita-si-in-acest-an-de-biblioteca-judeteana-lucian-blaga-alba\/\" \/>\n<meta name=\"twitter:card\" content=\"summary_large_image\" \/>\n<meta name=\"twitter:title\" content=\"Ziua Limbii Rom\u00e2ne s\u0103rb\u0103torit\u0103 \u0219i \u00een acest an de Biblioteca Jude\u021bean\u0103 \u201eLucian Blaga\u201d Alba - Revista Urbea Mea - Revista de Alba\" \/>\n<meta name=\"twitter:description\" content=\"\u201eZiua Limbii Rom\u00e2ne\u201d se s\u0103rb\u0103tore\u015fte \u00een Rom\u00e2nia, \u00een fiecare an, la data de 31 august, ca urmare a unei ini\u021biative legislative votat\u0103 de Parlamentul\" \/>\n<meta name=\"twitter:image\" content=\"https:\/\/urbeamea.ro\/albaiulia\/wp-content\/uploads\/2019\/03\/Biblioteca-Judeteana-Lucian-Blaga.jpg\" \/>\n<meta name=\"twitter:creator\" content=\"@urbeameaweb\" \/>\n<meta name=\"twitter:site\" content=\"@urbeameaweb\" \/>\n<script type=\"application\/ld+json\" class=\"yoast-schema-graph\">{\"@context\":\"https:\\\/\\\/schema.org\",\"@graph\":[{\"@type\":\"Article\",\"@id\":\"https:\\\/\\\/urbeamea.ro\\\/albaiulia\\\/ziua-limbii-romane-sarbatorita-si-in-acest-an-de-biblioteca-judeteana-lucian-blaga-alba\\\/#article\",\"isPartOf\":{\"@id\":\"https:\\\/\\\/urbeamea.ro\\\/albaiulia\\\/ziua-limbii-romane-sarbatorita-si-in-acest-an-de-biblioteca-judeteana-lucian-blaga-alba\\\/\"},\"author\":{\"name\":\"Cristina Ganga\",\"@id\":\"https:\\\/\\\/urbeamea.ro\\\/albaiulia\\\/#\\\/schema\\\/person\\\/9700d21fae21c4f038b0b56f4506264a\"},\"headline\":\"Ziua Limbii Rom\u00e2ne s\u0103rb\u0103torit\u0103 \u0219i \u00een acest an de Biblioteca Jude\u021bean\u0103 \u201eLucian Blaga\u201d Alba\",\"datePublished\":\"2020-08-27T08:43:54+00:00\",\"dateModified\":\"2020-08-27T08:43:56+00:00\",\"mainEntityOfPage\":{\"@id\":\"https:\\\/\\\/urbeamea.ro\\\/albaiulia\\\/ziua-limbii-romane-sarbatorita-si-in-acest-an-de-biblioteca-judeteana-lucian-blaga-alba\\\/\"},\"wordCount\":400,\"commentCount\":0,\"image\":{\"@id\":\"https:\\\/\\\/urbeamea.ro\\\/albaiulia\\\/ziua-limbii-romane-sarbatorita-si-in-acest-an-de-biblioteca-judeteana-lucian-blaga-alba\\\/#primaryimage\"},\"thumbnailUrl\":\"https:\\\/\\\/urbeamea.ro\\\/albaiulia\\\/wp-content\\\/uploads\\\/2019\\\/03\\\/Biblioteca-Judeteana-Lucian-Blaga.jpg\",\"keywords\":[\"biblioteca judeteana lucian blaga alba\",\"serie de activitati\",\"ziua limbii romane\"],\"articleSection\":[\"Cultur\u0103\"],\"inLanguage\":\"ro-RO\",\"potentialAction\":[{\"@type\":\"CommentAction\",\"name\":\"Comment\",\"target\":[\"https:\\\/\\\/urbeamea.ro\\\/albaiulia\\\/ziua-limbii-romane-sarbatorita-si-in-acest-an-de-biblioteca-judeteana-lucian-blaga-alba\\\/#respond\"]}]},{\"@type\":\"WebPage\",\"@id\":\"https:\\\/\\\/urbeamea.ro\\\/albaiulia\\\/ziua-limbii-romane-sarbatorita-si-in-acest-an-de-biblioteca-judeteana-lucian-blaga-alba\\\/\",\"url\":\"https:\\\/\\\/urbeamea.ro\\\/albaiulia\\\/ziua-limbii-romane-sarbatorita-si-in-acest-an-de-biblioteca-judeteana-lucian-blaga-alba\\\/\",\"name\":\"Ziua Limbii Rom\u00e2ne s\u0103rb\u0103torit\u0103 \u0219i \u00een acest an de Biblioteca Jude\u021bean\u0103 \u201eLucian Blaga\u201d Alba - Revista Urbea Mea - Revista de Alba\",\"isPartOf\":{\"@id\":\"https:\\\/\\\/urbeamea.ro\\\/albaiulia\\\/#website\"},\"primaryImageOfPage\":{\"@id\":\"https:\\\/\\\/urbeamea.ro\\\/albaiulia\\\/ziua-limbii-romane-sarbatorita-si-in-acest-an-de-biblioteca-judeteana-lucian-blaga-alba\\\/#primaryimage\"},\"image\":{\"@id\":\"https:\\\/\\\/urbeamea.ro\\\/albaiulia\\\/ziua-limbii-romane-sarbatorita-si-in-acest-an-de-biblioteca-judeteana-lucian-blaga-alba\\\/#primaryimage\"},\"thumbnailUrl\":\"https:\\\/\\\/urbeamea.ro\\\/albaiulia\\\/wp-content\\\/uploads\\\/2019\\\/03\\\/Biblioteca-Judeteana-Lucian-Blaga.jpg\",\"datePublished\":\"2020-08-27T08:43:54+00:00\",\"dateModified\":\"2020-08-27T08:43:56+00:00\",\"author\":{\"@id\":\"https:\\\/\\\/urbeamea.ro\\\/albaiulia\\\/#\\\/schema\\\/person\\\/9700d21fae21c4f038b0b56f4506264a\"},\"description\":\"\u201eZiua Limbii Rom\u00e2ne\u201d se s\u0103rb\u0103tore\u015fte \u00een Rom\u00e2nia, \u00een fiecare an, la data de 31 august, ca urmare a unei ini\u021biative legislative votat\u0103 de Parlamentul\",\"breadcrumb\":{\"@id\":\"https:\\\/\\\/urbeamea.ro\\\/albaiulia\\\/ziua-limbii-romane-sarbatorita-si-in-acest-an-de-biblioteca-judeteana-lucian-blaga-alba\\\/#breadcrumb\"},\"inLanguage\":\"ro-RO\",\"potentialAction\":[{\"@type\":\"ReadAction\",\"target\":[\"https:\\\/\\\/urbeamea.ro\\\/albaiulia\\\/ziua-limbii-romane-sarbatorita-si-in-acest-an-de-biblioteca-judeteana-lucian-blaga-alba\\\/\"]}]},{\"@type\":\"ImageObject\",\"inLanguage\":\"ro-RO\",\"@id\":\"https:\\\/\\\/urbeamea.ro\\\/albaiulia\\\/ziua-limbii-romane-sarbatorita-si-in-acest-an-de-biblioteca-judeteana-lucian-blaga-alba\\\/#primaryimage\",\"url\":\"https:\\\/\\\/urbeamea.ro\\\/albaiulia\\\/wp-content\\\/uploads\\\/2019\\\/03\\\/Biblioteca-Judeteana-Lucian-Blaga.jpg\",\"contentUrl\":\"https:\\\/\\\/urbeamea.ro\\\/albaiulia\\\/wp-content\\\/uploads\\\/2019\\\/03\\\/Biblioteca-Judeteana-Lucian-Blaga.jpg\",\"width\":500,\"height\":352},{\"@type\":\"BreadcrumbList\",\"@id\":\"https:\\\/\\\/urbeamea.ro\\\/albaiulia\\\/ziua-limbii-romane-sarbatorita-si-in-acest-an-de-biblioteca-judeteana-lucian-blaga-alba\\\/#breadcrumb\",\"itemListElement\":[{\"@type\":\"ListItem\",\"position\":1,\"name\":\"Prima pagin\u0103\",\"item\":\"https:\\\/\\\/urbeamea.ro\\\/albaiulia\\\/\"},{\"@type\":\"ListItem\",\"position\":2,\"name\":\"Ziua Limbii Rom\u00e2ne s\u0103rb\u0103torit\u0103 \u0219i \u00een acest an de Biblioteca Jude\u021bean\u0103 \u201eLucian Blaga\u201d Alba\"}]},{\"@type\":\"WebSite\",\"@id\":\"https:\\\/\\\/urbeamea.ro\\\/albaiulia\\\/#website\",\"url\":\"https:\\\/\\\/urbeamea.ro\\\/albaiulia\\\/\",\"name\":\"Revista Urbea Mea, Stiri urbane\",\"description\":\"Evenimente \u0219i \u0219tiri din Alba Iulia, Sebe\u0219, Aiud, Blaj\",\"potentialAction\":[{\"@type\":\"SearchAction\",\"target\":{\"@type\":\"EntryPoint\",\"urlTemplate\":\"https:\\\/\\\/urbeamea.ro\\\/albaiulia\\\/?s={search_term_string}\"},\"query-input\":{\"@type\":\"PropertyValueSpecification\",\"valueRequired\":true,\"valueName\":\"search_term_string\"}}],\"inLanguage\":\"ro-RO\"},{\"@type\":\"Person\",\"@id\":\"https:\\\/\\\/urbeamea.ro\\\/albaiulia\\\/#\\\/schema\\\/person\\\/9700d21fae21c4f038b0b56f4506264a\",\"name\":\"Cristina Ganga\",\"image\":{\"@type\":\"ImageObject\",\"inLanguage\":\"ro-RO\",\"@id\":\"https:\\\/\\\/secure.gravatar.com\\\/avatar\\\/5a67661041f057b4a8ccaf26f5a8e86e2689372006d01faf3dd9eeb10b654bb4?s=96&d=mm&r=g\",\"url\":\"https:\\\/\\\/secure.gravatar.com\\\/avatar\\\/5a67661041f057b4a8ccaf26f5a8e86e2689372006d01faf3dd9eeb10b654bb4?s=96&d=mm&r=g\",\"contentUrl\":\"https:\\\/\\\/secure.gravatar.com\\\/avatar\\\/5a67661041f057b4a8ccaf26f5a8e86e2689372006d01faf3dd9eeb10b654bb4?s=96&d=mm&r=g\",\"caption\":\"Cristina Ganga\"},\"description\":\"Jurnalist\",\"sameAs\":[\"https:\\\/\\\/www.facebook.com\\\/cristina.nicola.587\"],\"url\":\"https:\\\/\\\/urbeamea.ro\\\/albaiulia\\\/author\\\/cristina-nicola\\\/\"}]}<\/script>\n<!-- \/ Yoast SEO plugin. -->","yoast_head_json":{"title":"Ziua Limbii Rom\u00e2ne s\u0103rb\u0103torit\u0103 \u0219i \u00een acest an de Biblioteca Jude\u021bean\u0103 \u201eLucian Blaga\u201d Alba - Revista Urbea Mea - Revista de Alba","description":"\u201eZiua Limbii Rom\u00e2ne\u201d se s\u0103rb\u0103tore\u015fte \u00een Rom\u00e2nia, \u00een fiecare an, la data de 31 august, ca urmare a unei ini\u021biative legislative votat\u0103 de Parlamentul","robots":{"index":"index","follow":"follow","max-snippet":"max-snippet:-1","max-image-preview":"max-image-preview:large","max-video-preview":"max-video-preview:-1"},"canonical":"https:\/\/urbeamea.ro\/albaiulia\/ziua-limbii-romane-sarbatorita-si-in-acest-an-de-biblioteca-judeteana-lucian-blaga-alba\/","twitter_card":"summary_large_image","twitter_title":"Ziua Limbii Rom\u00e2ne s\u0103rb\u0103torit\u0103 \u0219i \u00een acest an de Biblioteca Jude\u021bean\u0103 \u201eLucian Blaga\u201d Alba - Revista Urbea Mea - Revista de Alba","twitter_description":"\u201eZiua Limbii Rom\u00e2ne\u201d se s\u0103rb\u0103tore\u015fte \u00een Rom\u00e2nia, \u00een fiecare an, la data de 31 august, ca urmare a unei ini\u021biative legislative votat\u0103 de Parlamentul","twitter_image":"https:\/\/urbeamea.ro\/albaiulia\/wp-content\/uploads\/2019\/03\/Biblioteca-Judeteana-Lucian-Blaga.jpg","twitter_creator":"@urbeameaweb","twitter_site":"@urbeameaweb","schema":{"@context":"https:\/\/schema.org","@graph":[{"@type":"Article","@id":"https:\/\/urbeamea.ro\/albaiulia\/ziua-limbii-romane-sarbatorita-si-in-acest-an-de-biblioteca-judeteana-lucian-blaga-alba\/#article","isPartOf":{"@id":"https:\/\/urbeamea.ro\/albaiulia\/ziua-limbii-romane-sarbatorita-si-in-acest-an-de-biblioteca-judeteana-lucian-blaga-alba\/"},"author":{"name":"Cristina Ganga","@id":"https:\/\/urbeamea.ro\/albaiulia\/#\/schema\/person\/9700d21fae21c4f038b0b56f4506264a"},"headline":"Ziua Limbii Rom\u00e2ne s\u0103rb\u0103torit\u0103 \u0219i \u00een acest an de Biblioteca Jude\u021bean\u0103 \u201eLucian Blaga\u201d Alba","datePublished":"2020-08-27T08:43:54+00:00","dateModified":"2020-08-27T08:43:56+00:00","mainEntityOfPage":{"@id":"https:\/\/urbeamea.ro\/albaiulia\/ziua-limbii-romane-sarbatorita-si-in-acest-an-de-biblioteca-judeteana-lucian-blaga-alba\/"},"wordCount":400,"commentCount":0,"image":{"@id":"https:\/\/urbeamea.ro\/albaiulia\/ziua-limbii-romane-sarbatorita-si-in-acest-an-de-biblioteca-judeteana-lucian-blaga-alba\/#primaryimage"},"thumbnailUrl":"https:\/\/urbeamea.ro\/albaiulia\/wp-content\/uploads\/2019\/03\/Biblioteca-Judeteana-Lucian-Blaga.jpg","keywords":["biblioteca judeteana lucian blaga alba","serie de activitati","ziua limbii romane"],"articleSection":["Cultur\u0103"],"inLanguage":"ro-RO","potentialAction":[{"@type":"CommentAction","name":"Comment","target":["https:\/\/urbeamea.ro\/albaiulia\/ziua-limbii-romane-sarbatorita-si-in-acest-an-de-biblioteca-judeteana-lucian-blaga-alba\/#respond"]}]},{"@type":"WebPage","@id":"https:\/\/urbeamea.ro\/albaiulia\/ziua-limbii-romane-sarbatorita-si-in-acest-an-de-biblioteca-judeteana-lucian-blaga-alba\/","url":"https:\/\/urbeamea.ro\/albaiulia\/ziua-limbii-romane-sarbatorita-si-in-acest-an-de-biblioteca-judeteana-lucian-blaga-alba\/","name":"Ziua Limbii Rom\u00e2ne s\u0103rb\u0103torit\u0103 \u0219i \u00een acest an de Biblioteca Jude\u021bean\u0103 \u201eLucian Blaga\u201d Alba - Revista Urbea Mea - Revista de Alba","isPartOf":{"@id":"https:\/\/urbeamea.ro\/albaiulia\/#website"},"primaryImageOfPage":{"@id":"https:\/\/urbeamea.ro\/albaiulia\/ziua-limbii-romane-sarbatorita-si-in-acest-an-de-biblioteca-judeteana-lucian-blaga-alba\/#primaryimage"},"image":{"@id":"https:\/\/urbeamea.ro\/albaiulia\/ziua-limbii-romane-sarbatorita-si-in-acest-an-de-biblioteca-judeteana-lucian-blaga-alba\/#primaryimage"},"thumbnailUrl":"https:\/\/urbeamea.ro\/albaiulia\/wp-content\/uploads\/2019\/03\/Biblioteca-Judeteana-Lucian-Blaga.jpg","datePublished":"2020-08-27T08:43:54+00:00","dateModified":"2020-08-27T08:43:56+00:00","author":{"@id":"https:\/\/urbeamea.ro\/albaiulia\/#\/schema\/person\/9700d21fae21c4f038b0b56f4506264a"},"description":"\u201eZiua Limbii Rom\u00e2ne\u201d se s\u0103rb\u0103tore\u015fte \u00een Rom\u00e2nia, \u00een fiecare an, la data de 31 august, ca urmare a unei ini\u021biative legislative votat\u0103 de Parlamentul","breadcrumb":{"@id":"https:\/\/urbeamea.ro\/albaiulia\/ziua-limbii-romane-sarbatorita-si-in-acest-an-de-biblioteca-judeteana-lucian-blaga-alba\/#breadcrumb"},"inLanguage":"ro-RO","potentialAction":[{"@type":"ReadAction","target":["https:\/\/urbeamea.ro\/albaiulia\/ziua-limbii-romane-sarbatorita-si-in-acest-an-de-biblioteca-judeteana-lucian-blaga-alba\/"]}]},{"@type":"ImageObject","inLanguage":"ro-RO","@id":"https:\/\/urbeamea.ro\/albaiulia\/ziua-limbii-romane-sarbatorita-si-in-acest-an-de-biblioteca-judeteana-lucian-blaga-alba\/#primaryimage","url":"https:\/\/urbeamea.ro\/albaiulia\/wp-content\/uploads\/2019\/03\/Biblioteca-Judeteana-Lucian-Blaga.jpg","contentUrl":"https:\/\/urbeamea.ro\/albaiulia\/wp-content\/uploads\/2019\/03\/Biblioteca-Judeteana-Lucian-Blaga.jpg","width":500,"height":352},{"@type":"BreadcrumbList","@id":"https:\/\/urbeamea.ro\/albaiulia\/ziua-limbii-romane-sarbatorita-si-in-acest-an-de-biblioteca-judeteana-lucian-blaga-alba\/#breadcrumb","itemListElement":[{"@type":"ListItem","position":1,"name":"Prima pagin\u0103","item":"https:\/\/urbeamea.ro\/albaiulia\/"},{"@type":"ListItem","position":2,"name":"Ziua Limbii Rom\u00e2ne s\u0103rb\u0103torit\u0103 \u0219i \u00een acest an de Biblioteca Jude\u021bean\u0103 \u201eLucian Blaga\u201d Alba"}]},{"@type":"WebSite","@id":"https:\/\/urbeamea.ro\/albaiulia\/#website","url":"https:\/\/urbeamea.ro\/albaiulia\/","name":"Revista Urbea Mea, Stiri urbane","description":"Evenimente \u0219i \u0219tiri din Alba Iulia, Sebe\u0219, Aiud, Blaj","potentialAction":[{"@type":"SearchAction","target":{"@type":"EntryPoint","urlTemplate":"https:\/\/urbeamea.ro\/albaiulia\/?s={search_term_string}"},"query-input":{"@type":"PropertyValueSpecification","valueRequired":true,"valueName":"search_term_string"}}],"inLanguage":"ro-RO"},{"@type":"Person","@id":"https:\/\/urbeamea.ro\/albaiulia\/#\/schema\/person\/9700d21fae21c4f038b0b56f4506264a","name":"Cristina Ganga","image":{"@type":"ImageObject","inLanguage":"ro-RO","@id":"https:\/\/secure.gravatar.com\/avatar\/5a67661041f057b4a8ccaf26f5a8e86e2689372006d01faf3dd9eeb10b654bb4?s=96&d=mm&r=g","url":"https:\/\/secure.gravatar.com\/avatar\/5a67661041f057b4a8ccaf26f5a8e86e2689372006d01faf3dd9eeb10b654bb4?s=96&d=mm&r=g","contentUrl":"https:\/\/secure.gravatar.com\/avatar\/5a67661041f057b4a8ccaf26f5a8e86e2689372006d01faf3dd9eeb10b654bb4?s=96&d=mm&r=g","caption":"Cristina Ganga"},"description":"Jurnalist","sameAs":["https:\/\/www.facebook.com\/cristina.nicola.587"],"url":"https:\/\/urbeamea.ro\/albaiulia\/author\/cristina-nicola\/"}]}},"_links":{"self":[{"href":"https:\/\/urbeamea.ro\/albaiulia\/wp-json\/wp\/v2\/posts\/92187","targetHints":{"allow":["GET"]}}],"collection":[{"href":"https:\/\/urbeamea.ro\/albaiulia\/wp-json\/wp\/v2\/posts"}],"about":[{"href":"https:\/\/urbeamea.ro\/albaiulia\/wp-json\/wp\/v2\/types\/post"}],"author":[{"embeddable":true,"href":"https:\/\/urbeamea.ro\/albaiulia\/wp-json\/wp\/v2\/users\/17"}],"replies":[{"embeddable":true,"href":"https:\/\/urbeamea.ro\/albaiulia\/wp-json\/wp\/v2\/comments?post=92187"}],"version-history":[{"count":1,"href":"https:\/\/urbeamea.ro\/albaiulia\/wp-json\/wp\/v2\/posts\/92187\/revisions"}],"predecessor-version":[{"id":92188,"href":"https:\/\/urbeamea.ro\/albaiulia\/wp-json\/wp\/v2\/posts\/92187\/revisions\/92188"}],"wp:featuredmedia":[{"embeddable":true,"href":"https:\/\/urbeamea.ro\/albaiulia\/wp-json\/wp\/v2\/media\/73239"}],"wp:attachment":[{"href":"https:\/\/urbeamea.ro\/albaiulia\/wp-json\/wp\/v2\/media?parent=92187"}],"wp:term":[{"taxonomy":"category","embeddable":true,"href":"https:\/\/urbeamea.ro\/albaiulia\/wp-json\/wp\/v2\/categories?post=92187"},{"taxonomy":"post_tag","embeddable":true,"href":"https:\/\/urbeamea.ro\/albaiulia\/wp-json\/wp\/v2\/tags?post=92187"}],"curies":[{"name":"wp","href":"https:\/\/api.w.org\/{rel}","templated":true}]}}