{"id":92190,"date":"2020-08-30T08:19:19","date_gmt":"2020-08-30T05:19:19","guid":{"rendered":"https:\/\/urbeamea.ro\/albaiulia\/?p=92190"},"modified":"2020-08-30T08:22:14","modified_gmt":"2020-08-30T05:22:14","slug":"uab-pregateste-cea-de-a-doua-sesiune-de-admitere-septembrie-2020","status":"publish","type":"post","link":"https:\/\/urbeamea.ro\/albaiulia\/uab-pregateste-cea-de-a-doua-sesiune-de-admitere-septembrie-2020\/","title":{"rendered":"UAB preg\u0103te\u0219te cea de-a doua sesiune de admitere &#8211; septembrie 2020"},"content":{"rendered":"\n<h4 class=\"wp-block-heading\">Vineri, 28 august 2020, a fost ultima zi \u00een care candida\u021bii admi\u0219i pe locurile cu tax\u0103 \u0219i la \u00eenv\u0103\u021b\u0103m\u00e2ntul la distan\u021b\u0103 \u00een prima sesiune de Admitere la Universitatea \u201e1 Decembrie 1918\u201d din Alba Iulia s-au mai putut prezenta pentru depunerea dosarului \u0219i confirmarea locului ob\u021binut prin concurs.<\/h4>\n\n\n\n<p>La \u00eenceputul lunii septembrie, locurile (subven\u021bionate, cu tax\u0103 \u0219i la \u00eenv\u0103\u021b\u0103m\u00e2ntul la distan\u021b\u0103) r\u0103mase neconfirmate sau neocupate \u00een urma concursului din var\u0103, vor fi redistribuite pentru toate programele de licen\u021b\u0103 \u0219i de masterat \u0219i vor fi disponibile pentru candida\u021bii care doresc s\u0103 se \u00eenscrie \u00een sesiunea de toamn\u0103 a Admiterii 2020, pentru a-\u0219i continua studiile universitare la Alba Iulia. Locurile scoase la concurs vor fi comunicate pe site-ul institu\u021biei (www.uab.ro &#8211; sec\u021biunea admitere.uab.ro), \u00een pres\u0103 \u0219i \u00een paginile de social media ale UAB.<\/p>\n\n\n\n<p>\u00censcrierile din sesiunea de toamn\u0103 a ADMITERII se vor face tot online, pe platforma specializat\u0103 (http:\/\/admitereonline.uab.ro\/), candida\u021bii av\u00e2nd la dispozi\u021bie deopotriv\u0103 metodologia, un ghid practic (http:\/\/admitere.uab.ro\/upload\/95_403_7_07_ghidul_candidatului.pdf) \u0219i un tutorial video, care s\u0103 le faciliteze \u00eenscrierea rapid\u0103, pl\u0103cut\u0103 \u0219i eficient\u0103 la programele de studii dorite. De asemenea, candida\u021bii pot folosi, \u00een continuare, o adres\u0103 de consultan\u021b\u0103 (admitere@uab.ro), la care vor ob\u021bine toate detaliile dorite despre programele universitare, condi\u021biile de admitere, facilit\u0103\u021bi, taxe de studiu, cazarea \u00een c\u0103minele studen\u021be\u0219ti \u0219i altele.<\/p>\n\n\n\n<p>\u00cencep\u00e2nd cu data de 1 septembrie se organizeaz\u0103 \u0219i \u00eenscrierea la cele patru \u0218coli Doctorale din cadrul UAB (Istorie, Filologie, Contabilitate \u0219i Teologie), examenul de admitere av\u00e2nd loc \u00een data de 8 septembrie.<\/p>\n\n\n\n<p>Preciz\u0103m c\u0103 p\u00e2n\u0103 \u00een data de 23 septembrie, to\u021bi studen\u021bii \u00eenmatricula\u021bi (\u00een ambele sesiuni ale Admiterii, dar \u0219i studen\u021bii din anii mai mari) \u00ee\u0219i pot depune online cererile pentru cazarea \u00een c\u0103minele studen\u021be\u0219ti.<\/p>\n\n\n\n<p>Reamintim faptul c\u0103 Universitatea \u201e1 Decembrie 1918\u201d din Alba Iulia a primit calificativul maxim \u201eGRAD DE INCREDERE RIDICAT\u201d, valabil pentru urm\u0103torii 5 ani, din partea ARACIS (Agen\u0163ia Rom\u00e2n\u0103 de Asigurare a Calit\u0103\u0163ii \u00een \u00cenv\u0103\u0163\u0103m\u00e2ntul Superior), ca urmare a evalu\u0103rii institu\u021bionale efectuate \u00een perioada 27-29 februarie 2020.<\/p>\n\n\n\n<p>Sesiunea de toamn\u0103 a Admiterii on-line la UAB va \u00eencepe \u00een data de 7 septembrie \u0219i se va organiza \u00een urm\u0103toarele etape:<\/p>\n\n\n\n<p>7 septembrie &#8211; 18 septembrie &#8211; \u00censcrierea candida\u0163ilor;<br>19 septembrie &#8211; Sus\u0163inerea interviului motiva\u0163ional \/ Proba de competen\u0163\u0103 lingvistic\u0103 (doar la specializ\u0103rile unde este cazul);<br>21 septembrie &#8211; Afi\u015farea rezultatelor admiterii;<br>21 septembrie &#8211; 25 septembrie &#8211; \u00cenmatricularea candida\u0163ilor admi\u015fi pe LOCURI FINAN\u0162ATE DE LA BUGET \u015fi \u00eenmatricularea candida\u0163ilor admi\u015fi pe LOCURI CU TAX\u0102;<br>28 septembrie &#8211; 30 septembrie &#8211; \u00cenmatricularea CANDIDA\u0162ILOR ADMI\u015eI PE LOCURI CU TAX\u0102 (realizat\u0103 la nivel de secretariate ale facult\u0103\u0163ilor, \u00een zilele lucr\u0103toare).<\/p>\n\n\n\n<figure class=\"wp-block-image size-large\"><img loading=\"lazy\" decoding=\"async\" width=\"472\" height=\"787\" src=\"https:\/\/urbeamea.ro\/albaiulia\/wp-content\/uploads\/2020\/08\/uab.jpg\" alt=\"\" class=\"wp-image-92191\" srcset=\"https:\/\/urbeamea.ro\/albaiulia\/wp-content\/uploads\/2020\/08\/uab.jpg 472w, https:\/\/urbeamea.ro\/albaiulia\/wp-content\/uploads\/2020\/08\/uab-384x640.jpg 384w, https:\/\/urbeamea.ro\/albaiulia\/wp-content\/uploads\/2020\/08\/uab-90x150.jpg 90w\" sizes=\"auto, (max-width: 472px) 100vw, 472px\" \/><\/figure>\n","protected":false},"excerpt":{"rendered":"<p>Vineri, 28 august 2020, a fost ultima zi \u00een care candida\u021bii admi\u0219i pe locurile cu tax\u0103 \u0219i la \u00eenv\u0103\u021b\u0103m\u00e2ntul la distan\u021b\u0103 \u00een prima sesiune de Admitere la Universitatea \u201e1 Decembrie 1918\u201d din Alba Iulia s-au mai putut prezenta pentru depunerea dosarului \u0219i confirmarea locului ob\u021binut prin concurs. La \u00eenceputul lunii septembrie, locurile (subven\u021bionate, cu tax\u0103 &hellip;<\/p>\n","protected":false},"author":17,"featured_media":92192,"comment_status":"open","ping_status":"open","sticky":false,"template":"","format":"standard","meta":{"inline_featured_image":false,"footnotes":""},"categories":[2039],"tags":[21507,21508,3679],"class_list":["post-92190","post","type-post","status-publish","format-standard","has-post-thumbnail","hentry","category-educatie","tag-a-doua-sesiune-de-admitere","tag-locuri-scoase-la-concurs","tag-universitatea-1-decembrie-1918-alba-iulia"],"yoast_head":"<!-- This site is optimized with the Yoast SEO plugin v27.4 - https:\/\/yoast.com\/product\/yoast-seo-wordpress\/ -->\n<title>UAB preg\u0103te\u0219te cea de-a doua sesiune de admitere - septembrie 2020 - Revista Urbea Mea - Revista de Alba<\/title>\n<meta name=\"description\" content=\"Vineri, 28 august 2020, a fost ultima zi \u00een care candida\u021bii admi\u0219i pe locurile cu tax\u0103 \u0219i la \u00eenv\u0103\u021b\u0103m\u00e2ntul la distan\u021b\u0103 \u00een prima sesiune de Admitere la\" \/>\n<meta name=\"robots\" content=\"index, follow, max-snippet:-1, max-image-preview:large, max-video-preview:-1\" \/>\n<link rel=\"canonical\" href=\"https:\/\/urbeamea.ro\/albaiulia\/uab-pregateste-cea-de-a-doua-sesiune-de-admitere-septembrie-2020\/\" \/>\n<meta name=\"twitter:card\" content=\"summary_large_image\" \/>\n<meta name=\"twitter:title\" content=\"UAB preg\u0103te\u0219te cea de-a doua sesiune de admitere - septembrie 2020 - Revista Urbea Mea - Revista de Alba\" \/>\n<meta name=\"twitter:description\" content=\"Vineri, 28 august 2020, a fost ultima zi \u00een care candida\u021bii admi\u0219i pe locurile cu tax\u0103 \u0219i la \u00eenv\u0103\u021b\u0103m\u00e2ntul la distan\u021b\u0103 \u00een prima sesiune de Admitere la\" \/>\n<meta name=\"twitter:image\" content=\"https:\/\/urbeamea.ro\/albaiulia\/wp-content\/uploads\/2020\/08\/admitere-UAB-940x788-v2.jpg\" \/>\n<meta name=\"twitter:creator\" content=\"@urbeameaweb\" \/>\n<meta name=\"twitter:site\" content=\"@urbeameaweb\" \/>\n<script type=\"application\/ld+json\" class=\"yoast-schema-graph\">{\"@context\":\"https:\\\/\\\/schema.org\",\"@graph\":[{\"@type\":\"Article\",\"@id\":\"https:\\\/\\\/urbeamea.ro\\\/albaiulia\\\/uab-pregateste-cea-de-a-doua-sesiune-de-admitere-septembrie-2020\\\/#article\",\"isPartOf\":{\"@id\":\"https:\\\/\\\/urbeamea.ro\\\/albaiulia\\\/uab-pregateste-cea-de-a-doua-sesiune-de-admitere-septembrie-2020\\\/\"},\"author\":{\"name\":\"Cristina Ganga\",\"@id\":\"https:\\\/\\\/urbeamea.ro\\\/albaiulia\\\/#\\\/schema\\\/person\\\/9700d21fae21c4f038b0b56f4506264a\"},\"headline\":\"UAB preg\u0103te\u0219te cea de-a doua sesiune de admitere &#8211; septembrie 2020\",\"datePublished\":\"2020-08-30T05:19:19+00:00\",\"dateModified\":\"2020-08-30T05:22:14+00:00\",\"mainEntityOfPage\":{\"@id\":\"https:\\\/\\\/urbeamea.ro\\\/albaiulia\\\/uab-pregateste-cea-de-a-doua-sesiune-de-admitere-septembrie-2020\\\/\"},\"wordCount\":484,\"commentCount\":0,\"image\":{\"@id\":\"https:\\\/\\\/urbeamea.ro\\\/albaiulia\\\/uab-pregateste-cea-de-a-doua-sesiune-de-admitere-septembrie-2020\\\/#primaryimage\"},\"thumbnailUrl\":\"https:\\\/\\\/urbeamea.ro\\\/albaiulia\\\/wp-content\\\/uploads\\\/2020\\\/08\\\/admitere-UAB-940x788-v2.jpg\",\"keywords\":[\"a doua sesiune de admitere\",\"locuri scoase la concurs\",\"Universitatea \u201e1 Decembrie 1918\u201d Alba Iulia\"],\"articleSection\":[\"Educa\u021bie\"],\"inLanguage\":\"ro-RO\",\"potentialAction\":[{\"@type\":\"CommentAction\",\"name\":\"Comment\",\"target\":[\"https:\\\/\\\/urbeamea.ro\\\/albaiulia\\\/uab-pregateste-cea-de-a-doua-sesiune-de-admitere-septembrie-2020\\\/#respond\"]}]},{\"@type\":\"WebPage\",\"@id\":\"https:\\\/\\\/urbeamea.ro\\\/albaiulia\\\/uab-pregateste-cea-de-a-doua-sesiune-de-admitere-septembrie-2020\\\/\",\"url\":\"https:\\\/\\\/urbeamea.ro\\\/albaiulia\\\/uab-pregateste-cea-de-a-doua-sesiune-de-admitere-septembrie-2020\\\/\",\"name\":\"UAB preg\u0103te\u0219te cea de-a doua sesiune de admitere - septembrie 2020 - Revista Urbea Mea - Revista de Alba\",\"isPartOf\":{\"@id\":\"https:\\\/\\\/urbeamea.ro\\\/albaiulia\\\/#website\"},\"primaryImageOfPage\":{\"@id\":\"https:\\\/\\\/urbeamea.ro\\\/albaiulia\\\/uab-pregateste-cea-de-a-doua-sesiune-de-admitere-septembrie-2020\\\/#primaryimage\"},\"image\":{\"@id\":\"https:\\\/\\\/urbeamea.ro\\\/albaiulia\\\/uab-pregateste-cea-de-a-doua-sesiune-de-admitere-septembrie-2020\\\/#primaryimage\"},\"thumbnailUrl\":\"https:\\\/\\\/urbeamea.ro\\\/albaiulia\\\/wp-content\\\/uploads\\\/2020\\\/08\\\/admitere-UAB-940x788-v2.jpg\",\"datePublished\":\"2020-08-30T05:19:19+00:00\",\"dateModified\":\"2020-08-30T05:22:14+00:00\",\"author\":{\"@id\":\"https:\\\/\\\/urbeamea.ro\\\/albaiulia\\\/#\\\/schema\\\/person\\\/9700d21fae21c4f038b0b56f4506264a\"},\"description\":\"Vineri, 28 august 2020, a fost ultima zi \u00een care candida\u021bii admi\u0219i pe locurile cu tax\u0103 \u0219i la \u00eenv\u0103\u021b\u0103m\u00e2ntul la distan\u021b\u0103 \u00een prima sesiune de Admitere la\",\"breadcrumb\":{\"@id\":\"https:\\\/\\\/urbeamea.ro\\\/albaiulia\\\/uab-pregateste-cea-de-a-doua-sesiune-de-admitere-septembrie-2020\\\/#breadcrumb\"},\"inLanguage\":\"ro-RO\",\"potentialAction\":[{\"@type\":\"ReadAction\",\"target\":[\"https:\\\/\\\/urbeamea.ro\\\/albaiulia\\\/uab-pregateste-cea-de-a-doua-sesiune-de-admitere-septembrie-2020\\\/\"]}]},{\"@type\":\"ImageObject\",\"inLanguage\":\"ro-RO\",\"@id\":\"https:\\\/\\\/urbeamea.ro\\\/albaiulia\\\/uab-pregateste-cea-de-a-doua-sesiune-de-admitere-septembrie-2020\\\/#primaryimage\",\"url\":\"https:\\\/\\\/urbeamea.ro\\\/albaiulia\\\/wp-content\\\/uploads\\\/2020\\\/08\\\/admitere-UAB-940x788-v2.jpg\",\"contentUrl\":\"https:\\\/\\\/urbeamea.ro\\\/albaiulia\\\/wp-content\\\/uploads\\\/2020\\\/08\\\/admitere-UAB-940x788-v2.jpg\",\"width\":940,\"height\":788},{\"@type\":\"BreadcrumbList\",\"@id\":\"https:\\\/\\\/urbeamea.ro\\\/albaiulia\\\/uab-pregateste-cea-de-a-doua-sesiune-de-admitere-septembrie-2020\\\/#breadcrumb\",\"itemListElement\":[{\"@type\":\"ListItem\",\"position\":1,\"name\":\"Prima pagin\u0103\",\"item\":\"https:\\\/\\\/urbeamea.ro\\\/albaiulia\\\/\"},{\"@type\":\"ListItem\",\"position\":2,\"name\":\"UAB preg\u0103te\u0219te cea de-a doua sesiune de admitere &#8211; septembrie 2020\"}]},{\"@type\":\"WebSite\",\"@id\":\"https:\\\/\\\/urbeamea.ro\\\/albaiulia\\\/#website\",\"url\":\"https:\\\/\\\/urbeamea.ro\\\/albaiulia\\\/\",\"name\":\"Revista Urbea Mea, Stiri urbane\",\"description\":\"Evenimente \u0219i \u0219tiri din Alba Iulia, Sebe\u0219, Aiud, Blaj\",\"potentialAction\":[{\"@type\":\"SearchAction\",\"target\":{\"@type\":\"EntryPoint\",\"urlTemplate\":\"https:\\\/\\\/urbeamea.ro\\\/albaiulia\\\/?s={search_term_string}\"},\"query-input\":{\"@type\":\"PropertyValueSpecification\",\"valueRequired\":true,\"valueName\":\"search_term_string\"}}],\"inLanguage\":\"ro-RO\"},{\"@type\":\"Person\",\"@id\":\"https:\\\/\\\/urbeamea.ro\\\/albaiulia\\\/#\\\/schema\\\/person\\\/9700d21fae21c4f038b0b56f4506264a\",\"name\":\"Cristina Ganga\",\"image\":{\"@type\":\"ImageObject\",\"inLanguage\":\"ro-RO\",\"@id\":\"https:\\\/\\\/secure.gravatar.com\\\/avatar\\\/5a67661041f057b4a8ccaf26f5a8e86e2689372006d01faf3dd9eeb10b654bb4?s=96&d=mm&r=g\",\"url\":\"https:\\\/\\\/secure.gravatar.com\\\/avatar\\\/5a67661041f057b4a8ccaf26f5a8e86e2689372006d01faf3dd9eeb10b654bb4?s=96&d=mm&r=g\",\"contentUrl\":\"https:\\\/\\\/secure.gravatar.com\\\/avatar\\\/5a67661041f057b4a8ccaf26f5a8e86e2689372006d01faf3dd9eeb10b654bb4?s=96&d=mm&r=g\",\"caption\":\"Cristina Ganga\"},\"description\":\"Jurnalist\",\"sameAs\":[\"https:\\\/\\\/www.facebook.com\\\/cristina.nicola.587\"],\"url\":\"https:\\\/\\\/urbeamea.ro\\\/albaiulia\\\/author\\\/cristina-nicola\\\/\"}]}<\/script>\n<!-- \/ Yoast SEO plugin. -->","yoast_head_json":{"title":"UAB preg\u0103te\u0219te cea de-a doua sesiune de admitere - septembrie 2020 - Revista Urbea Mea - Revista de Alba","description":"Vineri, 28 august 2020, a fost ultima zi \u00een care candida\u021bii admi\u0219i pe locurile cu tax\u0103 \u0219i la \u00eenv\u0103\u021b\u0103m\u00e2ntul la distan\u021b\u0103 \u00een prima sesiune de Admitere la","robots":{"index":"index","follow":"follow","max-snippet":"max-snippet:-1","max-image-preview":"max-image-preview:large","max-video-preview":"max-video-preview:-1"},"canonical":"https:\/\/urbeamea.ro\/albaiulia\/uab-pregateste-cea-de-a-doua-sesiune-de-admitere-septembrie-2020\/","twitter_card":"summary_large_image","twitter_title":"UAB preg\u0103te\u0219te cea de-a doua sesiune de admitere - septembrie 2020 - Revista Urbea Mea - Revista de Alba","twitter_description":"Vineri, 28 august 2020, a fost ultima zi \u00een care candida\u021bii admi\u0219i pe locurile cu tax\u0103 \u0219i la \u00eenv\u0103\u021b\u0103m\u00e2ntul la distan\u021b\u0103 \u00een prima sesiune de Admitere la","twitter_image":"https:\/\/urbeamea.ro\/albaiulia\/wp-content\/uploads\/2020\/08\/admitere-UAB-940x788-v2.jpg","twitter_creator":"@urbeameaweb","twitter_site":"@urbeameaweb","schema":{"@context":"https:\/\/schema.org","@graph":[{"@type":"Article","@id":"https:\/\/urbeamea.ro\/albaiulia\/uab-pregateste-cea-de-a-doua-sesiune-de-admitere-septembrie-2020\/#article","isPartOf":{"@id":"https:\/\/urbeamea.ro\/albaiulia\/uab-pregateste-cea-de-a-doua-sesiune-de-admitere-septembrie-2020\/"},"author":{"name":"Cristina Ganga","@id":"https:\/\/urbeamea.ro\/albaiulia\/#\/schema\/person\/9700d21fae21c4f038b0b56f4506264a"},"headline":"UAB preg\u0103te\u0219te cea de-a doua sesiune de admitere &#8211; septembrie 2020","datePublished":"2020-08-30T05:19:19+00:00","dateModified":"2020-08-30T05:22:14+00:00","mainEntityOfPage":{"@id":"https:\/\/urbeamea.ro\/albaiulia\/uab-pregateste-cea-de-a-doua-sesiune-de-admitere-septembrie-2020\/"},"wordCount":484,"commentCount":0,"image":{"@id":"https:\/\/urbeamea.ro\/albaiulia\/uab-pregateste-cea-de-a-doua-sesiune-de-admitere-septembrie-2020\/#primaryimage"},"thumbnailUrl":"https:\/\/urbeamea.ro\/albaiulia\/wp-content\/uploads\/2020\/08\/admitere-UAB-940x788-v2.jpg","keywords":["a doua sesiune de admitere","locuri scoase la concurs","Universitatea \u201e1 Decembrie 1918\u201d Alba Iulia"],"articleSection":["Educa\u021bie"],"inLanguage":"ro-RO","potentialAction":[{"@type":"CommentAction","name":"Comment","target":["https:\/\/urbeamea.ro\/albaiulia\/uab-pregateste-cea-de-a-doua-sesiune-de-admitere-septembrie-2020\/#respond"]}]},{"@type":"WebPage","@id":"https:\/\/urbeamea.ro\/albaiulia\/uab-pregateste-cea-de-a-doua-sesiune-de-admitere-septembrie-2020\/","url":"https:\/\/urbeamea.ro\/albaiulia\/uab-pregateste-cea-de-a-doua-sesiune-de-admitere-septembrie-2020\/","name":"UAB preg\u0103te\u0219te cea de-a doua sesiune de admitere - septembrie 2020 - Revista Urbea Mea - Revista de Alba","isPartOf":{"@id":"https:\/\/urbeamea.ro\/albaiulia\/#website"},"primaryImageOfPage":{"@id":"https:\/\/urbeamea.ro\/albaiulia\/uab-pregateste-cea-de-a-doua-sesiune-de-admitere-septembrie-2020\/#primaryimage"},"image":{"@id":"https:\/\/urbeamea.ro\/albaiulia\/uab-pregateste-cea-de-a-doua-sesiune-de-admitere-septembrie-2020\/#primaryimage"},"thumbnailUrl":"https:\/\/urbeamea.ro\/albaiulia\/wp-content\/uploads\/2020\/08\/admitere-UAB-940x788-v2.jpg","datePublished":"2020-08-30T05:19:19+00:00","dateModified":"2020-08-30T05:22:14+00:00","author":{"@id":"https:\/\/urbeamea.ro\/albaiulia\/#\/schema\/person\/9700d21fae21c4f038b0b56f4506264a"},"description":"Vineri, 28 august 2020, a fost ultima zi \u00een care candida\u021bii admi\u0219i pe locurile cu tax\u0103 \u0219i la \u00eenv\u0103\u021b\u0103m\u00e2ntul la distan\u021b\u0103 \u00een prima sesiune de Admitere la","breadcrumb":{"@id":"https:\/\/urbeamea.ro\/albaiulia\/uab-pregateste-cea-de-a-doua-sesiune-de-admitere-septembrie-2020\/#breadcrumb"},"inLanguage":"ro-RO","potentialAction":[{"@type":"ReadAction","target":["https:\/\/urbeamea.ro\/albaiulia\/uab-pregateste-cea-de-a-doua-sesiune-de-admitere-septembrie-2020\/"]}]},{"@type":"ImageObject","inLanguage":"ro-RO","@id":"https:\/\/urbeamea.ro\/albaiulia\/uab-pregateste-cea-de-a-doua-sesiune-de-admitere-septembrie-2020\/#primaryimage","url":"https:\/\/urbeamea.ro\/albaiulia\/wp-content\/uploads\/2020\/08\/admitere-UAB-940x788-v2.jpg","contentUrl":"https:\/\/urbeamea.ro\/albaiulia\/wp-content\/uploads\/2020\/08\/admitere-UAB-940x788-v2.jpg","width":940,"height":788},{"@type":"BreadcrumbList","@id":"https:\/\/urbeamea.ro\/albaiulia\/uab-pregateste-cea-de-a-doua-sesiune-de-admitere-septembrie-2020\/#breadcrumb","itemListElement":[{"@type":"ListItem","position":1,"name":"Prima pagin\u0103","item":"https:\/\/urbeamea.ro\/albaiulia\/"},{"@type":"ListItem","position":2,"name":"UAB preg\u0103te\u0219te cea de-a doua sesiune de admitere &#8211; septembrie 2020"}]},{"@type":"WebSite","@id":"https:\/\/urbeamea.ro\/albaiulia\/#website","url":"https:\/\/urbeamea.ro\/albaiulia\/","name":"Revista Urbea Mea, Stiri urbane","description":"Evenimente \u0219i \u0219tiri din Alba Iulia, Sebe\u0219, Aiud, Blaj","potentialAction":[{"@type":"SearchAction","target":{"@type":"EntryPoint","urlTemplate":"https:\/\/urbeamea.ro\/albaiulia\/?s={search_term_string}"},"query-input":{"@type":"PropertyValueSpecification","valueRequired":true,"valueName":"search_term_string"}}],"inLanguage":"ro-RO"},{"@type":"Person","@id":"https:\/\/urbeamea.ro\/albaiulia\/#\/schema\/person\/9700d21fae21c4f038b0b56f4506264a","name":"Cristina Ganga","image":{"@type":"ImageObject","inLanguage":"ro-RO","@id":"https:\/\/secure.gravatar.com\/avatar\/5a67661041f057b4a8ccaf26f5a8e86e2689372006d01faf3dd9eeb10b654bb4?s=96&d=mm&r=g","url":"https:\/\/secure.gravatar.com\/avatar\/5a67661041f057b4a8ccaf26f5a8e86e2689372006d01faf3dd9eeb10b654bb4?s=96&d=mm&r=g","contentUrl":"https:\/\/secure.gravatar.com\/avatar\/5a67661041f057b4a8ccaf26f5a8e86e2689372006d01faf3dd9eeb10b654bb4?s=96&d=mm&r=g","caption":"Cristina Ganga"},"description":"Jurnalist","sameAs":["https:\/\/www.facebook.com\/cristina.nicola.587"],"url":"https:\/\/urbeamea.ro\/albaiulia\/author\/cristina-nicola\/"}]}},"_links":{"self":[{"href":"https:\/\/urbeamea.ro\/albaiulia\/wp-json\/wp\/v2\/posts\/92190","targetHints":{"allow":["GET"]}}],"collection":[{"href":"https:\/\/urbeamea.ro\/albaiulia\/wp-json\/wp\/v2\/posts"}],"about":[{"href":"https:\/\/urbeamea.ro\/albaiulia\/wp-json\/wp\/v2\/types\/post"}],"author":[{"embeddable":true,"href":"https:\/\/urbeamea.ro\/albaiulia\/wp-json\/wp\/v2\/users\/17"}],"replies":[{"embeddable":true,"href":"https:\/\/urbeamea.ro\/albaiulia\/wp-json\/wp\/v2\/comments?post=92190"}],"version-history":[{"count":2,"href":"https:\/\/urbeamea.ro\/albaiulia\/wp-json\/wp\/v2\/posts\/92190\/revisions"}],"predecessor-version":[{"id":92194,"href":"https:\/\/urbeamea.ro\/albaiulia\/wp-json\/wp\/v2\/posts\/92190\/revisions\/92194"}],"wp:featuredmedia":[{"embeddable":true,"href":"https:\/\/urbeamea.ro\/albaiulia\/wp-json\/wp\/v2\/media\/92192"}],"wp:attachment":[{"href":"https:\/\/urbeamea.ro\/albaiulia\/wp-json\/wp\/v2\/media?parent=92190"}],"wp:term":[{"taxonomy":"category","embeddable":true,"href":"https:\/\/urbeamea.ro\/albaiulia\/wp-json\/wp\/v2\/categories?post=92190"},{"taxonomy":"post_tag","embeddable":true,"href":"https:\/\/urbeamea.ro\/albaiulia\/wp-json\/wp\/v2\/tags?post=92190"}],"curies":[{"name":"wp","href":"https:\/\/api.w.org\/{rel}","templated":true}]}}