{"id":92201,"date":"2020-08-30T08:38:58","date_gmt":"2020-08-30T05:38:58","guid":{"rendered":"https:\/\/urbeamea.ro\/albaiulia\/?p=92201"},"modified":"2020-08-30T08:39:00","modified_gmt":"2020-08-30T05:39:00","slug":"centrul-de-cultura-augustin-bena-alba-invitatii-pentru-iubitorii-de-cultura","status":"publish","type":"post","link":"https:\/\/urbeamea.ro\/albaiulia\/centrul-de-cultura-augustin-bena-alba-invitatii-pentru-iubitorii-de-cultura\/","title":{"rendered":"Centrul de Cultur\u0103 \u201eAugustin Bena\u201d Alba: Invita\u021bii pentru iubitorii de cultur\u0103"},"content":{"rendered":"\n<h4 class=\"wp-block-heading\">Centrul de Cultur\u0103 \u201eAugustin Bena\u201d Alba a preg\u0103tit, la sf\u00e2r\u0219itul acestei s\u0103pt\u0103m\u00e2ni, la Alba Iulia, trei evenimente culturale de excep\u021bie care se vor desf\u0103\u0219ura cu respectarea unor reguli stricte pentru siguran\u021ba spectatorilor \u0219i arti\u0219tilor.<\/h4>\n\n\n\n<p class=\"wp-block-paragraph\">Seria de evenimente culturale a \u00eenceput, vineri seara, \u00een Pia\u021ba Cet\u0103\u021bii din Alba Iulia, cu un spectacolul coregrafic intitulat \u201eFeriae Augusti\u201d. Evenimentul a fost coordonat de Octavia Oprea, coregraf al Centrului de Cultur\u0103 \u201eAugustin Bena\u201d Alba \u0219i interpretat de Trupa de dansuri \u201eAntheia imperialis\u201d.<\/p>\n\n\n\n<p class=\"wp-block-paragraph\"><strong>S\u00e2mb\u0103t\u0103, 29 august 2020,<\/strong> cursan\u021bii Clasei de Canto Muzic\u0103 U\u0219oar\u0103 din cadrul \u0218colii de Arte \u0219i Me\u0219te\u0219uguri v\u0103 lanseaz\u0103 invita\u021bia la o serie de recitaluri cu hituri interna\u021bionale. \u00cen program evolueaz\u0103 tineri interpre\u021bi de muzic\u0103 u\u0219oar\u0103 din Jude\u021bul Alba, voci foarte bune care au ob\u021binut deja importante premii la festivaluri \u0219i concursuri de interpretare. Evenimentul este programat la ora 19,00, tot \u00een Pia\u021ba Cet\u0103\u021bii din Alba Iulia.<\/p>\n\n\n\n<p class=\"wp-block-paragraph\">Invita\u021biile culturale continu\u0103 <strong>duminic\u0103, 30 august 2020,<\/strong> cu un eveniment denumit \u201eClasic, pop and film music\u201d, \u00een cadrul c\u0103ruia \u00ee\u0219i dau concursul \u00eentr-o interpretare de excep\u021bie Cvartetul de coarde \u0219i Fanfara Jude\u021bului Alba. Concertul recital are loc la ora 19,00, \u00een Pia\u021ba Cet\u0103\u021bii din Alba Iulia.<\/p>\n\n\n\n<p class=\"wp-block-paragraph\">La toate aceste evenimente intrarea este liber\u0103, \u00een limita unui num\u0103r maxim de 250 de participan\u021bi, cu respectarea unor reguli stricte de distan\u021bare social\u0103.<\/p>\n\n\n\n<p class=\"wp-block-paragraph\"><strong>Ce reguli trebuie respectate de spectatori?<\/strong><\/p>\n\n\n\n<p class=\"wp-block-paragraph\">Spectatorii care particip\u0103 la evenimentele culturale organizate de Centrul de Cultur\u0103 \u201eAugustin Bena\u201d Alba trebuie s\u0103 respecte o serie de reguli impuse pentru a preveni r\u0103sp\u00e2ndirea coronavirusului.<\/p>\n\n\n\n<p class=\"wp-block-paragraph\">Accesul la spectacol va fi deschis cu o or\u0103 \u00eenainte, astfel \u00eenc\u00e2t spectatorii s\u0103 intre pe r\u00e2nd, respect\u00e2nd distan\u021barea social\u0103 \u0219i fiind inclu\u0219i \u00eentr-un triaj epidemiologic. Astfel, la intrarea \u00een zona de concert, fiec\u0103rui spectator i se va m\u0103sura temperatura cu termometre non-contact \u0219i nu se va permite accesul persoanelor simptomatice care prezint\u0103 tuse, str\u0103nut, rinoree, febr\u0103, stare general\u0103 modificat\u0103 sau a celor au temperatura m\u0103surat\u0103 mai mare de 37,3\u00b0C. De asemenea, pe toat\u0103 perioada spectacolelor, fiecare participant va fi obligat s\u0103 poarte masc\u0103.<\/p>\n\n\n\n<p class=\"wp-block-paragraph\">Intr\u0103rile \u00een spa\u021biul delimitat sunt dotate cu sta\u021bii de dezinfectare pentru m\u00e2ini, iar spectatorii vor fi obliga\u021bi s\u0103 se dezinfecteze \u00een momentul accesului \u00een spa\u021biul de spectacol.<\/p>\n","protected":false},"excerpt":{"rendered":"<p>Centrul de Cultur\u0103 \u201eAugustin Bena\u201d Alba a preg\u0103tit, la sf\u00e2r\u0219itul acestei s\u0103pt\u0103m\u00e2ni, la Alba Iulia, trei evenimente culturale de excep\u021bie care se vor desf\u0103\u0219ura cu respectarea unor reguli stricte pentru siguran\u021ba spectatorilor \u0219i arti\u0219tilor. Seria de evenimente culturale a \u00eenceput, vineri seara, \u00een Pia\u021ba Cet\u0103\u021bii din Alba Iulia, cu un spectacolul coregrafic intitulat \u201eFeriae Augusti\u201d. &hellip;<\/p>\n","protected":false},"author":17,"featured_media":92202,"comment_status":"open","ping_status":"open","sticky":false,"template":"","format":"standard","meta":{"inline_featured_image":false,"footnotes":""},"categories":[4],"tags":[7261,21512,21511,21513,21514],"class_list":["post-92201","post","type-post","status-publish","format-standard","has-post-thumbnail","hentry","category-eveniment","tag-centrul-de-cultura-augustin-bena-alba","tag-evenimente-culturale-de-exceptie","tag-iubitori-de-cultura","tag-reguli-stricte","tag-siguranta-spectatorilor-si-artistilor"],"yoast_head":"<!-- This site is optimized with the Yoast SEO plugin v28.3 - https:\/\/yoast.com\/product\/yoast-seo-wordpress\/ -->\n<title>Centrul de Cultur\u0103 \u201eAugustin Bena\u201d Alba: Invita\u021bii pentru iubitorii de cultur\u0103 - Revista Urbea Mea - Revista de Alba<\/title>\n<meta name=\"description\" content=\"Centrul de Cultur\u0103 \u201eAugustin Bena\u201d Alba a preg\u0103tit, la sf\u00e2r\u0219itul acestei s\u0103pt\u0103m\u00e2ni, la Alba Iulia, trei evenimente culturale de excep\u021bie care se vor\" \/>\n<meta name=\"robots\" content=\"index, follow, max-snippet:-1, max-image-preview:large, max-video-preview:-1\" \/>\n<link rel=\"canonical\" href=\"https:\/\/urbeamea.ro\/albaiulia\/centrul-de-cultura-augustin-bena-alba-invitatii-pentru-iubitorii-de-cultura\/\" \/>\n<meta name=\"twitter:card\" content=\"summary_large_image\" \/>\n<meta name=\"twitter:title\" content=\"Centrul de Cultur\u0103 \u201eAugustin Bena\u201d Alba: Invita\u021bii pentru iubitorii de cultur\u0103 - Revista Urbea Mea - Revista de Alba\" \/>\n<meta name=\"twitter:description\" content=\"Centrul de Cultur\u0103 \u201eAugustin Bena\u201d Alba a preg\u0103tit, la sf\u00e2r\u0219itul acestei s\u0103pt\u0103m\u00e2ni, la Alba Iulia, trei evenimente culturale de excep\u021bie care se vor\" \/>\n<meta name=\"twitter:image\" content=\"https:\/\/urbeamea.ro\/albaiulia\/wp-content\/uploads\/2020\/08\/afis-recitaluri.jpg\" \/>\n<meta name=\"twitter:creator\" content=\"@urbeameaweb\" \/>\n<meta name=\"twitter:site\" content=\"@urbeameaweb\" \/>\n<script type=\"application\/ld+json\" class=\"yoast-schema-graph\">{\"@context\":\"https:\\\/\\\/schema.org\",\"@graph\":[{\"@type\":\"Article\",\"@id\":\"https:\\\/\\\/urbeamea.ro\\\/albaiulia\\\/centrul-de-cultura-augustin-bena-alba-invitatii-pentru-iubitorii-de-cultura\\\/#article\",\"isPartOf\":{\"@id\":\"https:\\\/\\\/urbeamea.ro\\\/albaiulia\\\/centrul-de-cultura-augustin-bena-alba-invitatii-pentru-iubitorii-de-cultura\\\/\"},\"author\":{\"name\":\"Cristina Ganga\",\"@id\":\"https:\\\/\\\/urbeamea.ro\\\/albaiulia\\\/#\\\/schema\\\/person\\\/9700d21fae21c4f038b0b56f4506264a\"},\"headline\":\"Centrul de Cultur\u0103 \u201eAugustin Bena\u201d Alba: Invita\u021bii pentru iubitorii de cultur\u0103\",\"datePublished\":\"2020-08-30T05:38:58+00:00\",\"dateModified\":\"2020-08-30T05:39:00+00:00\",\"mainEntityOfPage\":{\"@id\":\"https:\\\/\\\/urbeamea.ro\\\/albaiulia\\\/centrul-de-cultura-augustin-bena-alba-invitatii-pentru-iubitorii-de-cultura\\\/\"},\"wordCount\":416,\"commentCount\":0,\"image\":{\"@id\":\"https:\\\/\\\/urbeamea.ro\\\/albaiulia\\\/centrul-de-cultura-augustin-bena-alba-invitatii-pentru-iubitorii-de-cultura\\\/#primaryimage\"},\"thumbnailUrl\":\"https:\\\/\\\/urbeamea.ro\\\/albaiulia\\\/wp-content\\\/uploads\\\/2020\\\/08\\\/afis-recitaluri.jpg\",\"keywords\":[\"centrul de cultura augustin bena alba\",\"evenimente culturale de exceptie\",\"iubitori de cultura\",\"reguli stricte\",\"siguranta spectatorilor si artistilor\"],\"articleSection\":[\"Evenimente\"],\"inLanguage\":\"ro-RO\",\"potentialAction\":[{\"@type\":\"CommentAction\",\"name\":\"Comment\",\"target\":[\"https:\\\/\\\/urbeamea.ro\\\/albaiulia\\\/centrul-de-cultura-augustin-bena-alba-invitatii-pentru-iubitorii-de-cultura\\\/#respond\"]}]},{\"@type\":\"WebPage\",\"@id\":\"https:\\\/\\\/urbeamea.ro\\\/albaiulia\\\/centrul-de-cultura-augustin-bena-alba-invitatii-pentru-iubitorii-de-cultura\\\/\",\"url\":\"https:\\\/\\\/urbeamea.ro\\\/albaiulia\\\/centrul-de-cultura-augustin-bena-alba-invitatii-pentru-iubitorii-de-cultura\\\/\",\"name\":\"Centrul de Cultur\u0103 \u201eAugustin Bena\u201d Alba: Invita\u021bii pentru iubitorii de cultur\u0103 - Revista Urbea Mea - Revista de Alba\",\"isPartOf\":{\"@id\":\"https:\\\/\\\/urbeamea.ro\\\/albaiulia\\\/#website\"},\"primaryImageOfPage\":{\"@id\":\"https:\\\/\\\/urbeamea.ro\\\/albaiulia\\\/centrul-de-cultura-augustin-bena-alba-invitatii-pentru-iubitorii-de-cultura\\\/#primaryimage\"},\"image\":{\"@id\":\"https:\\\/\\\/urbeamea.ro\\\/albaiulia\\\/centrul-de-cultura-augustin-bena-alba-invitatii-pentru-iubitorii-de-cultura\\\/#primaryimage\"},\"thumbnailUrl\":\"https:\\\/\\\/urbeamea.ro\\\/albaiulia\\\/wp-content\\\/uploads\\\/2020\\\/08\\\/afis-recitaluri.jpg\",\"datePublished\":\"2020-08-30T05:38:58+00:00\",\"dateModified\":\"2020-08-30T05:39:00+00:00\",\"author\":{\"@id\":\"https:\\\/\\\/urbeamea.ro\\\/albaiulia\\\/#\\\/schema\\\/person\\\/9700d21fae21c4f038b0b56f4506264a\"},\"description\":\"Centrul de Cultur\u0103 \u201eAugustin Bena\u201d Alba a preg\u0103tit, la sf\u00e2r\u0219itul acestei s\u0103pt\u0103m\u00e2ni, la Alba Iulia, trei evenimente culturale de excep\u021bie care se vor\",\"breadcrumb\":{\"@id\":\"https:\\\/\\\/urbeamea.ro\\\/albaiulia\\\/centrul-de-cultura-augustin-bena-alba-invitatii-pentru-iubitorii-de-cultura\\\/#breadcrumb\"},\"inLanguage\":\"ro-RO\",\"potentialAction\":[{\"@type\":\"ReadAction\",\"target\":[\"https:\\\/\\\/urbeamea.ro\\\/albaiulia\\\/centrul-de-cultura-augustin-bena-alba-invitatii-pentru-iubitorii-de-cultura\\\/\"]}]},{\"@type\":\"ImageObject\",\"inLanguage\":\"ro-RO\",\"@id\":\"https:\\\/\\\/urbeamea.ro\\\/albaiulia\\\/centrul-de-cultura-augustin-bena-alba-invitatii-pentru-iubitorii-de-cultura\\\/#primaryimage\",\"url\":\"https:\\\/\\\/urbeamea.ro\\\/albaiulia\\\/wp-content\\\/uploads\\\/2020\\\/08\\\/afis-recitaluri.jpg\",\"contentUrl\":\"https:\\\/\\\/urbeamea.ro\\\/albaiulia\\\/wp-content\\\/uploads\\\/2020\\\/08\\\/afis-recitaluri.jpg\",\"width\":678,\"height\":960},{\"@type\":\"BreadcrumbList\",\"@id\":\"https:\\\/\\\/urbeamea.ro\\\/albaiulia\\\/centrul-de-cultura-augustin-bena-alba-invitatii-pentru-iubitorii-de-cultura\\\/#breadcrumb\",\"itemListElement\":[{\"@type\":\"ListItem\",\"position\":1,\"name\":\"Prima pagin\u0103\",\"item\":\"https:\\\/\\\/urbeamea.ro\\\/albaiulia\\\/\"},{\"@type\":\"ListItem\",\"position\":2,\"name\":\"Centrul de Cultur\u0103 \u201eAugustin Bena\u201d Alba: Invita\u021bii pentru iubitorii de cultur\u0103\"}]},{\"@type\":\"WebSite\",\"@id\":\"https:\\\/\\\/urbeamea.ro\\\/albaiulia\\\/#website\",\"url\":\"https:\\\/\\\/urbeamea.ro\\\/albaiulia\\\/\",\"name\":\"Revista Urbea Mea, Stiri urbane\",\"description\":\"Evenimente \u0219i \u0219tiri din Alba Iulia, Sebe\u0219, Aiud, Blaj\",\"potentialAction\":[{\"@type\":\"SearchAction\",\"target\":{\"@type\":\"EntryPoint\",\"urlTemplate\":\"https:\\\/\\\/urbeamea.ro\\\/albaiulia\\\/?s={search_term_string}\"},\"query-input\":{\"@type\":\"PropertyValueSpecification\",\"valueRequired\":true,\"valueName\":\"search_term_string\"}}],\"inLanguage\":\"ro-RO\"},{\"@type\":\"Person\",\"@id\":\"https:\\\/\\\/urbeamea.ro\\\/albaiulia\\\/#\\\/schema\\\/person\\\/9700d21fae21c4f038b0b56f4506264a\",\"name\":\"Cristina Ganga\",\"image\":{\"@type\":\"ImageObject\",\"inLanguage\":\"ro-RO\",\"@id\":\"https:\\\/\\\/secure.gravatar.com\\\/avatar\\\/5a67661041f057b4a8ccaf26f5a8e86e2689372006d01faf3dd9eeb10b654bb4?s=96&d=mm&r=g\",\"url\":\"https:\\\/\\\/secure.gravatar.com\\\/avatar\\\/5a67661041f057b4a8ccaf26f5a8e86e2689372006d01faf3dd9eeb10b654bb4?s=96&d=mm&r=g\",\"contentUrl\":\"https:\\\/\\\/secure.gravatar.com\\\/avatar\\\/5a67661041f057b4a8ccaf26f5a8e86e2689372006d01faf3dd9eeb10b654bb4?s=96&d=mm&r=g\",\"caption\":\"Cristina Ganga\"},\"description\":\"Jurnalist\",\"sameAs\":[\"https:\\\/\\\/www.facebook.com\\\/cristina.nicola.587\"],\"url\":\"https:\\\/\\\/urbeamea.ro\\\/albaiulia\\\/author\\\/cristina-nicola\\\/\"}]}<\/script>\n<!-- \/ Yoast SEO plugin. -->","yoast_head_json":{"title":"Centrul de Cultur\u0103 \u201eAugustin Bena\u201d Alba: Invita\u021bii pentru iubitorii de cultur\u0103 - Revista Urbea Mea - Revista de Alba","description":"Centrul de Cultur\u0103 \u201eAugustin Bena\u201d Alba a preg\u0103tit, la sf\u00e2r\u0219itul acestei s\u0103pt\u0103m\u00e2ni, la Alba Iulia, trei evenimente culturale de excep\u021bie care se vor","robots":{"index":"index","follow":"follow","max-snippet":"max-snippet:-1","max-image-preview":"max-image-preview:large","max-video-preview":"max-video-preview:-1"},"canonical":"https:\/\/urbeamea.ro\/albaiulia\/centrul-de-cultura-augustin-bena-alba-invitatii-pentru-iubitorii-de-cultura\/","twitter_card":"summary_large_image","twitter_title":"Centrul de Cultur\u0103 \u201eAugustin Bena\u201d Alba: Invita\u021bii pentru iubitorii de cultur\u0103 - Revista Urbea Mea - Revista de Alba","twitter_description":"Centrul de Cultur\u0103 \u201eAugustin Bena\u201d Alba a preg\u0103tit, la sf\u00e2r\u0219itul acestei s\u0103pt\u0103m\u00e2ni, la Alba Iulia, trei evenimente culturale de excep\u021bie care se vor","twitter_image":"https:\/\/urbeamea.ro\/albaiulia\/wp-content\/uploads\/2020\/08\/afis-recitaluri.jpg","twitter_creator":"@urbeameaweb","twitter_site":"@urbeameaweb","schema":{"@context":"https:\/\/schema.org","@graph":[{"@type":"Article","@id":"https:\/\/urbeamea.ro\/albaiulia\/centrul-de-cultura-augustin-bena-alba-invitatii-pentru-iubitorii-de-cultura\/#article","isPartOf":{"@id":"https:\/\/urbeamea.ro\/albaiulia\/centrul-de-cultura-augustin-bena-alba-invitatii-pentru-iubitorii-de-cultura\/"},"author":{"name":"Cristina Ganga","@id":"https:\/\/urbeamea.ro\/albaiulia\/#\/schema\/person\/9700d21fae21c4f038b0b56f4506264a"},"headline":"Centrul de Cultur\u0103 \u201eAugustin Bena\u201d Alba: Invita\u021bii pentru iubitorii de cultur\u0103","datePublished":"2020-08-30T05:38:58+00:00","dateModified":"2020-08-30T05:39:00+00:00","mainEntityOfPage":{"@id":"https:\/\/urbeamea.ro\/albaiulia\/centrul-de-cultura-augustin-bena-alba-invitatii-pentru-iubitorii-de-cultura\/"},"wordCount":416,"commentCount":0,"image":{"@id":"https:\/\/urbeamea.ro\/albaiulia\/centrul-de-cultura-augustin-bena-alba-invitatii-pentru-iubitorii-de-cultura\/#primaryimage"},"thumbnailUrl":"https:\/\/urbeamea.ro\/albaiulia\/wp-content\/uploads\/2020\/08\/afis-recitaluri.jpg","keywords":["centrul de cultura augustin bena alba","evenimente culturale de exceptie","iubitori de cultura","reguli stricte","siguranta spectatorilor si artistilor"],"articleSection":["Evenimente"],"inLanguage":"ro-RO","potentialAction":[{"@type":"CommentAction","name":"Comment","target":["https:\/\/urbeamea.ro\/albaiulia\/centrul-de-cultura-augustin-bena-alba-invitatii-pentru-iubitorii-de-cultura\/#respond"]}]},{"@type":"WebPage","@id":"https:\/\/urbeamea.ro\/albaiulia\/centrul-de-cultura-augustin-bena-alba-invitatii-pentru-iubitorii-de-cultura\/","url":"https:\/\/urbeamea.ro\/albaiulia\/centrul-de-cultura-augustin-bena-alba-invitatii-pentru-iubitorii-de-cultura\/","name":"Centrul de Cultur\u0103 \u201eAugustin Bena\u201d Alba: Invita\u021bii pentru iubitorii de cultur\u0103 - Revista Urbea Mea - Revista de Alba","isPartOf":{"@id":"https:\/\/urbeamea.ro\/albaiulia\/#website"},"primaryImageOfPage":{"@id":"https:\/\/urbeamea.ro\/albaiulia\/centrul-de-cultura-augustin-bena-alba-invitatii-pentru-iubitorii-de-cultura\/#primaryimage"},"image":{"@id":"https:\/\/urbeamea.ro\/albaiulia\/centrul-de-cultura-augustin-bena-alba-invitatii-pentru-iubitorii-de-cultura\/#primaryimage"},"thumbnailUrl":"https:\/\/urbeamea.ro\/albaiulia\/wp-content\/uploads\/2020\/08\/afis-recitaluri.jpg","datePublished":"2020-08-30T05:38:58+00:00","dateModified":"2020-08-30T05:39:00+00:00","author":{"@id":"https:\/\/urbeamea.ro\/albaiulia\/#\/schema\/person\/9700d21fae21c4f038b0b56f4506264a"},"description":"Centrul de Cultur\u0103 \u201eAugustin Bena\u201d Alba a preg\u0103tit, la sf\u00e2r\u0219itul acestei s\u0103pt\u0103m\u00e2ni, la Alba Iulia, trei evenimente culturale de excep\u021bie care se vor","breadcrumb":{"@id":"https:\/\/urbeamea.ro\/albaiulia\/centrul-de-cultura-augustin-bena-alba-invitatii-pentru-iubitorii-de-cultura\/#breadcrumb"},"inLanguage":"ro-RO","potentialAction":[{"@type":"ReadAction","target":["https:\/\/urbeamea.ro\/albaiulia\/centrul-de-cultura-augustin-bena-alba-invitatii-pentru-iubitorii-de-cultura\/"]}]},{"@type":"ImageObject","inLanguage":"ro-RO","@id":"https:\/\/urbeamea.ro\/albaiulia\/centrul-de-cultura-augustin-bena-alba-invitatii-pentru-iubitorii-de-cultura\/#primaryimage","url":"https:\/\/urbeamea.ro\/albaiulia\/wp-content\/uploads\/2020\/08\/afis-recitaluri.jpg","contentUrl":"https:\/\/urbeamea.ro\/albaiulia\/wp-content\/uploads\/2020\/08\/afis-recitaluri.jpg","width":678,"height":960},{"@type":"BreadcrumbList","@id":"https:\/\/urbeamea.ro\/albaiulia\/centrul-de-cultura-augustin-bena-alba-invitatii-pentru-iubitorii-de-cultura\/#breadcrumb","itemListElement":[{"@type":"ListItem","position":1,"name":"Prima pagin\u0103","item":"https:\/\/urbeamea.ro\/albaiulia\/"},{"@type":"ListItem","position":2,"name":"Centrul de Cultur\u0103 \u201eAugustin Bena\u201d Alba: Invita\u021bii pentru iubitorii de cultur\u0103"}]},{"@type":"WebSite","@id":"https:\/\/urbeamea.ro\/albaiulia\/#website","url":"https:\/\/urbeamea.ro\/albaiulia\/","name":"Revista Urbea Mea, Stiri urbane","description":"Evenimente \u0219i \u0219tiri din Alba Iulia, Sebe\u0219, Aiud, Blaj","potentialAction":[{"@type":"SearchAction","target":{"@type":"EntryPoint","urlTemplate":"https:\/\/urbeamea.ro\/albaiulia\/?s={search_term_string}"},"query-input":{"@type":"PropertyValueSpecification","valueRequired":true,"valueName":"search_term_string"}}],"inLanguage":"ro-RO"},{"@type":"Person","@id":"https:\/\/urbeamea.ro\/albaiulia\/#\/schema\/person\/9700d21fae21c4f038b0b56f4506264a","name":"Cristina Ganga","image":{"@type":"ImageObject","inLanguage":"ro-RO","@id":"https:\/\/secure.gravatar.com\/avatar\/5a67661041f057b4a8ccaf26f5a8e86e2689372006d01faf3dd9eeb10b654bb4?s=96&d=mm&r=g","url":"https:\/\/secure.gravatar.com\/avatar\/5a67661041f057b4a8ccaf26f5a8e86e2689372006d01faf3dd9eeb10b654bb4?s=96&d=mm&r=g","contentUrl":"https:\/\/secure.gravatar.com\/avatar\/5a67661041f057b4a8ccaf26f5a8e86e2689372006d01faf3dd9eeb10b654bb4?s=96&d=mm&r=g","caption":"Cristina Ganga"},"description":"Jurnalist","sameAs":["https:\/\/www.facebook.com\/cristina.nicola.587"],"url":"https:\/\/urbeamea.ro\/albaiulia\/author\/cristina-nicola\/"}]}},"_links":{"self":[{"href":"https:\/\/urbeamea.ro\/albaiulia\/wp-json\/wp\/v2\/posts\/92201","targetHints":{"allow":["GET"]}}],"collection":[{"href":"https:\/\/urbeamea.ro\/albaiulia\/wp-json\/wp\/v2\/posts"}],"about":[{"href":"https:\/\/urbeamea.ro\/albaiulia\/wp-json\/wp\/v2\/types\/post"}],"author":[{"embeddable":true,"href":"https:\/\/urbeamea.ro\/albaiulia\/wp-json\/wp\/v2\/users\/17"}],"replies":[{"embeddable":true,"href":"https:\/\/urbeamea.ro\/albaiulia\/wp-json\/wp\/v2\/comments?post=92201"}],"version-history":[{"count":1,"href":"https:\/\/urbeamea.ro\/albaiulia\/wp-json\/wp\/v2\/posts\/92201\/revisions"}],"predecessor-version":[{"id":92203,"href":"https:\/\/urbeamea.ro\/albaiulia\/wp-json\/wp\/v2\/posts\/92201\/revisions\/92203"}],"wp:featuredmedia":[{"embeddable":true,"href":"https:\/\/urbeamea.ro\/albaiulia\/wp-json\/wp\/v2\/media\/92202"}],"wp:attachment":[{"href":"https:\/\/urbeamea.ro\/albaiulia\/wp-json\/wp\/v2\/media?parent=92201"}],"wp:term":[{"taxonomy":"category","embeddable":true,"href":"https:\/\/urbeamea.ro\/albaiulia\/wp-json\/wp\/v2\/categories?post=92201"},{"taxonomy":"post_tag","embeddable":true,"href":"https:\/\/urbeamea.ro\/albaiulia\/wp-json\/wp\/v2\/tags?post=92201"}],"curies":[{"name":"wp","href":"https:\/\/api.w.org\/{rel}","templated":true}]}}