{"id":92256,"date":"2020-09-01T15:09:22","date_gmt":"2020-09-01T12:09:22","guid":{"rendered":"https:\/\/urbeamea.ro\/albaiulia\/?p=92256"},"modified":"2020-09-01T15:09:24","modified_gmt":"2020-09-01T12:09:24","slug":"ziua-limbii-romane-celebrata-la-sebes-prin-carti-daruite-bibliotecilor-scolare-si-printr-o-expozitie-tematica-la-biblioteca-municipala-lucian-blaga","status":"publish","type":"post","link":"https:\/\/urbeamea.ro\/albaiulia\/ziua-limbii-romane-celebrata-la-sebes-prin-carti-daruite-bibliotecilor-scolare-si-printr-o-expozitie-tematica-la-biblioteca-municipala-lucian-blaga\/","title":{"rendered":"Ziua limbii rom\u00e2ne, celebrat\u0103 la Sebe\u0219 prin c\u0103r\u021bi d\u0103ruite bibliotecilor \u0219colare \u0219i printr-o expozi\u021bie tematic\u0103 la Biblioteca Municipal\u0103 \u201eLucian Blaga\u201d"},"content":{"rendered":"\n<h4 class=\"wp-block-heading\">Cu ocazia Zilei Limbii Rom\u00e2ne, Centrul Cultural \u201eLucian Blaga\u201d Sebe\u0219 ofer\u0103 bibliotecilor \u0219colare din municipiul Sebe\u0219 \u0219i din localit\u0103\u021bile apar\u021bin\u0103toare c\u00e2teva dintre proiectele editoriale de interes a c\u0103ror apari\u021bie a fost sus\u021binut\u0103 financiar de la bugetul local. <\/h4>\n\n\n\n<p>Pachetul de c\u0103r\u021bi, legat \u00een mod simbolic cu tricolor, cuprinde volumul ANTOLOGIE DE POEZIE POPULAR\u0102 \/ VOLKSDICHTUNG EINE ANTHOLOGIE \u2013 edi\u021bie bilingv\u0103 (rom\u00e2no-german\u0103), bazat\u0103 at\u00e2t pe texte \u0219i studii folclorice, c\u00e2t \u0219i pe un bogat material ilustrativ, anuarul Muzeului Municipal \u201eIoan Raica\u201d Sebe\u0219 &#8211; TERRA SEBVS \u2013 ACTA MVSEI SABESIENSIS, nr. 11. <\/p>\n\n\n\n<p>Acestora li se al\u0103tur\u0103 catalogul de expozi\u021bie intitulat SEBE\u0218ENII \u0218I UNIREA DE LA 1 DECEMBRIE 1918, finan\u021bat de Departamentul Centenar, din cadrul Ministerului Culturii \u0219i Identit\u0103\u021bii Na\u021bionale, \u00een urma unui proiect depus de institu\u021biile de cultur\u0103 din Municipiul Sebe\u0219.<\/p>\n\n\n\n<p>Ziua Limbii Rom\u00e2ne se celebreaz\u0103 anual la 31 august, potrivit legii nr. 53\/2013, cu scopul de a aprofunda importan\u021ba limbii materne ca element esen\u021bial \u00een men\u021binerea identit\u0103\u021bii rom\u00e2ne\u0219ti, at\u00e2t \u00een \u021bar\u0103, c\u00e2t \u0219i \u00een comunit\u0103\u021bile rom\u00e2ne\u0219ti de pretutindeni.<\/p>\n\n\n\n<p>\u00cen acest sens, Biblioteca Municipal\u0103 \u201eLucian Blaga\u201d din Sebe\u0219 a organizat o expozi\u021bie de carte tematic\u0103, aduc\u00e2nd sub aceea\u0219i cupol\u0103 dic\u021bionare, lucr\u0103ri \u0219i studii de istorie a limbii rom\u00e2ne, gramatic\u0103, fonetic\u0103, morfologie \u0219i sintax\u0103, de la origini p\u00e2n\u0103 la formele literare moderne.<\/p>\n\n\n\n<figure class=\"wp-block-image size-large\"><img loading=\"lazy\" decoding=\"async\" width=\"619\" height=\"1200\" src=\"https:\/\/urbeamea.ro\/albaiulia\/wp-content\/uploads\/2020\/09\/ziua-limbii.jpg\" alt=\"\" class=\"wp-image-92257\" srcset=\"https:\/\/urbeamea.ro\/albaiulia\/wp-content\/uploads\/2020\/09\/ziua-limbii.jpg 619w, https:\/\/urbeamea.ro\/albaiulia\/wp-content\/uploads\/2020\/09\/ziua-limbii-330x640.jpg 330w, https:\/\/urbeamea.ro\/albaiulia\/wp-content\/uploads\/2020\/09\/ziua-limbii-77x150.jpg 77w\" sizes=\"auto, (max-width: 619px) 100vw, 619px\" \/><\/figure>\n","protected":false},"excerpt":{"rendered":"<p>Cu ocazia Zilei Limbii Rom\u00e2ne, Centrul Cultural \u201eLucian Blaga\u201d Sebe\u0219 ofer\u0103 bibliotecilor \u0219colare din municipiul Sebe\u0219 \u0219i din localit\u0103\u021bile apar\u021bin\u0103toare c\u00e2teva dintre proiectele editoriale de interes a c\u0103ror apari\u021bie a fost sus\u021binut\u0103 financiar de la bugetul local. Pachetul de c\u0103r\u021bi, legat \u00een mod simbolic cu tricolor, cuprinde volumul ANTOLOGIE DE POEZIE POPULAR\u0102 \/ VOLKSDICHTUNG EINE &hellip;<\/p>\n","protected":false},"author":17,"featured_media":92258,"comment_status":"open","ping_status":"open","sticky":false,"template":"","format":"standard","meta":{"inline_featured_image":false,"footnotes":""},"categories":[2038],"tags":[21532,21530,21529,21528,21531,7205],"class_list":["post-92256","post","type-post","status-publish","format-standard","has-post-thumbnail","hentry","category-cultura","tag-biblioteca-municipala-lucian-blaga","tag-biblioteci-scolare","tag-carti-daruite","tag-celebrata-la-sebes","tag-expozitie-tematica","tag-ziua-limbii-romane"],"yoast_head":"<!-- This site is optimized with the Yoast SEO plugin v27.4 - https:\/\/yoast.com\/product\/yoast-seo-wordpress\/ -->\n<title>Ziua limbii rom\u00e2ne, celebrat\u0103 la Sebe\u0219 prin c\u0103r\u021bi d\u0103ruite bibliotecilor \u0219colare \u0219i printr-o expozi\u021bie tematic\u0103 la Biblioteca Municipal\u0103 \u201eLucian Blaga\u201d - Revista Urbea Mea - Revista de Alba<\/title>\n<meta name=\"description\" content=\"Cu ocazia Zilei Limbii Rom\u00e2ne, Centrul Cultural \u201eLucian Blaga\u201d Sebe\u0219 ofer\u0103 bibliotecilor \u0219colare din municipiul Sebe\u0219 \u0219i din localit\u0103\u021bile apar\u021bin\u0103toare\" \/>\n<meta name=\"robots\" content=\"index, follow, max-snippet:-1, max-image-preview:large, max-video-preview:-1\" \/>\n<link rel=\"canonical\" href=\"https:\/\/urbeamea.ro\/albaiulia\/ziua-limbii-romane-celebrata-la-sebes-prin-carti-daruite-bibliotecilor-scolare-si-printr-o-expozitie-tematica-la-biblioteca-municipala-lucian-blaga\/\" \/>\n<meta name=\"twitter:card\" content=\"summary_large_image\" \/>\n<meta name=\"twitter:title\" content=\"Ziua limbii rom\u00e2ne, celebrat\u0103 la Sebe\u0219 prin c\u0103r\u021bi d\u0103ruite bibliotecilor \u0219colare \u0219i printr-o expozi\u021bie tematic\u0103 la Biblioteca Municipal\u0103 \u201eLucian Blaga\u201d - Revista Urbea Mea - Revista de Alba\" \/>\n<meta name=\"twitter:description\" content=\"Cu ocazia Zilei Limbii Rom\u00e2ne, Centrul Cultural \u201eLucian Blaga\u201d Sebe\u0219 ofer\u0103 bibliotecilor \u0219colare din municipiul Sebe\u0219 \u0219i din localit\u0103\u021bile apar\u021bin\u0103toare\" \/>\n<meta name=\"twitter:image\" content=\"https:\/\/urbeamea.ro\/albaiulia\/wp-content\/uploads\/2020\/09\/afis-ziua-limbii.jpg\" \/>\n<meta name=\"twitter:creator\" content=\"@urbeameaweb\" \/>\n<meta name=\"twitter:site\" content=\"@urbeameaweb\" \/>\n<script type=\"application\/ld+json\" class=\"yoast-schema-graph\">{\"@context\":\"https:\\\/\\\/schema.org\",\"@graph\":[{\"@type\":\"Article\",\"@id\":\"https:\\\/\\\/urbeamea.ro\\\/albaiulia\\\/ziua-limbii-romane-celebrata-la-sebes-prin-carti-daruite-bibliotecilor-scolare-si-printr-o-expozitie-tematica-la-biblioteca-municipala-lucian-blaga\\\/#article\",\"isPartOf\":{\"@id\":\"https:\\\/\\\/urbeamea.ro\\\/albaiulia\\\/ziua-limbii-romane-celebrata-la-sebes-prin-carti-daruite-bibliotecilor-scolare-si-printr-o-expozitie-tematica-la-biblioteca-municipala-lucian-blaga\\\/\"},\"author\":{\"name\":\"Cristina Ganga\",\"@id\":\"https:\\\/\\\/urbeamea.ro\\\/albaiulia\\\/#\\\/schema\\\/person\\\/9700d21fae21c4f038b0b56f4506264a\"},\"headline\":\"Ziua limbii rom\u00e2ne, celebrat\u0103 la Sebe\u0219 prin c\u0103r\u021bi d\u0103ruite bibliotecilor \u0219colare \u0219i printr-o expozi\u021bie tematic\u0103 la Biblioteca Municipal\u0103 \u201eLucian Blaga\u201d\",\"datePublished\":\"2020-09-01T12:09:22+00:00\",\"dateModified\":\"2020-09-01T12:09:24+00:00\",\"mainEntityOfPage\":{\"@id\":\"https:\\\/\\\/urbeamea.ro\\\/albaiulia\\\/ziua-limbii-romane-celebrata-la-sebes-prin-carti-daruite-bibliotecilor-scolare-si-printr-o-expozitie-tematica-la-biblioteca-municipala-lucian-blaga\\\/\"},\"wordCount\":265,\"commentCount\":0,\"image\":{\"@id\":\"https:\\\/\\\/urbeamea.ro\\\/albaiulia\\\/ziua-limbii-romane-celebrata-la-sebes-prin-carti-daruite-bibliotecilor-scolare-si-printr-o-expozitie-tematica-la-biblioteca-municipala-lucian-blaga\\\/#primaryimage\"},\"thumbnailUrl\":\"https:\\\/\\\/urbeamea.ro\\\/albaiulia\\\/wp-content\\\/uploads\\\/2020\\\/09\\\/afis-ziua-limbii.jpg\",\"keywords\":[\"biblioteca municipala lucian blaga\",\"biblioteci scolare\",\"carti daruite\",\"celebrata la sebes\",\"expozitie tematica\",\"ziua limbii romane\"],\"articleSection\":[\"Cultur\u0103\"],\"inLanguage\":\"ro-RO\",\"potentialAction\":[{\"@type\":\"CommentAction\",\"name\":\"Comment\",\"target\":[\"https:\\\/\\\/urbeamea.ro\\\/albaiulia\\\/ziua-limbii-romane-celebrata-la-sebes-prin-carti-daruite-bibliotecilor-scolare-si-printr-o-expozitie-tematica-la-biblioteca-municipala-lucian-blaga\\\/#respond\"]}]},{\"@type\":\"WebPage\",\"@id\":\"https:\\\/\\\/urbeamea.ro\\\/albaiulia\\\/ziua-limbii-romane-celebrata-la-sebes-prin-carti-daruite-bibliotecilor-scolare-si-printr-o-expozitie-tematica-la-biblioteca-municipala-lucian-blaga\\\/\",\"url\":\"https:\\\/\\\/urbeamea.ro\\\/albaiulia\\\/ziua-limbii-romane-celebrata-la-sebes-prin-carti-daruite-bibliotecilor-scolare-si-printr-o-expozitie-tematica-la-biblioteca-municipala-lucian-blaga\\\/\",\"name\":\"Ziua limbii rom\u00e2ne, celebrat\u0103 la Sebe\u0219 prin c\u0103r\u021bi d\u0103ruite bibliotecilor \u0219colare \u0219i printr-o expozi\u021bie tematic\u0103 la Biblioteca Municipal\u0103 \u201eLucian Blaga\u201d - Revista Urbea Mea - Revista de Alba\",\"isPartOf\":{\"@id\":\"https:\\\/\\\/urbeamea.ro\\\/albaiulia\\\/#website\"},\"primaryImageOfPage\":{\"@id\":\"https:\\\/\\\/urbeamea.ro\\\/albaiulia\\\/ziua-limbii-romane-celebrata-la-sebes-prin-carti-daruite-bibliotecilor-scolare-si-printr-o-expozitie-tematica-la-biblioteca-municipala-lucian-blaga\\\/#primaryimage\"},\"image\":{\"@id\":\"https:\\\/\\\/urbeamea.ro\\\/albaiulia\\\/ziua-limbii-romane-celebrata-la-sebes-prin-carti-daruite-bibliotecilor-scolare-si-printr-o-expozitie-tematica-la-biblioteca-municipala-lucian-blaga\\\/#primaryimage\"},\"thumbnailUrl\":\"https:\\\/\\\/urbeamea.ro\\\/albaiulia\\\/wp-content\\\/uploads\\\/2020\\\/09\\\/afis-ziua-limbii.jpg\",\"datePublished\":\"2020-09-01T12:09:22+00:00\",\"dateModified\":\"2020-09-01T12:09:24+00:00\",\"author\":{\"@id\":\"https:\\\/\\\/urbeamea.ro\\\/albaiulia\\\/#\\\/schema\\\/person\\\/9700d21fae21c4f038b0b56f4506264a\"},\"description\":\"Cu ocazia Zilei Limbii Rom\u00e2ne, Centrul Cultural \u201eLucian Blaga\u201d Sebe\u0219 ofer\u0103 bibliotecilor \u0219colare din municipiul Sebe\u0219 \u0219i din localit\u0103\u021bile apar\u021bin\u0103toare\",\"breadcrumb\":{\"@id\":\"https:\\\/\\\/urbeamea.ro\\\/albaiulia\\\/ziua-limbii-romane-celebrata-la-sebes-prin-carti-daruite-bibliotecilor-scolare-si-printr-o-expozitie-tematica-la-biblioteca-municipala-lucian-blaga\\\/#breadcrumb\"},\"inLanguage\":\"ro-RO\",\"potentialAction\":[{\"@type\":\"ReadAction\",\"target\":[\"https:\\\/\\\/urbeamea.ro\\\/albaiulia\\\/ziua-limbii-romane-celebrata-la-sebes-prin-carti-daruite-bibliotecilor-scolare-si-printr-o-expozitie-tematica-la-biblioteca-municipala-lucian-blaga\\\/\"]}]},{\"@type\":\"ImageObject\",\"inLanguage\":\"ro-RO\",\"@id\":\"https:\\\/\\\/urbeamea.ro\\\/albaiulia\\\/ziua-limbii-romane-celebrata-la-sebes-prin-carti-daruite-bibliotecilor-scolare-si-printr-o-expozitie-tematica-la-biblioteca-municipala-lucian-blaga\\\/#primaryimage\",\"url\":\"https:\\\/\\\/urbeamea.ro\\\/albaiulia\\\/wp-content\\\/uploads\\\/2020\\\/09\\\/afis-ziua-limbii.jpg\",\"contentUrl\":\"https:\\\/\\\/urbeamea.ro\\\/albaiulia\\\/wp-content\\\/uploads\\\/2020\\\/09\\\/afis-ziua-limbii.jpg\",\"width\":679,\"height\":960},{\"@type\":\"BreadcrumbList\",\"@id\":\"https:\\\/\\\/urbeamea.ro\\\/albaiulia\\\/ziua-limbii-romane-celebrata-la-sebes-prin-carti-daruite-bibliotecilor-scolare-si-printr-o-expozitie-tematica-la-biblioteca-municipala-lucian-blaga\\\/#breadcrumb\",\"itemListElement\":[{\"@type\":\"ListItem\",\"position\":1,\"name\":\"Prima pagin\u0103\",\"item\":\"https:\\\/\\\/urbeamea.ro\\\/albaiulia\\\/\"},{\"@type\":\"ListItem\",\"position\":2,\"name\":\"Ziua limbii rom\u00e2ne, celebrat\u0103 la Sebe\u0219 prin c\u0103r\u021bi d\u0103ruite bibliotecilor \u0219colare \u0219i printr-o expozi\u021bie tematic\u0103 la Biblioteca Municipal\u0103 \u201eLucian Blaga\u201d\"}]},{\"@type\":\"WebSite\",\"@id\":\"https:\\\/\\\/urbeamea.ro\\\/albaiulia\\\/#website\",\"url\":\"https:\\\/\\\/urbeamea.ro\\\/albaiulia\\\/\",\"name\":\"Revista Urbea Mea, Stiri urbane\",\"description\":\"Evenimente \u0219i \u0219tiri din Alba Iulia, Sebe\u0219, Aiud, Blaj\",\"potentialAction\":[{\"@type\":\"SearchAction\",\"target\":{\"@type\":\"EntryPoint\",\"urlTemplate\":\"https:\\\/\\\/urbeamea.ro\\\/albaiulia\\\/?s={search_term_string}\"},\"query-input\":{\"@type\":\"PropertyValueSpecification\",\"valueRequired\":true,\"valueName\":\"search_term_string\"}}],\"inLanguage\":\"ro-RO\"},{\"@type\":\"Person\",\"@id\":\"https:\\\/\\\/urbeamea.ro\\\/albaiulia\\\/#\\\/schema\\\/person\\\/9700d21fae21c4f038b0b56f4506264a\",\"name\":\"Cristina Ganga\",\"image\":{\"@type\":\"ImageObject\",\"inLanguage\":\"ro-RO\",\"@id\":\"https:\\\/\\\/secure.gravatar.com\\\/avatar\\\/5a67661041f057b4a8ccaf26f5a8e86e2689372006d01faf3dd9eeb10b654bb4?s=96&d=mm&r=g\",\"url\":\"https:\\\/\\\/secure.gravatar.com\\\/avatar\\\/5a67661041f057b4a8ccaf26f5a8e86e2689372006d01faf3dd9eeb10b654bb4?s=96&d=mm&r=g\",\"contentUrl\":\"https:\\\/\\\/secure.gravatar.com\\\/avatar\\\/5a67661041f057b4a8ccaf26f5a8e86e2689372006d01faf3dd9eeb10b654bb4?s=96&d=mm&r=g\",\"caption\":\"Cristina Ganga\"},\"description\":\"Jurnalist\",\"sameAs\":[\"https:\\\/\\\/www.facebook.com\\\/cristina.nicola.587\"],\"url\":\"https:\\\/\\\/urbeamea.ro\\\/albaiulia\\\/author\\\/cristina-nicola\\\/\"}]}<\/script>\n<!-- \/ Yoast SEO plugin. -->","yoast_head_json":{"title":"Ziua limbii rom\u00e2ne, celebrat\u0103 la Sebe\u0219 prin c\u0103r\u021bi d\u0103ruite bibliotecilor \u0219colare \u0219i printr-o expozi\u021bie tematic\u0103 la Biblioteca Municipal\u0103 \u201eLucian Blaga\u201d - Revista Urbea Mea - Revista de Alba","description":"Cu ocazia Zilei Limbii Rom\u00e2ne, Centrul Cultural \u201eLucian Blaga\u201d Sebe\u0219 ofer\u0103 bibliotecilor \u0219colare din municipiul Sebe\u0219 \u0219i din localit\u0103\u021bile apar\u021bin\u0103toare","robots":{"index":"index","follow":"follow","max-snippet":"max-snippet:-1","max-image-preview":"max-image-preview:large","max-video-preview":"max-video-preview:-1"},"canonical":"https:\/\/urbeamea.ro\/albaiulia\/ziua-limbii-romane-celebrata-la-sebes-prin-carti-daruite-bibliotecilor-scolare-si-printr-o-expozitie-tematica-la-biblioteca-municipala-lucian-blaga\/","twitter_card":"summary_large_image","twitter_title":"Ziua limbii rom\u00e2ne, celebrat\u0103 la Sebe\u0219 prin c\u0103r\u021bi d\u0103ruite bibliotecilor \u0219colare \u0219i printr-o expozi\u021bie tematic\u0103 la Biblioteca Municipal\u0103 \u201eLucian Blaga\u201d - Revista Urbea Mea - Revista de Alba","twitter_description":"Cu ocazia Zilei Limbii Rom\u00e2ne, Centrul Cultural \u201eLucian Blaga\u201d Sebe\u0219 ofer\u0103 bibliotecilor \u0219colare din municipiul Sebe\u0219 \u0219i din localit\u0103\u021bile apar\u021bin\u0103toare","twitter_image":"https:\/\/urbeamea.ro\/albaiulia\/wp-content\/uploads\/2020\/09\/afis-ziua-limbii.jpg","twitter_creator":"@urbeameaweb","twitter_site":"@urbeameaweb","schema":{"@context":"https:\/\/schema.org","@graph":[{"@type":"Article","@id":"https:\/\/urbeamea.ro\/albaiulia\/ziua-limbii-romane-celebrata-la-sebes-prin-carti-daruite-bibliotecilor-scolare-si-printr-o-expozitie-tematica-la-biblioteca-municipala-lucian-blaga\/#article","isPartOf":{"@id":"https:\/\/urbeamea.ro\/albaiulia\/ziua-limbii-romane-celebrata-la-sebes-prin-carti-daruite-bibliotecilor-scolare-si-printr-o-expozitie-tematica-la-biblioteca-municipala-lucian-blaga\/"},"author":{"name":"Cristina Ganga","@id":"https:\/\/urbeamea.ro\/albaiulia\/#\/schema\/person\/9700d21fae21c4f038b0b56f4506264a"},"headline":"Ziua limbii rom\u00e2ne, celebrat\u0103 la Sebe\u0219 prin c\u0103r\u021bi d\u0103ruite bibliotecilor \u0219colare \u0219i printr-o expozi\u021bie tematic\u0103 la Biblioteca Municipal\u0103 \u201eLucian Blaga\u201d","datePublished":"2020-09-01T12:09:22+00:00","dateModified":"2020-09-01T12:09:24+00:00","mainEntityOfPage":{"@id":"https:\/\/urbeamea.ro\/albaiulia\/ziua-limbii-romane-celebrata-la-sebes-prin-carti-daruite-bibliotecilor-scolare-si-printr-o-expozitie-tematica-la-biblioteca-municipala-lucian-blaga\/"},"wordCount":265,"commentCount":0,"image":{"@id":"https:\/\/urbeamea.ro\/albaiulia\/ziua-limbii-romane-celebrata-la-sebes-prin-carti-daruite-bibliotecilor-scolare-si-printr-o-expozitie-tematica-la-biblioteca-municipala-lucian-blaga\/#primaryimage"},"thumbnailUrl":"https:\/\/urbeamea.ro\/albaiulia\/wp-content\/uploads\/2020\/09\/afis-ziua-limbii.jpg","keywords":["biblioteca municipala lucian blaga","biblioteci scolare","carti daruite","celebrata la sebes","expozitie tematica","ziua limbii romane"],"articleSection":["Cultur\u0103"],"inLanguage":"ro-RO","potentialAction":[{"@type":"CommentAction","name":"Comment","target":["https:\/\/urbeamea.ro\/albaiulia\/ziua-limbii-romane-celebrata-la-sebes-prin-carti-daruite-bibliotecilor-scolare-si-printr-o-expozitie-tematica-la-biblioteca-municipala-lucian-blaga\/#respond"]}]},{"@type":"WebPage","@id":"https:\/\/urbeamea.ro\/albaiulia\/ziua-limbii-romane-celebrata-la-sebes-prin-carti-daruite-bibliotecilor-scolare-si-printr-o-expozitie-tematica-la-biblioteca-municipala-lucian-blaga\/","url":"https:\/\/urbeamea.ro\/albaiulia\/ziua-limbii-romane-celebrata-la-sebes-prin-carti-daruite-bibliotecilor-scolare-si-printr-o-expozitie-tematica-la-biblioteca-municipala-lucian-blaga\/","name":"Ziua limbii rom\u00e2ne, celebrat\u0103 la Sebe\u0219 prin c\u0103r\u021bi d\u0103ruite bibliotecilor \u0219colare \u0219i printr-o expozi\u021bie tematic\u0103 la Biblioteca Municipal\u0103 \u201eLucian Blaga\u201d - Revista Urbea Mea - Revista de Alba","isPartOf":{"@id":"https:\/\/urbeamea.ro\/albaiulia\/#website"},"primaryImageOfPage":{"@id":"https:\/\/urbeamea.ro\/albaiulia\/ziua-limbii-romane-celebrata-la-sebes-prin-carti-daruite-bibliotecilor-scolare-si-printr-o-expozitie-tematica-la-biblioteca-municipala-lucian-blaga\/#primaryimage"},"image":{"@id":"https:\/\/urbeamea.ro\/albaiulia\/ziua-limbii-romane-celebrata-la-sebes-prin-carti-daruite-bibliotecilor-scolare-si-printr-o-expozitie-tematica-la-biblioteca-municipala-lucian-blaga\/#primaryimage"},"thumbnailUrl":"https:\/\/urbeamea.ro\/albaiulia\/wp-content\/uploads\/2020\/09\/afis-ziua-limbii.jpg","datePublished":"2020-09-01T12:09:22+00:00","dateModified":"2020-09-01T12:09:24+00:00","author":{"@id":"https:\/\/urbeamea.ro\/albaiulia\/#\/schema\/person\/9700d21fae21c4f038b0b56f4506264a"},"description":"Cu ocazia Zilei Limbii Rom\u00e2ne, Centrul Cultural \u201eLucian Blaga\u201d Sebe\u0219 ofer\u0103 bibliotecilor \u0219colare din municipiul Sebe\u0219 \u0219i din localit\u0103\u021bile apar\u021bin\u0103toare","breadcrumb":{"@id":"https:\/\/urbeamea.ro\/albaiulia\/ziua-limbii-romane-celebrata-la-sebes-prin-carti-daruite-bibliotecilor-scolare-si-printr-o-expozitie-tematica-la-biblioteca-municipala-lucian-blaga\/#breadcrumb"},"inLanguage":"ro-RO","potentialAction":[{"@type":"ReadAction","target":["https:\/\/urbeamea.ro\/albaiulia\/ziua-limbii-romane-celebrata-la-sebes-prin-carti-daruite-bibliotecilor-scolare-si-printr-o-expozitie-tematica-la-biblioteca-municipala-lucian-blaga\/"]}]},{"@type":"ImageObject","inLanguage":"ro-RO","@id":"https:\/\/urbeamea.ro\/albaiulia\/ziua-limbii-romane-celebrata-la-sebes-prin-carti-daruite-bibliotecilor-scolare-si-printr-o-expozitie-tematica-la-biblioteca-municipala-lucian-blaga\/#primaryimage","url":"https:\/\/urbeamea.ro\/albaiulia\/wp-content\/uploads\/2020\/09\/afis-ziua-limbii.jpg","contentUrl":"https:\/\/urbeamea.ro\/albaiulia\/wp-content\/uploads\/2020\/09\/afis-ziua-limbii.jpg","width":679,"height":960},{"@type":"BreadcrumbList","@id":"https:\/\/urbeamea.ro\/albaiulia\/ziua-limbii-romane-celebrata-la-sebes-prin-carti-daruite-bibliotecilor-scolare-si-printr-o-expozitie-tematica-la-biblioteca-municipala-lucian-blaga\/#breadcrumb","itemListElement":[{"@type":"ListItem","position":1,"name":"Prima pagin\u0103","item":"https:\/\/urbeamea.ro\/albaiulia\/"},{"@type":"ListItem","position":2,"name":"Ziua limbii rom\u00e2ne, celebrat\u0103 la Sebe\u0219 prin c\u0103r\u021bi d\u0103ruite bibliotecilor \u0219colare \u0219i printr-o expozi\u021bie tematic\u0103 la Biblioteca Municipal\u0103 \u201eLucian Blaga\u201d"}]},{"@type":"WebSite","@id":"https:\/\/urbeamea.ro\/albaiulia\/#website","url":"https:\/\/urbeamea.ro\/albaiulia\/","name":"Revista Urbea Mea, Stiri urbane","description":"Evenimente \u0219i \u0219tiri din Alba Iulia, Sebe\u0219, Aiud, Blaj","potentialAction":[{"@type":"SearchAction","target":{"@type":"EntryPoint","urlTemplate":"https:\/\/urbeamea.ro\/albaiulia\/?s={search_term_string}"},"query-input":{"@type":"PropertyValueSpecification","valueRequired":true,"valueName":"search_term_string"}}],"inLanguage":"ro-RO"},{"@type":"Person","@id":"https:\/\/urbeamea.ro\/albaiulia\/#\/schema\/person\/9700d21fae21c4f038b0b56f4506264a","name":"Cristina Ganga","image":{"@type":"ImageObject","inLanguage":"ro-RO","@id":"https:\/\/secure.gravatar.com\/avatar\/5a67661041f057b4a8ccaf26f5a8e86e2689372006d01faf3dd9eeb10b654bb4?s=96&d=mm&r=g","url":"https:\/\/secure.gravatar.com\/avatar\/5a67661041f057b4a8ccaf26f5a8e86e2689372006d01faf3dd9eeb10b654bb4?s=96&d=mm&r=g","contentUrl":"https:\/\/secure.gravatar.com\/avatar\/5a67661041f057b4a8ccaf26f5a8e86e2689372006d01faf3dd9eeb10b654bb4?s=96&d=mm&r=g","caption":"Cristina Ganga"},"description":"Jurnalist","sameAs":["https:\/\/www.facebook.com\/cristina.nicola.587"],"url":"https:\/\/urbeamea.ro\/albaiulia\/author\/cristina-nicola\/"}]}},"_links":{"self":[{"href":"https:\/\/urbeamea.ro\/albaiulia\/wp-json\/wp\/v2\/posts\/92256","targetHints":{"allow":["GET"]}}],"collection":[{"href":"https:\/\/urbeamea.ro\/albaiulia\/wp-json\/wp\/v2\/posts"}],"about":[{"href":"https:\/\/urbeamea.ro\/albaiulia\/wp-json\/wp\/v2\/types\/post"}],"author":[{"embeddable":true,"href":"https:\/\/urbeamea.ro\/albaiulia\/wp-json\/wp\/v2\/users\/17"}],"replies":[{"embeddable":true,"href":"https:\/\/urbeamea.ro\/albaiulia\/wp-json\/wp\/v2\/comments?post=92256"}],"version-history":[{"count":1,"href":"https:\/\/urbeamea.ro\/albaiulia\/wp-json\/wp\/v2\/posts\/92256\/revisions"}],"predecessor-version":[{"id":92259,"href":"https:\/\/urbeamea.ro\/albaiulia\/wp-json\/wp\/v2\/posts\/92256\/revisions\/92259"}],"wp:featuredmedia":[{"embeddable":true,"href":"https:\/\/urbeamea.ro\/albaiulia\/wp-json\/wp\/v2\/media\/92258"}],"wp:attachment":[{"href":"https:\/\/urbeamea.ro\/albaiulia\/wp-json\/wp\/v2\/media?parent=92256"}],"wp:term":[{"taxonomy":"category","embeddable":true,"href":"https:\/\/urbeamea.ro\/albaiulia\/wp-json\/wp\/v2\/categories?post=92256"},{"taxonomy":"post_tag","embeddable":true,"href":"https:\/\/urbeamea.ro\/albaiulia\/wp-json\/wp\/v2\/tags?post=92256"}],"curies":[{"name":"wp","href":"https:\/\/api.w.org\/{rel}","templated":true}]}}