{"id":92310,"date":"2020-09-08T21:01:14","date_gmt":"2020-09-08T18:01:14","guid":{"rendered":"https:\/\/urbeamea.ro\/albaiulia\/?p=92310"},"modified":"2020-09-08T21:01:16","modified_gmt":"2020-09-08T18:01:16","slug":"la-sebes-au-fost-majorate-cu-suma-de-158-milioane-de-lei-bugetele-pentru-educatie-asistenta-sociala-sanatate-servicii-si-dezvoltare-publica","status":"publish","type":"post","link":"https:\/\/urbeamea.ro\/albaiulia\/la-sebes-au-fost-majorate-cu-suma-de-158-milioane-de-lei-bugetele-pentru-educatie-asistenta-sociala-sanatate-servicii-si-dezvoltare-publica\/","title":{"rendered":"La Sebe\u0219, au fost majorate cu suma de 1,58 milioane de lei bugetele pentru educa\u021bie, asisten\u021b\u0103 social\u0103, s\u0103n\u0103tate, servicii \u0219i dezvoltare public\u0103"},"content":{"rendered":"\n<h4 class=\"wp-block-heading\">La propunerea<strong>&nbsp;<\/strong>primarului Municipiului Sebe\u0219, Dorin Nistor, Consiliul Local a aprobat, \u00een \u0219edin\u021ba ordinar\u0103 a lunii august, hot\u0103r\u00e2rea privind majorarea bugetului local cu suma de 1.584.000 lei, astfel \u00eenc\u00e2t s\u0103 fie majorate creditele bugetare pentru capitolele \u00eenv\u0103\u021b\u0103m\u00e2nt, s\u0103n\u0103tate, asigur\u0103ri \u0219i asisten\u021b\u0103 social\u0103, locuin\u021be, servicii \u0219i dezvoltare public\u0103.<\/h4>\n\n\n\n<p>La capitolul \u00eenv\u0103\u021b\u0103m\u00e2nt, bugetul se majoreaz\u0103 cu suma de 507.100 lei. \u00cen Municipiul Sebe\u0219 \u00eenva\u021b\u0103 4.930 de elevi, iar \u0219colile au cerut suplimentar un num\u0103r de 1.440 de b\u0103nci. De asemenea, a fost solicitat\u0103 achizi\u021bionarea a 112.000 buc\u0103\u021bi m\u0103\u0219ti de protec\u021bie.<\/p>\n\n\n\n<p>Bugetul Spitalului Municipal Sebe\u0219 va fi majorat, conform solicit\u0103rilor institu\u021biei, cu suma de 5.950 lei, pentru finan\u021barea cheltuielilor de capital.<\/p>\n\n\n\n<p>Capitolul asisten\u021b\u0103 social\u0103 beneficiaz\u0103 de o majorare de 583.000 lei, pentru a se sus\u021bine cheltuielile de asisten\u021b\u0103 social\u0103 \u00een caz de invaliditate, pentru finan\u021barea indemniza\u021biilor persoanelor cu handicap, precum \u0219i pentru stimulente educa\u021bionale acordate copiilor din familii defavorizate.<\/p>\n\n\n\n<p>Alte capitole care beneficiaz\u0103 de majorare bugetar\u0103 sunt: capitolul bugetar locuin\u021be, servicii \u0219i dezvoltare public\u0103 care beneficiaz\u0103 de o majorare bugetar\u0103 de 306.950 lei, iar pentru ramburs\u0103ri de credite se aloc\u0103 suma de 181.000 lei.&nbsp;<\/p>\n","protected":false},"excerpt":{"rendered":"<p>La propunerea&nbsp;primarului Municipiului Sebe\u0219, Dorin Nistor, Consiliul Local a aprobat, \u00een \u0219edin\u021ba ordinar\u0103 a lunii august, hot\u0103r\u00e2rea privind majorarea bugetului local cu suma de 1.584.000 lei, astfel \u00eenc\u00e2t s\u0103 fie majorate creditele bugetare pentru capitolele \u00eenv\u0103\u021b\u0103m\u00e2nt, s\u0103n\u0103tate, asigur\u0103ri \u0219i asisten\u021b\u0103 social\u0103, locuin\u021be, servicii \u0219i dezvoltare public\u0103. La capitolul \u00eenv\u0103\u021b\u0103m\u00e2nt, bugetul se majoreaz\u0103 cu suma de &hellip;<\/p>\n","protected":false},"author":17,"featured_media":81952,"comment_status":"open","ping_status":"open","sticky":false,"template":"","format":"standard","meta":{"inline_featured_image":false,"footnotes":""},"categories":[2035],"tags":[21559,21560,1003,21558,1206,568],"class_list":["post-92310","post","type-post","status-publish","format-standard","has-post-thumbnail","hentry","category-administratie","tag-asistenta-sociala-2","tag-dezvoltare-publica","tag-educatie","tag-majorare-bugete","tag-sanatate","tag-servicii"],"yoast_head":"<!-- This site is optimized with the Yoast SEO plugin v27.4 - https:\/\/yoast.com\/product\/yoast-seo-wordpress\/ -->\n<title>La Sebe\u0219, au fost majorate cu suma de 1,58 milioane de lei bugetele pentru educa\u021bie, asisten\u021b\u0103 social\u0103, s\u0103n\u0103tate, servicii \u0219i dezvoltare public\u0103 - Revista Urbea Mea - Revista de Alba<\/title>\n<meta name=\"description\" content=\"La propunerea&nbsp;primarului Municipiului Sebe\u0219, Dorin Nistor, Consiliul Local a aprobat, \u00een \u0219edin\u021ba ordinar\u0103 a lunii august, hot\u0103r\u00e2rea privind majorarea\" \/>\n<meta name=\"robots\" content=\"index, follow, max-snippet:-1, max-image-preview:large, max-video-preview:-1\" \/>\n<link rel=\"canonical\" href=\"https:\/\/urbeamea.ro\/albaiulia\/la-sebes-au-fost-majorate-cu-suma-de-158-milioane-de-lei-bugetele-pentru-educatie-asistenta-sociala-sanatate-servicii-si-dezvoltare-publica\/\" \/>\n<meta name=\"twitter:card\" content=\"summary_large_image\" \/>\n<meta name=\"twitter:title\" content=\"La Sebe\u0219, au fost majorate cu suma de 1,58 milioane de lei bugetele pentru educa\u021bie, asisten\u021b\u0103 social\u0103, s\u0103n\u0103tate, servicii \u0219i dezvoltare public\u0103 - Revista Urbea Mea - Revista de Alba\" \/>\n<meta name=\"twitter:description\" content=\"La propunerea&nbsp;primarului Municipiului Sebe\u0219, Dorin Nistor, Consiliul Local a aprobat, \u00een \u0219edin\u021ba ordinar\u0103 a lunii august, hot\u0103r\u00e2rea privind majorarea\" \/>\n<meta name=\"twitter:image\" content=\"https:\/\/urbeamea.ro\/albaiulia\/wp-content\/uploads\/2019\/09\/logo_primaria_sebes_primarie_2019.jpg\" \/>\n<meta name=\"twitter:creator\" content=\"@urbeameaweb\" \/>\n<meta name=\"twitter:site\" content=\"@urbeameaweb\" \/>\n<script type=\"application\/ld+json\" class=\"yoast-schema-graph\">{\"@context\":\"https:\\\/\\\/schema.org\",\"@graph\":[{\"@type\":\"Article\",\"@id\":\"https:\\\/\\\/urbeamea.ro\\\/albaiulia\\\/la-sebes-au-fost-majorate-cu-suma-de-158-milioane-de-lei-bugetele-pentru-educatie-asistenta-sociala-sanatate-servicii-si-dezvoltare-publica\\\/#article\",\"isPartOf\":{\"@id\":\"https:\\\/\\\/urbeamea.ro\\\/albaiulia\\\/la-sebes-au-fost-majorate-cu-suma-de-158-milioane-de-lei-bugetele-pentru-educatie-asistenta-sociala-sanatate-servicii-si-dezvoltare-publica\\\/\"},\"author\":{\"name\":\"Cristina Ganga\",\"@id\":\"https:\\\/\\\/urbeamea.ro\\\/albaiulia\\\/#\\\/schema\\\/person\\\/9700d21fae21c4f038b0b56f4506264a\"},\"headline\":\"La Sebe\u0219, au fost majorate cu suma de 1,58 milioane de lei bugetele pentru educa\u021bie, asisten\u021b\u0103 social\u0103, s\u0103n\u0103tate, servicii \u0219i dezvoltare public\u0103\",\"datePublished\":\"2020-09-08T18:01:14+00:00\",\"dateModified\":\"2020-09-08T18:01:16+00:00\",\"mainEntityOfPage\":{\"@id\":\"https:\\\/\\\/urbeamea.ro\\\/albaiulia\\\/la-sebes-au-fost-majorate-cu-suma-de-158-milioane-de-lei-bugetele-pentru-educatie-asistenta-sociala-sanatate-servicii-si-dezvoltare-publica\\\/\"},\"wordCount\":225,\"commentCount\":0,\"image\":{\"@id\":\"https:\\\/\\\/urbeamea.ro\\\/albaiulia\\\/la-sebes-au-fost-majorate-cu-suma-de-158-milioane-de-lei-bugetele-pentru-educatie-asistenta-sociala-sanatate-servicii-si-dezvoltare-publica\\\/#primaryimage\"},\"thumbnailUrl\":\"https:\\\/\\\/urbeamea.ro\\\/albaiulia\\\/wp-content\\\/uploads\\\/2019\\\/09\\\/logo_primaria_sebes_primarie_2019.jpg\",\"keywords\":[\"asistenta sociala\",\"dezvoltare publica\",\"educatie\",\"majorare bugete\",\"sanatate\",\"servicii\"],\"articleSection\":[\"Administra\u021bie\"],\"inLanguage\":\"ro-RO\",\"potentialAction\":[{\"@type\":\"CommentAction\",\"name\":\"Comment\",\"target\":[\"https:\\\/\\\/urbeamea.ro\\\/albaiulia\\\/la-sebes-au-fost-majorate-cu-suma-de-158-milioane-de-lei-bugetele-pentru-educatie-asistenta-sociala-sanatate-servicii-si-dezvoltare-publica\\\/#respond\"]}]},{\"@type\":\"WebPage\",\"@id\":\"https:\\\/\\\/urbeamea.ro\\\/albaiulia\\\/la-sebes-au-fost-majorate-cu-suma-de-158-milioane-de-lei-bugetele-pentru-educatie-asistenta-sociala-sanatate-servicii-si-dezvoltare-publica\\\/\",\"url\":\"https:\\\/\\\/urbeamea.ro\\\/albaiulia\\\/la-sebes-au-fost-majorate-cu-suma-de-158-milioane-de-lei-bugetele-pentru-educatie-asistenta-sociala-sanatate-servicii-si-dezvoltare-publica\\\/\",\"name\":\"La Sebe\u0219, au fost majorate cu suma de 1,58 milioane de lei bugetele pentru educa\u021bie, asisten\u021b\u0103 social\u0103, s\u0103n\u0103tate, servicii \u0219i dezvoltare public\u0103 - Revista Urbea Mea - Revista de Alba\",\"isPartOf\":{\"@id\":\"https:\\\/\\\/urbeamea.ro\\\/albaiulia\\\/#website\"},\"primaryImageOfPage\":{\"@id\":\"https:\\\/\\\/urbeamea.ro\\\/albaiulia\\\/la-sebes-au-fost-majorate-cu-suma-de-158-milioane-de-lei-bugetele-pentru-educatie-asistenta-sociala-sanatate-servicii-si-dezvoltare-publica\\\/#primaryimage\"},\"image\":{\"@id\":\"https:\\\/\\\/urbeamea.ro\\\/albaiulia\\\/la-sebes-au-fost-majorate-cu-suma-de-158-milioane-de-lei-bugetele-pentru-educatie-asistenta-sociala-sanatate-servicii-si-dezvoltare-publica\\\/#primaryimage\"},\"thumbnailUrl\":\"https:\\\/\\\/urbeamea.ro\\\/albaiulia\\\/wp-content\\\/uploads\\\/2019\\\/09\\\/logo_primaria_sebes_primarie_2019.jpg\",\"datePublished\":\"2020-09-08T18:01:14+00:00\",\"dateModified\":\"2020-09-08T18:01:16+00:00\",\"author\":{\"@id\":\"https:\\\/\\\/urbeamea.ro\\\/albaiulia\\\/#\\\/schema\\\/person\\\/9700d21fae21c4f038b0b56f4506264a\"},\"description\":\"La propunerea&nbsp;primarului Municipiului Sebe\u0219, Dorin Nistor, Consiliul Local a aprobat, \u00een \u0219edin\u021ba ordinar\u0103 a lunii august, hot\u0103r\u00e2rea privind majorarea\",\"breadcrumb\":{\"@id\":\"https:\\\/\\\/urbeamea.ro\\\/albaiulia\\\/la-sebes-au-fost-majorate-cu-suma-de-158-milioane-de-lei-bugetele-pentru-educatie-asistenta-sociala-sanatate-servicii-si-dezvoltare-publica\\\/#breadcrumb\"},\"inLanguage\":\"ro-RO\",\"potentialAction\":[{\"@type\":\"ReadAction\",\"target\":[\"https:\\\/\\\/urbeamea.ro\\\/albaiulia\\\/la-sebes-au-fost-majorate-cu-suma-de-158-milioane-de-lei-bugetele-pentru-educatie-asistenta-sociala-sanatate-servicii-si-dezvoltare-publica\\\/\"]}]},{\"@type\":\"ImageObject\",\"inLanguage\":\"ro-RO\",\"@id\":\"https:\\\/\\\/urbeamea.ro\\\/albaiulia\\\/la-sebes-au-fost-majorate-cu-suma-de-158-milioane-de-lei-bugetele-pentru-educatie-asistenta-sociala-sanatate-servicii-si-dezvoltare-publica\\\/#primaryimage\",\"url\":\"https:\\\/\\\/urbeamea.ro\\\/albaiulia\\\/wp-content\\\/uploads\\\/2019\\\/09\\\/logo_primaria_sebes_primarie_2019.jpg\",\"contentUrl\":\"https:\\\/\\\/urbeamea.ro\\\/albaiulia\\\/wp-content\\\/uploads\\\/2019\\\/09\\\/logo_primaria_sebes_primarie_2019.jpg\",\"width\":960,\"height\":640},{\"@type\":\"BreadcrumbList\",\"@id\":\"https:\\\/\\\/urbeamea.ro\\\/albaiulia\\\/la-sebes-au-fost-majorate-cu-suma-de-158-milioane-de-lei-bugetele-pentru-educatie-asistenta-sociala-sanatate-servicii-si-dezvoltare-publica\\\/#breadcrumb\",\"itemListElement\":[{\"@type\":\"ListItem\",\"position\":1,\"name\":\"Prima pagin\u0103\",\"item\":\"https:\\\/\\\/urbeamea.ro\\\/albaiulia\\\/\"},{\"@type\":\"ListItem\",\"position\":2,\"name\":\"La Sebe\u0219, au fost majorate cu suma de 1,58 milioane de lei bugetele pentru educa\u021bie, asisten\u021b\u0103 social\u0103, s\u0103n\u0103tate, servicii \u0219i dezvoltare public\u0103\"}]},{\"@type\":\"WebSite\",\"@id\":\"https:\\\/\\\/urbeamea.ro\\\/albaiulia\\\/#website\",\"url\":\"https:\\\/\\\/urbeamea.ro\\\/albaiulia\\\/\",\"name\":\"Revista Urbea Mea, Stiri urbane\",\"description\":\"Evenimente \u0219i \u0219tiri din Alba Iulia, Sebe\u0219, Aiud, Blaj\",\"potentialAction\":[{\"@type\":\"SearchAction\",\"target\":{\"@type\":\"EntryPoint\",\"urlTemplate\":\"https:\\\/\\\/urbeamea.ro\\\/albaiulia\\\/?s={search_term_string}\"},\"query-input\":{\"@type\":\"PropertyValueSpecification\",\"valueRequired\":true,\"valueName\":\"search_term_string\"}}],\"inLanguage\":\"ro-RO\"},{\"@type\":\"Person\",\"@id\":\"https:\\\/\\\/urbeamea.ro\\\/albaiulia\\\/#\\\/schema\\\/person\\\/9700d21fae21c4f038b0b56f4506264a\",\"name\":\"Cristina Ganga\",\"image\":{\"@type\":\"ImageObject\",\"inLanguage\":\"ro-RO\",\"@id\":\"https:\\\/\\\/secure.gravatar.com\\\/avatar\\\/5a67661041f057b4a8ccaf26f5a8e86e2689372006d01faf3dd9eeb10b654bb4?s=96&d=mm&r=g\",\"url\":\"https:\\\/\\\/secure.gravatar.com\\\/avatar\\\/5a67661041f057b4a8ccaf26f5a8e86e2689372006d01faf3dd9eeb10b654bb4?s=96&d=mm&r=g\",\"contentUrl\":\"https:\\\/\\\/secure.gravatar.com\\\/avatar\\\/5a67661041f057b4a8ccaf26f5a8e86e2689372006d01faf3dd9eeb10b654bb4?s=96&d=mm&r=g\",\"caption\":\"Cristina Ganga\"},\"description\":\"Jurnalist\",\"sameAs\":[\"https:\\\/\\\/www.facebook.com\\\/cristina.nicola.587\"],\"url\":\"https:\\\/\\\/urbeamea.ro\\\/albaiulia\\\/author\\\/cristina-nicola\\\/\"}]}<\/script>\n<!-- \/ Yoast SEO plugin. -->","yoast_head_json":{"title":"La Sebe\u0219, au fost majorate cu suma de 1,58 milioane de lei bugetele pentru educa\u021bie, asisten\u021b\u0103 social\u0103, s\u0103n\u0103tate, servicii \u0219i dezvoltare public\u0103 - Revista Urbea Mea - Revista de Alba","description":"La propunerea&nbsp;primarului Municipiului Sebe\u0219, Dorin Nistor, Consiliul Local a aprobat, \u00een \u0219edin\u021ba ordinar\u0103 a lunii august, hot\u0103r\u00e2rea privind majorarea","robots":{"index":"index","follow":"follow","max-snippet":"max-snippet:-1","max-image-preview":"max-image-preview:large","max-video-preview":"max-video-preview:-1"},"canonical":"https:\/\/urbeamea.ro\/albaiulia\/la-sebes-au-fost-majorate-cu-suma-de-158-milioane-de-lei-bugetele-pentru-educatie-asistenta-sociala-sanatate-servicii-si-dezvoltare-publica\/","twitter_card":"summary_large_image","twitter_title":"La Sebe\u0219, au fost majorate cu suma de 1,58 milioane de lei bugetele pentru educa\u021bie, asisten\u021b\u0103 social\u0103, s\u0103n\u0103tate, servicii \u0219i dezvoltare public\u0103 - Revista Urbea Mea - Revista de Alba","twitter_description":"La propunerea&nbsp;primarului Municipiului Sebe\u0219, Dorin Nistor, Consiliul Local a aprobat, \u00een \u0219edin\u021ba ordinar\u0103 a lunii august, hot\u0103r\u00e2rea privind majorarea","twitter_image":"https:\/\/urbeamea.ro\/albaiulia\/wp-content\/uploads\/2019\/09\/logo_primaria_sebes_primarie_2019.jpg","twitter_creator":"@urbeameaweb","twitter_site":"@urbeameaweb","schema":{"@context":"https:\/\/schema.org","@graph":[{"@type":"Article","@id":"https:\/\/urbeamea.ro\/albaiulia\/la-sebes-au-fost-majorate-cu-suma-de-158-milioane-de-lei-bugetele-pentru-educatie-asistenta-sociala-sanatate-servicii-si-dezvoltare-publica\/#article","isPartOf":{"@id":"https:\/\/urbeamea.ro\/albaiulia\/la-sebes-au-fost-majorate-cu-suma-de-158-milioane-de-lei-bugetele-pentru-educatie-asistenta-sociala-sanatate-servicii-si-dezvoltare-publica\/"},"author":{"name":"Cristina Ganga","@id":"https:\/\/urbeamea.ro\/albaiulia\/#\/schema\/person\/9700d21fae21c4f038b0b56f4506264a"},"headline":"La Sebe\u0219, au fost majorate cu suma de 1,58 milioane de lei bugetele pentru educa\u021bie, asisten\u021b\u0103 social\u0103, s\u0103n\u0103tate, servicii \u0219i dezvoltare public\u0103","datePublished":"2020-09-08T18:01:14+00:00","dateModified":"2020-09-08T18:01:16+00:00","mainEntityOfPage":{"@id":"https:\/\/urbeamea.ro\/albaiulia\/la-sebes-au-fost-majorate-cu-suma-de-158-milioane-de-lei-bugetele-pentru-educatie-asistenta-sociala-sanatate-servicii-si-dezvoltare-publica\/"},"wordCount":225,"commentCount":0,"image":{"@id":"https:\/\/urbeamea.ro\/albaiulia\/la-sebes-au-fost-majorate-cu-suma-de-158-milioane-de-lei-bugetele-pentru-educatie-asistenta-sociala-sanatate-servicii-si-dezvoltare-publica\/#primaryimage"},"thumbnailUrl":"https:\/\/urbeamea.ro\/albaiulia\/wp-content\/uploads\/2019\/09\/logo_primaria_sebes_primarie_2019.jpg","keywords":["asistenta sociala","dezvoltare publica","educatie","majorare bugete","sanatate","servicii"],"articleSection":["Administra\u021bie"],"inLanguage":"ro-RO","potentialAction":[{"@type":"CommentAction","name":"Comment","target":["https:\/\/urbeamea.ro\/albaiulia\/la-sebes-au-fost-majorate-cu-suma-de-158-milioane-de-lei-bugetele-pentru-educatie-asistenta-sociala-sanatate-servicii-si-dezvoltare-publica\/#respond"]}]},{"@type":"WebPage","@id":"https:\/\/urbeamea.ro\/albaiulia\/la-sebes-au-fost-majorate-cu-suma-de-158-milioane-de-lei-bugetele-pentru-educatie-asistenta-sociala-sanatate-servicii-si-dezvoltare-publica\/","url":"https:\/\/urbeamea.ro\/albaiulia\/la-sebes-au-fost-majorate-cu-suma-de-158-milioane-de-lei-bugetele-pentru-educatie-asistenta-sociala-sanatate-servicii-si-dezvoltare-publica\/","name":"La Sebe\u0219, au fost majorate cu suma de 1,58 milioane de lei bugetele pentru educa\u021bie, asisten\u021b\u0103 social\u0103, s\u0103n\u0103tate, servicii \u0219i dezvoltare public\u0103 - Revista Urbea Mea - Revista de Alba","isPartOf":{"@id":"https:\/\/urbeamea.ro\/albaiulia\/#website"},"primaryImageOfPage":{"@id":"https:\/\/urbeamea.ro\/albaiulia\/la-sebes-au-fost-majorate-cu-suma-de-158-milioane-de-lei-bugetele-pentru-educatie-asistenta-sociala-sanatate-servicii-si-dezvoltare-publica\/#primaryimage"},"image":{"@id":"https:\/\/urbeamea.ro\/albaiulia\/la-sebes-au-fost-majorate-cu-suma-de-158-milioane-de-lei-bugetele-pentru-educatie-asistenta-sociala-sanatate-servicii-si-dezvoltare-publica\/#primaryimage"},"thumbnailUrl":"https:\/\/urbeamea.ro\/albaiulia\/wp-content\/uploads\/2019\/09\/logo_primaria_sebes_primarie_2019.jpg","datePublished":"2020-09-08T18:01:14+00:00","dateModified":"2020-09-08T18:01:16+00:00","author":{"@id":"https:\/\/urbeamea.ro\/albaiulia\/#\/schema\/person\/9700d21fae21c4f038b0b56f4506264a"},"description":"La propunerea&nbsp;primarului Municipiului Sebe\u0219, Dorin Nistor, Consiliul Local a aprobat, \u00een \u0219edin\u021ba ordinar\u0103 a lunii august, hot\u0103r\u00e2rea privind majorarea","breadcrumb":{"@id":"https:\/\/urbeamea.ro\/albaiulia\/la-sebes-au-fost-majorate-cu-suma-de-158-milioane-de-lei-bugetele-pentru-educatie-asistenta-sociala-sanatate-servicii-si-dezvoltare-publica\/#breadcrumb"},"inLanguage":"ro-RO","potentialAction":[{"@type":"ReadAction","target":["https:\/\/urbeamea.ro\/albaiulia\/la-sebes-au-fost-majorate-cu-suma-de-158-milioane-de-lei-bugetele-pentru-educatie-asistenta-sociala-sanatate-servicii-si-dezvoltare-publica\/"]}]},{"@type":"ImageObject","inLanguage":"ro-RO","@id":"https:\/\/urbeamea.ro\/albaiulia\/la-sebes-au-fost-majorate-cu-suma-de-158-milioane-de-lei-bugetele-pentru-educatie-asistenta-sociala-sanatate-servicii-si-dezvoltare-publica\/#primaryimage","url":"https:\/\/urbeamea.ro\/albaiulia\/wp-content\/uploads\/2019\/09\/logo_primaria_sebes_primarie_2019.jpg","contentUrl":"https:\/\/urbeamea.ro\/albaiulia\/wp-content\/uploads\/2019\/09\/logo_primaria_sebes_primarie_2019.jpg","width":960,"height":640},{"@type":"BreadcrumbList","@id":"https:\/\/urbeamea.ro\/albaiulia\/la-sebes-au-fost-majorate-cu-suma-de-158-milioane-de-lei-bugetele-pentru-educatie-asistenta-sociala-sanatate-servicii-si-dezvoltare-publica\/#breadcrumb","itemListElement":[{"@type":"ListItem","position":1,"name":"Prima pagin\u0103","item":"https:\/\/urbeamea.ro\/albaiulia\/"},{"@type":"ListItem","position":2,"name":"La Sebe\u0219, au fost majorate cu suma de 1,58 milioane de lei bugetele pentru educa\u021bie, asisten\u021b\u0103 social\u0103, s\u0103n\u0103tate, servicii \u0219i dezvoltare public\u0103"}]},{"@type":"WebSite","@id":"https:\/\/urbeamea.ro\/albaiulia\/#website","url":"https:\/\/urbeamea.ro\/albaiulia\/","name":"Revista Urbea Mea, Stiri urbane","description":"Evenimente \u0219i \u0219tiri din Alba Iulia, Sebe\u0219, Aiud, Blaj","potentialAction":[{"@type":"SearchAction","target":{"@type":"EntryPoint","urlTemplate":"https:\/\/urbeamea.ro\/albaiulia\/?s={search_term_string}"},"query-input":{"@type":"PropertyValueSpecification","valueRequired":true,"valueName":"search_term_string"}}],"inLanguage":"ro-RO"},{"@type":"Person","@id":"https:\/\/urbeamea.ro\/albaiulia\/#\/schema\/person\/9700d21fae21c4f038b0b56f4506264a","name":"Cristina Ganga","image":{"@type":"ImageObject","inLanguage":"ro-RO","@id":"https:\/\/secure.gravatar.com\/avatar\/5a67661041f057b4a8ccaf26f5a8e86e2689372006d01faf3dd9eeb10b654bb4?s=96&d=mm&r=g","url":"https:\/\/secure.gravatar.com\/avatar\/5a67661041f057b4a8ccaf26f5a8e86e2689372006d01faf3dd9eeb10b654bb4?s=96&d=mm&r=g","contentUrl":"https:\/\/secure.gravatar.com\/avatar\/5a67661041f057b4a8ccaf26f5a8e86e2689372006d01faf3dd9eeb10b654bb4?s=96&d=mm&r=g","caption":"Cristina Ganga"},"description":"Jurnalist","sameAs":["https:\/\/www.facebook.com\/cristina.nicola.587"],"url":"https:\/\/urbeamea.ro\/albaiulia\/author\/cristina-nicola\/"}]}},"_links":{"self":[{"href":"https:\/\/urbeamea.ro\/albaiulia\/wp-json\/wp\/v2\/posts\/92310","targetHints":{"allow":["GET"]}}],"collection":[{"href":"https:\/\/urbeamea.ro\/albaiulia\/wp-json\/wp\/v2\/posts"}],"about":[{"href":"https:\/\/urbeamea.ro\/albaiulia\/wp-json\/wp\/v2\/types\/post"}],"author":[{"embeddable":true,"href":"https:\/\/urbeamea.ro\/albaiulia\/wp-json\/wp\/v2\/users\/17"}],"replies":[{"embeddable":true,"href":"https:\/\/urbeamea.ro\/albaiulia\/wp-json\/wp\/v2\/comments?post=92310"}],"version-history":[{"count":1,"href":"https:\/\/urbeamea.ro\/albaiulia\/wp-json\/wp\/v2\/posts\/92310\/revisions"}],"predecessor-version":[{"id":92311,"href":"https:\/\/urbeamea.ro\/albaiulia\/wp-json\/wp\/v2\/posts\/92310\/revisions\/92311"}],"wp:featuredmedia":[{"embeddable":true,"href":"https:\/\/urbeamea.ro\/albaiulia\/wp-json\/wp\/v2\/media\/81952"}],"wp:attachment":[{"href":"https:\/\/urbeamea.ro\/albaiulia\/wp-json\/wp\/v2\/media?parent=92310"}],"wp:term":[{"taxonomy":"category","embeddable":true,"href":"https:\/\/urbeamea.ro\/albaiulia\/wp-json\/wp\/v2\/categories?post=92310"},{"taxonomy":"post_tag","embeddable":true,"href":"https:\/\/urbeamea.ro\/albaiulia\/wp-json\/wp\/v2\/tags?post=92310"}],"curies":[{"name":"wp","href":"https:\/\/api.w.org\/{rel}","templated":true}]}}