{"id":92312,"date":"2020-09-08T21:04:39","date_gmt":"2020-09-08T18:04:39","guid":{"rendered":"https:\/\/urbeamea.ro\/albaiulia\/?p=92312"},"modified":"2020-09-08T21:04:41","modified_gmt":"2020-09-08T18:04:41","slug":"modificare-sensuri-de-circulatie-la-alba-iulia","status":"publish","type":"post","link":"https:\/\/urbeamea.ro\/albaiulia\/modificare-sensuri-de-circulatie-la-alba-iulia\/","title":{"rendered":"Modificare sensuri de circula\u021bie, la Alba Iulia"},"content":{"rendered":"\n<h4 class=\"wp-block-heading\">\u00cen aceste zile se finalizeaz\u0103 ruta ocolitoare suplimentar\u0103 ce va ajuta la descongestionarea intersec\u021biei bd. Revolu\u021biei 1989 &#8211; bd. Republicii &#8211; Calea Mo\u021bilor.\u00a0<\/h4>\n\n\n\n<p>Lucr\u0103rile se desf\u0103\u0219oar\u0103 \u00een ritm accelerat av\u00e2nd \u00een vedere \u00eenceperea anului \u0219colar \u0219i cre\u0219terea valorilor de trafic dinspre \u0219i \u00eenspre Mice\u0219ti. S-a asfaltat str. Mircea Eliade \u0219i ast\u0103zi se asfalteaz\u0103 str. Constantin Noica. Urmeaz\u0103 str. Nazareth Illit \u0219i str. Alessandria.<\/p>\n\n\n\n<p>Pe direc\u021bia Mice\u0219ti &#8211; Alba Iulia se va crea ruta alternativ\u0103: Calea Mo\u021bilor &#8211; str. Alessandria &#8211; str. Nazareth Illit &#8211; str. Mircea Eliade &#8211; str. Topora\u0219ilor.\u00a0Pe direc\u021bia Alba Iulia &#8211; Mice\u0219ti se va crea ruta alternativ\u0103: str. Topora\u0219ilor &#8211; str. Mircea Eliade &#8211; str. Constantin Noica &#8211; str. Nazareth Illit &#8211; Calea Mo\u021bilor.<\/p>\n\n\n\n<p>\u00cencep\u00e2nd de ast\u0103zi s-a instituit sens unic de deplasare pe str. Constantin Noica pe direc\u021bia de mers c\u0103tre str. Nazareth Illit.<\/p>\n","protected":false},"excerpt":{"rendered":"<p>\u00cen aceste zile se finalizeaz\u0103 ruta ocolitoare suplimentar\u0103 ce va ajuta la descongestionarea intersec\u021biei bd. Revolu\u021biei 1989 &#8211; bd. Republicii &#8211; Calea Mo\u021bilor.\u00a0 Lucr\u0103rile se desf\u0103\u0219oar\u0103 \u00een ritm accelerat av\u00e2nd \u00een vedere \u00eenceperea anului \u0219colar \u0219i cre\u0219terea valorilor de trafic dinspre \u0219i \u00eenspre Mice\u0219ti. S-a asfaltat str. Mircea Eliade \u0219i ast\u0103zi se asfalteaz\u0103 str. Constantin &hellip;<\/p>\n","protected":false},"author":17,"featured_media":92313,"comment_status":"open","ping_status":"open","sticky":false,"template":"","format":"standard","meta":{"inline_featured_image":false,"footnotes":""},"categories":[2034],"tags":[21563,21561,11596,21562],"class_list":["post-92312","post","type-post","status-publish","format-standard","has-post-thumbnail","hentry","category-social","tag-descongestionarea-intersectiei","tag-modificare-sensuri-de-circulatie","tag-municipiul-alba-iulia","tag-ruta-ocolitoare-suplimentara"],"yoast_head":"<!-- This site is optimized with the Yoast SEO plugin v27.4 - https:\/\/yoast.com\/product\/yoast-seo-wordpress\/ -->\n<title>Modificare sensuri de circula\u021bie, la Alba Iulia - Revista Urbea Mea - Revista de Alba<\/title>\n<meta name=\"description\" content=\"\u00cen aceste zile se finalizeaz\u0103 ruta ocolitoare suplimentar\u0103 ce va ajuta la descongestionarea intersec\u021biei bd. Revolu\u021biei 1989 - bd. Republicii - Calea\" \/>\n<meta name=\"robots\" content=\"index, follow, max-snippet:-1, max-image-preview:large, max-video-preview:-1\" \/>\n<link rel=\"canonical\" href=\"https:\/\/urbeamea.ro\/albaiulia\/modificare-sensuri-de-circulatie-la-alba-iulia\/\" \/>\n<meta name=\"twitter:card\" content=\"summary_large_image\" \/>\n<meta name=\"twitter:title\" content=\"Modificare sensuri de circula\u021bie, la Alba Iulia - Revista Urbea Mea - Revista de Alba\" \/>\n<meta name=\"twitter:description\" content=\"\u00cen aceste zile se finalizeaz\u0103 ruta ocolitoare suplimentar\u0103 ce va ajuta la descongestionarea intersec\u021biei bd. Revolu\u021biei 1989 - bd. Republicii - Calea\" \/>\n<meta name=\"twitter:image\" content=\"https:\/\/urbeamea.ro\/albaiulia\/wp-content\/uploads\/2020\/09\/WhatsApp-Image-2020-09-08-at-13.12.16.jpeg\" \/>\n<meta name=\"twitter:creator\" content=\"@urbeameaweb\" \/>\n<meta name=\"twitter:site\" content=\"@urbeameaweb\" \/>\n<script type=\"application\/ld+json\" class=\"yoast-schema-graph\">{\"@context\":\"https:\\\/\\\/schema.org\",\"@graph\":[{\"@type\":\"Article\",\"@id\":\"https:\\\/\\\/urbeamea.ro\\\/albaiulia\\\/modificare-sensuri-de-circulatie-la-alba-iulia\\\/#article\",\"isPartOf\":{\"@id\":\"https:\\\/\\\/urbeamea.ro\\\/albaiulia\\\/modificare-sensuri-de-circulatie-la-alba-iulia\\\/\"},\"author\":{\"name\":\"Cristina Ganga\",\"@id\":\"https:\\\/\\\/urbeamea.ro\\\/albaiulia\\\/#\\\/schema\\\/person\\\/9700d21fae21c4f038b0b56f4506264a\"},\"headline\":\"Modificare sensuri de circula\u021bie, la Alba Iulia\",\"datePublished\":\"2020-09-08T18:04:39+00:00\",\"dateModified\":\"2020-09-08T18:04:41+00:00\",\"mainEntityOfPage\":{\"@id\":\"https:\\\/\\\/urbeamea.ro\\\/albaiulia\\\/modificare-sensuri-de-circulatie-la-alba-iulia\\\/\"},\"wordCount\":167,\"commentCount\":0,\"image\":{\"@id\":\"https:\\\/\\\/urbeamea.ro\\\/albaiulia\\\/modificare-sensuri-de-circulatie-la-alba-iulia\\\/#primaryimage\"},\"thumbnailUrl\":\"https:\\\/\\\/urbeamea.ro\\\/albaiulia\\\/wp-content\\\/uploads\\\/2020\\\/09\\\/WhatsApp-Image-2020-09-08-at-13.12.16.jpeg\",\"keywords\":[\"descongestionarea intersectiei\",\"modificare sensuri de circulatie\",\"municipiul alba iulia\",\"ruta ocolitoare suplimentara\"],\"articleSection\":[\"Social\"],\"inLanguage\":\"ro-RO\",\"potentialAction\":[{\"@type\":\"CommentAction\",\"name\":\"Comment\",\"target\":[\"https:\\\/\\\/urbeamea.ro\\\/albaiulia\\\/modificare-sensuri-de-circulatie-la-alba-iulia\\\/#respond\"]}]},{\"@type\":\"WebPage\",\"@id\":\"https:\\\/\\\/urbeamea.ro\\\/albaiulia\\\/modificare-sensuri-de-circulatie-la-alba-iulia\\\/\",\"url\":\"https:\\\/\\\/urbeamea.ro\\\/albaiulia\\\/modificare-sensuri-de-circulatie-la-alba-iulia\\\/\",\"name\":\"Modificare sensuri de circula\u021bie, la Alba Iulia - Revista Urbea Mea - Revista de Alba\",\"isPartOf\":{\"@id\":\"https:\\\/\\\/urbeamea.ro\\\/albaiulia\\\/#website\"},\"primaryImageOfPage\":{\"@id\":\"https:\\\/\\\/urbeamea.ro\\\/albaiulia\\\/modificare-sensuri-de-circulatie-la-alba-iulia\\\/#primaryimage\"},\"image\":{\"@id\":\"https:\\\/\\\/urbeamea.ro\\\/albaiulia\\\/modificare-sensuri-de-circulatie-la-alba-iulia\\\/#primaryimage\"},\"thumbnailUrl\":\"https:\\\/\\\/urbeamea.ro\\\/albaiulia\\\/wp-content\\\/uploads\\\/2020\\\/09\\\/WhatsApp-Image-2020-09-08-at-13.12.16.jpeg\",\"datePublished\":\"2020-09-08T18:04:39+00:00\",\"dateModified\":\"2020-09-08T18:04:41+00:00\",\"author\":{\"@id\":\"https:\\\/\\\/urbeamea.ro\\\/albaiulia\\\/#\\\/schema\\\/person\\\/9700d21fae21c4f038b0b56f4506264a\"},\"description\":\"\u00cen aceste zile se finalizeaz\u0103 ruta ocolitoare suplimentar\u0103 ce va ajuta la descongestionarea intersec\u021biei bd. Revolu\u021biei 1989 - bd. Republicii - Calea\",\"breadcrumb\":{\"@id\":\"https:\\\/\\\/urbeamea.ro\\\/albaiulia\\\/modificare-sensuri-de-circulatie-la-alba-iulia\\\/#breadcrumb\"},\"inLanguage\":\"ro-RO\",\"potentialAction\":[{\"@type\":\"ReadAction\",\"target\":[\"https:\\\/\\\/urbeamea.ro\\\/albaiulia\\\/modificare-sensuri-de-circulatie-la-alba-iulia\\\/\"]}]},{\"@type\":\"ImageObject\",\"inLanguage\":\"ro-RO\",\"@id\":\"https:\\\/\\\/urbeamea.ro\\\/albaiulia\\\/modificare-sensuri-de-circulatie-la-alba-iulia\\\/#primaryimage\",\"url\":\"https:\\\/\\\/urbeamea.ro\\\/albaiulia\\\/wp-content\\\/uploads\\\/2020\\\/09\\\/WhatsApp-Image-2020-09-08-at-13.12.16.jpeg\",\"contentUrl\":\"https:\\\/\\\/urbeamea.ro\\\/albaiulia\\\/wp-content\\\/uploads\\\/2020\\\/09\\\/WhatsApp-Image-2020-09-08-at-13.12.16.jpeg\",\"width\":533,\"height\":718},{\"@type\":\"BreadcrumbList\",\"@id\":\"https:\\\/\\\/urbeamea.ro\\\/albaiulia\\\/modificare-sensuri-de-circulatie-la-alba-iulia\\\/#breadcrumb\",\"itemListElement\":[{\"@type\":\"ListItem\",\"position\":1,\"name\":\"Prima pagin\u0103\",\"item\":\"https:\\\/\\\/urbeamea.ro\\\/albaiulia\\\/\"},{\"@type\":\"ListItem\",\"position\":2,\"name\":\"Modificare sensuri de circula\u021bie, la Alba Iulia\"}]},{\"@type\":\"WebSite\",\"@id\":\"https:\\\/\\\/urbeamea.ro\\\/albaiulia\\\/#website\",\"url\":\"https:\\\/\\\/urbeamea.ro\\\/albaiulia\\\/\",\"name\":\"Revista Urbea Mea, Stiri urbane\",\"description\":\"Evenimente \u0219i \u0219tiri din Alba Iulia, Sebe\u0219, Aiud, Blaj\",\"potentialAction\":[{\"@type\":\"SearchAction\",\"target\":{\"@type\":\"EntryPoint\",\"urlTemplate\":\"https:\\\/\\\/urbeamea.ro\\\/albaiulia\\\/?s={search_term_string}\"},\"query-input\":{\"@type\":\"PropertyValueSpecification\",\"valueRequired\":true,\"valueName\":\"search_term_string\"}}],\"inLanguage\":\"ro-RO\"},{\"@type\":\"Person\",\"@id\":\"https:\\\/\\\/urbeamea.ro\\\/albaiulia\\\/#\\\/schema\\\/person\\\/9700d21fae21c4f038b0b56f4506264a\",\"name\":\"Cristina Ganga\",\"image\":{\"@type\":\"ImageObject\",\"inLanguage\":\"ro-RO\",\"@id\":\"https:\\\/\\\/secure.gravatar.com\\\/avatar\\\/5a67661041f057b4a8ccaf26f5a8e86e2689372006d01faf3dd9eeb10b654bb4?s=96&d=mm&r=g\",\"url\":\"https:\\\/\\\/secure.gravatar.com\\\/avatar\\\/5a67661041f057b4a8ccaf26f5a8e86e2689372006d01faf3dd9eeb10b654bb4?s=96&d=mm&r=g\",\"contentUrl\":\"https:\\\/\\\/secure.gravatar.com\\\/avatar\\\/5a67661041f057b4a8ccaf26f5a8e86e2689372006d01faf3dd9eeb10b654bb4?s=96&d=mm&r=g\",\"caption\":\"Cristina Ganga\"},\"description\":\"Jurnalist\",\"sameAs\":[\"https:\\\/\\\/www.facebook.com\\\/cristina.nicola.587\"],\"url\":\"https:\\\/\\\/urbeamea.ro\\\/albaiulia\\\/author\\\/cristina-nicola\\\/\"}]}<\/script>\n<!-- \/ Yoast SEO plugin. -->","yoast_head_json":{"title":"Modificare sensuri de circula\u021bie, la Alba Iulia - Revista Urbea Mea - Revista de Alba","description":"\u00cen aceste zile se finalizeaz\u0103 ruta ocolitoare suplimentar\u0103 ce va ajuta la descongestionarea intersec\u021biei bd. Revolu\u021biei 1989 - bd. Republicii - Calea","robots":{"index":"index","follow":"follow","max-snippet":"max-snippet:-1","max-image-preview":"max-image-preview:large","max-video-preview":"max-video-preview:-1"},"canonical":"https:\/\/urbeamea.ro\/albaiulia\/modificare-sensuri-de-circulatie-la-alba-iulia\/","twitter_card":"summary_large_image","twitter_title":"Modificare sensuri de circula\u021bie, la Alba Iulia - Revista Urbea Mea - Revista de Alba","twitter_description":"\u00cen aceste zile se finalizeaz\u0103 ruta ocolitoare suplimentar\u0103 ce va ajuta la descongestionarea intersec\u021biei bd. Revolu\u021biei 1989 - bd. Republicii - Calea","twitter_image":"https:\/\/urbeamea.ro\/albaiulia\/wp-content\/uploads\/2020\/09\/WhatsApp-Image-2020-09-08-at-13.12.16.jpeg","twitter_creator":"@urbeameaweb","twitter_site":"@urbeameaweb","schema":{"@context":"https:\/\/schema.org","@graph":[{"@type":"Article","@id":"https:\/\/urbeamea.ro\/albaiulia\/modificare-sensuri-de-circulatie-la-alba-iulia\/#article","isPartOf":{"@id":"https:\/\/urbeamea.ro\/albaiulia\/modificare-sensuri-de-circulatie-la-alba-iulia\/"},"author":{"name":"Cristina Ganga","@id":"https:\/\/urbeamea.ro\/albaiulia\/#\/schema\/person\/9700d21fae21c4f038b0b56f4506264a"},"headline":"Modificare sensuri de circula\u021bie, la Alba Iulia","datePublished":"2020-09-08T18:04:39+00:00","dateModified":"2020-09-08T18:04:41+00:00","mainEntityOfPage":{"@id":"https:\/\/urbeamea.ro\/albaiulia\/modificare-sensuri-de-circulatie-la-alba-iulia\/"},"wordCount":167,"commentCount":0,"image":{"@id":"https:\/\/urbeamea.ro\/albaiulia\/modificare-sensuri-de-circulatie-la-alba-iulia\/#primaryimage"},"thumbnailUrl":"https:\/\/urbeamea.ro\/albaiulia\/wp-content\/uploads\/2020\/09\/WhatsApp-Image-2020-09-08-at-13.12.16.jpeg","keywords":["descongestionarea intersectiei","modificare sensuri de circulatie","municipiul alba iulia","ruta ocolitoare suplimentara"],"articleSection":["Social"],"inLanguage":"ro-RO","potentialAction":[{"@type":"CommentAction","name":"Comment","target":["https:\/\/urbeamea.ro\/albaiulia\/modificare-sensuri-de-circulatie-la-alba-iulia\/#respond"]}]},{"@type":"WebPage","@id":"https:\/\/urbeamea.ro\/albaiulia\/modificare-sensuri-de-circulatie-la-alba-iulia\/","url":"https:\/\/urbeamea.ro\/albaiulia\/modificare-sensuri-de-circulatie-la-alba-iulia\/","name":"Modificare sensuri de circula\u021bie, la Alba Iulia - Revista Urbea Mea - Revista de Alba","isPartOf":{"@id":"https:\/\/urbeamea.ro\/albaiulia\/#website"},"primaryImageOfPage":{"@id":"https:\/\/urbeamea.ro\/albaiulia\/modificare-sensuri-de-circulatie-la-alba-iulia\/#primaryimage"},"image":{"@id":"https:\/\/urbeamea.ro\/albaiulia\/modificare-sensuri-de-circulatie-la-alba-iulia\/#primaryimage"},"thumbnailUrl":"https:\/\/urbeamea.ro\/albaiulia\/wp-content\/uploads\/2020\/09\/WhatsApp-Image-2020-09-08-at-13.12.16.jpeg","datePublished":"2020-09-08T18:04:39+00:00","dateModified":"2020-09-08T18:04:41+00:00","author":{"@id":"https:\/\/urbeamea.ro\/albaiulia\/#\/schema\/person\/9700d21fae21c4f038b0b56f4506264a"},"description":"\u00cen aceste zile se finalizeaz\u0103 ruta ocolitoare suplimentar\u0103 ce va ajuta la descongestionarea intersec\u021biei bd. Revolu\u021biei 1989 - bd. Republicii - Calea","breadcrumb":{"@id":"https:\/\/urbeamea.ro\/albaiulia\/modificare-sensuri-de-circulatie-la-alba-iulia\/#breadcrumb"},"inLanguage":"ro-RO","potentialAction":[{"@type":"ReadAction","target":["https:\/\/urbeamea.ro\/albaiulia\/modificare-sensuri-de-circulatie-la-alba-iulia\/"]}]},{"@type":"ImageObject","inLanguage":"ro-RO","@id":"https:\/\/urbeamea.ro\/albaiulia\/modificare-sensuri-de-circulatie-la-alba-iulia\/#primaryimage","url":"https:\/\/urbeamea.ro\/albaiulia\/wp-content\/uploads\/2020\/09\/WhatsApp-Image-2020-09-08-at-13.12.16.jpeg","contentUrl":"https:\/\/urbeamea.ro\/albaiulia\/wp-content\/uploads\/2020\/09\/WhatsApp-Image-2020-09-08-at-13.12.16.jpeg","width":533,"height":718},{"@type":"BreadcrumbList","@id":"https:\/\/urbeamea.ro\/albaiulia\/modificare-sensuri-de-circulatie-la-alba-iulia\/#breadcrumb","itemListElement":[{"@type":"ListItem","position":1,"name":"Prima pagin\u0103","item":"https:\/\/urbeamea.ro\/albaiulia\/"},{"@type":"ListItem","position":2,"name":"Modificare sensuri de circula\u021bie, la Alba Iulia"}]},{"@type":"WebSite","@id":"https:\/\/urbeamea.ro\/albaiulia\/#website","url":"https:\/\/urbeamea.ro\/albaiulia\/","name":"Revista Urbea Mea, Stiri urbane","description":"Evenimente \u0219i \u0219tiri din Alba Iulia, Sebe\u0219, Aiud, Blaj","potentialAction":[{"@type":"SearchAction","target":{"@type":"EntryPoint","urlTemplate":"https:\/\/urbeamea.ro\/albaiulia\/?s={search_term_string}"},"query-input":{"@type":"PropertyValueSpecification","valueRequired":true,"valueName":"search_term_string"}}],"inLanguage":"ro-RO"},{"@type":"Person","@id":"https:\/\/urbeamea.ro\/albaiulia\/#\/schema\/person\/9700d21fae21c4f038b0b56f4506264a","name":"Cristina Ganga","image":{"@type":"ImageObject","inLanguage":"ro-RO","@id":"https:\/\/secure.gravatar.com\/avatar\/5a67661041f057b4a8ccaf26f5a8e86e2689372006d01faf3dd9eeb10b654bb4?s=96&d=mm&r=g","url":"https:\/\/secure.gravatar.com\/avatar\/5a67661041f057b4a8ccaf26f5a8e86e2689372006d01faf3dd9eeb10b654bb4?s=96&d=mm&r=g","contentUrl":"https:\/\/secure.gravatar.com\/avatar\/5a67661041f057b4a8ccaf26f5a8e86e2689372006d01faf3dd9eeb10b654bb4?s=96&d=mm&r=g","caption":"Cristina Ganga"},"description":"Jurnalist","sameAs":["https:\/\/www.facebook.com\/cristina.nicola.587"],"url":"https:\/\/urbeamea.ro\/albaiulia\/author\/cristina-nicola\/"}]}},"_links":{"self":[{"href":"https:\/\/urbeamea.ro\/albaiulia\/wp-json\/wp\/v2\/posts\/92312","targetHints":{"allow":["GET"]}}],"collection":[{"href":"https:\/\/urbeamea.ro\/albaiulia\/wp-json\/wp\/v2\/posts"}],"about":[{"href":"https:\/\/urbeamea.ro\/albaiulia\/wp-json\/wp\/v2\/types\/post"}],"author":[{"embeddable":true,"href":"https:\/\/urbeamea.ro\/albaiulia\/wp-json\/wp\/v2\/users\/17"}],"replies":[{"embeddable":true,"href":"https:\/\/urbeamea.ro\/albaiulia\/wp-json\/wp\/v2\/comments?post=92312"}],"version-history":[{"count":1,"href":"https:\/\/urbeamea.ro\/albaiulia\/wp-json\/wp\/v2\/posts\/92312\/revisions"}],"predecessor-version":[{"id":92314,"href":"https:\/\/urbeamea.ro\/albaiulia\/wp-json\/wp\/v2\/posts\/92312\/revisions\/92314"}],"wp:featuredmedia":[{"embeddable":true,"href":"https:\/\/urbeamea.ro\/albaiulia\/wp-json\/wp\/v2\/media\/92313"}],"wp:attachment":[{"href":"https:\/\/urbeamea.ro\/albaiulia\/wp-json\/wp\/v2\/media?parent=92312"}],"wp:term":[{"taxonomy":"category","embeddable":true,"href":"https:\/\/urbeamea.ro\/albaiulia\/wp-json\/wp\/v2\/categories?post=92312"},{"taxonomy":"post_tag","embeddable":true,"href":"https:\/\/urbeamea.ro\/albaiulia\/wp-json\/wp\/v2\/tags?post=92312"}],"curies":[{"name":"wp","href":"https:\/\/api.w.org\/{rel}","templated":true}]}}