{"id":92464,"date":"2020-09-23T17:39:06","date_gmt":"2020-09-23T14:39:06","guid":{"rendered":"https:\/\/urbeamea.ro\/albaiulia\/?p=92464"},"modified":"2020-09-23T17:39:09","modified_gmt":"2020-09-23T14:39:09","slug":"joi-lucrari-de-dezinsectie-pe-raza-domeniului-public-al-municipiului-sebes","status":"publish","type":"post","link":"https:\/\/urbeamea.ro\/albaiulia\/joi-lucrari-de-dezinsectie-pe-raza-domeniului-public-al-municipiului-sebes\/","title":{"rendered":"Joi: Lucr\u0103ri de dezinsec\u021bie pe raza domeniului public al Municipiului Sebe\u0219"},"content":{"rendered":"\n<h4 class=\"wp-block-heading\">Prim\u0103ria Municipiului Sebe\u0219 aduce la cuno\u0219tin\u021ba cet\u0103\u021benilor faptul c\u0103 joi, 24 septembrie 2020, \u00een func\u021bie de condi\u021biile meteorologice, se vor desf\u0103\u0219ura lucr\u0103ri de dezinsec\u021bie pe raza domeniului public al Municipiului Sebe\u0219 (spa\u021bii verzi, parcuri, cartiere de blocuri).<\/h4>\n\n\n\n<p class=\"wp-block-paragraph\">Substan\u021ba utilizat\u0103, respectiv \u201eExit 100 EC&#8221;, este avizat\u0103 de Ministerul S\u0103n\u0103t\u0103\u021bii. Rug\u0103m cet\u0103\u021benii s\u0103 manifeste aten\u021bie, \u00een special persoanele cu probleme respiratorii sau cardiace \u0219i copiii, evit\u00e2nd s\u0103 intre \u00een raza de ac\u021biune a echipamentelor de pulverizat.<\/p>\n\n\n\n<p class=\"wp-block-paragraph\">Lucr\u0103rile de dezinsec\u021bie sunt desf\u0103\u0219urate de Prim\u0103ria Municipiului Sebe\u0219, prin Serviciul Public de Administrarea Patrimoniului Sebe\u0219.<\/p>\n","protected":false},"excerpt":{"rendered":"<p>Prim\u0103ria Municipiului Sebe\u0219 aduce la cuno\u0219tin\u021ba cet\u0103\u021benilor faptul c\u0103 joi, 24 septembrie 2020, \u00een func\u021bie de condi\u021biile meteorologice, se vor desf\u0103\u0219ura lucr\u0103ri de dezinsec\u021bie pe raza domeniului public al Municipiului Sebe\u0219 (spa\u021bii verzi, parcuri, cartiere de blocuri). Substan\u021ba utilizat\u0103, respectiv \u201eExit 100 EC&#8221;, este avizat\u0103 de Ministerul S\u0103n\u0103t\u0103\u021bii. Rug\u0103m cet\u0103\u021benii s\u0103 manifeste aten\u021bie, \u00een special &hellip;<\/p>\n","protected":false},"author":17,"featured_media":13971,"comment_status":"open","ping_status":"open","sticky":false,"template":"","format":"standard","meta":{"inline_featured_image":false,"footnotes":""},"categories":[2034],"tags":[4206,21280,17300],"class_list":["post-92464","post","type-post","status-publish","format-standard","has-post-thumbnail","hentry","category-social","tag-domeniul-public","tag-lucrari-de-dezinsectie","tag-municipiul-sebes"],"yoast_head":"<!-- This site is optimized with the Yoast SEO plugin v28.3 - https:\/\/yoast.com\/product\/yoast-seo-wordpress\/ -->\n<title>Joi: Lucr\u0103ri de dezinsec\u021bie pe raza domeniului public al Municipiului Sebe\u0219 - Revista Urbea Mea - Revista de Alba<\/title>\n<meta name=\"description\" content=\"Prim\u0103ria Municipiului Sebe\u0219 aduce la cuno\u0219tin\u021ba cet\u0103\u021benilor faptul c\u0103 joi, 24 septembrie 2020, \u00een func\u021bie de condi\u021biile meteorologice, se vor desf\u0103\u0219ura\" \/>\n<meta name=\"robots\" content=\"index, follow, max-snippet:-1, max-image-preview:large, max-video-preview:-1\" \/>\n<link rel=\"canonical\" href=\"https:\/\/urbeamea.ro\/albaiulia\/joi-lucrari-de-dezinsectie-pe-raza-domeniului-public-al-municipiului-sebes\/\" \/>\n<meta name=\"twitter:card\" content=\"summary_large_image\" \/>\n<meta name=\"twitter:title\" content=\"Joi: Lucr\u0103ri de dezinsec\u021bie pe raza domeniului public al Municipiului Sebe\u0219 - Revista Urbea Mea - Revista de Alba\" \/>\n<meta name=\"twitter:description\" content=\"Prim\u0103ria Municipiului Sebe\u0219 aduce la cuno\u0219tin\u021ba cet\u0103\u021benilor faptul c\u0103 joi, 24 septembrie 2020, \u00een func\u021bie de condi\u021biile meteorologice, se vor desf\u0103\u0219ura\" \/>\n<meta name=\"twitter:image\" content=\"https:\/\/urbeamea.ro\/albaiulia\/wp-content\/uploads\/2015\/12\/dezinsectie1.jpg\" \/>\n<meta name=\"twitter:creator\" content=\"@urbeameaweb\" \/>\n<meta name=\"twitter:site\" content=\"@urbeameaweb\" \/>\n<script type=\"application\/ld+json\" class=\"yoast-schema-graph\">{\"@context\":\"https:\\\/\\\/schema.org\",\"@graph\":[{\"@type\":\"Article\",\"@id\":\"https:\\\/\\\/urbeamea.ro\\\/albaiulia\\\/joi-lucrari-de-dezinsectie-pe-raza-domeniului-public-al-municipiului-sebes\\\/#article\",\"isPartOf\":{\"@id\":\"https:\\\/\\\/urbeamea.ro\\\/albaiulia\\\/joi-lucrari-de-dezinsectie-pe-raza-domeniului-public-al-municipiului-sebes\\\/\"},\"author\":{\"name\":\"Cristina Ganga\",\"@id\":\"https:\\\/\\\/urbeamea.ro\\\/albaiulia\\\/#\\\/schema\\\/person\\\/9700d21fae21c4f038b0b56f4506264a\"},\"headline\":\"Joi: Lucr\u0103ri de dezinsec\u021bie pe raza domeniului public al Municipiului Sebe\u0219\",\"datePublished\":\"2020-09-23T14:39:06+00:00\",\"dateModified\":\"2020-09-23T14:39:09+00:00\",\"mainEntityOfPage\":{\"@id\":\"https:\\\/\\\/urbeamea.ro\\\/albaiulia\\\/joi-lucrari-de-dezinsectie-pe-raza-domeniului-public-al-municipiului-sebes\\\/\"},\"wordCount\":123,\"commentCount\":0,\"image\":{\"@id\":\"https:\\\/\\\/urbeamea.ro\\\/albaiulia\\\/joi-lucrari-de-dezinsectie-pe-raza-domeniului-public-al-municipiului-sebes\\\/#primaryimage\"},\"thumbnailUrl\":\"https:\\\/\\\/urbeamea.ro\\\/albaiulia\\\/wp-content\\\/uploads\\\/2015\\\/12\\\/dezinsectie1.jpg\",\"keywords\":[\"domeniul public\",\"lucrari de dezinsectie\",\"municipiul sebes\"],\"articleSection\":[\"Social\"],\"inLanguage\":\"ro-RO\",\"potentialAction\":[{\"@type\":\"CommentAction\",\"name\":\"Comment\",\"target\":[\"https:\\\/\\\/urbeamea.ro\\\/albaiulia\\\/joi-lucrari-de-dezinsectie-pe-raza-domeniului-public-al-municipiului-sebes\\\/#respond\"]}]},{\"@type\":\"WebPage\",\"@id\":\"https:\\\/\\\/urbeamea.ro\\\/albaiulia\\\/joi-lucrari-de-dezinsectie-pe-raza-domeniului-public-al-municipiului-sebes\\\/\",\"url\":\"https:\\\/\\\/urbeamea.ro\\\/albaiulia\\\/joi-lucrari-de-dezinsectie-pe-raza-domeniului-public-al-municipiului-sebes\\\/\",\"name\":\"Joi: Lucr\u0103ri de dezinsec\u021bie pe raza domeniului public al Municipiului Sebe\u0219 - Revista Urbea Mea - Revista de Alba\",\"isPartOf\":{\"@id\":\"https:\\\/\\\/urbeamea.ro\\\/albaiulia\\\/#website\"},\"primaryImageOfPage\":{\"@id\":\"https:\\\/\\\/urbeamea.ro\\\/albaiulia\\\/joi-lucrari-de-dezinsectie-pe-raza-domeniului-public-al-municipiului-sebes\\\/#primaryimage\"},\"image\":{\"@id\":\"https:\\\/\\\/urbeamea.ro\\\/albaiulia\\\/joi-lucrari-de-dezinsectie-pe-raza-domeniului-public-al-municipiului-sebes\\\/#primaryimage\"},\"thumbnailUrl\":\"https:\\\/\\\/urbeamea.ro\\\/albaiulia\\\/wp-content\\\/uploads\\\/2015\\\/12\\\/dezinsectie1.jpg\",\"datePublished\":\"2020-09-23T14:39:06+00:00\",\"dateModified\":\"2020-09-23T14:39:09+00:00\",\"author\":{\"@id\":\"https:\\\/\\\/urbeamea.ro\\\/albaiulia\\\/#\\\/schema\\\/person\\\/9700d21fae21c4f038b0b56f4506264a\"},\"description\":\"Prim\u0103ria Municipiului Sebe\u0219 aduce la cuno\u0219tin\u021ba cet\u0103\u021benilor faptul c\u0103 joi, 24 septembrie 2020, \u00een func\u021bie de condi\u021biile meteorologice, se vor desf\u0103\u0219ura\",\"breadcrumb\":{\"@id\":\"https:\\\/\\\/urbeamea.ro\\\/albaiulia\\\/joi-lucrari-de-dezinsectie-pe-raza-domeniului-public-al-municipiului-sebes\\\/#breadcrumb\"},\"inLanguage\":\"ro-RO\",\"potentialAction\":[{\"@type\":\"ReadAction\",\"target\":[\"https:\\\/\\\/urbeamea.ro\\\/albaiulia\\\/joi-lucrari-de-dezinsectie-pe-raza-domeniului-public-al-municipiului-sebes\\\/\"]}]},{\"@type\":\"ImageObject\",\"inLanguage\":\"ro-RO\",\"@id\":\"https:\\\/\\\/urbeamea.ro\\\/albaiulia\\\/joi-lucrari-de-dezinsectie-pe-raza-domeniului-public-al-municipiului-sebes\\\/#primaryimage\",\"url\":\"https:\\\/\\\/urbeamea.ro\\\/albaiulia\\\/wp-content\\\/uploads\\\/2015\\\/12\\\/dezinsectie1.jpg\",\"contentUrl\":\"https:\\\/\\\/urbeamea.ro\\\/albaiulia\\\/wp-content\\\/uploads\\\/2015\\\/12\\\/dezinsectie1.jpg\",\"width\":800,\"height\":599},{\"@type\":\"BreadcrumbList\",\"@id\":\"https:\\\/\\\/urbeamea.ro\\\/albaiulia\\\/joi-lucrari-de-dezinsectie-pe-raza-domeniului-public-al-municipiului-sebes\\\/#breadcrumb\",\"itemListElement\":[{\"@type\":\"ListItem\",\"position\":1,\"name\":\"Prima pagin\u0103\",\"item\":\"https:\\\/\\\/urbeamea.ro\\\/albaiulia\\\/\"},{\"@type\":\"ListItem\",\"position\":2,\"name\":\"Joi: Lucr\u0103ri de dezinsec\u021bie pe raza domeniului public al Municipiului Sebe\u0219\"}]},{\"@type\":\"WebSite\",\"@id\":\"https:\\\/\\\/urbeamea.ro\\\/albaiulia\\\/#website\",\"url\":\"https:\\\/\\\/urbeamea.ro\\\/albaiulia\\\/\",\"name\":\"Revista Urbea Mea, Stiri urbane\",\"description\":\"Evenimente \u0219i \u0219tiri din Alba Iulia, Sebe\u0219, Aiud, Blaj\",\"potentialAction\":[{\"@type\":\"SearchAction\",\"target\":{\"@type\":\"EntryPoint\",\"urlTemplate\":\"https:\\\/\\\/urbeamea.ro\\\/albaiulia\\\/?s={search_term_string}\"},\"query-input\":{\"@type\":\"PropertyValueSpecification\",\"valueRequired\":true,\"valueName\":\"search_term_string\"}}],\"inLanguage\":\"ro-RO\"},{\"@type\":\"Person\",\"@id\":\"https:\\\/\\\/urbeamea.ro\\\/albaiulia\\\/#\\\/schema\\\/person\\\/9700d21fae21c4f038b0b56f4506264a\",\"name\":\"Cristina Ganga\",\"image\":{\"@type\":\"ImageObject\",\"inLanguage\":\"ro-RO\",\"@id\":\"https:\\\/\\\/secure.gravatar.com\\\/avatar\\\/5a67661041f057b4a8ccaf26f5a8e86e2689372006d01faf3dd9eeb10b654bb4?s=96&d=mm&r=g\",\"url\":\"https:\\\/\\\/secure.gravatar.com\\\/avatar\\\/5a67661041f057b4a8ccaf26f5a8e86e2689372006d01faf3dd9eeb10b654bb4?s=96&d=mm&r=g\",\"contentUrl\":\"https:\\\/\\\/secure.gravatar.com\\\/avatar\\\/5a67661041f057b4a8ccaf26f5a8e86e2689372006d01faf3dd9eeb10b654bb4?s=96&d=mm&r=g\",\"caption\":\"Cristina Ganga\"},\"description\":\"Jurnalist\",\"sameAs\":[\"https:\\\/\\\/www.facebook.com\\\/cristina.nicola.587\"],\"url\":\"https:\\\/\\\/urbeamea.ro\\\/albaiulia\\\/author\\\/cristina-nicola\\\/\"}]}<\/script>\n<!-- \/ Yoast SEO plugin. -->","yoast_head_json":{"title":"Joi: Lucr\u0103ri de dezinsec\u021bie pe raza domeniului public al Municipiului Sebe\u0219 - Revista Urbea Mea - Revista de Alba","description":"Prim\u0103ria Municipiului Sebe\u0219 aduce la cuno\u0219tin\u021ba cet\u0103\u021benilor faptul c\u0103 joi, 24 septembrie 2020, \u00een func\u021bie de condi\u021biile meteorologice, se vor desf\u0103\u0219ura","robots":{"index":"index","follow":"follow","max-snippet":"max-snippet:-1","max-image-preview":"max-image-preview:large","max-video-preview":"max-video-preview:-1"},"canonical":"https:\/\/urbeamea.ro\/albaiulia\/joi-lucrari-de-dezinsectie-pe-raza-domeniului-public-al-municipiului-sebes\/","twitter_card":"summary_large_image","twitter_title":"Joi: Lucr\u0103ri de dezinsec\u021bie pe raza domeniului public al Municipiului Sebe\u0219 - Revista Urbea Mea - Revista de Alba","twitter_description":"Prim\u0103ria Municipiului Sebe\u0219 aduce la cuno\u0219tin\u021ba cet\u0103\u021benilor faptul c\u0103 joi, 24 septembrie 2020, \u00een func\u021bie de condi\u021biile meteorologice, se vor desf\u0103\u0219ura","twitter_image":"https:\/\/urbeamea.ro\/albaiulia\/wp-content\/uploads\/2015\/12\/dezinsectie1.jpg","twitter_creator":"@urbeameaweb","twitter_site":"@urbeameaweb","schema":{"@context":"https:\/\/schema.org","@graph":[{"@type":"Article","@id":"https:\/\/urbeamea.ro\/albaiulia\/joi-lucrari-de-dezinsectie-pe-raza-domeniului-public-al-municipiului-sebes\/#article","isPartOf":{"@id":"https:\/\/urbeamea.ro\/albaiulia\/joi-lucrari-de-dezinsectie-pe-raza-domeniului-public-al-municipiului-sebes\/"},"author":{"name":"Cristina Ganga","@id":"https:\/\/urbeamea.ro\/albaiulia\/#\/schema\/person\/9700d21fae21c4f038b0b56f4506264a"},"headline":"Joi: Lucr\u0103ri de dezinsec\u021bie pe raza domeniului public al Municipiului Sebe\u0219","datePublished":"2020-09-23T14:39:06+00:00","dateModified":"2020-09-23T14:39:09+00:00","mainEntityOfPage":{"@id":"https:\/\/urbeamea.ro\/albaiulia\/joi-lucrari-de-dezinsectie-pe-raza-domeniului-public-al-municipiului-sebes\/"},"wordCount":123,"commentCount":0,"image":{"@id":"https:\/\/urbeamea.ro\/albaiulia\/joi-lucrari-de-dezinsectie-pe-raza-domeniului-public-al-municipiului-sebes\/#primaryimage"},"thumbnailUrl":"https:\/\/urbeamea.ro\/albaiulia\/wp-content\/uploads\/2015\/12\/dezinsectie1.jpg","keywords":["domeniul public","lucrari de dezinsectie","municipiul sebes"],"articleSection":["Social"],"inLanguage":"ro-RO","potentialAction":[{"@type":"CommentAction","name":"Comment","target":["https:\/\/urbeamea.ro\/albaiulia\/joi-lucrari-de-dezinsectie-pe-raza-domeniului-public-al-municipiului-sebes\/#respond"]}]},{"@type":"WebPage","@id":"https:\/\/urbeamea.ro\/albaiulia\/joi-lucrari-de-dezinsectie-pe-raza-domeniului-public-al-municipiului-sebes\/","url":"https:\/\/urbeamea.ro\/albaiulia\/joi-lucrari-de-dezinsectie-pe-raza-domeniului-public-al-municipiului-sebes\/","name":"Joi: Lucr\u0103ri de dezinsec\u021bie pe raza domeniului public al Municipiului Sebe\u0219 - Revista Urbea Mea - Revista de Alba","isPartOf":{"@id":"https:\/\/urbeamea.ro\/albaiulia\/#website"},"primaryImageOfPage":{"@id":"https:\/\/urbeamea.ro\/albaiulia\/joi-lucrari-de-dezinsectie-pe-raza-domeniului-public-al-municipiului-sebes\/#primaryimage"},"image":{"@id":"https:\/\/urbeamea.ro\/albaiulia\/joi-lucrari-de-dezinsectie-pe-raza-domeniului-public-al-municipiului-sebes\/#primaryimage"},"thumbnailUrl":"https:\/\/urbeamea.ro\/albaiulia\/wp-content\/uploads\/2015\/12\/dezinsectie1.jpg","datePublished":"2020-09-23T14:39:06+00:00","dateModified":"2020-09-23T14:39:09+00:00","author":{"@id":"https:\/\/urbeamea.ro\/albaiulia\/#\/schema\/person\/9700d21fae21c4f038b0b56f4506264a"},"description":"Prim\u0103ria Municipiului Sebe\u0219 aduce la cuno\u0219tin\u021ba cet\u0103\u021benilor faptul c\u0103 joi, 24 septembrie 2020, \u00een func\u021bie de condi\u021biile meteorologice, se vor desf\u0103\u0219ura","breadcrumb":{"@id":"https:\/\/urbeamea.ro\/albaiulia\/joi-lucrari-de-dezinsectie-pe-raza-domeniului-public-al-municipiului-sebes\/#breadcrumb"},"inLanguage":"ro-RO","potentialAction":[{"@type":"ReadAction","target":["https:\/\/urbeamea.ro\/albaiulia\/joi-lucrari-de-dezinsectie-pe-raza-domeniului-public-al-municipiului-sebes\/"]}]},{"@type":"ImageObject","inLanguage":"ro-RO","@id":"https:\/\/urbeamea.ro\/albaiulia\/joi-lucrari-de-dezinsectie-pe-raza-domeniului-public-al-municipiului-sebes\/#primaryimage","url":"https:\/\/urbeamea.ro\/albaiulia\/wp-content\/uploads\/2015\/12\/dezinsectie1.jpg","contentUrl":"https:\/\/urbeamea.ro\/albaiulia\/wp-content\/uploads\/2015\/12\/dezinsectie1.jpg","width":800,"height":599},{"@type":"BreadcrumbList","@id":"https:\/\/urbeamea.ro\/albaiulia\/joi-lucrari-de-dezinsectie-pe-raza-domeniului-public-al-municipiului-sebes\/#breadcrumb","itemListElement":[{"@type":"ListItem","position":1,"name":"Prima pagin\u0103","item":"https:\/\/urbeamea.ro\/albaiulia\/"},{"@type":"ListItem","position":2,"name":"Joi: Lucr\u0103ri de dezinsec\u021bie pe raza domeniului public al Municipiului Sebe\u0219"}]},{"@type":"WebSite","@id":"https:\/\/urbeamea.ro\/albaiulia\/#website","url":"https:\/\/urbeamea.ro\/albaiulia\/","name":"Revista Urbea Mea, Stiri urbane","description":"Evenimente \u0219i \u0219tiri din Alba Iulia, Sebe\u0219, Aiud, Blaj","potentialAction":[{"@type":"SearchAction","target":{"@type":"EntryPoint","urlTemplate":"https:\/\/urbeamea.ro\/albaiulia\/?s={search_term_string}"},"query-input":{"@type":"PropertyValueSpecification","valueRequired":true,"valueName":"search_term_string"}}],"inLanguage":"ro-RO"},{"@type":"Person","@id":"https:\/\/urbeamea.ro\/albaiulia\/#\/schema\/person\/9700d21fae21c4f038b0b56f4506264a","name":"Cristina Ganga","image":{"@type":"ImageObject","inLanguage":"ro-RO","@id":"https:\/\/secure.gravatar.com\/avatar\/5a67661041f057b4a8ccaf26f5a8e86e2689372006d01faf3dd9eeb10b654bb4?s=96&d=mm&r=g","url":"https:\/\/secure.gravatar.com\/avatar\/5a67661041f057b4a8ccaf26f5a8e86e2689372006d01faf3dd9eeb10b654bb4?s=96&d=mm&r=g","contentUrl":"https:\/\/secure.gravatar.com\/avatar\/5a67661041f057b4a8ccaf26f5a8e86e2689372006d01faf3dd9eeb10b654bb4?s=96&d=mm&r=g","caption":"Cristina Ganga"},"description":"Jurnalist","sameAs":["https:\/\/www.facebook.com\/cristina.nicola.587"],"url":"https:\/\/urbeamea.ro\/albaiulia\/author\/cristina-nicola\/"}]}},"_links":{"self":[{"href":"https:\/\/urbeamea.ro\/albaiulia\/wp-json\/wp\/v2\/posts\/92464","targetHints":{"allow":["GET"]}}],"collection":[{"href":"https:\/\/urbeamea.ro\/albaiulia\/wp-json\/wp\/v2\/posts"}],"about":[{"href":"https:\/\/urbeamea.ro\/albaiulia\/wp-json\/wp\/v2\/types\/post"}],"author":[{"embeddable":true,"href":"https:\/\/urbeamea.ro\/albaiulia\/wp-json\/wp\/v2\/users\/17"}],"replies":[{"embeddable":true,"href":"https:\/\/urbeamea.ro\/albaiulia\/wp-json\/wp\/v2\/comments?post=92464"}],"version-history":[{"count":1,"href":"https:\/\/urbeamea.ro\/albaiulia\/wp-json\/wp\/v2\/posts\/92464\/revisions"}],"predecessor-version":[{"id":92465,"href":"https:\/\/urbeamea.ro\/albaiulia\/wp-json\/wp\/v2\/posts\/92464\/revisions\/92465"}],"wp:featuredmedia":[{"embeddable":true,"href":"https:\/\/urbeamea.ro\/albaiulia\/wp-json\/wp\/v2\/media\/13971"}],"wp:attachment":[{"href":"https:\/\/urbeamea.ro\/albaiulia\/wp-json\/wp\/v2\/media?parent=92464"}],"wp:term":[{"taxonomy":"category","embeddable":true,"href":"https:\/\/urbeamea.ro\/albaiulia\/wp-json\/wp\/v2\/categories?post=92464"},{"taxonomy":"post_tag","embeddable":true,"href":"https:\/\/urbeamea.ro\/albaiulia\/wp-json\/wp\/v2\/tags?post=92464"}],"curies":[{"name":"wp","href":"https:\/\/api.w.org\/{rel}","templated":true}]}}