{"id":92496,"date":"2020-09-25T10:18:02","date_gmt":"2020-09-25T07:18:02","guid":{"rendered":"https:\/\/urbeamea.ro\/albaiulia\/?p=92496"},"modified":"2020-09-25T10:18:05","modified_gmt":"2020-09-25T07:18:05","slug":"romania-marcheaza-o-premiera-mondiala-pentru-arta-contemporana","status":"publish","type":"post","link":"https:\/\/urbeamea.ro\/albaiulia\/romania-marcheaza-o-premiera-mondiala-pentru-arta-contemporana\/","title":{"rendered":"Rom\u00e2nia marcheaz\u0103 o premier\u0103 mondial\u0103 pentru arta contemporan\u0103"},"content":{"rendered":"\n<h4 class=\"wp-block-heading\">\u00cen contextul anivers\u0103rii a 75 de ani de la \u00eenfiin\u021barea ONU \u0219i a 65 de ani de la aderarea Rom\u00e2niei la aceast\u0103 organiza\u021bie, Funda\u021bia \u201eInter-Art&#8221; din Aiud organizeaz\u0103 expozi\u021bia universal\u0103 de art\u0103 \u201eNA\u021aIUNILE UNITE &#8211; simbolul vie\u021bii, libert\u0103\u021bii \u0219i fericirii&#8221;, eveniment care se desf\u0103\u0219oar\u0103 sub \u00cenaltul Patronaj al Pre\u0219edintelui Rom\u00e2niei, domnul Klaus Werner Iohannis.<\/h4>\n\n\n\n<p class=\"wp-block-paragraph\">Acest eveniment unic constituie o premier\u0103 mondial\u0103 absolut\u0103 deoarece, pentru prima dat\u0103 \u00een istorie, arti\u0219ti din toate cele 193 de State Membre ONU expun lucr\u0103ri \u00een cadrul aceleia\u0219i expozi\u021bii. Din Rom\u00e2nia expun lucr\u0103ri 24 de arti\u0219ti, apar\u021bin\u00e2nd unui spectru multietnic larg.<\/p>\n\n\n\n<p class=\"wp-block-paragraph\">Expozi\u021bia reprezint\u0103 contribu\u021bia special\u0103 a Rom\u00e2niei pentru aniversarea ONU. \u00cen acest an, expozi\u021bia se va desf\u0103\u0219ura online, urm\u00e2nd s\u0103 fie organizat\u0103 fizic \u00een cursul anului 2021, la sediul Organiza\u021biei Na\u021biunilor Unite, dac\u0103 situa\u021bia epidemiologic\u0103 generat\u0103 de virusul SARS-CoV-2 o va permite.<\/p>\n\n\n\n<p class=\"wp-block-paragraph\">\u00cen mesajul transmis cu prilejul lans\u0103rii expozi\u021biei \u00een mediul online, Pre\u0219edintele Rom\u00e2niei, domnul Klaus Werner Iohannis, a ar\u0103tat c\u0103<\/p>\n\n\n\n<blockquote class=\"wp-block-quote is-layout-flow wp-block-quote-is-layout-flow\"><p>&lt;&lt;\u00a0Expozi\u021bia inaugurat\u0103 ast\u0103zi constituie o fresc\u0103 simbolic\u0103 a timpurilor noastre, creat\u0103 \u00eentr-un context \u00een care avem nevoie &#8211; mai mult dec\u00e2t oric\u00e2nd &#8211; de solidaritate \u0219i \u00een\u021belegere. [&#8230;]\u00a0Nu \u00eent\u00e2mpl\u0103tor, factorul cheie care a permis realizarea acestei expozi\u021bii este acela\u0219i cu cel care a motivat ac\u021biunea ONU de la crearea sa \u00een 1945 \u0219i care garanteaz\u0103 succesul pe mai departe al Organiza\u021biei \u00een demonstrarea \u201eartei unit\u0103\u021bii&#8221; dintre na\u021biuni: cooperarea interna\u021bional\u0103, \u00een beneficiul cet\u0103\u021benilor no\u0219tri\u00a0>>.<\/p><\/blockquote>\n\n\n\n<p class=\"wp-block-paragraph\">Totodat\u0103, Stefan Balog, ini\u021biatorul \u0219i curatorul expozi\u021biei a declarat c\u0103: <\/p>\n\n\n\n<blockquote class=\"wp-block-quote is-layout-flow wp-block-quote-is-layout-flow\"><p>\u201eUn vis frumos devine realitate cu acest proiect, unic \u00een felul s\u0103u. O realizare ce define\u0219te pe deplin conceptul Funda\u021biei \u201eInter-Art&#8221; de a uni prin art\u0103 toate na\u021biunile lumii. Am crezut \u00eentotdeauna \u00een aceast\u0103 deviz\u0103, iar \u00een cei 25 de ani de c\u00e2nd exist\u0103m am f\u0103cut tot posibilul s\u0103 demonstr\u0103m c\u0103 arta \u0219i cultura unui popor reprezint\u0103 cel mai bun ambasador.\u00a0[&#8230;]\u00a0Aceast\u0103 expozi\u021bie reprezint\u0103 un moment istoric, nu doar o premier\u0103 mondial\u0103. Este un cadou aniversar, dar \u0219i un eveniment intercontinental ce ofer\u0103 \u0219anse egale tuturor \u021b\u0103rilor de pe glob de a se afirma prin arta lor&#8221;.<\/p><\/blockquote>\n\n\n\n<p class=\"wp-block-paragraph\">Expozi\u021bia beneficiaz\u0103 de sprijinul Ministerului Afacerilor Externe (MAE) \u0219i al Institutului Cultural Rom\u00e2n (ICR). Parteneri \u00een organizarea expozi\u021biei sunt:&nbsp;Departamentul pentru Rela\u021bii Interetnice din cadrul Guvernului Rom\u00e2niei, Prim\u0103ria Aiud \u0219i Centrul Cultural Liviu Rebreanu din Aiud.&nbsp;&nbsp;&nbsp;&nbsp;<\/p>\n\n\n\n<p class=\"wp-block-paragraph\"><em>Biroul de pres\u0103 a Funda\u021biei Inter-Art Aiud<\/em><\/p>\n","protected":false},"excerpt":{"rendered":"<p>\u00cen contextul anivers\u0103rii a 75 de ani de la \u00eenfiin\u021barea ONU \u0219i a 65 de ani de la aderarea Rom\u00e2niei la aceast\u0103 organiza\u021bie, Funda\u021bia \u201eInter-Art&#8221; din Aiud organizeaz\u0103 expozi\u021bia universal\u0103 de art\u0103 \u201eNA\u021aIUNILE UNITE &#8211; simbolul vie\u021bii, libert\u0103\u021bii \u0219i fericirii&#8221;, eveniment care se desf\u0103\u0219oar\u0103 sub \u00cenaltul Patronaj al Pre\u0219edintelui Rom\u00e2niei, domnul Klaus Werner Iohannis. Acest &hellip;<\/p>\n","protected":false},"author":17,"featured_media":92497,"comment_status":"open","ping_status":"open","sticky":false,"template":"","format":"standard","meta":{"inline_featured_image":false,"footnotes":""},"categories":[2038],"tags":[21661,17312,21660],"class_list":["post-92496","post","type-post","status-publish","format-standard","has-post-thumbnail","hentry","category-cultura","tag-75-de-ani-de-la-infiintarea-onu","tag-fundatia-inter-art-aiud-2","tag-premiera-mondiala-pentru-arta-contemporana"],"yoast_head":"<!-- This site is optimized with the Yoast SEO plugin v28.3 - https:\/\/yoast.com\/product\/yoast-seo-wordpress\/ -->\n<title>Rom\u00e2nia marcheaz\u0103 o premier\u0103 mondial\u0103 pentru arta contemporan\u0103 - Revista Urbea Mea - Revista de Alba<\/title>\n<meta name=\"description\" content=\"\u00cen contextul anivers\u0103rii a 75 de ani de la \u00eenfiin\u021barea ONU \u0219i a 65 de ani de la aderarea Rom\u00e2niei la aceast\u0103 organiza\u021bie, Funda\u021bia \u201eInter-Art&quot; din Aiud\" \/>\n<meta name=\"robots\" content=\"index, follow, max-snippet:-1, max-image-preview:large, max-video-preview:-1\" \/>\n<link rel=\"canonical\" href=\"https:\/\/urbeamea.ro\/albaiulia\/romania-marcheaza-o-premiera-mondiala-pentru-arta-contemporana\/\" \/>\n<meta name=\"twitter:card\" content=\"summary_large_image\" \/>\n<meta name=\"twitter:title\" content=\"Rom\u00e2nia marcheaz\u0103 o premier\u0103 mondial\u0103 pentru arta contemporan\u0103 - Revista Urbea Mea - Revista de Alba\" \/>\n<meta name=\"twitter:description\" content=\"\u00cen contextul anivers\u0103rii a 75 de ani de la \u00eenfiin\u021barea ONU \u0219i a 65 de ani de la aderarea Rom\u00e2niei la aceast\u0103 organiza\u021bie, Funda\u021bia \u201eInter-Art&quot; din Aiud\" \/>\n<meta name=\"twitter:image\" content=\"https:\/\/urbeamea.ro\/albaiulia\/wp-content\/uploads\/2020\/09\/poster-un-inter-art2020-full.jpg\" \/>\n<meta name=\"twitter:creator\" content=\"@urbeameaweb\" \/>\n<meta name=\"twitter:site\" content=\"@urbeameaweb\" \/>\n<script type=\"application\/ld+json\" class=\"yoast-schema-graph\">{\"@context\":\"https:\\\/\\\/schema.org\",\"@graph\":[{\"@type\":\"Article\",\"@id\":\"https:\\\/\\\/urbeamea.ro\\\/albaiulia\\\/romania-marcheaza-o-premiera-mondiala-pentru-arta-contemporana\\\/#article\",\"isPartOf\":{\"@id\":\"https:\\\/\\\/urbeamea.ro\\\/albaiulia\\\/romania-marcheaza-o-premiera-mondiala-pentru-arta-contemporana\\\/\"},\"author\":{\"name\":\"Cristina Ganga\",\"@id\":\"https:\\\/\\\/urbeamea.ro\\\/albaiulia\\\/#\\\/schema\\\/person\\\/9700d21fae21c4f038b0b56f4506264a\"},\"headline\":\"Rom\u00e2nia marcheaz\u0103 o premier\u0103 mondial\u0103 pentru arta contemporan\u0103\",\"datePublished\":\"2020-09-25T07:18:02+00:00\",\"dateModified\":\"2020-09-25T07:18:05+00:00\",\"mainEntityOfPage\":{\"@id\":\"https:\\\/\\\/urbeamea.ro\\\/albaiulia\\\/romania-marcheaza-o-premiera-mondiala-pentru-arta-contemporana\\\/\"},\"wordCount\":456,\"commentCount\":0,\"image\":{\"@id\":\"https:\\\/\\\/urbeamea.ro\\\/albaiulia\\\/romania-marcheaza-o-premiera-mondiala-pentru-arta-contemporana\\\/#primaryimage\"},\"thumbnailUrl\":\"https:\\\/\\\/urbeamea.ro\\\/albaiulia\\\/wp-content\\\/uploads\\\/2020\\\/09\\\/poster-un-inter-art2020-full.jpg\",\"keywords\":[\"75 de ani de la infiintarea ONU\",\"fundatia inter-art aiud\",\"premiera mondiala pentru arta contemporana\"],\"articleSection\":[\"Cultur\u0103\"],\"inLanguage\":\"ro-RO\",\"potentialAction\":[{\"@type\":\"CommentAction\",\"name\":\"Comment\",\"target\":[\"https:\\\/\\\/urbeamea.ro\\\/albaiulia\\\/romania-marcheaza-o-premiera-mondiala-pentru-arta-contemporana\\\/#respond\"]}]},{\"@type\":\"WebPage\",\"@id\":\"https:\\\/\\\/urbeamea.ro\\\/albaiulia\\\/romania-marcheaza-o-premiera-mondiala-pentru-arta-contemporana\\\/\",\"url\":\"https:\\\/\\\/urbeamea.ro\\\/albaiulia\\\/romania-marcheaza-o-premiera-mondiala-pentru-arta-contemporana\\\/\",\"name\":\"Rom\u00e2nia marcheaz\u0103 o premier\u0103 mondial\u0103 pentru arta contemporan\u0103 - Revista Urbea Mea - Revista de Alba\",\"isPartOf\":{\"@id\":\"https:\\\/\\\/urbeamea.ro\\\/albaiulia\\\/#website\"},\"primaryImageOfPage\":{\"@id\":\"https:\\\/\\\/urbeamea.ro\\\/albaiulia\\\/romania-marcheaza-o-premiera-mondiala-pentru-arta-contemporana\\\/#primaryimage\"},\"image\":{\"@id\":\"https:\\\/\\\/urbeamea.ro\\\/albaiulia\\\/romania-marcheaza-o-premiera-mondiala-pentru-arta-contemporana\\\/#primaryimage\"},\"thumbnailUrl\":\"https:\\\/\\\/urbeamea.ro\\\/albaiulia\\\/wp-content\\\/uploads\\\/2020\\\/09\\\/poster-un-inter-art2020-full.jpg\",\"datePublished\":\"2020-09-25T07:18:02+00:00\",\"dateModified\":\"2020-09-25T07:18:05+00:00\",\"author\":{\"@id\":\"https:\\\/\\\/urbeamea.ro\\\/albaiulia\\\/#\\\/schema\\\/person\\\/9700d21fae21c4f038b0b56f4506264a\"},\"description\":\"\u00cen contextul anivers\u0103rii a 75 de ani de la \u00eenfiin\u021barea ONU \u0219i a 65 de ani de la aderarea Rom\u00e2niei la aceast\u0103 organiza\u021bie, Funda\u021bia \u201eInter-Art\\\" din Aiud\",\"breadcrumb\":{\"@id\":\"https:\\\/\\\/urbeamea.ro\\\/albaiulia\\\/romania-marcheaza-o-premiera-mondiala-pentru-arta-contemporana\\\/#breadcrumb\"},\"inLanguage\":\"ro-RO\",\"potentialAction\":[{\"@type\":\"ReadAction\",\"target\":[\"https:\\\/\\\/urbeamea.ro\\\/albaiulia\\\/romania-marcheaza-o-premiera-mondiala-pentru-arta-contemporana\\\/\"]}]},{\"@type\":\"ImageObject\",\"inLanguage\":\"ro-RO\",\"@id\":\"https:\\\/\\\/urbeamea.ro\\\/albaiulia\\\/romania-marcheaza-o-premiera-mondiala-pentru-arta-contemporana\\\/#primaryimage\",\"url\":\"https:\\\/\\\/urbeamea.ro\\\/albaiulia\\\/wp-content\\\/uploads\\\/2020\\\/09\\\/poster-un-inter-art2020-full.jpg\",\"contentUrl\":\"https:\\\/\\\/urbeamea.ro\\\/albaiulia\\\/wp-content\\\/uploads\\\/2020\\\/09\\\/poster-un-inter-art2020-full.jpg\",\"width\":849,\"height\":1200},{\"@type\":\"BreadcrumbList\",\"@id\":\"https:\\\/\\\/urbeamea.ro\\\/albaiulia\\\/romania-marcheaza-o-premiera-mondiala-pentru-arta-contemporana\\\/#breadcrumb\",\"itemListElement\":[{\"@type\":\"ListItem\",\"position\":1,\"name\":\"Prima pagin\u0103\",\"item\":\"https:\\\/\\\/urbeamea.ro\\\/albaiulia\\\/\"},{\"@type\":\"ListItem\",\"position\":2,\"name\":\"Rom\u00e2nia marcheaz\u0103 o premier\u0103 mondial\u0103 pentru arta contemporan\u0103\"}]},{\"@type\":\"WebSite\",\"@id\":\"https:\\\/\\\/urbeamea.ro\\\/albaiulia\\\/#website\",\"url\":\"https:\\\/\\\/urbeamea.ro\\\/albaiulia\\\/\",\"name\":\"Revista Urbea Mea, Stiri urbane\",\"description\":\"Evenimente \u0219i \u0219tiri din Alba Iulia, Sebe\u0219, Aiud, Blaj\",\"potentialAction\":[{\"@type\":\"SearchAction\",\"target\":{\"@type\":\"EntryPoint\",\"urlTemplate\":\"https:\\\/\\\/urbeamea.ro\\\/albaiulia\\\/?s={search_term_string}\"},\"query-input\":{\"@type\":\"PropertyValueSpecification\",\"valueRequired\":true,\"valueName\":\"search_term_string\"}}],\"inLanguage\":\"ro-RO\"},{\"@type\":\"Person\",\"@id\":\"https:\\\/\\\/urbeamea.ro\\\/albaiulia\\\/#\\\/schema\\\/person\\\/9700d21fae21c4f038b0b56f4506264a\",\"name\":\"Cristina Ganga\",\"image\":{\"@type\":\"ImageObject\",\"inLanguage\":\"ro-RO\",\"@id\":\"https:\\\/\\\/secure.gravatar.com\\\/avatar\\\/5a67661041f057b4a8ccaf26f5a8e86e2689372006d01faf3dd9eeb10b654bb4?s=96&d=mm&r=g\",\"url\":\"https:\\\/\\\/secure.gravatar.com\\\/avatar\\\/5a67661041f057b4a8ccaf26f5a8e86e2689372006d01faf3dd9eeb10b654bb4?s=96&d=mm&r=g\",\"contentUrl\":\"https:\\\/\\\/secure.gravatar.com\\\/avatar\\\/5a67661041f057b4a8ccaf26f5a8e86e2689372006d01faf3dd9eeb10b654bb4?s=96&d=mm&r=g\",\"caption\":\"Cristina Ganga\"},\"description\":\"Jurnalist\",\"sameAs\":[\"https:\\\/\\\/www.facebook.com\\\/cristina.nicola.587\"],\"url\":\"https:\\\/\\\/urbeamea.ro\\\/albaiulia\\\/author\\\/cristina-nicola\\\/\"}]}<\/script>\n<!-- \/ Yoast SEO plugin. -->","yoast_head_json":{"title":"Rom\u00e2nia marcheaz\u0103 o premier\u0103 mondial\u0103 pentru arta contemporan\u0103 - Revista Urbea Mea - Revista de Alba","description":"\u00cen contextul anivers\u0103rii a 75 de ani de la \u00eenfiin\u021barea ONU \u0219i a 65 de ani de la aderarea Rom\u00e2niei la aceast\u0103 organiza\u021bie, Funda\u021bia \u201eInter-Art\" din Aiud","robots":{"index":"index","follow":"follow","max-snippet":"max-snippet:-1","max-image-preview":"max-image-preview:large","max-video-preview":"max-video-preview:-1"},"canonical":"https:\/\/urbeamea.ro\/albaiulia\/romania-marcheaza-o-premiera-mondiala-pentru-arta-contemporana\/","twitter_card":"summary_large_image","twitter_title":"Rom\u00e2nia marcheaz\u0103 o premier\u0103 mondial\u0103 pentru arta contemporan\u0103 - Revista Urbea Mea - Revista de Alba","twitter_description":"\u00cen contextul anivers\u0103rii a 75 de ani de la \u00eenfiin\u021barea ONU \u0219i a 65 de ani de la aderarea Rom\u00e2niei la aceast\u0103 organiza\u021bie, Funda\u021bia \u201eInter-Art\" din Aiud","twitter_image":"https:\/\/urbeamea.ro\/albaiulia\/wp-content\/uploads\/2020\/09\/poster-un-inter-art2020-full.jpg","twitter_creator":"@urbeameaweb","twitter_site":"@urbeameaweb","schema":{"@context":"https:\/\/schema.org","@graph":[{"@type":"Article","@id":"https:\/\/urbeamea.ro\/albaiulia\/romania-marcheaza-o-premiera-mondiala-pentru-arta-contemporana\/#article","isPartOf":{"@id":"https:\/\/urbeamea.ro\/albaiulia\/romania-marcheaza-o-premiera-mondiala-pentru-arta-contemporana\/"},"author":{"name":"Cristina Ganga","@id":"https:\/\/urbeamea.ro\/albaiulia\/#\/schema\/person\/9700d21fae21c4f038b0b56f4506264a"},"headline":"Rom\u00e2nia marcheaz\u0103 o premier\u0103 mondial\u0103 pentru arta contemporan\u0103","datePublished":"2020-09-25T07:18:02+00:00","dateModified":"2020-09-25T07:18:05+00:00","mainEntityOfPage":{"@id":"https:\/\/urbeamea.ro\/albaiulia\/romania-marcheaza-o-premiera-mondiala-pentru-arta-contemporana\/"},"wordCount":456,"commentCount":0,"image":{"@id":"https:\/\/urbeamea.ro\/albaiulia\/romania-marcheaza-o-premiera-mondiala-pentru-arta-contemporana\/#primaryimage"},"thumbnailUrl":"https:\/\/urbeamea.ro\/albaiulia\/wp-content\/uploads\/2020\/09\/poster-un-inter-art2020-full.jpg","keywords":["75 de ani de la infiintarea ONU","fundatia inter-art aiud","premiera mondiala pentru arta contemporana"],"articleSection":["Cultur\u0103"],"inLanguage":"ro-RO","potentialAction":[{"@type":"CommentAction","name":"Comment","target":["https:\/\/urbeamea.ro\/albaiulia\/romania-marcheaza-o-premiera-mondiala-pentru-arta-contemporana\/#respond"]}]},{"@type":"WebPage","@id":"https:\/\/urbeamea.ro\/albaiulia\/romania-marcheaza-o-premiera-mondiala-pentru-arta-contemporana\/","url":"https:\/\/urbeamea.ro\/albaiulia\/romania-marcheaza-o-premiera-mondiala-pentru-arta-contemporana\/","name":"Rom\u00e2nia marcheaz\u0103 o premier\u0103 mondial\u0103 pentru arta contemporan\u0103 - Revista Urbea Mea - Revista de Alba","isPartOf":{"@id":"https:\/\/urbeamea.ro\/albaiulia\/#website"},"primaryImageOfPage":{"@id":"https:\/\/urbeamea.ro\/albaiulia\/romania-marcheaza-o-premiera-mondiala-pentru-arta-contemporana\/#primaryimage"},"image":{"@id":"https:\/\/urbeamea.ro\/albaiulia\/romania-marcheaza-o-premiera-mondiala-pentru-arta-contemporana\/#primaryimage"},"thumbnailUrl":"https:\/\/urbeamea.ro\/albaiulia\/wp-content\/uploads\/2020\/09\/poster-un-inter-art2020-full.jpg","datePublished":"2020-09-25T07:18:02+00:00","dateModified":"2020-09-25T07:18:05+00:00","author":{"@id":"https:\/\/urbeamea.ro\/albaiulia\/#\/schema\/person\/9700d21fae21c4f038b0b56f4506264a"},"description":"\u00cen contextul anivers\u0103rii a 75 de ani de la \u00eenfiin\u021barea ONU \u0219i a 65 de ani de la aderarea Rom\u00e2niei la aceast\u0103 organiza\u021bie, Funda\u021bia \u201eInter-Art\" din Aiud","breadcrumb":{"@id":"https:\/\/urbeamea.ro\/albaiulia\/romania-marcheaza-o-premiera-mondiala-pentru-arta-contemporana\/#breadcrumb"},"inLanguage":"ro-RO","potentialAction":[{"@type":"ReadAction","target":["https:\/\/urbeamea.ro\/albaiulia\/romania-marcheaza-o-premiera-mondiala-pentru-arta-contemporana\/"]}]},{"@type":"ImageObject","inLanguage":"ro-RO","@id":"https:\/\/urbeamea.ro\/albaiulia\/romania-marcheaza-o-premiera-mondiala-pentru-arta-contemporana\/#primaryimage","url":"https:\/\/urbeamea.ro\/albaiulia\/wp-content\/uploads\/2020\/09\/poster-un-inter-art2020-full.jpg","contentUrl":"https:\/\/urbeamea.ro\/albaiulia\/wp-content\/uploads\/2020\/09\/poster-un-inter-art2020-full.jpg","width":849,"height":1200},{"@type":"BreadcrumbList","@id":"https:\/\/urbeamea.ro\/albaiulia\/romania-marcheaza-o-premiera-mondiala-pentru-arta-contemporana\/#breadcrumb","itemListElement":[{"@type":"ListItem","position":1,"name":"Prima pagin\u0103","item":"https:\/\/urbeamea.ro\/albaiulia\/"},{"@type":"ListItem","position":2,"name":"Rom\u00e2nia marcheaz\u0103 o premier\u0103 mondial\u0103 pentru arta contemporan\u0103"}]},{"@type":"WebSite","@id":"https:\/\/urbeamea.ro\/albaiulia\/#website","url":"https:\/\/urbeamea.ro\/albaiulia\/","name":"Revista Urbea Mea, Stiri urbane","description":"Evenimente \u0219i \u0219tiri din Alba Iulia, Sebe\u0219, Aiud, Blaj","potentialAction":[{"@type":"SearchAction","target":{"@type":"EntryPoint","urlTemplate":"https:\/\/urbeamea.ro\/albaiulia\/?s={search_term_string}"},"query-input":{"@type":"PropertyValueSpecification","valueRequired":true,"valueName":"search_term_string"}}],"inLanguage":"ro-RO"},{"@type":"Person","@id":"https:\/\/urbeamea.ro\/albaiulia\/#\/schema\/person\/9700d21fae21c4f038b0b56f4506264a","name":"Cristina Ganga","image":{"@type":"ImageObject","inLanguage":"ro-RO","@id":"https:\/\/secure.gravatar.com\/avatar\/5a67661041f057b4a8ccaf26f5a8e86e2689372006d01faf3dd9eeb10b654bb4?s=96&d=mm&r=g","url":"https:\/\/secure.gravatar.com\/avatar\/5a67661041f057b4a8ccaf26f5a8e86e2689372006d01faf3dd9eeb10b654bb4?s=96&d=mm&r=g","contentUrl":"https:\/\/secure.gravatar.com\/avatar\/5a67661041f057b4a8ccaf26f5a8e86e2689372006d01faf3dd9eeb10b654bb4?s=96&d=mm&r=g","caption":"Cristina Ganga"},"description":"Jurnalist","sameAs":["https:\/\/www.facebook.com\/cristina.nicola.587"],"url":"https:\/\/urbeamea.ro\/albaiulia\/author\/cristina-nicola\/"}]}},"_links":{"self":[{"href":"https:\/\/urbeamea.ro\/albaiulia\/wp-json\/wp\/v2\/posts\/92496","targetHints":{"allow":["GET"]}}],"collection":[{"href":"https:\/\/urbeamea.ro\/albaiulia\/wp-json\/wp\/v2\/posts"}],"about":[{"href":"https:\/\/urbeamea.ro\/albaiulia\/wp-json\/wp\/v2\/types\/post"}],"author":[{"embeddable":true,"href":"https:\/\/urbeamea.ro\/albaiulia\/wp-json\/wp\/v2\/users\/17"}],"replies":[{"embeddable":true,"href":"https:\/\/urbeamea.ro\/albaiulia\/wp-json\/wp\/v2\/comments?post=92496"}],"version-history":[{"count":1,"href":"https:\/\/urbeamea.ro\/albaiulia\/wp-json\/wp\/v2\/posts\/92496\/revisions"}],"predecessor-version":[{"id":92498,"href":"https:\/\/urbeamea.ro\/albaiulia\/wp-json\/wp\/v2\/posts\/92496\/revisions\/92498"}],"wp:featuredmedia":[{"embeddable":true,"href":"https:\/\/urbeamea.ro\/albaiulia\/wp-json\/wp\/v2\/media\/92497"}],"wp:attachment":[{"href":"https:\/\/urbeamea.ro\/albaiulia\/wp-json\/wp\/v2\/media?parent=92496"}],"wp:term":[{"taxonomy":"category","embeddable":true,"href":"https:\/\/urbeamea.ro\/albaiulia\/wp-json\/wp\/v2\/categories?post=92496"},{"taxonomy":"post_tag","embeddable":true,"href":"https:\/\/urbeamea.ro\/albaiulia\/wp-json\/wp\/v2\/tags?post=92496"}],"curies":[{"name":"wp","href":"https:\/\/api.w.org\/{rel}","templated":true}]}}