{"id":92653,"date":"2020-10-07T16:13:43","date_gmt":"2020-10-07T13:13:43","guid":{"rendered":"https:\/\/urbeamea.ro\/albaiulia\/?p=92653"},"modified":"2020-10-07T16:13:48","modified_gmt":"2020-10-07T13:13:48","slug":"municipiul-sebes-a-marcat-ziua-mondiala-a-educatie-printr-un-gest-de-gratitudine-oferit-tuturor-institutiilor-de-invatamant-locale","status":"publish","type":"post","link":"https:\/\/urbeamea.ro\/albaiulia\/municipiul-sebes-a-marcat-ziua-mondiala-a-educatie-printr-un-gest-de-gratitudine-oferit-tuturor-institutiilor-de-invatamant-locale\/","title":{"rendered":"Municipiul Sebe\u0219 a marcat Ziua Mondial\u0103 a Educa\u021bie printr-un gest de gratitudine oferit tuturor institu\u021biilor de \u00eenv\u0103\u021b\u0103m\u00e2nt locale"},"content":{"rendered":"\n<h4 class=\"wp-block-heading\">\u021ain\u00e2nd cont de toate m\u0103surile de precau\u021bie care se impun \u00een actualul context epidemiologic, Municipiul Sebe\u0219 a marcat Ziua Mondial\u0103 a Educa\u021biei, \u00eentr-un mod inedit. Odat\u0103 cu reluarea activit\u0103\u021bilor didactice, \u00een cursul zilei de 6 octombrie 2020, tuturor unit\u0103\u021bilor de \u00eenv\u0103\u021b\u0103m\u00e2nt de pe raza unit\u0103\u021bii administrativ-teritoriale a Municipiului Sebe\u0219 le-a fost oferit\u0103 o distinc\u021bie de excelen\u021b\u0103, \u00eenso\u021bit\u0103 de un aranjament floral destinat \u00eentregului colectiv. <\/h4>\n\n\n\n<p>Primarul Dorin Nistor a fost cel care a intermediat personal acest gest de recuno\u0219tin\u021b\u0103 din partea comunit\u0103\u021bii locale.<\/p>\n\n\n\n<blockquote class=\"wp-block-quote is-layout-flow wp-block-quote-is-layout-flow\"><p>&#8222;\u00cen numele Municipiului Sebe\u0219, avem onoarea de a\u00a0transmite felicit\u0103ri \u00eentregului personal didactic \u0219i auxiliar care se dedic\u0103 activit\u0103\u021bilor din domeniul educa\u021biei. G\u00e2nduri de recuno\u0219tin\u021b\u0103 \u0219i sincer\u0103 pre\u021buire\u00a0pentru minunata c\u0103l\u0103torie \u00een universul cunoa\u0219terii, pentru valorile transmise elevilor \u0219i pre\u0219colarilor prin prodigioasa activitate profesional\u0103.\u00a0La Sebe\u0219, educa\u021bia \u00eenseamn\u0103 excelen\u021b\u0103 \u0219i rezultate deosebite&#8221; <\/p><cite>a fost mesajul transmis de primarul Municipiului Sebe\u0219, Dorin Nistor.<\/cite><\/blockquote>\n\n\n\n<figure class=\"wp-block-gallery columns-3 is-cropped wp-block-gallery-1 is-layout-flex wp-block-gallery-is-layout-flex\"><ul class=\"blocks-gallery-grid\"><li class=\"blocks-gallery-item\"><figure><a href=\"https:\/\/urbeamea.ro\/albaiulia\/wp-content\/uploads\/2020\/10\/e29c8992-a3f0-4964-981b-1578d49c9283.jpg\"><img loading=\"lazy\" decoding=\"async\" width=\"1200\" height=\"848\" src=\"https:\/\/urbeamea.ro\/albaiulia\/wp-content\/uploads\/2020\/10\/e29c8992-a3f0-4964-981b-1578d49c9283.jpg\" alt=\"\" data-id=\"92654\" data-full-url=\"https:\/\/urbeamea.ro\/albaiulia\/wp-content\/uploads\/2020\/10\/e29c8992-a3f0-4964-981b-1578d49c9283.jpg\" data-link=\"https:\/\/urbeamea.ro\/albaiulia\/?attachment_id=92654\" class=\"wp-image-92654\" srcset=\"https:\/\/urbeamea.ro\/albaiulia\/wp-content\/uploads\/2020\/10\/e29c8992-a3f0-4964-981b-1578d49c9283.jpg 1200w, https:\/\/urbeamea.ro\/albaiulia\/wp-content\/uploads\/2020\/10\/e29c8992-a3f0-4964-981b-1578d49c9283-640x452.jpg 640w, https:\/\/urbeamea.ro\/albaiulia\/wp-content\/uploads\/2020\/10\/e29c8992-a3f0-4964-981b-1578d49c9283-150x106.jpg 150w, https:\/\/urbeamea.ro\/albaiulia\/wp-content\/uploads\/2020\/10\/e29c8992-a3f0-4964-981b-1578d49c9283-768x543.jpg 768w\" sizes=\"auto, (max-width: 1200px) 100vw, 1200px\" \/><\/a><\/figure><\/li><li class=\"blocks-gallery-item\"><figure><a href=\"https:\/\/urbeamea.ro\/albaiulia\/wp-content\/uploads\/2020\/10\/IMG_3624.jpg\"><img loading=\"lazy\" decoding=\"async\" width=\"900\" height=\"1200\" src=\"https:\/\/urbeamea.ro\/albaiulia\/wp-content\/uploads\/2020\/10\/IMG_3624.jpg\" alt=\"\" data-id=\"92655\" data-full-url=\"https:\/\/urbeamea.ro\/albaiulia\/wp-content\/uploads\/2020\/10\/IMG_3624.jpg\" data-link=\"https:\/\/urbeamea.ro\/albaiulia\/?attachment_id=92655\" class=\"wp-image-92655\" srcset=\"https:\/\/urbeamea.ro\/albaiulia\/wp-content\/uploads\/2020\/10\/IMG_3624.jpg 900w, https:\/\/urbeamea.ro\/albaiulia\/wp-content\/uploads\/2020\/10\/IMG_3624-480x640.jpg 480w, https:\/\/urbeamea.ro\/albaiulia\/wp-content\/uploads\/2020\/10\/IMG_3624-113x150.jpg 113w, https:\/\/urbeamea.ro\/albaiulia\/wp-content\/uploads\/2020\/10\/IMG_3624-768x1024.jpg 768w\" sizes=\"auto, (max-width: 900px) 100vw, 900px\" \/><\/a><\/figure><\/li><li class=\"blocks-gallery-item\"><figure><a href=\"https:\/\/urbeamea.ro\/albaiulia\/wp-content\/uploads\/2020\/10\/IMG_3628-1.jpg\"><img loading=\"lazy\" decoding=\"async\" width=\"1200\" height=\"900\" src=\"https:\/\/urbeamea.ro\/albaiulia\/wp-content\/uploads\/2020\/10\/IMG_3628-1.jpg\" alt=\"\" data-id=\"92656\" data-full-url=\"https:\/\/urbeamea.ro\/albaiulia\/wp-content\/uploads\/2020\/10\/IMG_3628-1.jpg\" data-link=\"https:\/\/urbeamea.ro\/albaiulia\/?attachment_id=92656\" class=\"wp-image-92656\" srcset=\"https:\/\/urbeamea.ro\/albaiulia\/wp-content\/uploads\/2020\/10\/IMG_3628-1.jpg 1200w, https:\/\/urbeamea.ro\/albaiulia\/wp-content\/uploads\/2020\/10\/IMG_3628-1-640x480.jpg 640w, https:\/\/urbeamea.ro\/albaiulia\/wp-content\/uploads\/2020\/10\/IMG_3628-1-150x113.jpg 150w, https:\/\/urbeamea.ro\/albaiulia\/wp-content\/uploads\/2020\/10\/IMG_3628-1-768x576.jpg 768w\" sizes=\"auto, (max-width: 1200px) 100vw, 1200px\" \/><\/a><\/figure><\/li><li class=\"blocks-gallery-item\"><figure><a href=\"https:\/\/urbeamea.ro\/albaiulia\/wp-content\/uploads\/2020\/10\/IMG_3631.jpg\"><img loading=\"lazy\" decoding=\"async\" width=\"1200\" height=\"900\" src=\"https:\/\/urbeamea.ro\/albaiulia\/wp-content\/uploads\/2020\/10\/IMG_3631.jpg\" alt=\"\" data-id=\"92657\" data-full-url=\"https:\/\/urbeamea.ro\/albaiulia\/wp-content\/uploads\/2020\/10\/IMG_3631.jpg\" data-link=\"https:\/\/urbeamea.ro\/albaiulia\/?attachment_id=92657\" class=\"wp-image-92657\" srcset=\"https:\/\/urbeamea.ro\/albaiulia\/wp-content\/uploads\/2020\/10\/IMG_3631.jpg 1200w, https:\/\/urbeamea.ro\/albaiulia\/wp-content\/uploads\/2020\/10\/IMG_3631-640x480.jpg 640w, https:\/\/urbeamea.ro\/albaiulia\/wp-content\/uploads\/2020\/10\/IMG_3631-150x113.jpg 150w, https:\/\/urbeamea.ro\/albaiulia\/wp-content\/uploads\/2020\/10\/IMG_3631-768x576.jpg 768w\" sizes=\"auto, (max-width: 1200px) 100vw, 1200px\" \/><\/a><\/figure><\/li><\/ul><\/figure>\n","protected":false},"excerpt":{"rendered":"<p>\u021ain\u00e2nd cont de toate m\u0103surile de precau\u021bie care se impun \u00een actualul context epidemiologic, Municipiul Sebe\u0219 a marcat Ziua Mondial\u0103 a Educa\u021biei, \u00eentr-un mod inedit. Odat\u0103 cu reluarea activit\u0103\u021bilor didactice, \u00een cursul zilei de 6 octombrie 2020, tuturor unit\u0103\u021bilor de \u00eenv\u0103\u021b\u0103m\u00e2nt de pe raza unit\u0103\u021bii administrativ-teritoriale a Municipiului Sebe\u0219 le-a fost oferit\u0103 o distinc\u021bie de &hellip;<\/p>\n","protected":false},"author":17,"featured_media":92656,"comment_status":"open","ping_status":"open","sticky":false,"template":"","format":"standard","meta":{"inline_featured_image":false,"footnotes":""},"categories":[2039],"tags":[21712,21713,17300,12626],"class_list":["post-92653","post","type-post","status-publish","format-standard","has-post-thumbnail","hentry","category-educatie","tag-gest-de-gratitudine","tag-institutii-de-invatamant-locale","tag-municipiul-sebes","tag-ziua-mondiala-a-educatiei"],"yoast_head":"<!-- This site is optimized with the Yoast SEO plugin v27.4 - https:\/\/yoast.com\/product\/yoast-seo-wordpress\/ -->\n<title>Municipiul Sebe\u0219 a marcat Ziua Mondial\u0103 a Educa\u021bie printr-un gest de gratitudine oferit tuturor institu\u021biilor de \u00eenv\u0103\u021b\u0103m\u00e2nt locale - Revista Urbea Mea - Revista de Alba<\/title>\n<meta name=\"description\" content=\"\u021ain\u00e2nd cont de toate m\u0103surile de precau\u021bie care se impun \u00een actualul context epidemiologic, Municipiul Sebe\u0219 a marcat Ziua Mondial\u0103 a Educa\u021biei, \u00eentr-un\" \/>\n<meta name=\"robots\" content=\"index, follow, max-snippet:-1, max-image-preview:large, max-video-preview:-1\" \/>\n<link rel=\"canonical\" href=\"https:\/\/urbeamea.ro\/albaiulia\/municipiul-sebes-a-marcat-ziua-mondiala-a-educatie-printr-un-gest-de-gratitudine-oferit-tuturor-institutiilor-de-invatamant-locale\/\" \/>\n<meta name=\"twitter:card\" content=\"summary_large_image\" \/>\n<meta name=\"twitter:title\" content=\"Municipiul Sebe\u0219 a marcat Ziua Mondial\u0103 a Educa\u021bie printr-un gest de gratitudine oferit tuturor institu\u021biilor de \u00eenv\u0103\u021b\u0103m\u00e2nt locale - Revista Urbea Mea - Revista de Alba\" \/>\n<meta name=\"twitter:description\" content=\"\u021ain\u00e2nd cont de toate m\u0103surile de precau\u021bie care se impun \u00een actualul context epidemiologic, Municipiul Sebe\u0219 a marcat Ziua Mondial\u0103 a Educa\u021biei, \u00eentr-un\" \/>\n<meta name=\"twitter:image\" content=\"https:\/\/urbeamea.ro\/albaiulia\/wp-content\/uploads\/2020\/10\/IMG_3628-1.jpg\" \/>\n<meta name=\"twitter:creator\" content=\"@urbeameaweb\" \/>\n<meta name=\"twitter:site\" content=\"@urbeameaweb\" \/>\n<script type=\"application\/ld+json\" class=\"yoast-schema-graph\">{\"@context\":\"https:\\\/\\\/schema.org\",\"@graph\":[{\"@type\":\"Article\",\"@id\":\"https:\\\/\\\/urbeamea.ro\\\/albaiulia\\\/municipiul-sebes-a-marcat-ziua-mondiala-a-educatie-printr-un-gest-de-gratitudine-oferit-tuturor-institutiilor-de-invatamant-locale\\\/#article\",\"isPartOf\":{\"@id\":\"https:\\\/\\\/urbeamea.ro\\\/albaiulia\\\/municipiul-sebes-a-marcat-ziua-mondiala-a-educatie-printr-un-gest-de-gratitudine-oferit-tuturor-institutiilor-de-invatamant-locale\\\/\"},\"author\":{\"name\":\"Cristina Ganga\",\"@id\":\"https:\\\/\\\/urbeamea.ro\\\/albaiulia\\\/#\\\/schema\\\/person\\\/9700d21fae21c4f038b0b56f4506264a\"},\"headline\":\"Municipiul Sebe\u0219 a marcat Ziua Mondial\u0103 a Educa\u021bie printr-un gest de gratitudine oferit tuturor institu\u021biilor de \u00eenv\u0103\u021b\u0103m\u00e2nt locale\",\"datePublished\":\"2020-10-07T13:13:43+00:00\",\"dateModified\":\"2020-10-07T13:13:48+00:00\",\"mainEntityOfPage\":{\"@id\":\"https:\\\/\\\/urbeamea.ro\\\/albaiulia\\\/municipiul-sebes-a-marcat-ziua-mondiala-a-educatie-printr-un-gest-de-gratitudine-oferit-tuturor-institutiilor-de-invatamant-locale\\\/\"},\"wordCount\":188,\"commentCount\":0,\"image\":{\"@id\":\"https:\\\/\\\/urbeamea.ro\\\/albaiulia\\\/municipiul-sebes-a-marcat-ziua-mondiala-a-educatie-printr-un-gest-de-gratitudine-oferit-tuturor-institutiilor-de-invatamant-locale\\\/#primaryimage\"},\"thumbnailUrl\":\"https:\\\/\\\/urbeamea.ro\\\/albaiulia\\\/wp-content\\\/uploads\\\/2020\\\/10\\\/IMG_3628-1.jpg\",\"keywords\":[\"gest de gratitudine\",\"institutii de invatamant locale\",\"municipiul sebes\",\"ziua mondiala a educatiei\"],\"articleSection\":[\"Educa\u021bie\"],\"inLanguage\":\"ro-RO\",\"potentialAction\":[{\"@type\":\"CommentAction\",\"name\":\"Comment\",\"target\":[\"https:\\\/\\\/urbeamea.ro\\\/albaiulia\\\/municipiul-sebes-a-marcat-ziua-mondiala-a-educatie-printr-un-gest-de-gratitudine-oferit-tuturor-institutiilor-de-invatamant-locale\\\/#respond\"]}]},{\"@type\":\"WebPage\",\"@id\":\"https:\\\/\\\/urbeamea.ro\\\/albaiulia\\\/municipiul-sebes-a-marcat-ziua-mondiala-a-educatie-printr-un-gest-de-gratitudine-oferit-tuturor-institutiilor-de-invatamant-locale\\\/\",\"url\":\"https:\\\/\\\/urbeamea.ro\\\/albaiulia\\\/municipiul-sebes-a-marcat-ziua-mondiala-a-educatie-printr-un-gest-de-gratitudine-oferit-tuturor-institutiilor-de-invatamant-locale\\\/\",\"name\":\"Municipiul Sebe\u0219 a marcat Ziua Mondial\u0103 a Educa\u021bie printr-un gest de gratitudine oferit tuturor institu\u021biilor de \u00eenv\u0103\u021b\u0103m\u00e2nt locale - Revista Urbea Mea - Revista de Alba\",\"isPartOf\":{\"@id\":\"https:\\\/\\\/urbeamea.ro\\\/albaiulia\\\/#website\"},\"primaryImageOfPage\":{\"@id\":\"https:\\\/\\\/urbeamea.ro\\\/albaiulia\\\/municipiul-sebes-a-marcat-ziua-mondiala-a-educatie-printr-un-gest-de-gratitudine-oferit-tuturor-institutiilor-de-invatamant-locale\\\/#primaryimage\"},\"image\":{\"@id\":\"https:\\\/\\\/urbeamea.ro\\\/albaiulia\\\/municipiul-sebes-a-marcat-ziua-mondiala-a-educatie-printr-un-gest-de-gratitudine-oferit-tuturor-institutiilor-de-invatamant-locale\\\/#primaryimage\"},\"thumbnailUrl\":\"https:\\\/\\\/urbeamea.ro\\\/albaiulia\\\/wp-content\\\/uploads\\\/2020\\\/10\\\/IMG_3628-1.jpg\",\"datePublished\":\"2020-10-07T13:13:43+00:00\",\"dateModified\":\"2020-10-07T13:13:48+00:00\",\"author\":{\"@id\":\"https:\\\/\\\/urbeamea.ro\\\/albaiulia\\\/#\\\/schema\\\/person\\\/9700d21fae21c4f038b0b56f4506264a\"},\"description\":\"\u021ain\u00e2nd cont de toate m\u0103surile de precau\u021bie care se impun \u00een actualul context epidemiologic, Municipiul Sebe\u0219 a marcat Ziua Mondial\u0103 a Educa\u021biei, \u00eentr-un\",\"breadcrumb\":{\"@id\":\"https:\\\/\\\/urbeamea.ro\\\/albaiulia\\\/municipiul-sebes-a-marcat-ziua-mondiala-a-educatie-printr-un-gest-de-gratitudine-oferit-tuturor-institutiilor-de-invatamant-locale\\\/#breadcrumb\"},\"inLanguage\":\"ro-RO\",\"potentialAction\":[{\"@type\":\"ReadAction\",\"target\":[\"https:\\\/\\\/urbeamea.ro\\\/albaiulia\\\/municipiul-sebes-a-marcat-ziua-mondiala-a-educatie-printr-un-gest-de-gratitudine-oferit-tuturor-institutiilor-de-invatamant-locale\\\/\"]}]},{\"@type\":\"ImageObject\",\"inLanguage\":\"ro-RO\",\"@id\":\"https:\\\/\\\/urbeamea.ro\\\/albaiulia\\\/municipiul-sebes-a-marcat-ziua-mondiala-a-educatie-printr-un-gest-de-gratitudine-oferit-tuturor-institutiilor-de-invatamant-locale\\\/#primaryimage\",\"url\":\"https:\\\/\\\/urbeamea.ro\\\/albaiulia\\\/wp-content\\\/uploads\\\/2020\\\/10\\\/IMG_3628-1.jpg\",\"contentUrl\":\"https:\\\/\\\/urbeamea.ro\\\/albaiulia\\\/wp-content\\\/uploads\\\/2020\\\/10\\\/IMG_3628-1.jpg\",\"width\":1200,\"height\":900},{\"@type\":\"BreadcrumbList\",\"@id\":\"https:\\\/\\\/urbeamea.ro\\\/albaiulia\\\/municipiul-sebes-a-marcat-ziua-mondiala-a-educatie-printr-un-gest-de-gratitudine-oferit-tuturor-institutiilor-de-invatamant-locale\\\/#breadcrumb\",\"itemListElement\":[{\"@type\":\"ListItem\",\"position\":1,\"name\":\"Prima pagin\u0103\",\"item\":\"https:\\\/\\\/urbeamea.ro\\\/albaiulia\\\/\"},{\"@type\":\"ListItem\",\"position\":2,\"name\":\"Municipiul Sebe\u0219 a marcat Ziua Mondial\u0103 a Educa\u021bie printr-un gest de gratitudine oferit tuturor institu\u021biilor de \u00eenv\u0103\u021b\u0103m\u00e2nt locale\"}]},{\"@type\":\"WebSite\",\"@id\":\"https:\\\/\\\/urbeamea.ro\\\/albaiulia\\\/#website\",\"url\":\"https:\\\/\\\/urbeamea.ro\\\/albaiulia\\\/\",\"name\":\"Revista Urbea Mea, Stiri urbane\",\"description\":\"Evenimente \u0219i \u0219tiri din Alba Iulia, Sebe\u0219, Aiud, Blaj\",\"potentialAction\":[{\"@type\":\"SearchAction\",\"target\":{\"@type\":\"EntryPoint\",\"urlTemplate\":\"https:\\\/\\\/urbeamea.ro\\\/albaiulia\\\/?s={search_term_string}\"},\"query-input\":{\"@type\":\"PropertyValueSpecification\",\"valueRequired\":true,\"valueName\":\"search_term_string\"}}],\"inLanguage\":\"ro-RO\"},{\"@type\":\"Person\",\"@id\":\"https:\\\/\\\/urbeamea.ro\\\/albaiulia\\\/#\\\/schema\\\/person\\\/9700d21fae21c4f038b0b56f4506264a\",\"name\":\"Cristina Ganga\",\"image\":{\"@type\":\"ImageObject\",\"inLanguage\":\"ro-RO\",\"@id\":\"https:\\\/\\\/secure.gravatar.com\\\/avatar\\\/5a67661041f057b4a8ccaf26f5a8e86e2689372006d01faf3dd9eeb10b654bb4?s=96&d=mm&r=g\",\"url\":\"https:\\\/\\\/secure.gravatar.com\\\/avatar\\\/5a67661041f057b4a8ccaf26f5a8e86e2689372006d01faf3dd9eeb10b654bb4?s=96&d=mm&r=g\",\"contentUrl\":\"https:\\\/\\\/secure.gravatar.com\\\/avatar\\\/5a67661041f057b4a8ccaf26f5a8e86e2689372006d01faf3dd9eeb10b654bb4?s=96&d=mm&r=g\",\"caption\":\"Cristina Ganga\"},\"description\":\"Jurnalist\",\"sameAs\":[\"https:\\\/\\\/www.facebook.com\\\/cristina.nicola.587\"],\"url\":\"https:\\\/\\\/urbeamea.ro\\\/albaiulia\\\/author\\\/cristina-nicola\\\/\"}]}<\/script>\n<!-- \/ Yoast SEO plugin. -->","yoast_head_json":{"title":"Municipiul Sebe\u0219 a marcat Ziua Mondial\u0103 a Educa\u021bie printr-un gest de gratitudine oferit tuturor institu\u021biilor de \u00eenv\u0103\u021b\u0103m\u00e2nt locale - Revista Urbea Mea - Revista de Alba","description":"\u021ain\u00e2nd cont de toate m\u0103surile de precau\u021bie care se impun \u00een actualul context epidemiologic, Municipiul Sebe\u0219 a marcat Ziua Mondial\u0103 a Educa\u021biei, \u00eentr-un","robots":{"index":"index","follow":"follow","max-snippet":"max-snippet:-1","max-image-preview":"max-image-preview:large","max-video-preview":"max-video-preview:-1"},"canonical":"https:\/\/urbeamea.ro\/albaiulia\/municipiul-sebes-a-marcat-ziua-mondiala-a-educatie-printr-un-gest-de-gratitudine-oferit-tuturor-institutiilor-de-invatamant-locale\/","twitter_card":"summary_large_image","twitter_title":"Municipiul Sebe\u0219 a marcat Ziua Mondial\u0103 a Educa\u021bie printr-un gest de gratitudine oferit tuturor institu\u021biilor de \u00eenv\u0103\u021b\u0103m\u00e2nt locale - Revista Urbea Mea - Revista de Alba","twitter_description":"\u021ain\u00e2nd cont de toate m\u0103surile de precau\u021bie care se impun \u00een actualul context epidemiologic, Municipiul Sebe\u0219 a marcat Ziua Mondial\u0103 a Educa\u021biei, \u00eentr-un","twitter_image":"https:\/\/urbeamea.ro\/albaiulia\/wp-content\/uploads\/2020\/10\/IMG_3628-1.jpg","twitter_creator":"@urbeameaweb","twitter_site":"@urbeameaweb","schema":{"@context":"https:\/\/schema.org","@graph":[{"@type":"Article","@id":"https:\/\/urbeamea.ro\/albaiulia\/municipiul-sebes-a-marcat-ziua-mondiala-a-educatie-printr-un-gest-de-gratitudine-oferit-tuturor-institutiilor-de-invatamant-locale\/#article","isPartOf":{"@id":"https:\/\/urbeamea.ro\/albaiulia\/municipiul-sebes-a-marcat-ziua-mondiala-a-educatie-printr-un-gest-de-gratitudine-oferit-tuturor-institutiilor-de-invatamant-locale\/"},"author":{"name":"Cristina Ganga","@id":"https:\/\/urbeamea.ro\/albaiulia\/#\/schema\/person\/9700d21fae21c4f038b0b56f4506264a"},"headline":"Municipiul Sebe\u0219 a marcat Ziua Mondial\u0103 a Educa\u021bie printr-un gest de gratitudine oferit tuturor institu\u021biilor de \u00eenv\u0103\u021b\u0103m\u00e2nt locale","datePublished":"2020-10-07T13:13:43+00:00","dateModified":"2020-10-07T13:13:48+00:00","mainEntityOfPage":{"@id":"https:\/\/urbeamea.ro\/albaiulia\/municipiul-sebes-a-marcat-ziua-mondiala-a-educatie-printr-un-gest-de-gratitudine-oferit-tuturor-institutiilor-de-invatamant-locale\/"},"wordCount":188,"commentCount":0,"image":{"@id":"https:\/\/urbeamea.ro\/albaiulia\/municipiul-sebes-a-marcat-ziua-mondiala-a-educatie-printr-un-gest-de-gratitudine-oferit-tuturor-institutiilor-de-invatamant-locale\/#primaryimage"},"thumbnailUrl":"https:\/\/urbeamea.ro\/albaiulia\/wp-content\/uploads\/2020\/10\/IMG_3628-1.jpg","keywords":["gest de gratitudine","institutii de invatamant locale","municipiul sebes","ziua mondiala a educatiei"],"articleSection":["Educa\u021bie"],"inLanguage":"ro-RO","potentialAction":[{"@type":"CommentAction","name":"Comment","target":["https:\/\/urbeamea.ro\/albaiulia\/municipiul-sebes-a-marcat-ziua-mondiala-a-educatie-printr-un-gest-de-gratitudine-oferit-tuturor-institutiilor-de-invatamant-locale\/#respond"]}]},{"@type":"WebPage","@id":"https:\/\/urbeamea.ro\/albaiulia\/municipiul-sebes-a-marcat-ziua-mondiala-a-educatie-printr-un-gest-de-gratitudine-oferit-tuturor-institutiilor-de-invatamant-locale\/","url":"https:\/\/urbeamea.ro\/albaiulia\/municipiul-sebes-a-marcat-ziua-mondiala-a-educatie-printr-un-gest-de-gratitudine-oferit-tuturor-institutiilor-de-invatamant-locale\/","name":"Municipiul Sebe\u0219 a marcat Ziua Mondial\u0103 a Educa\u021bie printr-un gest de gratitudine oferit tuturor institu\u021biilor de \u00eenv\u0103\u021b\u0103m\u00e2nt locale - Revista Urbea Mea - Revista de Alba","isPartOf":{"@id":"https:\/\/urbeamea.ro\/albaiulia\/#website"},"primaryImageOfPage":{"@id":"https:\/\/urbeamea.ro\/albaiulia\/municipiul-sebes-a-marcat-ziua-mondiala-a-educatie-printr-un-gest-de-gratitudine-oferit-tuturor-institutiilor-de-invatamant-locale\/#primaryimage"},"image":{"@id":"https:\/\/urbeamea.ro\/albaiulia\/municipiul-sebes-a-marcat-ziua-mondiala-a-educatie-printr-un-gest-de-gratitudine-oferit-tuturor-institutiilor-de-invatamant-locale\/#primaryimage"},"thumbnailUrl":"https:\/\/urbeamea.ro\/albaiulia\/wp-content\/uploads\/2020\/10\/IMG_3628-1.jpg","datePublished":"2020-10-07T13:13:43+00:00","dateModified":"2020-10-07T13:13:48+00:00","author":{"@id":"https:\/\/urbeamea.ro\/albaiulia\/#\/schema\/person\/9700d21fae21c4f038b0b56f4506264a"},"description":"\u021ain\u00e2nd cont de toate m\u0103surile de precau\u021bie care se impun \u00een actualul context epidemiologic, Municipiul Sebe\u0219 a marcat Ziua Mondial\u0103 a Educa\u021biei, \u00eentr-un","breadcrumb":{"@id":"https:\/\/urbeamea.ro\/albaiulia\/municipiul-sebes-a-marcat-ziua-mondiala-a-educatie-printr-un-gest-de-gratitudine-oferit-tuturor-institutiilor-de-invatamant-locale\/#breadcrumb"},"inLanguage":"ro-RO","potentialAction":[{"@type":"ReadAction","target":["https:\/\/urbeamea.ro\/albaiulia\/municipiul-sebes-a-marcat-ziua-mondiala-a-educatie-printr-un-gest-de-gratitudine-oferit-tuturor-institutiilor-de-invatamant-locale\/"]}]},{"@type":"ImageObject","inLanguage":"ro-RO","@id":"https:\/\/urbeamea.ro\/albaiulia\/municipiul-sebes-a-marcat-ziua-mondiala-a-educatie-printr-un-gest-de-gratitudine-oferit-tuturor-institutiilor-de-invatamant-locale\/#primaryimage","url":"https:\/\/urbeamea.ro\/albaiulia\/wp-content\/uploads\/2020\/10\/IMG_3628-1.jpg","contentUrl":"https:\/\/urbeamea.ro\/albaiulia\/wp-content\/uploads\/2020\/10\/IMG_3628-1.jpg","width":1200,"height":900},{"@type":"BreadcrumbList","@id":"https:\/\/urbeamea.ro\/albaiulia\/municipiul-sebes-a-marcat-ziua-mondiala-a-educatie-printr-un-gest-de-gratitudine-oferit-tuturor-institutiilor-de-invatamant-locale\/#breadcrumb","itemListElement":[{"@type":"ListItem","position":1,"name":"Prima pagin\u0103","item":"https:\/\/urbeamea.ro\/albaiulia\/"},{"@type":"ListItem","position":2,"name":"Municipiul Sebe\u0219 a marcat Ziua Mondial\u0103 a Educa\u021bie printr-un gest de gratitudine oferit tuturor institu\u021biilor de \u00eenv\u0103\u021b\u0103m\u00e2nt locale"}]},{"@type":"WebSite","@id":"https:\/\/urbeamea.ro\/albaiulia\/#website","url":"https:\/\/urbeamea.ro\/albaiulia\/","name":"Revista Urbea Mea, Stiri urbane","description":"Evenimente \u0219i \u0219tiri din Alba Iulia, Sebe\u0219, Aiud, Blaj","potentialAction":[{"@type":"SearchAction","target":{"@type":"EntryPoint","urlTemplate":"https:\/\/urbeamea.ro\/albaiulia\/?s={search_term_string}"},"query-input":{"@type":"PropertyValueSpecification","valueRequired":true,"valueName":"search_term_string"}}],"inLanguage":"ro-RO"},{"@type":"Person","@id":"https:\/\/urbeamea.ro\/albaiulia\/#\/schema\/person\/9700d21fae21c4f038b0b56f4506264a","name":"Cristina Ganga","image":{"@type":"ImageObject","inLanguage":"ro-RO","@id":"https:\/\/secure.gravatar.com\/avatar\/5a67661041f057b4a8ccaf26f5a8e86e2689372006d01faf3dd9eeb10b654bb4?s=96&d=mm&r=g","url":"https:\/\/secure.gravatar.com\/avatar\/5a67661041f057b4a8ccaf26f5a8e86e2689372006d01faf3dd9eeb10b654bb4?s=96&d=mm&r=g","contentUrl":"https:\/\/secure.gravatar.com\/avatar\/5a67661041f057b4a8ccaf26f5a8e86e2689372006d01faf3dd9eeb10b654bb4?s=96&d=mm&r=g","caption":"Cristina Ganga"},"description":"Jurnalist","sameAs":["https:\/\/www.facebook.com\/cristina.nicola.587"],"url":"https:\/\/urbeamea.ro\/albaiulia\/author\/cristina-nicola\/"}]}},"_links":{"self":[{"href":"https:\/\/urbeamea.ro\/albaiulia\/wp-json\/wp\/v2\/posts\/92653","targetHints":{"allow":["GET"]}}],"collection":[{"href":"https:\/\/urbeamea.ro\/albaiulia\/wp-json\/wp\/v2\/posts"}],"about":[{"href":"https:\/\/urbeamea.ro\/albaiulia\/wp-json\/wp\/v2\/types\/post"}],"author":[{"embeddable":true,"href":"https:\/\/urbeamea.ro\/albaiulia\/wp-json\/wp\/v2\/users\/17"}],"replies":[{"embeddable":true,"href":"https:\/\/urbeamea.ro\/albaiulia\/wp-json\/wp\/v2\/comments?post=92653"}],"version-history":[{"count":1,"href":"https:\/\/urbeamea.ro\/albaiulia\/wp-json\/wp\/v2\/posts\/92653\/revisions"}],"predecessor-version":[{"id":92658,"href":"https:\/\/urbeamea.ro\/albaiulia\/wp-json\/wp\/v2\/posts\/92653\/revisions\/92658"}],"wp:featuredmedia":[{"embeddable":true,"href":"https:\/\/urbeamea.ro\/albaiulia\/wp-json\/wp\/v2\/media\/92656"}],"wp:attachment":[{"href":"https:\/\/urbeamea.ro\/albaiulia\/wp-json\/wp\/v2\/media?parent=92653"}],"wp:term":[{"taxonomy":"category","embeddable":true,"href":"https:\/\/urbeamea.ro\/albaiulia\/wp-json\/wp\/v2\/categories?post=92653"},{"taxonomy":"post_tag","embeddable":true,"href":"https:\/\/urbeamea.ro\/albaiulia\/wp-json\/wp\/v2\/tags?post=92653"}],"curies":[{"name":"wp","href":"https:\/\/api.w.org\/{rel}","templated":true}]}}