{"id":92828,"date":"2020-10-23T11:07:46","date_gmt":"2020-10-23T08:07:46","guid":{"rendered":"https:\/\/urbeamea.ro\/albaiulia\/?p=92828"},"modified":"2020-10-23T11:07:49","modified_gmt":"2020-10-23T08:07:49","slug":"23-24-octombrie-lucrari-de-dezinsectie-si-deratizare-pe-raza-municipiului-sebes","status":"publish","type":"post","link":"https:\/\/urbeamea.ro\/albaiulia\/23-24-octombrie-lucrari-de-dezinsectie-si-deratizare-pe-raza-municipiului-sebes\/","title":{"rendered":"23-24 octombrie: Lucr\u0103ri de dezinsec\u021bie \u0219i deratizare pe raza Municipiului Sebe\u0219"},"content":{"rendered":"\n<h5 class=\"wp-block-heading\">\u00cen perioada 23-24 octombrie 2020, \u00een func\u021bie de condi\u021biile meteorologice, se vor efectua lucr\u0103ri de dezinsec\u021bie (combaterea insectelor) \u0219i deratizare (combaterea roz\u0103toarelor) pe raza domeniului public al Municipiului Sebe\u0219.<\/h5>\n\n\n\n<p>Toate produsele folosite sunt avizate de Ministerul S\u0103n\u0103t\u0103\u021bii.<\/p>\n\n\n\n<p>Persoanele cu probleme respiratorii sau cardiace, precum \u0219i copiii sunt ruga\u021bi s\u0103 nu intre \u00een raza direct\u0103 de ac\u021biune a echipamentelor de pulverizat.<\/p>\n\n\n\n<p>Lucr\u0103rile sunt efectuate de societatea comerciala DD CHIM SRL, \u00een colaborare cu Serviciul Public de Administrarea Patrimoniului \u0219i Prim\u0103ria Municipiului Sebe\u0219.<\/p>\n","protected":false},"excerpt":{"rendered":"<p>\u00cen perioada 23-24 octombrie 2020, \u00een func\u021bie de condi\u021biile meteorologice, se vor efectua lucr\u0103ri de dezinsec\u021bie (combaterea insectelor) \u0219i deratizare (combaterea roz\u0103toarelor) pe raza domeniului public al Municipiului Sebe\u0219. Toate produsele folosite sunt avizate de Ministerul S\u0103n\u0103t\u0103\u021bii. Persoanele cu probleme respiratorii sau cardiace, precum \u0219i copiii sunt ruga\u021bi s\u0103 nu intre \u00een raza direct\u0103 de &hellip;<\/p>\n","protected":false},"author":17,"featured_media":13971,"comment_status":"open","ping_status":"open","sticky":false,"template":"","format":"standard","meta":{"inline_featured_image":false,"footnotes":""},"categories":[2035],"tags":[21794,21795,21796,21037,20133],"class_list":["post-92828","post","type-post","status-publish","format-standard","has-post-thumbnail","hentry","category-administratie","tag-combaterea-insectelor","tag-combaterea-rozatoarelor","tag-domeniul-public-al-municipiului-sebes","tag-lucrari-de-dezinsectie-si-deratizare","tag-raza-municipiului-sebes"],"yoast_head":"<!-- This site is optimized with the Yoast SEO plugin v27.4 - https:\/\/yoast.com\/product\/yoast-seo-wordpress\/ -->\n<title>23-24 octombrie: Lucr\u0103ri de dezinsec\u021bie \u0219i deratizare pe raza Municipiului Sebe\u0219 - Revista Urbea Mea - Revista de Alba<\/title>\n<meta name=\"description\" content=\"\u00cen perioada 23-24 octombrie 2020, \u00een func\u021bie de condi\u021biile meteorologice, se vor efectua lucr\u0103ri de dezinsec\u021bie (combaterea insectelor) \u0219i deratizare\" \/>\n<meta name=\"robots\" content=\"index, follow, max-snippet:-1, max-image-preview:large, max-video-preview:-1\" \/>\n<link rel=\"canonical\" href=\"https:\/\/urbeamea.ro\/albaiulia\/23-24-octombrie-lucrari-de-dezinsectie-si-deratizare-pe-raza-municipiului-sebes\/\" \/>\n<meta name=\"twitter:card\" content=\"summary_large_image\" \/>\n<meta name=\"twitter:title\" content=\"23-24 octombrie: Lucr\u0103ri de dezinsec\u021bie \u0219i deratizare pe raza Municipiului Sebe\u0219 - Revista Urbea Mea - Revista de Alba\" \/>\n<meta name=\"twitter:description\" content=\"\u00cen perioada 23-24 octombrie 2020, \u00een func\u021bie de condi\u021biile meteorologice, se vor efectua lucr\u0103ri de dezinsec\u021bie (combaterea insectelor) \u0219i deratizare\" \/>\n<meta name=\"twitter:image\" content=\"https:\/\/urbeamea.ro\/albaiulia\/wp-content\/uploads\/2015\/12\/dezinsectie1.jpg\" \/>\n<meta name=\"twitter:creator\" content=\"@urbeameaweb\" \/>\n<meta name=\"twitter:site\" content=\"@urbeameaweb\" \/>\n<script type=\"application\/ld+json\" class=\"yoast-schema-graph\">{\"@context\":\"https:\\\/\\\/schema.org\",\"@graph\":[{\"@type\":\"Article\",\"@id\":\"https:\\\/\\\/urbeamea.ro\\\/albaiulia\\\/23-24-octombrie-lucrari-de-dezinsectie-si-deratizare-pe-raza-municipiului-sebes\\\/#article\",\"isPartOf\":{\"@id\":\"https:\\\/\\\/urbeamea.ro\\\/albaiulia\\\/23-24-octombrie-lucrari-de-dezinsectie-si-deratizare-pe-raza-municipiului-sebes\\\/\"},\"author\":{\"name\":\"Cristina Ganga\",\"@id\":\"https:\\\/\\\/urbeamea.ro\\\/albaiulia\\\/#\\\/schema\\\/person\\\/9700d21fae21c4f038b0b56f4506264a\"},\"headline\":\"23-24 octombrie: Lucr\u0103ri de dezinsec\u021bie \u0219i deratizare pe raza Municipiului Sebe\u0219\",\"datePublished\":\"2020-10-23T08:07:46+00:00\",\"dateModified\":\"2020-10-23T08:07:49+00:00\",\"mainEntityOfPage\":{\"@id\":\"https:\\\/\\\/urbeamea.ro\\\/albaiulia\\\/23-24-octombrie-lucrari-de-dezinsectie-si-deratizare-pe-raza-municipiului-sebes\\\/\"},\"wordCount\":105,\"commentCount\":0,\"image\":{\"@id\":\"https:\\\/\\\/urbeamea.ro\\\/albaiulia\\\/23-24-octombrie-lucrari-de-dezinsectie-si-deratizare-pe-raza-municipiului-sebes\\\/#primaryimage\"},\"thumbnailUrl\":\"https:\\\/\\\/urbeamea.ro\\\/albaiulia\\\/wp-content\\\/uploads\\\/2015\\\/12\\\/dezinsectie1.jpg\",\"keywords\":[\"combaterea insectelor\",\"combaterea rozatoarelor\",\"domeniul public al municipiului sebes\",\"lucrari de dezinsectie si deratizare\",\"raza municipiului sebes\"],\"articleSection\":[\"Administra\u021bie\"],\"inLanguage\":\"ro-RO\",\"potentialAction\":[{\"@type\":\"CommentAction\",\"name\":\"Comment\",\"target\":[\"https:\\\/\\\/urbeamea.ro\\\/albaiulia\\\/23-24-octombrie-lucrari-de-dezinsectie-si-deratizare-pe-raza-municipiului-sebes\\\/#respond\"]}]},{\"@type\":\"WebPage\",\"@id\":\"https:\\\/\\\/urbeamea.ro\\\/albaiulia\\\/23-24-octombrie-lucrari-de-dezinsectie-si-deratizare-pe-raza-municipiului-sebes\\\/\",\"url\":\"https:\\\/\\\/urbeamea.ro\\\/albaiulia\\\/23-24-octombrie-lucrari-de-dezinsectie-si-deratizare-pe-raza-municipiului-sebes\\\/\",\"name\":\"23-24 octombrie: Lucr\u0103ri de dezinsec\u021bie \u0219i deratizare pe raza Municipiului Sebe\u0219 - Revista Urbea Mea - Revista de Alba\",\"isPartOf\":{\"@id\":\"https:\\\/\\\/urbeamea.ro\\\/albaiulia\\\/#website\"},\"primaryImageOfPage\":{\"@id\":\"https:\\\/\\\/urbeamea.ro\\\/albaiulia\\\/23-24-octombrie-lucrari-de-dezinsectie-si-deratizare-pe-raza-municipiului-sebes\\\/#primaryimage\"},\"image\":{\"@id\":\"https:\\\/\\\/urbeamea.ro\\\/albaiulia\\\/23-24-octombrie-lucrari-de-dezinsectie-si-deratizare-pe-raza-municipiului-sebes\\\/#primaryimage\"},\"thumbnailUrl\":\"https:\\\/\\\/urbeamea.ro\\\/albaiulia\\\/wp-content\\\/uploads\\\/2015\\\/12\\\/dezinsectie1.jpg\",\"datePublished\":\"2020-10-23T08:07:46+00:00\",\"dateModified\":\"2020-10-23T08:07:49+00:00\",\"author\":{\"@id\":\"https:\\\/\\\/urbeamea.ro\\\/albaiulia\\\/#\\\/schema\\\/person\\\/9700d21fae21c4f038b0b56f4506264a\"},\"description\":\"\u00cen perioada 23-24 octombrie 2020, \u00een func\u021bie de condi\u021biile meteorologice, se vor efectua lucr\u0103ri de dezinsec\u021bie (combaterea insectelor) \u0219i deratizare\",\"breadcrumb\":{\"@id\":\"https:\\\/\\\/urbeamea.ro\\\/albaiulia\\\/23-24-octombrie-lucrari-de-dezinsectie-si-deratizare-pe-raza-municipiului-sebes\\\/#breadcrumb\"},\"inLanguage\":\"ro-RO\",\"potentialAction\":[{\"@type\":\"ReadAction\",\"target\":[\"https:\\\/\\\/urbeamea.ro\\\/albaiulia\\\/23-24-octombrie-lucrari-de-dezinsectie-si-deratizare-pe-raza-municipiului-sebes\\\/\"]}]},{\"@type\":\"ImageObject\",\"inLanguage\":\"ro-RO\",\"@id\":\"https:\\\/\\\/urbeamea.ro\\\/albaiulia\\\/23-24-octombrie-lucrari-de-dezinsectie-si-deratizare-pe-raza-municipiului-sebes\\\/#primaryimage\",\"url\":\"https:\\\/\\\/urbeamea.ro\\\/albaiulia\\\/wp-content\\\/uploads\\\/2015\\\/12\\\/dezinsectie1.jpg\",\"contentUrl\":\"https:\\\/\\\/urbeamea.ro\\\/albaiulia\\\/wp-content\\\/uploads\\\/2015\\\/12\\\/dezinsectie1.jpg\",\"width\":800,\"height\":599},{\"@type\":\"BreadcrumbList\",\"@id\":\"https:\\\/\\\/urbeamea.ro\\\/albaiulia\\\/23-24-octombrie-lucrari-de-dezinsectie-si-deratizare-pe-raza-municipiului-sebes\\\/#breadcrumb\",\"itemListElement\":[{\"@type\":\"ListItem\",\"position\":1,\"name\":\"Prima pagin\u0103\",\"item\":\"https:\\\/\\\/urbeamea.ro\\\/albaiulia\\\/\"},{\"@type\":\"ListItem\",\"position\":2,\"name\":\"23-24 octombrie: Lucr\u0103ri de dezinsec\u021bie \u0219i deratizare pe raza Municipiului Sebe\u0219\"}]},{\"@type\":\"WebSite\",\"@id\":\"https:\\\/\\\/urbeamea.ro\\\/albaiulia\\\/#website\",\"url\":\"https:\\\/\\\/urbeamea.ro\\\/albaiulia\\\/\",\"name\":\"Revista Urbea Mea, Stiri urbane\",\"description\":\"Evenimente \u0219i \u0219tiri din Alba Iulia, Sebe\u0219, Aiud, Blaj\",\"potentialAction\":[{\"@type\":\"SearchAction\",\"target\":{\"@type\":\"EntryPoint\",\"urlTemplate\":\"https:\\\/\\\/urbeamea.ro\\\/albaiulia\\\/?s={search_term_string}\"},\"query-input\":{\"@type\":\"PropertyValueSpecification\",\"valueRequired\":true,\"valueName\":\"search_term_string\"}}],\"inLanguage\":\"ro-RO\"},{\"@type\":\"Person\",\"@id\":\"https:\\\/\\\/urbeamea.ro\\\/albaiulia\\\/#\\\/schema\\\/person\\\/9700d21fae21c4f038b0b56f4506264a\",\"name\":\"Cristina Ganga\",\"image\":{\"@type\":\"ImageObject\",\"inLanguage\":\"ro-RO\",\"@id\":\"https:\\\/\\\/secure.gravatar.com\\\/avatar\\\/5a67661041f057b4a8ccaf26f5a8e86e2689372006d01faf3dd9eeb10b654bb4?s=96&d=mm&r=g\",\"url\":\"https:\\\/\\\/secure.gravatar.com\\\/avatar\\\/5a67661041f057b4a8ccaf26f5a8e86e2689372006d01faf3dd9eeb10b654bb4?s=96&d=mm&r=g\",\"contentUrl\":\"https:\\\/\\\/secure.gravatar.com\\\/avatar\\\/5a67661041f057b4a8ccaf26f5a8e86e2689372006d01faf3dd9eeb10b654bb4?s=96&d=mm&r=g\",\"caption\":\"Cristina Ganga\"},\"description\":\"Jurnalist\",\"sameAs\":[\"https:\\\/\\\/www.facebook.com\\\/cristina.nicola.587\"],\"url\":\"https:\\\/\\\/urbeamea.ro\\\/albaiulia\\\/author\\\/cristina-nicola\\\/\"}]}<\/script>\n<!-- \/ Yoast SEO plugin. -->","yoast_head_json":{"title":"23-24 octombrie: Lucr\u0103ri de dezinsec\u021bie \u0219i deratizare pe raza Municipiului Sebe\u0219 - Revista Urbea Mea - Revista de Alba","description":"\u00cen perioada 23-24 octombrie 2020, \u00een func\u021bie de condi\u021biile meteorologice, se vor efectua lucr\u0103ri de dezinsec\u021bie (combaterea insectelor) \u0219i deratizare","robots":{"index":"index","follow":"follow","max-snippet":"max-snippet:-1","max-image-preview":"max-image-preview:large","max-video-preview":"max-video-preview:-1"},"canonical":"https:\/\/urbeamea.ro\/albaiulia\/23-24-octombrie-lucrari-de-dezinsectie-si-deratizare-pe-raza-municipiului-sebes\/","twitter_card":"summary_large_image","twitter_title":"23-24 octombrie: Lucr\u0103ri de dezinsec\u021bie \u0219i deratizare pe raza Municipiului Sebe\u0219 - Revista Urbea Mea - Revista de Alba","twitter_description":"\u00cen perioada 23-24 octombrie 2020, \u00een func\u021bie de condi\u021biile meteorologice, se vor efectua lucr\u0103ri de dezinsec\u021bie (combaterea insectelor) \u0219i deratizare","twitter_image":"https:\/\/urbeamea.ro\/albaiulia\/wp-content\/uploads\/2015\/12\/dezinsectie1.jpg","twitter_creator":"@urbeameaweb","twitter_site":"@urbeameaweb","schema":{"@context":"https:\/\/schema.org","@graph":[{"@type":"Article","@id":"https:\/\/urbeamea.ro\/albaiulia\/23-24-octombrie-lucrari-de-dezinsectie-si-deratizare-pe-raza-municipiului-sebes\/#article","isPartOf":{"@id":"https:\/\/urbeamea.ro\/albaiulia\/23-24-octombrie-lucrari-de-dezinsectie-si-deratizare-pe-raza-municipiului-sebes\/"},"author":{"name":"Cristina Ganga","@id":"https:\/\/urbeamea.ro\/albaiulia\/#\/schema\/person\/9700d21fae21c4f038b0b56f4506264a"},"headline":"23-24 octombrie: Lucr\u0103ri de dezinsec\u021bie \u0219i deratizare pe raza Municipiului Sebe\u0219","datePublished":"2020-10-23T08:07:46+00:00","dateModified":"2020-10-23T08:07:49+00:00","mainEntityOfPage":{"@id":"https:\/\/urbeamea.ro\/albaiulia\/23-24-octombrie-lucrari-de-dezinsectie-si-deratizare-pe-raza-municipiului-sebes\/"},"wordCount":105,"commentCount":0,"image":{"@id":"https:\/\/urbeamea.ro\/albaiulia\/23-24-octombrie-lucrari-de-dezinsectie-si-deratizare-pe-raza-municipiului-sebes\/#primaryimage"},"thumbnailUrl":"https:\/\/urbeamea.ro\/albaiulia\/wp-content\/uploads\/2015\/12\/dezinsectie1.jpg","keywords":["combaterea insectelor","combaterea rozatoarelor","domeniul public al municipiului sebes","lucrari de dezinsectie si deratizare","raza municipiului sebes"],"articleSection":["Administra\u021bie"],"inLanguage":"ro-RO","potentialAction":[{"@type":"CommentAction","name":"Comment","target":["https:\/\/urbeamea.ro\/albaiulia\/23-24-octombrie-lucrari-de-dezinsectie-si-deratizare-pe-raza-municipiului-sebes\/#respond"]}]},{"@type":"WebPage","@id":"https:\/\/urbeamea.ro\/albaiulia\/23-24-octombrie-lucrari-de-dezinsectie-si-deratizare-pe-raza-municipiului-sebes\/","url":"https:\/\/urbeamea.ro\/albaiulia\/23-24-octombrie-lucrari-de-dezinsectie-si-deratizare-pe-raza-municipiului-sebes\/","name":"23-24 octombrie: Lucr\u0103ri de dezinsec\u021bie \u0219i deratizare pe raza Municipiului Sebe\u0219 - Revista Urbea Mea - Revista de Alba","isPartOf":{"@id":"https:\/\/urbeamea.ro\/albaiulia\/#website"},"primaryImageOfPage":{"@id":"https:\/\/urbeamea.ro\/albaiulia\/23-24-octombrie-lucrari-de-dezinsectie-si-deratizare-pe-raza-municipiului-sebes\/#primaryimage"},"image":{"@id":"https:\/\/urbeamea.ro\/albaiulia\/23-24-octombrie-lucrari-de-dezinsectie-si-deratizare-pe-raza-municipiului-sebes\/#primaryimage"},"thumbnailUrl":"https:\/\/urbeamea.ro\/albaiulia\/wp-content\/uploads\/2015\/12\/dezinsectie1.jpg","datePublished":"2020-10-23T08:07:46+00:00","dateModified":"2020-10-23T08:07:49+00:00","author":{"@id":"https:\/\/urbeamea.ro\/albaiulia\/#\/schema\/person\/9700d21fae21c4f038b0b56f4506264a"},"description":"\u00cen perioada 23-24 octombrie 2020, \u00een func\u021bie de condi\u021biile meteorologice, se vor efectua lucr\u0103ri de dezinsec\u021bie (combaterea insectelor) \u0219i deratizare","breadcrumb":{"@id":"https:\/\/urbeamea.ro\/albaiulia\/23-24-octombrie-lucrari-de-dezinsectie-si-deratizare-pe-raza-municipiului-sebes\/#breadcrumb"},"inLanguage":"ro-RO","potentialAction":[{"@type":"ReadAction","target":["https:\/\/urbeamea.ro\/albaiulia\/23-24-octombrie-lucrari-de-dezinsectie-si-deratizare-pe-raza-municipiului-sebes\/"]}]},{"@type":"ImageObject","inLanguage":"ro-RO","@id":"https:\/\/urbeamea.ro\/albaiulia\/23-24-octombrie-lucrari-de-dezinsectie-si-deratizare-pe-raza-municipiului-sebes\/#primaryimage","url":"https:\/\/urbeamea.ro\/albaiulia\/wp-content\/uploads\/2015\/12\/dezinsectie1.jpg","contentUrl":"https:\/\/urbeamea.ro\/albaiulia\/wp-content\/uploads\/2015\/12\/dezinsectie1.jpg","width":800,"height":599},{"@type":"BreadcrumbList","@id":"https:\/\/urbeamea.ro\/albaiulia\/23-24-octombrie-lucrari-de-dezinsectie-si-deratizare-pe-raza-municipiului-sebes\/#breadcrumb","itemListElement":[{"@type":"ListItem","position":1,"name":"Prima pagin\u0103","item":"https:\/\/urbeamea.ro\/albaiulia\/"},{"@type":"ListItem","position":2,"name":"23-24 octombrie: Lucr\u0103ri de dezinsec\u021bie \u0219i deratizare pe raza Municipiului Sebe\u0219"}]},{"@type":"WebSite","@id":"https:\/\/urbeamea.ro\/albaiulia\/#website","url":"https:\/\/urbeamea.ro\/albaiulia\/","name":"Revista Urbea Mea, Stiri urbane","description":"Evenimente \u0219i \u0219tiri din Alba Iulia, Sebe\u0219, Aiud, Blaj","potentialAction":[{"@type":"SearchAction","target":{"@type":"EntryPoint","urlTemplate":"https:\/\/urbeamea.ro\/albaiulia\/?s={search_term_string}"},"query-input":{"@type":"PropertyValueSpecification","valueRequired":true,"valueName":"search_term_string"}}],"inLanguage":"ro-RO"},{"@type":"Person","@id":"https:\/\/urbeamea.ro\/albaiulia\/#\/schema\/person\/9700d21fae21c4f038b0b56f4506264a","name":"Cristina Ganga","image":{"@type":"ImageObject","inLanguage":"ro-RO","@id":"https:\/\/secure.gravatar.com\/avatar\/5a67661041f057b4a8ccaf26f5a8e86e2689372006d01faf3dd9eeb10b654bb4?s=96&d=mm&r=g","url":"https:\/\/secure.gravatar.com\/avatar\/5a67661041f057b4a8ccaf26f5a8e86e2689372006d01faf3dd9eeb10b654bb4?s=96&d=mm&r=g","contentUrl":"https:\/\/secure.gravatar.com\/avatar\/5a67661041f057b4a8ccaf26f5a8e86e2689372006d01faf3dd9eeb10b654bb4?s=96&d=mm&r=g","caption":"Cristina Ganga"},"description":"Jurnalist","sameAs":["https:\/\/www.facebook.com\/cristina.nicola.587"],"url":"https:\/\/urbeamea.ro\/albaiulia\/author\/cristina-nicola\/"}]}},"_links":{"self":[{"href":"https:\/\/urbeamea.ro\/albaiulia\/wp-json\/wp\/v2\/posts\/92828","targetHints":{"allow":["GET"]}}],"collection":[{"href":"https:\/\/urbeamea.ro\/albaiulia\/wp-json\/wp\/v2\/posts"}],"about":[{"href":"https:\/\/urbeamea.ro\/albaiulia\/wp-json\/wp\/v2\/types\/post"}],"author":[{"embeddable":true,"href":"https:\/\/urbeamea.ro\/albaiulia\/wp-json\/wp\/v2\/users\/17"}],"replies":[{"embeddable":true,"href":"https:\/\/urbeamea.ro\/albaiulia\/wp-json\/wp\/v2\/comments?post=92828"}],"version-history":[{"count":1,"href":"https:\/\/urbeamea.ro\/albaiulia\/wp-json\/wp\/v2\/posts\/92828\/revisions"}],"predecessor-version":[{"id":92829,"href":"https:\/\/urbeamea.ro\/albaiulia\/wp-json\/wp\/v2\/posts\/92828\/revisions\/92829"}],"wp:featuredmedia":[{"embeddable":true,"href":"https:\/\/urbeamea.ro\/albaiulia\/wp-json\/wp\/v2\/media\/13971"}],"wp:attachment":[{"href":"https:\/\/urbeamea.ro\/albaiulia\/wp-json\/wp\/v2\/media?parent=92828"}],"wp:term":[{"taxonomy":"category","embeddable":true,"href":"https:\/\/urbeamea.ro\/albaiulia\/wp-json\/wp\/v2\/categories?post=92828"},{"taxonomy":"post_tag","embeddable":true,"href":"https:\/\/urbeamea.ro\/albaiulia\/wp-json\/wp\/v2\/tags?post=92828"}],"curies":[{"name":"wp","href":"https:\/\/api.w.org\/{rel}","templated":true}]}}