{"id":92893,"date":"2020-10-27T14:36:29","date_gmt":"2020-10-27T12:36:29","guid":{"rendered":"https:\/\/urbeamea.ro\/albaiulia\/?p=92893"},"modified":"2020-10-27T14:36:31","modified_gmt":"2020-10-27T12:36:31","slug":"termometre-digitale-cu-infrarosu-achizitionate-pentru-masurarea-temperaturii-la-colegiul-militar-din-alba-iulia","status":"publish","type":"post","link":"https:\/\/urbeamea.ro\/albaiulia\/termometre-digitale-cu-infrarosu-achizitionate-pentru-masurarea-temperaturii-la-colegiul-militar-din-alba-iulia\/","title":{"rendered":"Termometre digitale cu infraro\u0219u, achizi\u021bionate pentru m\u0103surarea temperaturii, la Colegiul Militar din Alba Iulia"},"content":{"rendered":"\n<h5 class=\"wp-block-heading\">S\u0103n\u0103tatea elevilor \u0219i a personalului este o prioritate astfel c\u0103 la nivelul colegiului au fost achizi\u021bionate \u0219ase termometre cu infraro\u0219u digitale non contact, de perete. <\/h5>\n\n\n\n<p class=\"wp-block-paragraph\">Aceste termometre sunt destinate m\u0103sur\u0103rii temperaturii, \u00eentr-un mediu cu temperatura controlat\u0103 (\u00een interior) \u0219i contribuie la depistarea persoanelor care prezint\u0103 stare febril\u0103.<\/p>\n\n\n\n<p class=\"wp-block-paragraph\">Termometrele au fost amplasate la intr\u0103rile \u00een colegiu \u0219i pe paliere, astfel \u00eenc\u00e2t s\u0103 fie m\u0103surat\u0103 temperatura tuturor persoanelor, la \u00eenceputul programului.<\/p>\n\n\n\n<figure class=\"wp-block-gallery columns-3 is-cropped wp-block-gallery-1 is-layout-flex wp-block-gallery-is-layout-flex\"><ul class=\"blocks-gallery-grid\"><li class=\"blocks-gallery-item\"><figure><a href=\"https:\/\/urbeamea.ro\/albaiulia\/wp-content\/uploads\/2020\/10\/122432992_1678306489010334_407035259835211641_o.jpg\"><img loading=\"lazy\" decoding=\"async\" width=\"1200\" height=\"800\" src=\"https:\/\/urbeamea.ro\/albaiulia\/wp-content\/uploads\/2020\/10\/122432992_1678306489010334_407035259835211641_o.jpg\" alt=\"\" data-id=\"92894\" data-full-url=\"https:\/\/urbeamea.ro\/albaiulia\/wp-content\/uploads\/2020\/10\/122432992_1678306489010334_407035259835211641_o.jpg\" data-link=\"https:\/\/urbeamea.ro\/albaiulia\/?attachment_id=92894\" class=\"wp-image-92894\" srcset=\"https:\/\/urbeamea.ro\/albaiulia\/wp-content\/uploads\/2020\/10\/122432992_1678306489010334_407035259835211641_o.jpg 1200w, https:\/\/urbeamea.ro\/albaiulia\/wp-content\/uploads\/2020\/10\/122432992_1678306489010334_407035259835211641_o-640x427.jpg 640w, https:\/\/urbeamea.ro\/albaiulia\/wp-content\/uploads\/2020\/10\/122432992_1678306489010334_407035259835211641_o-150x100.jpg 150w, https:\/\/urbeamea.ro\/albaiulia\/wp-content\/uploads\/2020\/10\/122432992_1678306489010334_407035259835211641_o-768x512.jpg 768w\" sizes=\"auto, (max-width: 1200px) 100vw, 1200px\" \/><\/a><\/figure><\/li><li class=\"blocks-gallery-item\"><figure><a href=\"https:\/\/urbeamea.ro\/albaiulia\/wp-content\/uploads\/2020\/10\/122434263_1678306669010316_8134315064352379052_o.jpg\"><img loading=\"lazy\" decoding=\"async\" width=\"1200\" height=\"800\" src=\"https:\/\/urbeamea.ro\/albaiulia\/wp-content\/uploads\/2020\/10\/122434263_1678306669010316_8134315064352379052_o.jpg\" alt=\"\" data-id=\"92895\" data-full-url=\"https:\/\/urbeamea.ro\/albaiulia\/wp-content\/uploads\/2020\/10\/122434263_1678306669010316_8134315064352379052_o.jpg\" data-link=\"https:\/\/urbeamea.ro\/albaiulia\/?attachment_id=92895\" class=\"wp-image-92895\" srcset=\"https:\/\/urbeamea.ro\/albaiulia\/wp-content\/uploads\/2020\/10\/122434263_1678306669010316_8134315064352379052_o.jpg 1200w, https:\/\/urbeamea.ro\/albaiulia\/wp-content\/uploads\/2020\/10\/122434263_1678306669010316_8134315064352379052_o-640x427.jpg 640w, https:\/\/urbeamea.ro\/albaiulia\/wp-content\/uploads\/2020\/10\/122434263_1678306669010316_8134315064352379052_o-150x100.jpg 150w, https:\/\/urbeamea.ro\/albaiulia\/wp-content\/uploads\/2020\/10\/122434263_1678306669010316_8134315064352379052_o-768x512.jpg 768w\" sizes=\"auto, (max-width: 1200px) 100vw, 1200px\" \/><\/a><\/figure><\/li><li class=\"blocks-gallery-item\"><figure><a href=\"https:\/\/urbeamea.ro\/albaiulia\/wp-content\/uploads\/2020\/10\/122434779_1678306959010287_4181448413468360676_o.jpg\"><img loading=\"lazy\" decoding=\"async\" width=\"1200\" height=\"800\" src=\"https:\/\/urbeamea.ro\/albaiulia\/wp-content\/uploads\/2020\/10\/122434779_1678306959010287_4181448413468360676_o.jpg\" alt=\"\" data-id=\"92896\" data-full-url=\"https:\/\/urbeamea.ro\/albaiulia\/wp-content\/uploads\/2020\/10\/122434779_1678306959010287_4181448413468360676_o.jpg\" data-link=\"https:\/\/urbeamea.ro\/albaiulia\/?attachment_id=92896\" class=\"wp-image-92896\" srcset=\"https:\/\/urbeamea.ro\/albaiulia\/wp-content\/uploads\/2020\/10\/122434779_1678306959010287_4181448413468360676_o.jpg 1200w, https:\/\/urbeamea.ro\/albaiulia\/wp-content\/uploads\/2020\/10\/122434779_1678306959010287_4181448413468360676_o-640x427.jpg 640w, https:\/\/urbeamea.ro\/albaiulia\/wp-content\/uploads\/2020\/10\/122434779_1678306959010287_4181448413468360676_o-150x100.jpg 150w, https:\/\/urbeamea.ro\/albaiulia\/wp-content\/uploads\/2020\/10\/122434779_1678306959010287_4181448413468360676_o-768x512.jpg 768w\" sizes=\"auto, (max-width: 1200px) 100vw, 1200px\" \/><\/a><\/figure><\/li><li class=\"blocks-gallery-item\"><figure><a href=\"https:\/\/urbeamea.ro\/albaiulia\/wp-content\/uploads\/2020\/10\/122588655_1678306069010376_3101315345002796265_o.jpg\"><img loading=\"lazy\" decoding=\"async\" width=\"1200\" height=\"800\" src=\"https:\/\/urbeamea.ro\/albaiulia\/wp-content\/uploads\/2020\/10\/122588655_1678306069010376_3101315345002796265_o.jpg\" alt=\"\" data-id=\"92897\" data-full-url=\"https:\/\/urbeamea.ro\/albaiulia\/wp-content\/uploads\/2020\/10\/122588655_1678306069010376_3101315345002796265_o.jpg\" data-link=\"https:\/\/urbeamea.ro\/albaiulia\/?attachment_id=92897\" class=\"wp-image-92897\" srcset=\"https:\/\/urbeamea.ro\/albaiulia\/wp-content\/uploads\/2020\/10\/122588655_1678306069010376_3101315345002796265_o.jpg 1200w, https:\/\/urbeamea.ro\/albaiulia\/wp-content\/uploads\/2020\/10\/122588655_1678306069010376_3101315345002796265_o-640x427.jpg 640w, https:\/\/urbeamea.ro\/albaiulia\/wp-content\/uploads\/2020\/10\/122588655_1678306069010376_3101315345002796265_o-150x100.jpg 150w, https:\/\/urbeamea.ro\/albaiulia\/wp-content\/uploads\/2020\/10\/122588655_1678306069010376_3101315345002796265_o-768x512.jpg 768w\" sizes=\"auto, (max-width: 1200px) 100vw, 1200px\" \/><\/a><\/figure><\/li><li class=\"blocks-gallery-item\"><figure><a href=\"https:\/\/urbeamea.ro\/albaiulia\/wp-content\/uploads\/2020\/10\/122705339_1678306935676956_2674286327693281190_o.jpg\"><img loading=\"lazy\" decoding=\"async\" width=\"1200\" height=\"822\" src=\"https:\/\/urbeamea.ro\/albaiulia\/wp-content\/uploads\/2020\/10\/122705339_1678306935676956_2674286327693281190_o.jpg\" alt=\"\" data-id=\"92898\" data-full-url=\"https:\/\/urbeamea.ro\/albaiulia\/wp-content\/uploads\/2020\/10\/122705339_1678306935676956_2674286327693281190_o.jpg\" data-link=\"https:\/\/urbeamea.ro\/albaiulia\/?attachment_id=92898\" class=\"wp-image-92898\" srcset=\"https:\/\/urbeamea.ro\/albaiulia\/wp-content\/uploads\/2020\/10\/122705339_1678306935676956_2674286327693281190_o.jpg 1200w, https:\/\/urbeamea.ro\/albaiulia\/wp-content\/uploads\/2020\/10\/122705339_1678306935676956_2674286327693281190_o-640x438.jpg 640w, https:\/\/urbeamea.ro\/albaiulia\/wp-content\/uploads\/2020\/10\/122705339_1678306935676956_2674286327693281190_o-150x103.jpg 150w, https:\/\/urbeamea.ro\/albaiulia\/wp-content\/uploads\/2020\/10\/122705339_1678306935676956_2674286327693281190_o-768x526.jpg 768w\" sizes=\"auto, (max-width: 1200px) 100vw, 1200px\" \/><\/a><\/figure><\/li><li class=\"blocks-gallery-item\"><figure><a href=\"https:\/\/urbeamea.ro\/albaiulia\/wp-content\/uploads\/2020\/10\/122979041_1678306285677021_4184528745677619914_o.jpg\"><img loading=\"lazy\" decoding=\"async\" width=\"1200\" height=\"800\" src=\"https:\/\/urbeamea.ro\/albaiulia\/wp-content\/uploads\/2020\/10\/122979041_1678306285677021_4184528745677619914_o.jpg\" alt=\"\" data-id=\"92899\" data-full-url=\"https:\/\/urbeamea.ro\/albaiulia\/wp-content\/uploads\/2020\/10\/122979041_1678306285677021_4184528745677619914_o.jpg\" data-link=\"https:\/\/urbeamea.ro\/albaiulia\/?attachment_id=92899\" class=\"wp-image-92899\" srcset=\"https:\/\/urbeamea.ro\/albaiulia\/wp-content\/uploads\/2020\/10\/122979041_1678306285677021_4184528745677619914_o.jpg 1200w, https:\/\/urbeamea.ro\/albaiulia\/wp-content\/uploads\/2020\/10\/122979041_1678306285677021_4184528745677619914_o-640x427.jpg 640w, https:\/\/urbeamea.ro\/albaiulia\/wp-content\/uploads\/2020\/10\/122979041_1678306285677021_4184528745677619914_o-150x100.jpg 150w, https:\/\/urbeamea.ro\/albaiulia\/wp-content\/uploads\/2020\/10\/122979041_1678306285677021_4184528745677619914_o-768x512.jpg 768w\" sizes=\"auto, (max-width: 1200px) 100vw, 1200px\" \/><\/a><\/figure><\/li><\/ul><\/figure>\n","protected":false},"excerpt":{"rendered":"<p>S\u0103n\u0103tatea elevilor \u0219i a personalului este o prioritate astfel c\u0103 la nivelul colegiului au fost achizi\u021bionate \u0219ase termometre cu infraro\u0219u digitale non contact, de perete. Aceste termometre sunt destinate m\u0103sur\u0103rii temperaturii, \u00eentr-un mediu cu temperatura controlat\u0103 (\u00een interior) \u0219i contribuie la depistarea persoanelor care prezint\u0103 stare febril\u0103. Termometrele au fost amplasate la intr\u0103rile \u00een colegiu &hellip;<\/p>\n","protected":false},"author":17,"featured_media":92895,"comment_status":"open","ping_status":"open","sticky":false,"template":"","format":"standard","meta":{"inline_featured_image":false,"footnotes":""},"categories":[2039],"tags":[11032,21825,21824],"class_list":["post-92893","post","type-post","status-publish","format-standard","has-post-thumbnail","hentry","category-educatie","tag-colegiul-national-militar-mihai-viteazul-alba-iulia","tag-masurarea-temperaturii","tag-termometre-digitale-cu-infrarosu"],"yoast_head":"<!-- This site is optimized with the Yoast SEO plugin v28.3 - https:\/\/yoast.com\/product\/yoast-seo-wordpress\/ -->\n<title>Termometre digitale cu infraro\u0219u, achizi\u021bionate pentru m\u0103surarea temperaturii, la Colegiul Militar din Alba Iulia - Revista Urbea Mea - Revista de Alba<\/title>\n<meta name=\"description\" content=\"S\u0103n\u0103tatea elevilor \u0219i a personalului este o prioritate astfel c\u0103 la nivelul colegiului au fost achizi\u021bionate \u0219ase termometre cu infraro\u0219u digitale non\" \/>\n<meta name=\"robots\" content=\"index, follow, max-snippet:-1, max-image-preview:large, max-video-preview:-1\" \/>\n<link rel=\"canonical\" href=\"https:\/\/urbeamea.ro\/albaiulia\/termometre-digitale-cu-infrarosu-achizitionate-pentru-masurarea-temperaturii-la-colegiul-militar-din-alba-iulia\/\" \/>\n<meta name=\"twitter:card\" content=\"summary_large_image\" \/>\n<meta name=\"twitter:title\" content=\"Termometre digitale cu infraro\u0219u, achizi\u021bionate pentru m\u0103surarea temperaturii, la Colegiul Militar din Alba Iulia - Revista Urbea Mea - Revista de Alba\" \/>\n<meta name=\"twitter:description\" content=\"S\u0103n\u0103tatea elevilor \u0219i a personalului este o prioritate astfel c\u0103 la nivelul colegiului au fost achizi\u021bionate \u0219ase termometre cu infraro\u0219u digitale non\" \/>\n<meta name=\"twitter:image\" content=\"https:\/\/urbeamea.ro\/albaiulia\/wp-content\/uploads\/2020\/10\/122434263_1678306669010316_8134315064352379052_o.jpg\" \/>\n<meta name=\"twitter:creator\" content=\"@urbeameaweb\" \/>\n<meta name=\"twitter:site\" content=\"@urbeameaweb\" \/>\n<script type=\"application\/ld+json\" class=\"yoast-schema-graph\">{\"@context\":\"https:\\\/\\\/schema.org\",\"@graph\":[{\"@type\":\"Article\",\"@id\":\"https:\\\/\\\/urbeamea.ro\\\/albaiulia\\\/termometre-digitale-cu-infrarosu-achizitionate-pentru-masurarea-temperaturii-la-colegiul-militar-din-alba-iulia\\\/#article\",\"isPartOf\":{\"@id\":\"https:\\\/\\\/urbeamea.ro\\\/albaiulia\\\/termometre-digitale-cu-infrarosu-achizitionate-pentru-masurarea-temperaturii-la-colegiul-militar-din-alba-iulia\\\/\"},\"author\":{\"name\":\"Cristina Ganga\",\"@id\":\"https:\\\/\\\/urbeamea.ro\\\/albaiulia\\\/#\\\/schema\\\/person\\\/9700d21fae21c4f038b0b56f4506264a\"},\"headline\":\"Termometre digitale cu infraro\u0219u, achizi\u021bionate pentru m\u0103surarea temperaturii, la Colegiul Militar din Alba Iulia\",\"datePublished\":\"2020-10-27T12:36:29+00:00\",\"dateModified\":\"2020-10-27T12:36:31+00:00\",\"mainEntityOfPage\":{\"@id\":\"https:\\\/\\\/urbeamea.ro\\\/albaiulia\\\/termometre-digitale-cu-infrarosu-achizitionate-pentru-masurarea-temperaturii-la-colegiul-militar-din-alba-iulia\\\/\"},\"wordCount\":95,\"commentCount\":0,\"image\":{\"@id\":\"https:\\\/\\\/urbeamea.ro\\\/albaiulia\\\/termometre-digitale-cu-infrarosu-achizitionate-pentru-masurarea-temperaturii-la-colegiul-militar-din-alba-iulia\\\/#primaryimage\"},\"thumbnailUrl\":\"https:\\\/\\\/urbeamea.ro\\\/albaiulia\\\/wp-content\\\/uploads\\\/2020\\\/10\\\/122434263_1678306669010316_8134315064352379052_o.jpg\",\"keywords\":[\"colegiul national militar mihai viteazul alba iulia\",\"masurarea temperaturii\",\"termometre digitale cu infrarosu\"],\"articleSection\":[\"Educa\u021bie\"],\"inLanguage\":\"ro-RO\",\"potentialAction\":[{\"@type\":\"CommentAction\",\"name\":\"Comment\",\"target\":[\"https:\\\/\\\/urbeamea.ro\\\/albaiulia\\\/termometre-digitale-cu-infrarosu-achizitionate-pentru-masurarea-temperaturii-la-colegiul-militar-din-alba-iulia\\\/#respond\"]}]},{\"@type\":\"WebPage\",\"@id\":\"https:\\\/\\\/urbeamea.ro\\\/albaiulia\\\/termometre-digitale-cu-infrarosu-achizitionate-pentru-masurarea-temperaturii-la-colegiul-militar-din-alba-iulia\\\/\",\"url\":\"https:\\\/\\\/urbeamea.ro\\\/albaiulia\\\/termometre-digitale-cu-infrarosu-achizitionate-pentru-masurarea-temperaturii-la-colegiul-militar-din-alba-iulia\\\/\",\"name\":\"Termometre digitale cu infraro\u0219u, achizi\u021bionate pentru m\u0103surarea temperaturii, la Colegiul Militar din Alba Iulia - Revista Urbea Mea - Revista de Alba\",\"isPartOf\":{\"@id\":\"https:\\\/\\\/urbeamea.ro\\\/albaiulia\\\/#website\"},\"primaryImageOfPage\":{\"@id\":\"https:\\\/\\\/urbeamea.ro\\\/albaiulia\\\/termometre-digitale-cu-infrarosu-achizitionate-pentru-masurarea-temperaturii-la-colegiul-militar-din-alba-iulia\\\/#primaryimage\"},\"image\":{\"@id\":\"https:\\\/\\\/urbeamea.ro\\\/albaiulia\\\/termometre-digitale-cu-infrarosu-achizitionate-pentru-masurarea-temperaturii-la-colegiul-militar-din-alba-iulia\\\/#primaryimage\"},\"thumbnailUrl\":\"https:\\\/\\\/urbeamea.ro\\\/albaiulia\\\/wp-content\\\/uploads\\\/2020\\\/10\\\/122434263_1678306669010316_8134315064352379052_o.jpg\",\"datePublished\":\"2020-10-27T12:36:29+00:00\",\"dateModified\":\"2020-10-27T12:36:31+00:00\",\"author\":{\"@id\":\"https:\\\/\\\/urbeamea.ro\\\/albaiulia\\\/#\\\/schema\\\/person\\\/9700d21fae21c4f038b0b56f4506264a\"},\"description\":\"S\u0103n\u0103tatea elevilor \u0219i a personalului este o prioritate astfel c\u0103 la nivelul colegiului au fost achizi\u021bionate \u0219ase termometre cu infraro\u0219u digitale non\",\"breadcrumb\":{\"@id\":\"https:\\\/\\\/urbeamea.ro\\\/albaiulia\\\/termometre-digitale-cu-infrarosu-achizitionate-pentru-masurarea-temperaturii-la-colegiul-militar-din-alba-iulia\\\/#breadcrumb\"},\"inLanguage\":\"ro-RO\",\"potentialAction\":[{\"@type\":\"ReadAction\",\"target\":[\"https:\\\/\\\/urbeamea.ro\\\/albaiulia\\\/termometre-digitale-cu-infrarosu-achizitionate-pentru-masurarea-temperaturii-la-colegiul-militar-din-alba-iulia\\\/\"]}]},{\"@type\":\"ImageObject\",\"inLanguage\":\"ro-RO\",\"@id\":\"https:\\\/\\\/urbeamea.ro\\\/albaiulia\\\/termometre-digitale-cu-infrarosu-achizitionate-pentru-masurarea-temperaturii-la-colegiul-militar-din-alba-iulia\\\/#primaryimage\",\"url\":\"https:\\\/\\\/urbeamea.ro\\\/albaiulia\\\/wp-content\\\/uploads\\\/2020\\\/10\\\/122434263_1678306669010316_8134315064352379052_o.jpg\",\"contentUrl\":\"https:\\\/\\\/urbeamea.ro\\\/albaiulia\\\/wp-content\\\/uploads\\\/2020\\\/10\\\/122434263_1678306669010316_8134315064352379052_o.jpg\",\"width\":1200,\"height\":800},{\"@type\":\"BreadcrumbList\",\"@id\":\"https:\\\/\\\/urbeamea.ro\\\/albaiulia\\\/termometre-digitale-cu-infrarosu-achizitionate-pentru-masurarea-temperaturii-la-colegiul-militar-din-alba-iulia\\\/#breadcrumb\",\"itemListElement\":[{\"@type\":\"ListItem\",\"position\":1,\"name\":\"Prima pagin\u0103\",\"item\":\"https:\\\/\\\/urbeamea.ro\\\/albaiulia\\\/\"},{\"@type\":\"ListItem\",\"position\":2,\"name\":\"Termometre digitale cu infraro\u0219u, achizi\u021bionate pentru m\u0103surarea temperaturii, la Colegiul Militar din Alba Iulia\"}]},{\"@type\":\"WebSite\",\"@id\":\"https:\\\/\\\/urbeamea.ro\\\/albaiulia\\\/#website\",\"url\":\"https:\\\/\\\/urbeamea.ro\\\/albaiulia\\\/\",\"name\":\"Revista Urbea Mea, Stiri urbane\",\"description\":\"Evenimente \u0219i \u0219tiri din Alba Iulia, Sebe\u0219, Aiud, Blaj\",\"potentialAction\":[{\"@type\":\"SearchAction\",\"target\":{\"@type\":\"EntryPoint\",\"urlTemplate\":\"https:\\\/\\\/urbeamea.ro\\\/albaiulia\\\/?s={search_term_string}\"},\"query-input\":{\"@type\":\"PropertyValueSpecification\",\"valueRequired\":true,\"valueName\":\"search_term_string\"}}],\"inLanguage\":\"ro-RO\"},{\"@type\":\"Person\",\"@id\":\"https:\\\/\\\/urbeamea.ro\\\/albaiulia\\\/#\\\/schema\\\/person\\\/9700d21fae21c4f038b0b56f4506264a\",\"name\":\"Cristina Ganga\",\"image\":{\"@type\":\"ImageObject\",\"inLanguage\":\"ro-RO\",\"@id\":\"https:\\\/\\\/secure.gravatar.com\\\/avatar\\\/5a67661041f057b4a8ccaf26f5a8e86e2689372006d01faf3dd9eeb10b654bb4?s=96&d=mm&r=g\",\"url\":\"https:\\\/\\\/secure.gravatar.com\\\/avatar\\\/5a67661041f057b4a8ccaf26f5a8e86e2689372006d01faf3dd9eeb10b654bb4?s=96&d=mm&r=g\",\"contentUrl\":\"https:\\\/\\\/secure.gravatar.com\\\/avatar\\\/5a67661041f057b4a8ccaf26f5a8e86e2689372006d01faf3dd9eeb10b654bb4?s=96&d=mm&r=g\",\"caption\":\"Cristina Ganga\"},\"description\":\"Jurnalist\",\"sameAs\":[\"https:\\\/\\\/www.facebook.com\\\/cristina.nicola.587\"],\"url\":\"https:\\\/\\\/urbeamea.ro\\\/albaiulia\\\/author\\\/cristina-nicola\\\/\"}]}<\/script>\n<!-- \/ Yoast SEO plugin. -->","yoast_head_json":{"title":"Termometre digitale cu infraro\u0219u, achizi\u021bionate pentru m\u0103surarea temperaturii, la Colegiul Militar din Alba Iulia - Revista Urbea Mea - Revista de Alba","description":"S\u0103n\u0103tatea elevilor \u0219i a personalului este o prioritate astfel c\u0103 la nivelul colegiului au fost achizi\u021bionate \u0219ase termometre cu infraro\u0219u digitale non","robots":{"index":"index","follow":"follow","max-snippet":"max-snippet:-1","max-image-preview":"max-image-preview:large","max-video-preview":"max-video-preview:-1"},"canonical":"https:\/\/urbeamea.ro\/albaiulia\/termometre-digitale-cu-infrarosu-achizitionate-pentru-masurarea-temperaturii-la-colegiul-militar-din-alba-iulia\/","twitter_card":"summary_large_image","twitter_title":"Termometre digitale cu infraro\u0219u, achizi\u021bionate pentru m\u0103surarea temperaturii, la Colegiul Militar din Alba Iulia - Revista Urbea Mea - Revista de Alba","twitter_description":"S\u0103n\u0103tatea elevilor \u0219i a personalului este o prioritate astfel c\u0103 la nivelul colegiului au fost achizi\u021bionate \u0219ase termometre cu infraro\u0219u digitale non","twitter_image":"https:\/\/urbeamea.ro\/albaiulia\/wp-content\/uploads\/2020\/10\/122434263_1678306669010316_8134315064352379052_o.jpg","twitter_creator":"@urbeameaweb","twitter_site":"@urbeameaweb","schema":{"@context":"https:\/\/schema.org","@graph":[{"@type":"Article","@id":"https:\/\/urbeamea.ro\/albaiulia\/termometre-digitale-cu-infrarosu-achizitionate-pentru-masurarea-temperaturii-la-colegiul-militar-din-alba-iulia\/#article","isPartOf":{"@id":"https:\/\/urbeamea.ro\/albaiulia\/termometre-digitale-cu-infrarosu-achizitionate-pentru-masurarea-temperaturii-la-colegiul-militar-din-alba-iulia\/"},"author":{"name":"Cristina Ganga","@id":"https:\/\/urbeamea.ro\/albaiulia\/#\/schema\/person\/9700d21fae21c4f038b0b56f4506264a"},"headline":"Termometre digitale cu infraro\u0219u, achizi\u021bionate pentru m\u0103surarea temperaturii, la Colegiul Militar din Alba Iulia","datePublished":"2020-10-27T12:36:29+00:00","dateModified":"2020-10-27T12:36:31+00:00","mainEntityOfPage":{"@id":"https:\/\/urbeamea.ro\/albaiulia\/termometre-digitale-cu-infrarosu-achizitionate-pentru-masurarea-temperaturii-la-colegiul-militar-din-alba-iulia\/"},"wordCount":95,"commentCount":0,"image":{"@id":"https:\/\/urbeamea.ro\/albaiulia\/termometre-digitale-cu-infrarosu-achizitionate-pentru-masurarea-temperaturii-la-colegiul-militar-din-alba-iulia\/#primaryimage"},"thumbnailUrl":"https:\/\/urbeamea.ro\/albaiulia\/wp-content\/uploads\/2020\/10\/122434263_1678306669010316_8134315064352379052_o.jpg","keywords":["colegiul national militar mihai viteazul alba iulia","masurarea temperaturii","termometre digitale cu infrarosu"],"articleSection":["Educa\u021bie"],"inLanguage":"ro-RO","potentialAction":[{"@type":"CommentAction","name":"Comment","target":["https:\/\/urbeamea.ro\/albaiulia\/termometre-digitale-cu-infrarosu-achizitionate-pentru-masurarea-temperaturii-la-colegiul-militar-din-alba-iulia\/#respond"]}]},{"@type":"WebPage","@id":"https:\/\/urbeamea.ro\/albaiulia\/termometre-digitale-cu-infrarosu-achizitionate-pentru-masurarea-temperaturii-la-colegiul-militar-din-alba-iulia\/","url":"https:\/\/urbeamea.ro\/albaiulia\/termometre-digitale-cu-infrarosu-achizitionate-pentru-masurarea-temperaturii-la-colegiul-militar-din-alba-iulia\/","name":"Termometre digitale cu infraro\u0219u, achizi\u021bionate pentru m\u0103surarea temperaturii, la Colegiul Militar din Alba Iulia - Revista Urbea Mea - Revista de Alba","isPartOf":{"@id":"https:\/\/urbeamea.ro\/albaiulia\/#website"},"primaryImageOfPage":{"@id":"https:\/\/urbeamea.ro\/albaiulia\/termometre-digitale-cu-infrarosu-achizitionate-pentru-masurarea-temperaturii-la-colegiul-militar-din-alba-iulia\/#primaryimage"},"image":{"@id":"https:\/\/urbeamea.ro\/albaiulia\/termometre-digitale-cu-infrarosu-achizitionate-pentru-masurarea-temperaturii-la-colegiul-militar-din-alba-iulia\/#primaryimage"},"thumbnailUrl":"https:\/\/urbeamea.ro\/albaiulia\/wp-content\/uploads\/2020\/10\/122434263_1678306669010316_8134315064352379052_o.jpg","datePublished":"2020-10-27T12:36:29+00:00","dateModified":"2020-10-27T12:36:31+00:00","author":{"@id":"https:\/\/urbeamea.ro\/albaiulia\/#\/schema\/person\/9700d21fae21c4f038b0b56f4506264a"},"description":"S\u0103n\u0103tatea elevilor \u0219i a personalului este o prioritate astfel c\u0103 la nivelul colegiului au fost achizi\u021bionate \u0219ase termometre cu infraro\u0219u digitale non","breadcrumb":{"@id":"https:\/\/urbeamea.ro\/albaiulia\/termometre-digitale-cu-infrarosu-achizitionate-pentru-masurarea-temperaturii-la-colegiul-militar-din-alba-iulia\/#breadcrumb"},"inLanguage":"ro-RO","potentialAction":[{"@type":"ReadAction","target":["https:\/\/urbeamea.ro\/albaiulia\/termometre-digitale-cu-infrarosu-achizitionate-pentru-masurarea-temperaturii-la-colegiul-militar-din-alba-iulia\/"]}]},{"@type":"ImageObject","inLanguage":"ro-RO","@id":"https:\/\/urbeamea.ro\/albaiulia\/termometre-digitale-cu-infrarosu-achizitionate-pentru-masurarea-temperaturii-la-colegiul-militar-din-alba-iulia\/#primaryimage","url":"https:\/\/urbeamea.ro\/albaiulia\/wp-content\/uploads\/2020\/10\/122434263_1678306669010316_8134315064352379052_o.jpg","contentUrl":"https:\/\/urbeamea.ro\/albaiulia\/wp-content\/uploads\/2020\/10\/122434263_1678306669010316_8134315064352379052_o.jpg","width":1200,"height":800},{"@type":"BreadcrumbList","@id":"https:\/\/urbeamea.ro\/albaiulia\/termometre-digitale-cu-infrarosu-achizitionate-pentru-masurarea-temperaturii-la-colegiul-militar-din-alba-iulia\/#breadcrumb","itemListElement":[{"@type":"ListItem","position":1,"name":"Prima pagin\u0103","item":"https:\/\/urbeamea.ro\/albaiulia\/"},{"@type":"ListItem","position":2,"name":"Termometre digitale cu infraro\u0219u, achizi\u021bionate pentru m\u0103surarea temperaturii, la Colegiul Militar din Alba Iulia"}]},{"@type":"WebSite","@id":"https:\/\/urbeamea.ro\/albaiulia\/#website","url":"https:\/\/urbeamea.ro\/albaiulia\/","name":"Revista Urbea Mea, Stiri urbane","description":"Evenimente \u0219i \u0219tiri din Alba Iulia, Sebe\u0219, Aiud, Blaj","potentialAction":[{"@type":"SearchAction","target":{"@type":"EntryPoint","urlTemplate":"https:\/\/urbeamea.ro\/albaiulia\/?s={search_term_string}"},"query-input":{"@type":"PropertyValueSpecification","valueRequired":true,"valueName":"search_term_string"}}],"inLanguage":"ro-RO"},{"@type":"Person","@id":"https:\/\/urbeamea.ro\/albaiulia\/#\/schema\/person\/9700d21fae21c4f038b0b56f4506264a","name":"Cristina Ganga","image":{"@type":"ImageObject","inLanguage":"ro-RO","@id":"https:\/\/secure.gravatar.com\/avatar\/5a67661041f057b4a8ccaf26f5a8e86e2689372006d01faf3dd9eeb10b654bb4?s=96&d=mm&r=g","url":"https:\/\/secure.gravatar.com\/avatar\/5a67661041f057b4a8ccaf26f5a8e86e2689372006d01faf3dd9eeb10b654bb4?s=96&d=mm&r=g","contentUrl":"https:\/\/secure.gravatar.com\/avatar\/5a67661041f057b4a8ccaf26f5a8e86e2689372006d01faf3dd9eeb10b654bb4?s=96&d=mm&r=g","caption":"Cristina Ganga"},"description":"Jurnalist","sameAs":["https:\/\/www.facebook.com\/cristina.nicola.587"],"url":"https:\/\/urbeamea.ro\/albaiulia\/author\/cristina-nicola\/"}]}},"_links":{"self":[{"href":"https:\/\/urbeamea.ro\/albaiulia\/wp-json\/wp\/v2\/posts\/92893","targetHints":{"allow":["GET"]}}],"collection":[{"href":"https:\/\/urbeamea.ro\/albaiulia\/wp-json\/wp\/v2\/posts"}],"about":[{"href":"https:\/\/urbeamea.ro\/albaiulia\/wp-json\/wp\/v2\/types\/post"}],"author":[{"embeddable":true,"href":"https:\/\/urbeamea.ro\/albaiulia\/wp-json\/wp\/v2\/users\/17"}],"replies":[{"embeddable":true,"href":"https:\/\/urbeamea.ro\/albaiulia\/wp-json\/wp\/v2\/comments?post=92893"}],"version-history":[{"count":1,"href":"https:\/\/urbeamea.ro\/albaiulia\/wp-json\/wp\/v2\/posts\/92893\/revisions"}],"predecessor-version":[{"id":92900,"href":"https:\/\/urbeamea.ro\/albaiulia\/wp-json\/wp\/v2\/posts\/92893\/revisions\/92900"}],"wp:featuredmedia":[{"embeddable":true,"href":"https:\/\/urbeamea.ro\/albaiulia\/wp-json\/wp\/v2\/media\/92895"}],"wp:attachment":[{"href":"https:\/\/urbeamea.ro\/albaiulia\/wp-json\/wp\/v2\/media?parent=92893"}],"wp:term":[{"taxonomy":"category","embeddable":true,"href":"https:\/\/urbeamea.ro\/albaiulia\/wp-json\/wp\/v2\/categories?post=92893"},{"taxonomy":"post_tag","embeddable":true,"href":"https:\/\/urbeamea.ro\/albaiulia\/wp-json\/wp\/v2\/tags?post=92893"}],"curies":[{"name":"wp","href":"https:\/\/api.w.org\/{rel}","templated":true}]}}