{"id":92975,"date":"2020-10-30T15:27:14","date_gmt":"2020-10-30T13:27:14","guid":{"rendered":"https:\/\/urbeamea.ro\/albaiulia\/?p=92975"},"modified":"2020-10-30T15:27:16","modified_gmt":"2020-10-30T13:27:16","slug":"ecouri-cu-skepsis-din-tara-teatrului","status":"publish","type":"post","link":"https:\/\/urbeamea.ro\/albaiulia\/ecouri-cu-skepsis-din-tara-teatrului\/","title":{"rendered":"Ecouri cu Skepsis din \u021bara teatrului!"},"content":{"rendered":"\n<h5 class=\"wp-block-heading\">\u00cen perioada 14 &#8211; 18 Octombrie 2020, compania de teatru SKEPSIS a reprezentat cu succes Alba Iulia la prima edi\u0163ie a Festivalului Interna\u0163ional \u201eQuinta Theatre Fest\u201d, organizat la Rodos, Grecia, l\u0103s\u00e2nd o impresie deosebit\u0103.<\/h5>\n\n\n\n<p>Festivalul a avut un caracter competitiv \u0219i s-a bucurat de participarea a 10 trupe din Italia, Spania, Rusia, Maroc, Iran, Rom\u00e2nia \u0219i Grecia.<br>Compania de teatru Skepsis a participat la eveniment cu spectacolul \u201dMaestrul\u201d, dup\u0103 E.Ionesco, un spectacol de teatru absurd jucat \u00eentr-o cheie comic\u0103 cu note satirice \u0219i ironice de: Ludmila Cioflic\u0103, Vinicius \u201dCl\u0103buc\u201d Moldovan, Valentina Niculescu, Almond Chismorie, Vasile \u201dBasil\u201d D\u00eeng\u0103, regizat de Viorel Cioflic\u0103 \u0219i av\u00e2nd ca asistent tehnic pe Valerian Cebotari.<\/p>\n\n\n\n<p>Juriul festivalului a fost compus din personalit\u0103\u021bi remarcabile din domeniul artei \u0219i educa\u021biei: dl.Giannis Vouros (Actor, Regizor si Primar al Nea Filadelfeia- Atena), dl.Spyros Syropoulos (Prof.Dr. &#8211; Univ. Marea Egee, Rodos), dl.Petros Moschos (critic de teatru \u0219i film).<\/p>\n\n\n\n<p>\u201eMaestrul\u201d a fost prezentat \u00een cadrul programului S\u00e2mb\u0103t\u0103, 17.10.2020 pe scena Teatrului Municipal din Rhodos. Spectacolul a fost sus\u021binut de grupul Skepsis \u00een limba englez\u0103, fiind punctat \u0219i de c\u00e2teva pasaje \u00een limba greac\u0103. A surprins \u0219i a captat publicul cucerind inimile spectatorilor \u0219i a fost recompensat cu trei premii: premiul pentru cea mai bun\u0103 regie, premiul pentru cel mai bun grup, premiul pentru cel mai bun rol secundar feminin (Ludmila Cioflic\u0103).<\/p>\n\n\n\n<p>Spectacolul a l\u0103sat o impresie puternic\u0103, ecourile particip\u0103rii ajung\u00e2nd la noi prin mesajele primite recent din partea membrilor juriului \u0219i a organizatorilor:<\/p>\n\n\n\n<blockquote class=\"wp-block-quote is-layout-flow wp-block-quote-is-layout-flow\"><p>\u201eUn spectacol excelent, \u00een spiritul lui Ionesco, jucat cu un umor care mascheaz\u0103 o critic\u0103 subtil\u0103. O echip\u0103 de actori care dincolo de valoarea individual\u0103 rela\u021bioneaz\u0103 impecabil pe scen\u0103, ca grup. Sper ca \u00een viitor s\u0103 pot vedea \u0219i alte spectacole ale voastre.\u201d  <\/p><cite>Giannis Vouros (Actor, Regizor \u0219i Primar al Nea Filadelfeia- Atena, Pre\u0219edinte al juriului).<\/cite><\/blockquote>\n\n\n\n<p>O echip\u0103 de organizare condus\u0103 excelent de d-na Vicky Theology (Director Artistic) a reu\u0219it timp de cinci zile c\u00e2t a durat evenimentul s\u0103 acopere toate nevoile grupurilor participante, oferind cele mai bune condi\u021bii de acomodare, de desf\u0103\u0219urare a spectacolelor \u0219i asigur\u00e2nd participarea publicului local cu respectarea condi\u021biilor de distan\u021bare impuse. <\/p>\n\n\n\n<p>Despre presta\u021bia \u0219i participarea rom\u00e2neasc\u0103, echipa de organizare ne transmite:<\/p>\n\n\n\n<blockquote class=\"wp-block-quote is-layout-flow wp-block-quote-is-layout-flow\"><p>\u201eA fost foarte important pentru noi \u0219i pentru publicul local s\u0103 urm\u0103rim un spectacol realizat dup\u0103 un text de Eugen Ionesco jucat de un grup din Rom\u00e2nia. A fost un spectacol care a reu\u0219it s\u0103 dovedeasc\u0103 faptul c\u0103 uneori absurdul are mai mult sens dec\u00e2t logica. Am f\u0103cut cuno\u0219tin\u021b\u0103 cu un maestru pe care \u00eel urm\u0103rim mereu, un maestru care poate fi un om, poate fi un sentiment, un spa\u021biu gol, poate fi orice ne ajut\u0103 s\u0103 ne \u00eemplinim individual. \u00cens\u0103 \u00een goana noastr\u0103 risc\u0103m s\u0103 ne dezumaniz\u0103m \u0219i s\u0103 devenim simple juc\u0103rii pentru cel care de fapt ne m\u00e2nuie\u0219te. Un mesaj clar, redat printr-o mi\u0219care scenic\u0103 excelent\u0103, cu jocuri contrarii de gest \u0219i cuv\u00e2nt. Publicul a fost entuziasmat \u0219i a apreciat pasajele \u00een limba greac\u0103 pe care le-a\u021bi pus \u00een text special pentru noi.\u201d<\/p><\/blockquote>\n\n\n\n<p>Evenimentul a avut \u0219i un pronun\u021bat caracter intercultural. Gra\u021bie organizatorilor, care \u0219i-au r\u0103sf\u0103\u021bat oaspe\u021bii, scurtele excursii pe insul\u0103, muzica, dansul \u0219i gastronomia au fost adev\u0103rate c\u0103l\u0103uze \u00een descoperirea \u0219i aprecierea culturii locale. Grupurile participante \u0219i-au prezentat, la r\u00e2ndul lor, cultura de provenien\u021b\u0103 \u00een cadrul unei seri interna\u021bionale.  <\/p>\n\n\n\n<blockquote class=\"wp-block-quote is-layout-flow wp-block-quote-is-layout-flow\"><p>\u201ePentru noi, ca grup, participarea la acest festival a fost o experien\u021b\u0103 pe care am resim\u021bit-o intens fizic \u0219i emo\u021bional. C\u0103l\u0103toria nu a fost deloc u\u0219oar\u0103, mai ales \u00een perioada de pandemie, dar cu noroc, \u00een pofida tuturor piedicilor, am ajuns s\u0103 juc\u0103m un spectacol inspirat de un autor rom\u00e2n pe meleagurile \u00een care s-a n\u0103scut teatrul. Am reprezentat cu cinste ora\u0219ul \u0219i \u021bara, ceea ce e \u00eentotdeauna important pentru noi. Ne-am bucurat de frumuse\u021bea unei insule legendare, cu peisaje de basm. Ne-am bucurat de mare, de soare, de art\u0103 \u0219i gra\u021bie Maestrului, am fost la \u00een\u0103l\u021bime. Ne-am sim\u021bit&#8230;colosal!\u201d  <\/p><cite>Viorel Cioflic\u0103.<\/cite><\/blockquote>\n\n\n\n<p>Ceea a \u00eensemnat evenimentul \u0219i impresia general\u0103 l\u0103sat\u0103 tuturor, organizatori \u0219i participan\u021bi deopotriv\u0103, cel mai elocvent ne spune mesajul d-lui Spyros Syropoulos (Prof.Dr. &#8211; Univ. Marea Egee, Rodos): <\/p>\n\n\n\n<blockquote class=\"wp-block-quote is-layout-flow wp-block-quote-is-layout-flow\"><p>\u201eM\u0103\u0219tile nu au putut ascunde z\u00e2mbetele \u0219i buna dispozi\u021bie. Distan\u021barea social\u0103 nu a putut \u00eempiedica apropierea sufleteasc\u0103. \u00cen toate aceste zile am r\u00e2s, am pl\u00e2ns, emo\u021biile noastre s-au \u00eentrep\u0103truns. Am fost purta\u021bi \u00eentr-o minunat\u0103 c\u0103l\u0103torie teatral\u0103 oferit\u0103 de spanioli, greci, rom\u00e2ni, iranieni, marocani \u0219i ru\u0219i. Felicit\u0103ri tuturor! A fost un privilegiu s\u0103 pot sim\u021bi pe viu defini\u021bia aristotelic\u0103 a teatrului. Ceea ce am v\u0103zut \u0219i sim\u021bit a fost ceva minunat \u0219i sincer \u00een inten\u021bia \u0219i bucuria d\u0103ruit\u0103. La ceremonia de \u00eenchidere cred c\u0103 cel mai important premiu a fost cel acordat Culturii!\u201d <\/p><\/blockquote>\n\n\n\n<p>Festivalul a fost organizat de Societatea Dramatic\u0103 Dodecanese \u0219i Organiza\u021bia pentru Cultur\u0103 \u0219i Sport din Rodos, cu sus\u021binerea Ministerului de Cultur\u0103 \u0219i Sport din Grecia, evenimentul propun\u00e2nd cinci zile de spectacole pentru publicul local \u0219i participan\u021bi fiind dedicat promov\u0103rii teatrelor tinere \u015fi \u00eencuraj\u0103rii dezvolt\u0103rii rela\u0163iilor culturale \u00eentre tinerii arti\u015fti la nivel interna\u0163ional. <\/p>\n\n\n\n<figure class=\"wp-block-gallery columns-3 is-cropped wp-block-gallery-1 is-layout-flex wp-block-gallery-is-layout-flex\"><ul class=\"blocks-gallery-grid\"><li class=\"blocks-gallery-item\"><figure><a href=\"https:\/\/urbeamea.ro\/albaiulia\/wp-content\/uploads\/2020\/10\/122306972_702028120695112_8988167772872454244_n.jpg\"><img loading=\"lazy\" decoding=\"async\" width=\"1200\" height=\"1024\" src=\"https:\/\/urbeamea.ro\/albaiulia\/wp-content\/uploads\/2020\/10\/122306972_702028120695112_8988167772872454244_n.jpg\" alt=\"\" data-id=\"92976\" data-full-url=\"https:\/\/urbeamea.ro\/albaiulia\/wp-content\/uploads\/2020\/10\/122306972_702028120695112_8988167772872454244_n.jpg\" data-link=\"https:\/\/urbeamea.ro\/albaiulia\/?attachment_id=92976\" class=\"wp-image-92976\" srcset=\"https:\/\/urbeamea.ro\/albaiulia\/wp-content\/uploads\/2020\/10\/122306972_702028120695112_8988167772872454244_n.jpg 1200w, https:\/\/urbeamea.ro\/albaiulia\/wp-content\/uploads\/2020\/10\/122306972_702028120695112_8988167772872454244_n-640x546.jpg 640w, https:\/\/urbeamea.ro\/albaiulia\/wp-content\/uploads\/2020\/10\/122306972_702028120695112_8988167772872454244_n-150x128.jpg 150w, https:\/\/urbeamea.ro\/albaiulia\/wp-content\/uploads\/2020\/10\/122306972_702028120695112_8988167772872454244_n-768x655.jpg 768w\" sizes=\"auto, (max-width: 1200px) 100vw, 1200px\" \/><\/a><\/figure><\/li><li class=\"blocks-gallery-item\"><figure><a href=\"https:\/\/urbeamea.ro\/albaiulia\/wp-content\/uploads\/2020\/10\/122338389_373720973774546_2517454796019126119_n.jpg\"><img loading=\"lazy\" decoding=\"async\" width=\"1200\" height=\"701\" src=\"https:\/\/urbeamea.ro\/albaiulia\/wp-content\/uploads\/2020\/10\/122338389_373720973774546_2517454796019126119_n.jpg\" alt=\"\" data-id=\"92977\" data-full-url=\"https:\/\/urbeamea.ro\/albaiulia\/wp-content\/uploads\/2020\/10\/122338389_373720973774546_2517454796019126119_n.jpg\" data-link=\"https:\/\/urbeamea.ro\/albaiulia\/?attachment_id=92977\" class=\"wp-image-92977\" srcset=\"https:\/\/urbeamea.ro\/albaiulia\/wp-content\/uploads\/2020\/10\/122338389_373720973774546_2517454796019126119_n.jpg 1200w, https:\/\/urbeamea.ro\/albaiulia\/wp-content\/uploads\/2020\/10\/122338389_373720973774546_2517454796019126119_n-640x374.jpg 640w, https:\/\/urbeamea.ro\/albaiulia\/wp-content\/uploads\/2020\/10\/122338389_373720973774546_2517454796019126119_n-150x88.jpg 150w, https:\/\/urbeamea.ro\/albaiulia\/wp-content\/uploads\/2020\/10\/122338389_373720973774546_2517454796019126119_n-768x449.jpg 768w\" sizes=\"auto, (max-width: 1200px) 100vw, 1200px\" \/><\/a><\/figure><\/li><li class=\"blocks-gallery-item\"><figure><a href=\"https:\/\/urbeamea.ro\/albaiulia\/wp-content\/uploads\/2020\/10\/122537291_360011905418257_5938393064713894646_n.jpg\"><img loading=\"lazy\" decoding=\"async\" width=\"1200\" height=\"800\" src=\"https:\/\/urbeamea.ro\/albaiulia\/wp-content\/uploads\/2020\/10\/122537291_360011905418257_5938393064713894646_n.jpg\" alt=\"\" data-id=\"92978\" data-full-url=\"https:\/\/urbeamea.ro\/albaiulia\/wp-content\/uploads\/2020\/10\/122537291_360011905418257_5938393064713894646_n.jpg\" data-link=\"https:\/\/urbeamea.ro\/albaiulia\/?attachment_id=92978\" class=\"wp-image-92978\" srcset=\"https:\/\/urbeamea.ro\/albaiulia\/wp-content\/uploads\/2020\/10\/122537291_360011905418257_5938393064713894646_n.jpg 1200w, https:\/\/urbeamea.ro\/albaiulia\/wp-content\/uploads\/2020\/10\/122537291_360011905418257_5938393064713894646_n-640x427.jpg 640w, https:\/\/urbeamea.ro\/albaiulia\/wp-content\/uploads\/2020\/10\/122537291_360011905418257_5938393064713894646_n-150x100.jpg 150w, https:\/\/urbeamea.ro\/albaiulia\/wp-content\/uploads\/2020\/10\/122537291_360011905418257_5938393064713894646_n-768x512.jpg 768w\" sizes=\"auto, (max-width: 1200px) 100vw, 1200px\" \/><\/a><\/figure><\/li><li class=\"blocks-gallery-item\"><figure><a href=\"https:\/\/urbeamea.ro\/albaiulia\/wp-content\/uploads\/2020\/10\/122583010_657411498306357_6685662518419665980_n.jpg\"><img loading=\"lazy\" decoding=\"async\" width=\"1200\" height=\"891\" src=\"https:\/\/urbeamea.ro\/albaiulia\/wp-content\/uploads\/2020\/10\/122583010_657411498306357_6685662518419665980_n.jpg\" alt=\"\" data-id=\"92979\" data-full-url=\"https:\/\/urbeamea.ro\/albaiulia\/wp-content\/uploads\/2020\/10\/122583010_657411498306357_6685662518419665980_n.jpg\" data-link=\"https:\/\/urbeamea.ro\/albaiulia\/?attachment_id=92979\" class=\"wp-image-92979\" srcset=\"https:\/\/urbeamea.ro\/albaiulia\/wp-content\/uploads\/2020\/10\/122583010_657411498306357_6685662518419665980_n.jpg 1200w, https:\/\/urbeamea.ro\/albaiulia\/wp-content\/uploads\/2020\/10\/122583010_657411498306357_6685662518419665980_n-640x475.jpg 640w, https:\/\/urbeamea.ro\/albaiulia\/wp-content\/uploads\/2020\/10\/122583010_657411498306357_6685662518419665980_n-150x111.jpg 150w, https:\/\/urbeamea.ro\/albaiulia\/wp-content\/uploads\/2020\/10\/122583010_657411498306357_6685662518419665980_n-768x570.jpg 768w\" sizes=\"auto, (max-width: 1200px) 100vw, 1200px\" \/><\/a><\/figure><\/li><li class=\"blocks-gallery-item\"><figure><a href=\"https:\/\/urbeamea.ro\/albaiulia\/wp-content\/uploads\/2020\/10\/cu-echipa-de-organizare-si-alti-participanti.jpg\"><img loading=\"lazy\" decoding=\"async\" width=\"1100\" height=\"733\" src=\"https:\/\/urbeamea.ro\/albaiulia\/wp-content\/uploads\/2020\/10\/cu-echipa-de-organizare-si-alti-participanti.jpg\" alt=\"\" data-id=\"92980\" data-full-url=\"https:\/\/urbeamea.ro\/albaiulia\/wp-content\/uploads\/2020\/10\/cu-echipa-de-organizare-si-alti-participanti.jpg\" data-link=\"https:\/\/urbeamea.ro\/albaiulia\/?attachment_id=92980\" class=\"wp-image-92980\" srcset=\"https:\/\/urbeamea.ro\/albaiulia\/wp-content\/uploads\/2020\/10\/cu-echipa-de-organizare-si-alti-participanti.jpg 1100w, https:\/\/urbeamea.ro\/albaiulia\/wp-content\/uploads\/2020\/10\/cu-echipa-de-organizare-si-alti-participanti-640x426.jpg 640w, https:\/\/urbeamea.ro\/albaiulia\/wp-content\/uploads\/2020\/10\/cu-echipa-de-organizare-si-alti-participanti-150x100.jpg 150w, https:\/\/urbeamea.ro\/albaiulia\/wp-content\/uploads\/2020\/10\/cu-echipa-de-organizare-si-alti-participanti-768x512.jpg 768w\" sizes=\"auto, (max-width: 1100px) 100vw, 1100px\" \/><\/a><\/figure><\/li><li class=\"blocks-gallery-item\"><figure><a href=\"https:\/\/urbeamea.ro\/albaiulia\/wp-content\/uploads\/2020\/10\/din-spectacol.jpg\"><img loading=\"lazy\" decoding=\"async\" width=\"1100\" height=\"783\" src=\"https:\/\/urbeamea.ro\/albaiulia\/wp-content\/uploads\/2020\/10\/din-spectacol.jpg\" alt=\"\" data-id=\"92981\" data-full-url=\"https:\/\/urbeamea.ro\/albaiulia\/wp-content\/uploads\/2020\/10\/din-spectacol.jpg\" data-link=\"https:\/\/urbeamea.ro\/albaiulia\/?attachment_id=92981\" class=\"wp-image-92981\" srcset=\"https:\/\/urbeamea.ro\/albaiulia\/wp-content\/uploads\/2020\/10\/din-spectacol.jpg 1100w, https:\/\/urbeamea.ro\/albaiulia\/wp-content\/uploads\/2020\/10\/din-spectacol-640x456.jpg 640w, https:\/\/urbeamea.ro\/albaiulia\/wp-content\/uploads\/2020\/10\/din-spectacol-150x107.jpg 150w, https:\/\/urbeamea.ro\/albaiulia\/wp-content\/uploads\/2020\/10\/din-spectacol-768x547.jpg 768w\" sizes=\"auto, (max-width: 1100px) 100vw, 1100px\" \/><\/a><\/figure><\/li><li class=\"blocks-gallery-item\"><figure><a href=\"https:\/\/urbeamea.ro\/albaiulia\/wp-content\/uploads\/2020\/10\/IMG-20201018-WA0000.jpg\"><img loading=\"lazy\" decoding=\"async\" width=\"1280\" height=\"720\" src=\"https:\/\/urbeamea.ro\/albaiulia\/wp-content\/uploads\/2020\/10\/IMG-20201018-WA0000-1280x720.jpg\" alt=\"\" data-id=\"92982\" data-full-url=\"https:\/\/urbeamea.ro\/albaiulia\/wp-content\/uploads\/2020\/10\/IMG-20201018-WA0000.jpg\" data-link=\"https:\/\/urbeamea.ro\/albaiulia\/?attachment_id=92982\" class=\"wp-image-92982\" srcset=\"https:\/\/urbeamea.ro\/albaiulia\/wp-content\/uploads\/2020\/10\/IMG-20201018-WA0000-1280x720.jpg 1280w, https:\/\/urbeamea.ro\/albaiulia\/wp-content\/uploads\/2020\/10\/IMG-20201018-WA0000-640x360.jpg 640w, https:\/\/urbeamea.ro\/albaiulia\/wp-content\/uploads\/2020\/10\/IMG-20201018-WA0000-150x84.jpg 150w, https:\/\/urbeamea.ro\/albaiulia\/wp-content\/uploads\/2020\/10\/IMG-20201018-WA0000-768x432.jpg 768w, https:\/\/urbeamea.ro\/albaiulia\/wp-content\/uploads\/2020\/10\/IMG-20201018-WA0000-1536x864.jpg 1536w, https:\/\/urbeamea.ro\/albaiulia\/wp-content\/uploads\/2020\/10\/IMG-20201018-WA0000.jpg 1599w\" sizes=\"auto, (max-width: 1280px) 100vw, 1280px\" \/><\/a><\/figure><\/li><li class=\"blocks-gallery-item\"><figure><a href=\"https:\/\/urbeamea.ro\/albaiulia\/wp-content\/uploads\/2020\/10\/juriul-si-organizatori.jpg\"><img loading=\"lazy\" decoding=\"async\" width=\"1100\" height=\"733\" src=\"https:\/\/urbeamea.ro\/albaiulia\/wp-content\/uploads\/2020\/10\/juriul-si-organizatori.jpg\" alt=\"\" data-id=\"92983\" data-full-url=\"https:\/\/urbeamea.ro\/albaiulia\/wp-content\/uploads\/2020\/10\/juriul-si-organizatori.jpg\" data-link=\"https:\/\/urbeamea.ro\/albaiulia\/?attachment_id=92983\" class=\"wp-image-92983\" srcset=\"https:\/\/urbeamea.ro\/albaiulia\/wp-content\/uploads\/2020\/10\/juriul-si-organizatori.jpg 1100w, https:\/\/urbeamea.ro\/albaiulia\/wp-content\/uploads\/2020\/10\/juriul-si-organizatori-640x426.jpg 640w, https:\/\/urbeamea.ro\/albaiulia\/wp-content\/uploads\/2020\/10\/juriul-si-organizatori-150x100.jpg 150w, https:\/\/urbeamea.ro\/albaiulia\/wp-content\/uploads\/2020\/10\/juriul-si-organizatori-768x512.jpg 768w\" sizes=\"auto, (max-width: 1100px) 100vw, 1100px\" \/><\/a><\/figure><\/li><\/ul><\/figure>\n","protected":false},"excerpt":{"rendered":"<p>\u00cen perioada 14 &#8211; 18 Octombrie 2020, compania de teatru SKEPSIS a reprezentat cu succes Alba Iulia la prima edi\u0163ie a Festivalului Interna\u0163ional \u201eQuinta Theatre Fest\u201d, organizat la Rodos, Grecia, l\u0103s\u00e2nd o impresie deosebit\u0103. Festivalul a avut un caracter competitiv \u0219i s-a bucurat de participarea a 10 trupe din Italia, Spania, Rusia, Maroc, Iran, Rom\u00e2nia &hellip;<\/p>\n","protected":false},"author":17,"featured_media":92981,"comment_status":"open","ping_status":"open","sticky":false,"template":"","format":"standard","meta":{"inline_featured_image":false,"footnotes":""},"categories":[2038],"tags":[21419,21856,21740,21857],"class_list":["post-92975","post","type-post","status-publish","format-standard","has-post-thumbnail","hentry","category-cultura","tag-compania-de-teatru-skepsis","tag-ecouri-cu-skepsis","tag-festivalul-international-quinta-theatrefest","tag-reprezentat-alba-iulia"],"yoast_head":"<!-- This site is optimized with the Yoast SEO plugin v27.4 - https:\/\/yoast.com\/product\/yoast-seo-wordpress\/ -->\n<title>Ecouri cu Skepsis din \u021bara teatrului! - Revista Urbea Mea - Revista de Alba<\/title>\n<meta name=\"description\" content=\"\u00cen perioada 14 - 18 Octombrie 2020, compania de teatru SKEPSIS a reprezentat cu succes Alba Iulia la prima edi\u0163ie a Festivalului Interna\u0163ional \u201eQuinta\" \/>\n<meta name=\"robots\" content=\"index, follow, max-snippet:-1, max-image-preview:large, max-video-preview:-1\" \/>\n<link rel=\"canonical\" href=\"https:\/\/urbeamea.ro\/albaiulia\/ecouri-cu-skepsis-din-tara-teatrului\/\" \/>\n<meta name=\"twitter:card\" content=\"summary_large_image\" \/>\n<meta name=\"twitter:title\" content=\"Ecouri cu Skepsis din \u021bara teatrului! - Revista Urbea Mea - Revista de Alba\" \/>\n<meta name=\"twitter:description\" content=\"\u00cen perioada 14 - 18 Octombrie 2020, compania de teatru SKEPSIS a reprezentat cu succes Alba Iulia la prima edi\u0163ie a Festivalului Interna\u0163ional \u201eQuinta\" \/>\n<meta name=\"twitter:image\" content=\"https:\/\/urbeamea.ro\/albaiulia\/wp-content\/uploads\/2020\/10\/din-spectacol.jpg\" \/>\n<meta name=\"twitter:creator\" content=\"@urbeameaweb\" \/>\n<meta name=\"twitter:site\" content=\"@urbeameaweb\" \/>\n<script type=\"application\/ld+json\" class=\"yoast-schema-graph\">{\"@context\":\"https:\\\/\\\/schema.org\",\"@graph\":[{\"@type\":\"Article\",\"@id\":\"https:\\\/\\\/urbeamea.ro\\\/albaiulia\\\/ecouri-cu-skepsis-din-tara-teatrului\\\/#article\",\"isPartOf\":{\"@id\":\"https:\\\/\\\/urbeamea.ro\\\/albaiulia\\\/ecouri-cu-skepsis-din-tara-teatrului\\\/\"},\"author\":{\"name\":\"Cristina Ganga\",\"@id\":\"https:\\\/\\\/urbeamea.ro\\\/albaiulia\\\/#\\\/schema\\\/person\\\/9700d21fae21c4f038b0b56f4506264a\"},\"headline\":\"Ecouri cu Skepsis din \u021bara teatrului!\",\"datePublished\":\"2020-10-30T13:27:14+00:00\",\"dateModified\":\"2020-10-30T13:27:16+00:00\",\"mainEntityOfPage\":{\"@id\":\"https:\\\/\\\/urbeamea.ro\\\/albaiulia\\\/ecouri-cu-skepsis-din-tara-teatrului\\\/\"},\"wordCount\":920,\"commentCount\":0,\"image\":{\"@id\":\"https:\\\/\\\/urbeamea.ro\\\/albaiulia\\\/ecouri-cu-skepsis-din-tara-teatrului\\\/#primaryimage\"},\"thumbnailUrl\":\"https:\\\/\\\/urbeamea.ro\\\/albaiulia\\\/wp-content\\\/uploads\\\/2020\\\/10\\\/din-spectacol.jpg\",\"keywords\":[\"compania de teatru skepsis\",\"ecouri cu skepsis\",\"festivalul international quinta theatrefest\",\"reprezentat alba iulia\"],\"articleSection\":[\"Cultur\u0103\"],\"inLanguage\":\"ro-RO\",\"potentialAction\":[{\"@type\":\"CommentAction\",\"name\":\"Comment\",\"target\":[\"https:\\\/\\\/urbeamea.ro\\\/albaiulia\\\/ecouri-cu-skepsis-din-tara-teatrului\\\/#respond\"]}]},{\"@type\":\"WebPage\",\"@id\":\"https:\\\/\\\/urbeamea.ro\\\/albaiulia\\\/ecouri-cu-skepsis-din-tara-teatrului\\\/\",\"url\":\"https:\\\/\\\/urbeamea.ro\\\/albaiulia\\\/ecouri-cu-skepsis-din-tara-teatrului\\\/\",\"name\":\"Ecouri cu Skepsis din \u021bara teatrului! - Revista Urbea Mea - Revista de Alba\",\"isPartOf\":{\"@id\":\"https:\\\/\\\/urbeamea.ro\\\/albaiulia\\\/#website\"},\"primaryImageOfPage\":{\"@id\":\"https:\\\/\\\/urbeamea.ro\\\/albaiulia\\\/ecouri-cu-skepsis-din-tara-teatrului\\\/#primaryimage\"},\"image\":{\"@id\":\"https:\\\/\\\/urbeamea.ro\\\/albaiulia\\\/ecouri-cu-skepsis-din-tara-teatrului\\\/#primaryimage\"},\"thumbnailUrl\":\"https:\\\/\\\/urbeamea.ro\\\/albaiulia\\\/wp-content\\\/uploads\\\/2020\\\/10\\\/din-spectacol.jpg\",\"datePublished\":\"2020-10-30T13:27:14+00:00\",\"dateModified\":\"2020-10-30T13:27:16+00:00\",\"author\":{\"@id\":\"https:\\\/\\\/urbeamea.ro\\\/albaiulia\\\/#\\\/schema\\\/person\\\/9700d21fae21c4f038b0b56f4506264a\"},\"description\":\"\u00cen perioada 14 - 18 Octombrie 2020, compania de teatru SKEPSIS a reprezentat cu succes Alba Iulia la prima edi\u0163ie a Festivalului Interna\u0163ional \u201eQuinta\",\"breadcrumb\":{\"@id\":\"https:\\\/\\\/urbeamea.ro\\\/albaiulia\\\/ecouri-cu-skepsis-din-tara-teatrului\\\/#breadcrumb\"},\"inLanguage\":\"ro-RO\",\"potentialAction\":[{\"@type\":\"ReadAction\",\"target\":[\"https:\\\/\\\/urbeamea.ro\\\/albaiulia\\\/ecouri-cu-skepsis-din-tara-teatrului\\\/\"]}]},{\"@type\":\"ImageObject\",\"inLanguage\":\"ro-RO\",\"@id\":\"https:\\\/\\\/urbeamea.ro\\\/albaiulia\\\/ecouri-cu-skepsis-din-tara-teatrului\\\/#primaryimage\",\"url\":\"https:\\\/\\\/urbeamea.ro\\\/albaiulia\\\/wp-content\\\/uploads\\\/2020\\\/10\\\/din-spectacol.jpg\",\"contentUrl\":\"https:\\\/\\\/urbeamea.ro\\\/albaiulia\\\/wp-content\\\/uploads\\\/2020\\\/10\\\/din-spectacol.jpg\",\"width\":1100,\"height\":783},{\"@type\":\"BreadcrumbList\",\"@id\":\"https:\\\/\\\/urbeamea.ro\\\/albaiulia\\\/ecouri-cu-skepsis-din-tara-teatrului\\\/#breadcrumb\",\"itemListElement\":[{\"@type\":\"ListItem\",\"position\":1,\"name\":\"Prima pagin\u0103\",\"item\":\"https:\\\/\\\/urbeamea.ro\\\/albaiulia\\\/\"},{\"@type\":\"ListItem\",\"position\":2,\"name\":\"Ecouri cu Skepsis din \u021bara teatrului!\"}]},{\"@type\":\"WebSite\",\"@id\":\"https:\\\/\\\/urbeamea.ro\\\/albaiulia\\\/#website\",\"url\":\"https:\\\/\\\/urbeamea.ro\\\/albaiulia\\\/\",\"name\":\"Revista Urbea Mea, Stiri urbane\",\"description\":\"Evenimente \u0219i \u0219tiri din Alba Iulia, Sebe\u0219, Aiud, Blaj\",\"potentialAction\":[{\"@type\":\"SearchAction\",\"target\":{\"@type\":\"EntryPoint\",\"urlTemplate\":\"https:\\\/\\\/urbeamea.ro\\\/albaiulia\\\/?s={search_term_string}\"},\"query-input\":{\"@type\":\"PropertyValueSpecification\",\"valueRequired\":true,\"valueName\":\"search_term_string\"}}],\"inLanguage\":\"ro-RO\"},{\"@type\":\"Person\",\"@id\":\"https:\\\/\\\/urbeamea.ro\\\/albaiulia\\\/#\\\/schema\\\/person\\\/9700d21fae21c4f038b0b56f4506264a\",\"name\":\"Cristina Ganga\",\"image\":{\"@type\":\"ImageObject\",\"inLanguage\":\"ro-RO\",\"@id\":\"https:\\\/\\\/secure.gravatar.com\\\/avatar\\\/5a67661041f057b4a8ccaf26f5a8e86e2689372006d01faf3dd9eeb10b654bb4?s=96&d=mm&r=g\",\"url\":\"https:\\\/\\\/secure.gravatar.com\\\/avatar\\\/5a67661041f057b4a8ccaf26f5a8e86e2689372006d01faf3dd9eeb10b654bb4?s=96&d=mm&r=g\",\"contentUrl\":\"https:\\\/\\\/secure.gravatar.com\\\/avatar\\\/5a67661041f057b4a8ccaf26f5a8e86e2689372006d01faf3dd9eeb10b654bb4?s=96&d=mm&r=g\",\"caption\":\"Cristina Ganga\"},\"description\":\"Jurnalist\",\"sameAs\":[\"https:\\\/\\\/www.facebook.com\\\/cristina.nicola.587\"],\"url\":\"https:\\\/\\\/urbeamea.ro\\\/albaiulia\\\/author\\\/cristina-nicola\\\/\"}]}<\/script>\n<!-- \/ Yoast SEO plugin. -->","yoast_head_json":{"title":"Ecouri cu Skepsis din \u021bara teatrului! - Revista Urbea Mea - Revista de Alba","description":"\u00cen perioada 14 - 18 Octombrie 2020, compania de teatru SKEPSIS a reprezentat cu succes Alba Iulia la prima edi\u0163ie a Festivalului Interna\u0163ional \u201eQuinta","robots":{"index":"index","follow":"follow","max-snippet":"max-snippet:-1","max-image-preview":"max-image-preview:large","max-video-preview":"max-video-preview:-1"},"canonical":"https:\/\/urbeamea.ro\/albaiulia\/ecouri-cu-skepsis-din-tara-teatrului\/","twitter_card":"summary_large_image","twitter_title":"Ecouri cu Skepsis din \u021bara teatrului! - Revista Urbea Mea - Revista de Alba","twitter_description":"\u00cen perioada 14 - 18 Octombrie 2020, compania de teatru SKEPSIS a reprezentat cu succes Alba Iulia la prima edi\u0163ie a Festivalului Interna\u0163ional \u201eQuinta","twitter_image":"https:\/\/urbeamea.ro\/albaiulia\/wp-content\/uploads\/2020\/10\/din-spectacol.jpg","twitter_creator":"@urbeameaweb","twitter_site":"@urbeameaweb","schema":{"@context":"https:\/\/schema.org","@graph":[{"@type":"Article","@id":"https:\/\/urbeamea.ro\/albaiulia\/ecouri-cu-skepsis-din-tara-teatrului\/#article","isPartOf":{"@id":"https:\/\/urbeamea.ro\/albaiulia\/ecouri-cu-skepsis-din-tara-teatrului\/"},"author":{"name":"Cristina Ganga","@id":"https:\/\/urbeamea.ro\/albaiulia\/#\/schema\/person\/9700d21fae21c4f038b0b56f4506264a"},"headline":"Ecouri cu Skepsis din \u021bara teatrului!","datePublished":"2020-10-30T13:27:14+00:00","dateModified":"2020-10-30T13:27:16+00:00","mainEntityOfPage":{"@id":"https:\/\/urbeamea.ro\/albaiulia\/ecouri-cu-skepsis-din-tara-teatrului\/"},"wordCount":920,"commentCount":0,"image":{"@id":"https:\/\/urbeamea.ro\/albaiulia\/ecouri-cu-skepsis-din-tara-teatrului\/#primaryimage"},"thumbnailUrl":"https:\/\/urbeamea.ro\/albaiulia\/wp-content\/uploads\/2020\/10\/din-spectacol.jpg","keywords":["compania de teatru skepsis","ecouri cu skepsis","festivalul international quinta theatrefest","reprezentat alba iulia"],"articleSection":["Cultur\u0103"],"inLanguage":"ro-RO","potentialAction":[{"@type":"CommentAction","name":"Comment","target":["https:\/\/urbeamea.ro\/albaiulia\/ecouri-cu-skepsis-din-tara-teatrului\/#respond"]}]},{"@type":"WebPage","@id":"https:\/\/urbeamea.ro\/albaiulia\/ecouri-cu-skepsis-din-tara-teatrului\/","url":"https:\/\/urbeamea.ro\/albaiulia\/ecouri-cu-skepsis-din-tara-teatrului\/","name":"Ecouri cu Skepsis din \u021bara teatrului! - Revista Urbea Mea - Revista de Alba","isPartOf":{"@id":"https:\/\/urbeamea.ro\/albaiulia\/#website"},"primaryImageOfPage":{"@id":"https:\/\/urbeamea.ro\/albaiulia\/ecouri-cu-skepsis-din-tara-teatrului\/#primaryimage"},"image":{"@id":"https:\/\/urbeamea.ro\/albaiulia\/ecouri-cu-skepsis-din-tara-teatrului\/#primaryimage"},"thumbnailUrl":"https:\/\/urbeamea.ro\/albaiulia\/wp-content\/uploads\/2020\/10\/din-spectacol.jpg","datePublished":"2020-10-30T13:27:14+00:00","dateModified":"2020-10-30T13:27:16+00:00","author":{"@id":"https:\/\/urbeamea.ro\/albaiulia\/#\/schema\/person\/9700d21fae21c4f038b0b56f4506264a"},"description":"\u00cen perioada 14 - 18 Octombrie 2020, compania de teatru SKEPSIS a reprezentat cu succes Alba Iulia la prima edi\u0163ie a Festivalului Interna\u0163ional \u201eQuinta","breadcrumb":{"@id":"https:\/\/urbeamea.ro\/albaiulia\/ecouri-cu-skepsis-din-tara-teatrului\/#breadcrumb"},"inLanguage":"ro-RO","potentialAction":[{"@type":"ReadAction","target":["https:\/\/urbeamea.ro\/albaiulia\/ecouri-cu-skepsis-din-tara-teatrului\/"]}]},{"@type":"ImageObject","inLanguage":"ro-RO","@id":"https:\/\/urbeamea.ro\/albaiulia\/ecouri-cu-skepsis-din-tara-teatrului\/#primaryimage","url":"https:\/\/urbeamea.ro\/albaiulia\/wp-content\/uploads\/2020\/10\/din-spectacol.jpg","contentUrl":"https:\/\/urbeamea.ro\/albaiulia\/wp-content\/uploads\/2020\/10\/din-spectacol.jpg","width":1100,"height":783},{"@type":"BreadcrumbList","@id":"https:\/\/urbeamea.ro\/albaiulia\/ecouri-cu-skepsis-din-tara-teatrului\/#breadcrumb","itemListElement":[{"@type":"ListItem","position":1,"name":"Prima pagin\u0103","item":"https:\/\/urbeamea.ro\/albaiulia\/"},{"@type":"ListItem","position":2,"name":"Ecouri cu Skepsis din \u021bara teatrului!"}]},{"@type":"WebSite","@id":"https:\/\/urbeamea.ro\/albaiulia\/#website","url":"https:\/\/urbeamea.ro\/albaiulia\/","name":"Revista Urbea Mea, Stiri urbane","description":"Evenimente \u0219i \u0219tiri din Alba Iulia, Sebe\u0219, Aiud, Blaj","potentialAction":[{"@type":"SearchAction","target":{"@type":"EntryPoint","urlTemplate":"https:\/\/urbeamea.ro\/albaiulia\/?s={search_term_string}"},"query-input":{"@type":"PropertyValueSpecification","valueRequired":true,"valueName":"search_term_string"}}],"inLanguage":"ro-RO"},{"@type":"Person","@id":"https:\/\/urbeamea.ro\/albaiulia\/#\/schema\/person\/9700d21fae21c4f038b0b56f4506264a","name":"Cristina Ganga","image":{"@type":"ImageObject","inLanguage":"ro-RO","@id":"https:\/\/secure.gravatar.com\/avatar\/5a67661041f057b4a8ccaf26f5a8e86e2689372006d01faf3dd9eeb10b654bb4?s=96&d=mm&r=g","url":"https:\/\/secure.gravatar.com\/avatar\/5a67661041f057b4a8ccaf26f5a8e86e2689372006d01faf3dd9eeb10b654bb4?s=96&d=mm&r=g","contentUrl":"https:\/\/secure.gravatar.com\/avatar\/5a67661041f057b4a8ccaf26f5a8e86e2689372006d01faf3dd9eeb10b654bb4?s=96&d=mm&r=g","caption":"Cristina Ganga"},"description":"Jurnalist","sameAs":["https:\/\/www.facebook.com\/cristina.nicola.587"],"url":"https:\/\/urbeamea.ro\/albaiulia\/author\/cristina-nicola\/"}]}},"_links":{"self":[{"href":"https:\/\/urbeamea.ro\/albaiulia\/wp-json\/wp\/v2\/posts\/92975","targetHints":{"allow":["GET"]}}],"collection":[{"href":"https:\/\/urbeamea.ro\/albaiulia\/wp-json\/wp\/v2\/posts"}],"about":[{"href":"https:\/\/urbeamea.ro\/albaiulia\/wp-json\/wp\/v2\/types\/post"}],"author":[{"embeddable":true,"href":"https:\/\/urbeamea.ro\/albaiulia\/wp-json\/wp\/v2\/users\/17"}],"replies":[{"embeddable":true,"href":"https:\/\/urbeamea.ro\/albaiulia\/wp-json\/wp\/v2\/comments?post=92975"}],"version-history":[{"count":1,"href":"https:\/\/urbeamea.ro\/albaiulia\/wp-json\/wp\/v2\/posts\/92975\/revisions"}],"predecessor-version":[{"id":92984,"href":"https:\/\/urbeamea.ro\/albaiulia\/wp-json\/wp\/v2\/posts\/92975\/revisions\/92984"}],"wp:featuredmedia":[{"embeddable":true,"href":"https:\/\/urbeamea.ro\/albaiulia\/wp-json\/wp\/v2\/media\/92981"}],"wp:attachment":[{"href":"https:\/\/urbeamea.ro\/albaiulia\/wp-json\/wp\/v2\/media?parent=92975"}],"wp:term":[{"taxonomy":"category","embeddable":true,"href":"https:\/\/urbeamea.ro\/albaiulia\/wp-json\/wp\/v2\/categories?post=92975"},{"taxonomy":"post_tag","embeddable":true,"href":"https:\/\/urbeamea.ro\/albaiulia\/wp-json\/wp\/v2\/tags?post=92975"}],"curies":[{"name":"wp","href":"https:\/\/api.w.org\/{rel}","templated":true}]}}