{"id":93242,"date":"2020-11-22T15:17:07","date_gmt":"2020-11-22T13:17:07","guid":{"rendered":"https:\/\/urbeamea.ro\/albaiulia\/?p=93242"},"modified":"2020-11-22T15:17:08","modified_gmt":"2020-11-22T13:17:08","slug":"centrul-de-cultura-augustin-bena-alba-concerte-recitaluri-si-expozitii-vor-fi-organizate-pentru-a-marca-ziua-nationala-a-romaniei","status":"publish","type":"post","link":"https:\/\/urbeamea.ro\/albaiulia\/centrul-de-cultura-augustin-bena-alba-concerte-recitaluri-si-expozitii-vor-fi-organizate-pentru-a-marca-ziua-nationala-a-romaniei\/","title":{"rendered":"Centrul de Cultur\u0103 \u201eAugustin Bena\u201d Alba: Concerte, recitaluri \u0219i expozi\u021bii vor fi organizate pentru a marca Ziua Na\u021bional\u0103 a Rom\u00e2niei"},"content":{"rendered":"\n<h5 class=\"wp-block-heading\">Centrul de Cultur\u0103 \u201eAugustin Bena\u201d Alba organizeaz\u0103 \u00een aceast\u0103 perioad\u0103 o serie de concerte, recitaluri, expozi\u021bii \u0219i alte evenimente culturale dedicate Zilei Na\u021bionale a Rom\u00e2niei. Manifest\u0103rile se desf\u0103\u0219oar\u0103 f\u0103r\u0103 public, cu respectarea celor mai stricte condi\u021bii de prevenire a r\u0103sp\u00e2ndirii virusului SARS-COV-2. <\/h5>\n\n\n\n<p class=\"wp-block-paragraph\">Astfel, concertele se desf\u0103\u0219oar\u0103 \u00een spa\u021biul logistic al Centrului de Cultur\u0103 \u201eAugustin Bena\u201d Alba, unde a fost amenajat\u0103 o scen\u0103 de spectacole, iar evenimentele vor fi transmise live pe Pagina de Facebook a institu\u021biei (<a href=\"https:\/\/www.facebook.com\/Centrul-de-Cultura-AUGUSTIN-BENA-Alba-173204689496678\">https:\/\/www.facebook.com\/Centrul-de-Cultura-AUGUSTIN-BENA-Alba-173204689496678<\/a> ). <\/p>\n\n\n\n<p class=\"wp-block-paragraph\">La fel se va \u00eent\u00e2mpla \u0219i cu celelalte expozi\u021bii sau evenimente culturale, care vor fi transmise live, astfel \u00eenc\u00e2t publicul iubitor de cultur\u0103 s\u0103 se poat\u0103 bucura de acestea. De asemenea, organizatorii vor respecta toate m\u0103suri impuse \u00een contextul pandemiei COVID-19, iar persoanele implicate \u00een organizare vor fi testate medical.<\/p>\n\n\n\n<blockquote class=\"wp-block-quote is-layout-flow wp-block-quote-is-layout-flow\"><p>\u201eZiua Na\u021bional\u0103 a Rom\u00e2niei este un moment important pentru to\u021bi rom\u00e2nii, astfel \u00eenc\u00e2t, indiferent de vremuri, avem obliga\u021bia s\u0103 o s\u0103rb\u0103torim cu cinste \u0219i onoare. Anul acesta organiz\u0103m o serie de evenimente culturale prin care cinstim ziua de 1 Decembrie \u0219i Marea Unire din 1918. Toate evenimentele se desf\u0103\u0219oar\u0103 cu respectarea celor mai stricte condi\u021bii de prevenire a r\u0103sp\u00e2ndirii virusului SARS-COV-2 \u0219i f\u0103r\u0103 public. Chiar dac\u0103 nu v\u0103 putem avea aproape pentru a v\u0103 sim\u021bi aplauzele, sper\u0103m s\u0103 v\u0103 sim\u021bim sufletele \u00een timp ce urm\u0103ri\u021bi on-line evenimentele noastre. De data aceasta nu v\u0103 invit\u0103m s\u0103 ie\u0219i\u021bi din case \u0219i s\u0103 participa\u021bi la manifest\u0103rile dedicate Zilei Na\u021bionale a Rom\u00e2niei, ci v\u0103 rug\u0103m s\u0103 v\u0103 deschide\u021bi inimile pentru a putea s\u0103 aducem manifest\u0103rile \u00een casa fiec\u0103rui rom\u00e2n\u201d, <\/p><cite>a spus Alexandru Pal, managerul Centrului de Cultur\u0103 \u201eAugustin Bena\u201d Alba.<\/cite><\/blockquote>\n\n\n\n<p class=\"wp-block-paragraph\">Consiliul Jude\u021bean Alba prin Centrul de Cultur\u0103 \u201eAugustin Bena\u201d \u0219i \u00een colaborare cu Muzeul Na\u021bional al Unirii Alba Iulia, Biblioteca Jude\u021bean\u0103 \u201eLucian Blaga\u201d \u0219i Teatrul de P\u0103pu\u0219i \u201ePrichindel\u201d organizeaz\u0103 \u0219i \u00een acest an o serie de activit\u0103\u021bi culturale incluse \u00een programul de la Alba Iulia dedicat Zilei Na\u021bionale a Rom\u00e2niei. Manifest\u0103rile se desf\u0103\u0219oar\u0103 f\u0103r\u0103 public, cu respectarea celor mai stricte m\u0103suri de prevenire a r\u0103sp\u00e2ndirii virusului SARS-COV-2, \u0219i sunt organizate \u00een parteneriat cu Prim\u0103ria Municipiului Alba Iulia \u0219i Institu\u021bia Prefectului Alba. Sub genericul \u201eZiua Na\u021bional\u0103 \u00een casa fiec\u0103rui rom\u00e2n\u201d, evenimentele sunt<strong><em> <\/em><\/strong>transmis\u0103 LIVE pe pagina de Facebook a Centrului de Cultur\u0103 \u201eAugustin Bena\u201d Alba \u0219i pe paginile celorlalte institu\u021bii organizatoare.<\/p>\n\n\n\n<p class=\"wp-block-paragraph\"><strong>Programul evenimentelor culturale organizate de Centrul de Cultur\u0103 \u201eAugustin Bena\u201d Alba<\/strong><\/p>\n\n\n\n<p class=\"wp-block-paragraph\"><strong><u>23 NOIEMBRIE 2020<\/u><\/strong><\/p>\n\n\n\n<p class=\"wp-block-paragraph\"><strong>15. 00 &nbsp;&nbsp; <\/strong><strong>Reconstituire istoric\u0103 \u00een imagini &#8211; Primul <\/strong><strong>R<\/strong><strong>\u0103zboi <\/strong><strong>M<\/strong><strong>ondial<\/strong><strong><\/strong><\/p>\n\n\n\n<p class=\"wp-block-paragraph\">&nbsp;&nbsp;&nbsp;&nbsp;&nbsp;&nbsp;&nbsp;&nbsp;&nbsp;&nbsp;&nbsp;&nbsp;&nbsp;&nbsp;&nbsp; <em>Vernisaj expozi\u021bie<\/em><\/p>\n\n\n\n<p class=\"wp-block-paragraph\"><em>&nbsp;&nbsp;&nbsp;&nbsp;&nbsp;&nbsp;&nbsp;&nbsp;&nbsp;&nbsp;&nbsp;&nbsp;&nbsp;&nbsp;&nbsp; Poarta a III-a a Cet\u0103\u021bii Alba Carolina, exterior<\/em><\/p>\n\n\n\n<p class=\"wp-block-paragraph\"><em>Expozi\u021bie deschis\u0103 publicului \u00een perioada 1 dec. 2020 \u2013 31 dec. 2020<\/em><\/p>\n\n\n\n<p class=\"wp-block-paragraph\"><em>Not\u0103: transmisiune live<\/em><\/p>\n\n\n\n<p class=\"wp-block-paragraph\"><strong><u>26 NOIEMBRIE 2020<\/u><\/strong><\/p>\n\n\n\n<p class=\"wp-block-paragraph\"><strong>16.00&nbsp;&nbsp; <\/strong><strong>Expozi\u021bie de fotografie istoric\u0103, de arhiv\u0103, cu centrul vechi al ora\u0219ului Alba Iulia<\/strong><strong> <\/strong><strong><\/strong><\/p>\n\n\n\n<p class=\"wp-block-paragraph\"><em>Vernisaj expozi\u021bie<\/em><\/p>\n\n\n\n<p class=\"wp-block-paragraph\"><em>Centrul de Cultur\u0103 \u201eAugustin Bena\u201d Alba<\/em><\/p>\n\n\n\n<p class=\"wp-block-paragraph\"><em>Expozi\u021bie deschis\u0103 publicului \u00een perioada: permanent<\/em><\/p>\n\n\n\n<p class=\"wp-block-paragraph\"><em>Not\u0103: transmisiune live<\/em><\/p>\n\n\n\n<p class=\"wp-block-paragraph\"><strong><u>28 NOIEMBRIE 2020<\/u><\/strong><\/p>\n\n\n\n<p class=\"wp-block-paragraph\"><strong>19.00&nbsp;&nbsp; \u201e1 Decembrie 1918\u201d<\/strong><\/p>\n\n\n\n<p class=\"wp-block-paragraph\"><strong>&nbsp;&nbsp;&nbsp;&nbsp;&nbsp;&nbsp;&nbsp;&nbsp;&nbsp;&nbsp;&nbsp; <\/strong><em>Videoclipuri muzicale<\/em><\/p>\n\n\n\n<p class=\"wp-block-paragraph\"><em>Centrul de Cultur\u0103 \u201eAugustin Bena\u201d Alba<\/em><\/p>\n\n\n\n<p class=\"wp-block-paragraph\"><em>Not\u0103: Difuz\u0103ri de clipuri video cu muzic\u0103 patriotic\u0103 realizate de Ansamblul Folcloric al Jude\u021bului Alba al\u0103turi de colaboratori din zonele istorice ale \u021b\u0103rii &#8211; partea I<\/em><\/p>\n\n\n\n<p class=\"wp-block-paragraph\"><strong><u>29 NOIEMBRIE 2020<\/u><\/strong><\/p>\n\n\n\n<p class=\"wp-block-paragraph\"><strong>12.00&nbsp;&nbsp; \u201eMuzic\u0103 de fanfar\u0103\u201d<\/strong><\/p>\n\n\n\n<p class=\"wp-block-paragraph\"><em>Recital<\/em><\/p>\n\n\n\n<p class=\"wp-block-paragraph\"><em>Not\u0103: Recital al Fanfarei Jude\u021bului Alba cu repertoriu de muzic\u0103 patriotic\u0103<\/em><\/p>\n\n\n\n<p class=\"wp-block-paragraph\"><em>Not\u0103: transmisiune live<\/em><\/p>\n\n\n\n<p class=\"wp-block-paragraph\"><strong>19.00&nbsp;&nbsp; \u201e1 Decembrie 1918\u201d&nbsp;<\/strong><\/p>\n\n\n\n<p class=\"wp-block-paragraph\"><em>Videoclipuri muzicale<\/em><\/p>\n\n\n\n<p class=\"wp-block-paragraph\"><em>Centrul de Cultur\u0103 \u201eAugustin Bena\u201d Alba<\/em><\/p>\n\n\n\n<p class=\"wp-block-paragraph\"><em>Not\u0103: Difuz\u0103ri de clipuri video cu muzic\u0103 patriotic\u0103 realizate de Ansamblul Folcloric al Jude\u021bului Alba al\u0103turi de colaboratori din zonele istorice ale \u021b\u0103rii &#8211; partea II<\/em><strong><em><u><\/u><\/em><\/strong><\/p>\n\n\n\n<p class=\"wp-block-paragraph\"><strong><u>30 NOIEMBRIE 2020<\/u><\/strong><\/p>\n\n\n\n<p class=\"wp-block-paragraph\"><strong>16.00 &nbsp; Icoane pe sticl\u0103<\/strong><\/p>\n\n\n\n<p class=\"wp-block-paragraph\"><em>Vernisaj expozi\u021bie<\/em><\/p>\n\n\n\n<p class=\"wp-block-paragraph\"><em>Centrul de Cultur\u0103 \u201eAugustin Bena\u201d Alba<\/em><\/p>\n\n\n\n<p class=\"wp-block-paragraph\"><em>Not\u0103:<\/em><em> Expozi\u021bie de icoane pe sticl\u0103 \u00een tehnica tradi\u021bional\u0103 a \u0219colii de la Laz, realizat\u0103 de cursan\u021bii clasei din cadrul Centrului de Cultur\u0103 Augustin Bena Alba<\/em><\/p>\n\n\n\n<p class=\"wp-block-paragraph\"><em>Not\u0103: transmisiune live<\/em><\/p>\n\n\n\n<p class=\"wp-block-paragraph\"><strong>18.00 &nbsp; \u201eTezaur Folcloric\u201d<\/strong><\/p>\n\n\n\n<p class=\"wp-block-paragraph\"><em>Concert<\/em><\/p>\n\n\n\n<p class=\"wp-block-paragraph\"><em>Centrul de Cultur\u0103 \u201eAugustin Bena\u201d Alba<\/em><\/p>\n\n\n\n<p class=\"wp-block-paragraph\"><em>Nota: Difuzare edi\u021bie special\u0103 cu selec\u021bii din emisiunea Tezaur Folcloric, film\u0103ri realizate la Palatul Cultural din Blaj al\u0103turi de Ansamblul Folcloric al Jude\u021bului Alba.<\/em><em><\/em><\/p>\n\n\n\n<p class=\"wp-block-paragraph\"><strong>21.00&nbsp;&nbsp; \u201eCvartet pentru Rom\u00e2nia\u201d <\/strong><em><\/em><\/p>\n\n\n\n<p class=\"wp-block-paragraph\"><em>Concert omagial<\/em><\/p>\n\n\n\n<p class=\"wp-block-paragraph\"><em>Centrul de Cultur\u0103 \u201eAugustin Bena\u201d Alba<\/em><\/p>\n\n\n\n<p class=\"wp-block-paragraph\"><em>Nota: Recital al cvartetului&nbsp; Jude\u021bului Alba; <\/em><em>transmisiune live<\/em><\/p>\n\n\n\n<p class=\"wp-block-paragraph\"><strong><u>1 DECEMBRIE 2020<\/u><\/strong><\/p>\n\n\n\n<p class=\"wp-block-paragraph\"><strong>13.00 \u201eTezaur Folcloric\u201d \u2013 edi\u021bie special\u0103<\/strong><\/p>\n\n\n\n<p class=\"wp-block-paragraph\"><em>Concert<\/em><\/p>\n\n\n\n<p class=\"wp-block-paragraph\"><em>Centrul de Cultur\u0103 \u201eAugustin Bena\u201d Alba<\/em><\/p>\n\n\n\n<p class=\"wp-block-paragraph\"><em>Not\u0103: <\/em><em>Difuzare &#8211; edi\u021bie special\u0103 Tezaur Folcloric, pe posturile TVR1 \u0219i TVR Interna\u021bional, \u00een data de 1 decembrie 2020, cu film\u0103ri realizate de echipa emisiunii la Palatul Cultural din Blaj al\u0103turi de Ansamblul Folcloric al Jude\u021bului Alba \u00een anii 2018 \u0219i 2019<\/em><em><\/em><\/p>\n\n\n\n<ol class=\"wp-block-list\" type=\"1\"><li><strong>C\u00e2nt \u0219i suflet rom\u00e2nesc<\/strong><\/li><\/ol>\n\n\n\n<p class=\"wp-block-paragraph\">Spectacol folcloric<\/p>\n\n\n\n<p class=\"wp-block-paragraph\"><em>Not\u0103: transmisiune live<\/em><\/p>\n\n\n\n<p class=\"wp-block-paragraph\"><strong>20.00&nbsp;&nbsp; \u201eSimfonic Rom\u00e2nia 2020\u201d <\/strong><em><\/em><\/p>\n\n\n\n<p class=\"wp-block-paragraph\"><em>Concert omagial<\/em><\/p>\n\n\n\n<p class=\"wp-block-paragraph\"><em>Not\u0103: Recital al Orchestrei de camer\u0103 a <\/em><em>J<\/em><em>ude\u021bului Alba cu soli\u0219ti invita\u021bi de renume na\u021bional \u0219i interna\u021bional<\/em><strong><em> &#8211; <\/em><\/strong><em>transmisiune live<\/em><\/p>\n\n\n\n<p class=\"wp-block-paragraph\"><strong><em>Not\u0103:<\/em><\/strong><strong> Programul poate suferi modific\u0103ri \u00een func\u021bie de evolu\u021bia situa\u021biei pandemice!<\/strong><\/p>\n\n\n\n<p class=\"wp-block-paragraph\"><strong>PROGRAMUL COMPLET poate fi citit pe Pagina de \u00a0Facebook a Consiliului Jude\u021bean Alba: https:\/\/www.facebook.com\/ConsiliulJudeteanAlba<\/strong><\/p>\n","protected":false},"excerpt":{"rendered":"<p>Centrul de Cultur\u0103 \u201eAugustin Bena\u201d Alba organizeaz\u0103 \u00een aceast\u0103 perioad\u0103 o serie de concerte, recitaluri, expozi\u021bii \u0219i alte evenimente culturale dedicate Zilei Na\u021bionale a Rom\u00e2niei. Manifest\u0103rile se desf\u0103\u0219oar\u0103 f\u0103r\u0103 public, cu respectarea celor mai stricte condi\u021bii de prevenire a r\u0103sp\u00e2ndirii virusului SARS-COV-2. Astfel, concertele se desf\u0103\u0219oar\u0103 \u00een spa\u021biul logistic al Centrului de Cultur\u0103 \u201eAugustin Bena\u201d &hellip;<\/p>\n","protected":false},"author":17,"featured_media":93243,"comment_status":"open","ping_status":"open","sticky":false,"template":"","format":"standard","meta":{"inline_featured_image":false,"footnotes":""},"categories":[4],"tags":[16749,7261,1238,1088,8287,963],"class_list":["post-93242","post","type-post","status-publish","format-standard","has-post-thumbnail","hentry","category-eveniment","tag-1-decembrie-la-alba-iulia","tag-centrul-de-cultura-augustin-bena-alba","tag-concerte","tag-expozitii","tag-recitaluri","tag-ziua-nationala-a-romaniei"],"yoast_head":"<!-- This site is optimized with the Yoast SEO plugin v28.3 - https:\/\/yoast.com\/product\/yoast-seo-wordpress\/ -->\n<title>Centrul de Cultur\u0103 \u201eAugustin Bena\u201d Alba: Concerte, recitaluri \u0219i expozi\u021bii vor fi organizate pentru a marca Ziua Na\u021bional\u0103 a Rom\u00e2niei - Revista Urbea Mea - Revista de Alba<\/title>\n<meta name=\"description\" content=\"Centrul de Cultur\u0103 \u201eAugustin Bena\u201d Alba organizeaz\u0103 \u00een aceast\u0103 perioad\u0103 o serie de concerte, recitaluri, expozi\u021bii \u0219i alte evenimente culturale dedicate\" \/>\n<meta name=\"robots\" content=\"index, follow, max-snippet:-1, max-image-preview:large, max-video-preview:-1\" \/>\n<link rel=\"canonical\" href=\"https:\/\/urbeamea.ro\/albaiulia\/centrul-de-cultura-augustin-bena-alba-concerte-recitaluri-si-expozitii-vor-fi-organizate-pentru-a-marca-ziua-nationala-a-romaniei\/\" \/>\n<meta name=\"twitter:card\" content=\"summary_large_image\" \/>\n<meta name=\"twitter:title\" content=\"Centrul de Cultur\u0103 \u201eAugustin Bena\u201d Alba: Concerte, recitaluri \u0219i expozi\u021bii vor fi organizate pentru a marca Ziua Na\u021bional\u0103 a Rom\u00e2niei - Revista Urbea Mea - Revista de Alba\" \/>\n<meta name=\"twitter:description\" content=\"Centrul de Cultur\u0103 \u201eAugustin Bena\u201d Alba organizeaz\u0103 \u00een aceast\u0103 perioad\u0103 o serie de concerte, recitaluri, expozi\u021bii \u0219i alte evenimente culturale dedicate\" \/>\n<meta name=\"twitter:image\" content=\"https:\/\/urbeamea.ro\/albaiulia\/wp-content\/uploads\/2020\/11\/646x404.jpg\" \/>\n<meta name=\"twitter:creator\" content=\"@urbeameaweb\" \/>\n<meta name=\"twitter:site\" content=\"@urbeameaweb\" \/>\n<script type=\"application\/ld+json\" class=\"yoast-schema-graph\">{\"@context\":\"https:\\\/\\\/schema.org\",\"@graph\":[{\"@type\":\"Article\",\"@id\":\"https:\\\/\\\/urbeamea.ro\\\/albaiulia\\\/centrul-de-cultura-augustin-bena-alba-concerte-recitaluri-si-expozitii-vor-fi-organizate-pentru-a-marca-ziua-nationala-a-romaniei\\\/#article\",\"isPartOf\":{\"@id\":\"https:\\\/\\\/urbeamea.ro\\\/albaiulia\\\/centrul-de-cultura-augustin-bena-alba-concerte-recitaluri-si-expozitii-vor-fi-organizate-pentru-a-marca-ziua-nationala-a-romaniei\\\/\"},\"author\":{\"name\":\"Cristina Ganga\",\"@id\":\"https:\\\/\\\/urbeamea.ro\\\/albaiulia\\\/#\\\/schema\\\/person\\\/9700d21fae21c4f038b0b56f4506264a\"},\"headline\":\"Centrul de Cultur\u0103 \u201eAugustin Bena\u201d Alba: Concerte, recitaluri \u0219i expozi\u021bii vor fi organizate pentru a marca Ziua Na\u021bional\u0103 a Rom\u00e2niei\",\"datePublished\":\"2020-11-22T13:17:07+00:00\",\"dateModified\":\"2020-11-22T13:17:08+00:00\",\"mainEntityOfPage\":{\"@id\":\"https:\\\/\\\/urbeamea.ro\\\/albaiulia\\\/centrul-de-cultura-augustin-bena-alba-concerte-recitaluri-si-expozitii-vor-fi-organizate-pentru-a-marca-ziua-nationala-a-romaniei\\\/\"},\"wordCount\":937,\"commentCount\":0,\"image\":{\"@id\":\"https:\\\/\\\/urbeamea.ro\\\/albaiulia\\\/centrul-de-cultura-augustin-bena-alba-concerte-recitaluri-si-expozitii-vor-fi-organizate-pentru-a-marca-ziua-nationala-a-romaniei\\\/#primaryimage\"},\"thumbnailUrl\":\"https:\\\/\\\/urbeamea.ro\\\/albaiulia\\\/wp-content\\\/uploads\\\/2020\\\/11\\\/646x404.jpg\",\"keywords\":[\"1 decembrie la alba iulia\",\"centrul de cultura augustin bena alba\",\"concerte\",\"expozitii\",\"recitaluri\",\"ziua nationala a romaniei\"],\"articleSection\":[\"Evenimente\"],\"inLanguage\":\"ro-RO\",\"potentialAction\":[{\"@type\":\"CommentAction\",\"name\":\"Comment\",\"target\":[\"https:\\\/\\\/urbeamea.ro\\\/albaiulia\\\/centrul-de-cultura-augustin-bena-alba-concerte-recitaluri-si-expozitii-vor-fi-organizate-pentru-a-marca-ziua-nationala-a-romaniei\\\/#respond\"]}]},{\"@type\":\"WebPage\",\"@id\":\"https:\\\/\\\/urbeamea.ro\\\/albaiulia\\\/centrul-de-cultura-augustin-bena-alba-concerte-recitaluri-si-expozitii-vor-fi-organizate-pentru-a-marca-ziua-nationala-a-romaniei\\\/\",\"url\":\"https:\\\/\\\/urbeamea.ro\\\/albaiulia\\\/centrul-de-cultura-augustin-bena-alba-concerte-recitaluri-si-expozitii-vor-fi-organizate-pentru-a-marca-ziua-nationala-a-romaniei\\\/\",\"name\":\"Centrul de Cultur\u0103 \u201eAugustin Bena\u201d Alba: Concerte, recitaluri \u0219i expozi\u021bii vor fi organizate pentru a marca Ziua Na\u021bional\u0103 a Rom\u00e2niei - Revista Urbea Mea - Revista de Alba\",\"isPartOf\":{\"@id\":\"https:\\\/\\\/urbeamea.ro\\\/albaiulia\\\/#website\"},\"primaryImageOfPage\":{\"@id\":\"https:\\\/\\\/urbeamea.ro\\\/albaiulia\\\/centrul-de-cultura-augustin-bena-alba-concerte-recitaluri-si-expozitii-vor-fi-organizate-pentru-a-marca-ziua-nationala-a-romaniei\\\/#primaryimage\"},\"image\":{\"@id\":\"https:\\\/\\\/urbeamea.ro\\\/albaiulia\\\/centrul-de-cultura-augustin-bena-alba-concerte-recitaluri-si-expozitii-vor-fi-organizate-pentru-a-marca-ziua-nationala-a-romaniei\\\/#primaryimage\"},\"thumbnailUrl\":\"https:\\\/\\\/urbeamea.ro\\\/albaiulia\\\/wp-content\\\/uploads\\\/2020\\\/11\\\/646x404.jpg\",\"datePublished\":\"2020-11-22T13:17:07+00:00\",\"dateModified\":\"2020-11-22T13:17:08+00:00\",\"author\":{\"@id\":\"https:\\\/\\\/urbeamea.ro\\\/albaiulia\\\/#\\\/schema\\\/person\\\/9700d21fae21c4f038b0b56f4506264a\"},\"description\":\"Centrul de Cultur\u0103 \u201eAugustin Bena\u201d Alba organizeaz\u0103 \u00een aceast\u0103 perioad\u0103 o serie de concerte, recitaluri, expozi\u021bii \u0219i alte evenimente culturale dedicate\",\"breadcrumb\":{\"@id\":\"https:\\\/\\\/urbeamea.ro\\\/albaiulia\\\/centrul-de-cultura-augustin-bena-alba-concerte-recitaluri-si-expozitii-vor-fi-organizate-pentru-a-marca-ziua-nationala-a-romaniei\\\/#breadcrumb\"},\"inLanguage\":\"ro-RO\",\"potentialAction\":[{\"@type\":\"ReadAction\",\"target\":[\"https:\\\/\\\/urbeamea.ro\\\/albaiulia\\\/centrul-de-cultura-augustin-bena-alba-concerte-recitaluri-si-expozitii-vor-fi-organizate-pentru-a-marca-ziua-nationala-a-romaniei\\\/\"]}]},{\"@type\":\"ImageObject\",\"inLanguage\":\"ro-RO\",\"@id\":\"https:\\\/\\\/urbeamea.ro\\\/albaiulia\\\/centrul-de-cultura-augustin-bena-alba-concerte-recitaluri-si-expozitii-vor-fi-organizate-pentru-a-marca-ziua-nationala-a-romaniei\\\/#primaryimage\",\"url\":\"https:\\\/\\\/urbeamea.ro\\\/albaiulia\\\/wp-content\\\/uploads\\\/2020\\\/11\\\/646x404.jpg\",\"contentUrl\":\"https:\\\/\\\/urbeamea.ro\\\/albaiulia\\\/wp-content\\\/uploads\\\/2020\\\/11\\\/646x404.jpg\",\"width\":646,\"height\":404},{\"@type\":\"BreadcrumbList\",\"@id\":\"https:\\\/\\\/urbeamea.ro\\\/albaiulia\\\/centrul-de-cultura-augustin-bena-alba-concerte-recitaluri-si-expozitii-vor-fi-organizate-pentru-a-marca-ziua-nationala-a-romaniei\\\/#breadcrumb\",\"itemListElement\":[{\"@type\":\"ListItem\",\"position\":1,\"name\":\"Prima pagin\u0103\",\"item\":\"https:\\\/\\\/urbeamea.ro\\\/albaiulia\\\/\"},{\"@type\":\"ListItem\",\"position\":2,\"name\":\"Centrul de Cultur\u0103 \u201eAugustin Bena\u201d Alba: Concerte, recitaluri \u0219i expozi\u021bii vor fi organizate pentru a marca Ziua Na\u021bional\u0103 a Rom\u00e2niei\"}]},{\"@type\":\"WebSite\",\"@id\":\"https:\\\/\\\/urbeamea.ro\\\/albaiulia\\\/#website\",\"url\":\"https:\\\/\\\/urbeamea.ro\\\/albaiulia\\\/\",\"name\":\"Revista Urbea Mea, Stiri urbane\",\"description\":\"Evenimente \u0219i \u0219tiri din Alba Iulia, Sebe\u0219, Aiud, Blaj\",\"potentialAction\":[{\"@type\":\"SearchAction\",\"target\":{\"@type\":\"EntryPoint\",\"urlTemplate\":\"https:\\\/\\\/urbeamea.ro\\\/albaiulia\\\/?s={search_term_string}\"},\"query-input\":{\"@type\":\"PropertyValueSpecification\",\"valueRequired\":true,\"valueName\":\"search_term_string\"}}],\"inLanguage\":\"ro-RO\"},{\"@type\":\"Person\",\"@id\":\"https:\\\/\\\/urbeamea.ro\\\/albaiulia\\\/#\\\/schema\\\/person\\\/9700d21fae21c4f038b0b56f4506264a\",\"name\":\"Cristina Ganga\",\"image\":{\"@type\":\"ImageObject\",\"inLanguage\":\"ro-RO\",\"@id\":\"https:\\\/\\\/secure.gravatar.com\\\/avatar\\\/5a67661041f057b4a8ccaf26f5a8e86e2689372006d01faf3dd9eeb10b654bb4?s=96&d=mm&r=g\",\"url\":\"https:\\\/\\\/secure.gravatar.com\\\/avatar\\\/5a67661041f057b4a8ccaf26f5a8e86e2689372006d01faf3dd9eeb10b654bb4?s=96&d=mm&r=g\",\"contentUrl\":\"https:\\\/\\\/secure.gravatar.com\\\/avatar\\\/5a67661041f057b4a8ccaf26f5a8e86e2689372006d01faf3dd9eeb10b654bb4?s=96&d=mm&r=g\",\"caption\":\"Cristina Ganga\"},\"description\":\"Jurnalist\",\"sameAs\":[\"https:\\\/\\\/www.facebook.com\\\/cristina.nicola.587\"],\"url\":\"https:\\\/\\\/urbeamea.ro\\\/albaiulia\\\/author\\\/cristina-nicola\\\/\"}]}<\/script>\n<!-- \/ Yoast SEO plugin. -->","yoast_head_json":{"title":"Centrul de Cultur\u0103 \u201eAugustin Bena\u201d Alba: Concerte, recitaluri \u0219i expozi\u021bii vor fi organizate pentru a marca Ziua Na\u021bional\u0103 a Rom\u00e2niei - Revista Urbea Mea - Revista de Alba","description":"Centrul de Cultur\u0103 \u201eAugustin Bena\u201d Alba organizeaz\u0103 \u00een aceast\u0103 perioad\u0103 o serie de concerte, recitaluri, expozi\u021bii \u0219i alte evenimente culturale dedicate","robots":{"index":"index","follow":"follow","max-snippet":"max-snippet:-1","max-image-preview":"max-image-preview:large","max-video-preview":"max-video-preview:-1"},"canonical":"https:\/\/urbeamea.ro\/albaiulia\/centrul-de-cultura-augustin-bena-alba-concerte-recitaluri-si-expozitii-vor-fi-organizate-pentru-a-marca-ziua-nationala-a-romaniei\/","twitter_card":"summary_large_image","twitter_title":"Centrul de Cultur\u0103 \u201eAugustin Bena\u201d Alba: Concerte, recitaluri \u0219i expozi\u021bii vor fi organizate pentru a marca Ziua Na\u021bional\u0103 a Rom\u00e2niei - Revista Urbea Mea - Revista de Alba","twitter_description":"Centrul de Cultur\u0103 \u201eAugustin Bena\u201d Alba organizeaz\u0103 \u00een aceast\u0103 perioad\u0103 o serie de concerte, recitaluri, expozi\u021bii \u0219i alte evenimente culturale dedicate","twitter_image":"https:\/\/urbeamea.ro\/albaiulia\/wp-content\/uploads\/2020\/11\/646x404.jpg","twitter_creator":"@urbeameaweb","twitter_site":"@urbeameaweb","schema":{"@context":"https:\/\/schema.org","@graph":[{"@type":"Article","@id":"https:\/\/urbeamea.ro\/albaiulia\/centrul-de-cultura-augustin-bena-alba-concerte-recitaluri-si-expozitii-vor-fi-organizate-pentru-a-marca-ziua-nationala-a-romaniei\/#article","isPartOf":{"@id":"https:\/\/urbeamea.ro\/albaiulia\/centrul-de-cultura-augustin-bena-alba-concerte-recitaluri-si-expozitii-vor-fi-organizate-pentru-a-marca-ziua-nationala-a-romaniei\/"},"author":{"name":"Cristina Ganga","@id":"https:\/\/urbeamea.ro\/albaiulia\/#\/schema\/person\/9700d21fae21c4f038b0b56f4506264a"},"headline":"Centrul de Cultur\u0103 \u201eAugustin Bena\u201d Alba: Concerte, recitaluri \u0219i expozi\u021bii vor fi organizate pentru a marca Ziua Na\u021bional\u0103 a Rom\u00e2niei","datePublished":"2020-11-22T13:17:07+00:00","dateModified":"2020-11-22T13:17:08+00:00","mainEntityOfPage":{"@id":"https:\/\/urbeamea.ro\/albaiulia\/centrul-de-cultura-augustin-bena-alba-concerte-recitaluri-si-expozitii-vor-fi-organizate-pentru-a-marca-ziua-nationala-a-romaniei\/"},"wordCount":937,"commentCount":0,"image":{"@id":"https:\/\/urbeamea.ro\/albaiulia\/centrul-de-cultura-augustin-bena-alba-concerte-recitaluri-si-expozitii-vor-fi-organizate-pentru-a-marca-ziua-nationala-a-romaniei\/#primaryimage"},"thumbnailUrl":"https:\/\/urbeamea.ro\/albaiulia\/wp-content\/uploads\/2020\/11\/646x404.jpg","keywords":["1 decembrie la alba iulia","centrul de cultura augustin bena alba","concerte","expozitii","recitaluri","ziua nationala a romaniei"],"articleSection":["Evenimente"],"inLanguage":"ro-RO","potentialAction":[{"@type":"CommentAction","name":"Comment","target":["https:\/\/urbeamea.ro\/albaiulia\/centrul-de-cultura-augustin-bena-alba-concerte-recitaluri-si-expozitii-vor-fi-organizate-pentru-a-marca-ziua-nationala-a-romaniei\/#respond"]}]},{"@type":"WebPage","@id":"https:\/\/urbeamea.ro\/albaiulia\/centrul-de-cultura-augustin-bena-alba-concerte-recitaluri-si-expozitii-vor-fi-organizate-pentru-a-marca-ziua-nationala-a-romaniei\/","url":"https:\/\/urbeamea.ro\/albaiulia\/centrul-de-cultura-augustin-bena-alba-concerte-recitaluri-si-expozitii-vor-fi-organizate-pentru-a-marca-ziua-nationala-a-romaniei\/","name":"Centrul de Cultur\u0103 \u201eAugustin Bena\u201d Alba: Concerte, recitaluri \u0219i expozi\u021bii vor fi organizate pentru a marca Ziua Na\u021bional\u0103 a Rom\u00e2niei - Revista Urbea Mea - Revista de Alba","isPartOf":{"@id":"https:\/\/urbeamea.ro\/albaiulia\/#website"},"primaryImageOfPage":{"@id":"https:\/\/urbeamea.ro\/albaiulia\/centrul-de-cultura-augustin-bena-alba-concerte-recitaluri-si-expozitii-vor-fi-organizate-pentru-a-marca-ziua-nationala-a-romaniei\/#primaryimage"},"image":{"@id":"https:\/\/urbeamea.ro\/albaiulia\/centrul-de-cultura-augustin-bena-alba-concerte-recitaluri-si-expozitii-vor-fi-organizate-pentru-a-marca-ziua-nationala-a-romaniei\/#primaryimage"},"thumbnailUrl":"https:\/\/urbeamea.ro\/albaiulia\/wp-content\/uploads\/2020\/11\/646x404.jpg","datePublished":"2020-11-22T13:17:07+00:00","dateModified":"2020-11-22T13:17:08+00:00","author":{"@id":"https:\/\/urbeamea.ro\/albaiulia\/#\/schema\/person\/9700d21fae21c4f038b0b56f4506264a"},"description":"Centrul de Cultur\u0103 \u201eAugustin Bena\u201d Alba organizeaz\u0103 \u00een aceast\u0103 perioad\u0103 o serie de concerte, recitaluri, expozi\u021bii \u0219i alte evenimente culturale dedicate","breadcrumb":{"@id":"https:\/\/urbeamea.ro\/albaiulia\/centrul-de-cultura-augustin-bena-alba-concerte-recitaluri-si-expozitii-vor-fi-organizate-pentru-a-marca-ziua-nationala-a-romaniei\/#breadcrumb"},"inLanguage":"ro-RO","potentialAction":[{"@type":"ReadAction","target":["https:\/\/urbeamea.ro\/albaiulia\/centrul-de-cultura-augustin-bena-alba-concerte-recitaluri-si-expozitii-vor-fi-organizate-pentru-a-marca-ziua-nationala-a-romaniei\/"]}]},{"@type":"ImageObject","inLanguage":"ro-RO","@id":"https:\/\/urbeamea.ro\/albaiulia\/centrul-de-cultura-augustin-bena-alba-concerte-recitaluri-si-expozitii-vor-fi-organizate-pentru-a-marca-ziua-nationala-a-romaniei\/#primaryimage","url":"https:\/\/urbeamea.ro\/albaiulia\/wp-content\/uploads\/2020\/11\/646x404.jpg","contentUrl":"https:\/\/urbeamea.ro\/albaiulia\/wp-content\/uploads\/2020\/11\/646x404.jpg","width":646,"height":404},{"@type":"BreadcrumbList","@id":"https:\/\/urbeamea.ro\/albaiulia\/centrul-de-cultura-augustin-bena-alba-concerte-recitaluri-si-expozitii-vor-fi-organizate-pentru-a-marca-ziua-nationala-a-romaniei\/#breadcrumb","itemListElement":[{"@type":"ListItem","position":1,"name":"Prima pagin\u0103","item":"https:\/\/urbeamea.ro\/albaiulia\/"},{"@type":"ListItem","position":2,"name":"Centrul de Cultur\u0103 \u201eAugustin Bena\u201d Alba: Concerte, recitaluri \u0219i expozi\u021bii vor fi organizate pentru a marca Ziua Na\u021bional\u0103 a Rom\u00e2niei"}]},{"@type":"WebSite","@id":"https:\/\/urbeamea.ro\/albaiulia\/#website","url":"https:\/\/urbeamea.ro\/albaiulia\/","name":"Revista Urbea Mea, Stiri urbane","description":"Evenimente \u0219i \u0219tiri din Alba Iulia, Sebe\u0219, Aiud, Blaj","potentialAction":[{"@type":"SearchAction","target":{"@type":"EntryPoint","urlTemplate":"https:\/\/urbeamea.ro\/albaiulia\/?s={search_term_string}"},"query-input":{"@type":"PropertyValueSpecification","valueRequired":true,"valueName":"search_term_string"}}],"inLanguage":"ro-RO"},{"@type":"Person","@id":"https:\/\/urbeamea.ro\/albaiulia\/#\/schema\/person\/9700d21fae21c4f038b0b56f4506264a","name":"Cristina Ganga","image":{"@type":"ImageObject","inLanguage":"ro-RO","@id":"https:\/\/secure.gravatar.com\/avatar\/5a67661041f057b4a8ccaf26f5a8e86e2689372006d01faf3dd9eeb10b654bb4?s=96&d=mm&r=g","url":"https:\/\/secure.gravatar.com\/avatar\/5a67661041f057b4a8ccaf26f5a8e86e2689372006d01faf3dd9eeb10b654bb4?s=96&d=mm&r=g","contentUrl":"https:\/\/secure.gravatar.com\/avatar\/5a67661041f057b4a8ccaf26f5a8e86e2689372006d01faf3dd9eeb10b654bb4?s=96&d=mm&r=g","caption":"Cristina Ganga"},"description":"Jurnalist","sameAs":["https:\/\/www.facebook.com\/cristina.nicola.587"],"url":"https:\/\/urbeamea.ro\/albaiulia\/author\/cristina-nicola\/"}]}},"_links":{"self":[{"href":"https:\/\/urbeamea.ro\/albaiulia\/wp-json\/wp\/v2\/posts\/93242","targetHints":{"allow":["GET"]}}],"collection":[{"href":"https:\/\/urbeamea.ro\/albaiulia\/wp-json\/wp\/v2\/posts"}],"about":[{"href":"https:\/\/urbeamea.ro\/albaiulia\/wp-json\/wp\/v2\/types\/post"}],"author":[{"embeddable":true,"href":"https:\/\/urbeamea.ro\/albaiulia\/wp-json\/wp\/v2\/users\/17"}],"replies":[{"embeddable":true,"href":"https:\/\/urbeamea.ro\/albaiulia\/wp-json\/wp\/v2\/comments?post=93242"}],"version-history":[{"count":1,"href":"https:\/\/urbeamea.ro\/albaiulia\/wp-json\/wp\/v2\/posts\/93242\/revisions"}],"predecessor-version":[{"id":93244,"href":"https:\/\/urbeamea.ro\/albaiulia\/wp-json\/wp\/v2\/posts\/93242\/revisions\/93244"}],"wp:featuredmedia":[{"embeddable":true,"href":"https:\/\/urbeamea.ro\/albaiulia\/wp-json\/wp\/v2\/media\/93243"}],"wp:attachment":[{"href":"https:\/\/urbeamea.ro\/albaiulia\/wp-json\/wp\/v2\/media?parent=93242"}],"wp:term":[{"taxonomy":"category","embeddable":true,"href":"https:\/\/urbeamea.ro\/albaiulia\/wp-json\/wp\/v2\/categories?post=93242"},{"taxonomy":"post_tag","embeddable":true,"href":"https:\/\/urbeamea.ro\/albaiulia\/wp-json\/wp\/v2\/tags?post=93242"}],"curies":[{"name":"wp","href":"https:\/\/api.w.org\/{rel}","templated":true}]}}