{"id":93553,"date":"2020-12-04T15:08:29","date_gmt":"2020-12-04T13:08:29","guid":{"rendered":"https:\/\/urbeamea.ro\/albaiulia\/?p=93553"},"modified":"2020-12-04T15:08:31","modified_gmt":"2020-12-04T13:08:31","slug":"noi-carti-ziare-si-reviste-la-biblioteca-judeteana-lucian-blaga-alba","status":"publish","type":"post","link":"https:\/\/urbeamea.ro\/albaiulia\/noi-carti-ziare-si-reviste-la-biblioteca-judeteana-lucian-blaga-alba\/","title":{"rendered":"Noi c\u0103r\u021bi, ziare \u0219i reviste la Biblioteca Jude\u021bean\u0103 \u201eLucian Blaga\u201d Alba"},"content":{"rendered":"\n<p class=\"wp-block-paragraph\">Achizi\u021bia de unit\u0103\u021bi de bibliotec\u0103 (car\u021bi, ziare, reviste, CD-uri, DVD-uri, e-Book etc.) este una dintre activita\u021bile esen\u021biale ale unei biblioteci publice \u0219i asigur\u0103 at\u00e2t cre\u0219terea ca num\u0103r a colec\u021biilor bibliotecii c\u00e2t \u0219i \u00eembog\u0103\u021birea valoric\u0103 \u0219i spiritual\u0103 a acestora. De aceea, unul dintre obiectivele Bibliotecii Jude\u021bene \u201eLucian Blaga\u201d Alba a fost asigurarea unei politici de achizi\u0163ie de carte echilibrat\u0103 \u0219i care s\u0103 poat\u0103 furniza o arie larg\u0103 de cuno\u0219tin\u021be din toate domeniile \u0219tiin\u021belor \u0219i culturii. <\/p>\n\n\n\n<p class=\"wp-block-paragraph\">\u00cen acest scop, p\u00e2n\u0103 anul acesta, informarea privind produc\u021bia editorial\u0103 s-a f\u0103cut \u00een cadrul lans\u0103rilor de carte, a t\u00e2rgurilor de carte, prin intermediul \u00eent\u00e2lnirilor directe cu editorii, scriitorii \u0219i librarii sau prin consult\u0103ri directe cu utilizatorii. Anul acesta, fiind restric\u021bionate aceste metode, informarea privind produc\u0163ia editorial\u0103 \u015fi extraeditorial\u0103, at\u00e2t din \u0163ar\u0103 c\u00e2t \u015fi din str\u0103in\u0103tate, s-a realizat de c\u0103tre compartimentul de achizi\u021bie carte prin culegerea de informa\u0163ii de pe site-uri de profil, accesarea paginilor Web ale editurilor \u0219i ale libr\u0103riilor, prin discu\u021bii on-line, telefonice sau prin coresponden\u021b\u0103, at\u00e2t cu scriitorii \u0219i editorii c\u00e2t \u0219i cu utilizatorii.<\/p>\n\n\n\n<p class=\"wp-block-paragraph\">\u021ain\u00e2nd cont de toate acestea, \u00een anul 2020 au fost f\u0103cute achizi\u021bii de carte \u00een valoare de 114255,35 lei, sum\u0103 aprobat\u0103 de Consiliul Jude\u021bean Alba \u00een cadrul programului 2.CRE\u0218TEREA COLEC\u021aIILOR DE CARTE\/2.1 Achizi\u021bie carte, proiect ce face parte din Programul managerial pentru perioada 2017-2020. Num\u0103rul volumelor achizi\u021bionate a fost de 4086 iar acestea au fost repartizate astfel: 384 la sala de lectur\u0103, 1748 la Sec\u021bia pentru adul\u021bi \u0219i 1954 la Sec\u021bia pentru copii. Acestora li se adaug\u0103 un num\u0103r de 8 abonamente la zire \u0219i reviste, \u00eensum\u00e2nd 1963 de publica\u021bii seriale care pot fi consultate zilnic la Sec\u021bia periodice. Tot \u00een acest an au intrat \u00een circuitul de \u00eemprumut al bibliotecii o serie de c\u0103r\u021bi, ziare \u0219i reviste primite ca dona\u021bii de la institu\u021bii sau persoane fizice sau ob\u021binute prin schimburi interbibliotecare \u0219i interinstitu\u021bionale.<\/p>\n\n\n\n<p class=\"wp-block-paragraph\">Pe durata \u00eentregului Program managerial, respectiv \u00een perioada 2017-2020, Biblioteca Jude\u021bean\u0103 \u201eLucian Blaga\u201d Alba a achizi\u021bionat un num\u0103r de 18612 volume de carte, \u00een valoare de 522222,87 lei, cu preponderen\u021b\u0103 din urm\u0103toarele categorii de documente: c\u0103r\u021bi de literatur\u0103 rom\u00e2n\u0103 \u0219i str\u0103in\u0103, enciclopedii, dic\u021bionare, monografii, repertorii, bibliografii, istoriografii dar \u0219i alte categorii de documente solicitate de c\u0103tre utilizatori. Pentru acela\u0219i interval de timp a fost alocat\u0103 o sum\u0103 de 9990,08 lei pentru achizi\u021bionarea unui num\u0103r de 30 abonamente la principalele ziare \u0219i reviste din jude\u021b \u0219i din \u021bar\u0103, cum ar fi: Unirea, Adev\u0103rul, Formula AS, Gazeta Sporturilor, Monitorul Oficial, Partea I, Dilema veche, Rom\u00e2nia literar\u0103 \u0219i Tribuna. Acestora li se adaug\u0103 un num\u0103r de 131 dona\u021bii din partea unor institu\u021bii sau ONG-uri culturale, \u00eensum\u00e2nd 437 de publica\u021bii care au intrat \u00een circuitul de \u00eemprumut, prin intermediul proiectelor 2.2 Dona\u021bii \u0219i 2.3 Schimburi interbibliotecare \u0219i interinstitu\u021bionale.<\/p>\n\n\n\n<p class=\"wp-block-paragraph\">Av\u00e2nd \u00een vedere efortul financiar f\u0103cut, Biblioteca Jude\u021bean\u0103 \u201eLucian Blaga\u201d Alba \u00ee\u0219i a\u0219teapt\u0103 \u00een continuare cititorii, de luni p\u00e2n\u0103 vineri \u00eentre orele 8:00 \u2013 19:00, cu o colec\u021bie variat\u0103 \u0219i interesant\u0103 de c\u0103r\u021bi, ziare \u0219i reviste. \u00cei asigur\u0103m pe to\u021bi cititorii c\u0103 au fost luate toate m\u0103surile de protec\u021bie \u0219i carantinare a c\u0103r\u021bilor, \u00een a\u0219a fel \u00eenc\u00e2t s\u0103 nu existe nici cea mai mica posibilitate de r\u0103sp\u00e2ndire a pandemiei generate de virusul Sars-Cov2 prin intermediul bibliotecii.<\/p>\n","protected":false},"excerpt":{"rendered":"<p>Achizi\u021bia de unit\u0103\u021bi de bibliotec\u0103 (car\u021bi, ziare, reviste, CD-uri, DVD-uri, e-Book etc.) este una dintre activita\u021bile esen\u021biale ale unei biblioteci publice \u0219i asigur\u0103 at\u00e2t cre\u0219terea ca num\u0103r a colec\u021biilor bibliotecii c\u00e2t \u0219i \u00eembog\u0103\u021birea valoric\u0103 \u0219i spiritual\u0103 a acestora. De aceea, unul dintre obiectivele Bibliotecii Jude\u021bene \u201eLucian Blaga\u201d Alba a fost asigurarea unei politici de achizi\u0163ie &hellip;<\/p>\n","protected":false},"author":17,"featured_media":39306,"comment_status":"open","ping_status":"open","sticky":false,"template":"","format":"standard","meta":{"inline_featured_image":false,"footnotes":""},"categories":[2038],"tags":[22074,22073,17081],"class_list":["post-93553","post","type-post","status-publish","format-standard","has-post-thumbnail","hentry","category-cultura","tag-achizitie-de-carte-echilibrata","tag-achzitie-de-unitati-de-biblioteca","tag-biblioteca-judeteana-lucian-blaga-alba-2"],"yoast_head":"<!-- This site is optimized with the Yoast SEO plugin v28.3 - https:\/\/yoast.com\/product\/yoast-seo-wordpress\/ -->\n<title>Noi c\u0103r\u021bi, ziare \u0219i reviste la Biblioteca Jude\u021bean\u0103 \u201eLucian Blaga\u201d Alba - Revista Urbea Mea - Revista de Alba<\/title>\n<meta name=\"description\" content=\"Achizi\u021bia de unit\u0103\u021bi de bibliotec\u0103 (car\u021bi, ziare, reviste, CD-uri, DVD-uri, e-Book etc.) este una dintre activita\u021bile esen\u021biale ale unei biblioteci\" \/>\n<meta name=\"robots\" content=\"index, follow, max-snippet:-1, max-image-preview:large, max-video-preview:-1\" \/>\n<link rel=\"canonical\" href=\"https:\/\/urbeamea.ro\/albaiulia\/noi-carti-ziare-si-reviste-la-biblioteca-judeteana-lucian-blaga-alba\/\" \/>\n<meta name=\"twitter:card\" content=\"summary_large_image\" \/>\n<meta name=\"twitter:title\" content=\"Noi c\u0103r\u021bi, ziare \u0219i reviste la Biblioteca Jude\u021bean\u0103 \u201eLucian Blaga\u201d Alba - Revista Urbea Mea - Revista de Alba\" \/>\n<meta name=\"twitter:description\" content=\"Achizi\u021bia de unit\u0103\u021bi de bibliotec\u0103 (car\u021bi, ziare, reviste, CD-uri, DVD-uri, e-Book etc.) este una dintre activita\u021bile esen\u021biale ale unei biblioteci\" \/>\n<meta name=\"twitter:image\" content=\"https:\/\/urbeamea.ro\/albaiulia\/wp-content\/uploads\/2017\/01\/carti.jpg\" \/>\n<meta name=\"twitter:creator\" content=\"@urbeameaweb\" \/>\n<meta name=\"twitter:site\" content=\"@urbeameaweb\" \/>\n<script type=\"application\/ld+json\" class=\"yoast-schema-graph\">{\"@context\":\"https:\\\/\\\/schema.org\",\"@graph\":[{\"@type\":\"Article\",\"@id\":\"https:\\\/\\\/urbeamea.ro\\\/albaiulia\\\/noi-carti-ziare-si-reviste-la-biblioteca-judeteana-lucian-blaga-alba\\\/#article\",\"isPartOf\":{\"@id\":\"https:\\\/\\\/urbeamea.ro\\\/albaiulia\\\/noi-carti-ziare-si-reviste-la-biblioteca-judeteana-lucian-blaga-alba\\\/\"},\"author\":{\"name\":\"Cristina Ganga\",\"@id\":\"https:\\\/\\\/urbeamea.ro\\\/albaiulia\\\/#\\\/schema\\\/person\\\/9700d21fae21c4f038b0b56f4506264a\"},\"headline\":\"Noi c\u0103r\u021bi, ziare \u0219i reviste la Biblioteca Jude\u021bean\u0103 \u201eLucian Blaga\u201d Alba\",\"datePublished\":\"2020-12-04T13:08:29+00:00\",\"dateModified\":\"2020-12-04T13:08:31+00:00\",\"mainEntityOfPage\":{\"@id\":\"https:\\\/\\\/urbeamea.ro\\\/albaiulia\\\/noi-carti-ziare-si-reviste-la-biblioteca-judeteana-lucian-blaga-alba\\\/\"},\"wordCount\":617,\"commentCount\":0,\"image\":{\"@id\":\"https:\\\/\\\/urbeamea.ro\\\/albaiulia\\\/noi-carti-ziare-si-reviste-la-biblioteca-judeteana-lucian-blaga-alba\\\/#primaryimage\"},\"thumbnailUrl\":\"https:\\\/\\\/urbeamea.ro\\\/albaiulia\\\/wp-content\\\/uploads\\\/2017\\\/01\\\/carti.jpg\",\"keywords\":[\"achizitie de carte echilibrata\",\"achzitie de unitati de biblioteca\",\"biblioteca judeteana lucian blaga alba\"],\"articleSection\":[\"Cultur\u0103\"],\"inLanguage\":\"ro-RO\",\"potentialAction\":[{\"@type\":\"CommentAction\",\"name\":\"Comment\",\"target\":[\"https:\\\/\\\/urbeamea.ro\\\/albaiulia\\\/noi-carti-ziare-si-reviste-la-biblioteca-judeteana-lucian-blaga-alba\\\/#respond\"]}]},{\"@type\":\"WebPage\",\"@id\":\"https:\\\/\\\/urbeamea.ro\\\/albaiulia\\\/noi-carti-ziare-si-reviste-la-biblioteca-judeteana-lucian-blaga-alba\\\/\",\"url\":\"https:\\\/\\\/urbeamea.ro\\\/albaiulia\\\/noi-carti-ziare-si-reviste-la-biblioteca-judeteana-lucian-blaga-alba\\\/\",\"name\":\"Noi c\u0103r\u021bi, ziare \u0219i reviste la Biblioteca Jude\u021bean\u0103 \u201eLucian Blaga\u201d Alba - Revista Urbea Mea - Revista de Alba\",\"isPartOf\":{\"@id\":\"https:\\\/\\\/urbeamea.ro\\\/albaiulia\\\/#website\"},\"primaryImageOfPage\":{\"@id\":\"https:\\\/\\\/urbeamea.ro\\\/albaiulia\\\/noi-carti-ziare-si-reviste-la-biblioteca-judeteana-lucian-blaga-alba\\\/#primaryimage\"},\"image\":{\"@id\":\"https:\\\/\\\/urbeamea.ro\\\/albaiulia\\\/noi-carti-ziare-si-reviste-la-biblioteca-judeteana-lucian-blaga-alba\\\/#primaryimage\"},\"thumbnailUrl\":\"https:\\\/\\\/urbeamea.ro\\\/albaiulia\\\/wp-content\\\/uploads\\\/2017\\\/01\\\/carti.jpg\",\"datePublished\":\"2020-12-04T13:08:29+00:00\",\"dateModified\":\"2020-12-04T13:08:31+00:00\",\"author\":{\"@id\":\"https:\\\/\\\/urbeamea.ro\\\/albaiulia\\\/#\\\/schema\\\/person\\\/9700d21fae21c4f038b0b56f4506264a\"},\"description\":\"Achizi\u021bia de unit\u0103\u021bi de bibliotec\u0103 (car\u021bi, ziare, reviste, CD-uri, DVD-uri, e-Book etc.) este una dintre activita\u021bile esen\u021biale ale unei biblioteci\",\"breadcrumb\":{\"@id\":\"https:\\\/\\\/urbeamea.ro\\\/albaiulia\\\/noi-carti-ziare-si-reviste-la-biblioteca-judeteana-lucian-blaga-alba\\\/#breadcrumb\"},\"inLanguage\":\"ro-RO\",\"potentialAction\":[{\"@type\":\"ReadAction\",\"target\":[\"https:\\\/\\\/urbeamea.ro\\\/albaiulia\\\/noi-carti-ziare-si-reviste-la-biblioteca-judeteana-lucian-blaga-alba\\\/\"]}]},{\"@type\":\"ImageObject\",\"inLanguage\":\"ro-RO\",\"@id\":\"https:\\\/\\\/urbeamea.ro\\\/albaiulia\\\/noi-carti-ziare-si-reviste-la-biblioteca-judeteana-lucian-blaga-alba\\\/#primaryimage\",\"url\":\"https:\\\/\\\/urbeamea.ro\\\/albaiulia\\\/wp-content\\\/uploads\\\/2017\\\/01\\\/carti.jpg\",\"contentUrl\":\"https:\\\/\\\/urbeamea.ro\\\/albaiulia\\\/wp-content\\\/uploads\\\/2017\\\/01\\\/carti.jpg\",\"width\":674,\"height\":518},{\"@type\":\"BreadcrumbList\",\"@id\":\"https:\\\/\\\/urbeamea.ro\\\/albaiulia\\\/noi-carti-ziare-si-reviste-la-biblioteca-judeteana-lucian-blaga-alba\\\/#breadcrumb\",\"itemListElement\":[{\"@type\":\"ListItem\",\"position\":1,\"name\":\"Prima pagin\u0103\",\"item\":\"https:\\\/\\\/urbeamea.ro\\\/albaiulia\\\/\"},{\"@type\":\"ListItem\",\"position\":2,\"name\":\"Noi c\u0103r\u021bi, ziare \u0219i reviste la Biblioteca Jude\u021bean\u0103 \u201eLucian Blaga\u201d Alba\"}]},{\"@type\":\"WebSite\",\"@id\":\"https:\\\/\\\/urbeamea.ro\\\/albaiulia\\\/#website\",\"url\":\"https:\\\/\\\/urbeamea.ro\\\/albaiulia\\\/\",\"name\":\"Revista Urbea Mea, Stiri urbane\",\"description\":\"Evenimente \u0219i \u0219tiri din Alba Iulia, Sebe\u0219, Aiud, Blaj\",\"potentialAction\":[{\"@type\":\"SearchAction\",\"target\":{\"@type\":\"EntryPoint\",\"urlTemplate\":\"https:\\\/\\\/urbeamea.ro\\\/albaiulia\\\/?s={search_term_string}\"},\"query-input\":{\"@type\":\"PropertyValueSpecification\",\"valueRequired\":true,\"valueName\":\"search_term_string\"}}],\"inLanguage\":\"ro-RO\"},{\"@type\":\"Person\",\"@id\":\"https:\\\/\\\/urbeamea.ro\\\/albaiulia\\\/#\\\/schema\\\/person\\\/9700d21fae21c4f038b0b56f4506264a\",\"name\":\"Cristina Ganga\",\"image\":{\"@type\":\"ImageObject\",\"inLanguage\":\"ro-RO\",\"@id\":\"https:\\\/\\\/secure.gravatar.com\\\/avatar\\\/5a67661041f057b4a8ccaf26f5a8e86e2689372006d01faf3dd9eeb10b654bb4?s=96&d=mm&r=g\",\"url\":\"https:\\\/\\\/secure.gravatar.com\\\/avatar\\\/5a67661041f057b4a8ccaf26f5a8e86e2689372006d01faf3dd9eeb10b654bb4?s=96&d=mm&r=g\",\"contentUrl\":\"https:\\\/\\\/secure.gravatar.com\\\/avatar\\\/5a67661041f057b4a8ccaf26f5a8e86e2689372006d01faf3dd9eeb10b654bb4?s=96&d=mm&r=g\",\"caption\":\"Cristina Ganga\"},\"description\":\"Jurnalist\",\"sameAs\":[\"https:\\\/\\\/www.facebook.com\\\/cristina.nicola.587\"],\"url\":\"https:\\\/\\\/urbeamea.ro\\\/albaiulia\\\/author\\\/cristina-nicola\\\/\"}]}<\/script>\n<!-- \/ Yoast SEO plugin. -->","yoast_head_json":{"title":"Noi c\u0103r\u021bi, ziare \u0219i reviste la Biblioteca Jude\u021bean\u0103 \u201eLucian Blaga\u201d Alba - Revista Urbea Mea - Revista de Alba","description":"Achizi\u021bia de unit\u0103\u021bi de bibliotec\u0103 (car\u021bi, ziare, reviste, CD-uri, DVD-uri, e-Book etc.) este una dintre activita\u021bile esen\u021biale ale unei biblioteci","robots":{"index":"index","follow":"follow","max-snippet":"max-snippet:-1","max-image-preview":"max-image-preview:large","max-video-preview":"max-video-preview:-1"},"canonical":"https:\/\/urbeamea.ro\/albaiulia\/noi-carti-ziare-si-reviste-la-biblioteca-judeteana-lucian-blaga-alba\/","twitter_card":"summary_large_image","twitter_title":"Noi c\u0103r\u021bi, ziare \u0219i reviste la Biblioteca Jude\u021bean\u0103 \u201eLucian Blaga\u201d Alba - Revista Urbea Mea - Revista de Alba","twitter_description":"Achizi\u021bia de unit\u0103\u021bi de bibliotec\u0103 (car\u021bi, ziare, reviste, CD-uri, DVD-uri, e-Book etc.) este una dintre activita\u021bile esen\u021biale ale unei biblioteci","twitter_image":"https:\/\/urbeamea.ro\/albaiulia\/wp-content\/uploads\/2017\/01\/carti.jpg","twitter_creator":"@urbeameaweb","twitter_site":"@urbeameaweb","schema":{"@context":"https:\/\/schema.org","@graph":[{"@type":"Article","@id":"https:\/\/urbeamea.ro\/albaiulia\/noi-carti-ziare-si-reviste-la-biblioteca-judeteana-lucian-blaga-alba\/#article","isPartOf":{"@id":"https:\/\/urbeamea.ro\/albaiulia\/noi-carti-ziare-si-reviste-la-biblioteca-judeteana-lucian-blaga-alba\/"},"author":{"name":"Cristina Ganga","@id":"https:\/\/urbeamea.ro\/albaiulia\/#\/schema\/person\/9700d21fae21c4f038b0b56f4506264a"},"headline":"Noi c\u0103r\u021bi, ziare \u0219i reviste la Biblioteca Jude\u021bean\u0103 \u201eLucian Blaga\u201d Alba","datePublished":"2020-12-04T13:08:29+00:00","dateModified":"2020-12-04T13:08:31+00:00","mainEntityOfPage":{"@id":"https:\/\/urbeamea.ro\/albaiulia\/noi-carti-ziare-si-reviste-la-biblioteca-judeteana-lucian-blaga-alba\/"},"wordCount":617,"commentCount":0,"image":{"@id":"https:\/\/urbeamea.ro\/albaiulia\/noi-carti-ziare-si-reviste-la-biblioteca-judeteana-lucian-blaga-alba\/#primaryimage"},"thumbnailUrl":"https:\/\/urbeamea.ro\/albaiulia\/wp-content\/uploads\/2017\/01\/carti.jpg","keywords":["achizitie de carte echilibrata","achzitie de unitati de biblioteca","biblioteca judeteana lucian blaga alba"],"articleSection":["Cultur\u0103"],"inLanguage":"ro-RO","potentialAction":[{"@type":"CommentAction","name":"Comment","target":["https:\/\/urbeamea.ro\/albaiulia\/noi-carti-ziare-si-reviste-la-biblioteca-judeteana-lucian-blaga-alba\/#respond"]}]},{"@type":"WebPage","@id":"https:\/\/urbeamea.ro\/albaiulia\/noi-carti-ziare-si-reviste-la-biblioteca-judeteana-lucian-blaga-alba\/","url":"https:\/\/urbeamea.ro\/albaiulia\/noi-carti-ziare-si-reviste-la-biblioteca-judeteana-lucian-blaga-alba\/","name":"Noi c\u0103r\u021bi, ziare \u0219i reviste la Biblioteca Jude\u021bean\u0103 \u201eLucian Blaga\u201d Alba - Revista Urbea Mea - Revista de Alba","isPartOf":{"@id":"https:\/\/urbeamea.ro\/albaiulia\/#website"},"primaryImageOfPage":{"@id":"https:\/\/urbeamea.ro\/albaiulia\/noi-carti-ziare-si-reviste-la-biblioteca-judeteana-lucian-blaga-alba\/#primaryimage"},"image":{"@id":"https:\/\/urbeamea.ro\/albaiulia\/noi-carti-ziare-si-reviste-la-biblioteca-judeteana-lucian-blaga-alba\/#primaryimage"},"thumbnailUrl":"https:\/\/urbeamea.ro\/albaiulia\/wp-content\/uploads\/2017\/01\/carti.jpg","datePublished":"2020-12-04T13:08:29+00:00","dateModified":"2020-12-04T13:08:31+00:00","author":{"@id":"https:\/\/urbeamea.ro\/albaiulia\/#\/schema\/person\/9700d21fae21c4f038b0b56f4506264a"},"description":"Achizi\u021bia de unit\u0103\u021bi de bibliotec\u0103 (car\u021bi, ziare, reviste, CD-uri, DVD-uri, e-Book etc.) este una dintre activita\u021bile esen\u021biale ale unei biblioteci","breadcrumb":{"@id":"https:\/\/urbeamea.ro\/albaiulia\/noi-carti-ziare-si-reviste-la-biblioteca-judeteana-lucian-blaga-alba\/#breadcrumb"},"inLanguage":"ro-RO","potentialAction":[{"@type":"ReadAction","target":["https:\/\/urbeamea.ro\/albaiulia\/noi-carti-ziare-si-reviste-la-biblioteca-judeteana-lucian-blaga-alba\/"]}]},{"@type":"ImageObject","inLanguage":"ro-RO","@id":"https:\/\/urbeamea.ro\/albaiulia\/noi-carti-ziare-si-reviste-la-biblioteca-judeteana-lucian-blaga-alba\/#primaryimage","url":"https:\/\/urbeamea.ro\/albaiulia\/wp-content\/uploads\/2017\/01\/carti.jpg","contentUrl":"https:\/\/urbeamea.ro\/albaiulia\/wp-content\/uploads\/2017\/01\/carti.jpg","width":674,"height":518},{"@type":"BreadcrumbList","@id":"https:\/\/urbeamea.ro\/albaiulia\/noi-carti-ziare-si-reviste-la-biblioteca-judeteana-lucian-blaga-alba\/#breadcrumb","itemListElement":[{"@type":"ListItem","position":1,"name":"Prima pagin\u0103","item":"https:\/\/urbeamea.ro\/albaiulia\/"},{"@type":"ListItem","position":2,"name":"Noi c\u0103r\u021bi, ziare \u0219i reviste la Biblioteca Jude\u021bean\u0103 \u201eLucian Blaga\u201d Alba"}]},{"@type":"WebSite","@id":"https:\/\/urbeamea.ro\/albaiulia\/#website","url":"https:\/\/urbeamea.ro\/albaiulia\/","name":"Revista Urbea Mea, Stiri urbane","description":"Evenimente \u0219i \u0219tiri din Alba Iulia, Sebe\u0219, Aiud, Blaj","potentialAction":[{"@type":"SearchAction","target":{"@type":"EntryPoint","urlTemplate":"https:\/\/urbeamea.ro\/albaiulia\/?s={search_term_string}"},"query-input":{"@type":"PropertyValueSpecification","valueRequired":true,"valueName":"search_term_string"}}],"inLanguage":"ro-RO"},{"@type":"Person","@id":"https:\/\/urbeamea.ro\/albaiulia\/#\/schema\/person\/9700d21fae21c4f038b0b56f4506264a","name":"Cristina Ganga","image":{"@type":"ImageObject","inLanguage":"ro-RO","@id":"https:\/\/secure.gravatar.com\/avatar\/5a67661041f057b4a8ccaf26f5a8e86e2689372006d01faf3dd9eeb10b654bb4?s=96&d=mm&r=g","url":"https:\/\/secure.gravatar.com\/avatar\/5a67661041f057b4a8ccaf26f5a8e86e2689372006d01faf3dd9eeb10b654bb4?s=96&d=mm&r=g","contentUrl":"https:\/\/secure.gravatar.com\/avatar\/5a67661041f057b4a8ccaf26f5a8e86e2689372006d01faf3dd9eeb10b654bb4?s=96&d=mm&r=g","caption":"Cristina Ganga"},"description":"Jurnalist","sameAs":["https:\/\/www.facebook.com\/cristina.nicola.587"],"url":"https:\/\/urbeamea.ro\/albaiulia\/author\/cristina-nicola\/"}]}},"_links":{"self":[{"href":"https:\/\/urbeamea.ro\/albaiulia\/wp-json\/wp\/v2\/posts\/93553","targetHints":{"allow":["GET"]}}],"collection":[{"href":"https:\/\/urbeamea.ro\/albaiulia\/wp-json\/wp\/v2\/posts"}],"about":[{"href":"https:\/\/urbeamea.ro\/albaiulia\/wp-json\/wp\/v2\/types\/post"}],"author":[{"embeddable":true,"href":"https:\/\/urbeamea.ro\/albaiulia\/wp-json\/wp\/v2\/users\/17"}],"replies":[{"embeddable":true,"href":"https:\/\/urbeamea.ro\/albaiulia\/wp-json\/wp\/v2\/comments?post=93553"}],"version-history":[{"count":1,"href":"https:\/\/urbeamea.ro\/albaiulia\/wp-json\/wp\/v2\/posts\/93553\/revisions"}],"predecessor-version":[{"id":93554,"href":"https:\/\/urbeamea.ro\/albaiulia\/wp-json\/wp\/v2\/posts\/93553\/revisions\/93554"}],"wp:featuredmedia":[{"embeddable":true,"href":"https:\/\/urbeamea.ro\/albaiulia\/wp-json\/wp\/v2\/media\/39306"}],"wp:attachment":[{"href":"https:\/\/urbeamea.ro\/albaiulia\/wp-json\/wp\/v2\/media?parent=93553"}],"wp:term":[{"taxonomy":"category","embeddable":true,"href":"https:\/\/urbeamea.ro\/albaiulia\/wp-json\/wp\/v2\/categories?post=93553"},{"taxonomy":"post_tag","embeddable":true,"href":"https:\/\/urbeamea.ro\/albaiulia\/wp-json\/wp\/v2\/tags?post=93553"}],"curies":[{"name":"wp","href":"https:\/\/api.w.org\/{rel}","templated":true}]}}