{"id":93558,"date":"2020-12-06T19:04:44","date_gmt":"2020-12-06T17:04:44","guid":{"rendered":"https:\/\/urbeamea.ro\/albaiulia\/?p=93558"},"modified":"2020-12-06T19:04:46","modified_gmt":"2020-12-06T17:04:46","slug":"distinctii-militare-onorifice-oferite-cadrelor-militare","status":"publish","type":"post","link":"https:\/\/urbeamea.ro\/albaiulia\/distinctii-militare-onorifice-oferite-cadrelor-militare\/","title":{"rendered":"Distinc\u0163ii militare onorifice, oferite cadrelor militare"},"content":{"rendered":"\n<h5 class=\"wp-block-heading\">Trei cadre militare de la Colegiul Na\u0163ional Militar \u201eMihai Viteazul\u201d au primit s\u0103pt\u0103m\u00e2na aceasta distinc\u0163ii militare conferite de c\u0103tre Statul Major al For\u021belor Aeriene, cu prilejul Zilei Armatei Rom\u00e2niei \u015fi Zilei Na\u0163ionale a Rom\u00e2niei.<\/h5>\n\n\n\n<p class=\"wp-block-paragraph\">Emblema de Merit \u201e\u00cen serviciul Armatei Rom\u00e2niei\u201d clasa a III-a a fost conferit\u0103 locotenent-colonelului Raul Turic, \u00een semn de apreciere pentru activitatea desf\u0103\u0219urat\u0103 \u00een serviciul militar \u0219i rezultatele deosebite ob\u0163inute \u00een \u00eendeplinirea atribu\u021biilor \u0219i \u00een preg\u0103tirea profesional\u0103.<\/p>\n\n\n\n<p class=\"wp-block-paragraph\">Emblema de Onoare a For\u021belor Aeriene a fost conferit\u0103 plutonierului adjutant Adrian Radu \u0219i maistrului militar clasa a II-a Paul Pa\u0219tiu, \u00een semn de apreciere deosebit\u0103 a profesionalismului manifestat \u00een \u00eendeplinirea cu responsabilitate a misiunilor \u00eencredin\u021bate, precum \u0219i a rezultatelor meritorii ob\u021binute \u00een activitatea desf\u0103\u0219urat\u0103 \u00een For\u021bele Aeriene.<\/p>\n\n\n\n<p class=\"wp-block-paragraph\">Felicit\u0103ri, mult succes \u00een activitate!<\/p>\n\n\n\n<figure class=\"wp-block-gallery columns-3 is-cropped wp-block-gallery-1 is-layout-flex wp-block-gallery-is-layout-flex\"><ul class=\"blocks-gallery-grid\"><li class=\"blocks-gallery-item\"><figure><a href=\"https:\/\/urbeamea.ro\/albaiulia\/wp-content\/uploads\/2020\/12\/128810684_1712926885548294_1753849547425305292_o.jpg\"><img loading=\"lazy\" decoding=\"async\" width=\"1200\" height=\"774\" src=\"https:\/\/urbeamea.ro\/albaiulia\/wp-content\/uploads\/2020\/12\/128810684_1712926885548294_1753849547425305292_o.jpg\" alt=\"\" data-id=\"93559\" data-full-url=\"https:\/\/urbeamea.ro\/albaiulia\/wp-content\/uploads\/2020\/12\/128810684_1712926885548294_1753849547425305292_o.jpg\" data-link=\"https:\/\/urbeamea.ro\/albaiulia\/?attachment_id=93559\" class=\"wp-image-93559\" srcset=\"https:\/\/urbeamea.ro\/albaiulia\/wp-content\/uploads\/2020\/12\/128810684_1712926885548294_1753849547425305292_o.jpg 1200w, https:\/\/urbeamea.ro\/albaiulia\/wp-content\/uploads\/2020\/12\/128810684_1712926885548294_1753849547425305292_o-640x413.jpg 640w, https:\/\/urbeamea.ro\/albaiulia\/wp-content\/uploads\/2020\/12\/128810684_1712926885548294_1753849547425305292_o-150x97.jpg 150w, https:\/\/urbeamea.ro\/albaiulia\/wp-content\/uploads\/2020\/12\/128810684_1712926885548294_1753849547425305292_o-768x495.jpg 768w\" sizes=\"auto, (max-width: 1200px) 100vw, 1200px\" \/><\/a><\/figure><\/li><li class=\"blocks-gallery-item\"><figure><a href=\"https:\/\/urbeamea.ro\/albaiulia\/wp-content\/uploads\/2020\/12\/129001698_1712926938881622_4802025801311399698_o.jpg\"><img loading=\"lazy\" decoding=\"async\" width=\"1200\" height=\"861\" src=\"https:\/\/urbeamea.ro\/albaiulia\/wp-content\/uploads\/2020\/12\/129001698_1712926938881622_4802025801311399698_o.jpg\" alt=\"\" data-id=\"93560\" data-full-url=\"https:\/\/urbeamea.ro\/albaiulia\/wp-content\/uploads\/2020\/12\/129001698_1712926938881622_4802025801311399698_o.jpg\" data-link=\"https:\/\/urbeamea.ro\/albaiulia\/?attachment_id=93560\" class=\"wp-image-93560\" srcset=\"https:\/\/urbeamea.ro\/albaiulia\/wp-content\/uploads\/2020\/12\/129001698_1712926938881622_4802025801311399698_o.jpg 1200w, https:\/\/urbeamea.ro\/albaiulia\/wp-content\/uploads\/2020\/12\/129001698_1712926938881622_4802025801311399698_o-640x459.jpg 640w, https:\/\/urbeamea.ro\/albaiulia\/wp-content\/uploads\/2020\/12\/129001698_1712926938881622_4802025801311399698_o-150x108.jpg 150w, https:\/\/urbeamea.ro\/albaiulia\/wp-content\/uploads\/2020\/12\/129001698_1712926938881622_4802025801311399698_o-768x551.jpg 768w\" sizes=\"auto, (max-width: 1200px) 100vw, 1200px\" \/><\/a><\/figure><\/li><li class=\"blocks-gallery-item\"><figure><a href=\"https:\/\/urbeamea.ro\/albaiulia\/wp-content\/uploads\/2020\/12\/129781833_1712926908881625_7650694190009184477_o.jpg\"><img loading=\"lazy\" decoding=\"async\" width=\"1200\" height=\"745\" src=\"https:\/\/urbeamea.ro\/albaiulia\/wp-content\/uploads\/2020\/12\/129781833_1712926908881625_7650694190009184477_o.jpg\" alt=\"\" data-id=\"93561\" data-full-url=\"https:\/\/urbeamea.ro\/albaiulia\/wp-content\/uploads\/2020\/12\/129781833_1712926908881625_7650694190009184477_o.jpg\" data-link=\"https:\/\/urbeamea.ro\/albaiulia\/?attachment_id=93561\" class=\"wp-image-93561\" srcset=\"https:\/\/urbeamea.ro\/albaiulia\/wp-content\/uploads\/2020\/12\/129781833_1712926908881625_7650694190009184477_o.jpg 1200w, https:\/\/urbeamea.ro\/albaiulia\/wp-content\/uploads\/2020\/12\/129781833_1712926908881625_7650694190009184477_o-640x397.jpg 640w, https:\/\/urbeamea.ro\/albaiulia\/wp-content\/uploads\/2020\/12\/129781833_1712926908881625_7650694190009184477_o-150x93.jpg 150w, https:\/\/urbeamea.ro\/albaiulia\/wp-content\/uploads\/2020\/12\/129781833_1712926908881625_7650694190009184477_o-768x477.jpg 768w\" sizes=\"auto, (max-width: 1200px) 100vw, 1200px\" \/><\/a><\/figure><\/li><\/ul><\/figure>\n","protected":false},"excerpt":{"rendered":"<p>Trei cadre militare de la Colegiul Na\u0163ional Militar \u201eMihai Viteazul\u201d au primit s\u0103pt\u0103m\u00e2na aceasta distinc\u0163ii militare conferite de c\u0103tre Statul Major al For\u021belor Aeriene, cu prilejul Zilei Armatei Rom\u00e2niei \u015fi Zilei Na\u0163ionale a Rom\u00e2niei. Emblema de Merit \u201e\u00cen serviciul Armatei Rom\u00e2niei\u201d clasa a III-a a fost conferit\u0103 locotenent-colonelului Raul Turic, \u00een semn de apreciere pentru &hellip;<\/p>\n","protected":false},"author":17,"featured_media":93559,"comment_status":"open","ping_status":"open","sticky":false,"template":"","format":"standard","meta":{"inline_featured_image":false,"footnotes":""},"categories":[2034],"tags":[1314,11032,19105],"class_list":["post-93558","post","type-post","status-publish","format-standard","has-post-thumbnail","hentry","category-social","tag-cadre-militare","tag-colegiul-national-militar-mihai-viteazul-alba-iulia","tag-distinctii-militare"],"yoast_head":"<!-- This site is optimized with the Yoast SEO plugin v28.3 - https:\/\/yoast.com\/product\/yoast-seo-wordpress\/ -->\n<title>Distinc\u0163ii militare onorifice, oferite cadrelor militare - Revista Urbea Mea - Revista de Alba<\/title>\n<meta name=\"description\" content=\"Trei cadre militare de la Colegiul Na\u0163ional Militar \u201eMihai Viteazul\u201d au primit s\u0103pt\u0103m\u00e2na aceasta distinc\u0163ii militare conferite de c\u0103tre Statul Major al\" \/>\n<meta name=\"robots\" content=\"index, follow, max-snippet:-1, max-image-preview:large, max-video-preview:-1\" \/>\n<link rel=\"canonical\" href=\"https:\/\/urbeamea.ro\/albaiulia\/distinctii-militare-onorifice-oferite-cadrelor-militare\/\" \/>\n<meta name=\"twitter:card\" content=\"summary_large_image\" \/>\n<meta name=\"twitter:title\" content=\"Distinc\u0163ii militare onorifice, oferite cadrelor militare - Revista Urbea Mea - Revista de Alba\" \/>\n<meta name=\"twitter:description\" content=\"Trei cadre militare de la Colegiul Na\u0163ional Militar \u201eMihai Viteazul\u201d au primit s\u0103pt\u0103m\u00e2na aceasta distinc\u0163ii militare conferite de c\u0103tre Statul Major al\" \/>\n<meta name=\"twitter:image\" content=\"https:\/\/urbeamea.ro\/albaiulia\/wp-content\/uploads\/2020\/12\/128810684_1712926885548294_1753849547425305292_o.jpg\" \/>\n<meta name=\"twitter:creator\" content=\"@urbeameaweb\" \/>\n<meta name=\"twitter:site\" content=\"@urbeameaweb\" \/>\n<script type=\"application\/ld+json\" class=\"yoast-schema-graph\">{\"@context\":\"https:\\\/\\\/schema.org\",\"@graph\":[{\"@type\":\"Article\",\"@id\":\"https:\\\/\\\/urbeamea.ro\\\/albaiulia\\\/distinctii-militare-onorifice-oferite-cadrelor-militare\\\/#article\",\"isPartOf\":{\"@id\":\"https:\\\/\\\/urbeamea.ro\\\/albaiulia\\\/distinctii-militare-onorifice-oferite-cadrelor-militare\\\/\"},\"author\":{\"name\":\"Cristina Ganga\",\"@id\":\"https:\\\/\\\/urbeamea.ro\\\/albaiulia\\\/#\\\/schema\\\/person\\\/9700d21fae21c4f038b0b56f4506264a\"},\"headline\":\"Distinc\u0163ii militare onorifice, oferite cadrelor militare\",\"datePublished\":\"2020-12-06T17:04:44+00:00\",\"dateModified\":\"2020-12-06T17:04:46+00:00\",\"mainEntityOfPage\":{\"@id\":\"https:\\\/\\\/urbeamea.ro\\\/albaiulia\\\/distinctii-militare-onorifice-oferite-cadrelor-militare\\\/\"},\"wordCount\":153,\"commentCount\":0,\"image\":{\"@id\":\"https:\\\/\\\/urbeamea.ro\\\/albaiulia\\\/distinctii-militare-onorifice-oferite-cadrelor-militare\\\/#primaryimage\"},\"thumbnailUrl\":\"https:\\\/\\\/urbeamea.ro\\\/albaiulia\\\/wp-content\\\/uploads\\\/2020\\\/12\\\/128810684_1712926885548294_1753849547425305292_o.jpg\",\"keywords\":[\"cadre militare\",\"colegiul national militar mihai viteazul alba iulia\",\"distinctii militare\"],\"articleSection\":[\"Social\"],\"inLanguage\":\"ro-RO\",\"potentialAction\":[{\"@type\":\"CommentAction\",\"name\":\"Comment\",\"target\":[\"https:\\\/\\\/urbeamea.ro\\\/albaiulia\\\/distinctii-militare-onorifice-oferite-cadrelor-militare\\\/#respond\"]}]},{\"@type\":\"WebPage\",\"@id\":\"https:\\\/\\\/urbeamea.ro\\\/albaiulia\\\/distinctii-militare-onorifice-oferite-cadrelor-militare\\\/\",\"url\":\"https:\\\/\\\/urbeamea.ro\\\/albaiulia\\\/distinctii-militare-onorifice-oferite-cadrelor-militare\\\/\",\"name\":\"Distinc\u0163ii militare onorifice, oferite cadrelor militare - Revista Urbea Mea - Revista de Alba\",\"isPartOf\":{\"@id\":\"https:\\\/\\\/urbeamea.ro\\\/albaiulia\\\/#website\"},\"primaryImageOfPage\":{\"@id\":\"https:\\\/\\\/urbeamea.ro\\\/albaiulia\\\/distinctii-militare-onorifice-oferite-cadrelor-militare\\\/#primaryimage\"},\"image\":{\"@id\":\"https:\\\/\\\/urbeamea.ro\\\/albaiulia\\\/distinctii-militare-onorifice-oferite-cadrelor-militare\\\/#primaryimage\"},\"thumbnailUrl\":\"https:\\\/\\\/urbeamea.ro\\\/albaiulia\\\/wp-content\\\/uploads\\\/2020\\\/12\\\/128810684_1712926885548294_1753849547425305292_o.jpg\",\"datePublished\":\"2020-12-06T17:04:44+00:00\",\"dateModified\":\"2020-12-06T17:04:46+00:00\",\"author\":{\"@id\":\"https:\\\/\\\/urbeamea.ro\\\/albaiulia\\\/#\\\/schema\\\/person\\\/9700d21fae21c4f038b0b56f4506264a\"},\"description\":\"Trei cadre militare de la Colegiul Na\u0163ional Militar \u201eMihai Viteazul\u201d au primit s\u0103pt\u0103m\u00e2na aceasta distinc\u0163ii militare conferite de c\u0103tre Statul Major al\",\"breadcrumb\":{\"@id\":\"https:\\\/\\\/urbeamea.ro\\\/albaiulia\\\/distinctii-militare-onorifice-oferite-cadrelor-militare\\\/#breadcrumb\"},\"inLanguage\":\"ro-RO\",\"potentialAction\":[{\"@type\":\"ReadAction\",\"target\":[\"https:\\\/\\\/urbeamea.ro\\\/albaiulia\\\/distinctii-militare-onorifice-oferite-cadrelor-militare\\\/\"]}]},{\"@type\":\"ImageObject\",\"inLanguage\":\"ro-RO\",\"@id\":\"https:\\\/\\\/urbeamea.ro\\\/albaiulia\\\/distinctii-militare-onorifice-oferite-cadrelor-militare\\\/#primaryimage\",\"url\":\"https:\\\/\\\/urbeamea.ro\\\/albaiulia\\\/wp-content\\\/uploads\\\/2020\\\/12\\\/128810684_1712926885548294_1753849547425305292_o.jpg\",\"contentUrl\":\"https:\\\/\\\/urbeamea.ro\\\/albaiulia\\\/wp-content\\\/uploads\\\/2020\\\/12\\\/128810684_1712926885548294_1753849547425305292_o.jpg\",\"width\":1200,\"height\":774},{\"@type\":\"BreadcrumbList\",\"@id\":\"https:\\\/\\\/urbeamea.ro\\\/albaiulia\\\/distinctii-militare-onorifice-oferite-cadrelor-militare\\\/#breadcrumb\",\"itemListElement\":[{\"@type\":\"ListItem\",\"position\":1,\"name\":\"Prima pagin\u0103\",\"item\":\"https:\\\/\\\/urbeamea.ro\\\/albaiulia\\\/\"},{\"@type\":\"ListItem\",\"position\":2,\"name\":\"Distinc\u0163ii militare onorifice, oferite cadrelor militare\"}]},{\"@type\":\"WebSite\",\"@id\":\"https:\\\/\\\/urbeamea.ro\\\/albaiulia\\\/#website\",\"url\":\"https:\\\/\\\/urbeamea.ro\\\/albaiulia\\\/\",\"name\":\"Revista Urbea Mea, Stiri urbane\",\"description\":\"Evenimente \u0219i \u0219tiri din Alba Iulia, Sebe\u0219, Aiud, Blaj\",\"potentialAction\":[{\"@type\":\"SearchAction\",\"target\":{\"@type\":\"EntryPoint\",\"urlTemplate\":\"https:\\\/\\\/urbeamea.ro\\\/albaiulia\\\/?s={search_term_string}\"},\"query-input\":{\"@type\":\"PropertyValueSpecification\",\"valueRequired\":true,\"valueName\":\"search_term_string\"}}],\"inLanguage\":\"ro-RO\"},{\"@type\":\"Person\",\"@id\":\"https:\\\/\\\/urbeamea.ro\\\/albaiulia\\\/#\\\/schema\\\/person\\\/9700d21fae21c4f038b0b56f4506264a\",\"name\":\"Cristina Ganga\",\"image\":{\"@type\":\"ImageObject\",\"inLanguage\":\"ro-RO\",\"@id\":\"https:\\\/\\\/secure.gravatar.com\\\/avatar\\\/5a67661041f057b4a8ccaf26f5a8e86e2689372006d01faf3dd9eeb10b654bb4?s=96&d=mm&r=g\",\"url\":\"https:\\\/\\\/secure.gravatar.com\\\/avatar\\\/5a67661041f057b4a8ccaf26f5a8e86e2689372006d01faf3dd9eeb10b654bb4?s=96&d=mm&r=g\",\"contentUrl\":\"https:\\\/\\\/secure.gravatar.com\\\/avatar\\\/5a67661041f057b4a8ccaf26f5a8e86e2689372006d01faf3dd9eeb10b654bb4?s=96&d=mm&r=g\",\"caption\":\"Cristina Ganga\"},\"description\":\"Jurnalist\",\"sameAs\":[\"https:\\\/\\\/www.facebook.com\\\/cristina.nicola.587\"],\"url\":\"https:\\\/\\\/urbeamea.ro\\\/albaiulia\\\/author\\\/cristina-nicola\\\/\"}]}<\/script>\n<!-- \/ Yoast SEO plugin. -->","yoast_head_json":{"title":"Distinc\u0163ii militare onorifice, oferite cadrelor militare - Revista Urbea Mea - Revista de Alba","description":"Trei cadre militare de la Colegiul Na\u0163ional Militar \u201eMihai Viteazul\u201d au primit s\u0103pt\u0103m\u00e2na aceasta distinc\u0163ii militare conferite de c\u0103tre Statul Major al","robots":{"index":"index","follow":"follow","max-snippet":"max-snippet:-1","max-image-preview":"max-image-preview:large","max-video-preview":"max-video-preview:-1"},"canonical":"https:\/\/urbeamea.ro\/albaiulia\/distinctii-militare-onorifice-oferite-cadrelor-militare\/","twitter_card":"summary_large_image","twitter_title":"Distinc\u0163ii militare onorifice, oferite cadrelor militare - Revista Urbea Mea - Revista de Alba","twitter_description":"Trei cadre militare de la Colegiul Na\u0163ional Militar \u201eMihai Viteazul\u201d au primit s\u0103pt\u0103m\u00e2na aceasta distinc\u0163ii militare conferite de c\u0103tre Statul Major al","twitter_image":"https:\/\/urbeamea.ro\/albaiulia\/wp-content\/uploads\/2020\/12\/128810684_1712926885548294_1753849547425305292_o.jpg","twitter_creator":"@urbeameaweb","twitter_site":"@urbeameaweb","schema":{"@context":"https:\/\/schema.org","@graph":[{"@type":"Article","@id":"https:\/\/urbeamea.ro\/albaiulia\/distinctii-militare-onorifice-oferite-cadrelor-militare\/#article","isPartOf":{"@id":"https:\/\/urbeamea.ro\/albaiulia\/distinctii-militare-onorifice-oferite-cadrelor-militare\/"},"author":{"name":"Cristina Ganga","@id":"https:\/\/urbeamea.ro\/albaiulia\/#\/schema\/person\/9700d21fae21c4f038b0b56f4506264a"},"headline":"Distinc\u0163ii militare onorifice, oferite cadrelor militare","datePublished":"2020-12-06T17:04:44+00:00","dateModified":"2020-12-06T17:04:46+00:00","mainEntityOfPage":{"@id":"https:\/\/urbeamea.ro\/albaiulia\/distinctii-militare-onorifice-oferite-cadrelor-militare\/"},"wordCount":153,"commentCount":0,"image":{"@id":"https:\/\/urbeamea.ro\/albaiulia\/distinctii-militare-onorifice-oferite-cadrelor-militare\/#primaryimage"},"thumbnailUrl":"https:\/\/urbeamea.ro\/albaiulia\/wp-content\/uploads\/2020\/12\/128810684_1712926885548294_1753849547425305292_o.jpg","keywords":["cadre militare","colegiul national militar mihai viteazul alba iulia","distinctii militare"],"articleSection":["Social"],"inLanguage":"ro-RO","potentialAction":[{"@type":"CommentAction","name":"Comment","target":["https:\/\/urbeamea.ro\/albaiulia\/distinctii-militare-onorifice-oferite-cadrelor-militare\/#respond"]}]},{"@type":"WebPage","@id":"https:\/\/urbeamea.ro\/albaiulia\/distinctii-militare-onorifice-oferite-cadrelor-militare\/","url":"https:\/\/urbeamea.ro\/albaiulia\/distinctii-militare-onorifice-oferite-cadrelor-militare\/","name":"Distinc\u0163ii militare onorifice, oferite cadrelor militare - Revista Urbea Mea - Revista de Alba","isPartOf":{"@id":"https:\/\/urbeamea.ro\/albaiulia\/#website"},"primaryImageOfPage":{"@id":"https:\/\/urbeamea.ro\/albaiulia\/distinctii-militare-onorifice-oferite-cadrelor-militare\/#primaryimage"},"image":{"@id":"https:\/\/urbeamea.ro\/albaiulia\/distinctii-militare-onorifice-oferite-cadrelor-militare\/#primaryimage"},"thumbnailUrl":"https:\/\/urbeamea.ro\/albaiulia\/wp-content\/uploads\/2020\/12\/128810684_1712926885548294_1753849547425305292_o.jpg","datePublished":"2020-12-06T17:04:44+00:00","dateModified":"2020-12-06T17:04:46+00:00","author":{"@id":"https:\/\/urbeamea.ro\/albaiulia\/#\/schema\/person\/9700d21fae21c4f038b0b56f4506264a"},"description":"Trei cadre militare de la Colegiul Na\u0163ional Militar \u201eMihai Viteazul\u201d au primit s\u0103pt\u0103m\u00e2na aceasta distinc\u0163ii militare conferite de c\u0103tre Statul Major al","breadcrumb":{"@id":"https:\/\/urbeamea.ro\/albaiulia\/distinctii-militare-onorifice-oferite-cadrelor-militare\/#breadcrumb"},"inLanguage":"ro-RO","potentialAction":[{"@type":"ReadAction","target":["https:\/\/urbeamea.ro\/albaiulia\/distinctii-militare-onorifice-oferite-cadrelor-militare\/"]}]},{"@type":"ImageObject","inLanguage":"ro-RO","@id":"https:\/\/urbeamea.ro\/albaiulia\/distinctii-militare-onorifice-oferite-cadrelor-militare\/#primaryimage","url":"https:\/\/urbeamea.ro\/albaiulia\/wp-content\/uploads\/2020\/12\/128810684_1712926885548294_1753849547425305292_o.jpg","contentUrl":"https:\/\/urbeamea.ro\/albaiulia\/wp-content\/uploads\/2020\/12\/128810684_1712926885548294_1753849547425305292_o.jpg","width":1200,"height":774},{"@type":"BreadcrumbList","@id":"https:\/\/urbeamea.ro\/albaiulia\/distinctii-militare-onorifice-oferite-cadrelor-militare\/#breadcrumb","itemListElement":[{"@type":"ListItem","position":1,"name":"Prima pagin\u0103","item":"https:\/\/urbeamea.ro\/albaiulia\/"},{"@type":"ListItem","position":2,"name":"Distinc\u0163ii militare onorifice, oferite cadrelor militare"}]},{"@type":"WebSite","@id":"https:\/\/urbeamea.ro\/albaiulia\/#website","url":"https:\/\/urbeamea.ro\/albaiulia\/","name":"Revista Urbea Mea, Stiri urbane","description":"Evenimente \u0219i \u0219tiri din Alba Iulia, Sebe\u0219, Aiud, Blaj","potentialAction":[{"@type":"SearchAction","target":{"@type":"EntryPoint","urlTemplate":"https:\/\/urbeamea.ro\/albaiulia\/?s={search_term_string}"},"query-input":{"@type":"PropertyValueSpecification","valueRequired":true,"valueName":"search_term_string"}}],"inLanguage":"ro-RO"},{"@type":"Person","@id":"https:\/\/urbeamea.ro\/albaiulia\/#\/schema\/person\/9700d21fae21c4f038b0b56f4506264a","name":"Cristina Ganga","image":{"@type":"ImageObject","inLanguage":"ro-RO","@id":"https:\/\/secure.gravatar.com\/avatar\/5a67661041f057b4a8ccaf26f5a8e86e2689372006d01faf3dd9eeb10b654bb4?s=96&d=mm&r=g","url":"https:\/\/secure.gravatar.com\/avatar\/5a67661041f057b4a8ccaf26f5a8e86e2689372006d01faf3dd9eeb10b654bb4?s=96&d=mm&r=g","contentUrl":"https:\/\/secure.gravatar.com\/avatar\/5a67661041f057b4a8ccaf26f5a8e86e2689372006d01faf3dd9eeb10b654bb4?s=96&d=mm&r=g","caption":"Cristina Ganga"},"description":"Jurnalist","sameAs":["https:\/\/www.facebook.com\/cristina.nicola.587"],"url":"https:\/\/urbeamea.ro\/albaiulia\/author\/cristina-nicola\/"}]}},"_links":{"self":[{"href":"https:\/\/urbeamea.ro\/albaiulia\/wp-json\/wp\/v2\/posts\/93558","targetHints":{"allow":["GET"]}}],"collection":[{"href":"https:\/\/urbeamea.ro\/albaiulia\/wp-json\/wp\/v2\/posts"}],"about":[{"href":"https:\/\/urbeamea.ro\/albaiulia\/wp-json\/wp\/v2\/types\/post"}],"author":[{"embeddable":true,"href":"https:\/\/urbeamea.ro\/albaiulia\/wp-json\/wp\/v2\/users\/17"}],"replies":[{"embeddable":true,"href":"https:\/\/urbeamea.ro\/albaiulia\/wp-json\/wp\/v2\/comments?post=93558"}],"version-history":[{"count":1,"href":"https:\/\/urbeamea.ro\/albaiulia\/wp-json\/wp\/v2\/posts\/93558\/revisions"}],"predecessor-version":[{"id":93562,"href":"https:\/\/urbeamea.ro\/albaiulia\/wp-json\/wp\/v2\/posts\/93558\/revisions\/93562"}],"wp:featuredmedia":[{"embeddable":true,"href":"https:\/\/urbeamea.ro\/albaiulia\/wp-json\/wp\/v2\/media\/93559"}],"wp:attachment":[{"href":"https:\/\/urbeamea.ro\/albaiulia\/wp-json\/wp\/v2\/media?parent=93558"}],"wp:term":[{"taxonomy":"category","embeddable":true,"href":"https:\/\/urbeamea.ro\/albaiulia\/wp-json\/wp\/v2\/categories?post=93558"},{"taxonomy":"post_tag","embeddable":true,"href":"https:\/\/urbeamea.ro\/albaiulia\/wp-json\/wp\/v2\/tags?post=93558"}],"curies":[{"name":"wp","href":"https:\/\/api.w.org\/{rel}","templated":true}]}}