{"id":93673,"date":"2020-12-17T14:42:10","date_gmt":"2020-12-17T12:42:10","guid":{"rendered":"https:\/\/urbeamea.ro\/albaiulia\/?p=93673"},"modified":"2020-12-17T14:42:12","modified_gmt":"2020-12-17T12:42:12","slug":"primaria-alba-iulia-redevine-o-institutie-deschisa-pentru-fiecare-cetatean-parcarile-primariei-pot-fi-folosite-de-cetateni","status":"publish","type":"post","link":"https:\/\/urbeamea.ro\/albaiulia\/primaria-alba-iulia-redevine-o-institutie-deschisa-pentru-fiecare-cetatean-parcarile-primariei-pot-fi-folosite-de-cetateni\/","title":{"rendered":"Prim\u0103ria Alba Iulia redevine o institu\u021bie deschis\u0103 pentru fiecare cet\u0103\u021bean! Parc\u0103rile prim\u0103riei pot fi folosite de cet\u0103\u021beni!"},"content":{"rendered":"\n<h5 class=\"wp-block-heading\">Prim\u0103ria Alba Iulia redevine o institu\u021bie deschis\u0103 pentru fiecare cet\u0103\u021bean! Parc\u0103rile prim\u0103riei pot fi folosite de cet\u0103\u021beni! <\/h5>\n\n\n\n<p><em>\u201eAm f\u0103cut aceast\u0103 promisiune albaiulienilor \u0219i m\u0103 \u021bin de cuv\u00e2nt! Am \u00eenceput s\u0103 elimin barierele din calea cet\u0103\u021beanului care vine \u00een prim\u0103rie. Astfel, parc\u0103rile din fa\u021ba sediului municipalit\u0103\u021bii nu mai sunt, de ast\u0103zi, blocate \u0219i jum\u0103tate pot fi folosite de cet\u0103\u021benii care vin s\u0103 \u00ee\u0219i rezolve probleme la prim\u0103rie. Este un gest de respect fa\u021b\u0103 de albaiulieni \u0219i un mic pas spre normalitatea care ar trebui s\u0103 caracterizeze activitatea administra\u021biei publice locale. <\/em><\/p>\n\n\n\n<p><em>Cet\u0103\u021benii vor trebui s\u0103 \u0219tie c\u0103 aceste parc\u0103ri pot fi folosite gratuit doar de cei care au de rezolvat probleme \u00een prim\u0103rie, iar durata de sta\u021bionare este limitat\u0103 la 30 de minute.<\/em><\/p>\n\n\n\n<p><em>Nu ne oprim aici! Am adus buna guvernare \u00een administra\u021bia local\u0103 \u0219i vom continua s\u0103 punem cet\u0103\u021beanul \u00een centrul fiec\u0103rei decizii care va fi luat\u0103 de administra\u021bia public\u0103 din Alba Iulia.<\/em> <\/p>\n\n\n\n<p><em>Sunt multe de f\u0103cut \u00een ceea ce prive\u0219te interac\u021biunea cet\u0103\u021beanului cu administra\u021bia local\u0103, dar \u00eempreun\u0103 putem crea acel parteneriat solid \u00eentre prim\u0103rie \u0219i albaiulieni.\u201d<\/em>, a precizat primarul Municipiului Alba Iulia, Gabriel Ple\u0219a.<\/p>\n","protected":false},"excerpt":{"rendered":"<p>Prim\u0103ria Alba Iulia redevine o institu\u021bie deschis\u0103 pentru fiecare cet\u0103\u021bean! Parc\u0103rile prim\u0103riei pot fi folosite de cet\u0103\u021beni! \u201eAm f\u0103cut aceast\u0103 promisiune albaiulienilor \u0219i m\u0103 \u021bin de cuv\u00e2nt! Am \u00eenceput s\u0103 elimin barierele din calea cet\u0103\u021beanului care vine \u00een prim\u0103rie. Astfel, parc\u0103rile din fa\u021ba sediului municipalit\u0103\u021bii nu mai sunt, de ast\u0103zi, blocate \u0219i jum\u0103tate pot fi &hellip;<\/p>\n","protected":false},"author":17,"featured_media":4293,"comment_status":"open","ping_status":"open","sticky":false,"template":"","format":"standard","meta":{"inline_featured_image":false,"footnotes":""},"categories":[2034],"tags":[22118,22119,22117,1107],"class_list":["post-93673","post","type-post","status-publish","format-standard","has-post-thumbnail","hentry","category-social","tag-folosite-de-cetateni","tag-institutie-deschisa-pentru-fiecare-cetatean","tag-parcarile-primariei","tag-primaria-alba-iulia"],"yoast_head":"<!-- This site is optimized with the Yoast SEO plugin v27.4 - https:\/\/yoast.com\/product\/yoast-seo-wordpress\/ -->\n<title>Prim\u0103ria Alba Iulia redevine o institu\u021bie deschis\u0103 pentru fiecare cet\u0103\u021bean! Parc\u0103rile prim\u0103riei pot fi folosite de cet\u0103\u021beni! - Revista Urbea Mea - Revista de Alba<\/title>\n<meta name=\"description\" content=\"Prim\u0103ria Alba Iulia redevine o institu\u021bie deschis\u0103 pentru fiecare cet\u0103\u021bean! Parc\u0103rile prim\u0103riei pot fi folosite de cet\u0103\u021beni! \u201eAm f\u0103cut aceast\u0103 promisiune\" \/>\n<meta name=\"robots\" content=\"index, follow, max-snippet:-1, max-image-preview:large, max-video-preview:-1\" \/>\n<link rel=\"canonical\" href=\"https:\/\/urbeamea.ro\/albaiulia\/primaria-alba-iulia-redevine-o-institutie-deschisa-pentru-fiecare-cetatean-parcarile-primariei-pot-fi-folosite-de-cetateni\/\" \/>\n<meta name=\"twitter:card\" content=\"summary_large_image\" \/>\n<meta name=\"twitter:title\" content=\"Prim\u0103ria Alba Iulia redevine o institu\u021bie deschis\u0103 pentru fiecare cet\u0103\u021bean! Parc\u0103rile prim\u0103riei pot fi folosite de cet\u0103\u021beni! - Revista Urbea Mea - Revista de Alba\" \/>\n<meta name=\"twitter:description\" content=\"Prim\u0103ria Alba Iulia redevine o institu\u021bie deschis\u0103 pentru fiecare cet\u0103\u021bean! Parc\u0103rile prim\u0103riei pot fi folosite de cet\u0103\u021beni! \u201eAm f\u0103cut aceast\u0103 promisiune\" \/>\n<meta name=\"twitter:image\" content=\"https:\/\/urbeamea.ro\/albaiulia\/wp-content\/uploads\/2015\/05\/Primaria-Alba-Iulia.jpg\" \/>\n<meta name=\"twitter:creator\" content=\"@urbeameaweb\" \/>\n<meta name=\"twitter:site\" content=\"@urbeameaweb\" \/>\n<script type=\"application\/ld+json\" class=\"yoast-schema-graph\">{\"@context\":\"https:\\\/\\\/schema.org\",\"@graph\":[{\"@type\":\"Article\",\"@id\":\"https:\\\/\\\/urbeamea.ro\\\/albaiulia\\\/primaria-alba-iulia-redevine-o-institutie-deschisa-pentru-fiecare-cetatean-parcarile-primariei-pot-fi-folosite-de-cetateni\\\/#article\",\"isPartOf\":{\"@id\":\"https:\\\/\\\/urbeamea.ro\\\/albaiulia\\\/primaria-alba-iulia-redevine-o-institutie-deschisa-pentru-fiecare-cetatean-parcarile-primariei-pot-fi-folosite-de-cetateni\\\/\"},\"author\":{\"name\":\"Cristina Ganga\",\"@id\":\"https:\\\/\\\/urbeamea.ro\\\/albaiulia\\\/#\\\/schema\\\/person\\\/9700d21fae21c4f038b0b56f4506264a\"},\"headline\":\"Prim\u0103ria Alba Iulia redevine o institu\u021bie deschis\u0103 pentru fiecare cet\u0103\u021bean! Parc\u0103rile prim\u0103riei pot fi folosite de cet\u0103\u021beni!\",\"datePublished\":\"2020-12-17T12:42:10+00:00\",\"dateModified\":\"2020-12-17T12:42:12+00:00\",\"mainEntityOfPage\":{\"@id\":\"https:\\\/\\\/urbeamea.ro\\\/albaiulia\\\/primaria-alba-iulia-redevine-o-institutie-deschisa-pentru-fiecare-cetatean-parcarile-primariei-pot-fi-folosite-de-cetateni\\\/\"},\"wordCount\":239,\"commentCount\":0,\"image\":{\"@id\":\"https:\\\/\\\/urbeamea.ro\\\/albaiulia\\\/primaria-alba-iulia-redevine-o-institutie-deschisa-pentru-fiecare-cetatean-parcarile-primariei-pot-fi-folosite-de-cetateni\\\/#primaryimage\"},\"thumbnailUrl\":\"https:\\\/\\\/urbeamea.ro\\\/albaiulia\\\/wp-content\\\/uploads\\\/2015\\\/05\\\/Primaria-Alba-Iulia.jpg\",\"keywords\":[\"folosite de cetateni\",\"institutie deschisa pentru fiecare cetatean\",\"parcarile primariei\",\"primaria alba iulia\"],\"articleSection\":[\"Social\"],\"inLanguage\":\"ro-RO\",\"potentialAction\":[{\"@type\":\"CommentAction\",\"name\":\"Comment\",\"target\":[\"https:\\\/\\\/urbeamea.ro\\\/albaiulia\\\/primaria-alba-iulia-redevine-o-institutie-deschisa-pentru-fiecare-cetatean-parcarile-primariei-pot-fi-folosite-de-cetateni\\\/#respond\"]}]},{\"@type\":\"WebPage\",\"@id\":\"https:\\\/\\\/urbeamea.ro\\\/albaiulia\\\/primaria-alba-iulia-redevine-o-institutie-deschisa-pentru-fiecare-cetatean-parcarile-primariei-pot-fi-folosite-de-cetateni\\\/\",\"url\":\"https:\\\/\\\/urbeamea.ro\\\/albaiulia\\\/primaria-alba-iulia-redevine-o-institutie-deschisa-pentru-fiecare-cetatean-parcarile-primariei-pot-fi-folosite-de-cetateni\\\/\",\"name\":\"Prim\u0103ria Alba Iulia redevine o institu\u021bie deschis\u0103 pentru fiecare cet\u0103\u021bean! Parc\u0103rile prim\u0103riei pot fi folosite de cet\u0103\u021beni! - Revista Urbea Mea - Revista de Alba\",\"isPartOf\":{\"@id\":\"https:\\\/\\\/urbeamea.ro\\\/albaiulia\\\/#website\"},\"primaryImageOfPage\":{\"@id\":\"https:\\\/\\\/urbeamea.ro\\\/albaiulia\\\/primaria-alba-iulia-redevine-o-institutie-deschisa-pentru-fiecare-cetatean-parcarile-primariei-pot-fi-folosite-de-cetateni\\\/#primaryimage\"},\"image\":{\"@id\":\"https:\\\/\\\/urbeamea.ro\\\/albaiulia\\\/primaria-alba-iulia-redevine-o-institutie-deschisa-pentru-fiecare-cetatean-parcarile-primariei-pot-fi-folosite-de-cetateni\\\/#primaryimage\"},\"thumbnailUrl\":\"https:\\\/\\\/urbeamea.ro\\\/albaiulia\\\/wp-content\\\/uploads\\\/2015\\\/05\\\/Primaria-Alba-Iulia.jpg\",\"datePublished\":\"2020-12-17T12:42:10+00:00\",\"dateModified\":\"2020-12-17T12:42:12+00:00\",\"author\":{\"@id\":\"https:\\\/\\\/urbeamea.ro\\\/albaiulia\\\/#\\\/schema\\\/person\\\/9700d21fae21c4f038b0b56f4506264a\"},\"description\":\"Prim\u0103ria Alba Iulia redevine o institu\u021bie deschis\u0103 pentru fiecare cet\u0103\u021bean! Parc\u0103rile prim\u0103riei pot fi folosite de cet\u0103\u021beni! \u201eAm f\u0103cut aceast\u0103 promisiune\",\"breadcrumb\":{\"@id\":\"https:\\\/\\\/urbeamea.ro\\\/albaiulia\\\/primaria-alba-iulia-redevine-o-institutie-deschisa-pentru-fiecare-cetatean-parcarile-primariei-pot-fi-folosite-de-cetateni\\\/#breadcrumb\"},\"inLanguage\":\"ro-RO\",\"potentialAction\":[{\"@type\":\"ReadAction\",\"target\":[\"https:\\\/\\\/urbeamea.ro\\\/albaiulia\\\/primaria-alba-iulia-redevine-o-institutie-deschisa-pentru-fiecare-cetatean-parcarile-primariei-pot-fi-folosite-de-cetateni\\\/\"]}]},{\"@type\":\"ImageObject\",\"inLanguage\":\"ro-RO\",\"@id\":\"https:\\\/\\\/urbeamea.ro\\\/albaiulia\\\/primaria-alba-iulia-redevine-o-institutie-deschisa-pentru-fiecare-cetatean-parcarile-primariei-pot-fi-folosite-de-cetateni\\\/#primaryimage\",\"url\":\"https:\\\/\\\/urbeamea.ro\\\/albaiulia\\\/wp-content\\\/uploads\\\/2015\\\/05\\\/Primaria-Alba-Iulia.jpg\",\"contentUrl\":\"https:\\\/\\\/urbeamea.ro\\\/albaiulia\\\/wp-content\\\/uploads\\\/2015\\\/05\\\/Primaria-Alba-Iulia.jpg\",\"width\":770,\"height\":434},{\"@type\":\"BreadcrumbList\",\"@id\":\"https:\\\/\\\/urbeamea.ro\\\/albaiulia\\\/primaria-alba-iulia-redevine-o-institutie-deschisa-pentru-fiecare-cetatean-parcarile-primariei-pot-fi-folosite-de-cetateni\\\/#breadcrumb\",\"itemListElement\":[{\"@type\":\"ListItem\",\"position\":1,\"name\":\"Prima pagin\u0103\",\"item\":\"https:\\\/\\\/urbeamea.ro\\\/albaiulia\\\/\"},{\"@type\":\"ListItem\",\"position\":2,\"name\":\"Prim\u0103ria Alba Iulia redevine o institu\u021bie deschis\u0103 pentru fiecare cet\u0103\u021bean! Parc\u0103rile prim\u0103riei pot fi folosite de cet\u0103\u021beni!\"}]},{\"@type\":\"WebSite\",\"@id\":\"https:\\\/\\\/urbeamea.ro\\\/albaiulia\\\/#website\",\"url\":\"https:\\\/\\\/urbeamea.ro\\\/albaiulia\\\/\",\"name\":\"Revista Urbea Mea, Stiri urbane\",\"description\":\"Evenimente \u0219i \u0219tiri din Alba Iulia, Sebe\u0219, Aiud, Blaj\",\"potentialAction\":[{\"@type\":\"SearchAction\",\"target\":{\"@type\":\"EntryPoint\",\"urlTemplate\":\"https:\\\/\\\/urbeamea.ro\\\/albaiulia\\\/?s={search_term_string}\"},\"query-input\":{\"@type\":\"PropertyValueSpecification\",\"valueRequired\":true,\"valueName\":\"search_term_string\"}}],\"inLanguage\":\"ro-RO\"},{\"@type\":\"Person\",\"@id\":\"https:\\\/\\\/urbeamea.ro\\\/albaiulia\\\/#\\\/schema\\\/person\\\/9700d21fae21c4f038b0b56f4506264a\",\"name\":\"Cristina Ganga\",\"image\":{\"@type\":\"ImageObject\",\"inLanguage\":\"ro-RO\",\"@id\":\"https:\\\/\\\/secure.gravatar.com\\\/avatar\\\/5a67661041f057b4a8ccaf26f5a8e86e2689372006d01faf3dd9eeb10b654bb4?s=96&d=mm&r=g\",\"url\":\"https:\\\/\\\/secure.gravatar.com\\\/avatar\\\/5a67661041f057b4a8ccaf26f5a8e86e2689372006d01faf3dd9eeb10b654bb4?s=96&d=mm&r=g\",\"contentUrl\":\"https:\\\/\\\/secure.gravatar.com\\\/avatar\\\/5a67661041f057b4a8ccaf26f5a8e86e2689372006d01faf3dd9eeb10b654bb4?s=96&d=mm&r=g\",\"caption\":\"Cristina Ganga\"},\"description\":\"Jurnalist\",\"sameAs\":[\"https:\\\/\\\/www.facebook.com\\\/cristina.nicola.587\"],\"url\":\"https:\\\/\\\/urbeamea.ro\\\/albaiulia\\\/author\\\/cristina-nicola\\\/\"}]}<\/script>\n<!-- \/ Yoast SEO plugin. -->","yoast_head_json":{"title":"Prim\u0103ria Alba Iulia redevine o institu\u021bie deschis\u0103 pentru fiecare cet\u0103\u021bean! Parc\u0103rile prim\u0103riei pot fi folosite de cet\u0103\u021beni! - Revista Urbea Mea - Revista de Alba","description":"Prim\u0103ria Alba Iulia redevine o institu\u021bie deschis\u0103 pentru fiecare cet\u0103\u021bean! Parc\u0103rile prim\u0103riei pot fi folosite de cet\u0103\u021beni! \u201eAm f\u0103cut aceast\u0103 promisiune","robots":{"index":"index","follow":"follow","max-snippet":"max-snippet:-1","max-image-preview":"max-image-preview:large","max-video-preview":"max-video-preview:-1"},"canonical":"https:\/\/urbeamea.ro\/albaiulia\/primaria-alba-iulia-redevine-o-institutie-deschisa-pentru-fiecare-cetatean-parcarile-primariei-pot-fi-folosite-de-cetateni\/","twitter_card":"summary_large_image","twitter_title":"Prim\u0103ria Alba Iulia redevine o institu\u021bie deschis\u0103 pentru fiecare cet\u0103\u021bean! Parc\u0103rile prim\u0103riei pot fi folosite de cet\u0103\u021beni! - Revista Urbea Mea - Revista de Alba","twitter_description":"Prim\u0103ria Alba Iulia redevine o institu\u021bie deschis\u0103 pentru fiecare cet\u0103\u021bean! Parc\u0103rile prim\u0103riei pot fi folosite de cet\u0103\u021beni! \u201eAm f\u0103cut aceast\u0103 promisiune","twitter_image":"https:\/\/urbeamea.ro\/albaiulia\/wp-content\/uploads\/2015\/05\/Primaria-Alba-Iulia.jpg","twitter_creator":"@urbeameaweb","twitter_site":"@urbeameaweb","schema":{"@context":"https:\/\/schema.org","@graph":[{"@type":"Article","@id":"https:\/\/urbeamea.ro\/albaiulia\/primaria-alba-iulia-redevine-o-institutie-deschisa-pentru-fiecare-cetatean-parcarile-primariei-pot-fi-folosite-de-cetateni\/#article","isPartOf":{"@id":"https:\/\/urbeamea.ro\/albaiulia\/primaria-alba-iulia-redevine-o-institutie-deschisa-pentru-fiecare-cetatean-parcarile-primariei-pot-fi-folosite-de-cetateni\/"},"author":{"name":"Cristina Ganga","@id":"https:\/\/urbeamea.ro\/albaiulia\/#\/schema\/person\/9700d21fae21c4f038b0b56f4506264a"},"headline":"Prim\u0103ria Alba Iulia redevine o institu\u021bie deschis\u0103 pentru fiecare cet\u0103\u021bean! Parc\u0103rile prim\u0103riei pot fi folosite de cet\u0103\u021beni!","datePublished":"2020-12-17T12:42:10+00:00","dateModified":"2020-12-17T12:42:12+00:00","mainEntityOfPage":{"@id":"https:\/\/urbeamea.ro\/albaiulia\/primaria-alba-iulia-redevine-o-institutie-deschisa-pentru-fiecare-cetatean-parcarile-primariei-pot-fi-folosite-de-cetateni\/"},"wordCount":239,"commentCount":0,"image":{"@id":"https:\/\/urbeamea.ro\/albaiulia\/primaria-alba-iulia-redevine-o-institutie-deschisa-pentru-fiecare-cetatean-parcarile-primariei-pot-fi-folosite-de-cetateni\/#primaryimage"},"thumbnailUrl":"https:\/\/urbeamea.ro\/albaiulia\/wp-content\/uploads\/2015\/05\/Primaria-Alba-Iulia.jpg","keywords":["folosite de cetateni","institutie deschisa pentru fiecare cetatean","parcarile primariei","primaria alba iulia"],"articleSection":["Social"],"inLanguage":"ro-RO","potentialAction":[{"@type":"CommentAction","name":"Comment","target":["https:\/\/urbeamea.ro\/albaiulia\/primaria-alba-iulia-redevine-o-institutie-deschisa-pentru-fiecare-cetatean-parcarile-primariei-pot-fi-folosite-de-cetateni\/#respond"]}]},{"@type":"WebPage","@id":"https:\/\/urbeamea.ro\/albaiulia\/primaria-alba-iulia-redevine-o-institutie-deschisa-pentru-fiecare-cetatean-parcarile-primariei-pot-fi-folosite-de-cetateni\/","url":"https:\/\/urbeamea.ro\/albaiulia\/primaria-alba-iulia-redevine-o-institutie-deschisa-pentru-fiecare-cetatean-parcarile-primariei-pot-fi-folosite-de-cetateni\/","name":"Prim\u0103ria Alba Iulia redevine o institu\u021bie deschis\u0103 pentru fiecare cet\u0103\u021bean! Parc\u0103rile prim\u0103riei pot fi folosite de cet\u0103\u021beni! - Revista Urbea Mea - Revista de Alba","isPartOf":{"@id":"https:\/\/urbeamea.ro\/albaiulia\/#website"},"primaryImageOfPage":{"@id":"https:\/\/urbeamea.ro\/albaiulia\/primaria-alba-iulia-redevine-o-institutie-deschisa-pentru-fiecare-cetatean-parcarile-primariei-pot-fi-folosite-de-cetateni\/#primaryimage"},"image":{"@id":"https:\/\/urbeamea.ro\/albaiulia\/primaria-alba-iulia-redevine-o-institutie-deschisa-pentru-fiecare-cetatean-parcarile-primariei-pot-fi-folosite-de-cetateni\/#primaryimage"},"thumbnailUrl":"https:\/\/urbeamea.ro\/albaiulia\/wp-content\/uploads\/2015\/05\/Primaria-Alba-Iulia.jpg","datePublished":"2020-12-17T12:42:10+00:00","dateModified":"2020-12-17T12:42:12+00:00","author":{"@id":"https:\/\/urbeamea.ro\/albaiulia\/#\/schema\/person\/9700d21fae21c4f038b0b56f4506264a"},"description":"Prim\u0103ria Alba Iulia redevine o institu\u021bie deschis\u0103 pentru fiecare cet\u0103\u021bean! Parc\u0103rile prim\u0103riei pot fi folosite de cet\u0103\u021beni! \u201eAm f\u0103cut aceast\u0103 promisiune","breadcrumb":{"@id":"https:\/\/urbeamea.ro\/albaiulia\/primaria-alba-iulia-redevine-o-institutie-deschisa-pentru-fiecare-cetatean-parcarile-primariei-pot-fi-folosite-de-cetateni\/#breadcrumb"},"inLanguage":"ro-RO","potentialAction":[{"@type":"ReadAction","target":["https:\/\/urbeamea.ro\/albaiulia\/primaria-alba-iulia-redevine-o-institutie-deschisa-pentru-fiecare-cetatean-parcarile-primariei-pot-fi-folosite-de-cetateni\/"]}]},{"@type":"ImageObject","inLanguage":"ro-RO","@id":"https:\/\/urbeamea.ro\/albaiulia\/primaria-alba-iulia-redevine-o-institutie-deschisa-pentru-fiecare-cetatean-parcarile-primariei-pot-fi-folosite-de-cetateni\/#primaryimage","url":"https:\/\/urbeamea.ro\/albaiulia\/wp-content\/uploads\/2015\/05\/Primaria-Alba-Iulia.jpg","contentUrl":"https:\/\/urbeamea.ro\/albaiulia\/wp-content\/uploads\/2015\/05\/Primaria-Alba-Iulia.jpg","width":770,"height":434},{"@type":"BreadcrumbList","@id":"https:\/\/urbeamea.ro\/albaiulia\/primaria-alba-iulia-redevine-o-institutie-deschisa-pentru-fiecare-cetatean-parcarile-primariei-pot-fi-folosite-de-cetateni\/#breadcrumb","itemListElement":[{"@type":"ListItem","position":1,"name":"Prima pagin\u0103","item":"https:\/\/urbeamea.ro\/albaiulia\/"},{"@type":"ListItem","position":2,"name":"Prim\u0103ria Alba Iulia redevine o institu\u021bie deschis\u0103 pentru fiecare cet\u0103\u021bean! Parc\u0103rile prim\u0103riei pot fi folosite de cet\u0103\u021beni!"}]},{"@type":"WebSite","@id":"https:\/\/urbeamea.ro\/albaiulia\/#website","url":"https:\/\/urbeamea.ro\/albaiulia\/","name":"Revista Urbea Mea, Stiri urbane","description":"Evenimente \u0219i \u0219tiri din Alba Iulia, Sebe\u0219, Aiud, Blaj","potentialAction":[{"@type":"SearchAction","target":{"@type":"EntryPoint","urlTemplate":"https:\/\/urbeamea.ro\/albaiulia\/?s={search_term_string}"},"query-input":{"@type":"PropertyValueSpecification","valueRequired":true,"valueName":"search_term_string"}}],"inLanguage":"ro-RO"},{"@type":"Person","@id":"https:\/\/urbeamea.ro\/albaiulia\/#\/schema\/person\/9700d21fae21c4f038b0b56f4506264a","name":"Cristina Ganga","image":{"@type":"ImageObject","inLanguage":"ro-RO","@id":"https:\/\/secure.gravatar.com\/avatar\/5a67661041f057b4a8ccaf26f5a8e86e2689372006d01faf3dd9eeb10b654bb4?s=96&d=mm&r=g","url":"https:\/\/secure.gravatar.com\/avatar\/5a67661041f057b4a8ccaf26f5a8e86e2689372006d01faf3dd9eeb10b654bb4?s=96&d=mm&r=g","contentUrl":"https:\/\/secure.gravatar.com\/avatar\/5a67661041f057b4a8ccaf26f5a8e86e2689372006d01faf3dd9eeb10b654bb4?s=96&d=mm&r=g","caption":"Cristina Ganga"},"description":"Jurnalist","sameAs":["https:\/\/www.facebook.com\/cristina.nicola.587"],"url":"https:\/\/urbeamea.ro\/albaiulia\/author\/cristina-nicola\/"}]}},"_links":{"self":[{"href":"https:\/\/urbeamea.ro\/albaiulia\/wp-json\/wp\/v2\/posts\/93673","targetHints":{"allow":["GET"]}}],"collection":[{"href":"https:\/\/urbeamea.ro\/albaiulia\/wp-json\/wp\/v2\/posts"}],"about":[{"href":"https:\/\/urbeamea.ro\/albaiulia\/wp-json\/wp\/v2\/types\/post"}],"author":[{"embeddable":true,"href":"https:\/\/urbeamea.ro\/albaiulia\/wp-json\/wp\/v2\/users\/17"}],"replies":[{"embeddable":true,"href":"https:\/\/urbeamea.ro\/albaiulia\/wp-json\/wp\/v2\/comments?post=93673"}],"version-history":[{"count":1,"href":"https:\/\/urbeamea.ro\/albaiulia\/wp-json\/wp\/v2\/posts\/93673\/revisions"}],"predecessor-version":[{"id":93674,"href":"https:\/\/urbeamea.ro\/albaiulia\/wp-json\/wp\/v2\/posts\/93673\/revisions\/93674"}],"wp:featuredmedia":[{"embeddable":true,"href":"https:\/\/urbeamea.ro\/albaiulia\/wp-json\/wp\/v2\/media\/4293"}],"wp:attachment":[{"href":"https:\/\/urbeamea.ro\/albaiulia\/wp-json\/wp\/v2\/media?parent=93673"}],"wp:term":[{"taxonomy":"category","embeddable":true,"href":"https:\/\/urbeamea.ro\/albaiulia\/wp-json\/wp\/v2\/categories?post=93673"},{"taxonomy":"post_tag","embeddable":true,"href":"https:\/\/urbeamea.ro\/albaiulia\/wp-json\/wp\/v2\/tags?post=93673"}],"curies":[{"name":"wp","href":"https:\/\/api.w.org\/{rel}","templated":true}]}}