{"id":93744,"date":"2020-12-22T10:54:01","date_gmt":"2020-12-22T08:54:01","guid":{"rendered":"https:\/\/urbeamea.ro\/albaiulia\/?p=93744"},"modified":"2020-12-22T10:54:04","modified_gmt":"2020-12-22T08:54:04","slug":"fotografia-elevei-caporal-alexia-avramutiu-a-castigat-premiul-i-la-un-concurs-international","status":"publish","type":"post","link":"https:\/\/urbeamea.ro\/albaiulia\/fotografia-elevei-caporal-alexia-avramutiu-a-castigat-premiul-i-la-un-concurs-international\/","title":{"rendered":"Fotografia elevei caporal Alexia Avr\u0103mu\u021biu a c\u00e2\u0219tigat Premiul I la un concurs interna\u021bional"},"content":{"rendered":"\n<h5 class=\"wp-block-heading\">Eleva caporal Alexia Avr\u0103mu\u021biu, din clasa a XI-a, a c\u00e2\u0219tigat Premiul I la Concursul Interna\u021bional \u201eJurnal de toamn\u0103\u201d, sec\u021biunea a II-a: Crea\u021bii artistico-plastice \u2013 fotografii. Concursul a fost organizat de Asocia\u021bia Cultural \u2013 \u015etiin\u021bific\u0103 \u201ePleiadis\u201d din Ia\u0219i \u00een parteneriat cu \u015ecoala Raional\u0103 de Arte Plastice \u201eNicolae Moisei\u201d din Telene\u0219ti, Republica Moldova.<\/h5>\n\n\n\n<p class=\"wp-block-paragraph\">\u00cen fotografia cu titlul \u201eEu \u0219i toamna prin lume\u201d, Alexia a \u201emodelat realitea\u201d astfel \u00eenc\u00e2t \u201earta s\u0103 \u00ee\u0219i g\u0103seasc\u0103 \u00een\u021belesurile\u201d. Eleva caporal Alexia Avr\u0103mu\u021biu este pasionat\u0103 de arta plastic\u0103 \u0219i de arta fotografic\u0103 \u00een care reu\u0219e\u0219te s\u0103 \u00ee\u0219i g\u0103seasc\u0103 starea de bine, pasiunea ei fiind r\u0103spl\u0103tit\u0103 cu numeroase premii.<\/p>\n\n\n\n<blockquote class=\"wp-block-quote is-layout-flow wp-block-quote-is-layout-flow\"><p>\u201eDe cur\u00e2nd am aflat c\u0103 am c\u00e2\u0219tigat Premiul I la Concursul Interna\u021bional \u201eJurnal de toamn\u0103\u201d la care am participat sub \u00eendrumarea doamnei profesoare de limba \u0219i literatura rom\u00e2n\u0103, Teodora D\u0103ncil\u0103. Tema acestui concurs a fost toamna, anotimp \u00een care dup\u0103 p\u0103rerea mea se pot surprinde cele mai frumoase imagini cu aparatul de fotografiat.Arta fotografic\u0103 \u0219i arta plastic\u0103 au un loc special \u00een sufletul meu \u0219i voi r\u0103m\u00e2ne \u00een permanent\u0103 conexiune cu ele, deoarece sunt vitale pentru starea mea de bine \u0219i pentru c\u0103 ador s\u0103 creez, s\u0103 surprind \u0219i s\u0103 modelez alte realit\u0103\u021bi, realit\u0103\u021bi \u00een care arta pe care o fac \u00ee\u0219i g\u0103se\u0219te \u00een\u021belesurile. Dac\u0103 ar fi s\u0103 aleg \u00eentre fotografie \u0219i pictur\u0103, \u00eenclin balan\u021ba \u00eenspre pictur\u0103, deoarece pictura a fost prima mea dragoste, iar din acea pasiune s-a n\u0103scut \u0219i cea pentru fotografie. Optez pentru pictur\u0103, pentru c\u0103 folosind doar ustensilele necesare (culorile, pensula, creionul) sunt capabil\u0103 s\u0103 rup barierele realit\u0103\u021bii noastre \u0219i pot c\u0103l\u0103tori \u00een spa\u021biu \u0219i timp pentru a putea reprezenta dup\u0103 starea mea de spirit. Pot c\u0103l\u0103tori \u00een trecut, viitor, pot s\u0103 c\u0103l\u0103toresc oriunde \u00een lume, chiar \u0219i \u00een dimensiunile min\u021bii mele, iar tot ce am nevoie este doar inspira\u021bie, pe care o iau chiar din unele poze f\u0103cute de mine\u201d, a spus eleva caporal Alexia Avr\u0103mu\u021biu.<\/p><\/blockquote>\n\n\n\n<p class=\"wp-block-paragraph\">Te felicit\u0103m Alexia pentru premiul c\u00e2\u0219tigat \u0219i \u00ee\u021bi dorim ca pasiunea pentru arta plastic\u0103 \u0219i pentru cea fotografic\u0103 s\u0103 \u00ee\u021bi aduc\u0103 \u00een continuare numeroase premii!<\/p>\n","protected":false},"excerpt":{"rendered":"<p>Eleva caporal Alexia Avr\u0103mu\u021biu, din clasa a XI-a, a c\u00e2\u0219tigat Premiul I la Concursul Interna\u021bional \u201eJurnal de toamn\u0103\u201d, sec\u021biunea a II-a: Crea\u021bii artistico-plastice \u2013 fotografii. Concursul a fost organizat de Asocia\u021bia Cultural \u2013 \u015etiin\u021bific\u0103 \u201ePleiadis\u201d din Ia\u0219i \u00een parteneriat cu \u015ecoala Raional\u0103 de Arte Plastice \u201eNicolae Moisei\u201d din Telene\u0219ti, Republica Moldova. \u00cen fotografia cu titlul &hellip;<\/p>\n","protected":false},"author":17,"featured_media":93745,"comment_status":"open","ping_status":"open","sticky":false,"template":"","format":"standard","meta":{"inline_featured_image":false,"footnotes":""},"categories":[2039],"tags":[22149,11925,3592,66,22150],"class_list":["post-93744","post","type-post","status-publish","format-standard","has-post-thumbnail","hentry","category-educatie","tag-alexia-avramutiu","tag-concurs-international-de-fotografie","tag-eleva-caporal","tag-fotografie","tag-premiul-i"],"yoast_head":"<!-- This site is optimized with the Yoast SEO plugin v28.3 - https:\/\/yoast.com\/product\/yoast-seo-wordpress\/ -->\n<title>Fotografia elevei caporal Alexia Avr\u0103mu\u021biu a c\u00e2\u0219tigat Premiul I la un concurs interna\u021bional - Revista Urbea Mea - Revista de Alba<\/title>\n<meta name=\"description\" content=\"Eleva caporal Alexia Avr\u0103mu\u021biu, din clasa a XI-a, a c\u00e2\u0219tigat Premiul I la Concursul Interna\u021bional \u201eJurnal de toamn\u0103\u201d, sec\u021biunea a II-a: Crea\u021bii\" \/>\n<meta name=\"robots\" content=\"index, follow, max-snippet:-1, max-image-preview:large, max-video-preview:-1\" \/>\n<link rel=\"canonical\" href=\"https:\/\/urbeamea.ro\/albaiulia\/fotografia-elevei-caporal-alexia-avramutiu-a-castigat-premiul-i-la-un-concurs-international\/\" \/>\n<meta name=\"twitter:card\" content=\"summary_large_image\" \/>\n<meta name=\"twitter:title\" content=\"Fotografia elevei caporal Alexia Avr\u0103mu\u021biu a c\u00e2\u0219tigat Premiul I la un concurs interna\u021bional - Revista Urbea Mea - Revista de Alba\" \/>\n<meta name=\"twitter:description\" content=\"Eleva caporal Alexia Avr\u0103mu\u021biu, din clasa a XI-a, a c\u00e2\u0219tigat Premiul I la Concursul Interna\u021bional \u201eJurnal de toamn\u0103\u201d, sec\u021biunea a II-a: Crea\u021bii\" \/>\n<meta name=\"twitter:image\" content=\"https:\/\/urbeamea.ro\/albaiulia\/wp-content\/uploads\/2020\/12\/132190414_1725940957580220_4263781735221623875_o.jpg\" \/>\n<meta name=\"twitter:creator\" content=\"@urbeameaweb\" \/>\n<meta name=\"twitter:site\" content=\"@urbeameaweb\" \/>\n<script type=\"application\/ld+json\" class=\"yoast-schema-graph\">{\"@context\":\"https:\\\/\\\/schema.org\",\"@graph\":[{\"@type\":\"Article\",\"@id\":\"https:\\\/\\\/urbeamea.ro\\\/albaiulia\\\/fotografia-elevei-caporal-alexia-avramutiu-a-castigat-premiul-i-la-un-concurs-international\\\/#article\",\"isPartOf\":{\"@id\":\"https:\\\/\\\/urbeamea.ro\\\/albaiulia\\\/fotografia-elevei-caporal-alexia-avramutiu-a-castigat-premiul-i-la-un-concurs-international\\\/\"},\"author\":{\"name\":\"Cristina Ganga\",\"@id\":\"https:\\\/\\\/urbeamea.ro\\\/albaiulia\\\/#\\\/schema\\\/person\\\/9700d21fae21c4f038b0b56f4506264a\"},\"headline\":\"Fotografia elevei caporal Alexia Avr\u0103mu\u021biu a c\u00e2\u0219tigat Premiul I la un concurs interna\u021bional\",\"datePublished\":\"2020-12-22T08:54:01+00:00\",\"dateModified\":\"2020-12-22T08:54:04+00:00\",\"mainEntityOfPage\":{\"@id\":\"https:\\\/\\\/urbeamea.ro\\\/albaiulia\\\/fotografia-elevei-caporal-alexia-avramutiu-a-castigat-premiul-i-la-un-concurs-international\\\/\"},\"wordCount\":402,\"commentCount\":0,\"image\":{\"@id\":\"https:\\\/\\\/urbeamea.ro\\\/albaiulia\\\/fotografia-elevei-caporal-alexia-avramutiu-a-castigat-premiul-i-la-un-concurs-international\\\/#primaryimage\"},\"thumbnailUrl\":\"https:\\\/\\\/urbeamea.ro\\\/albaiulia\\\/wp-content\\\/uploads\\\/2020\\\/12\\\/132190414_1725940957580220_4263781735221623875_o.jpg\",\"keywords\":[\"alexia avramutiu\",\"concurs international de fotografie\",\"eleva caporal\",\"fotografie\",\"premiul I\"],\"articleSection\":[\"Educa\u021bie\"],\"inLanguage\":\"ro-RO\",\"potentialAction\":[{\"@type\":\"CommentAction\",\"name\":\"Comment\",\"target\":[\"https:\\\/\\\/urbeamea.ro\\\/albaiulia\\\/fotografia-elevei-caporal-alexia-avramutiu-a-castigat-premiul-i-la-un-concurs-international\\\/#respond\"]}]},{\"@type\":\"WebPage\",\"@id\":\"https:\\\/\\\/urbeamea.ro\\\/albaiulia\\\/fotografia-elevei-caporal-alexia-avramutiu-a-castigat-premiul-i-la-un-concurs-international\\\/\",\"url\":\"https:\\\/\\\/urbeamea.ro\\\/albaiulia\\\/fotografia-elevei-caporal-alexia-avramutiu-a-castigat-premiul-i-la-un-concurs-international\\\/\",\"name\":\"Fotografia elevei caporal Alexia Avr\u0103mu\u021biu a c\u00e2\u0219tigat Premiul I la un concurs interna\u021bional - Revista Urbea Mea - Revista de Alba\",\"isPartOf\":{\"@id\":\"https:\\\/\\\/urbeamea.ro\\\/albaiulia\\\/#website\"},\"primaryImageOfPage\":{\"@id\":\"https:\\\/\\\/urbeamea.ro\\\/albaiulia\\\/fotografia-elevei-caporal-alexia-avramutiu-a-castigat-premiul-i-la-un-concurs-international\\\/#primaryimage\"},\"image\":{\"@id\":\"https:\\\/\\\/urbeamea.ro\\\/albaiulia\\\/fotografia-elevei-caporal-alexia-avramutiu-a-castigat-premiul-i-la-un-concurs-international\\\/#primaryimage\"},\"thumbnailUrl\":\"https:\\\/\\\/urbeamea.ro\\\/albaiulia\\\/wp-content\\\/uploads\\\/2020\\\/12\\\/132190414_1725940957580220_4263781735221623875_o.jpg\",\"datePublished\":\"2020-12-22T08:54:01+00:00\",\"dateModified\":\"2020-12-22T08:54:04+00:00\",\"author\":{\"@id\":\"https:\\\/\\\/urbeamea.ro\\\/albaiulia\\\/#\\\/schema\\\/person\\\/9700d21fae21c4f038b0b56f4506264a\"},\"description\":\"Eleva caporal Alexia Avr\u0103mu\u021biu, din clasa a XI-a, a c\u00e2\u0219tigat Premiul I la Concursul Interna\u021bional \u201eJurnal de toamn\u0103\u201d, sec\u021biunea a II-a: Crea\u021bii\",\"breadcrumb\":{\"@id\":\"https:\\\/\\\/urbeamea.ro\\\/albaiulia\\\/fotografia-elevei-caporal-alexia-avramutiu-a-castigat-premiul-i-la-un-concurs-international\\\/#breadcrumb\"},\"inLanguage\":\"ro-RO\",\"potentialAction\":[{\"@type\":\"ReadAction\",\"target\":[\"https:\\\/\\\/urbeamea.ro\\\/albaiulia\\\/fotografia-elevei-caporal-alexia-avramutiu-a-castigat-premiul-i-la-un-concurs-international\\\/\"]}]},{\"@type\":\"ImageObject\",\"inLanguage\":\"ro-RO\",\"@id\":\"https:\\\/\\\/urbeamea.ro\\\/albaiulia\\\/fotografia-elevei-caporal-alexia-avramutiu-a-castigat-premiul-i-la-un-concurs-international\\\/#primaryimage\",\"url\":\"https:\\\/\\\/urbeamea.ro\\\/albaiulia\\\/wp-content\\\/uploads\\\/2020\\\/12\\\/132190414_1725940957580220_4263781735221623875_o.jpg\",\"contentUrl\":\"https:\\\/\\\/urbeamea.ro\\\/albaiulia\\\/wp-content\\\/uploads\\\/2020\\\/12\\\/132190414_1725940957580220_4263781735221623875_o.jpg\",\"width\":1200,\"height\":1600},{\"@type\":\"BreadcrumbList\",\"@id\":\"https:\\\/\\\/urbeamea.ro\\\/albaiulia\\\/fotografia-elevei-caporal-alexia-avramutiu-a-castigat-premiul-i-la-un-concurs-international\\\/#breadcrumb\",\"itemListElement\":[{\"@type\":\"ListItem\",\"position\":1,\"name\":\"Prima pagin\u0103\",\"item\":\"https:\\\/\\\/urbeamea.ro\\\/albaiulia\\\/\"},{\"@type\":\"ListItem\",\"position\":2,\"name\":\"Fotografia elevei caporal Alexia Avr\u0103mu\u021biu a c\u00e2\u0219tigat Premiul I la un concurs interna\u021bional\"}]},{\"@type\":\"WebSite\",\"@id\":\"https:\\\/\\\/urbeamea.ro\\\/albaiulia\\\/#website\",\"url\":\"https:\\\/\\\/urbeamea.ro\\\/albaiulia\\\/\",\"name\":\"Revista Urbea Mea, Stiri urbane\",\"description\":\"Evenimente \u0219i \u0219tiri din Alba Iulia, Sebe\u0219, Aiud, Blaj\",\"potentialAction\":[{\"@type\":\"SearchAction\",\"target\":{\"@type\":\"EntryPoint\",\"urlTemplate\":\"https:\\\/\\\/urbeamea.ro\\\/albaiulia\\\/?s={search_term_string}\"},\"query-input\":{\"@type\":\"PropertyValueSpecification\",\"valueRequired\":true,\"valueName\":\"search_term_string\"}}],\"inLanguage\":\"ro-RO\"},{\"@type\":\"Person\",\"@id\":\"https:\\\/\\\/urbeamea.ro\\\/albaiulia\\\/#\\\/schema\\\/person\\\/9700d21fae21c4f038b0b56f4506264a\",\"name\":\"Cristina Ganga\",\"image\":{\"@type\":\"ImageObject\",\"inLanguage\":\"ro-RO\",\"@id\":\"https:\\\/\\\/secure.gravatar.com\\\/avatar\\\/5a67661041f057b4a8ccaf26f5a8e86e2689372006d01faf3dd9eeb10b654bb4?s=96&d=mm&r=g\",\"url\":\"https:\\\/\\\/secure.gravatar.com\\\/avatar\\\/5a67661041f057b4a8ccaf26f5a8e86e2689372006d01faf3dd9eeb10b654bb4?s=96&d=mm&r=g\",\"contentUrl\":\"https:\\\/\\\/secure.gravatar.com\\\/avatar\\\/5a67661041f057b4a8ccaf26f5a8e86e2689372006d01faf3dd9eeb10b654bb4?s=96&d=mm&r=g\",\"caption\":\"Cristina Ganga\"},\"description\":\"Jurnalist\",\"sameAs\":[\"https:\\\/\\\/www.facebook.com\\\/cristina.nicola.587\"],\"url\":\"https:\\\/\\\/urbeamea.ro\\\/albaiulia\\\/author\\\/cristina-nicola\\\/\"}]}<\/script>\n<!-- \/ Yoast SEO plugin. -->","yoast_head_json":{"title":"Fotografia elevei caporal Alexia Avr\u0103mu\u021biu a c\u00e2\u0219tigat Premiul I la un concurs interna\u021bional - Revista Urbea Mea - Revista de Alba","description":"Eleva caporal Alexia Avr\u0103mu\u021biu, din clasa a XI-a, a c\u00e2\u0219tigat Premiul I la Concursul Interna\u021bional \u201eJurnal de toamn\u0103\u201d, sec\u021biunea a II-a: Crea\u021bii","robots":{"index":"index","follow":"follow","max-snippet":"max-snippet:-1","max-image-preview":"max-image-preview:large","max-video-preview":"max-video-preview:-1"},"canonical":"https:\/\/urbeamea.ro\/albaiulia\/fotografia-elevei-caporal-alexia-avramutiu-a-castigat-premiul-i-la-un-concurs-international\/","twitter_card":"summary_large_image","twitter_title":"Fotografia elevei caporal Alexia Avr\u0103mu\u021biu a c\u00e2\u0219tigat Premiul I la un concurs interna\u021bional - Revista Urbea Mea - Revista de Alba","twitter_description":"Eleva caporal Alexia Avr\u0103mu\u021biu, din clasa a XI-a, a c\u00e2\u0219tigat Premiul I la Concursul Interna\u021bional \u201eJurnal de toamn\u0103\u201d, sec\u021biunea a II-a: Crea\u021bii","twitter_image":"https:\/\/urbeamea.ro\/albaiulia\/wp-content\/uploads\/2020\/12\/132190414_1725940957580220_4263781735221623875_o.jpg","twitter_creator":"@urbeameaweb","twitter_site":"@urbeameaweb","schema":{"@context":"https:\/\/schema.org","@graph":[{"@type":"Article","@id":"https:\/\/urbeamea.ro\/albaiulia\/fotografia-elevei-caporal-alexia-avramutiu-a-castigat-premiul-i-la-un-concurs-international\/#article","isPartOf":{"@id":"https:\/\/urbeamea.ro\/albaiulia\/fotografia-elevei-caporal-alexia-avramutiu-a-castigat-premiul-i-la-un-concurs-international\/"},"author":{"name":"Cristina Ganga","@id":"https:\/\/urbeamea.ro\/albaiulia\/#\/schema\/person\/9700d21fae21c4f038b0b56f4506264a"},"headline":"Fotografia elevei caporal Alexia Avr\u0103mu\u021biu a c\u00e2\u0219tigat Premiul I la un concurs interna\u021bional","datePublished":"2020-12-22T08:54:01+00:00","dateModified":"2020-12-22T08:54:04+00:00","mainEntityOfPage":{"@id":"https:\/\/urbeamea.ro\/albaiulia\/fotografia-elevei-caporal-alexia-avramutiu-a-castigat-premiul-i-la-un-concurs-international\/"},"wordCount":402,"commentCount":0,"image":{"@id":"https:\/\/urbeamea.ro\/albaiulia\/fotografia-elevei-caporal-alexia-avramutiu-a-castigat-premiul-i-la-un-concurs-international\/#primaryimage"},"thumbnailUrl":"https:\/\/urbeamea.ro\/albaiulia\/wp-content\/uploads\/2020\/12\/132190414_1725940957580220_4263781735221623875_o.jpg","keywords":["alexia avramutiu","concurs international de fotografie","eleva caporal","fotografie","premiul I"],"articleSection":["Educa\u021bie"],"inLanguage":"ro-RO","potentialAction":[{"@type":"CommentAction","name":"Comment","target":["https:\/\/urbeamea.ro\/albaiulia\/fotografia-elevei-caporal-alexia-avramutiu-a-castigat-premiul-i-la-un-concurs-international\/#respond"]}]},{"@type":"WebPage","@id":"https:\/\/urbeamea.ro\/albaiulia\/fotografia-elevei-caporal-alexia-avramutiu-a-castigat-premiul-i-la-un-concurs-international\/","url":"https:\/\/urbeamea.ro\/albaiulia\/fotografia-elevei-caporal-alexia-avramutiu-a-castigat-premiul-i-la-un-concurs-international\/","name":"Fotografia elevei caporal Alexia Avr\u0103mu\u021biu a c\u00e2\u0219tigat Premiul I la un concurs interna\u021bional - Revista Urbea Mea - Revista de Alba","isPartOf":{"@id":"https:\/\/urbeamea.ro\/albaiulia\/#website"},"primaryImageOfPage":{"@id":"https:\/\/urbeamea.ro\/albaiulia\/fotografia-elevei-caporal-alexia-avramutiu-a-castigat-premiul-i-la-un-concurs-international\/#primaryimage"},"image":{"@id":"https:\/\/urbeamea.ro\/albaiulia\/fotografia-elevei-caporal-alexia-avramutiu-a-castigat-premiul-i-la-un-concurs-international\/#primaryimage"},"thumbnailUrl":"https:\/\/urbeamea.ro\/albaiulia\/wp-content\/uploads\/2020\/12\/132190414_1725940957580220_4263781735221623875_o.jpg","datePublished":"2020-12-22T08:54:01+00:00","dateModified":"2020-12-22T08:54:04+00:00","author":{"@id":"https:\/\/urbeamea.ro\/albaiulia\/#\/schema\/person\/9700d21fae21c4f038b0b56f4506264a"},"description":"Eleva caporal Alexia Avr\u0103mu\u021biu, din clasa a XI-a, a c\u00e2\u0219tigat Premiul I la Concursul Interna\u021bional \u201eJurnal de toamn\u0103\u201d, sec\u021biunea a II-a: Crea\u021bii","breadcrumb":{"@id":"https:\/\/urbeamea.ro\/albaiulia\/fotografia-elevei-caporal-alexia-avramutiu-a-castigat-premiul-i-la-un-concurs-international\/#breadcrumb"},"inLanguage":"ro-RO","potentialAction":[{"@type":"ReadAction","target":["https:\/\/urbeamea.ro\/albaiulia\/fotografia-elevei-caporal-alexia-avramutiu-a-castigat-premiul-i-la-un-concurs-international\/"]}]},{"@type":"ImageObject","inLanguage":"ro-RO","@id":"https:\/\/urbeamea.ro\/albaiulia\/fotografia-elevei-caporal-alexia-avramutiu-a-castigat-premiul-i-la-un-concurs-international\/#primaryimage","url":"https:\/\/urbeamea.ro\/albaiulia\/wp-content\/uploads\/2020\/12\/132190414_1725940957580220_4263781735221623875_o.jpg","contentUrl":"https:\/\/urbeamea.ro\/albaiulia\/wp-content\/uploads\/2020\/12\/132190414_1725940957580220_4263781735221623875_o.jpg","width":1200,"height":1600},{"@type":"BreadcrumbList","@id":"https:\/\/urbeamea.ro\/albaiulia\/fotografia-elevei-caporal-alexia-avramutiu-a-castigat-premiul-i-la-un-concurs-international\/#breadcrumb","itemListElement":[{"@type":"ListItem","position":1,"name":"Prima pagin\u0103","item":"https:\/\/urbeamea.ro\/albaiulia\/"},{"@type":"ListItem","position":2,"name":"Fotografia elevei caporal Alexia Avr\u0103mu\u021biu a c\u00e2\u0219tigat Premiul I la un concurs interna\u021bional"}]},{"@type":"WebSite","@id":"https:\/\/urbeamea.ro\/albaiulia\/#website","url":"https:\/\/urbeamea.ro\/albaiulia\/","name":"Revista Urbea Mea, Stiri urbane","description":"Evenimente \u0219i \u0219tiri din Alba Iulia, Sebe\u0219, Aiud, Blaj","potentialAction":[{"@type":"SearchAction","target":{"@type":"EntryPoint","urlTemplate":"https:\/\/urbeamea.ro\/albaiulia\/?s={search_term_string}"},"query-input":{"@type":"PropertyValueSpecification","valueRequired":true,"valueName":"search_term_string"}}],"inLanguage":"ro-RO"},{"@type":"Person","@id":"https:\/\/urbeamea.ro\/albaiulia\/#\/schema\/person\/9700d21fae21c4f038b0b56f4506264a","name":"Cristina Ganga","image":{"@type":"ImageObject","inLanguage":"ro-RO","@id":"https:\/\/secure.gravatar.com\/avatar\/5a67661041f057b4a8ccaf26f5a8e86e2689372006d01faf3dd9eeb10b654bb4?s=96&d=mm&r=g","url":"https:\/\/secure.gravatar.com\/avatar\/5a67661041f057b4a8ccaf26f5a8e86e2689372006d01faf3dd9eeb10b654bb4?s=96&d=mm&r=g","contentUrl":"https:\/\/secure.gravatar.com\/avatar\/5a67661041f057b4a8ccaf26f5a8e86e2689372006d01faf3dd9eeb10b654bb4?s=96&d=mm&r=g","caption":"Cristina Ganga"},"description":"Jurnalist","sameAs":["https:\/\/www.facebook.com\/cristina.nicola.587"],"url":"https:\/\/urbeamea.ro\/albaiulia\/author\/cristina-nicola\/"}]}},"_links":{"self":[{"href":"https:\/\/urbeamea.ro\/albaiulia\/wp-json\/wp\/v2\/posts\/93744","targetHints":{"allow":["GET"]}}],"collection":[{"href":"https:\/\/urbeamea.ro\/albaiulia\/wp-json\/wp\/v2\/posts"}],"about":[{"href":"https:\/\/urbeamea.ro\/albaiulia\/wp-json\/wp\/v2\/types\/post"}],"author":[{"embeddable":true,"href":"https:\/\/urbeamea.ro\/albaiulia\/wp-json\/wp\/v2\/users\/17"}],"replies":[{"embeddable":true,"href":"https:\/\/urbeamea.ro\/albaiulia\/wp-json\/wp\/v2\/comments?post=93744"}],"version-history":[{"count":1,"href":"https:\/\/urbeamea.ro\/albaiulia\/wp-json\/wp\/v2\/posts\/93744\/revisions"}],"predecessor-version":[{"id":93746,"href":"https:\/\/urbeamea.ro\/albaiulia\/wp-json\/wp\/v2\/posts\/93744\/revisions\/93746"}],"wp:featuredmedia":[{"embeddable":true,"href":"https:\/\/urbeamea.ro\/albaiulia\/wp-json\/wp\/v2\/media\/93745"}],"wp:attachment":[{"href":"https:\/\/urbeamea.ro\/albaiulia\/wp-json\/wp\/v2\/media?parent=93744"}],"wp:term":[{"taxonomy":"category","embeddable":true,"href":"https:\/\/urbeamea.ro\/albaiulia\/wp-json\/wp\/v2\/categories?post=93744"},{"taxonomy":"post_tag","embeddable":true,"href":"https:\/\/urbeamea.ro\/albaiulia\/wp-json\/wp\/v2\/tags?post=93744"}],"curies":[{"name":"wp","href":"https:\/\/api.w.org\/{rel}","templated":true}]}}