{"id":94551,"date":"2021-03-01T13:15:39","date_gmt":"2021-03-01T11:15:39","guid":{"rendered":"https:\/\/urbeamea.ro\/albaiulia\/?p=94551"},"modified":"2021-03-01T13:15:41","modified_gmt":"2021-03-01T11:15:41","slug":"inscrierile-la-concursul-national-de-creatie-literara-si-arta-plastica-lauda-semintelor-din-cadrul-festivalului-lucian-blaga-sebes-editia-a-xli-a-2021-incep-in-prima-zi-d","status":"publish","type":"post","link":"https:\/\/urbeamea.ro\/albaiulia\/inscrierile-la-concursul-national-de-creatie-literara-si-arta-plastica-lauda-semintelor-din-cadrul-festivalului-lucian-blaga-sebes-editia-a-xli-a-2021-incep-in-prima-zi-d\/","title":{"rendered":"\u00censcrierile la Concursul Na\u021bional de Crea\u021bie Literar\u0103 \u0219i Art\u0103 Plastic\u0103 \u201eLaud\u0103 Semin\u021belor &#8230;&#8221;, din cadrul Festivalului \u201eLucian Blaga&#8221; Sebe\u0219, edi\u021bia a XLI-a, 2021, \u00eencep \u00een prima zi de m\u0103r\u021bi\u0219or"},"content":{"rendered":"\n<h5 class=\"wp-block-heading\">Prim\u0103ria \u0219i Consiliul Local al Municipiului Sebe\u0219, prin Centrul Cultural \u201eLucian Blaga&#8221; Sebe\u0219, organizeaz\u0103, \u00een perioada 7 &#8211; 9 mai 2021, Festivalul Interna\u021bional \u201eLucian Blaga&#8221;, una dintre cele mai longevive \u0219i prestigioase manifest\u0103ri cultural-\u0219tiin\u021bifice din Rom\u00e2nia, ajuns\u0103 la cea de-a XLI-a edi\u021bie.<\/h5>\n\n\n\n<p class=\"wp-block-paragraph\">O tradi\u021bie frumoas\u0103 \u00een cadrul festivalului o reprezint\u0103 organizarea Concursului Na\u021bional de Crea\u021bie Literar\u0103 \u0219i Art\u0103 Plastic\u0103 \u201eLaud\u0103 semin\u021belor, celor de fa\u021b\u0103 \u0219i-n veci tuturor&#8221;, ini\u021biat cu scopul valorific\u0103rii creativit\u0103\u021bii participan\u021bilor \u0219i men\u021binerii vie, \u00een con\u0219tiin\u021ba public\u0103, a memoriei poetului luminii \u0219i filosofului misterelor, Lucian Blaga, n\u0103scut la Lancr\u0103m.&nbsp;<\/p>\n\n\n\n<p class=\"wp-block-paragraph\">Concursul este structurat pe dou\u0103 sec\u021biuni dedicate adul\u021bilor \u0219i elevilor, fiecare sec\u021biune av\u00e2nd mai multe domenii: crea\u021bie literar\u0103 (poezie \u0219i eseu &#8211; pe teme legate de via\u021ba \u0219i opera lui Lucian Blaga), traducere (\u00een limbile englez\u0103, francez\u0103 sau german\u0103) \u0219i art\u0103 plastic\u0103. Calendarul de desf\u0103\u0219urare include: perioada \u00eenscrierilor \u00eentre 1 martie \u0219i 16 aprilie, jurizarea lucr\u0103rilor 20 \u2013 30 aprilie \u0219i premierea c\u00e2\u0219tig\u0103torilor.&nbsp;Men\u021bion\u0103m faptul c\u0103 decernarea premiilor se va face \u00een cadrul Festivalului Interna\u021bional \u201eLucian Blaga&#8221; Sebe\u0219 \u2013 Lancr\u0103m (7 \u2013 9 mai 2021) sau prin coresponden\u021b\u0103, \u00een func\u021bie de contextul determinat de pandemia cu noul Coronavirus. Laurea\u021bii concursului vor fi \u00een\u0219tiin\u021ba\u021bi pentru a putea participa la festivitatea de premiere, \u00een condi\u021biile \u00een care legisla\u021bia privind ocrotirea s\u0103n\u0103t\u0103\u021bii publice o va permite.<\/p>\n\n\n\n<p class=\"wp-block-paragraph\">\u00cei invit\u0103m pe to\u021bi cei care sunt interesa\u021bi de concursul nostru s\u0103 consulte regulamentul, condi\u021biile de participare \u0219i criteriile de jurizare, disponibile pe site-ul Centrului Cultural \u201eLucian Blaga&#8221; Sebe\u0219,&nbsp;<a href=\"http:\/\/www.cclbsebes.ro\/\" target=\"_blank\" rel=\"noreferrer noopener\">www.cclbsebes.ro<\/a>, la rubrica \u201eAnun\u021buri&#8221;.<\/p>\n\n\n\n<p class=\"wp-block-paragraph\">Le mul\u021bumim tuturor concuren\u021bilor pentru interesul manifestat fa\u021b\u0103 de concursul organizat de Municipiul Sebe\u0219, pe care \u00eel consider\u0103m un omagiu adus personalit\u0103\u021bii lui Lucian Blaga, \u0219i le ur\u0103m mult succes!<\/p>\n","protected":false},"excerpt":{"rendered":"<p>Prim\u0103ria \u0219i Consiliul Local al Municipiului Sebe\u0219, prin Centrul Cultural \u201eLucian Blaga&#8221; Sebe\u0219, organizeaz\u0103, \u00een perioada 7 &#8211; 9 mai 2021, Festivalul Interna\u021bional \u201eLucian Blaga&#8221;, una dintre cele mai longevive \u0219i prestigioase manifest\u0103ri cultural-\u0219tiin\u021bifice din Rom\u00e2nia, ajuns\u0103 la cea de-a XLI-a edi\u021bie. O tradi\u021bie frumoas\u0103 \u00een cadrul festivalului o reprezint\u0103 organizarea Concursului Na\u021bional de Crea\u021bie &hellip;<\/p>\n","protected":false},"author":17,"featured_media":94552,"comment_status":"open","ping_status":"open","sticky":false,"template":"","format":"standard","meta":{"inline_featured_image":false,"footnotes":""},"categories":[4],"tags":[22467,20626,2304,17302],"class_list":["post-94551","post","type-post","status-publish","format-standard","has-post-thumbnail","hentry","category-eveniment","tag-concurs-national-de-creatie-literara","tag-festivalul-lucian-blaga-sebes","tag-inscrieri","tag-lauda-semintelor-celor-de-fata-si-n-veci-tuturor-2"],"yoast_head":"<!-- This site is optimized with the Yoast SEO plugin v28.3 - https:\/\/yoast.com\/product\/yoast-seo-wordpress\/ -->\n<title>\u00censcrierile la Concursul Na\u021bional de Crea\u021bie Literar\u0103 \u0219i Art\u0103 Plastic\u0103 \u201eLaud\u0103 Semin\u021belor ...&quot;, din cadrul Festivalului \u201eLucian Blaga&quot; Sebe\u0219, edi\u021bia a XLI-a, 2021, \u00eencep \u00een prima zi de m\u0103r\u021bi\u0219or - Revista Urbea Mea - Revista de Alba<\/title>\n<meta name=\"description\" content=\"Prim\u0103ria \u0219i Consiliul Local al Municipiului Sebe\u0219, prin Centrul Cultural \u201eLucian Blaga&quot; Sebe\u0219, organizeaz\u0103, \u00een perioada 7 - 9 mai 2021, Festivalul\" \/>\n<meta name=\"robots\" content=\"index, follow, max-snippet:-1, max-image-preview:large, max-video-preview:-1\" \/>\n<link rel=\"canonical\" href=\"https:\/\/urbeamea.ro\/albaiulia\/inscrierile-la-concursul-national-de-creatie-literara-si-arta-plastica-lauda-semintelor-din-cadrul-festivalului-lucian-blaga-sebes-editia-a-xli-a-2021-incep-in-prima-zi-d\/\" \/>\n<meta name=\"twitter:card\" content=\"summary_large_image\" \/>\n<meta name=\"twitter:title\" content=\"\u00censcrierile la Concursul Na\u021bional de Crea\u021bie Literar\u0103 \u0219i Art\u0103 Plastic\u0103 \u201eLaud\u0103 Semin\u021belor ...&quot;, din cadrul Festivalului \u201eLucian Blaga&quot; Sebe\u0219, edi\u021bia a XLI-a, 2021, \u00eencep \u00een prima zi de m\u0103r\u021bi\u0219or - Revista Urbea Mea - Revista de Alba\" \/>\n<meta name=\"twitter:description\" content=\"Prim\u0103ria \u0219i Consiliul Local al Municipiului Sebe\u0219, prin Centrul Cultural \u201eLucian Blaga&quot; Sebe\u0219, organizeaz\u0103, \u00een perioada 7 - 9 mai 2021, Festivalul\" \/>\n<meta name=\"twitter:image\" content=\"https:\/\/urbeamea.ro\/albaiulia\/wp-content\/uploads\/2021\/03\/festival.jpg\" \/>\n<meta name=\"twitter:creator\" content=\"@urbeameaweb\" \/>\n<meta name=\"twitter:site\" content=\"@urbeameaweb\" \/>\n<script type=\"application\/ld+json\" class=\"yoast-schema-graph\">{\"@context\":\"https:\\\/\\\/schema.org\",\"@graph\":[{\"@type\":\"Article\",\"@id\":\"https:\\\/\\\/urbeamea.ro\\\/albaiulia\\\/inscrierile-la-concursul-national-de-creatie-literara-si-arta-plastica-lauda-semintelor-din-cadrul-festivalului-lucian-blaga-sebes-editia-a-xli-a-2021-incep-in-prima-zi-d\\\/#article\",\"isPartOf\":{\"@id\":\"https:\\\/\\\/urbeamea.ro\\\/albaiulia\\\/inscrierile-la-concursul-national-de-creatie-literara-si-arta-plastica-lauda-semintelor-din-cadrul-festivalului-lucian-blaga-sebes-editia-a-xli-a-2021-incep-in-prima-zi-d\\\/\"},\"author\":{\"name\":\"Cristina Ganga\",\"@id\":\"https:\\\/\\\/urbeamea.ro\\\/albaiulia\\\/#\\\/schema\\\/person\\\/9700d21fae21c4f038b0b56f4506264a\"},\"headline\":\"\u00censcrierile la Concursul Na\u021bional de Crea\u021bie Literar\u0103 \u0219i Art\u0103 Plastic\u0103 \u201eLaud\u0103 Semin\u021belor &#8230;&#8221;, din cadrul Festivalului \u201eLucian Blaga&#8221; Sebe\u0219, edi\u021bia a XLI-a, 2021, \u00eencep \u00een prima zi de m\u0103r\u021bi\u0219or\",\"datePublished\":\"2021-03-01T11:15:39+00:00\",\"dateModified\":\"2021-03-01T11:15:41+00:00\",\"mainEntityOfPage\":{\"@id\":\"https:\\\/\\\/urbeamea.ro\\\/albaiulia\\\/inscrierile-la-concursul-national-de-creatie-literara-si-arta-plastica-lauda-semintelor-din-cadrul-festivalului-lucian-blaga-sebes-editia-a-xli-a-2021-incep-in-prima-zi-d\\\/\"},\"wordCount\":357,\"commentCount\":0,\"image\":{\"@id\":\"https:\\\/\\\/urbeamea.ro\\\/albaiulia\\\/inscrierile-la-concursul-national-de-creatie-literara-si-arta-plastica-lauda-semintelor-din-cadrul-festivalului-lucian-blaga-sebes-editia-a-xli-a-2021-incep-in-prima-zi-d\\\/#primaryimage\"},\"thumbnailUrl\":\"https:\\\/\\\/urbeamea.ro\\\/albaiulia\\\/wp-content\\\/uploads\\\/2021\\\/03\\\/festival.jpg\",\"keywords\":[\"concurs national de creatie literara\",\"festivalul lucian blaga sebes\",\"inscrieri\",\"lauda semintelor celor de fata si-n veci tuturor\"],\"articleSection\":[\"Evenimente\"],\"inLanguage\":\"ro-RO\",\"potentialAction\":[{\"@type\":\"CommentAction\",\"name\":\"Comment\",\"target\":[\"https:\\\/\\\/urbeamea.ro\\\/albaiulia\\\/inscrierile-la-concursul-national-de-creatie-literara-si-arta-plastica-lauda-semintelor-din-cadrul-festivalului-lucian-blaga-sebes-editia-a-xli-a-2021-incep-in-prima-zi-d\\\/#respond\"]}]},{\"@type\":\"WebPage\",\"@id\":\"https:\\\/\\\/urbeamea.ro\\\/albaiulia\\\/inscrierile-la-concursul-national-de-creatie-literara-si-arta-plastica-lauda-semintelor-din-cadrul-festivalului-lucian-blaga-sebes-editia-a-xli-a-2021-incep-in-prima-zi-d\\\/\",\"url\":\"https:\\\/\\\/urbeamea.ro\\\/albaiulia\\\/inscrierile-la-concursul-national-de-creatie-literara-si-arta-plastica-lauda-semintelor-din-cadrul-festivalului-lucian-blaga-sebes-editia-a-xli-a-2021-incep-in-prima-zi-d\\\/\",\"name\":\"\u00censcrierile la Concursul Na\u021bional de Crea\u021bie Literar\u0103 \u0219i Art\u0103 Plastic\u0103 \u201eLaud\u0103 Semin\u021belor ...\\\", din cadrul Festivalului \u201eLucian Blaga\\\" Sebe\u0219, edi\u021bia a XLI-a, 2021, \u00eencep \u00een prima zi de m\u0103r\u021bi\u0219or - Revista Urbea Mea - Revista de Alba\",\"isPartOf\":{\"@id\":\"https:\\\/\\\/urbeamea.ro\\\/albaiulia\\\/#website\"},\"primaryImageOfPage\":{\"@id\":\"https:\\\/\\\/urbeamea.ro\\\/albaiulia\\\/inscrierile-la-concursul-national-de-creatie-literara-si-arta-plastica-lauda-semintelor-din-cadrul-festivalului-lucian-blaga-sebes-editia-a-xli-a-2021-incep-in-prima-zi-d\\\/#primaryimage\"},\"image\":{\"@id\":\"https:\\\/\\\/urbeamea.ro\\\/albaiulia\\\/inscrierile-la-concursul-national-de-creatie-literara-si-arta-plastica-lauda-semintelor-din-cadrul-festivalului-lucian-blaga-sebes-editia-a-xli-a-2021-incep-in-prima-zi-d\\\/#primaryimage\"},\"thumbnailUrl\":\"https:\\\/\\\/urbeamea.ro\\\/albaiulia\\\/wp-content\\\/uploads\\\/2021\\\/03\\\/festival.jpg\",\"datePublished\":\"2021-03-01T11:15:39+00:00\",\"dateModified\":\"2021-03-01T11:15:41+00:00\",\"author\":{\"@id\":\"https:\\\/\\\/urbeamea.ro\\\/albaiulia\\\/#\\\/schema\\\/person\\\/9700d21fae21c4f038b0b56f4506264a\"},\"description\":\"Prim\u0103ria \u0219i Consiliul Local al Municipiului Sebe\u0219, prin Centrul Cultural \u201eLucian Blaga\\\" Sebe\u0219, organizeaz\u0103, \u00een perioada 7 - 9 mai 2021, Festivalul\",\"breadcrumb\":{\"@id\":\"https:\\\/\\\/urbeamea.ro\\\/albaiulia\\\/inscrierile-la-concursul-national-de-creatie-literara-si-arta-plastica-lauda-semintelor-din-cadrul-festivalului-lucian-blaga-sebes-editia-a-xli-a-2021-incep-in-prima-zi-d\\\/#breadcrumb\"},\"inLanguage\":\"ro-RO\",\"potentialAction\":[{\"@type\":\"ReadAction\",\"target\":[\"https:\\\/\\\/urbeamea.ro\\\/albaiulia\\\/inscrierile-la-concursul-national-de-creatie-literara-si-arta-plastica-lauda-semintelor-din-cadrul-festivalului-lucian-blaga-sebes-editia-a-xli-a-2021-incep-in-prima-zi-d\\\/\"]}]},{\"@type\":\"ImageObject\",\"inLanguage\":\"ro-RO\",\"@id\":\"https:\\\/\\\/urbeamea.ro\\\/albaiulia\\\/inscrierile-la-concursul-national-de-creatie-literara-si-arta-plastica-lauda-semintelor-din-cadrul-festivalului-lucian-blaga-sebes-editia-a-xli-a-2021-incep-in-prima-zi-d\\\/#primaryimage\",\"url\":\"https:\\\/\\\/urbeamea.ro\\\/albaiulia\\\/wp-content\\\/uploads\\\/2021\\\/03\\\/festival.jpg\",\"contentUrl\":\"https:\\\/\\\/urbeamea.ro\\\/albaiulia\\\/wp-content\\\/uploads\\\/2021\\\/03\\\/festival.jpg\",\"width\":512,\"height\":340},{\"@type\":\"BreadcrumbList\",\"@id\":\"https:\\\/\\\/urbeamea.ro\\\/albaiulia\\\/inscrierile-la-concursul-national-de-creatie-literara-si-arta-plastica-lauda-semintelor-din-cadrul-festivalului-lucian-blaga-sebes-editia-a-xli-a-2021-incep-in-prima-zi-d\\\/#breadcrumb\",\"itemListElement\":[{\"@type\":\"ListItem\",\"position\":1,\"name\":\"Prima pagin\u0103\",\"item\":\"https:\\\/\\\/urbeamea.ro\\\/albaiulia\\\/\"},{\"@type\":\"ListItem\",\"position\":2,\"name\":\"\u00censcrierile la Concursul Na\u021bional de Crea\u021bie Literar\u0103 \u0219i Art\u0103 Plastic\u0103 \u201eLaud\u0103 Semin\u021belor &#8230;&#8221;, din cadrul Festivalului \u201eLucian Blaga&#8221; Sebe\u0219, edi\u021bia a XLI-a, 2021, \u00eencep \u00een prima zi de m\u0103r\u021bi\u0219or\"}]},{\"@type\":\"WebSite\",\"@id\":\"https:\\\/\\\/urbeamea.ro\\\/albaiulia\\\/#website\",\"url\":\"https:\\\/\\\/urbeamea.ro\\\/albaiulia\\\/\",\"name\":\"Revista Urbea Mea, Stiri urbane\",\"description\":\"Evenimente \u0219i \u0219tiri din Alba Iulia, Sebe\u0219, Aiud, Blaj\",\"potentialAction\":[{\"@type\":\"SearchAction\",\"target\":{\"@type\":\"EntryPoint\",\"urlTemplate\":\"https:\\\/\\\/urbeamea.ro\\\/albaiulia\\\/?s={search_term_string}\"},\"query-input\":{\"@type\":\"PropertyValueSpecification\",\"valueRequired\":true,\"valueName\":\"search_term_string\"}}],\"inLanguage\":\"ro-RO\"},{\"@type\":\"Person\",\"@id\":\"https:\\\/\\\/urbeamea.ro\\\/albaiulia\\\/#\\\/schema\\\/person\\\/9700d21fae21c4f038b0b56f4506264a\",\"name\":\"Cristina Ganga\",\"image\":{\"@type\":\"ImageObject\",\"inLanguage\":\"ro-RO\",\"@id\":\"https:\\\/\\\/secure.gravatar.com\\\/avatar\\\/5a67661041f057b4a8ccaf26f5a8e86e2689372006d01faf3dd9eeb10b654bb4?s=96&d=mm&r=g\",\"url\":\"https:\\\/\\\/secure.gravatar.com\\\/avatar\\\/5a67661041f057b4a8ccaf26f5a8e86e2689372006d01faf3dd9eeb10b654bb4?s=96&d=mm&r=g\",\"contentUrl\":\"https:\\\/\\\/secure.gravatar.com\\\/avatar\\\/5a67661041f057b4a8ccaf26f5a8e86e2689372006d01faf3dd9eeb10b654bb4?s=96&d=mm&r=g\",\"caption\":\"Cristina Ganga\"},\"description\":\"Jurnalist\",\"sameAs\":[\"https:\\\/\\\/www.facebook.com\\\/cristina.nicola.587\"],\"url\":\"https:\\\/\\\/urbeamea.ro\\\/albaiulia\\\/author\\\/cristina-nicola\\\/\"}]}<\/script>\n<!-- \/ Yoast SEO plugin. -->","yoast_head_json":{"title":"\u00censcrierile la Concursul Na\u021bional de Crea\u021bie Literar\u0103 \u0219i Art\u0103 Plastic\u0103 \u201eLaud\u0103 Semin\u021belor ...\", din cadrul Festivalului \u201eLucian Blaga\" Sebe\u0219, edi\u021bia a XLI-a, 2021, \u00eencep \u00een prima zi de m\u0103r\u021bi\u0219or - Revista Urbea Mea - Revista de Alba","description":"Prim\u0103ria \u0219i Consiliul Local al Municipiului Sebe\u0219, prin Centrul Cultural \u201eLucian Blaga\" Sebe\u0219, organizeaz\u0103, \u00een perioada 7 - 9 mai 2021, Festivalul","robots":{"index":"index","follow":"follow","max-snippet":"max-snippet:-1","max-image-preview":"max-image-preview:large","max-video-preview":"max-video-preview:-1"},"canonical":"https:\/\/urbeamea.ro\/albaiulia\/inscrierile-la-concursul-national-de-creatie-literara-si-arta-plastica-lauda-semintelor-din-cadrul-festivalului-lucian-blaga-sebes-editia-a-xli-a-2021-incep-in-prima-zi-d\/","twitter_card":"summary_large_image","twitter_title":"\u00censcrierile la Concursul Na\u021bional de Crea\u021bie Literar\u0103 \u0219i Art\u0103 Plastic\u0103 \u201eLaud\u0103 Semin\u021belor ...\", din cadrul Festivalului \u201eLucian Blaga\" Sebe\u0219, edi\u021bia a XLI-a, 2021, \u00eencep \u00een prima zi de m\u0103r\u021bi\u0219or - Revista Urbea Mea - Revista de Alba","twitter_description":"Prim\u0103ria \u0219i Consiliul Local al Municipiului Sebe\u0219, prin Centrul Cultural \u201eLucian Blaga\" Sebe\u0219, organizeaz\u0103, \u00een perioada 7 - 9 mai 2021, Festivalul","twitter_image":"https:\/\/urbeamea.ro\/albaiulia\/wp-content\/uploads\/2021\/03\/festival.jpg","twitter_creator":"@urbeameaweb","twitter_site":"@urbeameaweb","schema":{"@context":"https:\/\/schema.org","@graph":[{"@type":"Article","@id":"https:\/\/urbeamea.ro\/albaiulia\/inscrierile-la-concursul-national-de-creatie-literara-si-arta-plastica-lauda-semintelor-din-cadrul-festivalului-lucian-blaga-sebes-editia-a-xli-a-2021-incep-in-prima-zi-d\/#article","isPartOf":{"@id":"https:\/\/urbeamea.ro\/albaiulia\/inscrierile-la-concursul-national-de-creatie-literara-si-arta-plastica-lauda-semintelor-din-cadrul-festivalului-lucian-blaga-sebes-editia-a-xli-a-2021-incep-in-prima-zi-d\/"},"author":{"name":"Cristina Ganga","@id":"https:\/\/urbeamea.ro\/albaiulia\/#\/schema\/person\/9700d21fae21c4f038b0b56f4506264a"},"headline":"\u00censcrierile la Concursul Na\u021bional de Crea\u021bie Literar\u0103 \u0219i Art\u0103 Plastic\u0103 \u201eLaud\u0103 Semin\u021belor &#8230;&#8221;, din cadrul Festivalului \u201eLucian Blaga&#8221; Sebe\u0219, edi\u021bia a XLI-a, 2021, \u00eencep \u00een prima zi de m\u0103r\u021bi\u0219or","datePublished":"2021-03-01T11:15:39+00:00","dateModified":"2021-03-01T11:15:41+00:00","mainEntityOfPage":{"@id":"https:\/\/urbeamea.ro\/albaiulia\/inscrierile-la-concursul-national-de-creatie-literara-si-arta-plastica-lauda-semintelor-din-cadrul-festivalului-lucian-blaga-sebes-editia-a-xli-a-2021-incep-in-prima-zi-d\/"},"wordCount":357,"commentCount":0,"image":{"@id":"https:\/\/urbeamea.ro\/albaiulia\/inscrierile-la-concursul-national-de-creatie-literara-si-arta-plastica-lauda-semintelor-din-cadrul-festivalului-lucian-blaga-sebes-editia-a-xli-a-2021-incep-in-prima-zi-d\/#primaryimage"},"thumbnailUrl":"https:\/\/urbeamea.ro\/albaiulia\/wp-content\/uploads\/2021\/03\/festival.jpg","keywords":["concurs national de creatie literara","festivalul lucian blaga sebes","inscrieri","lauda semintelor celor de fata si-n veci tuturor"],"articleSection":["Evenimente"],"inLanguage":"ro-RO","potentialAction":[{"@type":"CommentAction","name":"Comment","target":["https:\/\/urbeamea.ro\/albaiulia\/inscrierile-la-concursul-national-de-creatie-literara-si-arta-plastica-lauda-semintelor-din-cadrul-festivalului-lucian-blaga-sebes-editia-a-xli-a-2021-incep-in-prima-zi-d\/#respond"]}]},{"@type":"WebPage","@id":"https:\/\/urbeamea.ro\/albaiulia\/inscrierile-la-concursul-national-de-creatie-literara-si-arta-plastica-lauda-semintelor-din-cadrul-festivalului-lucian-blaga-sebes-editia-a-xli-a-2021-incep-in-prima-zi-d\/","url":"https:\/\/urbeamea.ro\/albaiulia\/inscrierile-la-concursul-national-de-creatie-literara-si-arta-plastica-lauda-semintelor-din-cadrul-festivalului-lucian-blaga-sebes-editia-a-xli-a-2021-incep-in-prima-zi-d\/","name":"\u00censcrierile la Concursul Na\u021bional de Crea\u021bie Literar\u0103 \u0219i Art\u0103 Plastic\u0103 \u201eLaud\u0103 Semin\u021belor ...\", din cadrul Festivalului \u201eLucian Blaga\" Sebe\u0219, edi\u021bia a XLI-a, 2021, \u00eencep \u00een prima zi de m\u0103r\u021bi\u0219or - Revista Urbea Mea - Revista de Alba","isPartOf":{"@id":"https:\/\/urbeamea.ro\/albaiulia\/#website"},"primaryImageOfPage":{"@id":"https:\/\/urbeamea.ro\/albaiulia\/inscrierile-la-concursul-national-de-creatie-literara-si-arta-plastica-lauda-semintelor-din-cadrul-festivalului-lucian-blaga-sebes-editia-a-xli-a-2021-incep-in-prima-zi-d\/#primaryimage"},"image":{"@id":"https:\/\/urbeamea.ro\/albaiulia\/inscrierile-la-concursul-national-de-creatie-literara-si-arta-plastica-lauda-semintelor-din-cadrul-festivalului-lucian-blaga-sebes-editia-a-xli-a-2021-incep-in-prima-zi-d\/#primaryimage"},"thumbnailUrl":"https:\/\/urbeamea.ro\/albaiulia\/wp-content\/uploads\/2021\/03\/festival.jpg","datePublished":"2021-03-01T11:15:39+00:00","dateModified":"2021-03-01T11:15:41+00:00","author":{"@id":"https:\/\/urbeamea.ro\/albaiulia\/#\/schema\/person\/9700d21fae21c4f038b0b56f4506264a"},"description":"Prim\u0103ria \u0219i Consiliul Local al Municipiului Sebe\u0219, prin Centrul Cultural \u201eLucian Blaga\" Sebe\u0219, organizeaz\u0103, \u00een perioada 7 - 9 mai 2021, Festivalul","breadcrumb":{"@id":"https:\/\/urbeamea.ro\/albaiulia\/inscrierile-la-concursul-national-de-creatie-literara-si-arta-plastica-lauda-semintelor-din-cadrul-festivalului-lucian-blaga-sebes-editia-a-xli-a-2021-incep-in-prima-zi-d\/#breadcrumb"},"inLanguage":"ro-RO","potentialAction":[{"@type":"ReadAction","target":["https:\/\/urbeamea.ro\/albaiulia\/inscrierile-la-concursul-national-de-creatie-literara-si-arta-plastica-lauda-semintelor-din-cadrul-festivalului-lucian-blaga-sebes-editia-a-xli-a-2021-incep-in-prima-zi-d\/"]}]},{"@type":"ImageObject","inLanguage":"ro-RO","@id":"https:\/\/urbeamea.ro\/albaiulia\/inscrierile-la-concursul-national-de-creatie-literara-si-arta-plastica-lauda-semintelor-din-cadrul-festivalului-lucian-blaga-sebes-editia-a-xli-a-2021-incep-in-prima-zi-d\/#primaryimage","url":"https:\/\/urbeamea.ro\/albaiulia\/wp-content\/uploads\/2021\/03\/festival.jpg","contentUrl":"https:\/\/urbeamea.ro\/albaiulia\/wp-content\/uploads\/2021\/03\/festival.jpg","width":512,"height":340},{"@type":"BreadcrumbList","@id":"https:\/\/urbeamea.ro\/albaiulia\/inscrierile-la-concursul-national-de-creatie-literara-si-arta-plastica-lauda-semintelor-din-cadrul-festivalului-lucian-blaga-sebes-editia-a-xli-a-2021-incep-in-prima-zi-d\/#breadcrumb","itemListElement":[{"@type":"ListItem","position":1,"name":"Prima pagin\u0103","item":"https:\/\/urbeamea.ro\/albaiulia\/"},{"@type":"ListItem","position":2,"name":"\u00censcrierile la Concursul Na\u021bional de Crea\u021bie Literar\u0103 \u0219i Art\u0103 Plastic\u0103 \u201eLaud\u0103 Semin\u021belor &#8230;&#8221;, din cadrul Festivalului \u201eLucian Blaga&#8221; Sebe\u0219, edi\u021bia a XLI-a, 2021, \u00eencep \u00een prima zi de m\u0103r\u021bi\u0219or"}]},{"@type":"WebSite","@id":"https:\/\/urbeamea.ro\/albaiulia\/#website","url":"https:\/\/urbeamea.ro\/albaiulia\/","name":"Revista Urbea Mea, Stiri urbane","description":"Evenimente \u0219i \u0219tiri din Alba Iulia, Sebe\u0219, Aiud, Blaj","potentialAction":[{"@type":"SearchAction","target":{"@type":"EntryPoint","urlTemplate":"https:\/\/urbeamea.ro\/albaiulia\/?s={search_term_string}"},"query-input":{"@type":"PropertyValueSpecification","valueRequired":true,"valueName":"search_term_string"}}],"inLanguage":"ro-RO"},{"@type":"Person","@id":"https:\/\/urbeamea.ro\/albaiulia\/#\/schema\/person\/9700d21fae21c4f038b0b56f4506264a","name":"Cristina Ganga","image":{"@type":"ImageObject","inLanguage":"ro-RO","@id":"https:\/\/secure.gravatar.com\/avatar\/5a67661041f057b4a8ccaf26f5a8e86e2689372006d01faf3dd9eeb10b654bb4?s=96&d=mm&r=g","url":"https:\/\/secure.gravatar.com\/avatar\/5a67661041f057b4a8ccaf26f5a8e86e2689372006d01faf3dd9eeb10b654bb4?s=96&d=mm&r=g","contentUrl":"https:\/\/secure.gravatar.com\/avatar\/5a67661041f057b4a8ccaf26f5a8e86e2689372006d01faf3dd9eeb10b654bb4?s=96&d=mm&r=g","caption":"Cristina Ganga"},"description":"Jurnalist","sameAs":["https:\/\/www.facebook.com\/cristina.nicola.587"],"url":"https:\/\/urbeamea.ro\/albaiulia\/author\/cristina-nicola\/"}]}},"_links":{"self":[{"href":"https:\/\/urbeamea.ro\/albaiulia\/wp-json\/wp\/v2\/posts\/94551","targetHints":{"allow":["GET"]}}],"collection":[{"href":"https:\/\/urbeamea.ro\/albaiulia\/wp-json\/wp\/v2\/posts"}],"about":[{"href":"https:\/\/urbeamea.ro\/albaiulia\/wp-json\/wp\/v2\/types\/post"}],"author":[{"embeddable":true,"href":"https:\/\/urbeamea.ro\/albaiulia\/wp-json\/wp\/v2\/users\/17"}],"replies":[{"embeddable":true,"href":"https:\/\/urbeamea.ro\/albaiulia\/wp-json\/wp\/v2\/comments?post=94551"}],"version-history":[{"count":1,"href":"https:\/\/urbeamea.ro\/albaiulia\/wp-json\/wp\/v2\/posts\/94551\/revisions"}],"predecessor-version":[{"id":94553,"href":"https:\/\/urbeamea.ro\/albaiulia\/wp-json\/wp\/v2\/posts\/94551\/revisions\/94553"}],"wp:featuredmedia":[{"embeddable":true,"href":"https:\/\/urbeamea.ro\/albaiulia\/wp-json\/wp\/v2\/media\/94552"}],"wp:attachment":[{"href":"https:\/\/urbeamea.ro\/albaiulia\/wp-json\/wp\/v2\/media?parent=94551"}],"wp:term":[{"taxonomy":"category","embeddable":true,"href":"https:\/\/urbeamea.ro\/albaiulia\/wp-json\/wp\/v2\/categories?post=94551"},{"taxonomy":"post_tag","embeddable":true,"href":"https:\/\/urbeamea.ro\/albaiulia\/wp-json\/wp\/v2\/tags?post=94551"}],"curies":[{"name":"wp","href":"https:\/\/api.w.org\/{rel}","templated":true}]}}