{"id":94889,"date":"2021-03-23T19:43:19","date_gmt":"2021-03-23T17:43:19","guid":{"rendered":"https:\/\/urbeamea.ro\/albaiulia\/?p=94889"},"modified":"2021-03-23T19:43:21","modified_gmt":"2021-03-23T17:43:21","slug":"nicolae-bretan-omagiat-la-alba-iulia-de-biblioteca-judeteana-lucian-blaga-alba","status":"publish","type":"post","link":"https:\/\/urbeamea.ro\/albaiulia\/nicolae-bretan-omagiat-la-alba-iulia-de-biblioteca-judeteana-lucian-blaga-alba\/","title":{"rendered":"Nicolae Bretan omagiat la Alba Iulia de Biblioteca Jude\u021bean\u0103 \u201eLucian Blaga\u201d Alba"},"content":{"rendered":"\n<h2 class=\"wp-block-heading\">Consiliul Jude\u021bean Alba \u0219i Biblioteca Jude\u021bean\u0103 \u201eLucian Blaga\u201d Alba \u00eel omagiaz\u0103, joi, 25 martie 2021 pe compozitorul, baritonul \u0219i regizorul Nicolae Bretan. Cu acest prilej, cei care doresc s\u0103 cunoasc\u0103 \u00eendeaproape fragmente din via\u021ba \u0219i opera compozitorului pot accesa pagina de Facebook a Bibliotecii Jude\u021bene \u201eLucian Blaga\u201d Alba, unde vor g\u0103si pe tot parcursul zilei urm\u0103toarele informa\u021bii:<\/h2>\n\n\n\n<p class=\"wp-block-paragraph\">&#8211; Medalion literar \u2013 Nicolae Bretan;<\/p>\n\n\n\n<p class=\"wp-block-paragraph\">&#8211; Recomandare carte adul\u021bi: BRETAN, Judit, Uraganul: O via\u0163\u0103 pentru Nicolae Bretan: M\u0103rturie \u00een fragmente, Cluj-Napoca, Casa C\u0103r\u0163ii de \u015etiin\u0163\u0103, 2013;<\/p>\n\n\n\n<p class=\"wp-block-paragraph\">&#8211; Citatul zilei preluat din cartea de memori \u201eUraganul. O via\u0163\u0103 pentru Nicolae Bretan. M\u0103rturie \u00een fragmente, autoare Judit Bretan;<\/p>\n\n\n\n<p class=\"wp-block-paragraph\">&#8211; \u0218tia\u021bi c\u0103\u2026? Informa\u021bii inedite despre compozitorul Nicolae Bretan;<\/p>\n\n\n\n<p class=\"wp-block-paragraph\">&#8211; Memoria cultural\u0103 a locului \u00een jude\u021bul Alba: Povestea bustului lui Nicolae Bretan, d\u0103ruit de fiica sa ora\u0219ului Marii Uniri;<\/p>\n\n\n\n<p class=\"wp-block-paragraph\">Tot \u00een data de 25 martie 2021, cu \u00eencepere de la ora 12:00, reprezentan\u021bii institu\u021biilor organizatoare vor depune jerbe \u0219i coroane de flori la statuia compozitorului din ora\u0219ul de jos al municipiului Alba Iulia. Av\u00e2nd \u00een vedere situa\u021bia creat\u0103 de apari\u021bia pandemiei de coronavirus, organizatorii vor lua toate m\u0103surile impuse de autorit\u0103\u021bi pentru a \u00eempiedica r\u0103sp\u00e2ndirea virusului Sars-Cov-2.<\/p>\n\n\n\n<p class=\"wp-block-paragraph\">N\u0103scut la 25 martie 1887, la N\u0103s\u0103ud, Nicolae Bretan a studiat la Conservatorul din Cluj \u015fi la Academiile de Muzic\u0103 din Viena \u015fi Budapesta. \u015ei-a dedicat o mare parte din via\u0163\u0103 at\u00e2t Operei Rom\u00e2ne c\u00e2t \u0219i Operei Maghiare din Cluj-Napoca, mai \u00eent\u00e2i ca bariton, apoi ca director de scen\u0103 \u015fi, \u00een final, ca director general al institu\u0163iei. A compus 230 de c\u00e2ntece pe versuri ale marilor poe\u0163i rom\u00e2ni, maghiari \u015fi germani, cinci opere, numeroase lucrari religioase \u015fi un Requiem pentru voce solo (sau cor) \u015fi org\u0103. Dintre operele sale, patru au fost opere \u00eentr-un act: \u201eGolem\u201d, \u201eLuceaf\u0103rul\u201d, \u201eArald\u201d \u0219i \u201eEroii de la Rovine\u201d \u015fi una \u00een trei acte: opera \u201eHoria\u201d dedicat\u0103 conduc\u0103tprului r\u0103scoalei din 1784, din Mun\u021bii Apuseni.<\/p>\n\n\n\n<p class=\"wp-block-paragraph\">Bustul lui Nicolae Bretan este situat \u00een Parcul \u201eLucian Blaga\u201d din centrul municipiului Alba Iulia \u0219i este opera a artistei Ana Rus. Bustul lucrat \u00een broz a fost donat municipalit\u0103\u021bii \u00een anul 2012 de c\u0103tre Judit Bretan, fiica compozitorului, cu prilejul Zilei Na\u021bionale a Rom\u00e2niei \u0219i a desf\u0103\u0219ur\u0103rii la Alba Iulia a Congresului Spiritualit\u0103\u021bii Rom\u00e2ne\u0219ti. Cu acela\u0219i prilej, Judit Bretan a donat Bibliotecii Jude\u021bene \u201eLucian Blaga\u201d Alba volumul \u201eUraganul. O via\u021b\u0103 pentru Nicolae Bretan. M\u0103rturie \u00een fragmente\u201d, scris chiar de d\u00e2nsa, carte \u00eenso\u021bit\u0103 de un CD audio, despre care autoarea m\u0103rturise\u0219te: \u201eAm convingerea ferm\u0103 c\u0103 prin apari\u0163ia sub form\u0103 de carte a m\u0103rturiei mele despre via\u0163a \u015fi opera lui Nicolae Bretan se va ivi \u015fansa ca toat\u0103 lumea s\u0103 afle ce p\u0103cat au s\u0103v\u00e2r\u015fit \u00eempotriva lui aceia care au c\u0103lcat \u00een picioare un suflet de artist \u015fi \u00eencearc\u0103 p\u00e2n\u0103 \u00een ziua de azi s\u0103 treac\u0103 sub t\u0103cere crea\u0163ia sa muzical\u0103. Am scris aceast\u0103 carte fiindc\u0103 vreau ca lumea s\u0103 ia cuno\u015ftin\u0163\u0103 despre toate acestea.\u201d &nbsp;<\/p>\n","protected":false},"excerpt":{"rendered":"<p>Consiliul Jude\u021bean Alba \u0219i Biblioteca Jude\u021bean\u0103 \u201eLucian Blaga\u201d Alba \u00eel omagiaz\u0103, joi, 25 martie 2021 pe compozitorul, baritonul \u0219i regizorul Nicolae Bretan. Cu acest prilej, cei care doresc s\u0103 cunoasc\u0103 \u00eendeaproape fragmente din via\u021ba \u0219i opera compozitorului pot accesa pagina de Facebook a Bibliotecii Jude\u021bene \u201eLucian Blaga\u201d Alba, unde vor g\u0103si pe tot parcursul zilei &hellip;<\/p>\n","protected":false},"author":17,"featured_media":94890,"comment_status":"open","ping_status":"open","sticky":false,"template":"","format":"standard","meta":{"inline_featured_image":false,"footnotes":""},"categories":[2038],"tags":[17081,22595,22593,22594],"class_list":["post-94889","post","type-post","status-publish","format-standard","has-post-thumbnail","hentry","category-cultura","tag-biblioteca-judeteana-lucian-blaga-alba-2","tag-medalion-literar","tag-nicolae-bretan","tag-omagiat-la-alba-iulia"],"yoast_head":"<!-- This site is optimized with the Yoast SEO plugin v28.3 - https:\/\/yoast.com\/product\/yoast-seo-wordpress\/ -->\n<title>Nicolae Bretan omagiat la Alba Iulia de Biblioteca Jude\u021bean\u0103 \u201eLucian Blaga\u201d Alba - Revista Urbea Mea - Revista de Alba<\/title>\n<meta name=\"description\" content=\"Consiliul Jude\u021bean Alba \u0219i Biblioteca Jude\u021bean\u0103 \u201eLucian Blaga\u201d Alba \u00eel omagiaz\u0103, joi, 25 martie 2021 pe compozitorul, baritonul \u0219i regizorul Nicolae\" \/>\n<meta name=\"robots\" content=\"index, follow, max-snippet:-1, max-image-preview:large, max-video-preview:-1\" \/>\n<link rel=\"canonical\" href=\"https:\/\/urbeamea.ro\/albaiulia\/nicolae-bretan-omagiat-la-alba-iulia-de-biblioteca-judeteana-lucian-blaga-alba\/\" \/>\n<meta name=\"twitter:card\" content=\"summary_large_image\" \/>\n<meta name=\"twitter:title\" content=\"Nicolae Bretan omagiat la Alba Iulia de Biblioteca Jude\u021bean\u0103 \u201eLucian Blaga\u201d Alba - Revista Urbea Mea - Revista de Alba\" \/>\n<meta name=\"twitter:description\" content=\"Consiliul Jude\u021bean Alba \u0219i Biblioteca Jude\u021bean\u0103 \u201eLucian Blaga\u201d Alba \u00eel omagiaz\u0103, joi, 25 martie 2021 pe compozitorul, baritonul \u0219i regizorul Nicolae\" \/>\n<meta name=\"twitter:image\" content=\"https:\/\/urbeamea.ro\/albaiulia\/wp-content\/uploads\/2021\/03\/Bretan-ora-14.jpg\" \/>\n<meta name=\"twitter:creator\" content=\"@urbeameaweb\" \/>\n<meta name=\"twitter:site\" content=\"@urbeameaweb\" \/>\n<script type=\"application\/ld+json\" class=\"yoast-schema-graph\">{\"@context\":\"https:\\\/\\\/schema.org\",\"@graph\":[{\"@type\":\"Article\",\"@id\":\"https:\\\/\\\/urbeamea.ro\\\/albaiulia\\\/nicolae-bretan-omagiat-la-alba-iulia-de-biblioteca-judeteana-lucian-blaga-alba\\\/#article\",\"isPartOf\":{\"@id\":\"https:\\\/\\\/urbeamea.ro\\\/albaiulia\\\/nicolae-bretan-omagiat-la-alba-iulia-de-biblioteca-judeteana-lucian-blaga-alba\\\/\"},\"author\":{\"name\":\"Cristina Ganga\",\"@id\":\"https:\\\/\\\/urbeamea.ro\\\/albaiulia\\\/#\\\/schema\\\/person\\\/9700d21fae21c4f038b0b56f4506264a\"},\"headline\":\"Nicolae Bretan omagiat la Alba Iulia de Biblioteca Jude\u021bean\u0103 \u201eLucian Blaga\u201d Alba\",\"datePublished\":\"2021-03-23T17:43:19+00:00\",\"dateModified\":\"2021-03-23T17:43:21+00:00\",\"mainEntityOfPage\":{\"@id\":\"https:\\\/\\\/urbeamea.ro\\\/albaiulia\\\/nicolae-bretan-omagiat-la-alba-iulia-de-biblioteca-judeteana-lucian-blaga-alba\\\/\"},\"wordCount\":545,\"commentCount\":0,\"image\":{\"@id\":\"https:\\\/\\\/urbeamea.ro\\\/albaiulia\\\/nicolae-bretan-omagiat-la-alba-iulia-de-biblioteca-judeteana-lucian-blaga-alba\\\/#primaryimage\"},\"thumbnailUrl\":\"https:\\\/\\\/urbeamea.ro\\\/albaiulia\\\/wp-content\\\/uploads\\\/2021\\\/03\\\/Bretan-ora-14.jpg\",\"keywords\":[\"biblioteca judeteana lucian blaga alba\",\"medalion literar\",\"nicolae bretan\",\"omagiat la alba iulia\"],\"articleSection\":[\"Cultur\u0103\"],\"inLanguage\":\"ro-RO\",\"potentialAction\":[{\"@type\":\"CommentAction\",\"name\":\"Comment\",\"target\":[\"https:\\\/\\\/urbeamea.ro\\\/albaiulia\\\/nicolae-bretan-omagiat-la-alba-iulia-de-biblioteca-judeteana-lucian-blaga-alba\\\/#respond\"]}]},{\"@type\":\"WebPage\",\"@id\":\"https:\\\/\\\/urbeamea.ro\\\/albaiulia\\\/nicolae-bretan-omagiat-la-alba-iulia-de-biblioteca-judeteana-lucian-blaga-alba\\\/\",\"url\":\"https:\\\/\\\/urbeamea.ro\\\/albaiulia\\\/nicolae-bretan-omagiat-la-alba-iulia-de-biblioteca-judeteana-lucian-blaga-alba\\\/\",\"name\":\"Nicolae Bretan omagiat la Alba Iulia de Biblioteca Jude\u021bean\u0103 \u201eLucian Blaga\u201d Alba - Revista Urbea Mea - Revista de Alba\",\"isPartOf\":{\"@id\":\"https:\\\/\\\/urbeamea.ro\\\/albaiulia\\\/#website\"},\"primaryImageOfPage\":{\"@id\":\"https:\\\/\\\/urbeamea.ro\\\/albaiulia\\\/nicolae-bretan-omagiat-la-alba-iulia-de-biblioteca-judeteana-lucian-blaga-alba\\\/#primaryimage\"},\"image\":{\"@id\":\"https:\\\/\\\/urbeamea.ro\\\/albaiulia\\\/nicolae-bretan-omagiat-la-alba-iulia-de-biblioteca-judeteana-lucian-blaga-alba\\\/#primaryimage\"},\"thumbnailUrl\":\"https:\\\/\\\/urbeamea.ro\\\/albaiulia\\\/wp-content\\\/uploads\\\/2021\\\/03\\\/Bretan-ora-14.jpg\",\"datePublished\":\"2021-03-23T17:43:19+00:00\",\"dateModified\":\"2021-03-23T17:43:21+00:00\",\"author\":{\"@id\":\"https:\\\/\\\/urbeamea.ro\\\/albaiulia\\\/#\\\/schema\\\/person\\\/9700d21fae21c4f038b0b56f4506264a\"},\"description\":\"Consiliul Jude\u021bean Alba \u0219i Biblioteca Jude\u021bean\u0103 \u201eLucian Blaga\u201d Alba \u00eel omagiaz\u0103, joi, 25 martie 2021 pe compozitorul, baritonul \u0219i regizorul Nicolae\",\"breadcrumb\":{\"@id\":\"https:\\\/\\\/urbeamea.ro\\\/albaiulia\\\/nicolae-bretan-omagiat-la-alba-iulia-de-biblioteca-judeteana-lucian-blaga-alba\\\/#breadcrumb\"},\"inLanguage\":\"ro-RO\",\"potentialAction\":[{\"@type\":\"ReadAction\",\"target\":[\"https:\\\/\\\/urbeamea.ro\\\/albaiulia\\\/nicolae-bretan-omagiat-la-alba-iulia-de-biblioteca-judeteana-lucian-blaga-alba\\\/\"]}]},{\"@type\":\"ImageObject\",\"inLanguage\":\"ro-RO\",\"@id\":\"https:\\\/\\\/urbeamea.ro\\\/albaiulia\\\/nicolae-bretan-omagiat-la-alba-iulia-de-biblioteca-judeteana-lucian-blaga-alba\\\/#primaryimage\",\"url\":\"https:\\\/\\\/urbeamea.ro\\\/albaiulia\\\/wp-content\\\/uploads\\\/2021\\\/03\\\/Bretan-ora-14.jpg\",\"contentUrl\":\"https:\\\/\\\/urbeamea.ro\\\/albaiulia\\\/wp-content\\\/uploads\\\/2021\\\/03\\\/Bretan-ora-14.jpg\",\"width\":857,\"height\":1200},{\"@type\":\"BreadcrumbList\",\"@id\":\"https:\\\/\\\/urbeamea.ro\\\/albaiulia\\\/nicolae-bretan-omagiat-la-alba-iulia-de-biblioteca-judeteana-lucian-blaga-alba\\\/#breadcrumb\",\"itemListElement\":[{\"@type\":\"ListItem\",\"position\":1,\"name\":\"Prima pagin\u0103\",\"item\":\"https:\\\/\\\/urbeamea.ro\\\/albaiulia\\\/\"},{\"@type\":\"ListItem\",\"position\":2,\"name\":\"Nicolae Bretan omagiat la Alba Iulia de Biblioteca Jude\u021bean\u0103 \u201eLucian Blaga\u201d Alba\"}]},{\"@type\":\"WebSite\",\"@id\":\"https:\\\/\\\/urbeamea.ro\\\/albaiulia\\\/#website\",\"url\":\"https:\\\/\\\/urbeamea.ro\\\/albaiulia\\\/\",\"name\":\"Revista Urbea Mea, Stiri urbane\",\"description\":\"Evenimente \u0219i \u0219tiri din Alba Iulia, Sebe\u0219, Aiud, Blaj\",\"potentialAction\":[{\"@type\":\"SearchAction\",\"target\":{\"@type\":\"EntryPoint\",\"urlTemplate\":\"https:\\\/\\\/urbeamea.ro\\\/albaiulia\\\/?s={search_term_string}\"},\"query-input\":{\"@type\":\"PropertyValueSpecification\",\"valueRequired\":true,\"valueName\":\"search_term_string\"}}],\"inLanguage\":\"ro-RO\"},{\"@type\":\"Person\",\"@id\":\"https:\\\/\\\/urbeamea.ro\\\/albaiulia\\\/#\\\/schema\\\/person\\\/9700d21fae21c4f038b0b56f4506264a\",\"name\":\"Cristina Ganga\",\"image\":{\"@type\":\"ImageObject\",\"inLanguage\":\"ro-RO\",\"@id\":\"https:\\\/\\\/secure.gravatar.com\\\/avatar\\\/5a67661041f057b4a8ccaf26f5a8e86e2689372006d01faf3dd9eeb10b654bb4?s=96&d=mm&r=g\",\"url\":\"https:\\\/\\\/secure.gravatar.com\\\/avatar\\\/5a67661041f057b4a8ccaf26f5a8e86e2689372006d01faf3dd9eeb10b654bb4?s=96&d=mm&r=g\",\"contentUrl\":\"https:\\\/\\\/secure.gravatar.com\\\/avatar\\\/5a67661041f057b4a8ccaf26f5a8e86e2689372006d01faf3dd9eeb10b654bb4?s=96&d=mm&r=g\",\"caption\":\"Cristina Ganga\"},\"description\":\"Jurnalist\",\"sameAs\":[\"https:\\\/\\\/www.facebook.com\\\/cristina.nicola.587\"],\"url\":\"https:\\\/\\\/urbeamea.ro\\\/albaiulia\\\/author\\\/cristina-nicola\\\/\"}]}<\/script>\n<!-- \/ Yoast SEO plugin. -->","yoast_head_json":{"title":"Nicolae Bretan omagiat la Alba Iulia de Biblioteca Jude\u021bean\u0103 \u201eLucian Blaga\u201d Alba - Revista Urbea Mea - Revista de Alba","description":"Consiliul Jude\u021bean Alba \u0219i Biblioteca Jude\u021bean\u0103 \u201eLucian Blaga\u201d Alba \u00eel omagiaz\u0103, joi, 25 martie 2021 pe compozitorul, baritonul \u0219i regizorul Nicolae","robots":{"index":"index","follow":"follow","max-snippet":"max-snippet:-1","max-image-preview":"max-image-preview:large","max-video-preview":"max-video-preview:-1"},"canonical":"https:\/\/urbeamea.ro\/albaiulia\/nicolae-bretan-omagiat-la-alba-iulia-de-biblioteca-judeteana-lucian-blaga-alba\/","twitter_card":"summary_large_image","twitter_title":"Nicolae Bretan omagiat la Alba Iulia de Biblioteca Jude\u021bean\u0103 \u201eLucian Blaga\u201d Alba - Revista Urbea Mea - Revista de Alba","twitter_description":"Consiliul Jude\u021bean Alba \u0219i Biblioteca Jude\u021bean\u0103 \u201eLucian Blaga\u201d Alba \u00eel omagiaz\u0103, joi, 25 martie 2021 pe compozitorul, baritonul \u0219i regizorul Nicolae","twitter_image":"https:\/\/urbeamea.ro\/albaiulia\/wp-content\/uploads\/2021\/03\/Bretan-ora-14.jpg","twitter_creator":"@urbeameaweb","twitter_site":"@urbeameaweb","schema":{"@context":"https:\/\/schema.org","@graph":[{"@type":"Article","@id":"https:\/\/urbeamea.ro\/albaiulia\/nicolae-bretan-omagiat-la-alba-iulia-de-biblioteca-judeteana-lucian-blaga-alba\/#article","isPartOf":{"@id":"https:\/\/urbeamea.ro\/albaiulia\/nicolae-bretan-omagiat-la-alba-iulia-de-biblioteca-judeteana-lucian-blaga-alba\/"},"author":{"name":"Cristina Ganga","@id":"https:\/\/urbeamea.ro\/albaiulia\/#\/schema\/person\/9700d21fae21c4f038b0b56f4506264a"},"headline":"Nicolae Bretan omagiat la Alba Iulia de Biblioteca Jude\u021bean\u0103 \u201eLucian Blaga\u201d Alba","datePublished":"2021-03-23T17:43:19+00:00","dateModified":"2021-03-23T17:43:21+00:00","mainEntityOfPage":{"@id":"https:\/\/urbeamea.ro\/albaiulia\/nicolae-bretan-omagiat-la-alba-iulia-de-biblioteca-judeteana-lucian-blaga-alba\/"},"wordCount":545,"commentCount":0,"image":{"@id":"https:\/\/urbeamea.ro\/albaiulia\/nicolae-bretan-omagiat-la-alba-iulia-de-biblioteca-judeteana-lucian-blaga-alba\/#primaryimage"},"thumbnailUrl":"https:\/\/urbeamea.ro\/albaiulia\/wp-content\/uploads\/2021\/03\/Bretan-ora-14.jpg","keywords":["biblioteca judeteana lucian blaga alba","medalion literar","nicolae bretan","omagiat la alba iulia"],"articleSection":["Cultur\u0103"],"inLanguage":"ro-RO","potentialAction":[{"@type":"CommentAction","name":"Comment","target":["https:\/\/urbeamea.ro\/albaiulia\/nicolae-bretan-omagiat-la-alba-iulia-de-biblioteca-judeteana-lucian-blaga-alba\/#respond"]}]},{"@type":"WebPage","@id":"https:\/\/urbeamea.ro\/albaiulia\/nicolae-bretan-omagiat-la-alba-iulia-de-biblioteca-judeteana-lucian-blaga-alba\/","url":"https:\/\/urbeamea.ro\/albaiulia\/nicolae-bretan-omagiat-la-alba-iulia-de-biblioteca-judeteana-lucian-blaga-alba\/","name":"Nicolae Bretan omagiat la Alba Iulia de Biblioteca Jude\u021bean\u0103 \u201eLucian Blaga\u201d Alba - Revista Urbea Mea - Revista de Alba","isPartOf":{"@id":"https:\/\/urbeamea.ro\/albaiulia\/#website"},"primaryImageOfPage":{"@id":"https:\/\/urbeamea.ro\/albaiulia\/nicolae-bretan-omagiat-la-alba-iulia-de-biblioteca-judeteana-lucian-blaga-alba\/#primaryimage"},"image":{"@id":"https:\/\/urbeamea.ro\/albaiulia\/nicolae-bretan-omagiat-la-alba-iulia-de-biblioteca-judeteana-lucian-blaga-alba\/#primaryimage"},"thumbnailUrl":"https:\/\/urbeamea.ro\/albaiulia\/wp-content\/uploads\/2021\/03\/Bretan-ora-14.jpg","datePublished":"2021-03-23T17:43:19+00:00","dateModified":"2021-03-23T17:43:21+00:00","author":{"@id":"https:\/\/urbeamea.ro\/albaiulia\/#\/schema\/person\/9700d21fae21c4f038b0b56f4506264a"},"description":"Consiliul Jude\u021bean Alba \u0219i Biblioteca Jude\u021bean\u0103 \u201eLucian Blaga\u201d Alba \u00eel omagiaz\u0103, joi, 25 martie 2021 pe compozitorul, baritonul \u0219i regizorul Nicolae","breadcrumb":{"@id":"https:\/\/urbeamea.ro\/albaiulia\/nicolae-bretan-omagiat-la-alba-iulia-de-biblioteca-judeteana-lucian-blaga-alba\/#breadcrumb"},"inLanguage":"ro-RO","potentialAction":[{"@type":"ReadAction","target":["https:\/\/urbeamea.ro\/albaiulia\/nicolae-bretan-omagiat-la-alba-iulia-de-biblioteca-judeteana-lucian-blaga-alba\/"]}]},{"@type":"ImageObject","inLanguage":"ro-RO","@id":"https:\/\/urbeamea.ro\/albaiulia\/nicolae-bretan-omagiat-la-alba-iulia-de-biblioteca-judeteana-lucian-blaga-alba\/#primaryimage","url":"https:\/\/urbeamea.ro\/albaiulia\/wp-content\/uploads\/2021\/03\/Bretan-ora-14.jpg","contentUrl":"https:\/\/urbeamea.ro\/albaiulia\/wp-content\/uploads\/2021\/03\/Bretan-ora-14.jpg","width":857,"height":1200},{"@type":"BreadcrumbList","@id":"https:\/\/urbeamea.ro\/albaiulia\/nicolae-bretan-omagiat-la-alba-iulia-de-biblioteca-judeteana-lucian-blaga-alba\/#breadcrumb","itemListElement":[{"@type":"ListItem","position":1,"name":"Prima pagin\u0103","item":"https:\/\/urbeamea.ro\/albaiulia\/"},{"@type":"ListItem","position":2,"name":"Nicolae Bretan omagiat la Alba Iulia de Biblioteca Jude\u021bean\u0103 \u201eLucian Blaga\u201d Alba"}]},{"@type":"WebSite","@id":"https:\/\/urbeamea.ro\/albaiulia\/#website","url":"https:\/\/urbeamea.ro\/albaiulia\/","name":"Revista Urbea Mea, Stiri urbane","description":"Evenimente \u0219i \u0219tiri din Alba Iulia, Sebe\u0219, Aiud, Blaj","potentialAction":[{"@type":"SearchAction","target":{"@type":"EntryPoint","urlTemplate":"https:\/\/urbeamea.ro\/albaiulia\/?s={search_term_string}"},"query-input":{"@type":"PropertyValueSpecification","valueRequired":true,"valueName":"search_term_string"}}],"inLanguage":"ro-RO"},{"@type":"Person","@id":"https:\/\/urbeamea.ro\/albaiulia\/#\/schema\/person\/9700d21fae21c4f038b0b56f4506264a","name":"Cristina Ganga","image":{"@type":"ImageObject","inLanguage":"ro-RO","@id":"https:\/\/secure.gravatar.com\/avatar\/5a67661041f057b4a8ccaf26f5a8e86e2689372006d01faf3dd9eeb10b654bb4?s=96&d=mm&r=g","url":"https:\/\/secure.gravatar.com\/avatar\/5a67661041f057b4a8ccaf26f5a8e86e2689372006d01faf3dd9eeb10b654bb4?s=96&d=mm&r=g","contentUrl":"https:\/\/secure.gravatar.com\/avatar\/5a67661041f057b4a8ccaf26f5a8e86e2689372006d01faf3dd9eeb10b654bb4?s=96&d=mm&r=g","caption":"Cristina Ganga"},"description":"Jurnalist","sameAs":["https:\/\/www.facebook.com\/cristina.nicola.587"],"url":"https:\/\/urbeamea.ro\/albaiulia\/author\/cristina-nicola\/"}]}},"_links":{"self":[{"href":"https:\/\/urbeamea.ro\/albaiulia\/wp-json\/wp\/v2\/posts\/94889","targetHints":{"allow":["GET"]}}],"collection":[{"href":"https:\/\/urbeamea.ro\/albaiulia\/wp-json\/wp\/v2\/posts"}],"about":[{"href":"https:\/\/urbeamea.ro\/albaiulia\/wp-json\/wp\/v2\/types\/post"}],"author":[{"embeddable":true,"href":"https:\/\/urbeamea.ro\/albaiulia\/wp-json\/wp\/v2\/users\/17"}],"replies":[{"embeddable":true,"href":"https:\/\/urbeamea.ro\/albaiulia\/wp-json\/wp\/v2\/comments?post=94889"}],"version-history":[{"count":1,"href":"https:\/\/urbeamea.ro\/albaiulia\/wp-json\/wp\/v2\/posts\/94889\/revisions"}],"predecessor-version":[{"id":94891,"href":"https:\/\/urbeamea.ro\/albaiulia\/wp-json\/wp\/v2\/posts\/94889\/revisions\/94891"}],"wp:featuredmedia":[{"embeddable":true,"href":"https:\/\/urbeamea.ro\/albaiulia\/wp-json\/wp\/v2\/media\/94890"}],"wp:attachment":[{"href":"https:\/\/urbeamea.ro\/albaiulia\/wp-json\/wp\/v2\/media?parent=94889"}],"wp:term":[{"taxonomy":"category","embeddable":true,"href":"https:\/\/urbeamea.ro\/albaiulia\/wp-json\/wp\/v2\/categories?post=94889"},{"taxonomy":"post_tag","embeddable":true,"href":"https:\/\/urbeamea.ro\/albaiulia\/wp-json\/wp\/v2\/tags?post=94889"}],"curies":[{"name":"wp","href":"https:\/\/api.w.org\/{rel}","templated":true}]}}