{"id":94933,"date":"2021-03-28T20:05:16","date_gmt":"2021-03-28T17:05:16","guid":{"rendered":"https:\/\/urbeamea.ro\/albaiulia\/?p=94933"},"modified":"2021-03-28T20:05:18","modified_gmt":"2021-03-28T17:05:18","slug":"municipiul-sebes-anunt-privind-distribuirea-pachetelor-cu-ajutoare-alimentare-persoanelor-defavorizate-2","status":"publish","type":"post","link":"https:\/\/urbeamea.ro\/albaiulia\/municipiul-sebes-anunt-privind-distribuirea-pachetelor-cu-ajutoare-alimentare-persoanelor-defavorizate-2\/","title":{"rendered":"Municipiul Sebe\u0219: Anun\u021b privind distribuirea pachetelor cu ajutoare alimentare persoanelor defavorizate"},"content":{"rendered":"\n<h2 class=\"wp-block-heading\">Municipiul Sebe\u0219 anun\u021b\u0103 c\u0103 a \u00eenceput campania de distribuire a pachetelor cu ajutoare alimentare c\u0103tre persoanele defavorizate, marginalizate sau aflate \u00een situa\u021bii de vulnerabilitate.&nbsp;<strong>Pachetele cu ajutoare alimentare vor fi distribuite zilnic, de luni p\u00e2n\u0103 joi, \u00een intervalul orar 09:00-16:30 \u0219i vineri, \u00een intervalul 09:00-14:00, la sediul&nbsp;<\/strong><strong>Serviciului Public de Administrare a Patrimoniului Sebe\u0219 (fostul Argos), situat \u00een Sebe\u0219, str. Viilor, nr.28.<\/strong><strong><\/strong><\/h2>\n\n\n\n<p>Pentru acest an, programul va avea un num\u0103r de&nbsp;<strong>376 beneficiari<\/strong>, persoane \u00eencadrate \u00een urm\u0103toarele forme de asisten\u021b\u0103 social\u0103:<\/p>\n\n\n\n<p>&#8211; persoanele c\u0103rora le este stabilit, prin dispozi\u021bia primarului, dreptul la un venit minim garantat, conform Legii nr. 416\/2001, privind venitul minim garantat;<\/p>\n\n\n\n<p>&#8211; familiile beneficiare de aloca\u021bie pentru sus\u021binerea familiei, acordat\u0103 \u00een baza Legii nr. 277\/2010, privind aloca\u021bia pentru sus\u021binerea familiei (titularii \u0219i membrii familiilor acestora).<\/p>\n\n\n\n<p>\u00cen cazul \u00een care va rezulta un excedent de pachete, acestea vor fi distribuite spre persoanele\/familiile aflate temporar \u00een situa\u021bii critice de via\u021b\u0103, respectiv victime ale calamit\u0103\u021bilor, persoane dependente (handicap&nbsp;grav \u0219i accentuat, adul\u021bi \u0219i copii, care nu beneficiaz\u0103 de \u00eengrijire \u00een servicii sociale \u00een regim reziden\u021bial, publice sau private), persoane care se afl\u0103 \u00een situa\u021bii deosebite de vulnerabilitate sau care locuiesc \u00een a\u0219ez\u0103ri informale.<\/p>\n\n\n\n<p>Pachetele cu ajutoare alimentare sunt distribuite prin Programul Opera\u021bional de Ajutorare a Persoanelor Dezavantajate 2014-2020 (POAD), program implementat de Municipiul Sebe\u0219, prin Direc\u021bia de Asisten\u021b\u0103 Social\u0103 Sebe\u0219.<\/p>\n","protected":false},"excerpt":{"rendered":"<p>Municipiul Sebe\u0219 anun\u021b\u0103 c\u0103 a \u00eenceput campania de distribuire a pachetelor cu ajutoare alimentare c\u0103tre persoanele defavorizate, marginalizate sau aflate \u00een situa\u021bii de vulnerabilitate.&nbsp;Pachetele cu ajutoare alimentare vor fi distribuite zilnic, de luni p\u00e2n\u0103 joi, \u00een intervalul orar 09:00-16:30 \u0219i vineri, \u00een intervalul 09:00-14:00, la sediul&nbsp;Serviciului Public de Administrare a Patrimoniului Sebe\u0219 (fostul Argos), situat &hellip;<\/p>\n","protected":false},"author":17,"featured_media":94934,"comment_status":"open","ping_status":"open","sticky":false,"template":"","format":"standard","meta":{"inline_featured_image":false,"footnotes":""},"categories":[2034],"tags":[6193,21267,17300,6194,21269],"class_list":["post-94933","post","type-post","status-publish","format-standard","has-post-thumbnail","hentry","category-social","tag-ajutoare-alimentare","tag-distribuirea-pachetelor","tag-municipiul-sebes","tag-persoane-defavorizate","tag-situatii-de-vulnerabilitate"],"yoast_head":"<!-- This site is optimized with the Yoast SEO plugin v27.4 - https:\/\/yoast.com\/product\/yoast-seo-wordpress\/ -->\n<title>Municipiul Sebe\u0219: Anun\u021b privind distribuirea pachetelor cu ajutoare alimentare persoanelor defavorizate - Revista Urbea Mea - Revista de Alba<\/title>\n<meta name=\"description\" content=\"Municipiul Sebe\u0219 anun\u021b\u0103 c\u0103 a \u00eenceput campania de distribuire a pachetelor cu ajutoare alimentare c\u0103tre persoanele defavorizate, marginalizate sau aflate\" \/>\n<meta name=\"robots\" content=\"index, follow, max-snippet:-1, max-image-preview:large, max-video-preview:-1\" \/>\n<link rel=\"canonical\" href=\"https:\/\/urbeamea.ro\/albaiulia\/municipiul-sebes-anunt-privind-distribuirea-pachetelor-cu-ajutoare-alimentare-persoanelor-defavorizate-2\/\" \/>\n<meta name=\"twitter:card\" content=\"summary_large_image\" \/>\n<meta name=\"twitter:title\" content=\"Municipiul Sebe\u0219: Anun\u021b privind distribuirea pachetelor cu ajutoare alimentare persoanelor defavorizate - Revista Urbea Mea - Revista de Alba\" \/>\n<meta name=\"twitter:description\" content=\"Municipiul Sebe\u0219 anun\u021b\u0103 c\u0103 a \u00eenceput campania de distribuire a pachetelor cu ajutoare alimentare c\u0103tre persoanele defavorizate, marginalizate sau aflate\" \/>\n<meta name=\"twitter:image\" content=\"https:\/\/urbeamea.ro\/albaiulia\/wp-content\/uploads\/2021\/03\/fot-alimente.jpg\" \/>\n<meta name=\"twitter:creator\" content=\"@urbeameaweb\" \/>\n<meta name=\"twitter:site\" content=\"@urbeameaweb\" \/>\n<script type=\"application\/ld+json\" class=\"yoast-schema-graph\">{\"@context\":\"https:\\\/\\\/schema.org\",\"@graph\":[{\"@type\":\"Article\",\"@id\":\"https:\\\/\\\/urbeamea.ro\\\/albaiulia\\\/municipiul-sebes-anunt-privind-distribuirea-pachetelor-cu-ajutoare-alimentare-persoanelor-defavorizate-2\\\/#article\",\"isPartOf\":{\"@id\":\"https:\\\/\\\/urbeamea.ro\\\/albaiulia\\\/municipiul-sebes-anunt-privind-distribuirea-pachetelor-cu-ajutoare-alimentare-persoanelor-defavorizate-2\\\/\"},\"author\":{\"name\":\"Cristina Ganga\",\"@id\":\"https:\\\/\\\/urbeamea.ro\\\/albaiulia\\\/#\\\/schema\\\/person\\\/9700d21fae21c4f038b0b56f4506264a\"},\"headline\":\"Municipiul Sebe\u0219: Anun\u021b privind distribuirea pachetelor cu ajutoare alimentare persoanelor defavorizate\",\"datePublished\":\"2021-03-28T17:05:16+00:00\",\"dateModified\":\"2021-03-28T17:05:18+00:00\",\"mainEntityOfPage\":{\"@id\":\"https:\\\/\\\/urbeamea.ro\\\/albaiulia\\\/municipiul-sebes-anunt-privind-distribuirea-pachetelor-cu-ajutoare-alimentare-persoanelor-defavorizate-2\\\/\"},\"wordCount\":253,\"commentCount\":0,\"image\":{\"@id\":\"https:\\\/\\\/urbeamea.ro\\\/albaiulia\\\/municipiul-sebes-anunt-privind-distribuirea-pachetelor-cu-ajutoare-alimentare-persoanelor-defavorizate-2\\\/#primaryimage\"},\"thumbnailUrl\":\"https:\\\/\\\/urbeamea.ro\\\/albaiulia\\\/wp-content\\\/uploads\\\/2021\\\/03\\\/fot-alimente.jpg\",\"keywords\":[\"ajutoare alimentare\",\"distribuirea pachetelor\",\"municipiul sebes\",\"persoane defavorizate\",\"situatii de vulnerabilitate\"],\"articleSection\":[\"Social\"],\"inLanguage\":\"ro-RO\",\"potentialAction\":[{\"@type\":\"CommentAction\",\"name\":\"Comment\",\"target\":[\"https:\\\/\\\/urbeamea.ro\\\/albaiulia\\\/municipiul-sebes-anunt-privind-distribuirea-pachetelor-cu-ajutoare-alimentare-persoanelor-defavorizate-2\\\/#respond\"]}]},{\"@type\":\"WebPage\",\"@id\":\"https:\\\/\\\/urbeamea.ro\\\/albaiulia\\\/municipiul-sebes-anunt-privind-distribuirea-pachetelor-cu-ajutoare-alimentare-persoanelor-defavorizate-2\\\/\",\"url\":\"https:\\\/\\\/urbeamea.ro\\\/albaiulia\\\/municipiul-sebes-anunt-privind-distribuirea-pachetelor-cu-ajutoare-alimentare-persoanelor-defavorizate-2\\\/\",\"name\":\"Municipiul Sebe\u0219: Anun\u021b privind distribuirea pachetelor cu ajutoare alimentare persoanelor defavorizate - Revista Urbea Mea - Revista de Alba\",\"isPartOf\":{\"@id\":\"https:\\\/\\\/urbeamea.ro\\\/albaiulia\\\/#website\"},\"primaryImageOfPage\":{\"@id\":\"https:\\\/\\\/urbeamea.ro\\\/albaiulia\\\/municipiul-sebes-anunt-privind-distribuirea-pachetelor-cu-ajutoare-alimentare-persoanelor-defavorizate-2\\\/#primaryimage\"},\"image\":{\"@id\":\"https:\\\/\\\/urbeamea.ro\\\/albaiulia\\\/municipiul-sebes-anunt-privind-distribuirea-pachetelor-cu-ajutoare-alimentare-persoanelor-defavorizate-2\\\/#primaryimage\"},\"thumbnailUrl\":\"https:\\\/\\\/urbeamea.ro\\\/albaiulia\\\/wp-content\\\/uploads\\\/2021\\\/03\\\/fot-alimente.jpg\",\"datePublished\":\"2021-03-28T17:05:16+00:00\",\"dateModified\":\"2021-03-28T17:05:18+00:00\",\"author\":{\"@id\":\"https:\\\/\\\/urbeamea.ro\\\/albaiulia\\\/#\\\/schema\\\/person\\\/9700d21fae21c4f038b0b56f4506264a\"},\"description\":\"Municipiul Sebe\u0219 anun\u021b\u0103 c\u0103 a \u00eenceput campania de distribuire a pachetelor cu ajutoare alimentare c\u0103tre persoanele defavorizate, marginalizate sau aflate\",\"breadcrumb\":{\"@id\":\"https:\\\/\\\/urbeamea.ro\\\/albaiulia\\\/municipiul-sebes-anunt-privind-distribuirea-pachetelor-cu-ajutoare-alimentare-persoanelor-defavorizate-2\\\/#breadcrumb\"},\"inLanguage\":\"ro-RO\",\"potentialAction\":[{\"@type\":\"ReadAction\",\"target\":[\"https:\\\/\\\/urbeamea.ro\\\/albaiulia\\\/municipiul-sebes-anunt-privind-distribuirea-pachetelor-cu-ajutoare-alimentare-persoanelor-defavorizate-2\\\/\"]}]},{\"@type\":\"ImageObject\",\"inLanguage\":\"ro-RO\",\"@id\":\"https:\\\/\\\/urbeamea.ro\\\/albaiulia\\\/municipiul-sebes-anunt-privind-distribuirea-pachetelor-cu-ajutoare-alimentare-persoanelor-defavorizate-2\\\/#primaryimage\",\"url\":\"https:\\\/\\\/urbeamea.ro\\\/albaiulia\\\/wp-content\\\/uploads\\\/2021\\\/03\\\/fot-alimente.jpg\",\"contentUrl\":\"https:\\\/\\\/urbeamea.ro\\\/albaiulia\\\/wp-content\\\/uploads\\\/2021\\\/03\\\/fot-alimente.jpg\",\"width\":1200,\"height\":620},{\"@type\":\"BreadcrumbList\",\"@id\":\"https:\\\/\\\/urbeamea.ro\\\/albaiulia\\\/municipiul-sebes-anunt-privind-distribuirea-pachetelor-cu-ajutoare-alimentare-persoanelor-defavorizate-2\\\/#breadcrumb\",\"itemListElement\":[{\"@type\":\"ListItem\",\"position\":1,\"name\":\"Prima pagin\u0103\",\"item\":\"https:\\\/\\\/urbeamea.ro\\\/albaiulia\\\/\"},{\"@type\":\"ListItem\",\"position\":2,\"name\":\"Municipiul Sebe\u0219: Anun\u021b privind distribuirea pachetelor cu ajutoare alimentare persoanelor defavorizate\"}]},{\"@type\":\"WebSite\",\"@id\":\"https:\\\/\\\/urbeamea.ro\\\/albaiulia\\\/#website\",\"url\":\"https:\\\/\\\/urbeamea.ro\\\/albaiulia\\\/\",\"name\":\"Revista Urbea Mea, Stiri urbane\",\"description\":\"Evenimente \u0219i \u0219tiri din Alba Iulia, Sebe\u0219, Aiud, Blaj\",\"potentialAction\":[{\"@type\":\"SearchAction\",\"target\":{\"@type\":\"EntryPoint\",\"urlTemplate\":\"https:\\\/\\\/urbeamea.ro\\\/albaiulia\\\/?s={search_term_string}\"},\"query-input\":{\"@type\":\"PropertyValueSpecification\",\"valueRequired\":true,\"valueName\":\"search_term_string\"}}],\"inLanguage\":\"ro-RO\"},{\"@type\":\"Person\",\"@id\":\"https:\\\/\\\/urbeamea.ro\\\/albaiulia\\\/#\\\/schema\\\/person\\\/9700d21fae21c4f038b0b56f4506264a\",\"name\":\"Cristina Ganga\",\"image\":{\"@type\":\"ImageObject\",\"inLanguage\":\"ro-RO\",\"@id\":\"https:\\\/\\\/secure.gravatar.com\\\/avatar\\\/5a67661041f057b4a8ccaf26f5a8e86e2689372006d01faf3dd9eeb10b654bb4?s=96&d=mm&r=g\",\"url\":\"https:\\\/\\\/secure.gravatar.com\\\/avatar\\\/5a67661041f057b4a8ccaf26f5a8e86e2689372006d01faf3dd9eeb10b654bb4?s=96&d=mm&r=g\",\"contentUrl\":\"https:\\\/\\\/secure.gravatar.com\\\/avatar\\\/5a67661041f057b4a8ccaf26f5a8e86e2689372006d01faf3dd9eeb10b654bb4?s=96&d=mm&r=g\",\"caption\":\"Cristina Ganga\"},\"description\":\"Jurnalist\",\"sameAs\":[\"https:\\\/\\\/www.facebook.com\\\/cristina.nicola.587\"],\"url\":\"https:\\\/\\\/urbeamea.ro\\\/albaiulia\\\/author\\\/cristina-nicola\\\/\"}]}<\/script>\n<!-- \/ Yoast SEO plugin. -->","yoast_head_json":{"title":"Municipiul Sebe\u0219: Anun\u021b privind distribuirea pachetelor cu ajutoare alimentare persoanelor defavorizate - Revista Urbea Mea - Revista de Alba","description":"Municipiul Sebe\u0219 anun\u021b\u0103 c\u0103 a \u00eenceput campania de distribuire a pachetelor cu ajutoare alimentare c\u0103tre persoanele defavorizate, marginalizate sau aflate","robots":{"index":"index","follow":"follow","max-snippet":"max-snippet:-1","max-image-preview":"max-image-preview:large","max-video-preview":"max-video-preview:-1"},"canonical":"https:\/\/urbeamea.ro\/albaiulia\/municipiul-sebes-anunt-privind-distribuirea-pachetelor-cu-ajutoare-alimentare-persoanelor-defavorizate-2\/","twitter_card":"summary_large_image","twitter_title":"Municipiul Sebe\u0219: Anun\u021b privind distribuirea pachetelor cu ajutoare alimentare persoanelor defavorizate - Revista Urbea Mea - Revista de Alba","twitter_description":"Municipiul Sebe\u0219 anun\u021b\u0103 c\u0103 a \u00eenceput campania de distribuire a pachetelor cu ajutoare alimentare c\u0103tre persoanele defavorizate, marginalizate sau aflate","twitter_image":"https:\/\/urbeamea.ro\/albaiulia\/wp-content\/uploads\/2021\/03\/fot-alimente.jpg","twitter_creator":"@urbeameaweb","twitter_site":"@urbeameaweb","schema":{"@context":"https:\/\/schema.org","@graph":[{"@type":"Article","@id":"https:\/\/urbeamea.ro\/albaiulia\/municipiul-sebes-anunt-privind-distribuirea-pachetelor-cu-ajutoare-alimentare-persoanelor-defavorizate-2\/#article","isPartOf":{"@id":"https:\/\/urbeamea.ro\/albaiulia\/municipiul-sebes-anunt-privind-distribuirea-pachetelor-cu-ajutoare-alimentare-persoanelor-defavorizate-2\/"},"author":{"name":"Cristina Ganga","@id":"https:\/\/urbeamea.ro\/albaiulia\/#\/schema\/person\/9700d21fae21c4f038b0b56f4506264a"},"headline":"Municipiul Sebe\u0219: Anun\u021b privind distribuirea pachetelor cu ajutoare alimentare persoanelor defavorizate","datePublished":"2021-03-28T17:05:16+00:00","dateModified":"2021-03-28T17:05:18+00:00","mainEntityOfPage":{"@id":"https:\/\/urbeamea.ro\/albaiulia\/municipiul-sebes-anunt-privind-distribuirea-pachetelor-cu-ajutoare-alimentare-persoanelor-defavorizate-2\/"},"wordCount":253,"commentCount":0,"image":{"@id":"https:\/\/urbeamea.ro\/albaiulia\/municipiul-sebes-anunt-privind-distribuirea-pachetelor-cu-ajutoare-alimentare-persoanelor-defavorizate-2\/#primaryimage"},"thumbnailUrl":"https:\/\/urbeamea.ro\/albaiulia\/wp-content\/uploads\/2021\/03\/fot-alimente.jpg","keywords":["ajutoare alimentare","distribuirea pachetelor","municipiul sebes","persoane defavorizate","situatii de vulnerabilitate"],"articleSection":["Social"],"inLanguage":"ro-RO","potentialAction":[{"@type":"CommentAction","name":"Comment","target":["https:\/\/urbeamea.ro\/albaiulia\/municipiul-sebes-anunt-privind-distribuirea-pachetelor-cu-ajutoare-alimentare-persoanelor-defavorizate-2\/#respond"]}]},{"@type":"WebPage","@id":"https:\/\/urbeamea.ro\/albaiulia\/municipiul-sebes-anunt-privind-distribuirea-pachetelor-cu-ajutoare-alimentare-persoanelor-defavorizate-2\/","url":"https:\/\/urbeamea.ro\/albaiulia\/municipiul-sebes-anunt-privind-distribuirea-pachetelor-cu-ajutoare-alimentare-persoanelor-defavorizate-2\/","name":"Municipiul Sebe\u0219: Anun\u021b privind distribuirea pachetelor cu ajutoare alimentare persoanelor defavorizate - Revista Urbea Mea - Revista de Alba","isPartOf":{"@id":"https:\/\/urbeamea.ro\/albaiulia\/#website"},"primaryImageOfPage":{"@id":"https:\/\/urbeamea.ro\/albaiulia\/municipiul-sebes-anunt-privind-distribuirea-pachetelor-cu-ajutoare-alimentare-persoanelor-defavorizate-2\/#primaryimage"},"image":{"@id":"https:\/\/urbeamea.ro\/albaiulia\/municipiul-sebes-anunt-privind-distribuirea-pachetelor-cu-ajutoare-alimentare-persoanelor-defavorizate-2\/#primaryimage"},"thumbnailUrl":"https:\/\/urbeamea.ro\/albaiulia\/wp-content\/uploads\/2021\/03\/fot-alimente.jpg","datePublished":"2021-03-28T17:05:16+00:00","dateModified":"2021-03-28T17:05:18+00:00","author":{"@id":"https:\/\/urbeamea.ro\/albaiulia\/#\/schema\/person\/9700d21fae21c4f038b0b56f4506264a"},"description":"Municipiul Sebe\u0219 anun\u021b\u0103 c\u0103 a \u00eenceput campania de distribuire a pachetelor cu ajutoare alimentare c\u0103tre persoanele defavorizate, marginalizate sau aflate","breadcrumb":{"@id":"https:\/\/urbeamea.ro\/albaiulia\/municipiul-sebes-anunt-privind-distribuirea-pachetelor-cu-ajutoare-alimentare-persoanelor-defavorizate-2\/#breadcrumb"},"inLanguage":"ro-RO","potentialAction":[{"@type":"ReadAction","target":["https:\/\/urbeamea.ro\/albaiulia\/municipiul-sebes-anunt-privind-distribuirea-pachetelor-cu-ajutoare-alimentare-persoanelor-defavorizate-2\/"]}]},{"@type":"ImageObject","inLanguage":"ro-RO","@id":"https:\/\/urbeamea.ro\/albaiulia\/municipiul-sebes-anunt-privind-distribuirea-pachetelor-cu-ajutoare-alimentare-persoanelor-defavorizate-2\/#primaryimage","url":"https:\/\/urbeamea.ro\/albaiulia\/wp-content\/uploads\/2021\/03\/fot-alimente.jpg","contentUrl":"https:\/\/urbeamea.ro\/albaiulia\/wp-content\/uploads\/2021\/03\/fot-alimente.jpg","width":1200,"height":620},{"@type":"BreadcrumbList","@id":"https:\/\/urbeamea.ro\/albaiulia\/municipiul-sebes-anunt-privind-distribuirea-pachetelor-cu-ajutoare-alimentare-persoanelor-defavorizate-2\/#breadcrumb","itemListElement":[{"@type":"ListItem","position":1,"name":"Prima pagin\u0103","item":"https:\/\/urbeamea.ro\/albaiulia\/"},{"@type":"ListItem","position":2,"name":"Municipiul Sebe\u0219: Anun\u021b privind distribuirea pachetelor cu ajutoare alimentare persoanelor defavorizate"}]},{"@type":"WebSite","@id":"https:\/\/urbeamea.ro\/albaiulia\/#website","url":"https:\/\/urbeamea.ro\/albaiulia\/","name":"Revista Urbea Mea, Stiri urbane","description":"Evenimente \u0219i \u0219tiri din Alba Iulia, Sebe\u0219, Aiud, Blaj","potentialAction":[{"@type":"SearchAction","target":{"@type":"EntryPoint","urlTemplate":"https:\/\/urbeamea.ro\/albaiulia\/?s={search_term_string}"},"query-input":{"@type":"PropertyValueSpecification","valueRequired":true,"valueName":"search_term_string"}}],"inLanguage":"ro-RO"},{"@type":"Person","@id":"https:\/\/urbeamea.ro\/albaiulia\/#\/schema\/person\/9700d21fae21c4f038b0b56f4506264a","name":"Cristina Ganga","image":{"@type":"ImageObject","inLanguage":"ro-RO","@id":"https:\/\/secure.gravatar.com\/avatar\/5a67661041f057b4a8ccaf26f5a8e86e2689372006d01faf3dd9eeb10b654bb4?s=96&d=mm&r=g","url":"https:\/\/secure.gravatar.com\/avatar\/5a67661041f057b4a8ccaf26f5a8e86e2689372006d01faf3dd9eeb10b654bb4?s=96&d=mm&r=g","contentUrl":"https:\/\/secure.gravatar.com\/avatar\/5a67661041f057b4a8ccaf26f5a8e86e2689372006d01faf3dd9eeb10b654bb4?s=96&d=mm&r=g","caption":"Cristina Ganga"},"description":"Jurnalist","sameAs":["https:\/\/www.facebook.com\/cristina.nicola.587"],"url":"https:\/\/urbeamea.ro\/albaiulia\/author\/cristina-nicola\/"}]}},"_links":{"self":[{"href":"https:\/\/urbeamea.ro\/albaiulia\/wp-json\/wp\/v2\/posts\/94933","targetHints":{"allow":["GET"]}}],"collection":[{"href":"https:\/\/urbeamea.ro\/albaiulia\/wp-json\/wp\/v2\/posts"}],"about":[{"href":"https:\/\/urbeamea.ro\/albaiulia\/wp-json\/wp\/v2\/types\/post"}],"author":[{"embeddable":true,"href":"https:\/\/urbeamea.ro\/albaiulia\/wp-json\/wp\/v2\/users\/17"}],"replies":[{"embeddable":true,"href":"https:\/\/urbeamea.ro\/albaiulia\/wp-json\/wp\/v2\/comments?post=94933"}],"version-history":[{"count":1,"href":"https:\/\/urbeamea.ro\/albaiulia\/wp-json\/wp\/v2\/posts\/94933\/revisions"}],"predecessor-version":[{"id":94935,"href":"https:\/\/urbeamea.ro\/albaiulia\/wp-json\/wp\/v2\/posts\/94933\/revisions\/94935"}],"wp:featuredmedia":[{"embeddable":true,"href":"https:\/\/urbeamea.ro\/albaiulia\/wp-json\/wp\/v2\/media\/94934"}],"wp:attachment":[{"href":"https:\/\/urbeamea.ro\/albaiulia\/wp-json\/wp\/v2\/media?parent=94933"}],"wp:term":[{"taxonomy":"category","embeddable":true,"href":"https:\/\/urbeamea.ro\/albaiulia\/wp-json\/wp\/v2\/categories?post=94933"},{"taxonomy":"post_tag","embeddable":true,"href":"https:\/\/urbeamea.ro\/albaiulia\/wp-json\/wp\/v2\/tags?post=94933"}],"curies":[{"name":"wp","href":"https:\/\/api.w.org\/{rel}","templated":true}]}}