{"id":95032,"date":"2021-04-08T09:28:29","date_gmt":"2021-04-08T06:28:29","guid":{"rendered":"https:\/\/urbeamea.ro\/albaiulia\/?p=95032"},"modified":"2021-04-08T09:28:31","modified_gmt":"2021-04-08T06:28:31","slug":"spitalul-din-sebes-111-ani-de-istorie","status":"publish","type":"post","link":"https:\/\/urbeamea.ro\/albaiulia\/spitalul-din-sebes-111-ani-de-istorie\/","title":{"rendered":"Spitalul din Sebe\u0219: 111 ani de istorie"},"content":{"rendered":"\n<h2 class=\"wp-block-heading\">Istoria spitalului din Sebe\u0219 a \u00eenceput \u00een anul 1910, c\u00e2nd urm\u00e2nd ambi\u021bios tradi\u021bia centrelor din Sibiu, Cluj sau Arad, s-a dorit fondarea unui spital care s\u0103 trateze cazurile grave. Fondurile necesare construc\u021biei au provenit de la Prim\u0103ria Sebe\u015f, prin implicarea primarului J. Schopp, din contribu\u0163ia locuitorilor ora\u0219ului \u0219i ai comunelor \u00eenvecinate. Suma nefiind suficient\u0103, a fost atras\u0103 o dona\u0163ie a arhiducesei Sofia, so\u0163ia lui Franz Ferdinand de Habsburg, mo\u015ftenitorul tronului.<\/h2>\n\n\n\n<p>Construc\u0163ia spitalului a \u00eenceput \u00een anul 1910, dup\u0103 planul arhitectului Orend din Sighi\u015foara, sub conducerea direct\u0103 a arhitectului Ludwig Gabanny. Tot \u00een aceast\u0103 perioad\u0103 a fost amenajat \u0219i parcul spitalului, fiind adu\u0219i pomi \u015fi arbori ornamentali.<\/p>\n\n\n\n<p>Spitalul a fost inaugurat \u00een data de 16 noiembrie 1912, cu numele de \u201cSofia\u2019\u2019, denumire pe care a purtat-o p\u00e2n\u0103 \u00een anul 1923. Profilul spitalului era mixt, predomin\u00e2nd specialit\u0103\u0163ile de Chirurgie, Obstetric\u0103 \u2013 ginecologie, Oftalmologie, ORL. De la \u00eenceput, Spitalul \u201eSofia\u201d \u015fi-a creat o reputa\u021bie solid\u0103, fiind c\u0103utat \u0219i de bolnavi din alte localit\u0103\u0163i (Petro\u015fani, Or\u0103\u015ftie, Alba Iulia, Cugir, Aiud, Miercurea, Ighiu). Inspectoratul general sanitar din Cluj considera Spitalul Sofia Sebe\u015f ca \u0219i spital de rang jude\u0163ean. \u00cen scurt timp, paturile fiind insuficiente, s-a m\u0103rit num\u0103rul la 80, ulterior la 100. Din anul 1930, spitalul a beneficiat \u015fi de o farmacie, iar din anul 1933 au fost create Sec\u0163ia de Interne, Radiologia \u0219i Laboratorul. <\/p>\n\n\n\n<p>Dup\u0103 primul r\u0103zboi mondial, spitalul a fost renovat prin grija dr. Atanasie Moga, medicul ora\u015fului, prin lucr\u0103ri care s-au terminat \u00een anul 1921. \u00cen perioada crizei generale din anii 1930-1933, prim\u0103ria fiind \u00een imposibilitatea de a mai finan\u021ba spitalul, acesta este preluat de Casa Central\u0103 de Asigur\u0103ri sociale, pe o perioad\u0103 de 10 ani. Dup\u0103 al doilea r\u0103zboi mondial, spitalul era dotat cu 122 paturi \u015fi avea 5 medici (3 chirurgi \u0219i 2 interni\u015fti), 7 surori, studen\u021bi medicini\u015fti practican\u0163i, 2 medici la Circa urban\u0103 \u0219i 3 medici generali (1 stomatolog) la Ambulatoriul Casei Centrale de Asigur\u0103ri Sociale, plus 6 medici cu cabinete particulare. <\/p>\n\n\n\n<p>Ulterior, dezvoltarea \u0219i extinderea spitalului s-a f\u0103cut \u00een sistem pavilionar, multe sec\u0163ii func\u0163ion\u00e2nd \u00een case na\u0163ionalizate. \u00cen 1948 a fost \u00eenfiin\u0163at\u0103 Policlinica teritorial\u0103, cu 7 servicii de specialitate, la care se adaug\u0103, \u00een 1950, Oftalmologia \u0219i Radiologia, din 1951. Tot \u00een anul 1951, se \u00eenfiin\u0163eaz\u0103 sec\u0163iile ORL, Pediatrie, Obstetric\u0103-ginecologie, \u00een anul 1959 sec\u0163ia Dermato-Venerologie. Din anul 1956, func\u021bioneaz\u0103 Laboratorul Spitalului de analize chimice \u0219i bacteriologice. Din anul 1949, a func\u0163ionat \u015fi un dispensar TBC, iar din anul 1968 &#8211; Sec\u0163ia Fizioterapie \u0219i Recuperare. \u00cen 1968, \u00een locul sta\u0163ionarului TBC se \u00eenfiin\u0163eaz\u0103 Sec\u0163ia Neurologie. Sec\u0163ia Psihiatrie de la Petre\u015fti o consemn\u0103m din anul 1974. Tot dup\u0103 al doilea r\u0103zboi mondial, au ap\u0103rut circumscrip\u0163iile urbane \u0219i dispensarele de interprindere: Circa 1-4. \u201cCPL\u201d, \u201cSebe\u015ful\u201d, \u201cC\u0103prioara\u201d, \u201cIFET\u2019, \u201cH\u00e2rtie Petresti\u201d, etc. \u00cen perioada 1950-1980, num\u0103rul de paturi a crescut de la 122 la 399, num\u0103rul de medici de la 22 la 65 \u015fi cadre medicale de la 54 la 233. \u00cen perioada 1980-1990, s-au construit \u0219i inaugurat sec\u0163iile de Ginecologie \u0219i Nou-n\u0103scu\u0163i (cl\u0103direa nou\u0103, 1984). Sec\u0163ia Dermatologie \u015fi Oftalmologie, m\u0103rirea sec\u0163iei de Pediatrie \u0219i a Policlinicii Stomatologie.<\/p>\n\n\n\n<p>Spitalul Municipal Sebe\u0219 are\u00a0actualmente 231 de paturi spitalizare continu\u0103, 15 paturi spitalizare de zi \u0219i 8 paturi \u00eenso\u021bitori, asigur\u00e2nd servicii medicale pentru ora\u0219ul Sebe\u0219 \u0219i un num\u0103r de 15 comune, o comunitate de peste 60.000 de locuitori.<\/p>\n\n\n\n<p>Serviciile medicale sunt asigurate de o echip\u0103 ce reune\u015fte peste 263 de angaja\u0163i, dintre care 56 sunt medici cu specializare \u00een toate ramurile medicale de baz\u0103: pediatrie, chirurgie pediatric\u0103, ortopedie pediatric\u0103, ORL, dermatovenerologie, reabilitare medical\u0103, infec\u021bioase, cardiologie, neurologie, medicin\u0103 de urgen\u0163\u0103, anestezie \u015fi terapie intensiv\u0103, epidemiologie, servicii paraclinice etc.<\/p>\n\n\n\n<figure class=\"wp-block-gallery columns-3 is-cropped wp-block-gallery-1 is-layout-flex wp-block-gallery-is-layout-flex\"><ul class=\"blocks-gallery-grid\"><li class=\"blocks-gallery-item\"><figure><a href=\"https:\/\/urbeamea.ro\/albaiulia\/wp-content\/uploads\/2021\/04\/AIR_3353.jpg\"><img loading=\"lazy\" decoding=\"async\" width=\"1200\" height=\"800\" src=\"https:\/\/urbeamea.ro\/albaiulia\/wp-content\/uploads\/2021\/04\/AIR_3353.jpg\" alt=\"\" data-id=\"95033\" data-full-url=\"https:\/\/urbeamea.ro\/albaiulia\/wp-content\/uploads\/2021\/04\/AIR_3353.jpg\" data-link=\"https:\/\/urbeamea.ro\/albaiulia\/?attachment_id=95033\" class=\"wp-image-95033\" srcset=\"https:\/\/urbeamea.ro\/albaiulia\/wp-content\/uploads\/2021\/04\/AIR_3353.jpg 1200w, https:\/\/urbeamea.ro\/albaiulia\/wp-content\/uploads\/2021\/04\/AIR_3353-640x427.jpg 640w, https:\/\/urbeamea.ro\/albaiulia\/wp-content\/uploads\/2021\/04\/AIR_3353-150x100.jpg 150w, https:\/\/urbeamea.ro\/albaiulia\/wp-content\/uploads\/2021\/04\/AIR_3353-768x512.jpg 768w\" sizes=\"auto, (max-width: 1200px) 100vw, 1200px\" \/><\/a><\/figure><\/li><li class=\"blocks-gallery-item\"><figure><a href=\"https:\/\/urbeamea.ro\/albaiulia\/wp-content\/uploads\/2021\/04\/AIR_3577.jpg\"><img loading=\"lazy\" decoding=\"async\" width=\"1114\" height=\"1200\" src=\"https:\/\/urbeamea.ro\/albaiulia\/wp-content\/uploads\/2021\/04\/AIR_3577.jpg\" alt=\"\" data-id=\"95034\" data-full-url=\"https:\/\/urbeamea.ro\/albaiulia\/wp-content\/uploads\/2021\/04\/AIR_3577.jpg\" data-link=\"https:\/\/urbeamea.ro\/albaiulia\/?attachment_id=95034\" class=\"wp-image-95034\" srcset=\"https:\/\/urbeamea.ro\/albaiulia\/wp-content\/uploads\/2021\/04\/AIR_3577.jpg 1114w, https:\/\/urbeamea.ro\/albaiulia\/wp-content\/uploads\/2021\/04\/AIR_3577-594x640.jpg 594w, https:\/\/urbeamea.ro\/albaiulia\/wp-content\/uploads\/2021\/04\/AIR_3577-139x150.jpg 139w, https:\/\/urbeamea.ro\/albaiulia\/wp-content\/uploads\/2021\/04\/AIR_3577-768x827.jpg 768w\" sizes=\"auto, (max-width: 1114px) 100vw, 1114px\" \/><\/a><\/figure><\/li><li class=\"blocks-gallery-item\"><figure><a href=\"https:\/\/urbeamea.ro\/albaiulia\/wp-content\/uploads\/2021\/04\/Spital-infectioase-Sebes.jpg\"><img loading=\"lazy\" decoding=\"async\" width=\"1024\" height=\"768\" src=\"https:\/\/urbeamea.ro\/albaiulia\/wp-content\/uploads\/2021\/04\/Spital-infectioase-Sebes.jpg\" alt=\"\" data-id=\"95035\" data-full-url=\"https:\/\/urbeamea.ro\/albaiulia\/wp-content\/uploads\/2021\/04\/Spital-infectioase-Sebes.jpg\" data-link=\"https:\/\/urbeamea.ro\/albaiulia\/?attachment_id=95035\" class=\"wp-image-95035\" srcset=\"https:\/\/urbeamea.ro\/albaiulia\/wp-content\/uploads\/2021\/04\/Spital-infectioase-Sebes.jpg 1024w, https:\/\/urbeamea.ro\/albaiulia\/wp-content\/uploads\/2021\/04\/Spital-infectioase-Sebes-640x480.jpg 640w, https:\/\/urbeamea.ro\/albaiulia\/wp-content\/uploads\/2021\/04\/Spital-infectioase-Sebes-150x113.jpg 150w, https:\/\/urbeamea.ro\/albaiulia\/wp-content\/uploads\/2021\/04\/Spital-infectioase-Sebes-768x576.jpg 768w\" sizes=\"auto, (max-width: 1024px) 100vw, 1024px\" \/><\/a><\/figure><\/li><li class=\"blocks-gallery-item\"><figure><a href=\"https:\/\/urbeamea.ro\/albaiulia\/wp-content\/uploads\/2021\/04\/Spital-Sebes-foto-veche.jpg\"><img loading=\"lazy\" decoding=\"async\" width=\"1200\" height=\"766\" src=\"https:\/\/urbeamea.ro\/albaiulia\/wp-content\/uploads\/2021\/04\/Spital-Sebes-foto-veche.jpg\" alt=\"\" data-id=\"95036\" data-full-url=\"https:\/\/urbeamea.ro\/albaiulia\/wp-content\/uploads\/2021\/04\/Spital-Sebes-foto-veche.jpg\" data-link=\"https:\/\/urbeamea.ro\/albaiulia\/?attachment_id=95036\" class=\"wp-image-95036\" srcset=\"https:\/\/urbeamea.ro\/albaiulia\/wp-content\/uploads\/2021\/04\/Spital-Sebes-foto-veche.jpg 1200w, https:\/\/urbeamea.ro\/albaiulia\/wp-content\/uploads\/2021\/04\/Spital-Sebes-foto-veche-640x409.jpg 640w, https:\/\/urbeamea.ro\/albaiulia\/wp-content\/uploads\/2021\/04\/Spital-Sebes-foto-veche-150x96.jpg 150w, https:\/\/urbeamea.ro\/albaiulia\/wp-content\/uploads\/2021\/04\/Spital-Sebes-foto-veche-768x490.jpg 768w\" sizes=\"auto, (max-width: 1200px) 100vw, 1200px\" \/><\/a><\/figure><\/li><\/ul><\/figure>\n","protected":false},"excerpt":{"rendered":"<p>Istoria spitalului din Sebe\u0219 a \u00eenceput \u00een anul 1910, c\u00e2nd urm\u00e2nd ambi\u021bios tradi\u021bia centrelor din Sibiu, Cluj sau Arad, s-a dorit fondarea unui spital care s\u0103 trateze cazurile grave. Fondurile necesare construc\u021biei au provenit de la Prim\u0103ria Sebe\u015f, prin implicarea primarului J. Schopp, din contribu\u0163ia locuitorilor ora\u0219ului \u0219i ai comunelor \u00eenvecinate. Suma nefiind suficient\u0103, a &hellip;<\/p>\n","protected":false},"author":17,"featured_media":95036,"comment_status":"open","ping_status":"open","sticky":false,"template":"","format":"standard","meta":{"inline_featured_image":false,"footnotes":""},"categories":[255],"tags":[22657,22659,7649,22660,20044,22658],"class_list":["post-95032","post","type-post","status-publish","format-standard","has-post-thumbnail","hentry","category-sanatate","tag-111-ani-de-istorie","tag-arhiducesa-sofia","tag-donatie","tag-sotia-lui-franz-ferdinand-de-habsburg","tag-spitalul-din-sebes","tag-tratare-cazuri-grave"],"yoast_head":"<!-- This site is optimized with the Yoast SEO plugin v27.4 - https:\/\/yoast.com\/product\/yoast-seo-wordpress\/ -->\n<title>Spitalul din Sebe\u0219: 111 ani de istorie - Revista Urbea Mea - Revista de Alba<\/title>\n<meta name=\"description\" content=\"Istoria spitalului din Sebe\u0219 a \u00eenceput \u00een anul 1910, c\u00e2nd urm\u00e2nd ambi\u021bios tradi\u021bia centrelor din Sibiu, Cluj sau Arad, s-a dorit fondarea unui spital care\" \/>\n<meta name=\"robots\" content=\"index, follow, max-snippet:-1, max-image-preview:large, max-video-preview:-1\" \/>\n<link rel=\"canonical\" href=\"https:\/\/urbeamea.ro\/albaiulia\/spitalul-din-sebes-111-ani-de-istorie\/\" \/>\n<meta name=\"twitter:card\" content=\"summary_large_image\" \/>\n<meta name=\"twitter:title\" content=\"Spitalul din Sebe\u0219: 111 ani de istorie - Revista Urbea Mea - Revista de Alba\" \/>\n<meta name=\"twitter:description\" content=\"Istoria spitalului din Sebe\u0219 a \u00eenceput \u00een anul 1910, c\u00e2nd urm\u00e2nd ambi\u021bios tradi\u021bia centrelor din Sibiu, Cluj sau Arad, s-a dorit fondarea unui spital care\" \/>\n<meta name=\"twitter:image\" content=\"https:\/\/urbeamea.ro\/albaiulia\/wp-content\/uploads\/2021\/04\/Spital-Sebes-foto-veche.jpg\" \/>\n<meta name=\"twitter:creator\" content=\"@urbeameaweb\" \/>\n<meta name=\"twitter:site\" content=\"@urbeameaweb\" \/>\n<script type=\"application\/ld+json\" class=\"yoast-schema-graph\">{\"@context\":\"https:\\\/\\\/schema.org\",\"@graph\":[{\"@type\":\"Article\",\"@id\":\"https:\\\/\\\/urbeamea.ro\\\/albaiulia\\\/spitalul-din-sebes-111-ani-de-istorie\\\/#article\",\"isPartOf\":{\"@id\":\"https:\\\/\\\/urbeamea.ro\\\/albaiulia\\\/spitalul-din-sebes-111-ani-de-istorie\\\/\"},\"author\":{\"name\":\"Cristina Ganga\",\"@id\":\"https:\\\/\\\/urbeamea.ro\\\/albaiulia\\\/#\\\/schema\\\/person\\\/9700d21fae21c4f038b0b56f4506264a\"},\"headline\":\"Spitalul din Sebe\u0219: 111 ani de istorie\",\"datePublished\":\"2021-04-08T06:28:29+00:00\",\"dateModified\":\"2021-04-08T06:28:31+00:00\",\"mainEntityOfPage\":{\"@id\":\"https:\\\/\\\/urbeamea.ro\\\/albaiulia\\\/spitalul-din-sebes-111-ani-de-istorie\\\/\"},\"wordCount\":631,\"commentCount\":0,\"image\":{\"@id\":\"https:\\\/\\\/urbeamea.ro\\\/albaiulia\\\/spitalul-din-sebes-111-ani-de-istorie\\\/#primaryimage\"},\"thumbnailUrl\":\"https:\\\/\\\/urbeamea.ro\\\/albaiulia\\\/wp-content\\\/uploads\\\/2021\\\/04\\\/Spital-Sebes-foto-veche.jpg\",\"keywords\":[\"111 ani de istorie\",\"arhiducesa sofia\",\"donatie\",\"sotia lui franz ferdinand de habsburg\",\"spitalul din sebes\",\"tratare cazuri grave\"],\"articleSection\":[\"S\u0103n\u0103tate\"],\"inLanguage\":\"ro-RO\",\"potentialAction\":[{\"@type\":\"CommentAction\",\"name\":\"Comment\",\"target\":[\"https:\\\/\\\/urbeamea.ro\\\/albaiulia\\\/spitalul-din-sebes-111-ani-de-istorie\\\/#respond\"]}]},{\"@type\":\"WebPage\",\"@id\":\"https:\\\/\\\/urbeamea.ro\\\/albaiulia\\\/spitalul-din-sebes-111-ani-de-istorie\\\/\",\"url\":\"https:\\\/\\\/urbeamea.ro\\\/albaiulia\\\/spitalul-din-sebes-111-ani-de-istorie\\\/\",\"name\":\"Spitalul din Sebe\u0219: 111 ani de istorie - Revista Urbea Mea - Revista de Alba\",\"isPartOf\":{\"@id\":\"https:\\\/\\\/urbeamea.ro\\\/albaiulia\\\/#website\"},\"primaryImageOfPage\":{\"@id\":\"https:\\\/\\\/urbeamea.ro\\\/albaiulia\\\/spitalul-din-sebes-111-ani-de-istorie\\\/#primaryimage\"},\"image\":{\"@id\":\"https:\\\/\\\/urbeamea.ro\\\/albaiulia\\\/spitalul-din-sebes-111-ani-de-istorie\\\/#primaryimage\"},\"thumbnailUrl\":\"https:\\\/\\\/urbeamea.ro\\\/albaiulia\\\/wp-content\\\/uploads\\\/2021\\\/04\\\/Spital-Sebes-foto-veche.jpg\",\"datePublished\":\"2021-04-08T06:28:29+00:00\",\"dateModified\":\"2021-04-08T06:28:31+00:00\",\"author\":{\"@id\":\"https:\\\/\\\/urbeamea.ro\\\/albaiulia\\\/#\\\/schema\\\/person\\\/9700d21fae21c4f038b0b56f4506264a\"},\"description\":\"Istoria spitalului din Sebe\u0219 a \u00eenceput \u00een anul 1910, c\u00e2nd urm\u00e2nd ambi\u021bios tradi\u021bia centrelor din Sibiu, Cluj sau Arad, s-a dorit fondarea unui spital care\",\"breadcrumb\":{\"@id\":\"https:\\\/\\\/urbeamea.ro\\\/albaiulia\\\/spitalul-din-sebes-111-ani-de-istorie\\\/#breadcrumb\"},\"inLanguage\":\"ro-RO\",\"potentialAction\":[{\"@type\":\"ReadAction\",\"target\":[\"https:\\\/\\\/urbeamea.ro\\\/albaiulia\\\/spitalul-din-sebes-111-ani-de-istorie\\\/\"]}]},{\"@type\":\"ImageObject\",\"inLanguage\":\"ro-RO\",\"@id\":\"https:\\\/\\\/urbeamea.ro\\\/albaiulia\\\/spitalul-din-sebes-111-ani-de-istorie\\\/#primaryimage\",\"url\":\"https:\\\/\\\/urbeamea.ro\\\/albaiulia\\\/wp-content\\\/uploads\\\/2021\\\/04\\\/Spital-Sebes-foto-veche.jpg\",\"contentUrl\":\"https:\\\/\\\/urbeamea.ro\\\/albaiulia\\\/wp-content\\\/uploads\\\/2021\\\/04\\\/Spital-Sebes-foto-veche.jpg\",\"width\":1200,\"height\":766},{\"@type\":\"BreadcrumbList\",\"@id\":\"https:\\\/\\\/urbeamea.ro\\\/albaiulia\\\/spitalul-din-sebes-111-ani-de-istorie\\\/#breadcrumb\",\"itemListElement\":[{\"@type\":\"ListItem\",\"position\":1,\"name\":\"Prima pagin\u0103\",\"item\":\"https:\\\/\\\/urbeamea.ro\\\/albaiulia\\\/\"},{\"@type\":\"ListItem\",\"position\":2,\"name\":\"Spitalul din Sebe\u0219: 111 ani de istorie\"}]},{\"@type\":\"WebSite\",\"@id\":\"https:\\\/\\\/urbeamea.ro\\\/albaiulia\\\/#website\",\"url\":\"https:\\\/\\\/urbeamea.ro\\\/albaiulia\\\/\",\"name\":\"Revista Urbea Mea, Stiri urbane\",\"description\":\"Evenimente \u0219i \u0219tiri din Alba Iulia, Sebe\u0219, Aiud, Blaj\",\"potentialAction\":[{\"@type\":\"SearchAction\",\"target\":{\"@type\":\"EntryPoint\",\"urlTemplate\":\"https:\\\/\\\/urbeamea.ro\\\/albaiulia\\\/?s={search_term_string}\"},\"query-input\":{\"@type\":\"PropertyValueSpecification\",\"valueRequired\":true,\"valueName\":\"search_term_string\"}}],\"inLanguage\":\"ro-RO\"},{\"@type\":\"Person\",\"@id\":\"https:\\\/\\\/urbeamea.ro\\\/albaiulia\\\/#\\\/schema\\\/person\\\/9700d21fae21c4f038b0b56f4506264a\",\"name\":\"Cristina Ganga\",\"image\":{\"@type\":\"ImageObject\",\"inLanguage\":\"ro-RO\",\"@id\":\"https:\\\/\\\/secure.gravatar.com\\\/avatar\\\/5a67661041f057b4a8ccaf26f5a8e86e2689372006d01faf3dd9eeb10b654bb4?s=96&d=mm&r=g\",\"url\":\"https:\\\/\\\/secure.gravatar.com\\\/avatar\\\/5a67661041f057b4a8ccaf26f5a8e86e2689372006d01faf3dd9eeb10b654bb4?s=96&d=mm&r=g\",\"contentUrl\":\"https:\\\/\\\/secure.gravatar.com\\\/avatar\\\/5a67661041f057b4a8ccaf26f5a8e86e2689372006d01faf3dd9eeb10b654bb4?s=96&d=mm&r=g\",\"caption\":\"Cristina Ganga\"},\"description\":\"Jurnalist\",\"sameAs\":[\"https:\\\/\\\/www.facebook.com\\\/cristina.nicola.587\"],\"url\":\"https:\\\/\\\/urbeamea.ro\\\/albaiulia\\\/author\\\/cristina-nicola\\\/\"}]}<\/script>\n<!-- \/ Yoast SEO plugin. -->","yoast_head_json":{"title":"Spitalul din Sebe\u0219: 111 ani de istorie - Revista Urbea Mea - Revista de Alba","description":"Istoria spitalului din Sebe\u0219 a \u00eenceput \u00een anul 1910, c\u00e2nd urm\u00e2nd ambi\u021bios tradi\u021bia centrelor din Sibiu, Cluj sau Arad, s-a dorit fondarea unui spital care","robots":{"index":"index","follow":"follow","max-snippet":"max-snippet:-1","max-image-preview":"max-image-preview:large","max-video-preview":"max-video-preview:-1"},"canonical":"https:\/\/urbeamea.ro\/albaiulia\/spitalul-din-sebes-111-ani-de-istorie\/","twitter_card":"summary_large_image","twitter_title":"Spitalul din Sebe\u0219: 111 ani de istorie - Revista Urbea Mea - Revista de Alba","twitter_description":"Istoria spitalului din Sebe\u0219 a \u00eenceput \u00een anul 1910, c\u00e2nd urm\u00e2nd ambi\u021bios tradi\u021bia centrelor din Sibiu, Cluj sau Arad, s-a dorit fondarea unui spital care","twitter_image":"https:\/\/urbeamea.ro\/albaiulia\/wp-content\/uploads\/2021\/04\/Spital-Sebes-foto-veche.jpg","twitter_creator":"@urbeameaweb","twitter_site":"@urbeameaweb","schema":{"@context":"https:\/\/schema.org","@graph":[{"@type":"Article","@id":"https:\/\/urbeamea.ro\/albaiulia\/spitalul-din-sebes-111-ani-de-istorie\/#article","isPartOf":{"@id":"https:\/\/urbeamea.ro\/albaiulia\/spitalul-din-sebes-111-ani-de-istorie\/"},"author":{"name":"Cristina Ganga","@id":"https:\/\/urbeamea.ro\/albaiulia\/#\/schema\/person\/9700d21fae21c4f038b0b56f4506264a"},"headline":"Spitalul din Sebe\u0219: 111 ani de istorie","datePublished":"2021-04-08T06:28:29+00:00","dateModified":"2021-04-08T06:28:31+00:00","mainEntityOfPage":{"@id":"https:\/\/urbeamea.ro\/albaiulia\/spitalul-din-sebes-111-ani-de-istorie\/"},"wordCount":631,"commentCount":0,"image":{"@id":"https:\/\/urbeamea.ro\/albaiulia\/spitalul-din-sebes-111-ani-de-istorie\/#primaryimage"},"thumbnailUrl":"https:\/\/urbeamea.ro\/albaiulia\/wp-content\/uploads\/2021\/04\/Spital-Sebes-foto-veche.jpg","keywords":["111 ani de istorie","arhiducesa sofia","donatie","sotia lui franz ferdinand de habsburg","spitalul din sebes","tratare cazuri grave"],"articleSection":["S\u0103n\u0103tate"],"inLanguage":"ro-RO","potentialAction":[{"@type":"CommentAction","name":"Comment","target":["https:\/\/urbeamea.ro\/albaiulia\/spitalul-din-sebes-111-ani-de-istorie\/#respond"]}]},{"@type":"WebPage","@id":"https:\/\/urbeamea.ro\/albaiulia\/spitalul-din-sebes-111-ani-de-istorie\/","url":"https:\/\/urbeamea.ro\/albaiulia\/spitalul-din-sebes-111-ani-de-istorie\/","name":"Spitalul din Sebe\u0219: 111 ani de istorie - Revista Urbea Mea - Revista de Alba","isPartOf":{"@id":"https:\/\/urbeamea.ro\/albaiulia\/#website"},"primaryImageOfPage":{"@id":"https:\/\/urbeamea.ro\/albaiulia\/spitalul-din-sebes-111-ani-de-istorie\/#primaryimage"},"image":{"@id":"https:\/\/urbeamea.ro\/albaiulia\/spitalul-din-sebes-111-ani-de-istorie\/#primaryimage"},"thumbnailUrl":"https:\/\/urbeamea.ro\/albaiulia\/wp-content\/uploads\/2021\/04\/Spital-Sebes-foto-veche.jpg","datePublished":"2021-04-08T06:28:29+00:00","dateModified":"2021-04-08T06:28:31+00:00","author":{"@id":"https:\/\/urbeamea.ro\/albaiulia\/#\/schema\/person\/9700d21fae21c4f038b0b56f4506264a"},"description":"Istoria spitalului din Sebe\u0219 a \u00eenceput \u00een anul 1910, c\u00e2nd urm\u00e2nd ambi\u021bios tradi\u021bia centrelor din Sibiu, Cluj sau Arad, s-a dorit fondarea unui spital care","breadcrumb":{"@id":"https:\/\/urbeamea.ro\/albaiulia\/spitalul-din-sebes-111-ani-de-istorie\/#breadcrumb"},"inLanguage":"ro-RO","potentialAction":[{"@type":"ReadAction","target":["https:\/\/urbeamea.ro\/albaiulia\/spitalul-din-sebes-111-ani-de-istorie\/"]}]},{"@type":"ImageObject","inLanguage":"ro-RO","@id":"https:\/\/urbeamea.ro\/albaiulia\/spitalul-din-sebes-111-ani-de-istorie\/#primaryimage","url":"https:\/\/urbeamea.ro\/albaiulia\/wp-content\/uploads\/2021\/04\/Spital-Sebes-foto-veche.jpg","contentUrl":"https:\/\/urbeamea.ro\/albaiulia\/wp-content\/uploads\/2021\/04\/Spital-Sebes-foto-veche.jpg","width":1200,"height":766},{"@type":"BreadcrumbList","@id":"https:\/\/urbeamea.ro\/albaiulia\/spitalul-din-sebes-111-ani-de-istorie\/#breadcrumb","itemListElement":[{"@type":"ListItem","position":1,"name":"Prima pagin\u0103","item":"https:\/\/urbeamea.ro\/albaiulia\/"},{"@type":"ListItem","position":2,"name":"Spitalul din Sebe\u0219: 111 ani de istorie"}]},{"@type":"WebSite","@id":"https:\/\/urbeamea.ro\/albaiulia\/#website","url":"https:\/\/urbeamea.ro\/albaiulia\/","name":"Revista Urbea Mea, Stiri urbane","description":"Evenimente \u0219i \u0219tiri din Alba Iulia, Sebe\u0219, Aiud, Blaj","potentialAction":[{"@type":"SearchAction","target":{"@type":"EntryPoint","urlTemplate":"https:\/\/urbeamea.ro\/albaiulia\/?s={search_term_string}"},"query-input":{"@type":"PropertyValueSpecification","valueRequired":true,"valueName":"search_term_string"}}],"inLanguage":"ro-RO"},{"@type":"Person","@id":"https:\/\/urbeamea.ro\/albaiulia\/#\/schema\/person\/9700d21fae21c4f038b0b56f4506264a","name":"Cristina Ganga","image":{"@type":"ImageObject","inLanguage":"ro-RO","@id":"https:\/\/secure.gravatar.com\/avatar\/5a67661041f057b4a8ccaf26f5a8e86e2689372006d01faf3dd9eeb10b654bb4?s=96&d=mm&r=g","url":"https:\/\/secure.gravatar.com\/avatar\/5a67661041f057b4a8ccaf26f5a8e86e2689372006d01faf3dd9eeb10b654bb4?s=96&d=mm&r=g","contentUrl":"https:\/\/secure.gravatar.com\/avatar\/5a67661041f057b4a8ccaf26f5a8e86e2689372006d01faf3dd9eeb10b654bb4?s=96&d=mm&r=g","caption":"Cristina Ganga"},"description":"Jurnalist","sameAs":["https:\/\/www.facebook.com\/cristina.nicola.587"],"url":"https:\/\/urbeamea.ro\/albaiulia\/author\/cristina-nicola\/"}]}},"_links":{"self":[{"href":"https:\/\/urbeamea.ro\/albaiulia\/wp-json\/wp\/v2\/posts\/95032","targetHints":{"allow":["GET"]}}],"collection":[{"href":"https:\/\/urbeamea.ro\/albaiulia\/wp-json\/wp\/v2\/posts"}],"about":[{"href":"https:\/\/urbeamea.ro\/albaiulia\/wp-json\/wp\/v2\/types\/post"}],"author":[{"embeddable":true,"href":"https:\/\/urbeamea.ro\/albaiulia\/wp-json\/wp\/v2\/users\/17"}],"replies":[{"embeddable":true,"href":"https:\/\/urbeamea.ro\/albaiulia\/wp-json\/wp\/v2\/comments?post=95032"}],"version-history":[{"count":1,"href":"https:\/\/urbeamea.ro\/albaiulia\/wp-json\/wp\/v2\/posts\/95032\/revisions"}],"predecessor-version":[{"id":95037,"href":"https:\/\/urbeamea.ro\/albaiulia\/wp-json\/wp\/v2\/posts\/95032\/revisions\/95037"}],"wp:featuredmedia":[{"embeddable":true,"href":"https:\/\/urbeamea.ro\/albaiulia\/wp-json\/wp\/v2\/media\/95036"}],"wp:attachment":[{"href":"https:\/\/urbeamea.ro\/albaiulia\/wp-json\/wp\/v2\/media?parent=95032"}],"wp:term":[{"taxonomy":"category","embeddable":true,"href":"https:\/\/urbeamea.ro\/albaiulia\/wp-json\/wp\/v2\/categories?post=95032"},{"taxonomy":"post_tag","embeddable":true,"href":"https:\/\/urbeamea.ro\/albaiulia\/wp-json\/wp\/v2\/tags?post=95032"}],"curies":[{"name":"wp","href":"https:\/\/api.w.org\/{rel}","templated":true}]}}