{"id":95104,"date":"2021-04-13T13:20:29","date_gmt":"2021-04-13T10:20:29","guid":{"rendered":"https:\/\/urbeamea.ro\/albaiulia\/?p=95104"},"modified":"2021-04-13T13:20:31","modified_gmt":"2021-04-13T10:20:31","slug":"centrul-de-cultura-augustin-bena-alba-credinta-si-unire-concert-de-pricesne-organizat-la-palatul-patriarhiei-din-bucuresti","status":"publish","type":"post","link":"https:\/\/urbeamea.ro\/albaiulia\/centrul-de-cultura-augustin-bena-alba-credinta-si-unire-concert-de-pricesne-organizat-la-palatul-patriarhiei-din-bucuresti\/","title":{"rendered":"Centrul de Cultur\u0103 \u201eAugustin Bena\u201d Alba: \u201eCredin\u021b\u0103 \u0219i unire\u201d \u2013 concert de pricesne organizat la Palatul Patriarhiei din Bucure\u0219ti"},"content":{"rendered":"\n<h2 class=\"wp-block-heading\">Centrul de Cultur\u0103 \u201eAugustin Bena\u201d Alba organizeaz\u0103, s\u00e2mb\u0103t\u0103, 24 aprilie 2021, un concert extraordinar de pricesne la Palatul Patriarhiei din Bucure\u0219ti, evenimentul desf\u0103\u0219ur\u00e2ndu-se cu binecuv\u00e2ntarea Preafericitului P\u0103rinte Daniel, Patriarhul Bisericii Ortodoxe Rom\u00e2ne.<\/h2>\n\n\n\n<p class=\"wp-block-paragraph\">Concertul este organizat f\u0103r\u0103 public, cu respectarea celor mai stricte m\u0103suri de prevenire a r\u0103sp\u00e2ndirii virusului SARS-COV-2, urm\u00e2nd a fi transmis pe Trinitas TV, pe Radio Trinitas \u0219i on-line pe Pagina de Facebook a Centrului de Cultur\u0103 \u201eAugustin Bena\u201d Alba.<\/p>\n\n\n\n<p class=\"wp-block-paragraph\">Spectacolul de pricesne va cuprinde un repertoriu muzical atent selectat, \u00een interpretarea unor arti\u0219ti care promoveaz\u0103 valorile spirituale \u0219i tradi\u021bionale rom\u00e2ne\u0219ti: p\u0103rintele Doru Gheaja, Veta Biri\u0219, Leontina F\u0103rca\u0219 \u0219i \u201eMuguri de tezaur\u201d, Oana Bozga Pintea, Ionu\u021b Fulea, Roxana Reche, Nicolae Plut\u0103, Floricica Moga, Dorina Nari\u021ba, Paul Ananie, Andreea Haisan, Ana \u2013 Maria P\u0103tr\u0103\u0219cioiu. \u00centregul program artistic va fi acompaniat de Grupul Vocal \u201eAnghelos\u201d, format din teologi, \u0219i de Orchestra de Camer\u0103 a Jude\u021bului Alba. Concertul este dirijat de Alexandru Pal, discipol al Maestrului Gheorghe Zamfir de 20 de ani.<\/p>\n\n\n\n<p class=\"wp-block-paragraph\">Evenimentul va fi organizat cu respectarea celor mai stricte m\u0103suri de prevenire a r\u0103sp\u00e2ndirii virusului SARS-COV-2 (testarea Covid-19 a tuturor arti\u0219tilor \u0219i personalului tehnic prezent la eveniment, respectarea distan\u021b\u0103rii fizice, termoscanarea \u0219i efectuarea triajului observa\u021bional, purtarea m\u0103\u0219tii de protec\u021bie p\u00e2n\u0103 \u00een momentul desf\u0103\u0219ur\u0103rii concertului, dezinfectarea echipamentului tehnic dup\u0103 fiecare utilizator).<\/p>\n\n\n\n<p class=\"wp-block-paragraph\">Concertul de pricesne \u201eCredin\u021b\u0103 \u0219i unire\u201d va avea loc s\u00e2mb\u0103t\u0103, 24 aprilie 2021, \u00eencep\u00e2nd cu ora 20,00, \u00een Aula Magna \u201eTeoctist Patriarhul\u201d a Palatului Patriarhiei, fiind organizat de Consiliul Jude\u021bean Alba prin Centrul de Cultur\u0103 \u201eAugustin Bena\u201d, cu binecuv\u00e2ntarea Preafericitului P\u0103rinte Daniel, Patriarhul Bisericii Ortodoxe Rom\u00e2ne. Concertul se bucur\u0103 de sus\u021binerea institu\u021biilor media ale Patriarhiei Ortodoxe Rom\u00e2ne: Trinitas TV, Radio Trinitas, Agen\u021bia de Pres\u0103 Basilica \u0219i Ziarul Lumina.<\/p>\n","protected":false},"excerpt":{"rendered":"<p>Centrul de Cultur\u0103 \u201eAugustin Bena\u201d Alba organizeaz\u0103, s\u00e2mb\u0103t\u0103, 24 aprilie 2021, un concert extraordinar de pricesne la Palatul Patriarhiei din Bucure\u0219ti, evenimentul desf\u0103\u0219ur\u00e2ndu-se cu binecuv\u00e2ntarea Preafericitului P\u0103rinte Daniel, Patriarhul Bisericii Ortodoxe Rom\u00e2ne. Concertul este organizat f\u0103r\u0103 public, cu respectarea celor mai stricte m\u0103suri de prevenire a r\u0103sp\u00e2ndirii virusului SARS-COV-2, urm\u00e2nd a fi transmis pe Trinitas &hellip;<\/p>\n","protected":false},"author":17,"featured_media":95105,"comment_status":"open","ping_status":"open","sticky":false,"template":"","format":"standard","meta":{"inline_featured_image":false,"footnotes":""},"categories":[4],"tags":[7261,4279,22685,22686],"class_list":["post-95104","post","type-post","status-publish","format-standard","has-post-thumbnail","hentry","category-eveniment","tag-centrul-de-cultura-augustin-bena-alba","tag-concert-de-pricesne","tag-credinta-si-unire","tag-palatul-patriarhiei-din-bucuresti"],"yoast_head":"<!-- This site is optimized with the Yoast SEO plugin v28.3 - https:\/\/yoast.com\/product\/yoast-seo-wordpress\/ -->\n<title>Centrul de Cultur\u0103 \u201eAugustin Bena\u201d Alba: \u201eCredin\u021b\u0103 \u0219i unire\u201d \u2013 concert de pricesne organizat la Palatul Patriarhiei din Bucure\u0219ti - Revista Urbea Mea - Revista de Alba<\/title>\n<meta name=\"description\" content=\"Centrul de Cultur\u0103 \u201eAugustin Bena\u201d Alba organizeaz\u0103, s\u00e2mb\u0103t\u0103, 24 aprilie 2021, un concert extraordinar de pricesne la Palatul Patriarhiei din Bucure\u0219ti,\" \/>\n<meta name=\"robots\" content=\"index, follow, max-snippet:-1, max-image-preview:large, max-video-preview:-1\" \/>\n<link rel=\"canonical\" href=\"https:\/\/urbeamea.ro\/albaiulia\/centrul-de-cultura-augustin-bena-alba-credinta-si-unire-concert-de-pricesne-organizat-la-palatul-patriarhiei-din-bucuresti\/\" \/>\n<meta name=\"twitter:card\" content=\"summary_large_image\" \/>\n<meta name=\"twitter:title\" content=\"Centrul de Cultur\u0103 \u201eAugustin Bena\u201d Alba: \u201eCredin\u021b\u0103 \u0219i unire\u201d \u2013 concert de pricesne organizat la Palatul Patriarhiei din Bucure\u0219ti - Revista Urbea Mea - Revista de Alba\" \/>\n<meta name=\"twitter:description\" content=\"Centrul de Cultur\u0103 \u201eAugustin Bena\u201d Alba organizeaz\u0103, s\u00e2mb\u0103t\u0103, 24 aprilie 2021, un concert extraordinar de pricesne la Palatul Patriarhiei din Bucure\u0219ti,\" \/>\n<meta name=\"twitter:image\" content=\"https:\/\/urbeamea.ro\/albaiulia\/wp-content\/uploads\/2021\/04\/afis-concert-pricesne-patriarhie-24-apr-2021.jpeg\" \/>\n<meta name=\"twitter:creator\" content=\"@urbeameaweb\" \/>\n<meta name=\"twitter:site\" content=\"@urbeameaweb\" \/>\n<script type=\"application\/ld+json\" class=\"yoast-schema-graph\">{\"@context\":\"https:\\\/\\\/schema.org\",\"@graph\":[{\"@type\":\"Article\",\"@id\":\"https:\\\/\\\/urbeamea.ro\\\/albaiulia\\\/centrul-de-cultura-augustin-bena-alba-credinta-si-unire-concert-de-pricesne-organizat-la-palatul-patriarhiei-din-bucuresti\\\/#article\",\"isPartOf\":{\"@id\":\"https:\\\/\\\/urbeamea.ro\\\/albaiulia\\\/centrul-de-cultura-augustin-bena-alba-credinta-si-unire-concert-de-pricesne-organizat-la-palatul-patriarhiei-din-bucuresti\\\/\"},\"author\":{\"name\":\"Cristina Ganga\",\"@id\":\"https:\\\/\\\/urbeamea.ro\\\/albaiulia\\\/#\\\/schema\\\/person\\\/9700d21fae21c4f038b0b56f4506264a\"},\"headline\":\"Centrul de Cultur\u0103 \u201eAugustin Bena\u201d Alba: \u201eCredin\u021b\u0103 \u0219i unire\u201d \u2013 concert de pricesne organizat la Palatul Patriarhiei din Bucure\u0219ti\",\"datePublished\":\"2021-04-13T10:20:29+00:00\",\"dateModified\":\"2021-04-13T10:20:31+00:00\",\"mainEntityOfPage\":{\"@id\":\"https:\\\/\\\/urbeamea.ro\\\/albaiulia\\\/centrul-de-cultura-augustin-bena-alba-credinta-si-unire-concert-de-pricesne-organizat-la-palatul-patriarhiei-din-bucuresti\\\/\"},\"wordCount\":336,\"commentCount\":0,\"image\":{\"@id\":\"https:\\\/\\\/urbeamea.ro\\\/albaiulia\\\/centrul-de-cultura-augustin-bena-alba-credinta-si-unire-concert-de-pricesne-organizat-la-palatul-patriarhiei-din-bucuresti\\\/#primaryimage\"},\"thumbnailUrl\":\"https:\\\/\\\/urbeamea.ro\\\/albaiulia\\\/wp-content\\\/uploads\\\/2021\\\/04\\\/afis-concert-pricesne-patriarhie-24-apr-2021.jpeg\",\"keywords\":[\"centrul de cultura augustin bena alba\",\"concert de pricesne\",\"credinta si unire\",\"palatul patriarhiei din bucuresti\"],\"articleSection\":[\"Evenimente\"],\"inLanguage\":\"ro-RO\",\"potentialAction\":[{\"@type\":\"CommentAction\",\"name\":\"Comment\",\"target\":[\"https:\\\/\\\/urbeamea.ro\\\/albaiulia\\\/centrul-de-cultura-augustin-bena-alba-credinta-si-unire-concert-de-pricesne-organizat-la-palatul-patriarhiei-din-bucuresti\\\/#respond\"]}]},{\"@type\":\"WebPage\",\"@id\":\"https:\\\/\\\/urbeamea.ro\\\/albaiulia\\\/centrul-de-cultura-augustin-bena-alba-credinta-si-unire-concert-de-pricesne-organizat-la-palatul-patriarhiei-din-bucuresti\\\/\",\"url\":\"https:\\\/\\\/urbeamea.ro\\\/albaiulia\\\/centrul-de-cultura-augustin-bena-alba-credinta-si-unire-concert-de-pricesne-organizat-la-palatul-patriarhiei-din-bucuresti\\\/\",\"name\":\"Centrul de Cultur\u0103 \u201eAugustin Bena\u201d Alba: \u201eCredin\u021b\u0103 \u0219i unire\u201d \u2013 concert de pricesne organizat la Palatul Patriarhiei din Bucure\u0219ti - Revista Urbea Mea - Revista de Alba\",\"isPartOf\":{\"@id\":\"https:\\\/\\\/urbeamea.ro\\\/albaiulia\\\/#website\"},\"primaryImageOfPage\":{\"@id\":\"https:\\\/\\\/urbeamea.ro\\\/albaiulia\\\/centrul-de-cultura-augustin-bena-alba-credinta-si-unire-concert-de-pricesne-organizat-la-palatul-patriarhiei-din-bucuresti\\\/#primaryimage\"},\"image\":{\"@id\":\"https:\\\/\\\/urbeamea.ro\\\/albaiulia\\\/centrul-de-cultura-augustin-bena-alba-credinta-si-unire-concert-de-pricesne-organizat-la-palatul-patriarhiei-din-bucuresti\\\/#primaryimage\"},\"thumbnailUrl\":\"https:\\\/\\\/urbeamea.ro\\\/albaiulia\\\/wp-content\\\/uploads\\\/2021\\\/04\\\/afis-concert-pricesne-patriarhie-24-apr-2021.jpeg\",\"datePublished\":\"2021-04-13T10:20:29+00:00\",\"dateModified\":\"2021-04-13T10:20:31+00:00\",\"author\":{\"@id\":\"https:\\\/\\\/urbeamea.ro\\\/albaiulia\\\/#\\\/schema\\\/person\\\/9700d21fae21c4f038b0b56f4506264a\"},\"description\":\"Centrul de Cultur\u0103 \u201eAugustin Bena\u201d Alba organizeaz\u0103, s\u00e2mb\u0103t\u0103, 24 aprilie 2021, un concert extraordinar de pricesne la Palatul Patriarhiei din Bucure\u0219ti,\",\"breadcrumb\":{\"@id\":\"https:\\\/\\\/urbeamea.ro\\\/albaiulia\\\/centrul-de-cultura-augustin-bena-alba-credinta-si-unire-concert-de-pricesne-organizat-la-palatul-patriarhiei-din-bucuresti\\\/#breadcrumb\"},\"inLanguage\":\"ro-RO\",\"potentialAction\":[{\"@type\":\"ReadAction\",\"target\":[\"https:\\\/\\\/urbeamea.ro\\\/albaiulia\\\/centrul-de-cultura-augustin-bena-alba-credinta-si-unire-concert-de-pricesne-organizat-la-palatul-patriarhiei-din-bucuresti\\\/\"]}]},{\"@type\":\"ImageObject\",\"inLanguage\":\"ro-RO\",\"@id\":\"https:\\\/\\\/urbeamea.ro\\\/albaiulia\\\/centrul-de-cultura-augustin-bena-alba-credinta-si-unire-concert-de-pricesne-organizat-la-palatul-patriarhiei-din-bucuresti\\\/#primaryimage\",\"url\":\"https:\\\/\\\/urbeamea.ro\\\/albaiulia\\\/wp-content\\\/uploads\\\/2021\\\/04\\\/afis-concert-pricesne-patriarhie-24-apr-2021.jpeg\",\"contentUrl\":\"https:\\\/\\\/urbeamea.ro\\\/albaiulia\\\/wp-content\\\/uploads\\\/2021\\\/04\\\/afis-concert-pricesne-patriarhie-24-apr-2021.jpeg\",\"width\":1131,\"height\":1600},{\"@type\":\"BreadcrumbList\",\"@id\":\"https:\\\/\\\/urbeamea.ro\\\/albaiulia\\\/centrul-de-cultura-augustin-bena-alba-credinta-si-unire-concert-de-pricesne-organizat-la-palatul-patriarhiei-din-bucuresti\\\/#breadcrumb\",\"itemListElement\":[{\"@type\":\"ListItem\",\"position\":1,\"name\":\"Prima pagin\u0103\",\"item\":\"https:\\\/\\\/urbeamea.ro\\\/albaiulia\\\/\"},{\"@type\":\"ListItem\",\"position\":2,\"name\":\"Centrul de Cultur\u0103 \u201eAugustin Bena\u201d Alba: \u201eCredin\u021b\u0103 \u0219i unire\u201d \u2013 concert de pricesne organizat la Palatul Patriarhiei din Bucure\u0219ti\"}]},{\"@type\":\"WebSite\",\"@id\":\"https:\\\/\\\/urbeamea.ro\\\/albaiulia\\\/#website\",\"url\":\"https:\\\/\\\/urbeamea.ro\\\/albaiulia\\\/\",\"name\":\"Revista Urbea Mea, Stiri urbane\",\"description\":\"Evenimente \u0219i \u0219tiri din Alba Iulia, Sebe\u0219, Aiud, Blaj\",\"potentialAction\":[{\"@type\":\"SearchAction\",\"target\":{\"@type\":\"EntryPoint\",\"urlTemplate\":\"https:\\\/\\\/urbeamea.ro\\\/albaiulia\\\/?s={search_term_string}\"},\"query-input\":{\"@type\":\"PropertyValueSpecification\",\"valueRequired\":true,\"valueName\":\"search_term_string\"}}],\"inLanguage\":\"ro-RO\"},{\"@type\":\"Person\",\"@id\":\"https:\\\/\\\/urbeamea.ro\\\/albaiulia\\\/#\\\/schema\\\/person\\\/9700d21fae21c4f038b0b56f4506264a\",\"name\":\"Cristina Ganga\",\"image\":{\"@type\":\"ImageObject\",\"inLanguage\":\"ro-RO\",\"@id\":\"https:\\\/\\\/secure.gravatar.com\\\/avatar\\\/5a67661041f057b4a8ccaf26f5a8e86e2689372006d01faf3dd9eeb10b654bb4?s=96&d=mm&r=g\",\"url\":\"https:\\\/\\\/secure.gravatar.com\\\/avatar\\\/5a67661041f057b4a8ccaf26f5a8e86e2689372006d01faf3dd9eeb10b654bb4?s=96&d=mm&r=g\",\"contentUrl\":\"https:\\\/\\\/secure.gravatar.com\\\/avatar\\\/5a67661041f057b4a8ccaf26f5a8e86e2689372006d01faf3dd9eeb10b654bb4?s=96&d=mm&r=g\",\"caption\":\"Cristina Ganga\"},\"description\":\"Jurnalist\",\"sameAs\":[\"https:\\\/\\\/www.facebook.com\\\/cristina.nicola.587\"],\"url\":\"https:\\\/\\\/urbeamea.ro\\\/albaiulia\\\/author\\\/cristina-nicola\\\/\"}]}<\/script>\n<!-- \/ Yoast SEO plugin. -->","yoast_head_json":{"title":"Centrul de Cultur\u0103 \u201eAugustin Bena\u201d Alba: \u201eCredin\u021b\u0103 \u0219i unire\u201d \u2013 concert de pricesne organizat la Palatul Patriarhiei din Bucure\u0219ti - Revista Urbea Mea - Revista de Alba","description":"Centrul de Cultur\u0103 \u201eAugustin Bena\u201d Alba organizeaz\u0103, s\u00e2mb\u0103t\u0103, 24 aprilie 2021, un concert extraordinar de pricesne la Palatul Patriarhiei din Bucure\u0219ti,","robots":{"index":"index","follow":"follow","max-snippet":"max-snippet:-1","max-image-preview":"max-image-preview:large","max-video-preview":"max-video-preview:-1"},"canonical":"https:\/\/urbeamea.ro\/albaiulia\/centrul-de-cultura-augustin-bena-alba-credinta-si-unire-concert-de-pricesne-organizat-la-palatul-patriarhiei-din-bucuresti\/","twitter_card":"summary_large_image","twitter_title":"Centrul de Cultur\u0103 \u201eAugustin Bena\u201d Alba: \u201eCredin\u021b\u0103 \u0219i unire\u201d \u2013 concert de pricesne organizat la Palatul Patriarhiei din Bucure\u0219ti - Revista Urbea Mea - Revista de Alba","twitter_description":"Centrul de Cultur\u0103 \u201eAugustin Bena\u201d Alba organizeaz\u0103, s\u00e2mb\u0103t\u0103, 24 aprilie 2021, un concert extraordinar de pricesne la Palatul Patriarhiei din Bucure\u0219ti,","twitter_image":"https:\/\/urbeamea.ro\/albaiulia\/wp-content\/uploads\/2021\/04\/afis-concert-pricesne-patriarhie-24-apr-2021.jpeg","twitter_creator":"@urbeameaweb","twitter_site":"@urbeameaweb","schema":{"@context":"https:\/\/schema.org","@graph":[{"@type":"Article","@id":"https:\/\/urbeamea.ro\/albaiulia\/centrul-de-cultura-augustin-bena-alba-credinta-si-unire-concert-de-pricesne-organizat-la-palatul-patriarhiei-din-bucuresti\/#article","isPartOf":{"@id":"https:\/\/urbeamea.ro\/albaiulia\/centrul-de-cultura-augustin-bena-alba-credinta-si-unire-concert-de-pricesne-organizat-la-palatul-patriarhiei-din-bucuresti\/"},"author":{"name":"Cristina Ganga","@id":"https:\/\/urbeamea.ro\/albaiulia\/#\/schema\/person\/9700d21fae21c4f038b0b56f4506264a"},"headline":"Centrul de Cultur\u0103 \u201eAugustin Bena\u201d Alba: \u201eCredin\u021b\u0103 \u0219i unire\u201d \u2013 concert de pricesne organizat la Palatul Patriarhiei din Bucure\u0219ti","datePublished":"2021-04-13T10:20:29+00:00","dateModified":"2021-04-13T10:20:31+00:00","mainEntityOfPage":{"@id":"https:\/\/urbeamea.ro\/albaiulia\/centrul-de-cultura-augustin-bena-alba-credinta-si-unire-concert-de-pricesne-organizat-la-palatul-patriarhiei-din-bucuresti\/"},"wordCount":336,"commentCount":0,"image":{"@id":"https:\/\/urbeamea.ro\/albaiulia\/centrul-de-cultura-augustin-bena-alba-credinta-si-unire-concert-de-pricesne-organizat-la-palatul-patriarhiei-din-bucuresti\/#primaryimage"},"thumbnailUrl":"https:\/\/urbeamea.ro\/albaiulia\/wp-content\/uploads\/2021\/04\/afis-concert-pricesne-patriarhie-24-apr-2021.jpeg","keywords":["centrul de cultura augustin bena alba","concert de pricesne","credinta si unire","palatul patriarhiei din bucuresti"],"articleSection":["Evenimente"],"inLanguage":"ro-RO","potentialAction":[{"@type":"CommentAction","name":"Comment","target":["https:\/\/urbeamea.ro\/albaiulia\/centrul-de-cultura-augustin-bena-alba-credinta-si-unire-concert-de-pricesne-organizat-la-palatul-patriarhiei-din-bucuresti\/#respond"]}]},{"@type":"WebPage","@id":"https:\/\/urbeamea.ro\/albaiulia\/centrul-de-cultura-augustin-bena-alba-credinta-si-unire-concert-de-pricesne-organizat-la-palatul-patriarhiei-din-bucuresti\/","url":"https:\/\/urbeamea.ro\/albaiulia\/centrul-de-cultura-augustin-bena-alba-credinta-si-unire-concert-de-pricesne-organizat-la-palatul-patriarhiei-din-bucuresti\/","name":"Centrul de Cultur\u0103 \u201eAugustin Bena\u201d Alba: \u201eCredin\u021b\u0103 \u0219i unire\u201d \u2013 concert de pricesne organizat la Palatul Patriarhiei din Bucure\u0219ti - Revista Urbea Mea - Revista de Alba","isPartOf":{"@id":"https:\/\/urbeamea.ro\/albaiulia\/#website"},"primaryImageOfPage":{"@id":"https:\/\/urbeamea.ro\/albaiulia\/centrul-de-cultura-augustin-bena-alba-credinta-si-unire-concert-de-pricesne-organizat-la-palatul-patriarhiei-din-bucuresti\/#primaryimage"},"image":{"@id":"https:\/\/urbeamea.ro\/albaiulia\/centrul-de-cultura-augustin-bena-alba-credinta-si-unire-concert-de-pricesne-organizat-la-palatul-patriarhiei-din-bucuresti\/#primaryimage"},"thumbnailUrl":"https:\/\/urbeamea.ro\/albaiulia\/wp-content\/uploads\/2021\/04\/afis-concert-pricesne-patriarhie-24-apr-2021.jpeg","datePublished":"2021-04-13T10:20:29+00:00","dateModified":"2021-04-13T10:20:31+00:00","author":{"@id":"https:\/\/urbeamea.ro\/albaiulia\/#\/schema\/person\/9700d21fae21c4f038b0b56f4506264a"},"description":"Centrul de Cultur\u0103 \u201eAugustin Bena\u201d Alba organizeaz\u0103, s\u00e2mb\u0103t\u0103, 24 aprilie 2021, un concert extraordinar de pricesne la Palatul Patriarhiei din Bucure\u0219ti,","breadcrumb":{"@id":"https:\/\/urbeamea.ro\/albaiulia\/centrul-de-cultura-augustin-bena-alba-credinta-si-unire-concert-de-pricesne-organizat-la-palatul-patriarhiei-din-bucuresti\/#breadcrumb"},"inLanguage":"ro-RO","potentialAction":[{"@type":"ReadAction","target":["https:\/\/urbeamea.ro\/albaiulia\/centrul-de-cultura-augustin-bena-alba-credinta-si-unire-concert-de-pricesne-organizat-la-palatul-patriarhiei-din-bucuresti\/"]}]},{"@type":"ImageObject","inLanguage":"ro-RO","@id":"https:\/\/urbeamea.ro\/albaiulia\/centrul-de-cultura-augustin-bena-alba-credinta-si-unire-concert-de-pricesne-organizat-la-palatul-patriarhiei-din-bucuresti\/#primaryimage","url":"https:\/\/urbeamea.ro\/albaiulia\/wp-content\/uploads\/2021\/04\/afis-concert-pricesne-patriarhie-24-apr-2021.jpeg","contentUrl":"https:\/\/urbeamea.ro\/albaiulia\/wp-content\/uploads\/2021\/04\/afis-concert-pricesne-patriarhie-24-apr-2021.jpeg","width":1131,"height":1600},{"@type":"BreadcrumbList","@id":"https:\/\/urbeamea.ro\/albaiulia\/centrul-de-cultura-augustin-bena-alba-credinta-si-unire-concert-de-pricesne-organizat-la-palatul-patriarhiei-din-bucuresti\/#breadcrumb","itemListElement":[{"@type":"ListItem","position":1,"name":"Prima pagin\u0103","item":"https:\/\/urbeamea.ro\/albaiulia\/"},{"@type":"ListItem","position":2,"name":"Centrul de Cultur\u0103 \u201eAugustin Bena\u201d Alba: \u201eCredin\u021b\u0103 \u0219i unire\u201d \u2013 concert de pricesne organizat la Palatul Patriarhiei din Bucure\u0219ti"}]},{"@type":"WebSite","@id":"https:\/\/urbeamea.ro\/albaiulia\/#website","url":"https:\/\/urbeamea.ro\/albaiulia\/","name":"Revista Urbea Mea, Stiri urbane","description":"Evenimente \u0219i \u0219tiri din Alba Iulia, Sebe\u0219, Aiud, Blaj","potentialAction":[{"@type":"SearchAction","target":{"@type":"EntryPoint","urlTemplate":"https:\/\/urbeamea.ro\/albaiulia\/?s={search_term_string}"},"query-input":{"@type":"PropertyValueSpecification","valueRequired":true,"valueName":"search_term_string"}}],"inLanguage":"ro-RO"},{"@type":"Person","@id":"https:\/\/urbeamea.ro\/albaiulia\/#\/schema\/person\/9700d21fae21c4f038b0b56f4506264a","name":"Cristina Ganga","image":{"@type":"ImageObject","inLanguage":"ro-RO","@id":"https:\/\/secure.gravatar.com\/avatar\/5a67661041f057b4a8ccaf26f5a8e86e2689372006d01faf3dd9eeb10b654bb4?s=96&d=mm&r=g","url":"https:\/\/secure.gravatar.com\/avatar\/5a67661041f057b4a8ccaf26f5a8e86e2689372006d01faf3dd9eeb10b654bb4?s=96&d=mm&r=g","contentUrl":"https:\/\/secure.gravatar.com\/avatar\/5a67661041f057b4a8ccaf26f5a8e86e2689372006d01faf3dd9eeb10b654bb4?s=96&d=mm&r=g","caption":"Cristina Ganga"},"description":"Jurnalist","sameAs":["https:\/\/www.facebook.com\/cristina.nicola.587"],"url":"https:\/\/urbeamea.ro\/albaiulia\/author\/cristina-nicola\/"}]}},"_links":{"self":[{"href":"https:\/\/urbeamea.ro\/albaiulia\/wp-json\/wp\/v2\/posts\/95104","targetHints":{"allow":["GET"]}}],"collection":[{"href":"https:\/\/urbeamea.ro\/albaiulia\/wp-json\/wp\/v2\/posts"}],"about":[{"href":"https:\/\/urbeamea.ro\/albaiulia\/wp-json\/wp\/v2\/types\/post"}],"author":[{"embeddable":true,"href":"https:\/\/urbeamea.ro\/albaiulia\/wp-json\/wp\/v2\/users\/17"}],"replies":[{"embeddable":true,"href":"https:\/\/urbeamea.ro\/albaiulia\/wp-json\/wp\/v2\/comments?post=95104"}],"version-history":[{"count":1,"href":"https:\/\/urbeamea.ro\/albaiulia\/wp-json\/wp\/v2\/posts\/95104\/revisions"}],"predecessor-version":[{"id":95106,"href":"https:\/\/urbeamea.ro\/albaiulia\/wp-json\/wp\/v2\/posts\/95104\/revisions\/95106"}],"wp:featuredmedia":[{"embeddable":true,"href":"https:\/\/urbeamea.ro\/albaiulia\/wp-json\/wp\/v2\/media\/95105"}],"wp:attachment":[{"href":"https:\/\/urbeamea.ro\/albaiulia\/wp-json\/wp\/v2\/media?parent=95104"}],"wp:term":[{"taxonomy":"category","embeddable":true,"href":"https:\/\/urbeamea.ro\/albaiulia\/wp-json\/wp\/v2\/categories?post=95104"},{"taxonomy":"post_tag","embeddable":true,"href":"https:\/\/urbeamea.ro\/albaiulia\/wp-json\/wp\/v2\/tags?post=95104"}],"curies":[{"name":"wp","href":"https:\/\/api.w.org\/{rel}","templated":true}]}}