{"id":95749,"date":"2021-05-18T16:30:48","date_gmt":"2021-05-18T13:30:48","guid":{"rendered":"https:\/\/urbeamea.ro\/albaiulia\/?p=95749"},"modified":"2021-05-18T16:30:51","modified_gmt":"2021-05-18T13:30:51","slug":"ziua-internationala-a-muzeelor-vizita-gratuita-la-muzeul-municipal-ioan-raica-sebes-si-casa-memoriala-lucian-blaga-lancram-intre-orele-09-00-16-00","status":"publish","type":"post","link":"https:\/\/urbeamea.ro\/albaiulia\/ziua-internationala-a-muzeelor-vizita-gratuita-la-muzeul-municipal-ioan-raica-sebes-si-casa-memoriala-lucian-blaga-lancram-intre-orele-09-00-16-00\/","title":{"rendered":"Ziua Interna\u021bional\u0103 a Muzeelor: Vizit\u0103 gratuit\u0103 la Muzeul Municipal \u201eIoan Raica\u201d Sebe\u0219 \u0219i Casa Memorial\u0103 \u201eLucian Blaga\u201d Lancr\u0103m, \u00eentre orele 09.00 \u2013 16.00"},"content":{"rendered":"\n<h2 class=\"wp-block-heading\">Ast\u0103zi, \u00een \u00eentreaga lume, se s\u0103rb\u0103tore\u0219te Ziua Interna\u021bional\u0103 a Muzeelor. Celebrarea \u00een fiecare an, \u00een data de 18 mai, a acestor institu\u021bii este una dintre ini\u021biativele Consiliului Interna\u021bional al Muzeelor (ICOM), o organiza\u021bie neguvernamental\u0103, cu sediul la Paris, \u00eenfiin\u021bat\u0103 \u00een 1946, care \u00eei reune\u0219te pe profesioni\u0219tii ce activeaz\u0103 \u00een domeniul muzeal \u0219i care se angajeaz\u0103 s\u0103 conserve \u015fi s\u0103 valorifice, \u00een beneficiul publicului, patrimoniul cultural \u015fi natural mondial, prezent \u015fi viitor, material \u015fi imaterial.<\/h2>\n\n\n\n<p>Prin aceast\u0103 ini\u021biativ\u0103, care dateaz\u0103 din anul 1977, ICOM a urm\u0103rit s\u0103 atrag\u0103 aten\u021bia opiniei publice asupra contribu\u021biei pe care muzeele \u0219i-o aduc la dezvoltarea general\u0103 a societ\u0103\u021bii. Totodat\u0103, Ziua Interna\u021bional\u0103 a Muzeelor este o bun\u0103 oportunitate pentru muzee s\u0103-\u0219i fac\u0103 cunoscut\u0103 activitatea \u0219i, \u00een acela\u0219i timp, s\u0103 str\u00e2ng\u0103 leg\u0103turile cu publicul vizitator.<\/p>\n\n\n\n<p>\u00cen fiecare an, ICOM propune o tem\u0103 general\u0103, la care muzeele pot subscrie prin activit\u0103\u021bile pe care le organizeaz\u0103 pentru a celebra aceast\u0103 zi. Anul acesta, tema propus\u0103 de ICOM este \u201eViitorul muzeelor: recupereaz\u0103 \u0219i reinventeaz\u0103\u201d, ini\u021biatorii dorind s\u0103 lanseze o provocare \u00een r\u00e2ndul speciali\u0219tilor \u0219i a publicului \u00een \u00eencercarea de a se identifica solu\u021bii noi de valorificare a patrimoniului cultural, precum \u0219i de comunicare \u00eentre muzeu \u0219i public, adaptate noilor tehnologii \u0219i vremurilor pe care le tr\u0103im.<\/p>\n\n\n\n<figure class=\"wp-block-image size-large\"><img loading=\"lazy\" decoding=\"async\" width=\"960\" height=\"718\" src=\"https:\/\/urbeamea.ro\/albaiulia\/wp-content\/uploads\/2021\/05\/183073883_1368458233531325_2499972907407866494_n.jpg\" alt=\"\" class=\"wp-image-95750\" srcset=\"https:\/\/urbeamea.ro\/albaiulia\/wp-content\/uploads\/2021\/05\/183073883_1368458233531325_2499972907407866494_n.jpg 960w, https:\/\/urbeamea.ro\/albaiulia\/wp-content\/uploads\/2021\/05\/183073883_1368458233531325_2499972907407866494_n-640x479.jpg 640w, https:\/\/urbeamea.ro\/albaiulia\/wp-content\/uploads\/2021\/05\/183073883_1368458233531325_2499972907407866494_n-150x112.jpg 150w, https:\/\/urbeamea.ro\/albaiulia\/wp-content\/uploads\/2021\/05\/183073883_1368458233531325_2499972907407866494_n-768x574.jpg 768w\" sizes=\"auto, (max-width: 960px) 100vw, 960px\" \/><\/figure>\n\n\n\n<p>De la an, la an, Ziua Interna\u021bional\u0103 a Muzeelor a fost celebrat\u0103 de tot mai multe muzee, precum \u0219i de public. Una dintre cele mai apreciate metode prin care aceast\u0103 zi s-a s\u0103rb\u0103torit, a fost Noaptea Muzeelor. Din nefericire, pandemia Covid-19 a \u00eempiedicat organizarea unor evenimente de acest tip \u00een anul 2020, activit\u0103\u021bile preg\u0103tite de muzee desf\u0103\u0219ur\u00e2ndu-se \u00een mediul online (la fel ca multe altele). Anul 2021 a debutat la fel, dar, treptat, por\u021bile muzeelor \u00eencep s\u0103 se deschid\u0103 unui num\u0103r tot mai mare de vizitatori.<\/p>\n\n\n\n<p>Dorim s\u0103 celebr\u0103m \u0219i noi aceast\u0103 zi, \u00eempreun\u0103 cu publicul nostru. V\u0103 a\u0219tept\u0103m s\u0103 vizita\u021bi, at\u00e2t Muzeul Municipal \u201eIoan Raica\u201d Sebe\u0219 \u0219i Casa Memorial\u0103 \u201eLucian Blaga\u201d Lancr\u0103m, \u00een mod gratuit, \u00eentre orele 09.00 \u2013 16.00<\/p>\n\n\n\n<p>Important: datorit\u0103 precau\u021biilor care se impun, generate de pandemia de Covid-19, precum \u0219i a lucr\u0103rilor de renovare a acoperi\u0219ului cl\u0103dirii Muzeului Municipal \u201eIoan Raica\u201d Sebe\u0219, v\u0103 rug\u0103m s\u0103 suna\u021bi, \u00een prealabil, pentru a programa vizita, la numerele de telefon 0372 930929 \u0219i 0258 735240! V\u0103 mul\u021bumim!<\/p>\n\n\n\n<figure class=\"wp-block-image size-large\"><img loading=\"lazy\" decoding=\"async\" width=\"853\" height=\"1280\" src=\"https:\/\/urbeamea.ro\/albaiulia\/wp-content\/uploads\/2021\/05\/afis-ziua-muzeelor-853x1280.jpg\" alt=\"\" class=\"wp-image-95751\" srcset=\"https:\/\/urbeamea.ro\/albaiulia\/wp-content\/uploads\/2021\/05\/afis-ziua-muzeelor-853x1280.jpg 853w, https:\/\/urbeamea.ro\/albaiulia\/wp-content\/uploads\/2021\/05\/afis-ziua-muzeelor-427x640.jpg 427w, https:\/\/urbeamea.ro\/albaiulia\/wp-content\/uploads\/2021\/05\/afis-ziua-muzeelor-100x150.jpg 100w, https:\/\/urbeamea.ro\/albaiulia\/wp-content\/uploads\/2021\/05\/afis-ziua-muzeelor-768x1152.jpg 768w, https:\/\/urbeamea.ro\/albaiulia\/wp-content\/uploads\/2021\/05\/afis-ziua-muzeelor.jpg 933w\" sizes=\"auto, (max-width: 853px) 100vw, 853px\" \/><\/figure>\n","protected":false},"excerpt":{"rendered":"<p>Ast\u0103zi, \u00een \u00eentreaga lume, se s\u0103rb\u0103tore\u0219te Ziua Interna\u021bional\u0103 a Muzeelor. Celebrarea \u00een fiecare an, \u00een data de 18 mai, a acestor institu\u021bii este una dintre ini\u021biativele Consiliului Interna\u021bional al Muzeelor (ICOM), o organiza\u021bie neguvernamental\u0103, cu sediul la Paris, \u00eenfiin\u021bat\u0103 \u00een 1946, care \u00eei reune\u0219te pe profesioni\u0219tii ce activeaz\u0103 \u00een domeniul muzeal \u0219i care se angajeaz\u0103 &hellip;<\/p>\n","protected":false},"author":17,"featured_media":95752,"comment_status":"open","ping_status":"open","sticky":false,"template":"","format":"standard","meta":{"inline_featured_image":false,"footnotes":""},"categories":[8857],"tags":[15483,17549,22886,22885],"class_list":["post-95749","post","type-post","status-publish","format-standard","has-post-thumbnail","hentry","category-istorie","tag-casa-memoriala-lucian-blaga-lancram","tag-muzeul-municipal-ioan-raica-sebes-2","tag-vizita-gratuita","tag-ziua-internationala-a-muzeelor"],"yoast_head":"<!-- This site is optimized with the Yoast SEO plugin v27.4 - https:\/\/yoast.com\/product\/yoast-seo-wordpress\/ -->\n<title>Ziua Interna\u021bional\u0103 a Muzeelor: Vizit\u0103 gratuit\u0103 la Muzeul Municipal \u201eIoan Raica\u201d Sebe\u0219 \u0219i Casa Memorial\u0103 \u201eLucian Blaga\u201d Lancr\u0103m, \u00eentre orele 09.00 \u2013 16.00 - Revista Urbea Mea - Revista de Alba<\/title>\n<meta name=\"description\" content=\"Ast\u0103zi, \u00een \u00eentreaga lume, se s\u0103rb\u0103tore\u0219te Ziua Interna\u021bional\u0103 a Muzeelor. Celebrarea \u00een fiecare an, \u00een data de 18 mai, a acestor institu\u021bii este una\" \/>\n<meta name=\"robots\" content=\"index, follow, max-snippet:-1, max-image-preview:large, max-video-preview:-1\" \/>\n<link rel=\"canonical\" href=\"https:\/\/urbeamea.ro\/albaiulia\/ziua-internationala-a-muzeelor-vizita-gratuita-la-muzeul-municipal-ioan-raica-sebes-si-casa-memoriala-lucian-blaga-lancram-intre-orele-09-00-16-00\/\" \/>\n<meta name=\"twitter:card\" content=\"summary_large_image\" \/>\n<meta name=\"twitter:title\" content=\"Ziua Interna\u021bional\u0103 a Muzeelor: Vizit\u0103 gratuit\u0103 la Muzeul Municipal \u201eIoan Raica\u201d Sebe\u0219 \u0219i Casa Memorial\u0103 \u201eLucian Blaga\u201d Lancr\u0103m, \u00eentre orele 09.00 \u2013 16.00 - Revista Urbea Mea - Revista de Alba\" \/>\n<meta name=\"twitter:description\" content=\"Ast\u0103zi, \u00een \u00eentreaga lume, se s\u0103rb\u0103tore\u0219te Ziua Interna\u021bional\u0103 a Muzeelor. Celebrarea \u00een fiecare an, \u00een data de 18 mai, a acestor institu\u021bii este una\" \/>\n<meta name=\"twitter:image\" content=\"https:\/\/urbeamea.ro\/albaiulia\/wp-content\/uploads\/2021\/05\/143708638_2800147323574180_2970048827447485813_n.jpg\" \/>\n<meta name=\"twitter:creator\" content=\"@urbeameaweb\" \/>\n<meta name=\"twitter:site\" content=\"@urbeameaweb\" \/>\n<script type=\"application\/ld+json\" class=\"yoast-schema-graph\">{\"@context\":\"https:\\\/\\\/schema.org\",\"@graph\":[{\"@type\":\"Article\",\"@id\":\"https:\\\/\\\/urbeamea.ro\\\/albaiulia\\\/ziua-internationala-a-muzeelor-vizita-gratuita-la-muzeul-municipal-ioan-raica-sebes-si-casa-memoriala-lucian-blaga-lancram-intre-orele-09-00-16-00\\\/#article\",\"isPartOf\":{\"@id\":\"https:\\\/\\\/urbeamea.ro\\\/albaiulia\\\/ziua-internationala-a-muzeelor-vizita-gratuita-la-muzeul-municipal-ioan-raica-sebes-si-casa-memoriala-lucian-blaga-lancram-intre-orele-09-00-16-00\\\/\"},\"author\":{\"name\":\"Cristina Ganga\",\"@id\":\"https:\\\/\\\/urbeamea.ro\\\/albaiulia\\\/#\\\/schema\\\/person\\\/9700d21fae21c4f038b0b56f4506264a\"},\"headline\":\"Ziua Interna\u021bional\u0103 a Muzeelor: Vizit\u0103 gratuit\u0103 la Muzeul Municipal \u201eIoan Raica\u201d Sebe\u0219 \u0219i Casa Memorial\u0103 \u201eLucian Blaga\u201d Lancr\u0103m, \u00eentre orele 09.00 \u2013 16.00\",\"datePublished\":\"2021-05-18T13:30:48+00:00\",\"dateModified\":\"2021-05-18T13:30:51+00:00\",\"mainEntityOfPage\":{\"@id\":\"https:\\\/\\\/urbeamea.ro\\\/albaiulia\\\/ziua-internationala-a-muzeelor-vizita-gratuita-la-muzeul-municipal-ioan-raica-sebes-si-casa-memoriala-lucian-blaga-lancram-intre-orele-09-00-16-00\\\/\"},\"wordCount\":433,\"commentCount\":0,\"image\":{\"@id\":\"https:\\\/\\\/urbeamea.ro\\\/albaiulia\\\/ziua-internationala-a-muzeelor-vizita-gratuita-la-muzeul-municipal-ioan-raica-sebes-si-casa-memoriala-lucian-blaga-lancram-intre-orele-09-00-16-00\\\/#primaryimage\"},\"thumbnailUrl\":\"https:\\\/\\\/urbeamea.ro\\\/albaiulia\\\/wp-content\\\/uploads\\\/2021\\\/05\\\/143708638_2800147323574180_2970048827447485813_n.jpg\",\"keywords\":[\"casa memoriala lucian blaga lancram\",\"muzeul municipal ioan raica sebes\",\"vizita gratuita\",\"ziua internationala a muzeelor\"],\"articleSection\":[\"Istorie\"],\"inLanguage\":\"ro-RO\",\"potentialAction\":[{\"@type\":\"CommentAction\",\"name\":\"Comment\",\"target\":[\"https:\\\/\\\/urbeamea.ro\\\/albaiulia\\\/ziua-internationala-a-muzeelor-vizita-gratuita-la-muzeul-municipal-ioan-raica-sebes-si-casa-memoriala-lucian-blaga-lancram-intre-orele-09-00-16-00\\\/#respond\"]}]},{\"@type\":\"WebPage\",\"@id\":\"https:\\\/\\\/urbeamea.ro\\\/albaiulia\\\/ziua-internationala-a-muzeelor-vizita-gratuita-la-muzeul-municipal-ioan-raica-sebes-si-casa-memoriala-lucian-blaga-lancram-intre-orele-09-00-16-00\\\/\",\"url\":\"https:\\\/\\\/urbeamea.ro\\\/albaiulia\\\/ziua-internationala-a-muzeelor-vizita-gratuita-la-muzeul-municipal-ioan-raica-sebes-si-casa-memoriala-lucian-blaga-lancram-intre-orele-09-00-16-00\\\/\",\"name\":\"Ziua Interna\u021bional\u0103 a Muzeelor: Vizit\u0103 gratuit\u0103 la Muzeul Municipal \u201eIoan Raica\u201d Sebe\u0219 \u0219i Casa Memorial\u0103 \u201eLucian Blaga\u201d Lancr\u0103m, \u00eentre orele 09.00 \u2013 16.00 - Revista Urbea Mea - Revista de Alba\",\"isPartOf\":{\"@id\":\"https:\\\/\\\/urbeamea.ro\\\/albaiulia\\\/#website\"},\"primaryImageOfPage\":{\"@id\":\"https:\\\/\\\/urbeamea.ro\\\/albaiulia\\\/ziua-internationala-a-muzeelor-vizita-gratuita-la-muzeul-municipal-ioan-raica-sebes-si-casa-memoriala-lucian-blaga-lancram-intre-orele-09-00-16-00\\\/#primaryimage\"},\"image\":{\"@id\":\"https:\\\/\\\/urbeamea.ro\\\/albaiulia\\\/ziua-internationala-a-muzeelor-vizita-gratuita-la-muzeul-municipal-ioan-raica-sebes-si-casa-memoriala-lucian-blaga-lancram-intre-orele-09-00-16-00\\\/#primaryimage\"},\"thumbnailUrl\":\"https:\\\/\\\/urbeamea.ro\\\/albaiulia\\\/wp-content\\\/uploads\\\/2021\\\/05\\\/143708638_2800147323574180_2970048827447485813_n.jpg\",\"datePublished\":\"2021-05-18T13:30:48+00:00\",\"dateModified\":\"2021-05-18T13:30:51+00:00\",\"author\":{\"@id\":\"https:\\\/\\\/urbeamea.ro\\\/albaiulia\\\/#\\\/schema\\\/person\\\/9700d21fae21c4f038b0b56f4506264a\"},\"description\":\"Ast\u0103zi, \u00een \u00eentreaga lume, se s\u0103rb\u0103tore\u0219te Ziua Interna\u021bional\u0103 a Muzeelor. Celebrarea \u00een fiecare an, \u00een data de 18 mai, a acestor institu\u021bii este una\",\"breadcrumb\":{\"@id\":\"https:\\\/\\\/urbeamea.ro\\\/albaiulia\\\/ziua-internationala-a-muzeelor-vizita-gratuita-la-muzeul-municipal-ioan-raica-sebes-si-casa-memoriala-lucian-blaga-lancram-intre-orele-09-00-16-00\\\/#breadcrumb\"},\"inLanguage\":\"ro-RO\",\"potentialAction\":[{\"@type\":\"ReadAction\",\"target\":[\"https:\\\/\\\/urbeamea.ro\\\/albaiulia\\\/ziua-internationala-a-muzeelor-vizita-gratuita-la-muzeul-municipal-ioan-raica-sebes-si-casa-memoriala-lucian-blaga-lancram-intre-orele-09-00-16-00\\\/\"]}]},{\"@type\":\"ImageObject\",\"inLanguage\":\"ro-RO\",\"@id\":\"https:\\\/\\\/urbeamea.ro\\\/albaiulia\\\/ziua-internationala-a-muzeelor-vizita-gratuita-la-muzeul-municipal-ioan-raica-sebes-si-casa-memoriala-lucian-blaga-lancram-intre-orele-09-00-16-00\\\/#primaryimage\",\"url\":\"https:\\\/\\\/urbeamea.ro\\\/albaiulia\\\/wp-content\\\/uploads\\\/2021\\\/05\\\/143708638_2800147323574180_2970048827447485813_n.jpg\",\"contentUrl\":\"https:\\\/\\\/urbeamea.ro\\\/albaiulia\\\/wp-content\\\/uploads\\\/2021\\\/05\\\/143708638_2800147323574180_2970048827447485813_n.jpg\",\"width\":1400,\"height\":933},{\"@type\":\"BreadcrumbList\",\"@id\":\"https:\\\/\\\/urbeamea.ro\\\/albaiulia\\\/ziua-internationala-a-muzeelor-vizita-gratuita-la-muzeul-municipal-ioan-raica-sebes-si-casa-memoriala-lucian-blaga-lancram-intre-orele-09-00-16-00\\\/#breadcrumb\",\"itemListElement\":[{\"@type\":\"ListItem\",\"position\":1,\"name\":\"Prima pagin\u0103\",\"item\":\"https:\\\/\\\/urbeamea.ro\\\/albaiulia\\\/\"},{\"@type\":\"ListItem\",\"position\":2,\"name\":\"Ziua Interna\u021bional\u0103 a Muzeelor: Vizit\u0103 gratuit\u0103 la Muzeul Municipal \u201eIoan Raica\u201d Sebe\u0219 \u0219i Casa Memorial\u0103 \u201eLucian Blaga\u201d Lancr\u0103m, \u00eentre orele 09.00 \u2013 16.00\"}]},{\"@type\":\"WebSite\",\"@id\":\"https:\\\/\\\/urbeamea.ro\\\/albaiulia\\\/#website\",\"url\":\"https:\\\/\\\/urbeamea.ro\\\/albaiulia\\\/\",\"name\":\"Revista Urbea Mea, Stiri urbane\",\"description\":\"Evenimente \u0219i \u0219tiri din Alba Iulia, Sebe\u0219, Aiud, Blaj\",\"potentialAction\":[{\"@type\":\"SearchAction\",\"target\":{\"@type\":\"EntryPoint\",\"urlTemplate\":\"https:\\\/\\\/urbeamea.ro\\\/albaiulia\\\/?s={search_term_string}\"},\"query-input\":{\"@type\":\"PropertyValueSpecification\",\"valueRequired\":true,\"valueName\":\"search_term_string\"}}],\"inLanguage\":\"ro-RO\"},{\"@type\":\"Person\",\"@id\":\"https:\\\/\\\/urbeamea.ro\\\/albaiulia\\\/#\\\/schema\\\/person\\\/9700d21fae21c4f038b0b56f4506264a\",\"name\":\"Cristina Ganga\",\"image\":{\"@type\":\"ImageObject\",\"inLanguage\":\"ro-RO\",\"@id\":\"https:\\\/\\\/secure.gravatar.com\\\/avatar\\\/5a67661041f057b4a8ccaf26f5a8e86e2689372006d01faf3dd9eeb10b654bb4?s=96&d=mm&r=g\",\"url\":\"https:\\\/\\\/secure.gravatar.com\\\/avatar\\\/5a67661041f057b4a8ccaf26f5a8e86e2689372006d01faf3dd9eeb10b654bb4?s=96&d=mm&r=g\",\"contentUrl\":\"https:\\\/\\\/secure.gravatar.com\\\/avatar\\\/5a67661041f057b4a8ccaf26f5a8e86e2689372006d01faf3dd9eeb10b654bb4?s=96&d=mm&r=g\",\"caption\":\"Cristina Ganga\"},\"description\":\"Jurnalist\",\"sameAs\":[\"https:\\\/\\\/www.facebook.com\\\/cristina.nicola.587\"],\"url\":\"https:\\\/\\\/urbeamea.ro\\\/albaiulia\\\/author\\\/cristina-nicola\\\/\"}]}<\/script>\n<!-- \/ Yoast SEO plugin. -->","yoast_head_json":{"title":"Ziua Interna\u021bional\u0103 a Muzeelor: Vizit\u0103 gratuit\u0103 la Muzeul Municipal \u201eIoan Raica\u201d Sebe\u0219 \u0219i Casa Memorial\u0103 \u201eLucian Blaga\u201d Lancr\u0103m, \u00eentre orele 09.00 \u2013 16.00 - Revista Urbea Mea - Revista de Alba","description":"Ast\u0103zi, \u00een \u00eentreaga lume, se s\u0103rb\u0103tore\u0219te Ziua Interna\u021bional\u0103 a Muzeelor. Celebrarea \u00een fiecare an, \u00een data de 18 mai, a acestor institu\u021bii este una","robots":{"index":"index","follow":"follow","max-snippet":"max-snippet:-1","max-image-preview":"max-image-preview:large","max-video-preview":"max-video-preview:-1"},"canonical":"https:\/\/urbeamea.ro\/albaiulia\/ziua-internationala-a-muzeelor-vizita-gratuita-la-muzeul-municipal-ioan-raica-sebes-si-casa-memoriala-lucian-blaga-lancram-intre-orele-09-00-16-00\/","twitter_card":"summary_large_image","twitter_title":"Ziua Interna\u021bional\u0103 a Muzeelor: Vizit\u0103 gratuit\u0103 la Muzeul Municipal \u201eIoan Raica\u201d Sebe\u0219 \u0219i Casa Memorial\u0103 \u201eLucian Blaga\u201d Lancr\u0103m, \u00eentre orele 09.00 \u2013 16.00 - Revista Urbea Mea - Revista de Alba","twitter_description":"Ast\u0103zi, \u00een \u00eentreaga lume, se s\u0103rb\u0103tore\u0219te Ziua Interna\u021bional\u0103 a Muzeelor. Celebrarea \u00een fiecare an, \u00een data de 18 mai, a acestor institu\u021bii este una","twitter_image":"https:\/\/urbeamea.ro\/albaiulia\/wp-content\/uploads\/2021\/05\/143708638_2800147323574180_2970048827447485813_n.jpg","twitter_creator":"@urbeameaweb","twitter_site":"@urbeameaweb","schema":{"@context":"https:\/\/schema.org","@graph":[{"@type":"Article","@id":"https:\/\/urbeamea.ro\/albaiulia\/ziua-internationala-a-muzeelor-vizita-gratuita-la-muzeul-municipal-ioan-raica-sebes-si-casa-memoriala-lucian-blaga-lancram-intre-orele-09-00-16-00\/#article","isPartOf":{"@id":"https:\/\/urbeamea.ro\/albaiulia\/ziua-internationala-a-muzeelor-vizita-gratuita-la-muzeul-municipal-ioan-raica-sebes-si-casa-memoriala-lucian-blaga-lancram-intre-orele-09-00-16-00\/"},"author":{"name":"Cristina Ganga","@id":"https:\/\/urbeamea.ro\/albaiulia\/#\/schema\/person\/9700d21fae21c4f038b0b56f4506264a"},"headline":"Ziua Interna\u021bional\u0103 a Muzeelor: Vizit\u0103 gratuit\u0103 la Muzeul Municipal \u201eIoan Raica\u201d Sebe\u0219 \u0219i Casa Memorial\u0103 \u201eLucian Blaga\u201d Lancr\u0103m, \u00eentre orele 09.00 \u2013 16.00","datePublished":"2021-05-18T13:30:48+00:00","dateModified":"2021-05-18T13:30:51+00:00","mainEntityOfPage":{"@id":"https:\/\/urbeamea.ro\/albaiulia\/ziua-internationala-a-muzeelor-vizita-gratuita-la-muzeul-municipal-ioan-raica-sebes-si-casa-memoriala-lucian-blaga-lancram-intre-orele-09-00-16-00\/"},"wordCount":433,"commentCount":0,"image":{"@id":"https:\/\/urbeamea.ro\/albaiulia\/ziua-internationala-a-muzeelor-vizita-gratuita-la-muzeul-municipal-ioan-raica-sebes-si-casa-memoriala-lucian-blaga-lancram-intre-orele-09-00-16-00\/#primaryimage"},"thumbnailUrl":"https:\/\/urbeamea.ro\/albaiulia\/wp-content\/uploads\/2021\/05\/143708638_2800147323574180_2970048827447485813_n.jpg","keywords":["casa memoriala lucian blaga lancram","muzeul municipal ioan raica sebes","vizita gratuita","ziua internationala a muzeelor"],"articleSection":["Istorie"],"inLanguage":"ro-RO","potentialAction":[{"@type":"CommentAction","name":"Comment","target":["https:\/\/urbeamea.ro\/albaiulia\/ziua-internationala-a-muzeelor-vizita-gratuita-la-muzeul-municipal-ioan-raica-sebes-si-casa-memoriala-lucian-blaga-lancram-intre-orele-09-00-16-00\/#respond"]}]},{"@type":"WebPage","@id":"https:\/\/urbeamea.ro\/albaiulia\/ziua-internationala-a-muzeelor-vizita-gratuita-la-muzeul-municipal-ioan-raica-sebes-si-casa-memoriala-lucian-blaga-lancram-intre-orele-09-00-16-00\/","url":"https:\/\/urbeamea.ro\/albaiulia\/ziua-internationala-a-muzeelor-vizita-gratuita-la-muzeul-municipal-ioan-raica-sebes-si-casa-memoriala-lucian-blaga-lancram-intre-orele-09-00-16-00\/","name":"Ziua Interna\u021bional\u0103 a Muzeelor: Vizit\u0103 gratuit\u0103 la Muzeul Municipal \u201eIoan Raica\u201d Sebe\u0219 \u0219i Casa Memorial\u0103 \u201eLucian Blaga\u201d Lancr\u0103m, \u00eentre orele 09.00 \u2013 16.00 - Revista Urbea Mea - Revista de Alba","isPartOf":{"@id":"https:\/\/urbeamea.ro\/albaiulia\/#website"},"primaryImageOfPage":{"@id":"https:\/\/urbeamea.ro\/albaiulia\/ziua-internationala-a-muzeelor-vizita-gratuita-la-muzeul-municipal-ioan-raica-sebes-si-casa-memoriala-lucian-blaga-lancram-intre-orele-09-00-16-00\/#primaryimage"},"image":{"@id":"https:\/\/urbeamea.ro\/albaiulia\/ziua-internationala-a-muzeelor-vizita-gratuita-la-muzeul-municipal-ioan-raica-sebes-si-casa-memoriala-lucian-blaga-lancram-intre-orele-09-00-16-00\/#primaryimage"},"thumbnailUrl":"https:\/\/urbeamea.ro\/albaiulia\/wp-content\/uploads\/2021\/05\/143708638_2800147323574180_2970048827447485813_n.jpg","datePublished":"2021-05-18T13:30:48+00:00","dateModified":"2021-05-18T13:30:51+00:00","author":{"@id":"https:\/\/urbeamea.ro\/albaiulia\/#\/schema\/person\/9700d21fae21c4f038b0b56f4506264a"},"description":"Ast\u0103zi, \u00een \u00eentreaga lume, se s\u0103rb\u0103tore\u0219te Ziua Interna\u021bional\u0103 a Muzeelor. Celebrarea \u00een fiecare an, \u00een data de 18 mai, a acestor institu\u021bii este una","breadcrumb":{"@id":"https:\/\/urbeamea.ro\/albaiulia\/ziua-internationala-a-muzeelor-vizita-gratuita-la-muzeul-municipal-ioan-raica-sebes-si-casa-memoriala-lucian-blaga-lancram-intre-orele-09-00-16-00\/#breadcrumb"},"inLanguage":"ro-RO","potentialAction":[{"@type":"ReadAction","target":["https:\/\/urbeamea.ro\/albaiulia\/ziua-internationala-a-muzeelor-vizita-gratuita-la-muzeul-municipal-ioan-raica-sebes-si-casa-memoriala-lucian-blaga-lancram-intre-orele-09-00-16-00\/"]}]},{"@type":"ImageObject","inLanguage":"ro-RO","@id":"https:\/\/urbeamea.ro\/albaiulia\/ziua-internationala-a-muzeelor-vizita-gratuita-la-muzeul-municipal-ioan-raica-sebes-si-casa-memoriala-lucian-blaga-lancram-intre-orele-09-00-16-00\/#primaryimage","url":"https:\/\/urbeamea.ro\/albaiulia\/wp-content\/uploads\/2021\/05\/143708638_2800147323574180_2970048827447485813_n.jpg","contentUrl":"https:\/\/urbeamea.ro\/albaiulia\/wp-content\/uploads\/2021\/05\/143708638_2800147323574180_2970048827447485813_n.jpg","width":1400,"height":933},{"@type":"BreadcrumbList","@id":"https:\/\/urbeamea.ro\/albaiulia\/ziua-internationala-a-muzeelor-vizita-gratuita-la-muzeul-municipal-ioan-raica-sebes-si-casa-memoriala-lucian-blaga-lancram-intre-orele-09-00-16-00\/#breadcrumb","itemListElement":[{"@type":"ListItem","position":1,"name":"Prima pagin\u0103","item":"https:\/\/urbeamea.ro\/albaiulia\/"},{"@type":"ListItem","position":2,"name":"Ziua Interna\u021bional\u0103 a Muzeelor: Vizit\u0103 gratuit\u0103 la Muzeul Municipal \u201eIoan Raica\u201d Sebe\u0219 \u0219i Casa Memorial\u0103 \u201eLucian Blaga\u201d Lancr\u0103m, \u00eentre orele 09.00 \u2013 16.00"}]},{"@type":"WebSite","@id":"https:\/\/urbeamea.ro\/albaiulia\/#website","url":"https:\/\/urbeamea.ro\/albaiulia\/","name":"Revista Urbea Mea, Stiri urbane","description":"Evenimente \u0219i \u0219tiri din Alba Iulia, Sebe\u0219, Aiud, Blaj","potentialAction":[{"@type":"SearchAction","target":{"@type":"EntryPoint","urlTemplate":"https:\/\/urbeamea.ro\/albaiulia\/?s={search_term_string}"},"query-input":{"@type":"PropertyValueSpecification","valueRequired":true,"valueName":"search_term_string"}}],"inLanguage":"ro-RO"},{"@type":"Person","@id":"https:\/\/urbeamea.ro\/albaiulia\/#\/schema\/person\/9700d21fae21c4f038b0b56f4506264a","name":"Cristina Ganga","image":{"@type":"ImageObject","inLanguage":"ro-RO","@id":"https:\/\/secure.gravatar.com\/avatar\/5a67661041f057b4a8ccaf26f5a8e86e2689372006d01faf3dd9eeb10b654bb4?s=96&d=mm&r=g","url":"https:\/\/secure.gravatar.com\/avatar\/5a67661041f057b4a8ccaf26f5a8e86e2689372006d01faf3dd9eeb10b654bb4?s=96&d=mm&r=g","contentUrl":"https:\/\/secure.gravatar.com\/avatar\/5a67661041f057b4a8ccaf26f5a8e86e2689372006d01faf3dd9eeb10b654bb4?s=96&d=mm&r=g","caption":"Cristina Ganga"},"description":"Jurnalist","sameAs":["https:\/\/www.facebook.com\/cristina.nicola.587"],"url":"https:\/\/urbeamea.ro\/albaiulia\/author\/cristina-nicola\/"}]}},"_links":{"self":[{"href":"https:\/\/urbeamea.ro\/albaiulia\/wp-json\/wp\/v2\/posts\/95749","targetHints":{"allow":["GET"]}}],"collection":[{"href":"https:\/\/urbeamea.ro\/albaiulia\/wp-json\/wp\/v2\/posts"}],"about":[{"href":"https:\/\/urbeamea.ro\/albaiulia\/wp-json\/wp\/v2\/types\/post"}],"author":[{"embeddable":true,"href":"https:\/\/urbeamea.ro\/albaiulia\/wp-json\/wp\/v2\/users\/17"}],"replies":[{"embeddable":true,"href":"https:\/\/urbeamea.ro\/albaiulia\/wp-json\/wp\/v2\/comments?post=95749"}],"version-history":[{"count":1,"href":"https:\/\/urbeamea.ro\/albaiulia\/wp-json\/wp\/v2\/posts\/95749\/revisions"}],"predecessor-version":[{"id":95753,"href":"https:\/\/urbeamea.ro\/albaiulia\/wp-json\/wp\/v2\/posts\/95749\/revisions\/95753"}],"wp:featuredmedia":[{"embeddable":true,"href":"https:\/\/urbeamea.ro\/albaiulia\/wp-json\/wp\/v2\/media\/95752"}],"wp:attachment":[{"href":"https:\/\/urbeamea.ro\/albaiulia\/wp-json\/wp\/v2\/media?parent=95749"}],"wp:term":[{"taxonomy":"category","embeddable":true,"href":"https:\/\/urbeamea.ro\/albaiulia\/wp-json\/wp\/v2\/categories?post=95749"},{"taxonomy":"post_tag","embeddable":true,"href":"https:\/\/urbeamea.ro\/albaiulia\/wp-json\/wp\/v2\/tags?post=95749"}],"curies":[{"name":"wp","href":"https:\/\/api.w.org\/{rel}","templated":true}]}}