{"id":95917,"date":"2021-05-27T20:14:53","date_gmt":"2021-05-27T17:14:53","guid":{"rendered":"https:\/\/urbeamea.ro\/albaiulia\/?p=95917"},"modified":"2021-05-27T20:14:55","modified_gmt":"2021-05-27T17:14:55","slug":"sarbatorile-copilariei-in-arhiepiscopia-alba-iulia-bunatatea-sufletului-de-copil","status":"publish","type":"post","link":"https:\/\/urbeamea.ro\/albaiulia\/sarbatorile-copilariei-in-arhiepiscopia-alba-iulia-bunatatea-sufletului-de-copil\/","title":{"rendered":"S\u0103rb\u0103torile Copil\u0103riei \u00een Arhiepiscopia Alba Iulia: \u201eBun\u0103tatea sufletului de copil\u201d"},"content":{"rendered":"\n<h2 class=\"wp-block-heading\">\u00cen Arhiepiscopia Ortodox\u0103 Alba Iulia au \u00eenceput activit\u0103\u021bi speciale dedicate anivers\u0103rii copiilor \u00een toate a\u0219ez\u0103mintele sociale \u0219i educa\u021bionale eparhiale \u00een care sunt ocroti\u021bi copii \u0219i tineri. Activit\u0103\u021bile se desf\u0103\u0219oar\u0103 \u00een perioada 25 mai-05 iunie 2021, cu binecuv\u00e2ntarea \u00cenaltpresfin\u021bitului Irineu, Arhiepiscopul Alba Iuliei, sub denumirea generic\u0103 \u201eS\u0103rb\u0103torile Copil\u0103riei \u2013 Bun\u0103tatea sufletului de copil\u201d. Scopul acestora este dezvoltarea la copii a unor sentimente nobile, precum bun\u0103tatea, bl\u00e2nde\u021bea, r\u0103bdarea, iertarea, compasiunea, aprecierea \u0219i respectul fa\u021b\u0103 de ceilal\u021bi.<\/h2>\n\n\n\n<p>Activit\u0103\u021bile vor fi organizate la nivelul fiec\u0103rui centru \u00een parte, sub forma unor evenimente artistice, concursuri de desen \u0219i cuno\u0219tin\u021be generale, jocuri de cunoa\u0219tere, activit\u0103\u021bi recreative \u00een parcuri tematice, vizitarea unor institu\u021bii de cultur\u0103 sau s\u0103rb\u0103torirea unor zile aniversare, prin implicarea \u00eentregului personal \u0219i a voluntarilor. Simbolul tuturor activit\u0103\u021bilor este imaginea unei inimi de culoare ro\u0219ie, pe care copiii o vor purta la piept \u0219i pe care va scrie \u201eBun\u0103tatea sufletului de copil\u201d.<\/p>\n\n\n\n<p>Aceste \u201eS\u0103rb\u0103tori ale Copil\u0103riei\u201d ne ofer\u0103 prilejul de a vorbi despre bun\u0103tatea sufleteasc\u0103 a copiilor, despre faptul c\u0103 inimile tuturor copiilor sunt bune, chiar dac\u0103 unele comportamente ale acestora sunt c\u00e2teodat\u0103 gre\u0219ite. Sunt momente potrivite pentru a da glas \u00eencrederii pe care o avem \u00een frumuse\u021bea, inocen\u021ba \u0219i creativitatea lor, oferindu-le ni\u0219te zile minunate, pe care copiii s\u0103 le \u00eenfumuse\u021beze cu z\u00e2mbete \u0219i bucurie.<\/p>\n\n\n\n<p>\u00cen cadrul Arhiepiscopiei Ortodoxe Alba Iulia func\u021bioneaz\u0103 cu binecuv\u00e2ntarea \u00cenaltpresfin\u021bitului P\u0103rinte Irineu, 18 Case de Tip Familial \u0219i Centre de Plasament, 15 Centre de zi \u0219i 16 Centre \u201e\u0218coal\u0103 dup\u0103 \u0218coal\u0103\u201d, \u00een care sunt octoti\u021bi peste 1000 de copii. Aceste a\u0219ez\u0103minte func\u021bioneaz\u0103 sub administrarea organiza\u021biilor nonguvernamentale eparhiale, din fonduri proprii, \u00een parteneriat cu autorit\u0103\u021bile publice jude\u021bene \u0219i locale, precum \u0219i \u00een cadrul Proiectului \u201eEduca\u021bie spre Voca\u021bie!\u201d.<\/p>\n\n\n\n<p><em>Biroul de pres\u0103 al Asocia\u021biei Filantropia Ortodox\u0103 Alba Iulia<\/em><\/p>\n\n\n\n<figure class=\"wp-block-gallery columns-3 is-cropped wp-block-gallery-1 is-layout-flex wp-block-gallery-is-layout-flex\"><ul class=\"blocks-gallery-grid\"><li class=\"blocks-gallery-item\"><figure><a href=\"https:\/\/urbeamea.ro\/albaiulia\/wp-content\/uploads\/2021\/05\/1.jpg\"><img loading=\"lazy\" decoding=\"async\" width=\"1280\" height=\"995\" src=\"https:\/\/urbeamea.ro\/albaiulia\/wp-content\/uploads\/2021\/05\/1-1280x995.jpg\" alt=\"\" data-id=\"95918\" data-full-url=\"https:\/\/urbeamea.ro\/albaiulia\/wp-content\/uploads\/2021\/05\/1.jpg\" data-link=\"https:\/\/urbeamea.ro\/albaiulia\/?attachment_id=95918\" class=\"wp-image-95918\" srcset=\"https:\/\/urbeamea.ro\/albaiulia\/wp-content\/uploads\/2021\/05\/1-1280x995.jpg 1280w, https:\/\/urbeamea.ro\/albaiulia\/wp-content\/uploads\/2021\/05\/1-640x498.jpg 640w, https:\/\/urbeamea.ro\/albaiulia\/wp-content\/uploads\/2021\/05\/1-150x117.jpg 150w, https:\/\/urbeamea.ro\/albaiulia\/wp-content\/uploads\/2021\/05\/1-768x597.jpg 768w, https:\/\/urbeamea.ro\/albaiulia\/wp-content\/uploads\/2021\/05\/1-1536x1194.jpg 1536w, https:\/\/urbeamea.ro\/albaiulia\/wp-content\/uploads\/2021\/05\/1.jpg 1600w\" sizes=\"auto, (max-width: 1280px) 100vw, 1280px\" \/><\/a><\/figure><\/li><li class=\"blocks-gallery-item\"><figure><a href=\"https:\/\/urbeamea.ro\/albaiulia\/wp-content\/uploads\/2021\/05\/2.jpg\"><img loading=\"lazy\" decoding=\"async\" width=\"960\" height=\"1280\" src=\"https:\/\/urbeamea.ro\/albaiulia\/wp-content\/uploads\/2021\/05\/2-960x1280.jpg\" alt=\"\" data-id=\"95919\" data-full-url=\"https:\/\/urbeamea.ro\/albaiulia\/wp-content\/uploads\/2021\/05\/2.jpg\" data-link=\"https:\/\/urbeamea.ro\/albaiulia\/?attachment_id=95919\" class=\"wp-image-95919\" srcset=\"https:\/\/urbeamea.ro\/albaiulia\/wp-content\/uploads\/2021\/05\/2-960x1280.jpg 960w, https:\/\/urbeamea.ro\/albaiulia\/wp-content\/uploads\/2021\/05\/2-480x640.jpg 480w, https:\/\/urbeamea.ro\/albaiulia\/wp-content\/uploads\/2021\/05\/2-113x150.jpg 113w, https:\/\/urbeamea.ro\/albaiulia\/wp-content\/uploads\/2021\/05\/2-768x1024.jpg 768w, https:\/\/urbeamea.ro\/albaiulia\/wp-content\/uploads\/2021\/05\/2-1152x1536.jpg 1152w, https:\/\/urbeamea.ro\/albaiulia\/wp-content\/uploads\/2021\/05\/2.jpg 1200w\" sizes=\"auto, (max-width: 960px) 100vw, 960px\" \/><\/a><\/figure><\/li><li class=\"blocks-gallery-item\"><figure><a href=\"https:\/\/urbeamea.ro\/albaiulia\/wp-content\/uploads\/2021\/05\/3.jpg\"><img loading=\"lazy\" decoding=\"async\" width=\"1280\" height=\"960\" src=\"https:\/\/urbeamea.ro\/albaiulia\/wp-content\/uploads\/2021\/05\/3-1280x960.jpg\" alt=\"\" data-id=\"95920\" data-full-url=\"https:\/\/urbeamea.ro\/albaiulia\/wp-content\/uploads\/2021\/05\/3.jpg\" data-link=\"https:\/\/urbeamea.ro\/albaiulia\/?attachment_id=95920\" class=\"wp-image-95920\" srcset=\"https:\/\/urbeamea.ro\/albaiulia\/wp-content\/uploads\/2021\/05\/3-1280x960.jpg 1280w, https:\/\/urbeamea.ro\/albaiulia\/wp-content\/uploads\/2021\/05\/3-640x480.jpg 640w, https:\/\/urbeamea.ro\/albaiulia\/wp-content\/uploads\/2021\/05\/3-150x113.jpg 150w, https:\/\/urbeamea.ro\/albaiulia\/wp-content\/uploads\/2021\/05\/3-768x576.jpg 768w, https:\/\/urbeamea.ro\/albaiulia\/wp-content\/uploads\/2021\/05\/3-1536x1152.jpg 1536w, https:\/\/urbeamea.ro\/albaiulia\/wp-content\/uploads\/2021\/05\/3.jpg 1600w\" sizes=\"auto, (max-width: 1280px) 100vw, 1280px\" \/><\/a><\/figure><\/li><li class=\"blocks-gallery-item\"><figure><a href=\"https:\/\/urbeamea.ro\/albaiulia\/wp-content\/uploads\/2021\/05\/4.jpg\"><img loading=\"lazy\" decoding=\"async\" width=\"1280\" height=\"960\" src=\"https:\/\/urbeamea.ro\/albaiulia\/wp-content\/uploads\/2021\/05\/4-1280x960.jpg\" alt=\"\" data-id=\"95921\" data-full-url=\"https:\/\/urbeamea.ro\/albaiulia\/wp-content\/uploads\/2021\/05\/4.jpg\" data-link=\"https:\/\/urbeamea.ro\/albaiulia\/?attachment_id=95921\" class=\"wp-image-95921\" srcset=\"https:\/\/urbeamea.ro\/albaiulia\/wp-content\/uploads\/2021\/05\/4-1280x960.jpg 1280w, https:\/\/urbeamea.ro\/albaiulia\/wp-content\/uploads\/2021\/05\/4-640x480.jpg 640w, https:\/\/urbeamea.ro\/albaiulia\/wp-content\/uploads\/2021\/05\/4-150x113.jpg 150w, https:\/\/urbeamea.ro\/albaiulia\/wp-content\/uploads\/2021\/05\/4-768x576.jpg 768w, https:\/\/urbeamea.ro\/albaiulia\/wp-content\/uploads\/2021\/05\/4-1536x1152.jpg 1536w, https:\/\/urbeamea.ro\/albaiulia\/wp-content\/uploads\/2021\/05\/4.jpg 1600w\" sizes=\"auto, (max-width: 1280px) 100vw, 1280px\" \/><\/a><\/figure><\/li><li class=\"blocks-gallery-item\"><figure><a href=\"https:\/\/urbeamea.ro\/albaiulia\/wp-content\/uploads\/2021\/05\/5.jpg\"><img loading=\"lazy\" decoding=\"async\" width=\"960\" height=\"1280\" src=\"https:\/\/urbeamea.ro\/albaiulia\/wp-content\/uploads\/2021\/05\/5-960x1280.jpg\" alt=\"\" data-id=\"95922\" data-full-url=\"https:\/\/urbeamea.ro\/albaiulia\/wp-content\/uploads\/2021\/05\/5.jpg\" data-link=\"https:\/\/urbeamea.ro\/albaiulia\/?attachment_id=95922\" class=\"wp-image-95922\" srcset=\"https:\/\/urbeamea.ro\/albaiulia\/wp-content\/uploads\/2021\/05\/5-960x1280.jpg 960w, https:\/\/urbeamea.ro\/albaiulia\/wp-content\/uploads\/2021\/05\/5-480x640.jpg 480w, https:\/\/urbeamea.ro\/albaiulia\/wp-content\/uploads\/2021\/05\/5-113x150.jpg 113w, https:\/\/urbeamea.ro\/albaiulia\/wp-content\/uploads\/2021\/05\/5-768x1024.jpg 768w, https:\/\/urbeamea.ro\/albaiulia\/wp-content\/uploads\/2021\/05\/5-1152x1536.jpg 1152w, https:\/\/urbeamea.ro\/albaiulia\/wp-content\/uploads\/2021\/05\/5.jpg 1200w\" sizes=\"auto, (max-width: 960px) 100vw, 960px\" \/><\/a><\/figure><\/li><li class=\"blocks-gallery-item\"><figure><a href=\"https:\/\/urbeamea.ro\/albaiulia\/wp-content\/uploads\/2021\/05\/6.jpg\"><img loading=\"lazy\" decoding=\"async\" width=\"960\" height=\"720\" src=\"https:\/\/urbeamea.ro\/albaiulia\/wp-content\/uploads\/2021\/05\/6.jpg\" alt=\"\" data-id=\"95923\" data-full-url=\"https:\/\/urbeamea.ro\/albaiulia\/wp-content\/uploads\/2021\/05\/6.jpg\" data-link=\"https:\/\/urbeamea.ro\/albaiulia\/?attachment_id=95923\" class=\"wp-image-95923\" srcset=\"https:\/\/urbeamea.ro\/albaiulia\/wp-content\/uploads\/2021\/05\/6.jpg 960w, https:\/\/urbeamea.ro\/albaiulia\/wp-content\/uploads\/2021\/05\/6-640x480.jpg 640w, https:\/\/urbeamea.ro\/albaiulia\/wp-content\/uploads\/2021\/05\/6-150x113.jpg 150w, https:\/\/urbeamea.ro\/albaiulia\/wp-content\/uploads\/2021\/05\/6-768x576.jpg 768w\" sizes=\"auto, (max-width: 960px) 100vw, 960px\" \/><\/a><\/figure><\/li><\/ul><\/figure>\n","protected":false},"excerpt":{"rendered":"<p>\u00cen Arhiepiscopia Ortodox\u0103 Alba Iulia au \u00eenceput activit\u0103\u021bi speciale dedicate anivers\u0103rii copiilor \u00een toate a\u0219ez\u0103mintele sociale \u0219i educa\u021bionale eparhiale \u00een care sunt ocroti\u021bi copii \u0219i tineri. Activit\u0103\u021bile se desf\u0103\u0219oar\u0103 \u00een perioada 25 mai-05 iunie 2021, cu binecuv\u00e2ntarea \u00cenaltpresfin\u021bitului Irineu, Arhiepiscopul Alba Iuliei, sub denumirea generic\u0103 \u201eS\u0103rb\u0103torile Copil\u0103riei \u2013 Bun\u0103tatea sufletului de copil\u201d. Scopul acestora este &hellip;<\/p>\n","protected":false},"author":17,"featured_media":95919,"comment_status":"open","ping_status":"open","sticky":false,"template":"","format":"standard","meta":{"inline_featured_image":false,"footnotes":""},"categories":[2034],"tags":[14647,22948,22947,22946],"class_list":["post-95917","post","type-post","status-publish","format-standard","has-post-thumbnail","hentry","category-social","tag-arhiepiscopia-alba-iulia","tag-asezaminte-sociale-si-educationale-eparhiale","tag-bunatatea-sufletului-de-copil","tag-sarbatorile-copilariei"],"yoast_head":"<!-- This site is optimized with the Yoast SEO plugin v27.4 - https:\/\/yoast.com\/product\/yoast-seo-wordpress\/ -->\n<title>S\u0103rb\u0103torile Copil\u0103riei \u00een Arhiepiscopia Alba Iulia: \u201eBun\u0103tatea sufletului de copil\u201d - Revista Urbea Mea - Revista de Alba<\/title>\n<meta name=\"description\" content=\"\u00cen Arhiepiscopia Ortodox\u0103 Alba Iulia au \u00eenceput activit\u0103\u021bi speciale dedicate anivers\u0103rii copiilor \u00een toate a\u0219ez\u0103mintele sociale \u0219i educa\u021bionale eparhiale\" \/>\n<meta name=\"robots\" content=\"index, follow, max-snippet:-1, max-image-preview:large, max-video-preview:-1\" \/>\n<link rel=\"canonical\" href=\"https:\/\/urbeamea.ro\/albaiulia\/sarbatorile-copilariei-in-arhiepiscopia-alba-iulia-bunatatea-sufletului-de-copil\/\" \/>\n<meta name=\"twitter:card\" content=\"summary_large_image\" \/>\n<meta name=\"twitter:title\" content=\"S\u0103rb\u0103torile Copil\u0103riei \u00een Arhiepiscopia Alba Iulia: \u201eBun\u0103tatea sufletului de copil\u201d - Revista Urbea Mea - Revista de Alba\" \/>\n<meta name=\"twitter:description\" content=\"\u00cen Arhiepiscopia Ortodox\u0103 Alba Iulia au \u00eenceput activit\u0103\u021bi speciale dedicate anivers\u0103rii copiilor \u00een toate a\u0219ez\u0103mintele sociale \u0219i educa\u021bionale eparhiale\" \/>\n<meta name=\"twitter:image\" content=\"https:\/\/urbeamea.ro\/albaiulia\/wp-content\/uploads\/2021\/05\/2.jpg\" \/>\n<meta name=\"twitter:creator\" content=\"@urbeameaweb\" \/>\n<meta name=\"twitter:site\" content=\"@urbeameaweb\" \/>\n<script type=\"application\/ld+json\" class=\"yoast-schema-graph\">{\"@context\":\"https:\\\/\\\/schema.org\",\"@graph\":[{\"@type\":\"Article\",\"@id\":\"https:\\\/\\\/urbeamea.ro\\\/albaiulia\\\/sarbatorile-copilariei-in-arhiepiscopia-alba-iulia-bunatatea-sufletului-de-copil\\\/#article\",\"isPartOf\":{\"@id\":\"https:\\\/\\\/urbeamea.ro\\\/albaiulia\\\/sarbatorile-copilariei-in-arhiepiscopia-alba-iulia-bunatatea-sufletului-de-copil\\\/\"},\"author\":{\"name\":\"Cristina Ganga\",\"@id\":\"https:\\\/\\\/urbeamea.ro\\\/albaiulia\\\/#\\\/schema\\\/person\\\/9700d21fae21c4f038b0b56f4506264a\"},\"headline\":\"S\u0103rb\u0103torile Copil\u0103riei \u00een Arhiepiscopia Alba Iulia: \u201eBun\u0103tatea sufletului de copil\u201d\",\"datePublished\":\"2021-05-27T17:14:53+00:00\",\"dateModified\":\"2021-05-27T17:14:55+00:00\",\"mainEntityOfPage\":{\"@id\":\"https:\\\/\\\/urbeamea.ro\\\/albaiulia\\\/sarbatorile-copilariei-in-arhiepiscopia-alba-iulia-bunatatea-sufletului-de-copil\\\/\"},\"wordCount\":349,\"commentCount\":0,\"image\":{\"@id\":\"https:\\\/\\\/urbeamea.ro\\\/albaiulia\\\/sarbatorile-copilariei-in-arhiepiscopia-alba-iulia-bunatatea-sufletului-de-copil\\\/#primaryimage\"},\"thumbnailUrl\":\"https:\\\/\\\/urbeamea.ro\\\/albaiulia\\\/wp-content\\\/uploads\\\/2021\\\/05\\\/2.jpg\",\"keywords\":[\"arhiepiscopia alba iulia\",\"asezaminte sociale si educationale eparhiale\",\"bunatatea sufletului de copil\",\"sarbatorile copilariei\"],\"articleSection\":[\"Social\"],\"inLanguage\":\"ro-RO\",\"potentialAction\":[{\"@type\":\"CommentAction\",\"name\":\"Comment\",\"target\":[\"https:\\\/\\\/urbeamea.ro\\\/albaiulia\\\/sarbatorile-copilariei-in-arhiepiscopia-alba-iulia-bunatatea-sufletului-de-copil\\\/#respond\"]}]},{\"@type\":\"WebPage\",\"@id\":\"https:\\\/\\\/urbeamea.ro\\\/albaiulia\\\/sarbatorile-copilariei-in-arhiepiscopia-alba-iulia-bunatatea-sufletului-de-copil\\\/\",\"url\":\"https:\\\/\\\/urbeamea.ro\\\/albaiulia\\\/sarbatorile-copilariei-in-arhiepiscopia-alba-iulia-bunatatea-sufletului-de-copil\\\/\",\"name\":\"S\u0103rb\u0103torile Copil\u0103riei \u00een Arhiepiscopia Alba Iulia: \u201eBun\u0103tatea sufletului de copil\u201d - Revista Urbea Mea - Revista de Alba\",\"isPartOf\":{\"@id\":\"https:\\\/\\\/urbeamea.ro\\\/albaiulia\\\/#website\"},\"primaryImageOfPage\":{\"@id\":\"https:\\\/\\\/urbeamea.ro\\\/albaiulia\\\/sarbatorile-copilariei-in-arhiepiscopia-alba-iulia-bunatatea-sufletului-de-copil\\\/#primaryimage\"},\"image\":{\"@id\":\"https:\\\/\\\/urbeamea.ro\\\/albaiulia\\\/sarbatorile-copilariei-in-arhiepiscopia-alba-iulia-bunatatea-sufletului-de-copil\\\/#primaryimage\"},\"thumbnailUrl\":\"https:\\\/\\\/urbeamea.ro\\\/albaiulia\\\/wp-content\\\/uploads\\\/2021\\\/05\\\/2.jpg\",\"datePublished\":\"2021-05-27T17:14:53+00:00\",\"dateModified\":\"2021-05-27T17:14:55+00:00\",\"author\":{\"@id\":\"https:\\\/\\\/urbeamea.ro\\\/albaiulia\\\/#\\\/schema\\\/person\\\/9700d21fae21c4f038b0b56f4506264a\"},\"description\":\"\u00cen Arhiepiscopia Ortodox\u0103 Alba Iulia au \u00eenceput activit\u0103\u021bi speciale dedicate anivers\u0103rii copiilor \u00een toate a\u0219ez\u0103mintele sociale \u0219i educa\u021bionale eparhiale\",\"breadcrumb\":{\"@id\":\"https:\\\/\\\/urbeamea.ro\\\/albaiulia\\\/sarbatorile-copilariei-in-arhiepiscopia-alba-iulia-bunatatea-sufletului-de-copil\\\/#breadcrumb\"},\"inLanguage\":\"ro-RO\",\"potentialAction\":[{\"@type\":\"ReadAction\",\"target\":[\"https:\\\/\\\/urbeamea.ro\\\/albaiulia\\\/sarbatorile-copilariei-in-arhiepiscopia-alba-iulia-bunatatea-sufletului-de-copil\\\/\"]}]},{\"@type\":\"ImageObject\",\"inLanguage\":\"ro-RO\",\"@id\":\"https:\\\/\\\/urbeamea.ro\\\/albaiulia\\\/sarbatorile-copilariei-in-arhiepiscopia-alba-iulia-bunatatea-sufletului-de-copil\\\/#primaryimage\",\"url\":\"https:\\\/\\\/urbeamea.ro\\\/albaiulia\\\/wp-content\\\/uploads\\\/2021\\\/05\\\/2.jpg\",\"contentUrl\":\"https:\\\/\\\/urbeamea.ro\\\/albaiulia\\\/wp-content\\\/uploads\\\/2021\\\/05\\\/2.jpg\",\"width\":1200,\"height\":1600},{\"@type\":\"BreadcrumbList\",\"@id\":\"https:\\\/\\\/urbeamea.ro\\\/albaiulia\\\/sarbatorile-copilariei-in-arhiepiscopia-alba-iulia-bunatatea-sufletului-de-copil\\\/#breadcrumb\",\"itemListElement\":[{\"@type\":\"ListItem\",\"position\":1,\"name\":\"Prima pagin\u0103\",\"item\":\"https:\\\/\\\/urbeamea.ro\\\/albaiulia\\\/\"},{\"@type\":\"ListItem\",\"position\":2,\"name\":\"S\u0103rb\u0103torile Copil\u0103riei \u00een Arhiepiscopia Alba Iulia: \u201eBun\u0103tatea sufletului de copil\u201d\"}]},{\"@type\":\"WebSite\",\"@id\":\"https:\\\/\\\/urbeamea.ro\\\/albaiulia\\\/#website\",\"url\":\"https:\\\/\\\/urbeamea.ro\\\/albaiulia\\\/\",\"name\":\"Revista Urbea Mea, Stiri urbane\",\"description\":\"Evenimente \u0219i \u0219tiri din Alba Iulia, Sebe\u0219, Aiud, Blaj\",\"potentialAction\":[{\"@type\":\"SearchAction\",\"target\":{\"@type\":\"EntryPoint\",\"urlTemplate\":\"https:\\\/\\\/urbeamea.ro\\\/albaiulia\\\/?s={search_term_string}\"},\"query-input\":{\"@type\":\"PropertyValueSpecification\",\"valueRequired\":true,\"valueName\":\"search_term_string\"}}],\"inLanguage\":\"ro-RO\"},{\"@type\":\"Person\",\"@id\":\"https:\\\/\\\/urbeamea.ro\\\/albaiulia\\\/#\\\/schema\\\/person\\\/9700d21fae21c4f038b0b56f4506264a\",\"name\":\"Cristina Ganga\",\"image\":{\"@type\":\"ImageObject\",\"inLanguage\":\"ro-RO\",\"@id\":\"https:\\\/\\\/secure.gravatar.com\\\/avatar\\\/5a67661041f057b4a8ccaf26f5a8e86e2689372006d01faf3dd9eeb10b654bb4?s=96&d=mm&r=g\",\"url\":\"https:\\\/\\\/secure.gravatar.com\\\/avatar\\\/5a67661041f057b4a8ccaf26f5a8e86e2689372006d01faf3dd9eeb10b654bb4?s=96&d=mm&r=g\",\"contentUrl\":\"https:\\\/\\\/secure.gravatar.com\\\/avatar\\\/5a67661041f057b4a8ccaf26f5a8e86e2689372006d01faf3dd9eeb10b654bb4?s=96&d=mm&r=g\",\"caption\":\"Cristina Ganga\"},\"description\":\"Jurnalist\",\"sameAs\":[\"https:\\\/\\\/www.facebook.com\\\/cristina.nicola.587\"],\"url\":\"https:\\\/\\\/urbeamea.ro\\\/albaiulia\\\/author\\\/cristina-nicola\\\/\"}]}<\/script>\n<!-- \/ Yoast SEO plugin. -->","yoast_head_json":{"title":"S\u0103rb\u0103torile Copil\u0103riei \u00een Arhiepiscopia Alba Iulia: \u201eBun\u0103tatea sufletului de copil\u201d - Revista Urbea Mea - Revista de Alba","description":"\u00cen Arhiepiscopia Ortodox\u0103 Alba Iulia au \u00eenceput activit\u0103\u021bi speciale dedicate anivers\u0103rii copiilor \u00een toate a\u0219ez\u0103mintele sociale \u0219i educa\u021bionale eparhiale","robots":{"index":"index","follow":"follow","max-snippet":"max-snippet:-1","max-image-preview":"max-image-preview:large","max-video-preview":"max-video-preview:-1"},"canonical":"https:\/\/urbeamea.ro\/albaiulia\/sarbatorile-copilariei-in-arhiepiscopia-alba-iulia-bunatatea-sufletului-de-copil\/","twitter_card":"summary_large_image","twitter_title":"S\u0103rb\u0103torile Copil\u0103riei \u00een Arhiepiscopia Alba Iulia: \u201eBun\u0103tatea sufletului de copil\u201d - Revista Urbea Mea - Revista de Alba","twitter_description":"\u00cen Arhiepiscopia Ortodox\u0103 Alba Iulia au \u00eenceput activit\u0103\u021bi speciale dedicate anivers\u0103rii copiilor \u00een toate a\u0219ez\u0103mintele sociale \u0219i educa\u021bionale eparhiale","twitter_image":"https:\/\/urbeamea.ro\/albaiulia\/wp-content\/uploads\/2021\/05\/2.jpg","twitter_creator":"@urbeameaweb","twitter_site":"@urbeameaweb","schema":{"@context":"https:\/\/schema.org","@graph":[{"@type":"Article","@id":"https:\/\/urbeamea.ro\/albaiulia\/sarbatorile-copilariei-in-arhiepiscopia-alba-iulia-bunatatea-sufletului-de-copil\/#article","isPartOf":{"@id":"https:\/\/urbeamea.ro\/albaiulia\/sarbatorile-copilariei-in-arhiepiscopia-alba-iulia-bunatatea-sufletului-de-copil\/"},"author":{"name":"Cristina Ganga","@id":"https:\/\/urbeamea.ro\/albaiulia\/#\/schema\/person\/9700d21fae21c4f038b0b56f4506264a"},"headline":"S\u0103rb\u0103torile Copil\u0103riei \u00een Arhiepiscopia Alba Iulia: \u201eBun\u0103tatea sufletului de copil\u201d","datePublished":"2021-05-27T17:14:53+00:00","dateModified":"2021-05-27T17:14:55+00:00","mainEntityOfPage":{"@id":"https:\/\/urbeamea.ro\/albaiulia\/sarbatorile-copilariei-in-arhiepiscopia-alba-iulia-bunatatea-sufletului-de-copil\/"},"wordCount":349,"commentCount":0,"image":{"@id":"https:\/\/urbeamea.ro\/albaiulia\/sarbatorile-copilariei-in-arhiepiscopia-alba-iulia-bunatatea-sufletului-de-copil\/#primaryimage"},"thumbnailUrl":"https:\/\/urbeamea.ro\/albaiulia\/wp-content\/uploads\/2021\/05\/2.jpg","keywords":["arhiepiscopia alba iulia","asezaminte sociale si educationale eparhiale","bunatatea sufletului de copil","sarbatorile copilariei"],"articleSection":["Social"],"inLanguage":"ro-RO","potentialAction":[{"@type":"CommentAction","name":"Comment","target":["https:\/\/urbeamea.ro\/albaiulia\/sarbatorile-copilariei-in-arhiepiscopia-alba-iulia-bunatatea-sufletului-de-copil\/#respond"]}]},{"@type":"WebPage","@id":"https:\/\/urbeamea.ro\/albaiulia\/sarbatorile-copilariei-in-arhiepiscopia-alba-iulia-bunatatea-sufletului-de-copil\/","url":"https:\/\/urbeamea.ro\/albaiulia\/sarbatorile-copilariei-in-arhiepiscopia-alba-iulia-bunatatea-sufletului-de-copil\/","name":"S\u0103rb\u0103torile Copil\u0103riei \u00een Arhiepiscopia Alba Iulia: \u201eBun\u0103tatea sufletului de copil\u201d - Revista Urbea Mea - Revista de Alba","isPartOf":{"@id":"https:\/\/urbeamea.ro\/albaiulia\/#website"},"primaryImageOfPage":{"@id":"https:\/\/urbeamea.ro\/albaiulia\/sarbatorile-copilariei-in-arhiepiscopia-alba-iulia-bunatatea-sufletului-de-copil\/#primaryimage"},"image":{"@id":"https:\/\/urbeamea.ro\/albaiulia\/sarbatorile-copilariei-in-arhiepiscopia-alba-iulia-bunatatea-sufletului-de-copil\/#primaryimage"},"thumbnailUrl":"https:\/\/urbeamea.ro\/albaiulia\/wp-content\/uploads\/2021\/05\/2.jpg","datePublished":"2021-05-27T17:14:53+00:00","dateModified":"2021-05-27T17:14:55+00:00","author":{"@id":"https:\/\/urbeamea.ro\/albaiulia\/#\/schema\/person\/9700d21fae21c4f038b0b56f4506264a"},"description":"\u00cen Arhiepiscopia Ortodox\u0103 Alba Iulia au \u00eenceput activit\u0103\u021bi speciale dedicate anivers\u0103rii copiilor \u00een toate a\u0219ez\u0103mintele sociale \u0219i educa\u021bionale eparhiale","breadcrumb":{"@id":"https:\/\/urbeamea.ro\/albaiulia\/sarbatorile-copilariei-in-arhiepiscopia-alba-iulia-bunatatea-sufletului-de-copil\/#breadcrumb"},"inLanguage":"ro-RO","potentialAction":[{"@type":"ReadAction","target":["https:\/\/urbeamea.ro\/albaiulia\/sarbatorile-copilariei-in-arhiepiscopia-alba-iulia-bunatatea-sufletului-de-copil\/"]}]},{"@type":"ImageObject","inLanguage":"ro-RO","@id":"https:\/\/urbeamea.ro\/albaiulia\/sarbatorile-copilariei-in-arhiepiscopia-alba-iulia-bunatatea-sufletului-de-copil\/#primaryimage","url":"https:\/\/urbeamea.ro\/albaiulia\/wp-content\/uploads\/2021\/05\/2.jpg","contentUrl":"https:\/\/urbeamea.ro\/albaiulia\/wp-content\/uploads\/2021\/05\/2.jpg","width":1200,"height":1600},{"@type":"BreadcrumbList","@id":"https:\/\/urbeamea.ro\/albaiulia\/sarbatorile-copilariei-in-arhiepiscopia-alba-iulia-bunatatea-sufletului-de-copil\/#breadcrumb","itemListElement":[{"@type":"ListItem","position":1,"name":"Prima pagin\u0103","item":"https:\/\/urbeamea.ro\/albaiulia\/"},{"@type":"ListItem","position":2,"name":"S\u0103rb\u0103torile Copil\u0103riei \u00een Arhiepiscopia Alba Iulia: \u201eBun\u0103tatea sufletului de copil\u201d"}]},{"@type":"WebSite","@id":"https:\/\/urbeamea.ro\/albaiulia\/#website","url":"https:\/\/urbeamea.ro\/albaiulia\/","name":"Revista Urbea Mea, Stiri urbane","description":"Evenimente \u0219i \u0219tiri din Alba Iulia, Sebe\u0219, Aiud, Blaj","potentialAction":[{"@type":"SearchAction","target":{"@type":"EntryPoint","urlTemplate":"https:\/\/urbeamea.ro\/albaiulia\/?s={search_term_string}"},"query-input":{"@type":"PropertyValueSpecification","valueRequired":true,"valueName":"search_term_string"}}],"inLanguage":"ro-RO"},{"@type":"Person","@id":"https:\/\/urbeamea.ro\/albaiulia\/#\/schema\/person\/9700d21fae21c4f038b0b56f4506264a","name":"Cristina Ganga","image":{"@type":"ImageObject","inLanguage":"ro-RO","@id":"https:\/\/secure.gravatar.com\/avatar\/5a67661041f057b4a8ccaf26f5a8e86e2689372006d01faf3dd9eeb10b654bb4?s=96&d=mm&r=g","url":"https:\/\/secure.gravatar.com\/avatar\/5a67661041f057b4a8ccaf26f5a8e86e2689372006d01faf3dd9eeb10b654bb4?s=96&d=mm&r=g","contentUrl":"https:\/\/secure.gravatar.com\/avatar\/5a67661041f057b4a8ccaf26f5a8e86e2689372006d01faf3dd9eeb10b654bb4?s=96&d=mm&r=g","caption":"Cristina Ganga"},"description":"Jurnalist","sameAs":["https:\/\/www.facebook.com\/cristina.nicola.587"],"url":"https:\/\/urbeamea.ro\/albaiulia\/author\/cristina-nicola\/"}]}},"_links":{"self":[{"href":"https:\/\/urbeamea.ro\/albaiulia\/wp-json\/wp\/v2\/posts\/95917","targetHints":{"allow":["GET"]}}],"collection":[{"href":"https:\/\/urbeamea.ro\/albaiulia\/wp-json\/wp\/v2\/posts"}],"about":[{"href":"https:\/\/urbeamea.ro\/albaiulia\/wp-json\/wp\/v2\/types\/post"}],"author":[{"embeddable":true,"href":"https:\/\/urbeamea.ro\/albaiulia\/wp-json\/wp\/v2\/users\/17"}],"replies":[{"embeddable":true,"href":"https:\/\/urbeamea.ro\/albaiulia\/wp-json\/wp\/v2\/comments?post=95917"}],"version-history":[{"count":1,"href":"https:\/\/urbeamea.ro\/albaiulia\/wp-json\/wp\/v2\/posts\/95917\/revisions"}],"predecessor-version":[{"id":95924,"href":"https:\/\/urbeamea.ro\/albaiulia\/wp-json\/wp\/v2\/posts\/95917\/revisions\/95924"}],"wp:featuredmedia":[{"embeddable":true,"href":"https:\/\/urbeamea.ro\/albaiulia\/wp-json\/wp\/v2\/media\/95919"}],"wp:attachment":[{"href":"https:\/\/urbeamea.ro\/albaiulia\/wp-json\/wp\/v2\/media?parent=95917"}],"wp:term":[{"taxonomy":"category","embeddable":true,"href":"https:\/\/urbeamea.ro\/albaiulia\/wp-json\/wp\/v2\/categories?post=95917"},{"taxonomy":"post_tag","embeddable":true,"href":"https:\/\/urbeamea.ro\/albaiulia\/wp-json\/wp\/v2\/tags?post=95917"}],"curies":[{"name":"wp","href":"https:\/\/api.w.org\/{rel}","templated":true}]}}