{"id":95925,"date":"2021-05-28T11:57:57","date_gmt":"2021-05-28T08:57:57","guid":{"rendered":"https:\/\/urbeamea.ro\/albaiulia\/?p=95925"},"modified":"2021-05-28T11:58:00","modified_gmt":"2021-05-28T08:58:00","slug":"recensamant-agricol-national-la-sebes","status":"publish","type":"post","link":"https:\/\/urbeamea.ro\/albaiulia\/recensamant-agricol-national-la-sebes\/","title":{"rendered":"Recens\u0103m\u00e2nt Agricol Na\u021bional la Sebe\u0219"},"content":{"rendered":"\n<h2 class=\"wp-block-heading\">Prim\u0103ria Municipiului Sebe\u0219 reaminte\u0219te c\u0103 \u00een perioada 10 mai &#8211; 31 iulie 2021, se desf\u0103\u0219oar\u0103 Recens\u0103m\u00e2ntul Agricol Na\u021bional. <\/h2>\n\n\n\n<p>Adres\u0103m tuturor cet\u0103\u021benilor rug\u0103mintea de a furniza informa\u021biile necesare pentru recens\u0103m\u00e2nt recenzorilor care \u00eei viziteaz\u0103 \u0219i \u00eei asigur\u0103m c\u0103 datele colectate de c\u0103tre ace\u0219tia se folosesc doar \u00een scop statistic.<\/p>\n\n\n\n<p>V\u0103 mul\u021bumim!<\/p>\n","protected":false},"excerpt":{"rendered":"<p>Prim\u0103ria Municipiului Sebe\u0219 reaminte\u0219te c\u0103 \u00een perioada 10 mai &#8211; 31 iulie 2021, se desf\u0103\u0219oar\u0103 Recens\u0103m\u00e2ntul Agricol Na\u021bional. Adres\u0103m tuturor cet\u0103\u021benilor rug\u0103mintea de a furniza informa\u021biile necesare pentru recens\u0103m\u00e2nt recenzorilor care \u00eei viziteaz\u0103 \u0219i \u00eei asigur\u0103m c\u0103 datele colectate de c\u0103tre ace\u0219tia se folosesc doar \u00een scop statistic. V\u0103 mul\u021bumim!<\/p>\n","protected":false},"author":17,"featured_media":95926,"comment_status":"open","ping_status":"open","sticky":false,"template":"","format":"standard","meta":{"inline_featured_image":false,"footnotes":""},"categories":[2035],"tags":[22950,10539,22949,22951],"class_list":["post-95925","post","type-post","status-publish","format-standard","has-post-thumbnail","hentry","category-administratie","tag-date-colectate","tag-primaria-municipiului-sebes","tag-recensamant-agricol-national","tag-scop-statistic"],"yoast_head":"<!-- This site is optimized with the Yoast SEO plugin v27.4 - https:\/\/yoast.com\/product\/yoast-seo-wordpress\/ -->\n<title>Recens\u0103m\u00e2nt Agricol Na\u021bional la Sebe\u0219 - Revista Urbea Mea - Revista de Alba<\/title>\n<meta name=\"description\" content=\"Prim\u0103ria Municipiului Sebe\u0219 reaminte\u0219te c\u0103 \u00een perioada 10 mai - 31 iulie 2021, se desf\u0103\u0219oar\u0103 Recens\u0103m\u00e2ntul Agricol Na\u021bional. Adres\u0103m tuturor cet\u0103\u021benilor\" \/>\n<meta name=\"robots\" content=\"index, follow, max-snippet:-1, max-image-preview:large, max-video-preview:-1\" \/>\n<link rel=\"canonical\" href=\"https:\/\/urbeamea.ro\/albaiulia\/recensamant-agricol-national-la-sebes\/\" \/>\n<meta name=\"twitter:card\" content=\"summary_large_image\" \/>\n<meta name=\"twitter:title\" content=\"Recens\u0103m\u00e2nt Agricol Na\u021bional la Sebe\u0219 - Revista Urbea Mea - Revista de Alba\" \/>\n<meta name=\"twitter:description\" content=\"Prim\u0103ria Municipiului Sebe\u0219 reaminte\u0219te c\u0103 \u00een perioada 10 mai - 31 iulie 2021, se desf\u0103\u0219oar\u0103 Recens\u0103m\u00e2ntul Agricol Na\u021bional. Adres\u0103m tuturor cet\u0103\u021benilor\" \/>\n<meta name=\"twitter:image\" content=\"https:\/\/urbeamea.ro\/albaiulia\/wp-content\/uploads\/2021\/05\/recensamantul.png\" \/>\n<meta name=\"twitter:creator\" content=\"@urbeameaweb\" \/>\n<meta name=\"twitter:site\" content=\"@urbeameaweb\" \/>\n<script type=\"application\/ld+json\" class=\"yoast-schema-graph\">{\"@context\":\"https:\\\/\\\/schema.org\",\"@graph\":[{\"@type\":\"Article\",\"@id\":\"https:\\\/\\\/urbeamea.ro\\\/albaiulia\\\/recensamant-agricol-national-la-sebes\\\/#article\",\"isPartOf\":{\"@id\":\"https:\\\/\\\/urbeamea.ro\\\/albaiulia\\\/recensamant-agricol-national-la-sebes\\\/\"},\"author\":{\"name\":\"Cristina Ganga\",\"@id\":\"https:\\\/\\\/urbeamea.ro\\\/albaiulia\\\/#\\\/schema\\\/person\\\/9700d21fae21c4f038b0b56f4506264a\"},\"headline\":\"Recens\u0103m\u00e2nt Agricol Na\u021bional la Sebe\u0219\",\"datePublished\":\"2021-05-28T08:57:57+00:00\",\"dateModified\":\"2021-05-28T08:58:00+00:00\",\"mainEntityOfPage\":{\"@id\":\"https:\\\/\\\/urbeamea.ro\\\/albaiulia\\\/recensamant-agricol-national-la-sebes\\\/\"},\"wordCount\":71,\"commentCount\":0,\"image\":{\"@id\":\"https:\\\/\\\/urbeamea.ro\\\/albaiulia\\\/recensamant-agricol-national-la-sebes\\\/#primaryimage\"},\"thumbnailUrl\":\"https:\\\/\\\/urbeamea.ro\\\/albaiulia\\\/wp-content\\\/uploads\\\/2021\\\/05\\\/recensamantul.png\",\"keywords\":[\"date colectate\",\"primaria municipiului sebes\",\"recensamant agricol national\",\"scop statistic\"],\"articleSection\":[\"Administra\u021bie\"],\"inLanguage\":\"ro-RO\",\"potentialAction\":[{\"@type\":\"CommentAction\",\"name\":\"Comment\",\"target\":[\"https:\\\/\\\/urbeamea.ro\\\/albaiulia\\\/recensamant-agricol-national-la-sebes\\\/#respond\"]}]},{\"@type\":\"WebPage\",\"@id\":\"https:\\\/\\\/urbeamea.ro\\\/albaiulia\\\/recensamant-agricol-national-la-sebes\\\/\",\"url\":\"https:\\\/\\\/urbeamea.ro\\\/albaiulia\\\/recensamant-agricol-national-la-sebes\\\/\",\"name\":\"Recens\u0103m\u00e2nt Agricol Na\u021bional la Sebe\u0219 - Revista Urbea Mea - Revista de Alba\",\"isPartOf\":{\"@id\":\"https:\\\/\\\/urbeamea.ro\\\/albaiulia\\\/#website\"},\"primaryImageOfPage\":{\"@id\":\"https:\\\/\\\/urbeamea.ro\\\/albaiulia\\\/recensamant-agricol-national-la-sebes\\\/#primaryimage\"},\"image\":{\"@id\":\"https:\\\/\\\/urbeamea.ro\\\/albaiulia\\\/recensamant-agricol-national-la-sebes\\\/#primaryimage\"},\"thumbnailUrl\":\"https:\\\/\\\/urbeamea.ro\\\/albaiulia\\\/wp-content\\\/uploads\\\/2021\\\/05\\\/recensamantul.png\",\"datePublished\":\"2021-05-28T08:57:57+00:00\",\"dateModified\":\"2021-05-28T08:58:00+00:00\",\"author\":{\"@id\":\"https:\\\/\\\/urbeamea.ro\\\/albaiulia\\\/#\\\/schema\\\/person\\\/9700d21fae21c4f038b0b56f4506264a\"},\"description\":\"Prim\u0103ria Municipiului Sebe\u0219 reaminte\u0219te c\u0103 \u00een perioada 10 mai - 31 iulie 2021, se desf\u0103\u0219oar\u0103 Recens\u0103m\u00e2ntul Agricol Na\u021bional. Adres\u0103m tuturor cet\u0103\u021benilor\",\"breadcrumb\":{\"@id\":\"https:\\\/\\\/urbeamea.ro\\\/albaiulia\\\/recensamant-agricol-national-la-sebes\\\/#breadcrumb\"},\"inLanguage\":\"ro-RO\",\"potentialAction\":[{\"@type\":\"ReadAction\",\"target\":[\"https:\\\/\\\/urbeamea.ro\\\/albaiulia\\\/recensamant-agricol-national-la-sebes\\\/\"]}]},{\"@type\":\"ImageObject\",\"inLanguage\":\"ro-RO\",\"@id\":\"https:\\\/\\\/urbeamea.ro\\\/albaiulia\\\/recensamant-agricol-national-la-sebes\\\/#primaryimage\",\"url\":\"https:\\\/\\\/urbeamea.ro\\\/albaiulia\\\/wp-content\\\/uploads\\\/2021\\\/05\\\/recensamantul.png\",\"contentUrl\":\"https:\\\/\\\/urbeamea.ro\\\/albaiulia\\\/wp-content\\\/uploads\\\/2021\\\/05\\\/recensamantul.png\",\"width\":512,\"height\":178},{\"@type\":\"BreadcrumbList\",\"@id\":\"https:\\\/\\\/urbeamea.ro\\\/albaiulia\\\/recensamant-agricol-national-la-sebes\\\/#breadcrumb\",\"itemListElement\":[{\"@type\":\"ListItem\",\"position\":1,\"name\":\"Prima pagin\u0103\",\"item\":\"https:\\\/\\\/urbeamea.ro\\\/albaiulia\\\/\"},{\"@type\":\"ListItem\",\"position\":2,\"name\":\"Recens\u0103m\u00e2nt Agricol Na\u021bional la Sebe\u0219\"}]},{\"@type\":\"WebSite\",\"@id\":\"https:\\\/\\\/urbeamea.ro\\\/albaiulia\\\/#website\",\"url\":\"https:\\\/\\\/urbeamea.ro\\\/albaiulia\\\/\",\"name\":\"Revista Urbea Mea, Stiri urbane\",\"description\":\"Evenimente \u0219i \u0219tiri din Alba Iulia, Sebe\u0219, Aiud, Blaj\",\"potentialAction\":[{\"@type\":\"SearchAction\",\"target\":{\"@type\":\"EntryPoint\",\"urlTemplate\":\"https:\\\/\\\/urbeamea.ro\\\/albaiulia\\\/?s={search_term_string}\"},\"query-input\":{\"@type\":\"PropertyValueSpecification\",\"valueRequired\":true,\"valueName\":\"search_term_string\"}}],\"inLanguage\":\"ro-RO\"},{\"@type\":\"Person\",\"@id\":\"https:\\\/\\\/urbeamea.ro\\\/albaiulia\\\/#\\\/schema\\\/person\\\/9700d21fae21c4f038b0b56f4506264a\",\"name\":\"Cristina Ganga\",\"image\":{\"@type\":\"ImageObject\",\"inLanguage\":\"ro-RO\",\"@id\":\"https:\\\/\\\/secure.gravatar.com\\\/avatar\\\/5a67661041f057b4a8ccaf26f5a8e86e2689372006d01faf3dd9eeb10b654bb4?s=96&d=mm&r=g\",\"url\":\"https:\\\/\\\/secure.gravatar.com\\\/avatar\\\/5a67661041f057b4a8ccaf26f5a8e86e2689372006d01faf3dd9eeb10b654bb4?s=96&d=mm&r=g\",\"contentUrl\":\"https:\\\/\\\/secure.gravatar.com\\\/avatar\\\/5a67661041f057b4a8ccaf26f5a8e86e2689372006d01faf3dd9eeb10b654bb4?s=96&d=mm&r=g\",\"caption\":\"Cristina Ganga\"},\"description\":\"Jurnalist\",\"sameAs\":[\"https:\\\/\\\/www.facebook.com\\\/cristina.nicola.587\"],\"url\":\"https:\\\/\\\/urbeamea.ro\\\/albaiulia\\\/author\\\/cristina-nicola\\\/\"}]}<\/script>\n<!-- \/ Yoast SEO plugin. -->","yoast_head_json":{"title":"Recens\u0103m\u00e2nt Agricol Na\u021bional la Sebe\u0219 - Revista Urbea Mea - Revista de Alba","description":"Prim\u0103ria Municipiului Sebe\u0219 reaminte\u0219te c\u0103 \u00een perioada 10 mai - 31 iulie 2021, se desf\u0103\u0219oar\u0103 Recens\u0103m\u00e2ntul Agricol Na\u021bional. Adres\u0103m tuturor cet\u0103\u021benilor","robots":{"index":"index","follow":"follow","max-snippet":"max-snippet:-1","max-image-preview":"max-image-preview:large","max-video-preview":"max-video-preview:-1"},"canonical":"https:\/\/urbeamea.ro\/albaiulia\/recensamant-agricol-national-la-sebes\/","twitter_card":"summary_large_image","twitter_title":"Recens\u0103m\u00e2nt Agricol Na\u021bional la Sebe\u0219 - Revista Urbea Mea - Revista de Alba","twitter_description":"Prim\u0103ria Municipiului Sebe\u0219 reaminte\u0219te c\u0103 \u00een perioada 10 mai - 31 iulie 2021, se desf\u0103\u0219oar\u0103 Recens\u0103m\u00e2ntul Agricol Na\u021bional. Adres\u0103m tuturor cet\u0103\u021benilor","twitter_image":"https:\/\/urbeamea.ro\/albaiulia\/wp-content\/uploads\/2021\/05\/recensamantul.png","twitter_creator":"@urbeameaweb","twitter_site":"@urbeameaweb","schema":{"@context":"https:\/\/schema.org","@graph":[{"@type":"Article","@id":"https:\/\/urbeamea.ro\/albaiulia\/recensamant-agricol-national-la-sebes\/#article","isPartOf":{"@id":"https:\/\/urbeamea.ro\/albaiulia\/recensamant-agricol-national-la-sebes\/"},"author":{"name":"Cristina Ganga","@id":"https:\/\/urbeamea.ro\/albaiulia\/#\/schema\/person\/9700d21fae21c4f038b0b56f4506264a"},"headline":"Recens\u0103m\u00e2nt Agricol Na\u021bional la Sebe\u0219","datePublished":"2021-05-28T08:57:57+00:00","dateModified":"2021-05-28T08:58:00+00:00","mainEntityOfPage":{"@id":"https:\/\/urbeamea.ro\/albaiulia\/recensamant-agricol-national-la-sebes\/"},"wordCount":71,"commentCount":0,"image":{"@id":"https:\/\/urbeamea.ro\/albaiulia\/recensamant-agricol-national-la-sebes\/#primaryimage"},"thumbnailUrl":"https:\/\/urbeamea.ro\/albaiulia\/wp-content\/uploads\/2021\/05\/recensamantul.png","keywords":["date colectate","primaria municipiului sebes","recensamant agricol national","scop statistic"],"articleSection":["Administra\u021bie"],"inLanguage":"ro-RO","potentialAction":[{"@type":"CommentAction","name":"Comment","target":["https:\/\/urbeamea.ro\/albaiulia\/recensamant-agricol-national-la-sebes\/#respond"]}]},{"@type":"WebPage","@id":"https:\/\/urbeamea.ro\/albaiulia\/recensamant-agricol-national-la-sebes\/","url":"https:\/\/urbeamea.ro\/albaiulia\/recensamant-agricol-national-la-sebes\/","name":"Recens\u0103m\u00e2nt Agricol Na\u021bional la Sebe\u0219 - Revista Urbea Mea - Revista de Alba","isPartOf":{"@id":"https:\/\/urbeamea.ro\/albaiulia\/#website"},"primaryImageOfPage":{"@id":"https:\/\/urbeamea.ro\/albaiulia\/recensamant-agricol-national-la-sebes\/#primaryimage"},"image":{"@id":"https:\/\/urbeamea.ro\/albaiulia\/recensamant-agricol-national-la-sebes\/#primaryimage"},"thumbnailUrl":"https:\/\/urbeamea.ro\/albaiulia\/wp-content\/uploads\/2021\/05\/recensamantul.png","datePublished":"2021-05-28T08:57:57+00:00","dateModified":"2021-05-28T08:58:00+00:00","author":{"@id":"https:\/\/urbeamea.ro\/albaiulia\/#\/schema\/person\/9700d21fae21c4f038b0b56f4506264a"},"description":"Prim\u0103ria Municipiului Sebe\u0219 reaminte\u0219te c\u0103 \u00een perioada 10 mai - 31 iulie 2021, se desf\u0103\u0219oar\u0103 Recens\u0103m\u00e2ntul Agricol Na\u021bional. Adres\u0103m tuturor cet\u0103\u021benilor","breadcrumb":{"@id":"https:\/\/urbeamea.ro\/albaiulia\/recensamant-agricol-national-la-sebes\/#breadcrumb"},"inLanguage":"ro-RO","potentialAction":[{"@type":"ReadAction","target":["https:\/\/urbeamea.ro\/albaiulia\/recensamant-agricol-national-la-sebes\/"]}]},{"@type":"ImageObject","inLanguage":"ro-RO","@id":"https:\/\/urbeamea.ro\/albaiulia\/recensamant-agricol-national-la-sebes\/#primaryimage","url":"https:\/\/urbeamea.ro\/albaiulia\/wp-content\/uploads\/2021\/05\/recensamantul.png","contentUrl":"https:\/\/urbeamea.ro\/albaiulia\/wp-content\/uploads\/2021\/05\/recensamantul.png","width":512,"height":178},{"@type":"BreadcrumbList","@id":"https:\/\/urbeamea.ro\/albaiulia\/recensamant-agricol-national-la-sebes\/#breadcrumb","itemListElement":[{"@type":"ListItem","position":1,"name":"Prima pagin\u0103","item":"https:\/\/urbeamea.ro\/albaiulia\/"},{"@type":"ListItem","position":2,"name":"Recens\u0103m\u00e2nt Agricol Na\u021bional la Sebe\u0219"}]},{"@type":"WebSite","@id":"https:\/\/urbeamea.ro\/albaiulia\/#website","url":"https:\/\/urbeamea.ro\/albaiulia\/","name":"Revista Urbea Mea, Stiri urbane","description":"Evenimente \u0219i \u0219tiri din Alba Iulia, Sebe\u0219, Aiud, Blaj","potentialAction":[{"@type":"SearchAction","target":{"@type":"EntryPoint","urlTemplate":"https:\/\/urbeamea.ro\/albaiulia\/?s={search_term_string}"},"query-input":{"@type":"PropertyValueSpecification","valueRequired":true,"valueName":"search_term_string"}}],"inLanguage":"ro-RO"},{"@type":"Person","@id":"https:\/\/urbeamea.ro\/albaiulia\/#\/schema\/person\/9700d21fae21c4f038b0b56f4506264a","name":"Cristina Ganga","image":{"@type":"ImageObject","inLanguage":"ro-RO","@id":"https:\/\/secure.gravatar.com\/avatar\/5a67661041f057b4a8ccaf26f5a8e86e2689372006d01faf3dd9eeb10b654bb4?s=96&d=mm&r=g","url":"https:\/\/secure.gravatar.com\/avatar\/5a67661041f057b4a8ccaf26f5a8e86e2689372006d01faf3dd9eeb10b654bb4?s=96&d=mm&r=g","contentUrl":"https:\/\/secure.gravatar.com\/avatar\/5a67661041f057b4a8ccaf26f5a8e86e2689372006d01faf3dd9eeb10b654bb4?s=96&d=mm&r=g","caption":"Cristina Ganga"},"description":"Jurnalist","sameAs":["https:\/\/www.facebook.com\/cristina.nicola.587"],"url":"https:\/\/urbeamea.ro\/albaiulia\/author\/cristina-nicola\/"}]}},"_links":{"self":[{"href":"https:\/\/urbeamea.ro\/albaiulia\/wp-json\/wp\/v2\/posts\/95925","targetHints":{"allow":["GET"]}}],"collection":[{"href":"https:\/\/urbeamea.ro\/albaiulia\/wp-json\/wp\/v2\/posts"}],"about":[{"href":"https:\/\/urbeamea.ro\/albaiulia\/wp-json\/wp\/v2\/types\/post"}],"author":[{"embeddable":true,"href":"https:\/\/urbeamea.ro\/albaiulia\/wp-json\/wp\/v2\/users\/17"}],"replies":[{"embeddable":true,"href":"https:\/\/urbeamea.ro\/albaiulia\/wp-json\/wp\/v2\/comments?post=95925"}],"version-history":[{"count":1,"href":"https:\/\/urbeamea.ro\/albaiulia\/wp-json\/wp\/v2\/posts\/95925\/revisions"}],"predecessor-version":[{"id":95927,"href":"https:\/\/urbeamea.ro\/albaiulia\/wp-json\/wp\/v2\/posts\/95925\/revisions\/95927"}],"wp:featuredmedia":[{"embeddable":true,"href":"https:\/\/urbeamea.ro\/albaiulia\/wp-json\/wp\/v2\/media\/95926"}],"wp:attachment":[{"href":"https:\/\/urbeamea.ro\/albaiulia\/wp-json\/wp\/v2\/media?parent=95925"}],"wp:term":[{"taxonomy":"category","embeddable":true,"href":"https:\/\/urbeamea.ro\/albaiulia\/wp-json\/wp\/v2\/categories?post=95925"},{"taxonomy":"post_tag","embeddable":true,"href":"https:\/\/urbeamea.ro\/albaiulia\/wp-json\/wp\/v2\/tags?post=95925"}],"curies":[{"name":"wp","href":"https:\/\/api.w.org\/{rel}","templated":true}]}}