{"id":95928,"date":"2021-05-28T12:02:58","date_gmt":"2021-05-28T09:02:58","guid":{"rendered":"https:\/\/urbeamea.ro\/albaiulia\/?p=95928"},"modified":"2021-05-28T12:03:01","modified_gmt":"2021-05-28T09:03:01","slug":"31-mai-ziua-mondiala-fara-tutun-2","status":"publish","type":"post","link":"https:\/\/urbeamea.ro\/albaiulia\/31-mai-ziua-mondiala-fara-tutun-2\/","title":{"rendered":"31 Mai: Ziua Mondial\u0103 f\u0103r\u0103 tutun"},"content":{"rendered":"\n<h2 class=\"wp-block-heading\"><strong>\u00cen fiecare an, la data de 31 mai, Organiza\u0163ia Mondial\u0103 a S\u0103n\u0103t\u0103\u0163ii (OMS) lanseaz\u0103 campania de marcare a \u201c<em>ZILEI MONDIALE F\u0102R\u0102 TUTUN\u201d<\/em>,&nbsp; pentru a trage un semnal de alarm\u0103 cu privire la riscurile de s\u0103n\u0103tate asociate fumatului, 2021 fiind anul \u00een care mesajul campaniei const\u0103 \u00een angajamentul de renun\u021bare la fumat. Din 2019 p\u00e2n\u0103 \u00een prezent, \u0219i \u00een str\u00e2ns\u0103 leg\u0103tur\u0103 cu pandemia COVID-19, milioane de fum\u0103tori au con\u0219tientizat importan\u021ba s\u0103n\u0103t\u0103\u021bii \u0219i riscurile la care se expun prin consumul de tutun.<\/strong><\/h2>\n\n\n\n<p>\u015ei \u00een acest an, reprezentan\u0163ii Centrului de Prevenire, Evaluare \u015fi Consiliere Antidrog Alba din cadrul Agen\u0163iei Na\u0163ionale Antidrog, desf\u0103\u015foar\u0103,&nbsp; activit\u0103\u0163i de informare, educare si con\u0219tientizare cu privire la efectele nocive ale consumului de tutun, at\u00e2t \u00een mediul online, c\u00e2t \u015fi prin participarea direct\u0103 a speciali\u015ftilor \u00een r\u00e2ndul elevilor \u015fi comunit\u0103\u0163ii locale, cu respectarea restric\u021biilor impuse de pandemia COVID-19.<\/p>\n\n\n\n<p><strong>Motto-ul campaniei de anul acesta este \u201eDe azi, m\u0103 las de fumat!\u201d, iar tema #CommitToQuit.<\/strong><\/p>\n\n\n\n<p>De asemenea, \u00een acest an, pentru marcarea <em>Zilei Mondiale f\u0103r\u0103 Tutun<\/em>, ANA s-a al\u0103turat <strong>campaniei de s\u0103n\u0103tate \u0219i preven\u021bie<\/strong> <strong>\u201dRenun\u021bi \u0219i c\u00e2\u0219tigi\u201d<\/strong>, ini\u021biate de Uniunea de Conferin\u021be a Bisericii Adventiste de Ziua a \u0218aptea, \u0219i care are ca parteneri, pe l\u00e2ng\u0103 institu\u0163ia noastr\u0103, Societatea Rom\u00e2n\u0103 de Pneumologie, Spitalul Clinic jude\u021bean de Urgen\u021b\u0103 Cluj, Speran\u021ba TV, Radio Vocea Speran\u021bei, TVR Cluj \u015fi Direc\u021biile de S\u0103n\u0103tate Public\u0103 jude\u021bene.<\/p>\n\n\n\n<p>Campania na\u021bional\u0103 \u201dRenun\u021bi \u0219i C\u00e2\u0219tigi\u201d \u00ee\u0219i propune sensibilizarea popula\u021biei generale cu privire la efectele nocive ale consumului de tutun \u0219i este implementat\u0103 \u00een perioada 21 mai &#8211; 11 iulie 2021.<\/p>\n\n\n\n<p>Aceasta const\u0103 \u00een derularea unui concurs de renun\u021bare la fumat, desf\u0103\u0219urat pe o perioad\u0103 de 6 s\u0103pt\u0103m\u00e2ni, timp \u00een care participan\u021bii primesc consiliere psihologic\u0103 gratuit\u0103 o dat\u0103 pe s\u0103pt\u0103m\u00e2n\u0103 \u0219i sunt informa\u021bi cu privire la efectele negative ale consumului de tutun asupra s\u0103n\u0103t\u0103\u021bii.<\/p>\n\n\n\n<p><strong>P\u00e2n\u0103 pe data de 31 mai a.c., are loc \u00eenscrierea participan\u021bilor, pe site-ul&nbsp;<\/strong><a href=\"https:\/\/renuntisicastigi.ro\/\"><strong>https:\/\/renuntisicastigi.ro<\/strong><\/a><strong>, <\/strong>i<strong>ar \u00een intervalul 1 iunie &#8211; 12 iulie, persoanele participante la concurs trebuie s\u0103 renun\u0163e la fumat. Marele premiu, pus la dispozi\u021bie de ini\u021biator, const\u0103 \u00eentr-o excursie \u00een valoare de 1200 euro.<\/strong><\/p>\n\n\n\n<p>***<\/p>\n\n\n\n<p>Fumatul este responsabil pentru 8 milioane de decese anual. Studiile efectuate \u00een perioada pandemiei COVID-19 au demonstrat c\u0103 persoanele care fumeaz\u0103 au o predispozi\u021bie mai mare dec\u00e2t nefum\u0103torii de a dezvolta simptome mai severe de COVID-19, astfel \u00eenc\u00e2t milioane de fum\u0103tori au luat \u00een considerare renun\u021barea la fumat.&nbsp;&nbsp;&nbsp;&nbsp;<\/p>\n\n\n\n<p>Beneficiile renun\u021b\u0103rii la fumat:<\/p>\n\n\n\n<ul class=\"wp-block-list\"><li>\u00een 20 de minute din momentul \u00een care se renun\u021b\u0103 la fumat, scade tensiunea arterial\u0103 \u0219i ritmul b\u0103t\u0103ilor inimii;<\/li><li>\u00een 12 ore, scade nivelul monoxidului de carbon;<\/li><li>de la 2 la 12 s\u0103pt\u0103m\u00e2ni, se \u00eembun\u0103t\u0103\u021be\u0219te circula\u021bia arterial\u0103 \u0219i cre\u0219te capacitatea pulmonar\u0103;<\/li><li>de la 1 la 9 luni, se \u00eembun\u0103t\u0103\u021be\u0219te capacitatea respiratorie \u0219i tusea tabagic\u0103 se diminueaz\u0103;<\/li><li>\u00eentr-un an, riscul de boal\u0103 coronarian\u0103 se reduce la jum\u0103tate;<\/li><li>\u00eentre 5 \u0219i 15 ani de la renun\u021barea la fumat, riscul de infarct este egal cu al unui nefum\u0103tor;<\/li><li>\u00een 10 ani, scade riscul de cancer pulmonar, esofagian etc;<\/li><li>\u00een 15 ani, riscul de boal\u0103 coronarian\u0103 este identic cu al unui nefum\u0103tor;<\/li><li>cre\u0219te speran\u021ba de via\u021b\u0103 odat\u0103 cu renun\u021barea la fumat;<\/li><li>persoanele care au suferit un infarct reduc cu 50% \u0219ansele de a mai avea \u00eenc\u0103 unul dac\u0103 renun\u021b\u0103 la fumat;<\/li><li>renun\u021barea la fumat cre\u0219te fertilitatea \u0219i reduce riscul na\u0219terii premature.<\/li><\/ul>\n\n\n\n<h1 class=\"wp-block-heading\">&nbsp;<\/h1>\n\n\n\n<p><\/p>\n","protected":false},"excerpt":{"rendered":"<p>\u00cen fiecare an, la data de 31 mai, Organiza\u0163ia Mondial\u0103 a S\u0103n\u0103t\u0103\u0163ii (OMS) lanseaz\u0103 campania de marcare a \u201cZILEI MONDIALE F\u0102R\u0102 TUTUN\u201d,&nbsp; pentru a trage un semnal de alarm\u0103 cu privire la riscurile de s\u0103n\u0103tate asociate fumatului, 2021 fiind anul \u00een care mesajul campaniei const\u0103 \u00een angajamentul de renun\u021bare la fumat. Din 2019 p\u00e2n\u0103 \u00een &hellip;<\/p>\n","protected":false},"author":17,"featured_media":95929,"comment_status":"open","ping_status":"open","sticky":false,"template":"","format":"standard","meta":{"inline_featured_image":false,"footnotes":""},"categories":[255],"tags":[22954,22953,22650,22952,15441],"class_list":["post-95928","post","type-post","status-publish","format-standard","has-post-thumbnail","hentry","category-sanatate","tag-fumatori","tag-mesajul-campaniei","tag-organizatia-mondiala-a-sanatatii","tag-riscuri-de-sanatate","tag-ziua-mondiala-fara-tutun"],"yoast_head":"<!-- This site is optimized with the Yoast SEO plugin v27.4 - https:\/\/yoast.com\/product\/yoast-seo-wordpress\/ -->\n<title>31 Mai: Ziua Mondial\u0103 f\u0103r\u0103 tutun - Revista Urbea Mea - Revista de Alba<\/title>\n<meta name=\"description\" content=\"\u00cen fiecare an, la data de 31 mai, Organiza\u0163ia Mondial\u0103 a S\u0103n\u0103t\u0103\u0163ii (OMS) lanseaz\u0103 campania de marcare a \u201cZILEI MONDIALE F\u0102R\u0102 TUTUN\u201d,&nbsp; pentru a trage\" \/>\n<meta name=\"robots\" content=\"index, follow, max-snippet:-1, max-image-preview:large, max-video-preview:-1\" \/>\n<link rel=\"canonical\" href=\"https:\/\/urbeamea.ro\/albaiulia\/31-mai-ziua-mondiala-fara-tutun-2\/\" \/>\n<meta name=\"twitter:card\" content=\"summary_large_image\" \/>\n<meta name=\"twitter:title\" content=\"31 Mai: Ziua Mondial\u0103 f\u0103r\u0103 tutun - Revista Urbea Mea - Revista de Alba\" \/>\n<meta name=\"twitter:description\" content=\"\u00cen fiecare an, la data de 31 mai, Organiza\u0163ia Mondial\u0103 a S\u0103n\u0103t\u0103\u0163ii (OMS) lanseaz\u0103 campania de marcare a \u201cZILEI MONDIALE F\u0102R\u0102 TUTUN\u201d,&nbsp; pentru a trage\" \/>\n<meta name=\"twitter:image\" content=\"https:\/\/urbeamea.ro\/albaiulia\/wp-content\/uploads\/2021\/05\/poster-sigle.jpg\" \/>\n<meta name=\"twitter:creator\" content=\"@urbeameaweb\" \/>\n<meta name=\"twitter:site\" content=\"@urbeameaweb\" \/>\n<script type=\"application\/ld+json\" class=\"yoast-schema-graph\">{\"@context\":\"https:\\\/\\\/schema.org\",\"@graph\":[{\"@type\":\"Article\",\"@id\":\"https:\\\/\\\/urbeamea.ro\\\/albaiulia\\\/31-mai-ziua-mondiala-fara-tutun-2\\\/#article\",\"isPartOf\":{\"@id\":\"https:\\\/\\\/urbeamea.ro\\\/albaiulia\\\/31-mai-ziua-mondiala-fara-tutun-2\\\/\"},\"author\":{\"name\":\"Cristina Ganga\",\"@id\":\"https:\\\/\\\/urbeamea.ro\\\/albaiulia\\\/#\\\/schema\\\/person\\\/9700d21fae21c4f038b0b56f4506264a\"},\"headline\":\"31 Mai: Ziua Mondial\u0103 f\u0103r\u0103 tutun\",\"datePublished\":\"2021-05-28T09:02:58+00:00\",\"dateModified\":\"2021-05-28T09:03:01+00:00\",\"mainEntityOfPage\":{\"@id\":\"https:\\\/\\\/urbeamea.ro\\\/albaiulia\\\/31-mai-ziua-mondiala-fara-tutun-2\\\/\"},\"wordCount\":631,\"commentCount\":0,\"image\":{\"@id\":\"https:\\\/\\\/urbeamea.ro\\\/albaiulia\\\/31-mai-ziua-mondiala-fara-tutun-2\\\/#primaryimage\"},\"thumbnailUrl\":\"https:\\\/\\\/urbeamea.ro\\\/albaiulia\\\/wp-content\\\/uploads\\\/2021\\\/05\\\/poster-sigle.jpg\",\"keywords\":[\"fumatori\",\"mesajul campaniei\",\"organizatia mondiala a sanatatii\",\"riscuri de sanatate\",\"ziua mondiala fara tutun\"],\"articleSection\":[\"S\u0103n\u0103tate\"],\"inLanguage\":\"ro-RO\",\"potentialAction\":[{\"@type\":\"CommentAction\",\"name\":\"Comment\",\"target\":[\"https:\\\/\\\/urbeamea.ro\\\/albaiulia\\\/31-mai-ziua-mondiala-fara-tutun-2\\\/#respond\"]}]},{\"@type\":\"WebPage\",\"@id\":\"https:\\\/\\\/urbeamea.ro\\\/albaiulia\\\/31-mai-ziua-mondiala-fara-tutun-2\\\/\",\"url\":\"https:\\\/\\\/urbeamea.ro\\\/albaiulia\\\/31-mai-ziua-mondiala-fara-tutun-2\\\/\",\"name\":\"31 Mai: Ziua Mondial\u0103 f\u0103r\u0103 tutun - Revista Urbea Mea - Revista de Alba\",\"isPartOf\":{\"@id\":\"https:\\\/\\\/urbeamea.ro\\\/albaiulia\\\/#website\"},\"primaryImageOfPage\":{\"@id\":\"https:\\\/\\\/urbeamea.ro\\\/albaiulia\\\/31-mai-ziua-mondiala-fara-tutun-2\\\/#primaryimage\"},\"image\":{\"@id\":\"https:\\\/\\\/urbeamea.ro\\\/albaiulia\\\/31-mai-ziua-mondiala-fara-tutun-2\\\/#primaryimage\"},\"thumbnailUrl\":\"https:\\\/\\\/urbeamea.ro\\\/albaiulia\\\/wp-content\\\/uploads\\\/2021\\\/05\\\/poster-sigle.jpg\",\"datePublished\":\"2021-05-28T09:02:58+00:00\",\"dateModified\":\"2021-05-28T09:03:01+00:00\",\"author\":{\"@id\":\"https:\\\/\\\/urbeamea.ro\\\/albaiulia\\\/#\\\/schema\\\/person\\\/9700d21fae21c4f038b0b56f4506264a\"},\"description\":\"\u00cen fiecare an, la data de 31 mai, Organiza\u0163ia Mondial\u0103 a S\u0103n\u0103t\u0103\u0163ii (OMS) lanseaz\u0103 campania de marcare a \u201cZILEI MONDIALE F\u0102R\u0102 TUTUN\u201d,&nbsp; pentru a trage\",\"breadcrumb\":{\"@id\":\"https:\\\/\\\/urbeamea.ro\\\/albaiulia\\\/31-mai-ziua-mondiala-fara-tutun-2\\\/#breadcrumb\"},\"inLanguage\":\"ro-RO\",\"potentialAction\":[{\"@type\":\"ReadAction\",\"target\":[\"https:\\\/\\\/urbeamea.ro\\\/albaiulia\\\/31-mai-ziua-mondiala-fara-tutun-2\\\/\"]}]},{\"@type\":\"ImageObject\",\"inLanguage\":\"ro-RO\",\"@id\":\"https:\\\/\\\/urbeamea.ro\\\/albaiulia\\\/31-mai-ziua-mondiala-fara-tutun-2\\\/#primaryimage\",\"url\":\"https:\\\/\\\/urbeamea.ro\\\/albaiulia\\\/wp-content\\\/uploads\\\/2021\\\/05\\\/poster-sigle.jpg\",\"contentUrl\":\"https:\\\/\\\/urbeamea.ro\\\/albaiulia\\\/wp-content\\\/uploads\\\/2021\\\/05\\\/poster-sigle.jpg\",\"width\":1131,\"height\":1600},{\"@type\":\"BreadcrumbList\",\"@id\":\"https:\\\/\\\/urbeamea.ro\\\/albaiulia\\\/31-mai-ziua-mondiala-fara-tutun-2\\\/#breadcrumb\",\"itemListElement\":[{\"@type\":\"ListItem\",\"position\":1,\"name\":\"Prima pagin\u0103\",\"item\":\"https:\\\/\\\/urbeamea.ro\\\/albaiulia\\\/\"},{\"@type\":\"ListItem\",\"position\":2,\"name\":\"31 Mai: Ziua Mondial\u0103 f\u0103r\u0103 tutun\"}]},{\"@type\":\"WebSite\",\"@id\":\"https:\\\/\\\/urbeamea.ro\\\/albaiulia\\\/#website\",\"url\":\"https:\\\/\\\/urbeamea.ro\\\/albaiulia\\\/\",\"name\":\"Revista Urbea Mea, Stiri urbane\",\"description\":\"Evenimente \u0219i \u0219tiri din Alba Iulia, Sebe\u0219, Aiud, Blaj\",\"potentialAction\":[{\"@type\":\"SearchAction\",\"target\":{\"@type\":\"EntryPoint\",\"urlTemplate\":\"https:\\\/\\\/urbeamea.ro\\\/albaiulia\\\/?s={search_term_string}\"},\"query-input\":{\"@type\":\"PropertyValueSpecification\",\"valueRequired\":true,\"valueName\":\"search_term_string\"}}],\"inLanguage\":\"ro-RO\"},{\"@type\":\"Person\",\"@id\":\"https:\\\/\\\/urbeamea.ro\\\/albaiulia\\\/#\\\/schema\\\/person\\\/9700d21fae21c4f038b0b56f4506264a\",\"name\":\"Cristina Ganga\",\"image\":{\"@type\":\"ImageObject\",\"inLanguage\":\"ro-RO\",\"@id\":\"https:\\\/\\\/secure.gravatar.com\\\/avatar\\\/5a67661041f057b4a8ccaf26f5a8e86e2689372006d01faf3dd9eeb10b654bb4?s=96&d=mm&r=g\",\"url\":\"https:\\\/\\\/secure.gravatar.com\\\/avatar\\\/5a67661041f057b4a8ccaf26f5a8e86e2689372006d01faf3dd9eeb10b654bb4?s=96&d=mm&r=g\",\"contentUrl\":\"https:\\\/\\\/secure.gravatar.com\\\/avatar\\\/5a67661041f057b4a8ccaf26f5a8e86e2689372006d01faf3dd9eeb10b654bb4?s=96&d=mm&r=g\",\"caption\":\"Cristina Ganga\"},\"description\":\"Jurnalist\",\"sameAs\":[\"https:\\\/\\\/www.facebook.com\\\/cristina.nicola.587\"],\"url\":\"https:\\\/\\\/urbeamea.ro\\\/albaiulia\\\/author\\\/cristina-nicola\\\/\"}]}<\/script>\n<!-- \/ Yoast SEO plugin. -->","yoast_head_json":{"title":"31 Mai: Ziua Mondial\u0103 f\u0103r\u0103 tutun - Revista Urbea Mea - Revista de Alba","description":"\u00cen fiecare an, la data de 31 mai, Organiza\u0163ia Mondial\u0103 a S\u0103n\u0103t\u0103\u0163ii (OMS) lanseaz\u0103 campania de marcare a \u201cZILEI MONDIALE F\u0102R\u0102 TUTUN\u201d,&nbsp; pentru a trage","robots":{"index":"index","follow":"follow","max-snippet":"max-snippet:-1","max-image-preview":"max-image-preview:large","max-video-preview":"max-video-preview:-1"},"canonical":"https:\/\/urbeamea.ro\/albaiulia\/31-mai-ziua-mondiala-fara-tutun-2\/","twitter_card":"summary_large_image","twitter_title":"31 Mai: Ziua Mondial\u0103 f\u0103r\u0103 tutun - Revista Urbea Mea - Revista de Alba","twitter_description":"\u00cen fiecare an, la data de 31 mai, Organiza\u0163ia Mondial\u0103 a S\u0103n\u0103t\u0103\u0163ii (OMS) lanseaz\u0103 campania de marcare a \u201cZILEI MONDIALE F\u0102R\u0102 TUTUN\u201d,&nbsp; pentru a trage","twitter_image":"https:\/\/urbeamea.ro\/albaiulia\/wp-content\/uploads\/2021\/05\/poster-sigle.jpg","twitter_creator":"@urbeameaweb","twitter_site":"@urbeameaweb","schema":{"@context":"https:\/\/schema.org","@graph":[{"@type":"Article","@id":"https:\/\/urbeamea.ro\/albaiulia\/31-mai-ziua-mondiala-fara-tutun-2\/#article","isPartOf":{"@id":"https:\/\/urbeamea.ro\/albaiulia\/31-mai-ziua-mondiala-fara-tutun-2\/"},"author":{"name":"Cristina Ganga","@id":"https:\/\/urbeamea.ro\/albaiulia\/#\/schema\/person\/9700d21fae21c4f038b0b56f4506264a"},"headline":"31 Mai: Ziua Mondial\u0103 f\u0103r\u0103 tutun","datePublished":"2021-05-28T09:02:58+00:00","dateModified":"2021-05-28T09:03:01+00:00","mainEntityOfPage":{"@id":"https:\/\/urbeamea.ro\/albaiulia\/31-mai-ziua-mondiala-fara-tutun-2\/"},"wordCount":631,"commentCount":0,"image":{"@id":"https:\/\/urbeamea.ro\/albaiulia\/31-mai-ziua-mondiala-fara-tutun-2\/#primaryimage"},"thumbnailUrl":"https:\/\/urbeamea.ro\/albaiulia\/wp-content\/uploads\/2021\/05\/poster-sigle.jpg","keywords":["fumatori","mesajul campaniei","organizatia mondiala a sanatatii","riscuri de sanatate","ziua mondiala fara tutun"],"articleSection":["S\u0103n\u0103tate"],"inLanguage":"ro-RO","potentialAction":[{"@type":"CommentAction","name":"Comment","target":["https:\/\/urbeamea.ro\/albaiulia\/31-mai-ziua-mondiala-fara-tutun-2\/#respond"]}]},{"@type":"WebPage","@id":"https:\/\/urbeamea.ro\/albaiulia\/31-mai-ziua-mondiala-fara-tutun-2\/","url":"https:\/\/urbeamea.ro\/albaiulia\/31-mai-ziua-mondiala-fara-tutun-2\/","name":"31 Mai: Ziua Mondial\u0103 f\u0103r\u0103 tutun - Revista Urbea Mea - Revista de Alba","isPartOf":{"@id":"https:\/\/urbeamea.ro\/albaiulia\/#website"},"primaryImageOfPage":{"@id":"https:\/\/urbeamea.ro\/albaiulia\/31-mai-ziua-mondiala-fara-tutun-2\/#primaryimage"},"image":{"@id":"https:\/\/urbeamea.ro\/albaiulia\/31-mai-ziua-mondiala-fara-tutun-2\/#primaryimage"},"thumbnailUrl":"https:\/\/urbeamea.ro\/albaiulia\/wp-content\/uploads\/2021\/05\/poster-sigle.jpg","datePublished":"2021-05-28T09:02:58+00:00","dateModified":"2021-05-28T09:03:01+00:00","author":{"@id":"https:\/\/urbeamea.ro\/albaiulia\/#\/schema\/person\/9700d21fae21c4f038b0b56f4506264a"},"description":"\u00cen fiecare an, la data de 31 mai, Organiza\u0163ia Mondial\u0103 a S\u0103n\u0103t\u0103\u0163ii (OMS) lanseaz\u0103 campania de marcare a \u201cZILEI MONDIALE F\u0102R\u0102 TUTUN\u201d,&nbsp; pentru a trage","breadcrumb":{"@id":"https:\/\/urbeamea.ro\/albaiulia\/31-mai-ziua-mondiala-fara-tutun-2\/#breadcrumb"},"inLanguage":"ro-RO","potentialAction":[{"@type":"ReadAction","target":["https:\/\/urbeamea.ro\/albaiulia\/31-mai-ziua-mondiala-fara-tutun-2\/"]}]},{"@type":"ImageObject","inLanguage":"ro-RO","@id":"https:\/\/urbeamea.ro\/albaiulia\/31-mai-ziua-mondiala-fara-tutun-2\/#primaryimage","url":"https:\/\/urbeamea.ro\/albaiulia\/wp-content\/uploads\/2021\/05\/poster-sigle.jpg","contentUrl":"https:\/\/urbeamea.ro\/albaiulia\/wp-content\/uploads\/2021\/05\/poster-sigle.jpg","width":1131,"height":1600},{"@type":"BreadcrumbList","@id":"https:\/\/urbeamea.ro\/albaiulia\/31-mai-ziua-mondiala-fara-tutun-2\/#breadcrumb","itemListElement":[{"@type":"ListItem","position":1,"name":"Prima pagin\u0103","item":"https:\/\/urbeamea.ro\/albaiulia\/"},{"@type":"ListItem","position":2,"name":"31 Mai: Ziua Mondial\u0103 f\u0103r\u0103 tutun"}]},{"@type":"WebSite","@id":"https:\/\/urbeamea.ro\/albaiulia\/#website","url":"https:\/\/urbeamea.ro\/albaiulia\/","name":"Revista Urbea Mea, Stiri urbane","description":"Evenimente \u0219i \u0219tiri din Alba Iulia, Sebe\u0219, Aiud, Blaj","potentialAction":[{"@type":"SearchAction","target":{"@type":"EntryPoint","urlTemplate":"https:\/\/urbeamea.ro\/albaiulia\/?s={search_term_string}"},"query-input":{"@type":"PropertyValueSpecification","valueRequired":true,"valueName":"search_term_string"}}],"inLanguage":"ro-RO"},{"@type":"Person","@id":"https:\/\/urbeamea.ro\/albaiulia\/#\/schema\/person\/9700d21fae21c4f038b0b56f4506264a","name":"Cristina Ganga","image":{"@type":"ImageObject","inLanguage":"ro-RO","@id":"https:\/\/secure.gravatar.com\/avatar\/5a67661041f057b4a8ccaf26f5a8e86e2689372006d01faf3dd9eeb10b654bb4?s=96&d=mm&r=g","url":"https:\/\/secure.gravatar.com\/avatar\/5a67661041f057b4a8ccaf26f5a8e86e2689372006d01faf3dd9eeb10b654bb4?s=96&d=mm&r=g","contentUrl":"https:\/\/secure.gravatar.com\/avatar\/5a67661041f057b4a8ccaf26f5a8e86e2689372006d01faf3dd9eeb10b654bb4?s=96&d=mm&r=g","caption":"Cristina Ganga"},"description":"Jurnalist","sameAs":["https:\/\/www.facebook.com\/cristina.nicola.587"],"url":"https:\/\/urbeamea.ro\/albaiulia\/author\/cristina-nicola\/"}]}},"_links":{"self":[{"href":"https:\/\/urbeamea.ro\/albaiulia\/wp-json\/wp\/v2\/posts\/95928","targetHints":{"allow":["GET"]}}],"collection":[{"href":"https:\/\/urbeamea.ro\/albaiulia\/wp-json\/wp\/v2\/posts"}],"about":[{"href":"https:\/\/urbeamea.ro\/albaiulia\/wp-json\/wp\/v2\/types\/post"}],"author":[{"embeddable":true,"href":"https:\/\/urbeamea.ro\/albaiulia\/wp-json\/wp\/v2\/users\/17"}],"replies":[{"embeddable":true,"href":"https:\/\/urbeamea.ro\/albaiulia\/wp-json\/wp\/v2\/comments?post=95928"}],"version-history":[{"count":1,"href":"https:\/\/urbeamea.ro\/albaiulia\/wp-json\/wp\/v2\/posts\/95928\/revisions"}],"predecessor-version":[{"id":95930,"href":"https:\/\/urbeamea.ro\/albaiulia\/wp-json\/wp\/v2\/posts\/95928\/revisions\/95930"}],"wp:featuredmedia":[{"embeddable":true,"href":"https:\/\/urbeamea.ro\/albaiulia\/wp-json\/wp\/v2\/media\/95929"}],"wp:attachment":[{"href":"https:\/\/urbeamea.ro\/albaiulia\/wp-json\/wp\/v2\/media?parent=95928"}],"wp:term":[{"taxonomy":"category","embeddable":true,"href":"https:\/\/urbeamea.ro\/albaiulia\/wp-json\/wp\/v2\/categories?post=95928"},{"taxonomy":"post_tag","embeddable":true,"href":"https:\/\/urbeamea.ro\/albaiulia\/wp-json\/wp\/v2\/tags?post=95928"}],"curies":[{"name":"wp","href":"https:\/\/api.w.org\/{rel}","templated":true}]}}