{"id":95974,"date":"2021-05-31T10:23:49","date_gmt":"2021-05-31T07:23:49","guid":{"rendered":"https:\/\/urbeamea.ro\/albaiulia\/?p=95974"},"modified":"2021-05-31T10:23:53","modified_gmt":"2021-05-31T07:23:53","slug":"1-iunie-la-sebes-fanfara-din-petresti-si-scutierii-de-muhlbach-primele-aparitii-din-acest-an-in-onoarea-copiilor","status":"publish","type":"post","link":"https:\/\/urbeamea.ro\/albaiulia\/1-iunie-la-sebes-fanfara-din-petresti-si-scutierii-de-muhlbach-primele-aparitii-din-acest-an-in-onoarea-copiilor\/","title":{"rendered":"1 Iunie, la Sebe\u0219: Fanfara din Petre\u0219ti \u0219i Scutierii de Muhlbach &#8211; primele apari\u021bii din acest an, \u00een onoarea copiilor"},"content":{"rendered":"\n<h2 class=\"wp-block-heading\">\u00cen onoarea celor mai mici cet\u0103\u021beni ai Sebe\u0219ului, Fanfara din Petre\u0219ti (juniorii \u0219i seniorii fanfarei), precum \u0219i Ordinul Scutierilor de Muhlbach vor avea primele ie\u0219iri publice din acest an, \u00een Parcul Tineretului, \u00eencep\u00e2nd cu ora 18.00. Fanfara \u00ee\u0219i va continua periplul muzical, dup\u0103 ora 18.45, \u00een cartierul Mihail Kog\u0103lniceanu \u0219i \u00een Petre\u0219ti, \u00een jurul orei 19.30. <\/h2>\n\n\n\n<p class=\"wp-block-paragraph\">Devenit\u0103 o tradi\u021bie local\u0103, tombola dedicat\u0103 zilei de 1 iunie, va fi organizat\u0103 \u0219i \u00een acest an, la Sebe\u0219, de Prim\u0103ria Municipiului Sebe\u0219\u00a0\u0219i Centrul Cultural \u201eLucian Blaga&#8221;, cu scopul de a oferi un eveniment recreativ dedicat tuturor copiilor municipiului. Premiile sunt oferite de sponsorii \u0219i partenerii oficiali ai evenimentului \u0219i vor consta \u00een biciclete \u0219i articole sportive. <\/p>\n\n\n\n<p class=\"wp-block-paragraph\">Pentru evitarea aglomera\u021biei \u0219i pentru respectarea tuturor m\u0103surilor de protec\u021bie anti-Covid, tombola va fi organizat\u0103 on-line, \u00eencep\u00e2nd cu ora 11.00 \u0219i va fi transmis\u0103 \u00een direct pe paginile web ale institu\u021biilor organizatoare (<a rel=\"noreferrer noopener\" href=\"http:\/\/www.primariasebes.ro\/\" target=\"_blank\">www.primariasebes.ro<\/a>,\u00a0<a rel=\"noreferrer noopener\" href=\"http:\/\/www.cclbsebes.ro\/\" target=\"_blank\">www.cclbsebes.ro<\/a>), precum \u0219i \u00een social-media (paginile de facebook Dorin Nistor-Primar, Prim\u0103ria Municipiului Sebe\u0219, Centrul Cultural \u201eLucian Blaga&#8221; Sebe\u0219).<\/p>\n\n\n\n<p class=\"wp-block-paragraph\"><strong><em>LA MUL\u021aI ANI, TUTUROR COPIILOR!<\/em><\/strong><\/p>\n\n\n\n<p class=\"wp-block-paragraph\"><strong>PROGRAMUL ZILEI DE 1 IUNIE, LA SEBE\u0218<\/strong><\/p>\n\n\n\n<p class=\"wp-block-paragraph\"><strong>Ora 11.00 \u2013 \u201eTOMBOLA COPIILOR&#8221;, EVENIMENT ONLINE<\/strong><\/p>\n\n\n\n<p class=\"wp-block-paragraph\">Transmisiune \u00een direct pe paginile web&nbsp;<a href=\"http:\/\/www.primariasebes.ro\/\" target=\"_blank\" rel=\"noreferrer noopener\">www.primariasebes.ro<\/a>,&nbsp;<a href=\"http:\/\/www.cclbsebes.ro\/\" target=\"_blank\" rel=\"noreferrer noopener\">www.cclbsebes.ro<\/a>&nbsp;\u0219i \u00een social-media, pe paginile de Facebook Dorin Nistor-Primar, Prim\u0103ria Municipiului Sebe\u0219, Centrul Cultural \u201eLucian Blaga&#8221; Sebe\u0219<\/p>\n\n\n\n<p class=\"wp-block-paragraph\"><strong>Ora 18.00 \u2013 Parcul Tineretului din Sebe\u0219:<\/strong><\/p>\n\n\n\n<p class=\"wp-block-paragraph\"><strong>FANFARA DIN PETRE\u0218TI<\/strong><\/p>\n\n\n\n<p class=\"wp-block-paragraph\"><strong>Animatori<\/strong><\/p>\n\n\n\n<p class=\"wp-block-paragraph\"><strong>Ora 18.30 \u2013 Parcul Tineretului din Sebe\u0219:<\/strong><\/p>\n\n\n\n<p class=\"wp-block-paragraph\"><strong>ORDINUL CAVALERILOR DE MUHLBACH<\/strong><\/p>\n\n\n\n<p class=\"wp-block-paragraph\"><strong>Important: Fanfara din Petre\u0219ti va face o c\u0103l\u0103torie muzical\u0103 \u00een cartierul M. Kog\u0103lniceanu \u00een jurul orei 18.45, precum \u0219i \u00een Petre\u0219ti, \u00een jurul orei 19.30.<\/strong><\/p>\n\n\n\n<figure class=\"wp-block-gallery columns-3 is-cropped wp-block-gallery-1 is-layout-flex wp-block-gallery-is-layout-flex\"><ul class=\"blocks-gallery-grid\"><li class=\"blocks-gallery-item\"><figure><a href=\"https:\/\/urbeamea.ro\/albaiulia\/wp-content\/uploads\/2021\/05\/Fanfara-1.jpg\"><img loading=\"lazy\" decoding=\"async\" width=\"960\" height=\"620\" src=\"https:\/\/urbeamea.ro\/albaiulia\/wp-content\/uploads\/2021\/05\/Fanfara-1.jpg\" alt=\"\" data-id=\"95975\" data-full-url=\"https:\/\/urbeamea.ro\/albaiulia\/wp-content\/uploads\/2021\/05\/Fanfara-1.jpg\" data-link=\"https:\/\/urbeamea.ro\/albaiulia\/?attachment_id=95975\" class=\"wp-image-95975\" srcset=\"https:\/\/urbeamea.ro\/albaiulia\/wp-content\/uploads\/2021\/05\/Fanfara-1.jpg 960w, https:\/\/urbeamea.ro\/albaiulia\/wp-content\/uploads\/2021\/05\/Fanfara-1-640x413.jpg 640w, https:\/\/urbeamea.ro\/albaiulia\/wp-content\/uploads\/2021\/05\/Fanfara-1-150x97.jpg 150w, https:\/\/urbeamea.ro\/albaiulia\/wp-content\/uploads\/2021\/05\/Fanfara-1-768x496.jpg 768w\" sizes=\"auto, (max-width: 960px) 100vw, 960px\" \/><\/a><\/figure><\/li><li class=\"blocks-gallery-item\"><figure><a href=\"https:\/\/urbeamea.ro\/albaiulia\/wp-content\/uploads\/2021\/05\/Fanfara-foisor.jpg\"><img loading=\"lazy\" decoding=\"async\" width=\"1280\" height=\"960\" src=\"https:\/\/urbeamea.ro\/albaiulia\/wp-content\/uploads\/2021\/05\/Fanfara-foisor-1280x960.jpg\" alt=\"\" data-id=\"95976\" data-full-url=\"https:\/\/urbeamea.ro\/albaiulia\/wp-content\/uploads\/2021\/05\/Fanfara-foisor.jpg\" data-link=\"https:\/\/urbeamea.ro\/albaiulia\/?attachment_id=95976\" class=\"wp-image-95976\" srcset=\"https:\/\/urbeamea.ro\/albaiulia\/wp-content\/uploads\/2021\/05\/Fanfara-foisor-1280x960.jpg 1280w, https:\/\/urbeamea.ro\/albaiulia\/wp-content\/uploads\/2021\/05\/Fanfara-foisor-640x480.jpg 640w, https:\/\/urbeamea.ro\/albaiulia\/wp-content\/uploads\/2021\/05\/Fanfara-foisor-150x113.jpg 150w, https:\/\/urbeamea.ro\/albaiulia\/wp-content\/uploads\/2021\/05\/Fanfara-foisor-768x576.jpg 768w, https:\/\/urbeamea.ro\/albaiulia\/wp-content\/uploads\/2021\/05\/Fanfara-foisor-1536x1152.jpg 1536w, https:\/\/urbeamea.ro\/albaiulia\/wp-content\/uploads\/2021\/05\/Fanfara-foisor.jpg 1600w\" sizes=\"auto, (max-width: 1280px) 100vw, 1280px\" \/><\/a><\/figure><\/li><li class=\"blocks-gallery-item\"><figure><a href=\"https:\/\/urbeamea.ro\/albaiulia\/wp-content\/uploads\/2021\/05\/Fanfara-si-copii.jpg\"><img loading=\"lazy\" decoding=\"async\" width=\"857\" height=\"1280\" src=\"https:\/\/urbeamea.ro\/albaiulia\/wp-content\/uploads\/2021\/05\/Fanfara-si-copii-857x1280.jpg\" alt=\"\" data-id=\"95977\" data-full-url=\"https:\/\/urbeamea.ro\/albaiulia\/wp-content\/uploads\/2021\/05\/Fanfara-si-copii.jpg\" data-link=\"https:\/\/urbeamea.ro\/albaiulia\/?attachment_id=95977\" class=\"wp-image-95977\" srcset=\"https:\/\/urbeamea.ro\/albaiulia\/wp-content\/uploads\/2021\/05\/Fanfara-si-copii-857x1280.jpg 857w, https:\/\/urbeamea.ro\/albaiulia\/wp-content\/uploads\/2021\/05\/Fanfara-si-copii-428x640.jpg 428w, https:\/\/urbeamea.ro\/albaiulia\/wp-content\/uploads\/2021\/05\/Fanfara-si-copii-100x150.jpg 100w, https:\/\/urbeamea.ro\/albaiulia\/wp-content\/uploads\/2021\/05\/Fanfara-si-copii-768x1147.jpg 768w, https:\/\/urbeamea.ro\/albaiulia\/wp-content\/uploads\/2021\/05\/Fanfara-si-copii.jpg 1000w\" sizes=\"auto, (max-width: 857px) 100vw, 857px\" \/><\/a><\/figure><\/li><li class=\"blocks-gallery-item\"><figure><a href=\"https:\/\/urbeamea.ro\/albaiulia\/wp-content\/uploads\/2021\/05\/Fanfara-si-scutierii.jpg\"><img loading=\"lazy\" decoding=\"async\" width=\"960\" height=\"640\" src=\"https:\/\/urbeamea.ro\/albaiulia\/wp-content\/uploads\/2021\/05\/Fanfara-si-scutierii.jpg\" alt=\"\" data-id=\"95978\" data-full-url=\"https:\/\/urbeamea.ro\/albaiulia\/wp-content\/uploads\/2021\/05\/Fanfara-si-scutierii.jpg\" data-link=\"https:\/\/urbeamea.ro\/albaiulia\/?attachment_id=95978\" class=\"wp-image-95978\" srcset=\"https:\/\/urbeamea.ro\/albaiulia\/wp-content\/uploads\/2021\/05\/Fanfara-si-scutierii.jpg 960w, https:\/\/urbeamea.ro\/albaiulia\/wp-content\/uploads\/2021\/05\/Fanfara-si-scutierii-640x427.jpg 640w, https:\/\/urbeamea.ro\/albaiulia\/wp-content\/uploads\/2021\/05\/Fanfara-si-scutierii-150x100.jpg 150w, https:\/\/urbeamea.ro\/albaiulia\/wp-content\/uploads\/2021\/05\/Fanfara-si-scutierii-768x512.jpg 768w\" sizes=\"auto, (max-width: 960px) 100vw, 960px\" \/><\/a><\/figure><\/li><li class=\"blocks-gallery-item\"><figure><a href=\"https:\/\/urbeamea.ro\/albaiulia\/wp-content\/uploads\/2021\/05\/Scutierii.jpg\"><img loading=\"lazy\" decoding=\"async\" width=\"1280\" height=\"1021\" src=\"https:\/\/urbeamea.ro\/albaiulia\/wp-content\/uploads\/2021\/05\/Scutierii-1280x1021.jpg\" alt=\"\" data-id=\"95979\" data-full-url=\"https:\/\/urbeamea.ro\/albaiulia\/wp-content\/uploads\/2021\/05\/Scutierii.jpg\" data-link=\"https:\/\/urbeamea.ro\/albaiulia\/?attachment_id=95979\" class=\"wp-image-95979\" srcset=\"https:\/\/urbeamea.ro\/albaiulia\/wp-content\/uploads\/2021\/05\/Scutierii-1280x1021.jpg 1280w, https:\/\/urbeamea.ro\/albaiulia\/wp-content\/uploads\/2021\/05\/Scutierii-640x511.jpg 640w, https:\/\/urbeamea.ro\/albaiulia\/wp-content\/uploads\/2021\/05\/Scutierii-150x120.jpg 150w, https:\/\/urbeamea.ro\/albaiulia\/wp-content\/uploads\/2021\/05\/Scutierii-768x613.jpg 768w, https:\/\/urbeamea.ro\/albaiulia\/wp-content\/uploads\/2021\/05\/Scutierii-1536x1226.jpg 1536w, https:\/\/urbeamea.ro\/albaiulia\/wp-content\/uploads\/2021\/05\/Scutierii-100x80.jpg 100w, https:\/\/urbeamea.ro\/albaiulia\/wp-content\/uploads\/2021\/05\/Scutierii.jpg 2048w\" sizes=\"auto, (max-width: 1280px) 100vw, 1280px\" \/><\/a><\/figure><\/li><\/ul><\/figure>\n","protected":false},"excerpt":{"rendered":"<p>\u00cen onoarea celor mai mici cet\u0103\u021beni ai Sebe\u0219ului, Fanfara din Petre\u0219ti (juniorii \u0219i seniorii fanfarei), precum \u0219i Ordinul Scutierilor de Muhlbach vor avea primele ie\u0219iri publice din acest an, \u00een Parcul Tineretului, \u00eencep\u00e2nd cu ora 18.00. Fanfara \u00ee\u0219i va continua periplul muzical, dup\u0103 ora 18.45, \u00een cartierul Mihail Kog\u0103lniceanu \u0219i \u00een Petre\u0219ti, \u00een jurul orei &hellip;<\/p>\n","protected":false},"author":17,"featured_media":95978,"comment_status":"open","ping_status":"open","sticky":false,"template":"","format":"standard","meta":{"inline_featured_image":false,"footnotes":""},"categories":[4],"tags":[5412,10847,22971,22970,22969],"class_list":["post-95974","post","type-post","status-publish","format-standard","has-post-thumbnail","hentry","category-eveniment","tag-1-iunie","tag-fanfara-din-petresti","tag-onoarea-copiilor","tag-primele-aparitii","tag-scutierii-de-muhlbach"],"yoast_head":"<!-- This site is optimized with the Yoast SEO plugin v28.3 - https:\/\/yoast.com\/product\/yoast-seo-wordpress\/ -->\n<title>1 Iunie, la Sebe\u0219: Fanfara din Petre\u0219ti \u0219i Scutierii de Muhlbach - primele apari\u021bii din acest an, \u00een onoarea copiilor - Revista Urbea Mea - Revista de Alba<\/title>\n<meta name=\"description\" content=\"\u00cen onoarea celor mai mici cet\u0103\u021beni ai Sebe\u0219ului, Fanfara din Petre\u0219ti (juniorii \u0219i seniorii fanfarei), precum \u0219i Ordinul Scutierilor de Muhlbach vor avea\" \/>\n<meta name=\"robots\" content=\"index, follow, max-snippet:-1, max-image-preview:large, max-video-preview:-1\" \/>\n<link rel=\"canonical\" href=\"https:\/\/urbeamea.ro\/albaiulia\/1-iunie-la-sebes-fanfara-din-petresti-si-scutierii-de-muhlbach-primele-aparitii-din-acest-an-in-onoarea-copiilor\/\" \/>\n<meta name=\"twitter:card\" content=\"summary_large_image\" \/>\n<meta name=\"twitter:title\" content=\"1 Iunie, la Sebe\u0219: Fanfara din Petre\u0219ti \u0219i Scutierii de Muhlbach - primele apari\u021bii din acest an, \u00een onoarea copiilor - Revista Urbea Mea - Revista de Alba\" \/>\n<meta name=\"twitter:description\" content=\"\u00cen onoarea celor mai mici cet\u0103\u021beni ai Sebe\u0219ului, Fanfara din Petre\u0219ti (juniorii \u0219i seniorii fanfarei), precum \u0219i Ordinul Scutierilor de Muhlbach vor avea\" \/>\n<meta name=\"twitter:image\" content=\"https:\/\/urbeamea.ro\/albaiulia\/wp-content\/uploads\/2021\/05\/Fanfara-si-scutierii.jpg\" \/>\n<meta name=\"twitter:creator\" content=\"@urbeameaweb\" \/>\n<meta name=\"twitter:site\" content=\"@urbeameaweb\" \/>\n<script type=\"application\/ld+json\" class=\"yoast-schema-graph\">{\"@context\":\"https:\\\/\\\/schema.org\",\"@graph\":[{\"@type\":\"Article\",\"@id\":\"https:\\\/\\\/urbeamea.ro\\\/albaiulia\\\/1-iunie-la-sebes-fanfara-din-petresti-si-scutierii-de-muhlbach-primele-aparitii-din-acest-an-in-onoarea-copiilor\\\/#article\",\"isPartOf\":{\"@id\":\"https:\\\/\\\/urbeamea.ro\\\/albaiulia\\\/1-iunie-la-sebes-fanfara-din-petresti-si-scutierii-de-muhlbach-primele-aparitii-din-acest-an-in-onoarea-copiilor\\\/\"},\"author\":{\"name\":\"Cristina Ganga\",\"@id\":\"https:\\\/\\\/urbeamea.ro\\\/albaiulia\\\/#\\\/schema\\\/person\\\/9700d21fae21c4f038b0b56f4506264a\"},\"headline\":\"1 Iunie, la Sebe\u0219: Fanfara din Petre\u0219ti \u0219i Scutierii de Muhlbach &#8211; primele apari\u021bii din acest an, \u00een onoarea copiilor\",\"datePublished\":\"2021-05-31T07:23:49+00:00\",\"dateModified\":\"2021-05-31T07:23:53+00:00\",\"mainEntityOfPage\":{\"@id\":\"https:\\\/\\\/urbeamea.ro\\\/albaiulia\\\/1-iunie-la-sebes-fanfara-din-petresti-si-scutierii-de-muhlbach-primele-aparitii-din-acest-an-in-onoarea-copiilor\\\/\"},\"wordCount\":297,\"commentCount\":0,\"image\":{\"@id\":\"https:\\\/\\\/urbeamea.ro\\\/albaiulia\\\/1-iunie-la-sebes-fanfara-din-petresti-si-scutierii-de-muhlbach-primele-aparitii-din-acest-an-in-onoarea-copiilor\\\/#primaryimage\"},\"thumbnailUrl\":\"https:\\\/\\\/urbeamea.ro\\\/albaiulia\\\/wp-content\\\/uploads\\\/2021\\\/05\\\/Fanfara-si-scutierii.jpg\",\"keywords\":[\"1 iunie\",\"fanfara din petresti\",\"onoarea copiilor\",\"primele aparitii\",\"scutierii de muhlbach\"],\"articleSection\":[\"Evenimente\"],\"inLanguage\":\"ro-RO\",\"potentialAction\":[{\"@type\":\"CommentAction\",\"name\":\"Comment\",\"target\":[\"https:\\\/\\\/urbeamea.ro\\\/albaiulia\\\/1-iunie-la-sebes-fanfara-din-petresti-si-scutierii-de-muhlbach-primele-aparitii-din-acest-an-in-onoarea-copiilor\\\/#respond\"]}]},{\"@type\":\"WebPage\",\"@id\":\"https:\\\/\\\/urbeamea.ro\\\/albaiulia\\\/1-iunie-la-sebes-fanfara-din-petresti-si-scutierii-de-muhlbach-primele-aparitii-din-acest-an-in-onoarea-copiilor\\\/\",\"url\":\"https:\\\/\\\/urbeamea.ro\\\/albaiulia\\\/1-iunie-la-sebes-fanfara-din-petresti-si-scutierii-de-muhlbach-primele-aparitii-din-acest-an-in-onoarea-copiilor\\\/\",\"name\":\"1 Iunie, la Sebe\u0219: Fanfara din Petre\u0219ti \u0219i Scutierii de Muhlbach - primele apari\u021bii din acest an, \u00een onoarea copiilor - Revista Urbea Mea - Revista de Alba\",\"isPartOf\":{\"@id\":\"https:\\\/\\\/urbeamea.ro\\\/albaiulia\\\/#website\"},\"primaryImageOfPage\":{\"@id\":\"https:\\\/\\\/urbeamea.ro\\\/albaiulia\\\/1-iunie-la-sebes-fanfara-din-petresti-si-scutierii-de-muhlbach-primele-aparitii-din-acest-an-in-onoarea-copiilor\\\/#primaryimage\"},\"image\":{\"@id\":\"https:\\\/\\\/urbeamea.ro\\\/albaiulia\\\/1-iunie-la-sebes-fanfara-din-petresti-si-scutierii-de-muhlbach-primele-aparitii-din-acest-an-in-onoarea-copiilor\\\/#primaryimage\"},\"thumbnailUrl\":\"https:\\\/\\\/urbeamea.ro\\\/albaiulia\\\/wp-content\\\/uploads\\\/2021\\\/05\\\/Fanfara-si-scutierii.jpg\",\"datePublished\":\"2021-05-31T07:23:49+00:00\",\"dateModified\":\"2021-05-31T07:23:53+00:00\",\"author\":{\"@id\":\"https:\\\/\\\/urbeamea.ro\\\/albaiulia\\\/#\\\/schema\\\/person\\\/9700d21fae21c4f038b0b56f4506264a\"},\"description\":\"\u00cen onoarea celor mai mici cet\u0103\u021beni ai Sebe\u0219ului, Fanfara din Petre\u0219ti (juniorii \u0219i seniorii fanfarei), precum \u0219i Ordinul Scutierilor de Muhlbach vor avea\",\"breadcrumb\":{\"@id\":\"https:\\\/\\\/urbeamea.ro\\\/albaiulia\\\/1-iunie-la-sebes-fanfara-din-petresti-si-scutierii-de-muhlbach-primele-aparitii-din-acest-an-in-onoarea-copiilor\\\/#breadcrumb\"},\"inLanguage\":\"ro-RO\",\"potentialAction\":[{\"@type\":\"ReadAction\",\"target\":[\"https:\\\/\\\/urbeamea.ro\\\/albaiulia\\\/1-iunie-la-sebes-fanfara-din-petresti-si-scutierii-de-muhlbach-primele-aparitii-din-acest-an-in-onoarea-copiilor\\\/\"]}]},{\"@type\":\"ImageObject\",\"inLanguage\":\"ro-RO\",\"@id\":\"https:\\\/\\\/urbeamea.ro\\\/albaiulia\\\/1-iunie-la-sebes-fanfara-din-petresti-si-scutierii-de-muhlbach-primele-aparitii-din-acest-an-in-onoarea-copiilor\\\/#primaryimage\",\"url\":\"https:\\\/\\\/urbeamea.ro\\\/albaiulia\\\/wp-content\\\/uploads\\\/2021\\\/05\\\/Fanfara-si-scutierii.jpg\",\"contentUrl\":\"https:\\\/\\\/urbeamea.ro\\\/albaiulia\\\/wp-content\\\/uploads\\\/2021\\\/05\\\/Fanfara-si-scutierii.jpg\",\"width\":960,\"height\":640},{\"@type\":\"BreadcrumbList\",\"@id\":\"https:\\\/\\\/urbeamea.ro\\\/albaiulia\\\/1-iunie-la-sebes-fanfara-din-petresti-si-scutierii-de-muhlbach-primele-aparitii-din-acest-an-in-onoarea-copiilor\\\/#breadcrumb\",\"itemListElement\":[{\"@type\":\"ListItem\",\"position\":1,\"name\":\"Prima pagin\u0103\",\"item\":\"https:\\\/\\\/urbeamea.ro\\\/albaiulia\\\/\"},{\"@type\":\"ListItem\",\"position\":2,\"name\":\"1 Iunie, la Sebe\u0219: Fanfara din Petre\u0219ti \u0219i Scutierii de Muhlbach &#8211; primele apari\u021bii din acest an, \u00een onoarea copiilor\"}]},{\"@type\":\"WebSite\",\"@id\":\"https:\\\/\\\/urbeamea.ro\\\/albaiulia\\\/#website\",\"url\":\"https:\\\/\\\/urbeamea.ro\\\/albaiulia\\\/\",\"name\":\"Revista Urbea Mea, Stiri urbane\",\"description\":\"Evenimente \u0219i \u0219tiri din Alba Iulia, Sebe\u0219, Aiud, Blaj\",\"potentialAction\":[{\"@type\":\"SearchAction\",\"target\":{\"@type\":\"EntryPoint\",\"urlTemplate\":\"https:\\\/\\\/urbeamea.ro\\\/albaiulia\\\/?s={search_term_string}\"},\"query-input\":{\"@type\":\"PropertyValueSpecification\",\"valueRequired\":true,\"valueName\":\"search_term_string\"}}],\"inLanguage\":\"ro-RO\"},{\"@type\":\"Person\",\"@id\":\"https:\\\/\\\/urbeamea.ro\\\/albaiulia\\\/#\\\/schema\\\/person\\\/9700d21fae21c4f038b0b56f4506264a\",\"name\":\"Cristina Ganga\",\"image\":{\"@type\":\"ImageObject\",\"inLanguage\":\"ro-RO\",\"@id\":\"https:\\\/\\\/secure.gravatar.com\\\/avatar\\\/5a67661041f057b4a8ccaf26f5a8e86e2689372006d01faf3dd9eeb10b654bb4?s=96&d=mm&r=g\",\"url\":\"https:\\\/\\\/secure.gravatar.com\\\/avatar\\\/5a67661041f057b4a8ccaf26f5a8e86e2689372006d01faf3dd9eeb10b654bb4?s=96&d=mm&r=g\",\"contentUrl\":\"https:\\\/\\\/secure.gravatar.com\\\/avatar\\\/5a67661041f057b4a8ccaf26f5a8e86e2689372006d01faf3dd9eeb10b654bb4?s=96&d=mm&r=g\",\"caption\":\"Cristina Ganga\"},\"description\":\"Jurnalist\",\"sameAs\":[\"https:\\\/\\\/www.facebook.com\\\/cristina.nicola.587\"],\"url\":\"https:\\\/\\\/urbeamea.ro\\\/albaiulia\\\/author\\\/cristina-nicola\\\/\"}]}<\/script>\n<!-- \/ Yoast SEO plugin. -->","yoast_head_json":{"title":"1 Iunie, la Sebe\u0219: Fanfara din Petre\u0219ti \u0219i Scutierii de Muhlbach - primele apari\u021bii din acest an, \u00een onoarea copiilor - Revista Urbea Mea - Revista de Alba","description":"\u00cen onoarea celor mai mici cet\u0103\u021beni ai Sebe\u0219ului, Fanfara din Petre\u0219ti (juniorii \u0219i seniorii fanfarei), precum \u0219i Ordinul Scutierilor de Muhlbach vor avea","robots":{"index":"index","follow":"follow","max-snippet":"max-snippet:-1","max-image-preview":"max-image-preview:large","max-video-preview":"max-video-preview:-1"},"canonical":"https:\/\/urbeamea.ro\/albaiulia\/1-iunie-la-sebes-fanfara-din-petresti-si-scutierii-de-muhlbach-primele-aparitii-din-acest-an-in-onoarea-copiilor\/","twitter_card":"summary_large_image","twitter_title":"1 Iunie, la Sebe\u0219: Fanfara din Petre\u0219ti \u0219i Scutierii de Muhlbach - primele apari\u021bii din acest an, \u00een onoarea copiilor - Revista Urbea Mea - Revista de Alba","twitter_description":"\u00cen onoarea celor mai mici cet\u0103\u021beni ai Sebe\u0219ului, Fanfara din Petre\u0219ti (juniorii \u0219i seniorii fanfarei), precum \u0219i Ordinul Scutierilor de Muhlbach vor avea","twitter_image":"https:\/\/urbeamea.ro\/albaiulia\/wp-content\/uploads\/2021\/05\/Fanfara-si-scutierii.jpg","twitter_creator":"@urbeameaweb","twitter_site":"@urbeameaweb","schema":{"@context":"https:\/\/schema.org","@graph":[{"@type":"Article","@id":"https:\/\/urbeamea.ro\/albaiulia\/1-iunie-la-sebes-fanfara-din-petresti-si-scutierii-de-muhlbach-primele-aparitii-din-acest-an-in-onoarea-copiilor\/#article","isPartOf":{"@id":"https:\/\/urbeamea.ro\/albaiulia\/1-iunie-la-sebes-fanfara-din-petresti-si-scutierii-de-muhlbach-primele-aparitii-din-acest-an-in-onoarea-copiilor\/"},"author":{"name":"Cristina Ganga","@id":"https:\/\/urbeamea.ro\/albaiulia\/#\/schema\/person\/9700d21fae21c4f038b0b56f4506264a"},"headline":"1 Iunie, la Sebe\u0219: Fanfara din Petre\u0219ti \u0219i Scutierii de Muhlbach &#8211; primele apari\u021bii din acest an, \u00een onoarea copiilor","datePublished":"2021-05-31T07:23:49+00:00","dateModified":"2021-05-31T07:23:53+00:00","mainEntityOfPage":{"@id":"https:\/\/urbeamea.ro\/albaiulia\/1-iunie-la-sebes-fanfara-din-petresti-si-scutierii-de-muhlbach-primele-aparitii-din-acest-an-in-onoarea-copiilor\/"},"wordCount":297,"commentCount":0,"image":{"@id":"https:\/\/urbeamea.ro\/albaiulia\/1-iunie-la-sebes-fanfara-din-petresti-si-scutierii-de-muhlbach-primele-aparitii-din-acest-an-in-onoarea-copiilor\/#primaryimage"},"thumbnailUrl":"https:\/\/urbeamea.ro\/albaiulia\/wp-content\/uploads\/2021\/05\/Fanfara-si-scutierii.jpg","keywords":["1 iunie","fanfara din petresti","onoarea copiilor","primele aparitii","scutierii de muhlbach"],"articleSection":["Evenimente"],"inLanguage":"ro-RO","potentialAction":[{"@type":"CommentAction","name":"Comment","target":["https:\/\/urbeamea.ro\/albaiulia\/1-iunie-la-sebes-fanfara-din-petresti-si-scutierii-de-muhlbach-primele-aparitii-din-acest-an-in-onoarea-copiilor\/#respond"]}]},{"@type":"WebPage","@id":"https:\/\/urbeamea.ro\/albaiulia\/1-iunie-la-sebes-fanfara-din-petresti-si-scutierii-de-muhlbach-primele-aparitii-din-acest-an-in-onoarea-copiilor\/","url":"https:\/\/urbeamea.ro\/albaiulia\/1-iunie-la-sebes-fanfara-din-petresti-si-scutierii-de-muhlbach-primele-aparitii-din-acest-an-in-onoarea-copiilor\/","name":"1 Iunie, la Sebe\u0219: Fanfara din Petre\u0219ti \u0219i Scutierii de Muhlbach - primele apari\u021bii din acest an, \u00een onoarea copiilor - Revista Urbea Mea - Revista de Alba","isPartOf":{"@id":"https:\/\/urbeamea.ro\/albaiulia\/#website"},"primaryImageOfPage":{"@id":"https:\/\/urbeamea.ro\/albaiulia\/1-iunie-la-sebes-fanfara-din-petresti-si-scutierii-de-muhlbach-primele-aparitii-din-acest-an-in-onoarea-copiilor\/#primaryimage"},"image":{"@id":"https:\/\/urbeamea.ro\/albaiulia\/1-iunie-la-sebes-fanfara-din-petresti-si-scutierii-de-muhlbach-primele-aparitii-din-acest-an-in-onoarea-copiilor\/#primaryimage"},"thumbnailUrl":"https:\/\/urbeamea.ro\/albaiulia\/wp-content\/uploads\/2021\/05\/Fanfara-si-scutierii.jpg","datePublished":"2021-05-31T07:23:49+00:00","dateModified":"2021-05-31T07:23:53+00:00","author":{"@id":"https:\/\/urbeamea.ro\/albaiulia\/#\/schema\/person\/9700d21fae21c4f038b0b56f4506264a"},"description":"\u00cen onoarea celor mai mici cet\u0103\u021beni ai Sebe\u0219ului, Fanfara din Petre\u0219ti (juniorii \u0219i seniorii fanfarei), precum \u0219i Ordinul Scutierilor de Muhlbach vor avea","breadcrumb":{"@id":"https:\/\/urbeamea.ro\/albaiulia\/1-iunie-la-sebes-fanfara-din-petresti-si-scutierii-de-muhlbach-primele-aparitii-din-acest-an-in-onoarea-copiilor\/#breadcrumb"},"inLanguage":"ro-RO","potentialAction":[{"@type":"ReadAction","target":["https:\/\/urbeamea.ro\/albaiulia\/1-iunie-la-sebes-fanfara-din-petresti-si-scutierii-de-muhlbach-primele-aparitii-din-acest-an-in-onoarea-copiilor\/"]}]},{"@type":"ImageObject","inLanguage":"ro-RO","@id":"https:\/\/urbeamea.ro\/albaiulia\/1-iunie-la-sebes-fanfara-din-petresti-si-scutierii-de-muhlbach-primele-aparitii-din-acest-an-in-onoarea-copiilor\/#primaryimage","url":"https:\/\/urbeamea.ro\/albaiulia\/wp-content\/uploads\/2021\/05\/Fanfara-si-scutierii.jpg","contentUrl":"https:\/\/urbeamea.ro\/albaiulia\/wp-content\/uploads\/2021\/05\/Fanfara-si-scutierii.jpg","width":960,"height":640},{"@type":"BreadcrumbList","@id":"https:\/\/urbeamea.ro\/albaiulia\/1-iunie-la-sebes-fanfara-din-petresti-si-scutierii-de-muhlbach-primele-aparitii-din-acest-an-in-onoarea-copiilor\/#breadcrumb","itemListElement":[{"@type":"ListItem","position":1,"name":"Prima pagin\u0103","item":"https:\/\/urbeamea.ro\/albaiulia\/"},{"@type":"ListItem","position":2,"name":"1 Iunie, la Sebe\u0219: Fanfara din Petre\u0219ti \u0219i Scutierii de Muhlbach &#8211; primele apari\u021bii din acest an, \u00een onoarea copiilor"}]},{"@type":"WebSite","@id":"https:\/\/urbeamea.ro\/albaiulia\/#website","url":"https:\/\/urbeamea.ro\/albaiulia\/","name":"Revista Urbea Mea, Stiri urbane","description":"Evenimente \u0219i \u0219tiri din Alba Iulia, Sebe\u0219, Aiud, Blaj","potentialAction":[{"@type":"SearchAction","target":{"@type":"EntryPoint","urlTemplate":"https:\/\/urbeamea.ro\/albaiulia\/?s={search_term_string}"},"query-input":{"@type":"PropertyValueSpecification","valueRequired":true,"valueName":"search_term_string"}}],"inLanguage":"ro-RO"},{"@type":"Person","@id":"https:\/\/urbeamea.ro\/albaiulia\/#\/schema\/person\/9700d21fae21c4f038b0b56f4506264a","name":"Cristina Ganga","image":{"@type":"ImageObject","inLanguage":"ro-RO","@id":"https:\/\/secure.gravatar.com\/avatar\/5a67661041f057b4a8ccaf26f5a8e86e2689372006d01faf3dd9eeb10b654bb4?s=96&d=mm&r=g","url":"https:\/\/secure.gravatar.com\/avatar\/5a67661041f057b4a8ccaf26f5a8e86e2689372006d01faf3dd9eeb10b654bb4?s=96&d=mm&r=g","contentUrl":"https:\/\/secure.gravatar.com\/avatar\/5a67661041f057b4a8ccaf26f5a8e86e2689372006d01faf3dd9eeb10b654bb4?s=96&d=mm&r=g","caption":"Cristina Ganga"},"description":"Jurnalist","sameAs":["https:\/\/www.facebook.com\/cristina.nicola.587"],"url":"https:\/\/urbeamea.ro\/albaiulia\/author\/cristina-nicola\/"}]}},"_links":{"self":[{"href":"https:\/\/urbeamea.ro\/albaiulia\/wp-json\/wp\/v2\/posts\/95974","targetHints":{"allow":["GET"]}}],"collection":[{"href":"https:\/\/urbeamea.ro\/albaiulia\/wp-json\/wp\/v2\/posts"}],"about":[{"href":"https:\/\/urbeamea.ro\/albaiulia\/wp-json\/wp\/v2\/types\/post"}],"author":[{"embeddable":true,"href":"https:\/\/urbeamea.ro\/albaiulia\/wp-json\/wp\/v2\/users\/17"}],"replies":[{"embeddable":true,"href":"https:\/\/urbeamea.ro\/albaiulia\/wp-json\/wp\/v2\/comments?post=95974"}],"version-history":[{"count":1,"href":"https:\/\/urbeamea.ro\/albaiulia\/wp-json\/wp\/v2\/posts\/95974\/revisions"}],"predecessor-version":[{"id":95980,"href":"https:\/\/urbeamea.ro\/albaiulia\/wp-json\/wp\/v2\/posts\/95974\/revisions\/95980"}],"wp:featuredmedia":[{"embeddable":true,"href":"https:\/\/urbeamea.ro\/albaiulia\/wp-json\/wp\/v2\/media\/95978"}],"wp:attachment":[{"href":"https:\/\/urbeamea.ro\/albaiulia\/wp-json\/wp\/v2\/media?parent=95974"}],"wp:term":[{"taxonomy":"category","embeddable":true,"href":"https:\/\/urbeamea.ro\/albaiulia\/wp-json\/wp\/v2\/categories?post=95974"},{"taxonomy":"post_tag","embeddable":true,"href":"https:\/\/urbeamea.ro\/albaiulia\/wp-json\/wp\/v2\/tags?post=95974"}],"curies":[{"name":"wp","href":"https:\/\/api.w.org\/{rel}","templated":true}]}}