{"id":96027,"date":"2021-06-01T13:37:29","date_gmt":"2021-06-01T10:37:29","guid":{"rendered":"https:\/\/urbeamea.ro\/albaiulia\/?p=96027"},"modified":"2021-06-01T13:37:32","modified_gmt":"2021-06-01T10:37:32","slug":"bunatatea-sufletului-de-copil-tema-zilei-de-1-iunie-in-arhiepiscopia-alba-iuliei","status":"publish","type":"post","link":"https:\/\/urbeamea.ro\/albaiulia\/bunatatea-sufletului-de-copil-tema-zilei-de-1-iunie-in-arhiepiscopia-alba-iuliei\/","title":{"rendered":"\u201eBun\u0103tatea sufletului de copil\u201d \u2013 tema zilei de 1 iunie \u00een Arhiepiscopia Alba Iuliei"},"content":{"rendered":"\n<h2 class=\"wp-block-heading\">Activit\u0103\u021bile speciale dedicate anivers\u0103rii copiilor din toate a\u0219ez\u0103mintele sociale \u0219i educa\u021bionale din cuprinsul Arhiepiscopiei Ortodoxe de Alba Iulia au ajuns, ast\u0103zi, 1 iunie, \u00een punctul culminant. Desf\u0103\u0219urate cu binecuv\u00e2ntarea \u00cenaltpresfin\u021bitului Irineu, Arhiepiscop al Alba Iuliei, \u00een perioada 25 mai \u2013 05 iunie 2021, evenimentele din acest an stau sub denumirea generic\u0103 \u201eS\u0103rb\u0103torile Copil\u0103riei \u2013 Bun\u0103tatea sufletului de copil\u201d \u0219i urm\u0103resc familiarizarea celor mici cu acele atitudini \u0219i concepte nobile, precum bun\u0103tatea, bl\u00e2nde\u021bea, r\u0103bdarea, iertarea, compasiunea, aprecierea \u0219i respectul fa\u021b\u0103 de ceilal\u021bi.<\/h2>\n\n\n\n<p>Timp de o s\u0103pt\u0103m\u00e2n\u0103 tinerii \u0219i copiii, \u00eempreun\u0103 cu profesorii, preo\u021bii coordonatori, educatorii \u0219i voluntarii au desf\u0103\u0219urat o pleiad\u0103 de activit\u0103\u021bi, prilejuite de serbarea unor evenimente cu renume interna\u021bional precum Ziua Mondial\u0103 a dansului Lindy Hop, serbat\u0103 pe data de 26 mai, Ziua Hamburgerului pe 28 mai, Ziua interna\u021bional\u0103 a sus\u021bin\u0103torilor p\u0103cii, serbat\u0103 pe data de 29 mai sau Ziua mondial\u0103 a luptei \u00eempotriva fumatului, pe data de 31 mai.<\/p>\n\n\n\n<p>Ast\u0103zi, de Ziua Copilului, dinamica activit\u0103\u021bilor a gravitat \u00een jurul ideii de bun\u0103tate. \u201eCei mici\u201d \u0219i \u201ecei mari\u201d \u0219i-au luat pu\u021bin r\u0103gaz \u0219i \u00eempreun\u0103, prin activit\u0103\u021bi specifice \u0219i prin dialog, au \u00eencercat s\u0103 ofere o imagine c\u00e2t mai bogat\u0103 a cuv\u00e2ntului BUN\u0102TATE. De-a lungul activit\u0103\u021bilor, au purtat la piept imaginea unei inimi de culoare ro\u0219ie, simbolul acestor momente festive, pe care se afla scris \u201eBun\u0103tatea sufletului de copil\u201d \u0219i le-a fost \u00eemp\u0103rt\u0103\u0219it faptul c\u0103 inimile tuturor sunt bune, chiar dac\u0103 unele comportamente sunt c\u00e2teodat\u0103 gre\u0219ite.<\/p>\n\n\n\n<blockquote class=\"wp-block-quote is-layout-flow wp-block-quote-is-layout-flow\"><p>\u201eBun\u0103tatea este una dintre virtu\u021bile pe care avem prilejul s\u0103 o punem \u00een practic\u0103 \u00een fiecare zi a vie\u021bii noastre. A fost un foarte bun prilej pentru a face diferen\u021ba dintre persoana copilului \u0219i comportamentele sale,de ai ]curaja pe copii s\u0103-\u0219i descopere bun\u0103tatea din propriul suflet, \u0219i chiar de a \u00eenv\u0103\u021ba \u00eempreun\u0103 cu ei ce \u00eensemn\u0103 aceast\u0103 nepre\u021buit\u0103 virtute\u201d<\/p><cite>\u2013 a declarat p\u0103rintele Nicolae Ignat, Consilier Social Misionar \u00een cadrul Arhiepiscopiei Ortodoxe Alba Iulia.<\/cite><\/blockquote>\n\n\n\n<p>La finalul tuturor activit\u0103\u021bilor a avut loc un moment al concluziilor \u00een care participan\u021bii au fost provoca\u021bi s\u0103-\u0219i exprime propria viziune despre bun\u0103tate. R\u0103spunsurile copiilor au reu\u0219it s\u0103 impresioneze prin inocen\u021b\u0103, sinceritate \u0219i simplitate. Astfel, pentru \u201ecei mici\u201d &#8211; bun\u0103tatea este ceva ce putem oferi \u0219i primi, f\u0103r\u0103 s\u0103 ne coste nimic; Bun\u0103tatea este o alegere. Fiecare om este liber s\u0103 fie bun; Bun\u0103tatea este \u00een\u021beleas\u0103 diferit de fiecare persoan\u0103 \u00een parte; \u201eBun\u0103tatea \u00eenseamn\u0103 pace, r\u0103bdare \u0219i acceptare; \u0219i prostioarele pe care le facem sunt, de fapt, lucruri bune, dar care nu ne-au prea ie\u0219it.<\/p>\n\n\n\n<p>\u00cen cadrul Arhiepiscopiei Ortodoxe Alba Iulia func\u021bioneaz\u0103 cu binecuv\u00e2ntarea \u00cenaltpresfin\u021bitului P\u0103rinte Irineu, 18 Case de Tip Familial \u0219i Centre de Plasament, 15 Centre de zi \u0219i 16 Centre \u201e\u0218coal\u0103 dup\u0103 \u0218coal\u0103\u201d, \u00een care sunt octoti\u021bi peste 1000 de copii. Aceste a\u0219ez\u0103minte func\u021bioneaz\u0103 sub administrarea organiza\u021biilor nonguvernamentale eparhiale, din fonduri proprii, \u00een parteneriat cu autorit\u0103\u021bile publice jude\u021bene \u0219i locale, precum \u0219i \u00een cadrul Proiectului \u201eEduca\u021bie spre Voca\u021bie!\u201d.<\/p>\n\n\n\n<p>Biroul de pres\u0103 al Asocia\u021biei Filantropia Ortodox\u0103 Alba Iulia<\/p>\n\n\n\n<figure class=\"wp-block-gallery columns-3 is-cropped wp-block-gallery-1 is-layout-flex wp-block-gallery-is-layout-flex\"><ul class=\"blocks-gallery-grid\"><li class=\"blocks-gallery-item\"><figure><a href=\"https:\/\/urbeamea.ro\/albaiulia\/wp-content\/uploads\/2021\/06\/1.01.jpeg\"><img loading=\"lazy\" decoding=\"async\" width=\"1280\" height=\"995\" src=\"https:\/\/urbeamea.ro\/albaiulia\/wp-content\/uploads\/2021\/06\/1.01-1280x995.jpeg\" alt=\"\" data-id=\"96028\" data-full-url=\"https:\/\/urbeamea.ro\/albaiulia\/wp-content\/uploads\/2021\/06\/1.01.jpeg\" data-link=\"https:\/\/urbeamea.ro\/albaiulia\/?attachment_id=96028\" class=\"wp-image-96028\" srcset=\"https:\/\/urbeamea.ro\/albaiulia\/wp-content\/uploads\/2021\/06\/1.01-1280x995.jpeg 1280w, https:\/\/urbeamea.ro\/albaiulia\/wp-content\/uploads\/2021\/06\/1.01-640x498.jpeg 640w, https:\/\/urbeamea.ro\/albaiulia\/wp-content\/uploads\/2021\/06\/1.01-150x117.jpeg 150w, https:\/\/urbeamea.ro\/albaiulia\/wp-content\/uploads\/2021\/06\/1.01-768x597.jpeg 768w, https:\/\/urbeamea.ro\/albaiulia\/wp-content\/uploads\/2021\/06\/1.01-1536x1194.jpeg 1536w, https:\/\/urbeamea.ro\/albaiulia\/wp-content\/uploads\/2021\/06\/1.01.jpeg 1600w\" sizes=\"auto, (max-width: 1280px) 100vw, 1280px\" \/><\/a><\/figure><\/li><li class=\"blocks-gallery-item\"><figure><a href=\"https:\/\/urbeamea.ro\/albaiulia\/wp-content\/uploads\/2021\/06\/1.1.jpeg\"><img loading=\"lazy\" decoding=\"async\" width=\"960\" height=\"1280\" src=\"https:\/\/urbeamea.ro\/albaiulia\/wp-content\/uploads\/2021\/06\/1.1-960x1280.jpeg\" alt=\"\" data-id=\"96029\" data-full-url=\"https:\/\/urbeamea.ro\/albaiulia\/wp-content\/uploads\/2021\/06\/1.1.jpeg\" data-link=\"https:\/\/urbeamea.ro\/albaiulia\/?attachment_id=96029\" class=\"wp-image-96029\" srcset=\"https:\/\/urbeamea.ro\/albaiulia\/wp-content\/uploads\/2021\/06\/1.1-960x1280.jpeg 960w, https:\/\/urbeamea.ro\/albaiulia\/wp-content\/uploads\/2021\/06\/1.1-480x640.jpeg 480w, https:\/\/urbeamea.ro\/albaiulia\/wp-content\/uploads\/2021\/06\/1.1-113x150.jpeg 113w, https:\/\/urbeamea.ro\/albaiulia\/wp-content\/uploads\/2021\/06\/1.1-768x1024.jpeg 768w, https:\/\/urbeamea.ro\/albaiulia\/wp-content\/uploads\/2021\/06\/1.1-1152x1536.jpeg 1152w, https:\/\/urbeamea.ro\/albaiulia\/wp-content\/uploads\/2021\/06\/1.1.jpeg 1200w\" sizes=\"auto, (max-width: 960px) 100vw, 960px\" \/><\/a><\/figure><\/li><li class=\"blocks-gallery-item\"><figure><a href=\"https:\/\/urbeamea.ro\/albaiulia\/wp-content\/uploads\/2021\/06\/1.4.jpeg\"><img loading=\"lazy\" decoding=\"async\" width=\"960\" height=\"1280\" src=\"https:\/\/urbeamea.ro\/albaiulia\/wp-content\/uploads\/2021\/06\/1.4-960x1280.jpeg\" alt=\"\" data-id=\"96030\" data-full-url=\"https:\/\/urbeamea.ro\/albaiulia\/wp-content\/uploads\/2021\/06\/1.4.jpeg\" data-link=\"https:\/\/urbeamea.ro\/albaiulia\/?attachment_id=96030\" class=\"wp-image-96030\" srcset=\"https:\/\/urbeamea.ro\/albaiulia\/wp-content\/uploads\/2021\/06\/1.4-960x1280.jpeg 960w, https:\/\/urbeamea.ro\/albaiulia\/wp-content\/uploads\/2021\/06\/1.4-480x640.jpeg 480w, https:\/\/urbeamea.ro\/albaiulia\/wp-content\/uploads\/2021\/06\/1.4-113x150.jpeg 113w, https:\/\/urbeamea.ro\/albaiulia\/wp-content\/uploads\/2021\/06\/1.4-768x1024.jpeg 768w, https:\/\/urbeamea.ro\/albaiulia\/wp-content\/uploads\/2021\/06\/1.4-1152x1536.jpeg 1152w, https:\/\/urbeamea.ro\/albaiulia\/wp-content\/uploads\/2021\/06\/1.4.jpeg 1200w\" sizes=\"auto, (max-width: 960px) 100vw, 960px\" \/><\/a><\/figure><\/li><li class=\"blocks-gallery-item\"><figure><a href=\"https:\/\/urbeamea.ro\/albaiulia\/wp-content\/uploads\/2021\/06\/1.6.jpeg\"><img loading=\"lazy\" decoding=\"async\" width=\"1280\" height=\"960\" src=\"https:\/\/urbeamea.ro\/albaiulia\/wp-content\/uploads\/2021\/06\/1.6-1280x960.jpeg\" alt=\"\" data-id=\"96031\" data-full-url=\"https:\/\/urbeamea.ro\/albaiulia\/wp-content\/uploads\/2021\/06\/1.6.jpeg\" data-link=\"https:\/\/urbeamea.ro\/albaiulia\/?attachment_id=96031\" class=\"wp-image-96031\" srcset=\"https:\/\/urbeamea.ro\/albaiulia\/wp-content\/uploads\/2021\/06\/1.6-1280x960.jpeg 1280w, https:\/\/urbeamea.ro\/albaiulia\/wp-content\/uploads\/2021\/06\/1.6-640x480.jpeg 640w, https:\/\/urbeamea.ro\/albaiulia\/wp-content\/uploads\/2021\/06\/1.6-150x113.jpeg 150w, https:\/\/urbeamea.ro\/albaiulia\/wp-content\/uploads\/2021\/06\/1.6-768x576.jpeg 768w, https:\/\/urbeamea.ro\/albaiulia\/wp-content\/uploads\/2021\/06\/1.6-1536x1152.jpeg 1536w, https:\/\/urbeamea.ro\/albaiulia\/wp-content\/uploads\/2021\/06\/1.6.jpeg 1600w\" sizes=\"auto, (max-width: 1280px) 100vw, 1280px\" \/><\/a><\/figure><\/li><li class=\"blocks-gallery-item\"><figure><a href=\"https:\/\/urbeamea.ro\/albaiulia\/wp-content\/uploads\/2021\/06\/1.7.jpeg\"><img loading=\"lazy\" decoding=\"async\" width=\"1280\" height=\"960\" src=\"https:\/\/urbeamea.ro\/albaiulia\/wp-content\/uploads\/2021\/06\/1.7-1280x960.jpeg\" alt=\"\" data-id=\"96032\" data-full-url=\"https:\/\/urbeamea.ro\/albaiulia\/wp-content\/uploads\/2021\/06\/1.7.jpeg\" data-link=\"https:\/\/urbeamea.ro\/albaiulia\/?attachment_id=96032\" class=\"wp-image-96032\" srcset=\"https:\/\/urbeamea.ro\/albaiulia\/wp-content\/uploads\/2021\/06\/1.7-1280x960.jpeg 1280w, https:\/\/urbeamea.ro\/albaiulia\/wp-content\/uploads\/2021\/06\/1.7-640x480.jpeg 640w, https:\/\/urbeamea.ro\/albaiulia\/wp-content\/uploads\/2021\/06\/1.7-150x113.jpeg 150w, https:\/\/urbeamea.ro\/albaiulia\/wp-content\/uploads\/2021\/06\/1.7-768x576.jpeg 768w, https:\/\/urbeamea.ro\/albaiulia\/wp-content\/uploads\/2021\/06\/1.7-1536x1152.jpeg 1536w, https:\/\/urbeamea.ro\/albaiulia\/wp-content\/uploads\/2021\/06\/1.7.jpeg 1600w\" sizes=\"auto, (max-width: 1280px) 100vw, 1280px\" \/><\/a><\/figure><\/li><li class=\"blocks-gallery-item\"><figure><a href=\"https:\/\/urbeamea.ro\/albaiulia\/wp-content\/uploads\/2021\/06\/1.8.jpeg\"><img loading=\"lazy\" decoding=\"async\" width=\"720\" height=\"1280\" src=\"https:\/\/urbeamea.ro\/albaiulia\/wp-content\/uploads\/2021\/06\/1.8-720x1280.jpeg\" alt=\"\" data-id=\"96033\" data-full-url=\"https:\/\/urbeamea.ro\/albaiulia\/wp-content\/uploads\/2021\/06\/1.8.jpeg\" data-link=\"https:\/\/urbeamea.ro\/albaiulia\/?attachment_id=96033\" class=\"wp-image-96033\" srcset=\"https:\/\/urbeamea.ro\/albaiulia\/wp-content\/uploads\/2021\/06\/1.8-720x1280.jpeg 720w, https:\/\/urbeamea.ro\/albaiulia\/wp-content\/uploads\/2021\/06\/1.8-360x640.jpeg 360w, https:\/\/urbeamea.ro\/albaiulia\/wp-content\/uploads\/2021\/06\/1.8-84x150.jpeg 84w, https:\/\/urbeamea.ro\/albaiulia\/wp-content\/uploads\/2021\/06\/1.8-768x1365.jpeg 768w, https:\/\/urbeamea.ro\/albaiulia\/wp-content\/uploads\/2021\/06\/1.8-864x1536.jpeg 864w, https:\/\/urbeamea.ro\/albaiulia\/wp-content\/uploads\/2021\/06\/1.8.jpeg 900w\" sizes=\"auto, (max-width: 720px) 100vw, 720px\" \/><\/a><\/figure><\/li><li class=\"blocks-gallery-item\"><figure><a href=\"https:\/\/urbeamea.ro\/albaiulia\/wp-content\/uploads\/2021\/06\/1.9.jpeg\"><img loading=\"lazy\" decoding=\"async\" width=\"720\" height=\"963\" src=\"https:\/\/urbeamea.ro\/albaiulia\/wp-content\/uploads\/2021\/06\/1.9.jpeg\" alt=\"\" data-id=\"96034\" data-full-url=\"https:\/\/urbeamea.ro\/albaiulia\/wp-content\/uploads\/2021\/06\/1.9.jpeg\" data-link=\"https:\/\/urbeamea.ro\/albaiulia\/?attachment_id=96034\" class=\"wp-image-96034\" srcset=\"https:\/\/urbeamea.ro\/albaiulia\/wp-content\/uploads\/2021\/06\/1.9.jpeg 720w, https:\/\/urbeamea.ro\/albaiulia\/wp-content\/uploads\/2021\/06\/1.9-479x640.jpeg 479w, https:\/\/urbeamea.ro\/albaiulia\/wp-content\/uploads\/2021\/06\/1.9-112x150.jpeg 112w\" sizes=\"auto, (max-width: 720px) 100vw, 720px\" \/><\/a><\/figure><\/li><li class=\"blocks-gallery-item\"><figure><a href=\"https:\/\/urbeamea.ro\/albaiulia\/wp-content\/uploads\/2021\/06\/2.jpeg\"><img loading=\"lazy\" decoding=\"async\" width=\"958\" height=\"1280\" src=\"https:\/\/urbeamea.ro\/albaiulia\/wp-content\/uploads\/2021\/06\/2-958x1280.jpeg\" alt=\"\" data-id=\"96035\" data-full-url=\"https:\/\/urbeamea.ro\/albaiulia\/wp-content\/uploads\/2021\/06\/2.jpeg\" data-link=\"https:\/\/urbeamea.ro\/albaiulia\/?attachment_id=96035\" class=\"wp-image-96035\" srcset=\"https:\/\/urbeamea.ro\/albaiulia\/wp-content\/uploads\/2021\/06\/2-958x1280.jpeg 958w, https:\/\/urbeamea.ro\/albaiulia\/wp-content\/uploads\/2021\/06\/2-479x640.jpeg 479w, https:\/\/urbeamea.ro\/albaiulia\/wp-content\/uploads\/2021\/06\/2-112x150.jpeg 112w, https:\/\/urbeamea.ro\/albaiulia\/wp-content\/uploads\/2021\/06\/2-768x1026.jpeg 768w, https:\/\/urbeamea.ro\/albaiulia\/wp-content\/uploads\/2021\/06\/2-1150x1536.jpeg 1150w, https:\/\/urbeamea.ro\/albaiulia\/wp-content\/uploads\/2021\/06\/2.jpeg 1198w\" sizes=\"auto, (max-width: 958px) 100vw, 958px\" \/><\/a><\/figure><\/li><li class=\"blocks-gallery-item\"><figure><a href=\"https:\/\/urbeamea.ro\/albaiulia\/wp-content\/uploads\/2021\/06\/3.jpeg\"><img loading=\"lazy\" decoding=\"async\" width=\"1280\" height=\"960\" src=\"https:\/\/urbeamea.ro\/albaiulia\/wp-content\/uploads\/2021\/06\/3-1280x960.jpeg\" alt=\"\" data-id=\"96036\" data-full-url=\"https:\/\/urbeamea.ro\/albaiulia\/wp-content\/uploads\/2021\/06\/3.jpeg\" data-link=\"https:\/\/urbeamea.ro\/albaiulia\/?attachment_id=96036\" class=\"wp-image-96036\" srcset=\"https:\/\/urbeamea.ro\/albaiulia\/wp-content\/uploads\/2021\/06\/3-1280x960.jpeg 1280w, https:\/\/urbeamea.ro\/albaiulia\/wp-content\/uploads\/2021\/06\/3-640x480.jpeg 640w, https:\/\/urbeamea.ro\/albaiulia\/wp-content\/uploads\/2021\/06\/3-150x113.jpeg 150w, https:\/\/urbeamea.ro\/albaiulia\/wp-content\/uploads\/2021\/06\/3-768x576.jpeg 768w, https:\/\/urbeamea.ro\/albaiulia\/wp-content\/uploads\/2021\/06\/3-1536x1152.jpeg 1536w, https:\/\/urbeamea.ro\/albaiulia\/wp-content\/uploads\/2021\/06\/3.jpeg 1600w\" sizes=\"auto, (max-width: 1280px) 100vw, 1280px\" \/><\/a><\/figure><\/li><li class=\"blocks-gallery-item\"><figure><a href=\"https:\/\/urbeamea.ro\/albaiulia\/wp-content\/uploads\/2021\/06\/4.jpeg\"><img loading=\"lazy\" decoding=\"async\" width=\"958\" height=\"1280\" src=\"https:\/\/urbeamea.ro\/albaiulia\/wp-content\/uploads\/2021\/06\/4-958x1280.jpeg\" alt=\"\" data-id=\"96037\" data-full-url=\"https:\/\/urbeamea.ro\/albaiulia\/wp-content\/uploads\/2021\/06\/4.jpeg\" data-link=\"https:\/\/urbeamea.ro\/albaiulia\/?attachment_id=96037\" class=\"wp-image-96037\" srcset=\"https:\/\/urbeamea.ro\/albaiulia\/wp-content\/uploads\/2021\/06\/4-958x1280.jpeg 958w, https:\/\/urbeamea.ro\/albaiulia\/wp-content\/uploads\/2021\/06\/4-479x640.jpeg 479w, https:\/\/urbeamea.ro\/albaiulia\/wp-content\/uploads\/2021\/06\/4-112x150.jpeg 112w, https:\/\/urbeamea.ro\/albaiulia\/wp-content\/uploads\/2021\/06\/4-768x1026.jpeg 768w, https:\/\/urbeamea.ro\/albaiulia\/wp-content\/uploads\/2021\/06\/4-1150x1536.jpeg 1150w, https:\/\/urbeamea.ro\/albaiulia\/wp-content\/uploads\/2021\/06\/4.jpeg 1198w\" sizes=\"auto, (max-width: 958px) 100vw, 958px\" \/><\/a><\/figure><\/li><li class=\"blocks-gallery-item\"><figure><a href=\"https:\/\/urbeamea.ro\/albaiulia\/wp-content\/uploads\/2021\/06\/5.jpeg\"><img loading=\"lazy\" decoding=\"async\" width=\"1280\" height=\"960\" src=\"https:\/\/urbeamea.ro\/albaiulia\/wp-content\/uploads\/2021\/06\/5-1280x960.jpeg\" alt=\"\" data-id=\"96038\" data-full-url=\"https:\/\/urbeamea.ro\/albaiulia\/wp-content\/uploads\/2021\/06\/5.jpeg\" data-link=\"https:\/\/urbeamea.ro\/albaiulia\/?attachment_id=96038\" class=\"wp-image-96038\" srcset=\"https:\/\/urbeamea.ro\/albaiulia\/wp-content\/uploads\/2021\/06\/5-1280x960.jpeg 1280w, https:\/\/urbeamea.ro\/albaiulia\/wp-content\/uploads\/2021\/06\/5-640x480.jpeg 640w, https:\/\/urbeamea.ro\/albaiulia\/wp-content\/uploads\/2021\/06\/5-150x113.jpeg 150w, https:\/\/urbeamea.ro\/albaiulia\/wp-content\/uploads\/2021\/06\/5-768x576.jpeg 768w, https:\/\/urbeamea.ro\/albaiulia\/wp-content\/uploads\/2021\/06\/5-1536x1152.jpeg 1536w, https:\/\/urbeamea.ro\/albaiulia\/wp-content\/uploads\/2021\/06\/5.jpeg 1600w\" sizes=\"auto, (max-width: 1280px) 100vw, 1280px\" \/><\/a><\/figure><\/li><li class=\"blocks-gallery-item\"><figure><a href=\"https:\/\/urbeamea.ro\/albaiulia\/wp-content\/uploads\/2021\/06\/6.jpeg\"><img loading=\"lazy\" decoding=\"async\" width=\"958\" height=\"1280\" src=\"https:\/\/urbeamea.ro\/albaiulia\/wp-content\/uploads\/2021\/06\/6-958x1280.jpeg\" alt=\"\" data-id=\"96039\" data-full-url=\"https:\/\/urbeamea.ro\/albaiulia\/wp-content\/uploads\/2021\/06\/6.jpeg\" data-link=\"https:\/\/urbeamea.ro\/albaiulia\/?attachment_id=96039\" class=\"wp-image-96039\" srcset=\"https:\/\/urbeamea.ro\/albaiulia\/wp-content\/uploads\/2021\/06\/6-958x1280.jpeg 958w, https:\/\/urbeamea.ro\/albaiulia\/wp-content\/uploads\/2021\/06\/6-479x640.jpeg 479w, https:\/\/urbeamea.ro\/albaiulia\/wp-content\/uploads\/2021\/06\/6-112x150.jpeg 112w, https:\/\/urbeamea.ro\/albaiulia\/wp-content\/uploads\/2021\/06\/6-768x1026.jpeg 768w, https:\/\/urbeamea.ro\/albaiulia\/wp-content\/uploads\/2021\/06\/6-1150x1536.jpeg 1150w, https:\/\/urbeamea.ro\/albaiulia\/wp-content\/uploads\/2021\/06\/6.jpeg 1198w\" sizes=\"auto, (max-width: 958px) 100vw, 958px\" \/><\/a><\/figure><\/li><li class=\"blocks-gallery-item\"><figure><a href=\"https:\/\/urbeamea.ro\/albaiulia\/wp-content\/uploads\/2021\/06\/7.jpeg\"><img loading=\"lazy\" decoding=\"async\" width=\"1280\" height=\"960\" src=\"https:\/\/urbeamea.ro\/albaiulia\/wp-content\/uploads\/2021\/06\/7-1280x960.jpeg\" alt=\"\" data-id=\"96040\" data-full-url=\"https:\/\/urbeamea.ro\/albaiulia\/wp-content\/uploads\/2021\/06\/7.jpeg\" data-link=\"https:\/\/urbeamea.ro\/albaiulia\/?attachment_id=96040\" class=\"wp-image-96040\" srcset=\"https:\/\/urbeamea.ro\/albaiulia\/wp-content\/uploads\/2021\/06\/7-1280x960.jpeg 1280w, https:\/\/urbeamea.ro\/albaiulia\/wp-content\/uploads\/2021\/06\/7-640x480.jpeg 640w, https:\/\/urbeamea.ro\/albaiulia\/wp-content\/uploads\/2021\/06\/7-150x113.jpeg 150w, https:\/\/urbeamea.ro\/albaiulia\/wp-content\/uploads\/2021\/06\/7-768x576.jpeg 768w, https:\/\/urbeamea.ro\/albaiulia\/wp-content\/uploads\/2021\/06\/7-1536x1152.jpeg 1536w, https:\/\/urbeamea.ro\/albaiulia\/wp-content\/uploads\/2021\/06\/7.jpeg 1600w\" sizes=\"auto, (max-width: 1280px) 100vw, 1280px\" \/><\/a><\/figure><\/li><li class=\"blocks-gallery-item\"><figure><a href=\"https:\/\/urbeamea.ro\/albaiulia\/wp-content\/uploads\/2021\/06\/8.jpeg\"><img loading=\"lazy\" decoding=\"async\" width=\"960\" height=\"1280\" src=\"https:\/\/urbeamea.ro\/albaiulia\/wp-content\/uploads\/2021\/06\/8-960x1280.jpeg\" alt=\"\" data-id=\"96041\" data-full-url=\"https:\/\/urbeamea.ro\/albaiulia\/wp-content\/uploads\/2021\/06\/8.jpeg\" data-link=\"https:\/\/urbeamea.ro\/albaiulia\/?attachment_id=96041\" class=\"wp-image-96041\" srcset=\"https:\/\/urbeamea.ro\/albaiulia\/wp-content\/uploads\/2021\/06\/8-960x1280.jpeg 960w, https:\/\/urbeamea.ro\/albaiulia\/wp-content\/uploads\/2021\/06\/8-480x640.jpeg 480w, https:\/\/urbeamea.ro\/albaiulia\/wp-content\/uploads\/2021\/06\/8-113x150.jpeg 113w, https:\/\/urbeamea.ro\/albaiulia\/wp-content\/uploads\/2021\/06\/8-768x1024.jpeg 768w, https:\/\/urbeamea.ro\/albaiulia\/wp-content\/uploads\/2021\/06\/8-1152x1536.jpeg 1152w, https:\/\/urbeamea.ro\/albaiulia\/wp-content\/uploads\/2021\/06\/8.jpeg 1200w\" sizes=\"auto, (max-width: 960px) 100vw, 960px\" \/><\/a><\/figure><\/li><li class=\"blocks-gallery-item\"><figure><a href=\"https:\/\/urbeamea.ro\/albaiulia\/wp-content\/uploads\/2021\/06\/9.jpeg\"><img loading=\"lazy\" decoding=\"async\" width=\"1280\" height=\"960\" src=\"https:\/\/urbeamea.ro\/albaiulia\/wp-content\/uploads\/2021\/06\/9-1280x960.jpeg\" alt=\"\" data-id=\"96042\" data-full-url=\"https:\/\/urbeamea.ro\/albaiulia\/wp-content\/uploads\/2021\/06\/9.jpeg\" data-link=\"https:\/\/urbeamea.ro\/albaiulia\/?attachment_id=96042\" class=\"wp-image-96042\" srcset=\"https:\/\/urbeamea.ro\/albaiulia\/wp-content\/uploads\/2021\/06\/9-1280x960.jpeg 1280w, https:\/\/urbeamea.ro\/albaiulia\/wp-content\/uploads\/2021\/06\/9-640x480.jpeg 640w, https:\/\/urbeamea.ro\/albaiulia\/wp-content\/uploads\/2021\/06\/9-150x113.jpeg 150w, https:\/\/urbeamea.ro\/albaiulia\/wp-content\/uploads\/2021\/06\/9-768x576.jpeg 768w, https:\/\/urbeamea.ro\/albaiulia\/wp-content\/uploads\/2021\/06\/9-1536x1152.jpeg 1536w, https:\/\/urbeamea.ro\/albaiulia\/wp-content\/uploads\/2021\/06\/9.jpeg 1600w\" sizes=\"auto, (max-width: 1280px) 100vw, 1280px\" \/><\/a><\/figure><\/li><li class=\"blocks-gallery-item\"><figure><a href=\"https:\/\/urbeamea.ro\/albaiulia\/wp-content\/uploads\/2021\/06\/10.jpeg\"><img loading=\"lazy\" decoding=\"async\" width=\"720\" height=\"963\" src=\"https:\/\/urbeamea.ro\/albaiulia\/wp-content\/uploads\/2021\/06\/10.jpeg\" alt=\"\" data-id=\"96043\" data-full-url=\"https:\/\/urbeamea.ro\/albaiulia\/wp-content\/uploads\/2021\/06\/10.jpeg\" data-link=\"https:\/\/urbeamea.ro\/albaiulia\/?attachment_id=96043\" class=\"wp-image-96043\" srcset=\"https:\/\/urbeamea.ro\/albaiulia\/wp-content\/uploads\/2021\/06\/10.jpeg 720w, https:\/\/urbeamea.ro\/albaiulia\/wp-content\/uploads\/2021\/06\/10-479x640.jpeg 479w, https:\/\/urbeamea.ro\/albaiulia\/wp-content\/uploads\/2021\/06\/10-112x150.jpeg 112w\" sizes=\"auto, (max-width: 720px) 100vw, 720px\" \/><\/a><\/figure><\/li><li class=\"blocks-gallery-item\"><figure><a href=\"https:\/\/urbeamea.ro\/albaiulia\/wp-content\/uploads\/2021\/06\/11.jpeg\"><img loading=\"lazy\" decoding=\"async\" width=\"960\" height=\"1280\" src=\"https:\/\/urbeamea.ro\/albaiulia\/wp-content\/uploads\/2021\/06\/11-960x1280.jpeg\" alt=\"\" data-id=\"96044\" data-full-url=\"https:\/\/urbeamea.ro\/albaiulia\/wp-content\/uploads\/2021\/06\/11.jpeg\" data-link=\"https:\/\/urbeamea.ro\/albaiulia\/?attachment_id=96044\" class=\"wp-image-96044\" srcset=\"https:\/\/urbeamea.ro\/albaiulia\/wp-content\/uploads\/2021\/06\/11-960x1280.jpeg 960w, https:\/\/urbeamea.ro\/albaiulia\/wp-content\/uploads\/2021\/06\/11-480x640.jpeg 480w, https:\/\/urbeamea.ro\/albaiulia\/wp-content\/uploads\/2021\/06\/11-113x150.jpeg 113w, https:\/\/urbeamea.ro\/albaiulia\/wp-content\/uploads\/2021\/06\/11-768x1024.jpeg 768w, https:\/\/urbeamea.ro\/albaiulia\/wp-content\/uploads\/2021\/06\/11-1152x1536.jpeg 1152w, https:\/\/urbeamea.ro\/albaiulia\/wp-content\/uploads\/2021\/06\/11.jpeg 1200w\" sizes=\"auto, (max-width: 960px) 100vw, 960px\" \/><\/a><\/figure><\/li><li class=\"blocks-gallery-item\"><figure><a href=\"https:\/\/urbeamea.ro\/albaiulia\/wp-content\/uploads\/2021\/06\/12.jpeg\"><img loading=\"lazy\" decoding=\"async\" width=\"1280\" height=\"960\" src=\"https:\/\/urbeamea.ro\/albaiulia\/wp-content\/uploads\/2021\/06\/12-1280x960.jpeg\" alt=\"\" data-id=\"96045\" data-full-url=\"https:\/\/urbeamea.ro\/albaiulia\/wp-content\/uploads\/2021\/06\/12.jpeg\" data-link=\"https:\/\/urbeamea.ro\/albaiulia\/?attachment_id=96045\" class=\"wp-image-96045\" srcset=\"https:\/\/urbeamea.ro\/albaiulia\/wp-content\/uploads\/2021\/06\/12-1280x960.jpeg 1280w, https:\/\/urbeamea.ro\/albaiulia\/wp-content\/uploads\/2021\/06\/12-640x480.jpeg 640w, https:\/\/urbeamea.ro\/albaiulia\/wp-content\/uploads\/2021\/06\/12-150x113.jpeg 150w, https:\/\/urbeamea.ro\/albaiulia\/wp-content\/uploads\/2021\/06\/12-768x576.jpeg 768w, https:\/\/urbeamea.ro\/albaiulia\/wp-content\/uploads\/2021\/06\/12-1536x1152.jpeg 1536w, https:\/\/urbeamea.ro\/albaiulia\/wp-content\/uploads\/2021\/06\/12.jpeg 1600w\" sizes=\"auto, (max-width: 1280px) 100vw, 1280px\" \/><\/a><\/figure><\/li><li class=\"blocks-gallery-item\"><figure><a href=\"https:\/\/urbeamea.ro\/albaiulia\/wp-content\/uploads\/2021\/06\/13.jpeg\"><img loading=\"lazy\" decoding=\"async\" width=\"1280\" height=\"960\" src=\"https:\/\/urbeamea.ro\/albaiulia\/wp-content\/uploads\/2021\/06\/13-1280x960.jpeg\" alt=\"\" data-id=\"96046\" data-full-url=\"https:\/\/urbeamea.ro\/albaiulia\/wp-content\/uploads\/2021\/06\/13.jpeg\" data-link=\"https:\/\/urbeamea.ro\/albaiulia\/?attachment_id=96046\" class=\"wp-image-96046\" srcset=\"https:\/\/urbeamea.ro\/albaiulia\/wp-content\/uploads\/2021\/06\/13-1280x960.jpeg 1280w, https:\/\/urbeamea.ro\/albaiulia\/wp-content\/uploads\/2021\/06\/13-640x480.jpeg 640w, https:\/\/urbeamea.ro\/albaiulia\/wp-content\/uploads\/2021\/06\/13-150x113.jpeg 150w, https:\/\/urbeamea.ro\/albaiulia\/wp-content\/uploads\/2021\/06\/13-768x576.jpeg 768w, https:\/\/urbeamea.ro\/albaiulia\/wp-content\/uploads\/2021\/06\/13-1536x1152.jpeg 1536w, https:\/\/urbeamea.ro\/albaiulia\/wp-content\/uploads\/2021\/06\/13.jpeg 1600w\" sizes=\"auto, (max-width: 1280px) 100vw, 1280px\" \/><\/a><\/figure><\/li><li class=\"blocks-gallery-item\"><figure><a href=\"https:\/\/urbeamea.ro\/albaiulia\/wp-content\/uploads\/2021\/06\/14.jpeg\"><img loading=\"lazy\" decoding=\"async\" width=\"1280\" height=\"720\" src=\"https:\/\/urbeamea.ro\/albaiulia\/wp-content\/uploads\/2021\/06\/14-1280x720.jpeg\" alt=\"\" data-id=\"96047\" data-full-url=\"https:\/\/urbeamea.ro\/albaiulia\/wp-content\/uploads\/2021\/06\/14.jpeg\" data-link=\"https:\/\/urbeamea.ro\/albaiulia\/?attachment_id=96047\" class=\"wp-image-96047\" srcset=\"https:\/\/urbeamea.ro\/albaiulia\/wp-content\/uploads\/2021\/06\/14-1280x720.jpeg 1280w, https:\/\/urbeamea.ro\/albaiulia\/wp-content\/uploads\/2021\/06\/14-640x360.jpeg 640w, https:\/\/urbeamea.ro\/albaiulia\/wp-content\/uploads\/2021\/06\/14-150x84.jpeg 150w, https:\/\/urbeamea.ro\/albaiulia\/wp-content\/uploads\/2021\/06\/14-768x432.jpeg 768w, https:\/\/urbeamea.ro\/albaiulia\/wp-content\/uploads\/2021\/06\/14-1536x864.jpeg 1536w, https:\/\/urbeamea.ro\/albaiulia\/wp-content\/uploads\/2021\/06\/14.jpeg 1600w\" sizes=\"auto, (max-width: 1280px) 100vw, 1280px\" \/><\/a><\/figure><\/li><li class=\"blocks-gallery-item\"><figure><a href=\"https:\/\/urbeamea.ro\/albaiulia\/wp-content\/uploads\/2021\/06\/15.jpeg\"><img loading=\"lazy\" decoding=\"async\" width=\"1280\" height=\"960\" src=\"https:\/\/urbeamea.ro\/albaiulia\/wp-content\/uploads\/2021\/06\/15-1280x960.jpeg\" alt=\"\" data-id=\"96048\" data-full-url=\"https:\/\/urbeamea.ro\/albaiulia\/wp-content\/uploads\/2021\/06\/15.jpeg\" data-link=\"https:\/\/urbeamea.ro\/albaiulia\/?attachment_id=96048\" class=\"wp-image-96048\" srcset=\"https:\/\/urbeamea.ro\/albaiulia\/wp-content\/uploads\/2021\/06\/15-1280x960.jpeg 1280w, https:\/\/urbeamea.ro\/albaiulia\/wp-content\/uploads\/2021\/06\/15-640x480.jpeg 640w, https:\/\/urbeamea.ro\/albaiulia\/wp-content\/uploads\/2021\/06\/15-150x113.jpeg 150w, https:\/\/urbeamea.ro\/albaiulia\/wp-content\/uploads\/2021\/06\/15-768x576.jpeg 768w, https:\/\/urbeamea.ro\/albaiulia\/wp-content\/uploads\/2021\/06\/15-1536x1152.jpeg 1536w, https:\/\/urbeamea.ro\/albaiulia\/wp-content\/uploads\/2021\/06\/15.jpeg 1600w\" sizes=\"auto, (max-width: 1280px) 100vw, 1280px\" \/><\/a><\/figure><\/li><li class=\"blocks-gallery-item\"><figure><a href=\"https:\/\/urbeamea.ro\/albaiulia\/wp-content\/uploads\/2021\/06\/16.jpeg\"><img loading=\"lazy\" decoding=\"async\" width=\"958\" height=\"1280\" src=\"https:\/\/urbeamea.ro\/albaiulia\/wp-content\/uploads\/2021\/06\/16-958x1280.jpeg\" alt=\"\" data-id=\"96049\" data-full-url=\"https:\/\/urbeamea.ro\/albaiulia\/wp-content\/uploads\/2021\/06\/16.jpeg\" data-link=\"https:\/\/urbeamea.ro\/albaiulia\/?attachment_id=96049\" class=\"wp-image-96049\" srcset=\"https:\/\/urbeamea.ro\/albaiulia\/wp-content\/uploads\/2021\/06\/16-958x1280.jpeg 958w, https:\/\/urbeamea.ro\/albaiulia\/wp-content\/uploads\/2021\/06\/16-479x640.jpeg 479w, https:\/\/urbeamea.ro\/albaiulia\/wp-content\/uploads\/2021\/06\/16-112x150.jpeg 112w, https:\/\/urbeamea.ro\/albaiulia\/wp-content\/uploads\/2021\/06\/16-768x1026.jpeg 768w, https:\/\/urbeamea.ro\/albaiulia\/wp-content\/uploads\/2021\/06\/16-1150x1536.jpeg 1150w, https:\/\/urbeamea.ro\/albaiulia\/wp-content\/uploads\/2021\/06\/16.jpeg 1198w\" sizes=\"auto, (max-width: 958px) 100vw, 958px\" \/><\/a><\/figure><\/li><\/ul><\/figure>\n","protected":false},"excerpt":{"rendered":"<p>Activit\u0103\u021bile speciale dedicate anivers\u0103rii copiilor din toate a\u0219ez\u0103mintele sociale \u0219i educa\u021bionale din cuprinsul Arhiepiscopiei Ortodoxe de Alba Iulia au ajuns, ast\u0103zi, 1 iunie, \u00een punctul culminant. Desf\u0103\u0219urate cu binecuv\u00e2ntarea \u00cenaltpresfin\u021bitului Irineu, Arhiepiscop al Alba Iuliei, \u00een perioada 25 mai \u2013 05 iunie 2021, evenimentele din acest an stau sub denumirea generic\u0103 \u201eS\u0103rb\u0103torile Copil\u0103riei \u2013 Bun\u0103tatea &hellip;<\/p>\n","protected":false},"author":17,"featured_media":96029,"comment_status":"open","ping_status":"open","sticky":false,"template":"","format":"standard","meta":{"inline_featured_image":false,"footnotes":""},"categories":[2034],"tags":[22997,22947,22946,22996],"class_list":["post-96027","post","type-post","status-publish","format-standard","has-post-thumbnail","hentry","category-social","tag-arhiepiscopia-alba-iuliei","tag-bunatatea-sufletului-de-copil","tag-sarbatorile-copilariei","tag-tema-zilei-de-1-iunie"],"yoast_head":"<!-- This site is optimized with the Yoast SEO plugin v27.4 - https:\/\/yoast.com\/product\/yoast-seo-wordpress\/ -->\n<title>\u201eBun\u0103tatea sufletului de copil\u201d \u2013 tema zilei de 1 iunie \u00een Arhiepiscopia Alba Iuliei - Revista Urbea Mea - Revista de Alba<\/title>\n<meta name=\"description\" content=\"Activit\u0103\u021bile speciale dedicate anivers\u0103rii copiilor din toate a\u0219ez\u0103mintele sociale \u0219i educa\u021bionale din cuprinsul Arhiepiscopiei Ortodoxe de Alba Iulia au\" \/>\n<meta name=\"robots\" content=\"index, follow, max-snippet:-1, max-image-preview:large, max-video-preview:-1\" \/>\n<link rel=\"canonical\" href=\"https:\/\/urbeamea.ro\/albaiulia\/bunatatea-sufletului-de-copil-tema-zilei-de-1-iunie-in-arhiepiscopia-alba-iuliei\/\" \/>\n<meta name=\"twitter:card\" content=\"summary_large_image\" \/>\n<meta name=\"twitter:title\" content=\"\u201eBun\u0103tatea sufletului de copil\u201d \u2013 tema zilei de 1 iunie \u00een Arhiepiscopia Alba Iuliei - Revista Urbea Mea - Revista de Alba\" \/>\n<meta name=\"twitter:description\" content=\"Activit\u0103\u021bile speciale dedicate anivers\u0103rii copiilor din toate a\u0219ez\u0103mintele sociale \u0219i educa\u021bionale din cuprinsul Arhiepiscopiei Ortodoxe de Alba Iulia au\" \/>\n<meta name=\"twitter:image\" content=\"https:\/\/urbeamea.ro\/albaiulia\/wp-content\/uploads\/2021\/06\/1.1.jpeg\" \/>\n<meta name=\"twitter:creator\" content=\"@urbeameaweb\" \/>\n<meta name=\"twitter:site\" content=\"@urbeameaweb\" \/>\n<script type=\"application\/ld+json\" class=\"yoast-schema-graph\">{\"@context\":\"https:\\\/\\\/schema.org\",\"@graph\":[{\"@type\":\"Article\",\"@id\":\"https:\\\/\\\/urbeamea.ro\\\/albaiulia\\\/bunatatea-sufletului-de-copil-tema-zilei-de-1-iunie-in-arhiepiscopia-alba-iuliei\\\/#article\",\"isPartOf\":{\"@id\":\"https:\\\/\\\/urbeamea.ro\\\/albaiulia\\\/bunatatea-sufletului-de-copil-tema-zilei-de-1-iunie-in-arhiepiscopia-alba-iuliei\\\/\"},\"author\":{\"name\":\"Cristina Ganga\",\"@id\":\"https:\\\/\\\/urbeamea.ro\\\/albaiulia\\\/#\\\/schema\\\/person\\\/9700d21fae21c4f038b0b56f4506264a\"},\"headline\":\"\u201eBun\u0103tatea sufletului de copil\u201d \u2013 tema zilei de 1 iunie \u00een Arhiepiscopia Alba Iuliei\",\"datePublished\":\"2021-06-01T10:37:29+00:00\",\"dateModified\":\"2021-06-01T10:37:32+00:00\",\"mainEntityOfPage\":{\"@id\":\"https:\\\/\\\/urbeamea.ro\\\/albaiulia\\\/bunatatea-sufletului-de-copil-tema-zilei-de-1-iunie-in-arhiepiscopia-alba-iuliei\\\/\"},\"wordCount\":565,\"commentCount\":0,\"image\":{\"@id\":\"https:\\\/\\\/urbeamea.ro\\\/albaiulia\\\/bunatatea-sufletului-de-copil-tema-zilei-de-1-iunie-in-arhiepiscopia-alba-iuliei\\\/#primaryimage\"},\"thumbnailUrl\":\"https:\\\/\\\/urbeamea.ro\\\/albaiulia\\\/wp-content\\\/uploads\\\/2021\\\/06\\\/1.1.jpeg\",\"keywords\":[\"arhiepiscopia alba iuliei\",\"bunatatea sufletului de copil\",\"sarbatorile copilariei\",\"tema zilei de 1 iunie\"],\"articleSection\":[\"Social\"],\"inLanguage\":\"ro-RO\",\"potentialAction\":[{\"@type\":\"CommentAction\",\"name\":\"Comment\",\"target\":[\"https:\\\/\\\/urbeamea.ro\\\/albaiulia\\\/bunatatea-sufletului-de-copil-tema-zilei-de-1-iunie-in-arhiepiscopia-alba-iuliei\\\/#respond\"]}]},{\"@type\":\"WebPage\",\"@id\":\"https:\\\/\\\/urbeamea.ro\\\/albaiulia\\\/bunatatea-sufletului-de-copil-tema-zilei-de-1-iunie-in-arhiepiscopia-alba-iuliei\\\/\",\"url\":\"https:\\\/\\\/urbeamea.ro\\\/albaiulia\\\/bunatatea-sufletului-de-copil-tema-zilei-de-1-iunie-in-arhiepiscopia-alba-iuliei\\\/\",\"name\":\"\u201eBun\u0103tatea sufletului de copil\u201d \u2013 tema zilei de 1 iunie \u00een Arhiepiscopia Alba Iuliei - Revista Urbea Mea - Revista de Alba\",\"isPartOf\":{\"@id\":\"https:\\\/\\\/urbeamea.ro\\\/albaiulia\\\/#website\"},\"primaryImageOfPage\":{\"@id\":\"https:\\\/\\\/urbeamea.ro\\\/albaiulia\\\/bunatatea-sufletului-de-copil-tema-zilei-de-1-iunie-in-arhiepiscopia-alba-iuliei\\\/#primaryimage\"},\"image\":{\"@id\":\"https:\\\/\\\/urbeamea.ro\\\/albaiulia\\\/bunatatea-sufletului-de-copil-tema-zilei-de-1-iunie-in-arhiepiscopia-alba-iuliei\\\/#primaryimage\"},\"thumbnailUrl\":\"https:\\\/\\\/urbeamea.ro\\\/albaiulia\\\/wp-content\\\/uploads\\\/2021\\\/06\\\/1.1.jpeg\",\"datePublished\":\"2021-06-01T10:37:29+00:00\",\"dateModified\":\"2021-06-01T10:37:32+00:00\",\"author\":{\"@id\":\"https:\\\/\\\/urbeamea.ro\\\/albaiulia\\\/#\\\/schema\\\/person\\\/9700d21fae21c4f038b0b56f4506264a\"},\"description\":\"Activit\u0103\u021bile speciale dedicate anivers\u0103rii copiilor din toate a\u0219ez\u0103mintele sociale \u0219i educa\u021bionale din cuprinsul Arhiepiscopiei Ortodoxe de Alba Iulia au\",\"breadcrumb\":{\"@id\":\"https:\\\/\\\/urbeamea.ro\\\/albaiulia\\\/bunatatea-sufletului-de-copil-tema-zilei-de-1-iunie-in-arhiepiscopia-alba-iuliei\\\/#breadcrumb\"},\"inLanguage\":\"ro-RO\",\"potentialAction\":[{\"@type\":\"ReadAction\",\"target\":[\"https:\\\/\\\/urbeamea.ro\\\/albaiulia\\\/bunatatea-sufletului-de-copil-tema-zilei-de-1-iunie-in-arhiepiscopia-alba-iuliei\\\/\"]}]},{\"@type\":\"ImageObject\",\"inLanguage\":\"ro-RO\",\"@id\":\"https:\\\/\\\/urbeamea.ro\\\/albaiulia\\\/bunatatea-sufletului-de-copil-tema-zilei-de-1-iunie-in-arhiepiscopia-alba-iuliei\\\/#primaryimage\",\"url\":\"https:\\\/\\\/urbeamea.ro\\\/albaiulia\\\/wp-content\\\/uploads\\\/2021\\\/06\\\/1.1.jpeg\",\"contentUrl\":\"https:\\\/\\\/urbeamea.ro\\\/albaiulia\\\/wp-content\\\/uploads\\\/2021\\\/06\\\/1.1.jpeg\",\"width\":1200,\"height\":1600},{\"@type\":\"BreadcrumbList\",\"@id\":\"https:\\\/\\\/urbeamea.ro\\\/albaiulia\\\/bunatatea-sufletului-de-copil-tema-zilei-de-1-iunie-in-arhiepiscopia-alba-iuliei\\\/#breadcrumb\",\"itemListElement\":[{\"@type\":\"ListItem\",\"position\":1,\"name\":\"Prima pagin\u0103\",\"item\":\"https:\\\/\\\/urbeamea.ro\\\/albaiulia\\\/\"},{\"@type\":\"ListItem\",\"position\":2,\"name\":\"\u201eBun\u0103tatea sufletului de copil\u201d \u2013 tema zilei de 1 iunie \u00een Arhiepiscopia Alba Iuliei\"}]},{\"@type\":\"WebSite\",\"@id\":\"https:\\\/\\\/urbeamea.ro\\\/albaiulia\\\/#website\",\"url\":\"https:\\\/\\\/urbeamea.ro\\\/albaiulia\\\/\",\"name\":\"Revista Urbea Mea, Stiri urbane\",\"description\":\"Evenimente \u0219i \u0219tiri din Alba Iulia, Sebe\u0219, Aiud, Blaj\",\"potentialAction\":[{\"@type\":\"SearchAction\",\"target\":{\"@type\":\"EntryPoint\",\"urlTemplate\":\"https:\\\/\\\/urbeamea.ro\\\/albaiulia\\\/?s={search_term_string}\"},\"query-input\":{\"@type\":\"PropertyValueSpecification\",\"valueRequired\":true,\"valueName\":\"search_term_string\"}}],\"inLanguage\":\"ro-RO\"},{\"@type\":\"Person\",\"@id\":\"https:\\\/\\\/urbeamea.ro\\\/albaiulia\\\/#\\\/schema\\\/person\\\/9700d21fae21c4f038b0b56f4506264a\",\"name\":\"Cristina Ganga\",\"image\":{\"@type\":\"ImageObject\",\"inLanguage\":\"ro-RO\",\"@id\":\"https:\\\/\\\/secure.gravatar.com\\\/avatar\\\/5a67661041f057b4a8ccaf26f5a8e86e2689372006d01faf3dd9eeb10b654bb4?s=96&d=mm&r=g\",\"url\":\"https:\\\/\\\/secure.gravatar.com\\\/avatar\\\/5a67661041f057b4a8ccaf26f5a8e86e2689372006d01faf3dd9eeb10b654bb4?s=96&d=mm&r=g\",\"contentUrl\":\"https:\\\/\\\/secure.gravatar.com\\\/avatar\\\/5a67661041f057b4a8ccaf26f5a8e86e2689372006d01faf3dd9eeb10b654bb4?s=96&d=mm&r=g\",\"caption\":\"Cristina Ganga\"},\"description\":\"Jurnalist\",\"sameAs\":[\"https:\\\/\\\/www.facebook.com\\\/cristina.nicola.587\"],\"url\":\"https:\\\/\\\/urbeamea.ro\\\/albaiulia\\\/author\\\/cristina-nicola\\\/\"}]}<\/script>\n<!-- \/ Yoast SEO plugin. -->","yoast_head_json":{"title":"\u201eBun\u0103tatea sufletului de copil\u201d \u2013 tema zilei de 1 iunie \u00een Arhiepiscopia Alba Iuliei - Revista Urbea Mea - Revista de Alba","description":"Activit\u0103\u021bile speciale dedicate anivers\u0103rii copiilor din toate a\u0219ez\u0103mintele sociale \u0219i educa\u021bionale din cuprinsul Arhiepiscopiei Ortodoxe de Alba Iulia au","robots":{"index":"index","follow":"follow","max-snippet":"max-snippet:-1","max-image-preview":"max-image-preview:large","max-video-preview":"max-video-preview:-1"},"canonical":"https:\/\/urbeamea.ro\/albaiulia\/bunatatea-sufletului-de-copil-tema-zilei-de-1-iunie-in-arhiepiscopia-alba-iuliei\/","twitter_card":"summary_large_image","twitter_title":"\u201eBun\u0103tatea sufletului de copil\u201d \u2013 tema zilei de 1 iunie \u00een Arhiepiscopia Alba Iuliei - Revista Urbea Mea - Revista de Alba","twitter_description":"Activit\u0103\u021bile speciale dedicate anivers\u0103rii copiilor din toate a\u0219ez\u0103mintele sociale \u0219i educa\u021bionale din cuprinsul Arhiepiscopiei Ortodoxe de Alba Iulia au","twitter_image":"https:\/\/urbeamea.ro\/albaiulia\/wp-content\/uploads\/2021\/06\/1.1.jpeg","twitter_creator":"@urbeameaweb","twitter_site":"@urbeameaweb","schema":{"@context":"https:\/\/schema.org","@graph":[{"@type":"Article","@id":"https:\/\/urbeamea.ro\/albaiulia\/bunatatea-sufletului-de-copil-tema-zilei-de-1-iunie-in-arhiepiscopia-alba-iuliei\/#article","isPartOf":{"@id":"https:\/\/urbeamea.ro\/albaiulia\/bunatatea-sufletului-de-copil-tema-zilei-de-1-iunie-in-arhiepiscopia-alba-iuliei\/"},"author":{"name":"Cristina Ganga","@id":"https:\/\/urbeamea.ro\/albaiulia\/#\/schema\/person\/9700d21fae21c4f038b0b56f4506264a"},"headline":"\u201eBun\u0103tatea sufletului de copil\u201d \u2013 tema zilei de 1 iunie \u00een Arhiepiscopia Alba Iuliei","datePublished":"2021-06-01T10:37:29+00:00","dateModified":"2021-06-01T10:37:32+00:00","mainEntityOfPage":{"@id":"https:\/\/urbeamea.ro\/albaiulia\/bunatatea-sufletului-de-copil-tema-zilei-de-1-iunie-in-arhiepiscopia-alba-iuliei\/"},"wordCount":565,"commentCount":0,"image":{"@id":"https:\/\/urbeamea.ro\/albaiulia\/bunatatea-sufletului-de-copil-tema-zilei-de-1-iunie-in-arhiepiscopia-alba-iuliei\/#primaryimage"},"thumbnailUrl":"https:\/\/urbeamea.ro\/albaiulia\/wp-content\/uploads\/2021\/06\/1.1.jpeg","keywords":["arhiepiscopia alba iuliei","bunatatea sufletului de copil","sarbatorile copilariei","tema zilei de 1 iunie"],"articleSection":["Social"],"inLanguage":"ro-RO","potentialAction":[{"@type":"CommentAction","name":"Comment","target":["https:\/\/urbeamea.ro\/albaiulia\/bunatatea-sufletului-de-copil-tema-zilei-de-1-iunie-in-arhiepiscopia-alba-iuliei\/#respond"]}]},{"@type":"WebPage","@id":"https:\/\/urbeamea.ro\/albaiulia\/bunatatea-sufletului-de-copil-tema-zilei-de-1-iunie-in-arhiepiscopia-alba-iuliei\/","url":"https:\/\/urbeamea.ro\/albaiulia\/bunatatea-sufletului-de-copil-tema-zilei-de-1-iunie-in-arhiepiscopia-alba-iuliei\/","name":"\u201eBun\u0103tatea sufletului de copil\u201d \u2013 tema zilei de 1 iunie \u00een Arhiepiscopia Alba Iuliei - Revista Urbea Mea - Revista de Alba","isPartOf":{"@id":"https:\/\/urbeamea.ro\/albaiulia\/#website"},"primaryImageOfPage":{"@id":"https:\/\/urbeamea.ro\/albaiulia\/bunatatea-sufletului-de-copil-tema-zilei-de-1-iunie-in-arhiepiscopia-alba-iuliei\/#primaryimage"},"image":{"@id":"https:\/\/urbeamea.ro\/albaiulia\/bunatatea-sufletului-de-copil-tema-zilei-de-1-iunie-in-arhiepiscopia-alba-iuliei\/#primaryimage"},"thumbnailUrl":"https:\/\/urbeamea.ro\/albaiulia\/wp-content\/uploads\/2021\/06\/1.1.jpeg","datePublished":"2021-06-01T10:37:29+00:00","dateModified":"2021-06-01T10:37:32+00:00","author":{"@id":"https:\/\/urbeamea.ro\/albaiulia\/#\/schema\/person\/9700d21fae21c4f038b0b56f4506264a"},"description":"Activit\u0103\u021bile speciale dedicate anivers\u0103rii copiilor din toate a\u0219ez\u0103mintele sociale \u0219i educa\u021bionale din cuprinsul Arhiepiscopiei Ortodoxe de Alba Iulia au","breadcrumb":{"@id":"https:\/\/urbeamea.ro\/albaiulia\/bunatatea-sufletului-de-copil-tema-zilei-de-1-iunie-in-arhiepiscopia-alba-iuliei\/#breadcrumb"},"inLanguage":"ro-RO","potentialAction":[{"@type":"ReadAction","target":["https:\/\/urbeamea.ro\/albaiulia\/bunatatea-sufletului-de-copil-tema-zilei-de-1-iunie-in-arhiepiscopia-alba-iuliei\/"]}]},{"@type":"ImageObject","inLanguage":"ro-RO","@id":"https:\/\/urbeamea.ro\/albaiulia\/bunatatea-sufletului-de-copil-tema-zilei-de-1-iunie-in-arhiepiscopia-alba-iuliei\/#primaryimage","url":"https:\/\/urbeamea.ro\/albaiulia\/wp-content\/uploads\/2021\/06\/1.1.jpeg","contentUrl":"https:\/\/urbeamea.ro\/albaiulia\/wp-content\/uploads\/2021\/06\/1.1.jpeg","width":1200,"height":1600},{"@type":"BreadcrumbList","@id":"https:\/\/urbeamea.ro\/albaiulia\/bunatatea-sufletului-de-copil-tema-zilei-de-1-iunie-in-arhiepiscopia-alba-iuliei\/#breadcrumb","itemListElement":[{"@type":"ListItem","position":1,"name":"Prima pagin\u0103","item":"https:\/\/urbeamea.ro\/albaiulia\/"},{"@type":"ListItem","position":2,"name":"\u201eBun\u0103tatea sufletului de copil\u201d \u2013 tema zilei de 1 iunie \u00een Arhiepiscopia Alba Iuliei"}]},{"@type":"WebSite","@id":"https:\/\/urbeamea.ro\/albaiulia\/#website","url":"https:\/\/urbeamea.ro\/albaiulia\/","name":"Revista Urbea Mea, Stiri urbane","description":"Evenimente \u0219i \u0219tiri din Alba Iulia, Sebe\u0219, Aiud, Blaj","potentialAction":[{"@type":"SearchAction","target":{"@type":"EntryPoint","urlTemplate":"https:\/\/urbeamea.ro\/albaiulia\/?s={search_term_string}"},"query-input":{"@type":"PropertyValueSpecification","valueRequired":true,"valueName":"search_term_string"}}],"inLanguage":"ro-RO"},{"@type":"Person","@id":"https:\/\/urbeamea.ro\/albaiulia\/#\/schema\/person\/9700d21fae21c4f038b0b56f4506264a","name":"Cristina Ganga","image":{"@type":"ImageObject","inLanguage":"ro-RO","@id":"https:\/\/secure.gravatar.com\/avatar\/5a67661041f057b4a8ccaf26f5a8e86e2689372006d01faf3dd9eeb10b654bb4?s=96&d=mm&r=g","url":"https:\/\/secure.gravatar.com\/avatar\/5a67661041f057b4a8ccaf26f5a8e86e2689372006d01faf3dd9eeb10b654bb4?s=96&d=mm&r=g","contentUrl":"https:\/\/secure.gravatar.com\/avatar\/5a67661041f057b4a8ccaf26f5a8e86e2689372006d01faf3dd9eeb10b654bb4?s=96&d=mm&r=g","caption":"Cristina Ganga"},"description":"Jurnalist","sameAs":["https:\/\/www.facebook.com\/cristina.nicola.587"],"url":"https:\/\/urbeamea.ro\/albaiulia\/author\/cristina-nicola\/"}]}},"_links":{"self":[{"href":"https:\/\/urbeamea.ro\/albaiulia\/wp-json\/wp\/v2\/posts\/96027","targetHints":{"allow":["GET"]}}],"collection":[{"href":"https:\/\/urbeamea.ro\/albaiulia\/wp-json\/wp\/v2\/posts"}],"about":[{"href":"https:\/\/urbeamea.ro\/albaiulia\/wp-json\/wp\/v2\/types\/post"}],"author":[{"embeddable":true,"href":"https:\/\/urbeamea.ro\/albaiulia\/wp-json\/wp\/v2\/users\/17"}],"replies":[{"embeddable":true,"href":"https:\/\/urbeamea.ro\/albaiulia\/wp-json\/wp\/v2\/comments?post=96027"}],"version-history":[{"count":1,"href":"https:\/\/urbeamea.ro\/albaiulia\/wp-json\/wp\/v2\/posts\/96027\/revisions"}],"predecessor-version":[{"id":96050,"href":"https:\/\/urbeamea.ro\/albaiulia\/wp-json\/wp\/v2\/posts\/96027\/revisions\/96050"}],"wp:featuredmedia":[{"embeddable":true,"href":"https:\/\/urbeamea.ro\/albaiulia\/wp-json\/wp\/v2\/media\/96029"}],"wp:attachment":[{"href":"https:\/\/urbeamea.ro\/albaiulia\/wp-json\/wp\/v2\/media?parent=96027"}],"wp:term":[{"taxonomy":"category","embeddable":true,"href":"https:\/\/urbeamea.ro\/albaiulia\/wp-json\/wp\/v2\/categories?post=96027"},{"taxonomy":"post_tag","embeddable":true,"href":"https:\/\/urbeamea.ro\/albaiulia\/wp-json\/wp\/v2\/tags?post=96027"}],"curies":[{"name":"wp","href":"https:\/\/api.w.org\/{rel}","templated":true}]}}