{"id":96062,"date":"2021-06-04T15:05:06","date_gmt":"2021-06-04T12:05:06","guid":{"rendered":"https:\/\/urbeamea.ro\/albaiulia\/?p=96062"},"modified":"2021-06-04T15:05:10","modified_gmt":"2021-06-04T12:05:10","slug":"s-a-stins-lumina-culturii-sebesene","status":"publish","type":"post","link":"https:\/\/urbeamea.ro\/albaiulia\/s-a-stins-lumina-culturii-sebesene\/","title":{"rendered":"S-a stins lumina culturii sebe\u0219ene!"},"content":{"rendered":"\n<h2 class=\"wp-block-heading\">S-a stins lumina culturii sebe\u0219ene! Dup\u0103 o lung\u0103 suferin\u021b\u0103, \u00een diminea\u021ba zilei de 3 iunie 2021, a plecat spre ceruri cel care a fost poetul, eseistul, artistul \u0219i prietenul de n\u0103dejde Ioan Kamla. Vestea a lovit at\u00e2t familia, c\u00e2t \u0219i \u00eentreaga comunitate cultural\u0103 a Sebe\u0219ului, ca un fulger, dar nu ne-a spulberat n\u0103dejdea, ci ne-a \u00eent\u0103rit credin\u021ba c\u0103 Dumnezeu l-a vrut de-a dreapta sa, \u00een ceata \u00eengerilor. <\/h2>\n\n\n\n<p>S-a retras din lumea aceasta \u0219i a plecat spre ceruri a\u0219a cum a tr\u0103it, modest, \u00eenconjurat de dragostea familiei, de aprecierea prietenilor \u0219i cunoscu\u021bilor \u0219i convins de faptul c\u0103 lucrarea lui Dumnezeu nu poate fi pus\u0103 la \u00eendoial\u0103, c\u0103 atunci c\u00e2nd acesta ne cheam\u0103, suntem datori s\u0103 facem ascultare \u0219i s\u0103 respect\u0103m r\u00e2nduiala cea din veacuri.<\/p>\n\n\n\n<p>Ioan Kamla s-a n\u0103scut \u00een anul 1948, anul \u00een care umbra tancurilor sovietice a \u00eenceput s\u0103 a\u0219tearn\u0103 asupra \u0219ubredei noastre democra\u021bii postbelice aburii comunismului, un regim care avea s\u0103 \u00eengr\u0103deasc\u0103 \u0219i s\u0103 fr\u00e2ng\u0103 aripile t\u00e2n\u0103rului care visa s\u0103 devin\u0103 poet. \u00cenc\u0103 din anii copil\u0103riei a \u0219tiut c\u0103, mai devreme sau mai t\u00e2rziu, o s\u0103 devin\u0103 scriitor \u0219i a con\u0219tientizat faptul c\u0103 acest drum presupune mult\u0103 munc\u0103 \u0219i studiu individual, motiv pentru care cartea \u0219i lectura i-au devenit cei mai buni prieteni (r\u0103m\u00e2n antologice povestirile sale despre \u201ev\u00e2n\u0103toarea\u201d celor c\u00e2teva exemplare din seria \u201eBiblioteca pentru to\u021bi\u201d care ajungeau \u00een libr\u0103riile din Sebe\u0219 \u0219i despre traseul pe care aceste c\u0103r\u021bi \u00eel aveau astfel \u00eenc\u00e2t con\u021binutul \u0219i mesajul lor s\u0103 ajung\u0103 la c\u00e2t mai multe persoane). A citit mult, a acumulat cuno\u0219tin\u021be din varii domenii \u0219i s-a format ca un spirit liber (chiar dac\u0103 tinere\u021bea \u0219i-a petrecut-o \u00een plin regim comunist) \u0219i datorit\u0103 acestei form\u0103ri a con\u0219tientizat faptul c\u0103 vor veni \u0219i vremuri mai bune pentru \u021bara noastr\u0103.<\/p>\n\n\n\n<p>A \u00eenceput s\u0103-\u0219i a\u0219tearn\u0103 g\u00e2ndurile pe h\u00e2rtie \u00eenc\u0103 din anii tinere\u021bii; datorit\u0103 temelor \u0219i motivelor abordate, care ar fi putut \u201eleza\u201d anumite sensibilit\u0103\u021bi ale celor care reprezentau aparatul de stat comunist, scrierile de \u00eenceput au r\u0103mas ascunse \u00een biroul de lucru al scriitorului Ioan Kamla sau pitite \u00een celebrele cutii de ness \u201eAmigo\u201d. La vremea potrivit\u0103, dup\u0103 revenirea la democra\u021bie, cutiile de ness au \u00eenceput s\u0103 se desfac\u0103 \u0219i s\u0103 scoat\u0103 la lumin\u0103 crea\u021biile scriitorului Ioan Kamla, care au fost cernute \u0219i reunite, pentru prima dat\u0103, \u00eentr-un volum de versuri, \u00een anul 2005. Din aproape \u00een aproape, scriitorul Ioan Kamla a \u00eenceput s\u0103 ias\u0103 din carapace \u0219i s\u0103-\u0219i creeze propriul drum \u00een cultura rom\u00e2neasc\u0103. Cu o energie ie\u0219it\u0103 din comun, Ioan Kamla s-a antrenat \u00een crearea \u0219i organizarea Cenaclului Literar \u201eLucian Blaga\u201d Sebe\u0219, \u00een organizarea \u0219i desf\u0103\u0219urarea Festivalului Interna\u021bional \u201eLucian Blaga\u201d Sebe\u0219 (at\u00e2t ca animator cultural, c\u00e2t \u0219i ca participant la Concursul Na\u021bional de Crea\u021bie \u201eLaud\u0103 semin\u021belor, celor de fa\u021b\u0103 \u0219i-n veci tuturor\u201d, domnia sa fiind singurul scriitor care a ob\u021binut toate premiile acestui concurs, de la men\u021biune, p\u00e2n\u0103 la marele premiu al festivalului), \u00een activit\u0103\u021bile Ligii Scriitorilor din Rom\u00e2nia (al c\u0103rei membru titular era), iar mai apoi \u00een ceea ce a presupus reactivarea mi\u0219c\u0103rii astriste la Sebe\u0219.<\/p>\n\n\n\n<p>Ioan Kamla \u0219i-a exersat \u0219i perfec\u021bionat de-a lungul anilor pana de poet, datorit\u0103 faptului c\u0103 \u00eenc\u0103 din anii copil\u0103riei a citit foarte mult\u0103 poezie, nu doar rom\u00e2neasc\u0103, ci \u0219i universal\u0103, dar s-a \u00eencumetat s\u0103 scrie \u0219i eseu, majoritatea eseurilor abord\u00e2nd teme cu o tent\u0103 filosofic\u0103, \u00een \u00eencercarea de a r\u0103spunde marilor probleme existen\u021biale \u0219i de a explica nevoia de viziune pentru a nu banaliza condi\u021bia uman\u0103. A scris \u0219i a publicat mult, \u00eencerc\u00e2nd parc\u0103 s\u0103 recupereze perioada \u00een care acest lucru i-a fost interzis, opera sa cuprinz\u00e2nd volumele Trafic de cuvinte, Cercul care se \u00eenchide, P\u0103m\u00e2ntul netocmit \u0219i gol, Vederea \u00een nevedere, <\/p>\n\n\n\n<p>Lacrima de r\u00e2s, Dincolo de u\u0219\u0103, Alfa \u0219i Omega, Subcon\u0219tientul uman, Nimicul ca existen\u021b\u0103, Sub lespede \u0219i Poeme resuscitate. A scris greoi; nu oricui i-a fost dat s\u0103-i \u00een\u021beleag\u0103 crea\u021bia (continui s\u0103 cred c\u0103 doar cei care l-au cunoscut \u0219i personal sunt capabili s\u0103 fac\u0103 acest lucru). Doar cei \u201eini\u021bia\u021bi\u201d, preg\u0103ti\u021bi \u00een spiritul culturii umaniste, au avut \u0219i au acest privilegiu, dat fiind faptul c\u0103 opera scriitorului Ioan Kamla are un caracter interdisciplinar, abord\u00e2nd tematici specifice mai multor domenii ale cunoa\u0219terii.<\/p>\n\n\n\n<p>Ioan Kamla s-a num\u0103rat printre acei scriitori, pu\u021bini la num\u0103r, care oric\u00e2nd \u0219i oriunde \u00ee\u0219i puteau recita, din memorie, propriile versuri. Ba mai mult, era capabil s\u0103 recite ore \u00eentregi din poe\u021bii \u201ecanonici\u201d ai literaturii rom\u00e2ne: Mihai Eminescu, Lucian Blaga, Aron Cotru\u0219 sau George Top\u00e2rceanu. Pe vremea c\u00e2nd \u00eenc\u0103 \u00eenv\u0103\u021bam pe b\u0103ncile \u0219colii despre ace\u0219ti mari scriitori, \u00een folclorul local circula o poveste despre un r\u0103m\u0103\u0219ag c\u00e2\u0219tigat de domnul Ioan Kamla; un prieten \u00eel provocase la un concurs de recitat din Eminescu, concurs pe care l-a \u0219i c\u00e2\u0219tigat, \u00een urma c\u0103ruia s-a n\u0103scut celebra afirma\u021bie: \u201eD\u0103-mi un vers din Eminescu \u0219i eu \u00ee\u021bi spun restul poeziei!\u201d.<\/p>\n\n\n\n<p>Dincolo de dimensiunea creatoare, pot spune c\u0103 am avut onoarea s\u0103-l descop\u0103r, cel pu\u021bin \u00een ultimii zece ani, \u0219i pe cel care a fost omul Ioan Kamla, \u201eNelu\u201d cum \u00eei pl\u0103cea s\u0103 fie alintat de prieteni \u0219i apropia\u021bi, un personaj ghidu\u0219, mereu binedispus \u0219i cu glumele la el, un om care a apreciat sinceritatea \u0219i cump\u0103tarea, un om care a detestat lipsa de civiliza\u021bie \u0219i \u00eeng\u00e2mfarea celor coco\u021ba\u021bi pe piedestale mult prea \u00eenalte pentru capacit\u0103\u021bile lor intelectuale. Am apreciat \u00eentotdeauna umorul s\u0103u fin \u0219i discret; a fost genul de om care mereu \u00ee\u021bi putea \u00eentoarce gluma, care mereu se putea \u00eenh\u0103ma la un concurs de bancuri \u0219i care putea s\u0103-\u0219i ironizeze partenerul de discu\u021bie f\u0103r\u0103 ca acesta s\u0103-\u0219i dea seama de acest lucru. Vizavi de acest ultim aspect, la momentul la care a\u0219tern pe h\u00e2rtie aceste r\u00e2nduri, rememorez episodul \u00een care un participant la una dintre lans\u0103rile domniei sale, dornic s\u0103 epateze, a \u00eencercat s\u0103 ne conving\u0103 de faptul c\u0103 poemele citite sunt pline de via\u021b\u0103, r\u0103spunsul primit fiind pe m\u0103sura \u00eendr\u0103znelii: \u201e\u00centr-adev\u0103r, sunt un poet plin de via\u021b\u0103, at\u00e2t de plin de via\u021b\u0103 \u00eenc\u00e2t criticii literari m-au catalogat drept poetul mor\u021bii!\u201d.<\/p>\n\n\n\n<p>Colaborarea \u0219i prietenia noastr\u0103 s-a legat \u00een jurul Asocia\u021biunii ASTRA, reactivat\u0103 la Sebe\u0219 \u00een toamna anului 2014. De atunci, a fost nelipsit de la evenimentele astriste, \u00een organizarea c\u0103rora a fost implicat nemijlocit. Ne-am bucurat de fiecare dat\u0103 de \u00eent\u00e2lnirile noastre, prilej de lungi discu\u021bii, de leg\u0103turile pe care le-am creat \u0219i de proiectele pe care le-am conceput \u00eempreun\u0103. M-am sim\u021bit extrem de privilegiat, \u00een anul 2018, c\u00e2nd am primit invita\u021bia de a modera lansarea volumului Sub lespede, sarcin\u0103 de care \u00eemi place s\u0103 cred c\u0103 m-am achitat exemplar, dar mai presus de toate m-am sim\u021bit onorat de c\u0103r\u021bile \u0219i micile cadouri primite din partea scriitorului Ioan Kamla (printre acestea amintesc, la loc de cinste, o serviet\u0103 primit\u0103 de la unul dintre directorii celebrei fabrici de piele \u201eC\u0103prioara\u201d, domnul Varganici, \u00een compartimentele c\u0103reia se afla \u0219i o mic\u0103 epistol\u0103 dedicat\u0103 subsemnatului, semnat\u0103 \u201eNelu a lui Kamla\u201d).<\/p>\n\n\n\n<p>Nu puteam l\u0103sa acest moment, al marii desp\u0103r\u021biri, s\u0103 treac\u0103 pur \u0219i simplu pe l\u00e2ng\u0103 noi, cei care r\u0103m\u00e2nem pe acest p\u0103m\u00e2nt; l-am \u00eendr\u0103git mult prea mult pe acest om \u0219i am sim\u021bit c\u0103 este o datorie de onoare s\u0103-i evoc pentru ultima oar\u0103 personalitatea, pentru ca cei care nu l-au cunoscut \u00eendeaproape s\u0103 con\u0219tientizeze pierderea, dar \u0219i faptul c\u0103 o dat\u0103 cu plecarea lui Ioan Kamla s-a stins lumina culturii sebe\u0219ene. Drum lin spre stele suflet bun \u0219i sincer!<\/p>\n\n\n\n<p>Prof. Mihai-Octavian Groza<\/p>\n","protected":false},"excerpt":{"rendered":"<p>S-a stins lumina culturii sebe\u0219ene! Dup\u0103 o lung\u0103 suferin\u021b\u0103, \u00een diminea\u021ba zilei de 3 iunie 2021, a plecat spre ceruri cel care a fost poetul, eseistul, artistul \u0219i prietenul de n\u0103dejde Ioan Kamla. Vestea a lovit at\u00e2t familia, c\u00e2t \u0219i \u00eentreaga comunitate cultural\u0103 a Sebe\u0219ului, ca un fulger, dar nu ne-a spulberat n\u0103dejdea, ci ne-a &hellip;<\/p>\n","protected":false},"author":17,"featured_media":96063,"comment_status":"open","ping_status":"open","sticky":false,"template":"","format":"standard","meta":{"inline_featured_image":false,"footnotes":""},"categories":[2034],"tags":[23006,23005,424,23004],"class_list":["post-96062","post","type-post","status-publish","format-standard","has-post-thumbnail","hentry","category-social","tag-eseist","tag-ioan-kamla","tag-poet","tag-s-a-stins-lumina-culturii-sebesene"],"yoast_head":"<!-- This site is optimized with the Yoast SEO plugin v27.4 - https:\/\/yoast.com\/product\/yoast-seo-wordpress\/ -->\n<title>S-a stins lumina culturii sebe\u0219ene! - Revista Urbea Mea - Revista de Alba<\/title>\n<meta name=\"description\" content=\"S-a stins lumina culturii sebe\u0219ene! Dup\u0103 o lung\u0103 suferin\u021b\u0103, \u00een diminea\u021ba zilei de 3 iunie 2021, a plecat spre ceruri cel care a fost poetul, eseistul,\" \/>\n<meta name=\"robots\" content=\"index, follow, max-snippet:-1, max-image-preview:large, max-video-preview:-1\" \/>\n<link rel=\"canonical\" href=\"https:\/\/urbeamea.ro\/albaiulia\/s-a-stins-lumina-culturii-sebesene\/\" \/>\n<meta name=\"twitter:card\" content=\"summary_large_image\" \/>\n<meta name=\"twitter:title\" content=\"S-a stins lumina culturii sebe\u0219ene! - Revista Urbea Mea - Revista de Alba\" \/>\n<meta name=\"twitter:description\" content=\"S-a stins lumina culturii sebe\u0219ene! Dup\u0103 o lung\u0103 suferin\u021b\u0103, \u00een diminea\u021ba zilei de 3 iunie 2021, a plecat spre ceruri cel care a fost poetul, eseistul,\" \/>\n<meta name=\"twitter:image\" content=\"https:\/\/urbeamea.ro\/albaiulia\/wp-content\/uploads\/2021\/06\/1.jpg\" \/>\n<meta name=\"twitter:creator\" content=\"@urbeameaweb\" \/>\n<meta name=\"twitter:site\" content=\"@urbeameaweb\" \/>\n<script type=\"application\/ld+json\" class=\"yoast-schema-graph\">{\"@context\":\"https:\\\/\\\/schema.org\",\"@graph\":[{\"@type\":\"Article\",\"@id\":\"https:\\\/\\\/urbeamea.ro\\\/albaiulia\\\/s-a-stins-lumina-culturii-sebesene\\\/#article\",\"isPartOf\":{\"@id\":\"https:\\\/\\\/urbeamea.ro\\\/albaiulia\\\/s-a-stins-lumina-culturii-sebesene\\\/\"},\"author\":{\"name\":\"Cristina Ganga\",\"@id\":\"https:\\\/\\\/urbeamea.ro\\\/albaiulia\\\/#\\\/schema\\\/person\\\/9700d21fae21c4f038b0b56f4506264a\"},\"headline\":\"S-a stins lumina culturii sebe\u0219ene!\",\"datePublished\":\"2021-06-04T12:05:06+00:00\",\"dateModified\":\"2021-06-04T12:05:10+00:00\",\"mainEntityOfPage\":{\"@id\":\"https:\\\/\\\/urbeamea.ro\\\/albaiulia\\\/s-a-stins-lumina-culturii-sebesene\\\/\"},\"wordCount\":1374,\"commentCount\":0,\"image\":{\"@id\":\"https:\\\/\\\/urbeamea.ro\\\/albaiulia\\\/s-a-stins-lumina-culturii-sebesene\\\/#primaryimage\"},\"thumbnailUrl\":\"https:\\\/\\\/urbeamea.ro\\\/albaiulia\\\/wp-content\\\/uploads\\\/2021\\\/06\\\/1.jpg\",\"keywords\":[\"eseist\",\"ioan kamla\",\"poet\",\"s-a stins lumina culturii sebesene\"],\"articleSection\":[\"Social\"],\"inLanguage\":\"ro-RO\",\"potentialAction\":[{\"@type\":\"CommentAction\",\"name\":\"Comment\",\"target\":[\"https:\\\/\\\/urbeamea.ro\\\/albaiulia\\\/s-a-stins-lumina-culturii-sebesene\\\/#respond\"]}]},{\"@type\":\"WebPage\",\"@id\":\"https:\\\/\\\/urbeamea.ro\\\/albaiulia\\\/s-a-stins-lumina-culturii-sebesene\\\/\",\"url\":\"https:\\\/\\\/urbeamea.ro\\\/albaiulia\\\/s-a-stins-lumina-culturii-sebesene\\\/\",\"name\":\"S-a stins lumina culturii sebe\u0219ene! - Revista Urbea Mea - Revista de Alba\",\"isPartOf\":{\"@id\":\"https:\\\/\\\/urbeamea.ro\\\/albaiulia\\\/#website\"},\"primaryImageOfPage\":{\"@id\":\"https:\\\/\\\/urbeamea.ro\\\/albaiulia\\\/s-a-stins-lumina-culturii-sebesene\\\/#primaryimage\"},\"image\":{\"@id\":\"https:\\\/\\\/urbeamea.ro\\\/albaiulia\\\/s-a-stins-lumina-culturii-sebesene\\\/#primaryimage\"},\"thumbnailUrl\":\"https:\\\/\\\/urbeamea.ro\\\/albaiulia\\\/wp-content\\\/uploads\\\/2021\\\/06\\\/1.jpg\",\"datePublished\":\"2021-06-04T12:05:06+00:00\",\"dateModified\":\"2021-06-04T12:05:10+00:00\",\"author\":{\"@id\":\"https:\\\/\\\/urbeamea.ro\\\/albaiulia\\\/#\\\/schema\\\/person\\\/9700d21fae21c4f038b0b56f4506264a\"},\"description\":\"S-a stins lumina culturii sebe\u0219ene! Dup\u0103 o lung\u0103 suferin\u021b\u0103, \u00een diminea\u021ba zilei de 3 iunie 2021, a plecat spre ceruri cel care a fost poetul, eseistul,\",\"breadcrumb\":{\"@id\":\"https:\\\/\\\/urbeamea.ro\\\/albaiulia\\\/s-a-stins-lumina-culturii-sebesene\\\/#breadcrumb\"},\"inLanguage\":\"ro-RO\",\"potentialAction\":[{\"@type\":\"ReadAction\",\"target\":[\"https:\\\/\\\/urbeamea.ro\\\/albaiulia\\\/s-a-stins-lumina-culturii-sebesene\\\/\"]}]},{\"@type\":\"ImageObject\",\"inLanguage\":\"ro-RO\",\"@id\":\"https:\\\/\\\/urbeamea.ro\\\/albaiulia\\\/s-a-stins-lumina-culturii-sebesene\\\/#primaryimage\",\"url\":\"https:\\\/\\\/urbeamea.ro\\\/albaiulia\\\/wp-content\\\/uploads\\\/2021\\\/06\\\/1.jpg\",\"contentUrl\":\"https:\\\/\\\/urbeamea.ro\\\/albaiulia\\\/wp-content\\\/uploads\\\/2021\\\/06\\\/1.jpg\",\"width\":1364,\"height\":1600},{\"@type\":\"BreadcrumbList\",\"@id\":\"https:\\\/\\\/urbeamea.ro\\\/albaiulia\\\/s-a-stins-lumina-culturii-sebesene\\\/#breadcrumb\",\"itemListElement\":[{\"@type\":\"ListItem\",\"position\":1,\"name\":\"Prima pagin\u0103\",\"item\":\"https:\\\/\\\/urbeamea.ro\\\/albaiulia\\\/\"},{\"@type\":\"ListItem\",\"position\":2,\"name\":\"S-a stins lumina culturii sebe\u0219ene!\"}]},{\"@type\":\"WebSite\",\"@id\":\"https:\\\/\\\/urbeamea.ro\\\/albaiulia\\\/#website\",\"url\":\"https:\\\/\\\/urbeamea.ro\\\/albaiulia\\\/\",\"name\":\"Revista Urbea Mea, Stiri urbane\",\"description\":\"Evenimente \u0219i \u0219tiri din Alba Iulia, Sebe\u0219, Aiud, Blaj\",\"potentialAction\":[{\"@type\":\"SearchAction\",\"target\":{\"@type\":\"EntryPoint\",\"urlTemplate\":\"https:\\\/\\\/urbeamea.ro\\\/albaiulia\\\/?s={search_term_string}\"},\"query-input\":{\"@type\":\"PropertyValueSpecification\",\"valueRequired\":true,\"valueName\":\"search_term_string\"}}],\"inLanguage\":\"ro-RO\"},{\"@type\":\"Person\",\"@id\":\"https:\\\/\\\/urbeamea.ro\\\/albaiulia\\\/#\\\/schema\\\/person\\\/9700d21fae21c4f038b0b56f4506264a\",\"name\":\"Cristina Ganga\",\"image\":{\"@type\":\"ImageObject\",\"inLanguage\":\"ro-RO\",\"@id\":\"https:\\\/\\\/secure.gravatar.com\\\/avatar\\\/5a67661041f057b4a8ccaf26f5a8e86e2689372006d01faf3dd9eeb10b654bb4?s=96&d=mm&r=g\",\"url\":\"https:\\\/\\\/secure.gravatar.com\\\/avatar\\\/5a67661041f057b4a8ccaf26f5a8e86e2689372006d01faf3dd9eeb10b654bb4?s=96&d=mm&r=g\",\"contentUrl\":\"https:\\\/\\\/secure.gravatar.com\\\/avatar\\\/5a67661041f057b4a8ccaf26f5a8e86e2689372006d01faf3dd9eeb10b654bb4?s=96&d=mm&r=g\",\"caption\":\"Cristina Ganga\"},\"description\":\"Jurnalist\",\"sameAs\":[\"https:\\\/\\\/www.facebook.com\\\/cristina.nicola.587\"],\"url\":\"https:\\\/\\\/urbeamea.ro\\\/albaiulia\\\/author\\\/cristina-nicola\\\/\"}]}<\/script>\n<!-- \/ Yoast SEO plugin. -->","yoast_head_json":{"title":"S-a stins lumina culturii sebe\u0219ene! - Revista Urbea Mea - Revista de Alba","description":"S-a stins lumina culturii sebe\u0219ene! Dup\u0103 o lung\u0103 suferin\u021b\u0103, \u00een diminea\u021ba zilei de 3 iunie 2021, a plecat spre ceruri cel care a fost poetul, eseistul,","robots":{"index":"index","follow":"follow","max-snippet":"max-snippet:-1","max-image-preview":"max-image-preview:large","max-video-preview":"max-video-preview:-1"},"canonical":"https:\/\/urbeamea.ro\/albaiulia\/s-a-stins-lumina-culturii-sebesene\/","twitter_card":"summary_large_image","twitter_title":"S-a stins lumina culturii sebe\u0219ene! - Revista Urbea Mea - Revista de Alba","twitter_description":"S-a stins lumina culturii sebe\u0219ene! Dup\u0103 o lung\u0103 suferin\u021b\u0103, \u00een diminea\u021ba zilei de 3 iunie 2021, a plecat spre ceruri cel care a fost poetul, eseistul,","twitter_image":"https:\/\/urbeamea.ro\/albaiulia\/wp-content\/uploads\/2021\/06\/1.jpg","twitter_creator":"@urbeameaweb","twitter_site":"@urbeameaweb","schema":{"@context":"https:\/\/schema.org","@graph":[{"@type":"Article","@id":"https:\/\/urbeamea.ro\/albaiulia\/s-a-stins-lumina-culturii-sebesene\/#article","isPartOf":{"@id":"https:\/\/urbeamea.ro\/albaiulia\/s-a-stins-lumina-culturii-sebesene\/"},"author":{"name":"Cristina Ganga","@id":"https:\/\/urbeamea.ro\/albaiulia\/#\/schema\/person\/9700d21fae21c4f038b0b56f4506264a"},"headline":"S-a stins lumina culturii sebe\u0219ene!","datePublished":"2021-06-04T12:05:06+00:00","dateModified":"2021-06-04T12:05:10+00:00","mainEntityOfPage":{"@id":"https:\/\/urbeamea.ro\/albaiulia\/s-a-stins-lumina-culturii-sebesene\/"},"wordCount":1374,"commentCount":0,"image":{"@id":"https:\/\/urbeamea.ro\/albaiulia\/s-a-stins-lumina-culturii-sebesene\/#primaryimage"},"thumbnailUrl":"https:\/\/urbeamea.ro\/albaiulia\/wp-content\/uploads\/2021\/06\/1.jpg","keywords":["eseist","ioan kamla","poet","s-a stins lumina culturii sebesene"],"articleSection":["Social"],"inLanguage":"ro-RO","potentialAction":[{"@type":"CommentAction","name":"Comment","target":["https:\/\/urbeamea.ro\/albaiulia\/s-a-stins-lumina-culturii-sebesene\/#respond"]}]},{"@type":"WebPage","@id":"https:\/\/urbeamea.ro\/albaiulia\/s-a-stins-lumina-culturii-sebesene\/","url":"https:\/\/urbeamea.ro\/albaiulia\/s-a-stins-lumina-culturii-sebesene\/","name":"S-a stins lumina culturii sebe\u0219ene! - Revista Urbea Mea - Revista de Alba","isPartOf":{"@id":"https:\/\/urbeamea.ro\/albaiulia\/#website"},"primaryImageOfPage":{"@id":"https:\/\/urbeamea.ro\/albaiulia\/s-a-stins-lumina-culturii-sebesene\/#primaryimage"},"image":{"@id":"https:\/\/urbeamea.ro\/albaiulia\/s-a-stins-lumina-culturii-sebesene\/#primaryimage"},"thumbnailUrl":"https:\/\/urbeamea.ro\/albaiulia\/wp-content\/uploads\/2021\/06\/1.jpg","datePublished":"2021-06-04T12:05:06+00:00","dateModified":"2021-06-04T12:05:10+00:00","author":{"@id":"https:\/\/urbeamea.ro\/albaiulia\/#\/schema\/person\/9700d21fae21c4f038b0b56f4506264a"},"description":"S-a stins lumina culturii sebe\u0219ene! Dup\u0103 o lung\u0103 suferin\u021b\u0103, \u00een diminea\u021ba zilei de 3 iunie 2021, a plecat spre ceruri cel care a fost poetul, eseistul,","breadcrumb":{"@id":"https:\/\/urbeamea.ro\/albaiulia\/s-a-stins-lumina-culturii-sebesene\/#breadcrumb"},"inLanguage":"ro-RO","potentialAction":[{"@type":"ReadAction","target":["https:\/\/urbeamea.ro\/albaiulia\/s-a-stins-lumina-culturii-sebesene\/"]}]},{"@type":"ImageObject","inLanguage":"ro-RO","@id":"https:\/\/urbeamea.ro\/albaiulia\/s-a-stins-lumina-culturii-sebesene\/#primaryimage","url":"https:\/\/urbeamea.ro\/albaiulia\/wp-content\/uploads\/2021\/06\/1.jpg","contentUrl":"https:\/\/urbeamea.ro\/albaiulia\/wp-content\/uploads\/2021\/06\/1.jpg","width":1364,"height":1600},{"@type":"BreadcrumbList","@id":"https:\/\/urbeamea.ro\/albaiulia\/s-a-stins-lumina-culturii-sebesene\/#breadcrumb","itemListElement":[{"@type":"ListItem","position":1,"name":"Prima pagin\u0103","item":"https:\/\/urbeamea.ro\/albaiulia\/"},{"@type":"ListItem","position":2,"name":"S-a stins lumina culturii sebe\u0219ene!"}]},{"@type":"WebSite","@id":"https:\/\/urbeamea.ro\/albaiulia\/#website","url":"https:\/\/urbeamea.ro\/albaiulia\/","name":"Revista Urbea Mea, Stiri urbane","description":"Evenimente \u0219i \u0219tiri din Alba Iulia, Sebe\u0219, Aiud, Blaj","potentialAction":[{"@type":"SearchAction","target":{"@type":"EntryPoint","urlTemplate":"https:\/\/urbeamea.ro\/albaiulia\/?s={search_term_string}"},"query-input":{"@type":"PropertyValueSpecification","valueRequired":true,"valueName":"search_term_string"}}],"inLanguage":"ro-RO"},{"@type":"Person","@id":"https:\/\/urbeamea.ro\/albaiulia\/#\/schema\/person\/9700d21fae21c4f038b0b56f4506264a","name":"Cristina Ganga","image":{"@type":"ImageObject","inLanguage":"ro-RO","@id":"https:\/\/secure.gravatar.com\/avatar\/5a67661041f057b4a8ccaf26f5a8e86e2689372006d01faf3dd9eeb10b654bb4?s=96&d=mm&r=g","url":"https:\/\/secure.gravatar.com\/avatar\/5a67661041f057b4a8ccaf26f5a8e86e2689372006d01faf3dd9eeb10b654bb4?s=96&d=mm&r=g","contentUrl":"https:\/\/secure.gravatar.com\/avatar\/5a67661041f057b4a8ccaf26f5a8e86e2689372006d01faf3dd9eeb10b654bb4?s=96&d=mm&r=g","caption":"Cristina Ganga"},"description":"Jurnalist","sameAs":["https:\/\/www.facebook.com\/cristina.nicola.587"],"url":"https:\/\/urbeamea.ro\/albaiulia\/author\/cristina-nicola\/"}]}},"_links":{"self":[{"href":"https:\/\/urbeamea.ro\/albaiulia\/wp-json\/wp\/v2\/posts\/96062","targetHints":{"allow":["GET"]}}],"collection":[{"href":"https:\/\/urbeamea.ro\/albaiulia\/wp-json\/wp\/v2\/posts"}],"about":[{"href":"https:\/\/urbeamea.ro\/albaiulia\/wp-json\/wp\/v2\/types\/post"}],"author":[{"embeddable":true,"href":"https:\/\/urbeamea.ro\/albaiulia\/wp-json\/wp\/v2\/users\/17"}],"replies":[{"embeddable":true,"href":"https:\/\/urbeamea.ro\/albaiulia\/wp-json\/wp\/v2\/comments?post=96062"}],"version-history":[{"count":1,"href":"https:\/\/urbeamea.ro\/albaiulia\/wp-json\/wp\/v2\/posts\/96062\/revisions"}],"predecessor-version":[{"id":96064,"href":"https:\/\/urbeamea.ro\/albaiulia\/wp-json\/wp\/v2\/posts\/96062\/revisions\/96064"}],"wp:featuredmedia":[{"embeddable":true,"href":"https:\/\/urbeamea.ro\/albaiulia\/wp-json\/wp\/v2\/media\/96063"}],"wp:attachment":[{"href":"https:\/\/urbeamea.ro\/albaiulia\/wp-json\/wp\/v2\/media?parent=96062"}],"wp:term":[{"taxonomy":"category","embeddable":true,"href":"https:\/\/urbeamea.ro\/albaiulia\/wp-json\/wp\/v2\/categories?post=96062"},{"taxonomy":"post_tag","embeddable":true,"href":"https:\/\/urbeamea.ro\/albaiulia\/wp-json\/wp\/v2\/tags?post=96062"}],"curies":[{"name":"wp","href":"https:\/\/api.w.org\/{rel}","templated":true}]}}