{"id":96070,"date":"2021-06-04T15:24:14","date_gmt":"2021-06-04T12:24:14","guid":{"rendered":"https:\/\/urbeamea.ro\/albaiulia\/?p=96070"},"modified":"2021-06-04T15:24:17","modified_gmt":"2021-06-04T12:24:17","slug":"nicolae-iorga-celebrat-la-cei-150-de-ani-de-la-nasterea-sa","status":"publish","type":"post","link":"https:\/\/urbeamea.ro\/albaiulia\/nicolae-iorga-celebrat-la-cei-150-de-ani-de-la-nasterea-sa\/","title":{"rendered":"Nicolae Iorga celebrat la cei 150 de ani de la na\u0219terea sa"},"content":{"rendered":"\n<h2 class=\"wp-block-heading\">Consiliul Jude\u021bean Alba \u0219i Biblioteca Jude\u021bean\u0103 \u201eLucian Blaga\u201d Alba vor organiza s\u00e2mb\u0103t\u0103, 5 iunie 2021, o serie de evenimente culturale dedicate anivers\u0103rii a 150 de ani de la na\u0219terea unuia dintre cei mai importan\u021bi istorici rom\u00e2ni, Nicolae Iorga. <\/h2>\n\n\n\n<p>Activit\u0103\u021bile culturale se vor desf\u0103\u0219ura at\u00e2t \u00een mediul online, pe paginile de socializare ale bibliotecii, c\u00e2t \u0219i printr-un moment solemn derulat pe Aleea Scriitorilor din Parcul \u201eMihai Eminescu\u201d, unde, \u00eencep\u00e2nd cu ora 12:00, cu respectarea tuturor m\u0103surilor legale \u0219i a recomand\u0103rilor f\u0103cute de autorit\u0103\u021bi, pentru prevenirea \u0219i reducerea r\u0103sp\u00e2ndirii pandemiei COVID-19, vor fi depuse jerbe \u0219i buchete de flori la statuia marelui istoric.<\/p>\n\n\n\n<p>Pe tot parcursul zilei de 5 iunie 2021, pe paginile de socializare ale Bibliotecii Jude\u021bene \u201eLucian Blaga\u201d Alba, vor fi postate informa\u021bii menite s\u0103 aduc\u0103 \u00een aten\u021bia public\u0103 via\u021ba \u0219i opera lui Nicolae Iorga, dup\u0103 urm\u0103torul program:<\/p>\n\n\n\n<p>9:00 \u2013 Portret la aniversare \u2013 Nicolae Iorga<\/p>\n\n\n\n<p>10:00 &#8211; Recomandare carte pentru adul\u021bi<\/p>\n\n\n\n<p>11:00 \u2013 Expozi\u021bie de carte istoric\u0103 pentru copii<\/p>\n\n\n\n<p>12:00 \u2013 transmisiune live \u0219i foto de la ceremonia de depunere de jerb\u0103 la bustul istoricului de pe Aleea Scriitorilor din Alba Iulia<\/p>\n\n\n\n<p>&nbsp;13:00 &#8211; Citatul zilei<\/p>\n\n\n\n<p>14:00 &#8211; \u0218tia\u021bi c\u0103\u2026?<\/p>\n\n\n\n<p>15:00 &#8211; Expozi\u021bie tematic\u0103 de carte<\/p>\n\n\n\n<p>16: 00 &#8211; Povestea Fondului special &#8211; Nicolae Iorga<\/p>\n\n\n\n<p>17:00 &#8211; Interviurile Biblioteci. Invitat istoricul Valer Moga<\/p>\n\n\n\n<p>18:00 &#8211; Ai vizionat filmul? \u00ce\u021bi recomand\u0103m cartea!<\/p>\n\n\n\n<p>19:00 &#8211; Zile speciale<\/p>\n\n\n\n<p>Nicolae Iorga (n. 5 iunie 1871, Boto\u015fani &#8211; d. 27 noiembrie 1940, Strejnic, jude\u0163ul Prahova) a fost istoric, profesor universitar, enciclopedist, poet, dramaturg, critic literar, memorialist, gazetar, publicist, om politic \u0219i membru titular al Academiei Rom\u00e2ne. Savant de renume mondial, a avut o activitate \u015ftiin\u0163ific\u0103 prodigioas\u0103, fiind autorul a 1.003 volume, 12.755 articole \u015fi studii, 4.963 recenzii. Toat\u0103 aceast\u0103 activitate \u0219tiin\u021bific\u0103 l-a transformat \u00een cel mai prolific istoric al rom\u00e2nilor. Nicolae Iorga a l\u0103sat ca mo\u0219tenire poporului rom\u00e2n cele 10 volume din Istoria Rom\u00e2nilor, opera de c\u0103p\u0103t\u00e2i pentru care a fost numit pe bun\u0103 dreptate cel mai mare istoric \u015fi savant al Rom\u00e2niei din toate timpurile. Iorga s-a implicat activ \u00een via\u0163a social-politic\u0103 a \u0163\u0103rii \u0219i a contribuit semnificativ la dezvoltarea \u0219colii rom\u00e2ne\u0219ti \u0219i a vie\u021bii culturale na\u021bionale. S-a ambi\u0163ionat nu doar s\u0103 scrie istorie, ci s\u0103 \u015fi fac\u0103 istorie, \u00eentr-o epoc\u0103 de rena\u015ftere na\u0163ional\u0103.<\/p>\n\n\n\n<p>Proiectul face parte din Programul 4 IDENTITATE \u0218I VALORI CULTURALE\/4.4 Monumentele literaturii rom\u00e2ne \u0219i se deruleaz\u0103 \u00een conexiune cu proiectul 2.2 Fondul special \u2013 Nicolae Iorga.<\/p>\n","protected":false},"excerpt":{"rendered":"<p>Consiliul Jude\u021bean Alba \u0219i Biblioteca Jude\u021bean\u0103 \u201eLucian Blaga\u201d Alba vor organiza s\u00e2mb\u0103t\u0103, 5 iunie 2021, o serie de evenimente culturale dedicate anivers\u0103rii a 150 de ani de la na\u0219terea unuia dintre cei mai importan\u021bi istorici rom\u00e2ni, Nicolae Iorga. Activit\u0103\u021bile culturale se vor desf\u0103\u0219ura at\u00e2t \u00een mediul online, pe paginile de socializare ale bibliotecii, c\u00e2t \u0219i &hellip;<\/p>\n","protected":false},"author":17,"featured_media":96071,"comment_status":"open","ping_status":"open","sticky":false,"template":"","format":"standard","meta":{"inline_featured_image":false,"footnotes":""},"categories":[2038],"tags":[23012,484,23011,725,23010],"class_list":["post-96070","post","type-post","status-publish","format-standard","has-post-thumbnail","hentry","category-cultura","tag-150-de-ani-de-la-nasterea-sa","tag-biblioteca-judeteana-lucian-blaga","tag-celebrat","tag-evenimente-culturale","tag-nicolae-iorga"],"yoast_head":"<!-- This site is optimized with the Yoast SEO plugin v27.4 - https:\/\/yoast.com\/product\/yoast-seo-wordpress\/ -->\n<title>Nicolae Iorga celebrat la cei 150 de ani de la na\u0219terea sa - Revista Urbea Mea - Revista de Alba<\/title>\n<meta name=\"description\" content=\"Consiliul Jude\u021bean Alba \u0219i Biblioteca Jude\u021bean\u0103 \u201eLucian Blaga\u201d Alba vor organiza s\u00e2mb\u0103t\u0103, 5 iunie 2021, o serie de evenimente culturale dedicate\" \/>\n<meta name=\"robots\" content=\"index, follow, max-snippet:-1, max-image-preview:large, max-video-preview:-1\" \/>\n<link rel=\"canonical\" href=\"https:\/\/urbeamea.ro\/albaiulia\/nicolae-iorga-celebrat-la-cei-150-de-ani-de-la-nasterea-sa\/\" \/>\n<meta name=\"twitter:card\" content=\"summary_large_image\" \/>\n<meta name=\"twitter:title\" content=\"Nicolae Iorga celebrat la cei 150 de ani de la na\u0219terea sa - Revista Urbea Mea - Revista de Alba\" \/>\n<meta name=\"twitter:description\" content=\"Consiliul Jude\u021bean Alba \u0219i Biblioteca Jude\u021bean\u0103 \u201eLucian Blaga\u201d Alba vor organiza s\u00e2mb\u0103t\u0103, 5 iunie 2021, o serie de evenimente culturale dedicate\" \/>\n<meta name=\"twitter:image\" content=\"https:\/\/urbeamea.ro\/albaiulia\/wp-content\/uploads\/2021\/06\/IORGA-A.jpg\" \/>\n<meta name=\"twitter:creator\" content=\"@urbeameaweb\" \/>\n<meta name=\"twitter:site\" content=\"@urbeameaweb\" \/>\n<script type=\"application\/ld+json\" class=\"yoast-schema-graph\">{\"@context\":\"https:\\\/\\\/schema.org\",\"@graph\":[{\"@type\":\"Article\",\"@id\":\"https:\\\/\\\/urbeamea.ro\\\/albaiulia\\\/nicolae-iorga-celebrat-la-cei-150-de-ani-de-la-nasterea-sa\\\/#article\",\"isPartOf\":{\"@id\":\"https:\\\/\\\/urbeamea.ro\\\/albaiulia\\\/nicolae-iorga-celebrat-la-cei-150-de-ani-de-la-nasterea-sa\\\/\"},\"author\":{\"name\":\"Cristina Ganga\",\"@id\":\"https:\\\/\\\/urbeamea.ro\\\/albaiulia\\\/#\\\/schema\\\/person\\\/9700d21fae21c4f038b0b56f4506264a\"},\"headline\":\"Nicolae Iorga celebrat la cei 150 de ani de la na\u0219terea sa\",\"datePublished\":\"2021-06-04T12:24:14+00:00\",\"dateModified\":\"2021-06-04T12:24:17+00:00\",\"mainEntityOfPage\":{\"@id\":\"https:\\\/\\\/urbeamea.ro\\\/albaiulia\\\/nicolae-iorga-celebrat-la-cei-150-de-ani-de-la-nasterea-sa\\\/\"},\"wordCount\":429,\"commentCount\":0,\"image\":{\"@id\":\"https:\\\/\\\/urbeamea.ro\\\/albaiulia\\\/nicolae-iorga-celebrat-la-cei-150-de-ani-de-la-nasterea-sa\\\/#primaryimage\"},\"thumbnailUrl\":\"https:\\\/\\\/urbeamea.ro\\\/albaiulia\\\/wp-content\\\/uploads\\\/2021\\\/06\\\/IORGA-A.jpg\",\"keywords\":[\"150 de ani de la nasterea sa\",\"biblioteca judeteana lucian blaga\",\"celebrat\",\"evenimente culturale\",\"nicolae iorga\"],\"articleSection\":[\"Cultur\u0103\"],\"inLanguage\":\"ro-RO\",\"potentialAction\":[{\"@type\":\"CommentAction\",\"name\":\"Comment\",\"target\":[\"https:\\\/\\\/urbeamea.ro\\\/albaiulia\\\/nicolae-iorga-celebrat-la-cei-150-de-ani-de-la-nasterea-sa\\\/#respond\"]}]},{\"@type\":\"WebPage\",\"@id\":\"https:\\\/\\\/urbeamea.ro\\\/albaiulia\\\/nicolae-iorga-celebrat-la-cei-150-de-ani-de-la-nasterea-sa\\\/\",\"url\":\"https:\\\/\\\/urbeamea.ro\\\/albaiulia\\\/nicolae-iorga-celebrat-la-cei-150-de-ani-de-la-nasterea-sa\\\/\",\"name\":\"Nicolae Iorga celebrat la cei 150 de ani de la na\u0219terea sa - Revista Urbea Mea - Revista de Alba\",\"isPartOf\":{\"@id\":\"https:\\\/\\\/urbeamea.ro\\\/albaiulia\\\/#website\"},\"primaryImageOfPage\":{\"@id\":\"https:\\\/\\\/urbeamea.ro\\\/albaiulia\\\/nicolae-iorga-celebrat-la-cei-150-de-ani-de-la-nasterea-sa\\\/#primaryimage\"},\"image\":{\"@id\":\"https:\\\/\\\/urbeamea.ro\\\/albaiulia\\\/nicolae-iorga-celebrat-la-cei-150-de-ani-de-la-nasterea-sa\\\/#primaryimage\"},\"thumbnailUrl\":\"https:\\\/\\\/urbeamea.ro\\\/albaiulia\\\/wp-content\\\/uploads\\\/2021\\\/06\\\/IORGA-A.jpg\",\"datePublished\":\"2021-06-04T12:24:14+00:00\",\"dateModified\":\"2021-06-04T12:24:17+00:00\",\"author\":{\"@id\":\"https:\\\/\\\/urbeamea.ro\\\/albaiulia\\\/#\\\/schema\\\/person\\\/9700d21fae21c4f038b0b56f4506264a\"},\"description\":\"Consiliul Jude\u021bean Alba \u0219i Biblioteca Jude\u021bean\u0103 \u201eLucian Blaga\u201d Alba vor organiza s\u00e2mb\u0103t\u0103, 5 iunie 2021, o serie de evenimente culturale dedicate\",\"breadcrumb\":{\"@id\":\"https:\\\/\\\/urbeamea.ro\\\/albaiulia\\\/nicolae-iorga-celebrat-la-cei-150-de-ani-de-la-nasterea-sa\\\/#breadcrumb\"},\"inLanguage\":\"ro-RO\",\"potentialAction\":[{\"@type\":\"ReadAction\",\"target\":[\"https:\\\/\\\/urbeamea.ro\\\/albaiulia\\\/nicolae-iorga-celebrat-la-cei-150-de-ani-de-la-nasterea-sa\\\/\"]}]},{\"@type\":\"ImageObject\",\"inLanguage\":\"ro-RO\",\"@id\":\"https:\\\/\\\/urbeamea.ro\\\/albaiulia\\\/nicolae-iorga-celebrat-la-cei-150-de-ani-de-la-nasterea-sa\\\/#primaryimage\",\"url\":\"https:\\\/\\\/urbeamea.ro\\\/albaiulia\\\/wp-content\\\/uploads\\\/2021\\\/06\\\/IORGA-A.jpg\",\"contentUrl\":\"https:\\\/\\\/urbeamea.ro\\\/albaiulia\\\/wp-content\\\/uploads\\\/2021\\\/06\\\/IORGA-A.jpg\",\"width\":1131,\"height\":1600},{\"@type\":\"BreadcrumbList\",\"@id\":\"https:\\\/\\\/urbeamea.ro\\\/albaiulia\\\/nicolae-iorga-celebrat-la-cei-150-de-ani-de-la-nasterea-sa\\\/#breadcrumb\",\"itemListElement\":[{\"@type\":\"ListItem\",\"position\":1,\"name\":\"Prima pagin\u0103\",\"item\":\"https:\\\/\\\/urbeamea.ro\\\/albaiulia\\\/\"},{\"@type\":\"ListItem\",\"position\":2,\"name\":\"Nicolae Iorga celebrat la cei 150 de ani de la na\u0219terea sa\"}]},{\"@type\":\"WebSite\",\"@id\":\"https:\\\/\\\/urbeamea.ro\\\/albaiulia\\\/#website\",\"url\":\"https:\\\/\\\/urbeamea.ro\\\/albaiulia\\\/\",\"name\":\"Revista Urbea Mea, Stiri urbane\",\"description\":\"Evenimente \u0219i \u0219tiri din Alba Iulia, Sebe\u0219, Aiud, Blaj\",\"potentialAction\":[{\"@type\":\"SearchAction\",\"target\":{\"@type\":\"EntryPoint\",\"urlTemplate\":\"https:\\\/\\\/urbeamea.ro\\\/albaiulia\\\/?s={search_term_string}\"},\"query-input\":{\"@type\":\"PropertyValueSpecification\",\"valueRequired\":true,\"valueName\":\"search_term_string\"}}],\"inLanguage\":\"ro-RO\"},{\"@type\":\"Person\",\"@id\":\"https:\\\/\\\/urbeamea.ro\\\/albaiulia\\\/#\\\/schema\\\/person\\\/9700d21fae21c4f038b0b56f4506264a\",\"name\":\"Cristina Ganga\",\"image\":{\"@type\":\"ImageObject\",\"inLanguage\":\"ro-RO\",\"@id\":\"https:\\\/\\\/secure.gravatar.com\\\/avatar\\\/5a67661041f057b4a8ccaf26f5a8e86e2689372006d01faf3dd9eeb10b654bb4?s=96&d=mm&r=g\",\"url\":\"https:\\\/\\\/secure.gravatar.com\\\/avatar\\\/5a67661041f057b4a8ccaf26f5a8e86e2689372006d01faf3dd9eeb10b654bb4?s=96&d=mm&r=g\",\"contentUrl\":\"https:\\\/\\\/secure.gravatar.com\\\/avatar\\\/5a67661041f057b4a8ccaf26f5a8e86e2689372006d01faf3dd9eeb10b654bb4?s=96&d=mm&r=g\",\"caption\":\"Cristina Ganga\"},\"description\":\"Jurnalist\",\"sameAs\":[\"https:\\\/\\\/www.facebook.com\\\/cristina.nicola.587\"],\"url\":\"https:\\\/\\\/urbeamea.ro\\\/albaiulia\\\/author\\\/cristina-nicola\\\/\"}]}<\/script>\n<!-- \/ Yoast SEO plugin. -->","yoast_head_json":{"title":"Nicolae Iorga celebrat la cei 150 de ani de la na\u0219terea sa - Revista Urbea Mea - Revista de Alba","description":"Consiliul Jude\u021bean Alba \u0219i Biblioteca Jude\u021bean\u0103 \u201eLucian Blaga\u201d Alba vor organiza s\u00e2mb\u0103t\u0103, 5 iunie 2021, o serie de evenimente culturale dedicate","robots":{"index":"index","follow":"follow","max-snippet":"max-snippet:-1","max-image-preview":"max-image-preview:large","max-video-preview":"max-video-preview:-1"},"canonical":"https:\/\/urbeamea.ro\/albaiulia\/nicolae-iorga-celebrat-la-cei-150-de-ani-de-la-nasterea-sa\/","twitter_card":"summary_large_image","twitter_title":"Nicolae Iorga celebrat la cei 150 de ani de la na\u0219terea sa - Revista Urbea Mea - Revista de Alba","twitter_description":"Consiliul Jude\u021bean Alba \u0219i Biblioteca Jude\u021bean\u0103 \u201eLucian Blaga\u201d Alba vor organiza s\u00e2mb\u0103t\u0103, 5 iunie 2021, o serie de evenimente culturale dedicate","twitter_image":"https:\/\/urbeamea.ro\/albaiulia\/wp-content\/uploads\/2021\/06\/IORGA-A.jpg","twitter_creator":"@urbeameaweb","twitter_site":"@urbeameaweb","schema":{"@context":"https:\/\/schema.org","@graph":[{"@type":"Article","@id":"https:\/\/urbeamea.ro\/albaiulia\/nicolae-iorga-celebrat-la-cei-150-de-ani-de-la-nasterea-sa\/#article","isPartOf":{"@id":"https:\/\/urbeamea.ro\/albaiulia\/nicolae-iorga-celebrat-la-cei-150-de-ani-de-la-nasterea-sa\/"},"author":{"name":"Cristina Ganga","@id":"https:\/\/urbeamea.ro\/albaiulia\/#\/schema\/person\/9700d21fae21c4f038b0b56f4506264a"},"headline":"Nicolae Iorga celebrat la cei 150 de ani de la na\u0219terea sa","datePublished":"2021-06-04T12:24:14+00:00","dateModified":"2021-06-04T12:24:17+00:00","mainEntityOfPage":{"@id":"https:\/\/urbeamea.ro\/albaiulia\/nicolae-iorga-celebrat-la-cei-150-de-ani-de-la-nasterea-sa\/"},"wordCount":429,"commentCount":0,"image":{"@id":"https:\/\/urbeamea.ro\/albaiulia\/nicolae-iorga-celebrat-la-cei-150-de-ani-de-la-nasterea-sa\/#primaryimage"},"thumbnailUrl":"https:\/\/urbeamea.ro\/albaiulia\/wp-content\/uploads\/2021\/06\/IORGA-A.jpg","keywords":["150 de ani de la nasterea sa","biblioteca judeteana lucian blaga","celebrat","evenimente culturale","nicolae iorga"],"articleSection":["Cultur\u0103"],"inLanguage":"ro-RO","potentialAction":[{"@type":"CommentAction","name":"Comment","target":["https:\/\/urbeamea.ro\/albaiulia\/nicolae-iorga-celebrat-la-cei-150-de-ani-de-la-nasterea-sa\/#respond"]}]},{"@type":"WebPage","@id":"https:\/\/urbeamea.ro\/albaiulia\/nicolae-iorga-celebrat-la-cei-150-de-ani-de-la-nasterea-sa\/","url":"https:\/\/urbeamea.ro\/albaiulia\/nicolae-iorga-celebrat-la-cei-150-de-ani-de-la-nasterea-sa\/","name":"Nicolae Iorga celebrat la cei 150 de ani de la na\u0219terea sa - Revista Urbea Mea - Revista de Alba","isPartOf":{"@id":"https:\/\/urbeamea.ro\/albaiulia\/#website"},"primaryImageOfPage":{"@id":"https:\/\/urbeamea.ro\/albaiulia\/nicolae-iorga-celebrat-la-cei-150-de-ani-de-la-nasterea-sa\/#primaryimage"},"image":{"@id":"https:\/\/urbeamea.ro\/albaiulia\/nicolae-iorga-celebrat-la-cei-150-de-ani-de-la-nasterea-sa\/#primaryimage"},"thumbnailUrl":"https:\/\/urbeamea.ro\/albaiulia\/wp-content\/uploads\/2021\/06\/IORGA-A.jpg","datePublished":"2021-06-04T12:24:14+00:00","dateModified":"2021-06-04T12:24:17+00:00","author":{"@id":"https:\/\/urbeamea.ro\/albaiulia\/#\/schema\/person\/9700d21fae21c4f038b0b56f4506264a"},"description":"Consiliul Jude\u021bean Alba \u0219i Biblioteca Jude\u021bean\u0103 \u201eLucian Blaga\u201d Alba vor organiza s\u00e2mb\u0103t\u0103, 5 iunie 2021, o serie de evenimente culturale dedicate","breadcrumb":{"@id":"https:\/\/urbeamea.ro\/albaiulia\/nicolae-iorga-celebrat-la-cei-150-de-ani-de-la-nasterea-sa\/#breadcrumb"},"inLanguage":"ro-RO","potentialAction":[{"@type":"ReadAction","target":["https:\/\/urbeamea.ro\/albaiulia\/nicolae-iorga-celebrat-la-cei-150-de-ani-de-la-nasterea-sa\/"]}]},{"@type":"ImageObject","inLanguage":"ro-RO","@id":"https:\/\/urbeamea.ro\/albaiulia\/nicolae-iorga-celebrat-la-cei-150-de-ani-de-la-nasterea-sa\/#primaryimage","url":"https:\/\/urbeamea.ro\/albaiulia\/wp-content\/uploads\/2021\/06\/IORGA-A.jpg","contentUrl":"https:\/\/urbeamea.ro\/albaiulia\/wp-content\/uploads\/2021\/06\/IORGA-A.jpg","width":1131,"height":1600},{"@type":"BreadcrumbList","@id":"https:\/\/urbeamea.ro\/albaiulia\/nicolae-iorga-celebrat-la-cei-150-de-ani-de-la-nasterea-sa\/#breadcrumb","itemListElement":[{"@type":"ListItem","position":1,"name":"Prima pagin\u0103","item":"https:\/\/urbeamea.ro\/albaiulia\/"},{"@type":"ListItem","position":2,"name":"Nicolae Iorga celebrat la cei 150 de ani de la na\u0219terea sa"}]},{"@type":"WebSite","@id":"https:\/\/urbeamea.ro\/albaiulia\/#website","url":"https:\/\/urbeamea.ro\/albaiulia\/","name":"Revista Urbea Mea, Stiri urbane","description":"Evenimente \u0219i \u0219tiri din Alba Iulia, Sebe\u0219, Aiud, Blaj","potentialAction":[{"@type":"SearchAction","target":{"@type":"EntryPoint","urlTemplate":"https:\/\/urbeamea.ro\/albaiulia\/?s={search_term_string}"},"query-input":{"@type":"PropertyValueSpecification","valueRequired":true,"valueName":"search_term_string"}}],"inLanguage":"ro-RO"},{"@type":"Person","@id":"https:\/\/urbeamea.ro\/albaiulia\/#\/schema\/person\/9700d21fae21c4f038b0b56f4506264a","name":"Cristina Ganga","image":{"@type":"ImageObject","inLanguage":"ro-RO","@id":"https:\/\/secure.gravatar.com\/avatar\/5a67661041f057b4a8ccaf26f5a8e86e2689372006d01faf3dd9eeb10b654bb4?s=96&d=mm&r=g","url":"https:\/\/secure.gravatar.com\/avatar\/5a67661041f057b4a8ccaf26f5a8e86e2689372006d01faf3dd9eeb10b654bb4?s=96&d=mm&r=g","contentUrl":"https:\/\/secure.gravatar.com\/avatar\/5a67661041f057b4a8ccaf26f5a8e86e2689372006d01faf3dd9eeb10b654bb4?s=96&d=mm&r=g","caption":"Cristina Ganga"},"description":"Jurnalist","sameAs":["https:\/\/www.facebook.com\/cristina.nicola.587"],"url":"https:\/\/urbeamea.ro\/albaiulia\/author\/cristina-nicola\/"}]}},"_links":{"self":[{"href":"https:\/\/urbeamea.ro\/albaiulia\/wp-json\/wp\/v2\/posts\/96070","targetHints":{"allow":["GET"]}}],"collection":[{"href":"https:\/\/urbeamea.ro\/albaiulia\/wp-json\/wp\/v2\/posts"}],"about":[{"href":"https:\/\/urbeamea.ro\/albaiulia\/wp-json\/wp\/v2\/types\/post"}],"author":[{"embeddable":true,"href":"https:\/\/urbeamea.ro\/albaiulia\/wp-json\/wp\/v2\/users\/17"}],"replies":[{"embeddable":true,"href":"https:\/\/urbeamea.ro\/albaiulia\/wp-json\/wp\/v2\/comments?post=96070"}],"version-history":[{"count":1,"href":"https:\/\/urbeamea.ro\/albaiulia\/wp-json\/wp\/v2\/posts\/96070\/revisions"}],"predecessor-version":[{"id":96072,"href":"https:\/\/urbeamea.ro\/albaiulia\/wp-json\/wp\/v2\/posts\/96070\/revisions\/96072"}],"wp:featuredmedia":[{"embeddable":true,"href":"https:\/\/urbeamea.ro\/albaiulia\/wp-json\/wp\/v2\/media\/96071"}],"wp:attachment":[{"href":"https:\/\/urbeamea.ro\/albaiulia\/wp-json\/wp\/v2\/media?parent=96070"}],"wp:term":[{"taxonomy":"category","embeddable":true,"href":"https:\/\/urbeamea.ro\/albaiulia\/wp-json\/wp\/v2\/categories?post=96070"},{"taxonomy":"post_tag","embeddable":true,"href":"https:\/\/urbeamea.ro\/albaiulia\/wp-json\/wp\/v2\/tags?post=96070"}],"curies":[{"name":"wp","href":"https:\/\/api.w.org\/{rel}","templated":true}]}}