{"id":96143,"date":"2021-06-08T13:03:37","date_gmt":"2021-06-08T10:03:37","guid":{"rendered":"https:\/\/urbeamea.ro\/albaiulia\/?p=96143"},"modified":"2021-06-08T13:03:40","modified_gmt":"2021-06-08T10:03:40","slug":"a-treia-editie-a-cafenelei-culturale-aniversare-la-biblioteca-judeteana-lucian-blaga-alba","status":"publish","type":"post","link":"https:\/\/urbeamea.ro\/albaiulia\/a-treia-editie-a-cafenelei-culturale-aniversare-la-biblioteca-judeteana-lucian-blaga-alba\/","title":{"rendered":"A treia edi\u021bie a Cafenelei culturale aniversare, la Biblioteca Jude\u021bean\u0103 \u201eLucian Blaga\u201d Alba"},"content":{"rendered":"\n<h2 class=\"wp-block-heading\">Joi, 10 iunie 2021, la Biblioteca Jude\u021bean\u0103 \u201eLucian Blaga\u201d Alba va avea loc o nou\u0103 edi\u021bie a proiectului <a>4.5 Cafenea Cultural\u0103, Anivers\u0103ri Culturale. <\/a>Aniversatul zilei este Alin Florea, directorul Bibliotecii Municipale \u201eLiviu Rebreanu\u201d Aiud, a c\u0103rui activitate cultural\u0103 va fi prezentat\u0103 \u00een cadrul unui laudatio sus\u021binut de scriitorul Ioan H\u0103d\u0103rig, director al Centrului Cultural \u201eLiviu Rebreanu\u201d din Aiud \u0219i membru al Filialei Alba \u2013 Hunedoara a Uniunii Scriitorilor din Rom\u00e2nia.<\/h2>\n\n\n\n<p class=\"wp-block-paragraph\">Evenimentul se va desf\u0103\u0219ura online, pe paginile de Facebook \u0219i de Youtube ale Bibliotecii Jude\u021bene \u201eLucian Blaga\u201d Alba dup\u0103 urm\u0103torul program:<\/p>\n\n\n\n<p class=\"wp-block-paragraph\">Ora: 9:00&nbsp;&nbsp;&nbsp;&nbsp;&nbsp;&nbsp;&nbsp;&nbsp;&nbsp;&nbsp; Memoria locului: Biblioteca Municipal\u0103 Aiud \u00een imagini<\/p>\n\n\n\n<p class=\"wp-block-paragraph\">Ora 10:00&nbsp;&nbsp;&nbsp;&nbsp;&nbsp;&nbsp;&nbsp;&nbsp;&nbsp; Recomandarea zilei \u2013 Atingerea singur\u0103t\u0103\u021bii, autor Ioan H\u0103d\u0103rig<\/p>\n\n\n\n<p class=\"wp-block-paragraph\">Ora: 12:00&nbsp;&nbsp;&nbsp;&nbsp;&nbsp;&nbsp;&nbsp;&nbsp; Aniversa\u021bii zilei<\/p>\n\n\n\n<p class=\"wp-block-paragraph\">Ora 13:00&nbsp;&nbsp;&nbsp;&nbsp;&nbsp;&nbsp;&nbsp;&nbsp;&nbsp; Proiectele bibliotecii \u2013 Cafeneaua Cultural\u0103: portrete culturale: Alin Florea \u0219i Ioan H\u0103d\u0103rig<\/p>\n\n\n\n<p class=\"wp-block-paragraph\">Ora 14:30&nbsp;&nbsp;&nbsp;&nbsp;&nbsp;&nbsp;&nbsp;&nbsp;&nbsp; Poezia zilei \u2013 Ioan H\u0103d\u0103rig<\/p>\n\n\n\n<p class=\"wp-block-paragraph\">Ora 15:00&nbsp;&nbsp;&nbsp;&nbsp;&nbsp;&nbsp;&nbsp;&nbsp;&nbsp; Expozi\u021bie de carte \u2013 din produc\u021bia de carte a institu\u021biilor de cultur\u0103 aiudene<\/p>\n\n\n\n<p class=\"wp-block-paragraph\">Ora 17:00&nbsp;&nbsp;&nbsp;&nbsp;&nbsp;&nbsp;&nbsp;&nbsp;&nbsp; Interviurile Bibliotecii \u2013 Alin Florea \u0219i Ioan H\u0103d\u0103rig \u2013 transmisiune live de la evenimentul aniversar care va avea loc la Sala de lectur\u0103 a Bibliotecii Jude\u021bene \u201eLucian Blaga\u201d Alba.<\/p>\n\n\n\n<p class=\"wp-block-paragraph\">Proiectul 4.5 Cafenea Cultural\u0103, Anivers\u0103ri Culturale este organizat de Consiliul Jude\u021bean Alba \u0219i Biblioteca Jude\u021bean\u0103 \u201eLucian Blaga\u201d Alba \u0219i este destinat promov\u0103rii creatorilor contemporani \u0219i oamenilor de cultur\u0103 din Jude\u021bul Alba, prin intermediul unor cafenele culturale, cu ocazia anivers\u0103rilor lor, prin activit\u0103\u021bi proprii sau \u00een colaborare cu parteneri. Totodat\u0103, cu acest prilej va fi valorificat\u0103 \u0219i opera sau activitatea oamenilor de cultur\u0103 invita\u021bi la eveniment.<\/p>\n\n\n\n<p class=\"wp-block-paragraph\">Alin Florea conduce Biblioteca Municipal\u0103 \u201eLiviu Rebreanu\u201d din Aiud, din anul 2014. Cu o bogat\u0103 experien\u021b\u0103 \u00een domeniul comunic\u0103rii \u0219i al organiz\u0103rii de evenimente publice, dublate de o temeinic\u0103 preg\u0103tire \u00een domeniu, \u00eenc\u0103 de la preluarea mandatului s-a implicat activ \u00een derularea unor proiecte culturale cu un mare impact \u00een r\u00e2ndul publicului aiudean \u0219i nu numai. <\/p>\n\n\n\n<p class=\"wp-block-paragraph\">Pe l\u00e2ng\u0103 activitatea curent\u0103 de biblioteconomie, Alin Florea a implementat o serie de programe \u0219i proiecte culturale menite s\u0103 sus\u021bin\u0103 \u0219i s\u0103 promoveze activitatea de promovare a c\u0103r\u021bii \u0219i a scriitorilor. Activitatea sa \u0219tiin\u021bific\u0103 s-a concretizat \u00een sus\u021binerea sau publicarea unor serii de studii \u0219i cercet\u0103ri \u0219tiin\u021bifice cum ar fi: Rolul tinerilor revolu\u0163ionari de la 1848 \u00een Transilvania (Ancheta Kozma); Tinerii \u015fi istoria. Tineri la 1848-1849 \u00een Transilvania (O list\u0103 publicat\u0103 de Silviu Dragomir); Tinerii \u015fi istoria. Tineri \u00een Transilvania \u00een Vorm\u00e4rz; Op\u0163iune politic\u0103 \u015fi implicare revolu\u0163ionar\u0103 la 1848 \u2013 1849 \u00een Transilvania. Elevii Blajului; Prezen\u0163a tinerilor \u00een Revolu\u0163ia de la 1848-1849 din Transilvania. Raportul lui Simion Balint; Tineri rom\u00e2ni \u00een Revolu\u0163ia de la 1848 \u2013 1849 din Transilvania: propunere pentru un indice al tinerilor; Activism \u015fi implicare politic\u0103. Tineri rom\u00e2ni \u00een Revolu\u0163ia de la 1848 \u2013 1849 din Transilvania; Evalu\u0103ri istoriografice asupra prezen\u0163ei tinerilor \u00een Revolu\u0163ia de la 1848 \u2013 1849 din Transilvania; Ovidiu Hulea, Avram Iancu; De la Blaj la Alba Iulia. Travaliul Marii Uniri; C\u00e2teva figuri memorabile de tineri rom\u00e2ni \u2013 conduc\u0103tori ai Revolu\u021biei de la 1848 \u2013 1849 din Transilvania; Pagini dureroase din istoria Aiudului la 1848 \u2013 1849. Cartea neagr\u0103 (Fekete Koniv); Abdicarea Regelui Mihai \u2013 Act de responsabilitate politic\u0103 fa\u021b\u0103 de neam.<\/p>\n\n\n\n<p class=\"wp-block-paragraph\">Ioan H\u0103d\u0103rig este membru al Uniunii Scriitorilor din Rom\u00e2nia, Filiala Alba-Hunedoara din anul 2011 \u0219i director al Centrului Cultural \u201eLiviu Rebreanu\u201d din Aiud din anul 2005. Activitatea sa cultural\u0103 bogat\u0103 l-a transformat \u00een unul dintre principalii artizani ai fenomenului cultural ce a explodat \u00een municipiul Aiud, considerat ast\u0103zi pe bun\u0103 dreptate un ora\u0219 al artelor. Pe l\u00e2ng\u0103 activitatea sa editorial \u0219i managerial\u0103, Ioan H\u0103d\u0103rig este director artistic al Funda\u021biei \u201eInter \u2013 Art\u201d Aiud, membru fondator \u0219i organizator al Taberei Interna\u021bionale de Art\u0103 Plastic\u0103 \u201eInter \u2013 Art\u201d Aiud , al Taberei Interna\u021bionale de Crea\u021bie pentru Tineret, al Bienalei Intercontinentale de Grafic\u0103 Mic\u0103, al Festivalului Interna\u021bional de Umor, al Festivalului Interna\u021bional de Film \u0219i Art\u0103 Fotografic\u0103 Art Aiud, al Taberei Interna\u021bionale de Grafic\u0103 Wine Art, al Taberei Interna\u021bionale de Art\u0103 Plastic\u0103 Prison Art. De-a lungul anilor a avut o intens\u0103 colaborare cu Biblioteca Municipal\u0103 \u201eLiviu Rebreanu\u201d Aiud, condus\u0103 de directorul Alin Florea. <\/p>\n\n\n\n<p class=\"wp-block-paragraph\">Dintre volumele publicate amintim: Iubirea pe o cruce de nisip, 1996; Lupta nebunului cu valul, 2002; Apocalipsa dup\u0103 Ioan, 2007; Trupul amantului ucis, 2008; Atingerea singur\u0103t\u0103\u021bii, 2012; Imagini ale Aiudului de alt\u0103dat\u0103, album\/poem editat \u00een 7 limbi, \u00een colaborare cu Robert Lixandru, edi\u021bia I &#8211; 2008, edi\u021bia a II-a \u0219i a III-a \u2013 2011; studiu monografic: \u201eROM\u00c2NIA LITERAR\u0102\u201d, Aiud \u2013 1930. Studiu monografic sau trei repere (contradictorii) ale situ\u0103rii \u00een afara istoriei culturale europene, edi\u021bia I \u2013 2010, edi\u021bia a II-a \u2013 2011.<\/p>\n","protected":false},"excerpt":{"rendered":"<p>Joi, 10 iunie 2021, la Biblioteca Jude\u021bean\u0103 \u201eLucian Blaga\u201d Alba va avea loc o nou\u0103 edi\u021bie a proiectului 4.5 Cafenea Cultural\u0103, Anivers\u0103ri Culturale. Aniversatul zilei este Alin Florea, directorul Bibliotecii Municipale \u201eLiviu Rebreanu\u201d Aiud, a c\u0103rui activitate cultural\u0103 va fi prezentat\u0103 \u00een cadrul unui laudatio sus\u021binut de scriitorul Ioan H\u0103d\u0103rig, director al Centrului Cultural \u201eLiviu &hellip;<\/p>\n","protected":false},"author":17,"featured_media":96144,"comment_status":"open","ping_status":"open","sticky":false,"template":"","format":"standard","meta":{"inline_featured_image":false,"footnotes":""},"categories":[2038],"tags":[23040,17081,12246,23041],"class_list":["post-96143","post","type-post","status-publish","format-standard","has-post-thumbnail","hentry","category-cultura","tag-alin-florea","tag-biblioteca-judeteana-lucian-blaga-alba-2","tag-cafenea-culturala-aniversara","tag-directorul-bibliotecii-municipale-liviu-rebreanu-aiud"],"yoast_head":"<!-- This site is optimized with the Yoast SEO plugin v28.3 - https:\/\/yoast.com\/product\/yoast-seo-wordpress\/ -->\n<title>A treia edi\u021bie a Cafenelei culturale aniversare, la Biblioteca Jude\u021bean\u0103 \u201eLucian Blaga\u201d Alba - Revista Urbea Mea - Revista de Alba<\/title>\n<meta name=\"description\" content=\"Joi, 10 iunie 2021, la Biblioteca Jude\u021bean\u0103 \u201eLucian Blaga\u201d Alba va avea loc o nou\u0103 edi\u021bie a proiectului 4.5 Cafenea Cultural\u0103, Anivers\u0103ri Culturale.\" \/>\n<meta name=\"robots\" content=\"index, follow, max-snippet:-1, max-image-preview:large, max-video-preview:-1\" \/>\n<link rel=\"canonical\" href=\"https:\/\/urbeamea.ro\/albaiulia\/a-treia-editie-a-cafenelei-culturale-aniversare-la-biblioteca-judeteana-lucian-blaga-alba\/\" \/>\n<meta name=\"twitter:card\" content=\"summary_large_image\" \/>\n<meta name=\"twitter:title\" content=\"A treia edi\u021bie a Cafenelei culturale aniversare, la Biblioteca Jude\u021bean\u0103 \u201eLucian Blaga\u201d Alba - Revista Urbea Mea - Revista de Alba\" \/>\n<meta name=\"twitter:description\" content=\"Joi, 10 iunie 2021, la Biblioteca Jude\u021bean\u0103 \u201eLucian Blaga\u201d Alba va avea loc o nou\u0103 edi\u021bie a proiectului 4.5 Cafenea Cultural\u0103, Anivers\u0103ri Culturale.\" \/>\n<meta name=\"twitter:image\" content=\"https:\/\/urbeamea.ro\/albaiulia\/wp-content\/uploads\/2021\/06\/Interviuri-BJA-iunie.jpg\" \/>\n<meta name=\"twitter:creator\" content=\"@urbeameaweb\" \/>\n<meta name=\"twitter:site\" content=\"@urbeameaweb\" \/>\n<script type=\"application\/ld+json\" class=\"yoast-schema-graph\">{\"@context\":\"https:\\\/\\\/schema.org\",\"@graph\":[{\"@type\":\"Article\",\"@id\":\"https:\\\/\\\/urbeamea.ro\\\/albaiulia\\\/a-treia-editie-a-cafenelei-culturale-aniversare-la-biblioteca-judeteana-lucian-blaga-alba\\\/#article\",\"isPartOf\":{\"@id\":\"https:\\\/\\\/urbeamea.ro\\\/albaiulia\\\/a-treia-editie-a-cafenelei-culturale-aniversare-la-biblioteca-judeteana-lucian-blaga-alba\\\/\"},\"author\":{\"name\":\"Cristina Ganga\",\"@id\":\"https:\\\/\\\/urbeamea.ro\\\/albaiulia\\\/#\\\/schema\\\/person\\\/9700d21fae21c4f038b0b56f4506264a\"},\"headline\":\"A treia edi\u021bie a Cafenelei culturale aniversare, la Biblioteca Jude\u021bean\u0103 \u201eLucian Blaga\u201d Alba\",\"datePublished\":\"2021-06-08T10:03:37+00:00\",\"dateModified\":\"2021-06-08T10:03:40+00:00\",\"mainEntityOfPage\":{\"@id\":\"https:\\\/\\\/urbeamea.ro\\\/albaiulia\\\/a-treia-editie-a-cafenelei-culturale-aniversare-la-biblioteca-judeteana-lucian-blaga-alba\\\/\"},\"wordCount\":849,\"commentCount\":0,\"image\":{\"@id\":\"https:\\\/\\\/urbeamea.ro\\\/albaiulia\\\/a-treia-editie-a-cafenelei-culturale-aniversare-la-biblioteca-judeteana-lucian-blaga-alba\\\/#primaryimage\"},\"thumbnailUrl\":\"https:\\\/\\\/urbeamea.ro\\\/albaiulia\\\/wp-content\\\/uploads\\\/2021\\\/06\\\/Interviuri-BJA-iunie.jpg\",\"keywords\":[\"alin florea\",\"biblioteca judeteana lucian blaga alba\",\"cafenea culturala aniversara\",\"directorul bibliotecii municipale liviu rebreanu aiud\"],\"articleSection\":[\"Cultur\u0103\"],\"inLanguage\":\"ro-RO\",\"potentialAction\":[{\"@type\":\"CommentAction\",\"name\":\"Comment\",\"target\":[\"https:\\\/\\\/urbeamea.ro\\\/albaiulia\\\/a-treia-editie-a-cafenelei-culturale-aniversare-la-biblioteca-judeteana-lucian-blaga-alba\\\/#respond\"]}]},{\"@type\":\"WebPage\",\"@id\":\"https:\\\/\\\/urbeamea.ro\\\/albaiulia\\\/a-treia-editie-a-cafenelei-culturale-aniversare-la-biblioteca-judeteana-lucian-blaga-alba\\\/\",\"url\":\"https:\\\/\\\/urbeamea.ro\\\/albaiulia\\\/a-treia-editie-a-cafenelei-culturale-aniversare-la-biblioteca-judeteana-lucian-blaga-alba\\\/\",\"name\":\"A treia edi\u021bie a Cafenelei culturale aniversare, la Biblioteca Jude\u021bean\u0103 \u201eLucian Blaga\u201d Alba - Revista Urbea Mea - Revista de Alba\",\"isPartOf\":{\"@id\":\"https:\\\/\\\/urbeamea.ro\\\/albaiulia\\\/#website\"},\"primaryImageOfPage\":{\"@id\":\"https:\\\/\\\/urbeamea.ro\\\/albaiulia\\\/a-treia-editie-a-cafenelei-culturale-aniversare-la-biblioteca-judeteana-lucian-blaga-alba\\\/#primaryimage\"},\"image\":{\"@id\":\"https:\\\/\\\/urbeamea.ro\\\/albaiulia\\\/a-treia-editie-a-cafenelei-culturale-aniversare-la-biblioteca-judeteana-lucian-blaga-alba\\\/#primaryimage\"},\"thumbnailUrl\":\"https:\\\/\\\/urbeamea.ro\\\/albaiulia\\\/wp-content\\\/uploads\\\/2021\\\/06\\\/Interviuri-BJA-iunie.jpg\",\"datePublished\":\"2021-06-08T10:03:37+00:00\",\"dateModified\":\"2021-06-08T10:03:40+00:00\",\"author\":{\"@id\":\"https:\\\/\\\/urbeamea.ro\\\/albaiulia\\\/#\\\/schema\\\/person\\\/9700d21fae21c4f038b0b56f4506264a\"},\"description\":\"Joi, 10 iunie 2021, la Biblioteca Jude\u021bean\u0103 \u201eLucian Blaga\u201d Alba va avea loc o nou\u0103 edi\u021bie a proiectului 4.5 Cafenea Cultural\u0103, Anivers\u0103ri Culturale.\",\"breadcrumb\":{\"@id\":\"https:\\\/\\\/urbeamea.ro\\\/albaiulia\\\/a-treia-editie-a-cafenelei-culturale-aniversare-la-biblioteca-judeteana-lucian-blaga-alba\\\/#breadcrumb\"},\"inLanguage\":\"ro-RO\",\"potentialAction\":[{\"@type\":\"ReadAction\",\"target\":[\"https:\\\/\\\/urbeamea.ro\\\/albaiulia\\\/a-treia-editie-a-cafenelei-culturale-aniversare-la-biblioteca-judeteana-lucian-blaga-alba\\\/\"]}]},{\"@type\":\"ImageObject\",\"inLanguage\":\"ro-RO\",\"@id\":\"https:\\\/\\\/urbeamea.ro\\\/albaiulia\\\/a-treia-editie-a-cafenelei-culturale-aniversare-la-biblioteca-judeteana-lucian-blaga-alba\\\/#primaryimage\",\"url\":\"https:\\\/\\\/urbeamea.ro\\\/albaiulia\\\/wp-content\\\/uploads\\\/2021\\\/06\\\/Interviuri-BJA-iunie.jpg\",\"contentUrl\":\"https:\\\/\\\/urbeamea.ro\\\/albaiulia\\\/wp-content\\\/uploads\\\/2021\\\/06\\\/Interviuri-BJA-iunie.jpg\",\"width\":1131,\"height\":1600},{\"@type\":\"BreadcrumbList\",\"@id\":\"https:\\\/\\\/urbeamea.ro\\\/albaiulia\\\/a-treia-editie-a-cafenelei-culturale-aniversare-la-biblioteca-judeteana-lucian-blaga-alba\\\/#breadcrumb\",\"itemListElement\":[{\"@type\":\"ListItem\",\"position\":1,\"name\":\"Prima pagin\u0103\",\"item\":\"https:\\\/\\\/urbeamea.ro\\\/albaiulia\\\/\"},{\"@type\":\"ListItem\",\"position\":2,\"name\":\"A treia edi\u021bie a Cafenelei culturale aniversare, la Biblioteca Jude\u021bean\u0103 \u201eLucian Blaga\u201d Alba\"}]},{\"@type\":\"WebSite\",\"@id\":\"https:\\\/\\\/urbeamea.ro\\\/albaiulia\\\/#website\",\"url\":\"https:\\\/\\\/urbeamea.ro\\\/albaiulia\\\/\",\"name\":\"Revista Urbea Mea, Stiri urbane\",\"description\":\"Evenimente \u0219i \u0219tiri din Alba Iulia, Sebe\u0219, Aiud, Blaj\",\"potentialAction\":[{\"@type\":\"SearchAction\",\"target\":{\"@type\":\"EntryPoint\",\"urlTemplate\":\"https:\\\/\\\/urbeamea.ro\\\/albaiulia\\\/?s={search_term_string}\"},\"query-input\":{\"@type\":\"PropertyValueSpecification\",\"valueRequired\":true,\"valueName\":\"search_term_string\"}}],\"inLanguage\":\"ro-RO\"},{\"@type\":\"Person\",\"@id\":\"https:\\\/\\\/urbeamea.ro\\\/albaiulia\\\/#\\\/schema\\\/person\\\/9700d21fae21c4f038b0b56f4506264a\",\"name\":\"Cristina Ganga\",\"image\":{\"@type\":\"ImageObject\",\"inLanguage\":\"ro-RO\",\"@id\":\"https:\\\/\\\/secure.gravatar.com\\\/avatar\\\/5a67661041f057b4a8ccaf26f5a8e86e2689372006d01faf3dd9eeb10b654bb4?s=96&d=mm&r=g\",\"url\":\"https:\\\/\\\/secure.gravatar.com\\\/avatar\\\/5a67661041f057b4a8ccaf26f5a8e86e2689372006d01faf3dd9eeb10b654bb4?s=96&d=mm&r=g\",\"contentUrl\":\"https:\\\/\\\/secure.gravatar.com\\\/avatar\\\/5a67661041f057b4a8ccaf26f5a8e86e2689372006d01faf3dd9eeb10b654bb4?s=96&d=mm&r=g\",\"caption\":\"Cristina Ganga\"},\"description\":\"Jurnalist\",\"sameAs\":[\"https:\\\/\\\/www.facebook.com\\\/cristina.nicola.587\"],\"url\":\"https:\\\/\\\/urbeamea.ro\\\/albaiulia\\\/author\\\/cristina-nicola\\\/\"}]}<\/script>\n<!-- \/ Yoast SEO plugin. -->","yoast_head_json":{"title":"A treia edi\u021bie a Cafenelei culturale aniversare, la Biblioteca Jude\u021bean\u0103 \u201eLucian Blaga\u201d Alba - Revista Urbea Mea - Revista de Alba","description":"Joi, 10 iunie 2021, la Biblioteca Jude\u021bean\u0103 \u201eLucian Blaga\u201d Alba va avea loc o nou\u0103 edi\u021bie a proiectului 4.5 Cafenea Cultural\u0103, Anivers\u0103ri Culturale.","robots":{"index":"index","follow":"follow","max-snippet":"max-snippet:-1","max-image-preview":"max-image-preview:large","max-video-preview":"max-video-preview:-1"},"canonical":"https:\/\/urbeamea.ro\/albaiulia\/a-treia-editie-a-cafenelei-culturale-aniversare-la-biblioteca-judeteana-lucian-blaga-alba\/","twitter_card":"summary_large_image","twitter_title":"A treia edi\u021bie a Cafenelei culturale aniversare, la Biblioteca Jude\u021bean\u0103 \u201eLucian Blaga\u201d Alba - Revista Urbea Mea - Revista de Alba","twitter_description":"Joi, 10 iunie 2021, la Biblioteca Jude\u021bean\u0103 \u201eLucian Blaga\u201d Alba va avea loc o nou\u0103 edi\u021bie a proiectului 4.5 Cafenea Cultural\u0103, Anivers\u0103ri Culturale.","twitter_image":"https:\/\/urbeamea.ro\/albaiulia\/wp-content\/uploads\/2021\/06\/Interviuri-BJA-iunie.jpg","twitter_creator":"@urbeameaweb","twitter_site":"@urbeameaweb","schema":{"@context":"https:\/\/schema.org","@graph":[{"@type":"Article","@id":"https:\/\/urbeamea.ro\/albaiulia\/a-treia-editie-a-cafenelei-culturale-aniversare-la-biblioteca-judeteana-lucian-blaga-alba\/#article","isPartOf":{"@id":"https:\/\/urbeamea.ro\/albaiulia\/a-treia-editie-a-cafenelei-culturale-aniversare-la-biblioteca-judeteana-lucian-blaga-alba\/"},"author":{"name":"Cristina Ganga","@id":"https:\/\/urbeamea.ro\/albaiulia\/#\/schema\/person\/9700d21fae21c4f038b0b56f4506264a"},"headline":"A treia edi\u021bie a Cafenelei culturale aniversare, la Biblioteca Jude\u021bean\u0103 \u201eLucian Blaga\u201d Alba","datePublished":"2021-06-08T10:03:37+00:00","dateModified":"2021-06-08T10:03:40+00:00","mainEntityOfPage":{"@id":"https:\/\/urbeamea.ro\/albaiulia\/a-treia-editie-a-cafenelei-culturale-aniversare-la-biblioteca-judeteana-lucian-blaga-alba\/"},"wordCount":849,"commentCount":0,"image":{"@id":"https:\/\/urbeamea.ro\/albaiulia\/a-treia-editie-a-cafenelei-culturale-aniversare-la-biblioteca-judeteana-lucian-blaga-alba\/#primaryimage"},"thumbnailUrl":"https:\/\/urbeamea.ro\/albaiulia\/wp-content\/uploads\/2021\/06\/Interviuri-BJA-iunie.jpg","keywords":["alin florea","biblioteca judeteana lucian blaga alba","cafenea culturala aniversara","directorul bibliotecii municipale liviu rebreanu aiud"],"articleSection":["Cultur\u0103"],"inLanguage":"ro-RO","potentialAction":[{"@type":"CommentAction","name":"Comment","target":["https:\/\/urbeamea.ro\/albaiulia\/a-treia-editie-a-cafenelei-culturale-aniversare-la-biblioteca-judeteana-lucian-blaga-alba\/#respond"]}]},{"@type":"WebPage","@id":"https:\/\/urbeamea.ro\/albaiulia\/a-treia-editie-a-cafenelei-culturale-aniversare-la-biblioteca-judeteana-lucian-blaga-alba\/","url":"https:\/\/urbeamea.ro\/albaiulia\/a-treia-editie-a-cafenelei-culturale-aniversare-la-biblioteca-judeteana-lucian-blaga-alba\/","name":"A treia edi\u021bie a Cafenelei culturale aniversare, la Biblioteca Jude\u021bean\u0103 \u201eLucian Blaga\u201d Alba - Revista Urbea Mea - Revista de Alba","isPartOf":{"@id":"https:\/\/urbeamea.ro\/albaiulia\/#website"},"primaryImageOfPage":{"@id":"https:\/\/urbeamea.ro\/albaiulia\/a-treia-editie-a-cafenelei-culturale-aniversare-la-biblioteca-judeteana-lucian-blaga-alba\/#primaryimage"},"image":{"@id":"https:\/\/urbeamea.ro\/albaiulia\/a-treia-editie-a-cafenelei-culturale-aniversare-la-biblioteca-judeteana-lucian-blaga-alba\/#primaryimage"},"thumbnailUrl":"https:\/\/urbeamea.ro\/albaiulia\/wp-content\/uploads\/2021\/06\/Interviuri-BJA-iunie.jpg","datePublished":"2021-06-08T10:03:37+00:00","dateModified":"2021-06-08T10:03:40+00:00","author":{"@id":"https:\/\/urbeamea.ro\/albaiulia\/#\/schema\/person\/9700d21fae21c4f038b0b56f4506264a"},"description":"Joi, 10 iunie 2021, la Biblioteca Jude\u021bean\u0103 \u201eLucian Blaga\u201d Alba va avea loc o nou\u0103 edi\u021bie a proiectului 4.5 Cafenea Cultural\u0103, Anivers\u0103ri Culturale.","breadcrumb":{"@id":"https:\/\/urbeamea.ro\/albaiulia\/a-treia-editie-a-cafenelei-culturale-aniversare-la-biblioteca-judeteana-lucian-blaga-alba\/#breadcrumb"},"inLanguage":"ro-RO","potentialAction":[{"@type":"ReadAction","target":["https:\/\/urbeamea.ro\/albaiulia\/a-treia-editie-a-cafenelei-culturale-aniversare-la-biblioteca-judeteana-lucian-blaga-alba\/"]}]},{"@type":"ImageObject","inLanguage":"ro-RO","@id":"https:\/\/urbeamea.ro\/albaiulia\/a-treia-editie-a-cafenelei-culturale-aniversare-la-biblioteca-judeteana-lucian-blaga-alba\/#primaryimage","url":"https:\/\/urbeamea.ro\/albaiulia\/wp-content\/uploads\/2021\/06\/Interviuri-BJA-iunie.jpg","contentUrl":"https:\/\/urbeamea.ro\/albaiulia\/wp-content\/uploads\/2021\/06\/Interviuri-BJA-iunie.jpg","width":1131,"height":1600},{"@type":"BreadcrumbList","@id":"https:\/\/urbeamea.ro\/albaiulia\/a-treia-editie-a-cafenelei-culturale-aniversare-la-biblioteca-judeteana-lucian-blaga-alba\/#breadcrumb","itemListElement":[{"@type":"ListItem","position":1,"name":"Prima pagin\u0103","item":"https:\/\/urbeamea.ro\/albaiulia\/"},{"@type":"ListItem","position":2,"name":"A treia edi\u021bie a Cafenelei culturale aniversare, la Biblioteca Jude\u021bean\u0103 \u201eLucian Blaga\u201d Alba"}]},{"@type":"WebSite","@id":"https:\/\/urbeamea.ro\/albaiulia\/#website","url":"https:\/\/urbeamea.ro\/albaiulia\/","name":"Revista Urbea Mea, Stiri urbane","description":"Evenimente \u0219i \u0219tiri din Alba Iulia, Sebe\u0219, Aiud, Blaj","potentialAction":[{"@type":"SearchAction","target":{"@type":"EntryPoint","urlTemplate":"https:\/\/urbeamea.ro\/albaiulia\/?s={search_term_string}"},"query-input":{"@type":"PropertyValueSpecification","valueRequired":true,"valueName":"search_term_string"}}],"inLanguage":"ro-RO"},{"@type":"Person","@id":"https:\/\/urbeamea.ro\/albaiulia\/#\/schema\/person\/9700d21fae21c4f038b0b56f4506264a","name":"Cristina Ganga","image":{"@type":"ImageObject","inLanguage":"ro-RO","@id":"https:\/\/secure.gravatar.com\/avatar\/5a67661041f057b4a8ccaf26f5a8e86e2689372006d01faf3dd9eeb10b654bb4?s=96&d=mm&r=g","url":"https:\/\/secure.gravatar.com\/avatar\/5a67661041f057b4a8ccaf26f5a8e86e2689372006d01faf3dd9eeb10b654bb4?s=96&d=mm&r=g","contentUrl":"https:\/\/secure.gravatar.com\/avatar\/5a67661041f057b4a8ccaf26f5a8e86e2689372006d01faf3dd9eeb10b654bb4?s=96&d=mm&r=g","caption":"Cristina Ganga"},"description":"Jurnalist","sameAs":["https:\/\/www.facebook.com\/cristina.nicola.587"],"url":"https:\/\/urbeamea.ro\/albaiulia\/author\/cristina-nicola\/"}]}},"_links":{"self":[{"href":"https:\/\/urbeamea.ro\/albaiulia\/wp-json\/wp\/v2\/posts\/96143","targetHints":{"allow":["GET"]}}],"collection":[{"href":"https:\/\/urbeamea.ro\/albaiulia\/wp-json\/wp\/v2\/posts"}],"about":[{"href":"https:\/\/urbeamea.ro\/albaiulia\/wp-json\/wp\/v2\/types\/post"}],"author":[{"embeddable":true,"href":"https:\/\/urbeamea.ro\/albaiulia\/wp-json\/wp\/v2\/users\/17"}],"replies":[{"embeddable":true,"href":"https:\/\/urbeamea.ro\/albaiulia\/wp-json\/wp\/v2\/comments?post=96143"}],"version-history":[{"count":1,"href":"https:\/\/urbeamea.ro\/albaiulia\/wp-json\/wp\/v2\/posts\/96143\/revisions"}],"predecessor-version":[{"id":96145,"href":"https:\/\/urbeamea.ro\/albaiulia\/wp-json\/wp\/v2\/posts\/96143\/revisions\/96145"}],"wp:featuredmedia":[{"embeddable":true,"href":"https:\/\/urbeamea.ro\/albaiulia\/wp-json\/wp\/v2\/media\/96144"}],"wp:attachment":[{"href":"https:\/\/urbeamea.ro\/albaiulia\/wp-json\/wp\/v2\/media?parent=96143"}],"wp:term":[{"taxonomy":"category","embeddable":true,"href":"https:\/\/urbeamea.ro\/albaiulia\/wp-json\/wp\/v2\/categories?post=96143"},{"taxonomy":"post_tag","embeddable":true,"href":"https:\/\/urbeamea.ro\/albaiulia\/wp-json\/wp\/v2\/tags?post=96143"}],"curies":[{"name":"wp","href":"https:\/\/api.w.org\/{rel}","templated":true}]}}