{"id":96183,"date":"2021-06-11T13:40:26","date_gmt":"2021-06-11T10:40:26","guid":{"rendered":"https:\/\/urbeamea.ro\/albaiulia\/?p=96183"},"modified":"2021-06-11T13:40:30","modified_gmt":"2021-06-11T10:40:30","slug":"oricat-de-intamplator-ar-fi-destinul-tot-noi-ni-l-alegem-prin-munca-si-ambitie","status":"publish","type":"post","link":"https:\/\/urbeamea.ro\/albaiulia\/oricat-de-intamplator-ar-fi-destinul-tot-noi-ni-l-alegem-prin-munca-si-ambitie\/","title":{"rendered":"\u201eOric\u00e2t de \u00eent\u00e2mpl\u0103tor ar fi destinul, tot noi ni-l alegem prin munc\u0103 \u0219i ambi\u021bie!\u201d"},"content":{"rendered":"\n<h2 class=\"wp-block-heading\">Sunt cuvintele absolventului nostru Andrei Octavian Cojocaru, care a fost admis la Academia For\u021belor Aeriene din Colorado Springs \u2013 Statele Unite ale Americii \u201eUnited States Air Force Military Academy, Colorado Springs\u201d. Andrei este exemplul c\u0103 orice vis poate fi \u00eemplinit, oric\u00e2t de m\u0103re\u021b ar fi acesta. Cum? Prin mult\u0103 munc\u0103, seriozitate \u0219i dragoste pentru ceea ce faci. <\/h2>\n\n\n\n<p class=\"wp-block-paragraph\">Andrei \u00ee\u0219i dore\u0219te de mic s\u0103 devin\u0103 un bun inginer \u00een cadrul For\u021belor Aeriene, iar primul pas spre cariera militar\u0103 l-a f\u0103cut venind la Colegiul Na\u021bional Militar \u201eMihai Viteazul\u201d Alba Iulia. Dup\u0103 patru ani \u00een care \u0219i-a dep\u0103\u0219it limitele, dup\u0103 ce fiecare provocare l-a determinat s\u0103 \u00ee\u0219i doreasc\u0103 mai mult, iat\u0103-l ajuns acolo unde \u0219i-a dorit. <\/p>\n\n\n\n<blockquote class=\"wp-block-quote is-layout-flow wp-block-quote-is-layout-flow\"><p>\u201eDe c\u00e2nd eram mic \u0219tiam c\u0103 voi ajunge la o academie militar\u0103, unde, nu eram sigur. Nu pot s\u0103 spun c\u0103 dac\u0103 \u00een urm\u0103 cu 10 ani cineva mi-ar fi spus c\u0103 voi ajunge s\u0103 studiez la Academia For\u021belor Aeriene din Colorado Springs a\u0219 fi zis c\u0103 m\u0103 a\u0219teptam la asta. Cu siguran\u021b\u0103 a\u0219 fi fost surprins, dar sunt sigur c\u0103 dac\u0103 nu a\u0219 fi aplicat pentru academia militar\u0103 din SUA, tot spre o academie militar\u0103 m-a\u0219 fi orientat pentru c\u0103 asta \u00eemi place s\u0103 fac, asta m\u0103 v\u0103d f\u0103c\u00e2nd \u00een anii mei de carier\u0103 \u0219i vreau s\u0103 m\u0103 dedic cu totul pe viitor spre aceast\u0103 direc\u021bie\u201d, a m\u0103rturisit Andrei. Dragostea pentru uniforma militar\u0103 s-a n\u0103scut \u00een familie. Str\u0103bunicul lui Andrei a luptat pe front, la Debrecen \u00een Ungaria \u00een cel de-al Doilea R\u0103zboi, bunicul a fost militar la arma transminsiuni iar tat\u0103l lui Andrei este jandarm. Perfoman\u021ba ob\u021binut\u0103 de Andrei a adus mult\u0103 bucurie \u00een familie iar p\u0103rin\u021bii s\u0103i sunt foarte m\u00e2ndri de aceast\u0103 realizare deosebit\u0103, sus\u021bin\u00e2ndu-l pe Andrei necondi\u021bionat. \u201eP\u0103rin\u021bii sunt foarte m\u00e2ndri de aceast\u0103 performan\u021b\u0103, poate pu\u021bin axio\u0219i \u0219i nelini\u0219ti\u021bi din cauz\u0103 c\u0103 plec, dar se bucur\u0103 foarte mult pentru mine, pentru c\u0103 \u0219tiu c\u0103 \u00eemi doresc foarte mult s\u0103 reu\u0219esc \u00een acest domeniu \u0219i nu a fost niciun moment \u00een via\u021b\u0103 \u00een care s\u0103 nu m\u0103 sus\u021bin\u0103\u201d.<\/p><\/blockquote>\n\n\n\n<figure class=\"wp-block-image size-large\"><img loading=\"lazy\" decoding=\"async\" width=\"752\" height=\"1232\" src=\"https:\/\/urbeamea.ro\/albaiulia\/wp-content\/uploads\/2021\/06\/CC_-561-2.jpg\" alt=\"\" class=\"wp-image-96192\" srcset=\"https:\/\/urbeamea.ro\/albaiulia\/wp-content\/uploads\/2021\/06\/CC_-561-2.jpg 752w, https:\/\/urbeamea.ro\/albaiulia\/wp-content\/uploads\/2021\/06\/CC_-561-2-391x640.jpg 391w, https:\/\/urbeamea.ro\/albaiulia\/wp-content\/uploads\/2021\/06\/CC_-561-2-92x150.jpg 92w\" sizes=\"auto, (max-width: 752px) 100vw, 752px\" \/><\/figure>\n\n\n\n<p class=\"wp-block-paragraph\">Ideea de a studia la academia militar\u0103 din Colorado Springs l-a atras foarte mult pe Andrei \u0219i tocmai faptul c\u0103 va avea parte de o preg\u0103tire intensiv\u0103, reprezint\u0103 pentru el o provocare prin care \u00ee\u0219i va atinge idealul. <\/p>\n\n\n\n<blockquote class=\"wp-block-quote is-layout-flow wp-block-quote-is-layout-flow\"><p>\u201ePentru mine este o oportunitate foarte mare. \u00cen primul r\u00e2nd am vrut s\u0103 merg acolo datorit\u0103 faptului c\u0103 vor fi ni\u0219te ani destul de grei de preg\u0103tire \u0219i caut s\u0103 m\u0103 \u00eembun\u0103t\u0103\u021besc \u0219i s\u0103 evoluez prin provoc\u0103ri. \u00cen fiecare zi caut s\u0103 fac ceea ce e mai greu, ca s\u0103 pot s\u0103 devin mai bun la acel lucru \u0219i m-a atras foarte mult ideea de a m\u0103 preg\u0103ti la Academia For\u021belor Aeriene Colorado Springs pentru c\u0103 este o experien\u021b\u0103 nou\u0103 \u00een care trebuie s\u0103 dep\u0103\u0219esc zona mea de confort de acum \u0219i s\u0103 trec peste anumite greut\u0103\u021bi ca s\u0103 pot ajunge la idealul meu, la visul pe care \u00eel am de c\u00e2nd eram copil, acela de a fi un foarte bun inginer \u00een cadrul For\u021belor Aeriene\u201d, <\/p><cite>a spus Andrei.<\/cite><\/blockquote>\n\n\n\n<p class=\"wp-block-paragraph\">Din b\u0103iatul timid care a fost la \u00eenceputul colegiului militar, Andrei a reu\u0219it s\u0103 \u00ee\u0219i dezvolte \u00een timp abilit\u0103\u021bile potrivite pentru a se autodep\u0103\u0219i, pentru a deveni mai sociabil \u0219i mai comunicativ, abilit\u0103\u021bi care \u00eel vor ajuta s\u0103 devin\u0103 un bun lider. Rezultatele foarte bune ob\u021binute pe parcursul studiilor liceale i-au adus \u00een clasa a XII-a gradul de elev plutonier major, al doilea cel mai mare grad onorific \u00een colegiul militar, \u00eendeplinind \u0219i func\u0163ii de comand\u0103 \u00een cadrul subunit\u0103\u021bilor de elevi. Este convins c\u0103 toat\u0103 aceast\u0103 experien\u021b\u0103 \u00eei va fi benefic\u0103 la academia militar\u0103. <\/p>\n\n\n\n<blockquote class=\"wp-block-quote is-layout-flow wp-block-quote-is-layout-flow\"><p>\u201eAm venit la liceu cu un temperament un pic mai timid \u0219i faptul c\u0103 am putut s\u0103 iau contact cu diverse tipuri de oameni aici \u0219i c\u0103 am fost pus \u00eentr-o pozi\u021bie de conducere \u00een cadrul structurii elevilor, mi-a permis s\u0103 \u00eemi deschid un pic mintea spre lucruri noi, s\u0103 nu mai fiu a\u0219a \u00eenchis \u00een mine cum eram \u00eenainte. Cred c\u0103 m\u0103 va ajuta foarte mult aceast\u0103 experien\u021b\u0103, mai ales c\u0103 la academia la care voi studia \u00een urm\u0103torii ani este foarte mare nevoie s\u0103 fiu sociabil, comunicativ, deschis. \u00cen plus, visul meu este s\u0103 devin ofi\u021ber \u0219i orice bun ofi\u021ber trebuie s\u0103 fie un bun lider \u00een primul r\u00e2nd, iar f\u0103r\u0103 comunicare nu se poate\u201d.<\/p><\/blockquote>\n\n\n\n<figure class=\"wp-block-image size-large\"><img loading=\"lazy\" decoding=\"async\" width=\"844\" height=\"1135\" src=\"https:\/\/urbeamea.ro\/albaiulia\/wp-content\/uploads\/2021\/06\/11.jpg\" alt=\"\" class=\"wp-image-96189\" srcset=\"https:\/\/urbeamea.ro\/albaiulia\/wp-content\/uploads\/2021\/06\/11.jpg 844w, https:\/\/urbeamea.ro\/albaiulia\/wp-content\/uploads\/2021\/06\/11-476x640.jpg 476w, https:\/\/urbeamea.ro\/albaiulia\/wp-content\/uploads\/2021\/06\/11-112x150.jpg 112w, https:\/\/urbeamea.ro\/albaiulia\/wp-content\/uploads\/2021\/06\/11-768x1033.jpg 768w\" sizes=\"auto, (max-width: 844px) 100vw, 844px\" \/><\/figure>\n\n\n\n<p class=\"wp-block-paragraph\">La finalul celor patru ani de studiu, Andrei face o radiografie sincer\u0103 la tot ceea ce a \u00eensemnat pentru el colegiul militar. A fi elev militar a fost pentru Andrei o experien\u021b\u0103 unic\u0103, pl\u0103cut\u0103, dar \u0219i cu momente de cump\u0103n\u0103, care l-au f\u0103cut s\u0103 fie \u0219i mai motivat \u00een decizia pe care a luat-o. <\/p>\n\n\n\n<blockquote class=\"wp-block-quote is-layout-flow wp-block-quote-is-layout-flow\"><p>\u201ePentru mine, colegiul militar a fost o experien\u021b\u0103 unic\u0103. M-am bucurat de fiecare moment petrecut al\u0103turi de colegi, al\u0103turi de ni\u0219te profesori minuna\u021bi f\u0103r\u0103 de care nu a\u0219 fi reu\u0219it s\u0103 ajung la nivelul la care m\u0103 aflu acum \u0219i fa\u021b\u0103 de care sunt recunosc\u0103tor. A fost un loc \u00een care am \u00eenv\u0103\u021bat s\u0103-mi dep\u0103\u0219esc limitele. \u00cen momentul \u00een care \u00eemi ating rezultatele dorite, s\u0103 am a\u0219tept\u0103ri mai \u00eenalte \u0219i s\u0103 caut tot timpul s\u0103 evoluez prin ceea ce fac. Nu a fost neap\u0103rat greu, pentru c\u0103 mie mi-a pl\u0103cut foarte mult s\u0103 fiu \u00een acest liceu \u0219i mi-a pl\u0103cut tot ceea ce am f\u0103cut \u0219i la ce am \u00eenv\u0103\u021bat, am \u00eenv\u0103\u021bat cu pl\u0103cere. Nu a fost greu, a fost o experien\u021b\u0103 pl\u0103cut\u0103\u201d,  <\/p><cite>a m\u0103rturisit Andrei.<\/cite><\/blockquote>\n\n\n\n<p class=\"wp-block-paragraph\">Orice este valoros are \u0219i un pre\u021b, iar succesul nu se ob\u021bine at\u00e2t de u\u0219or. Pe parcurs apar \u0219i mici obstacole ce trebuie dep\u0103\u0219ite pentru a-\u021bi atinge obiectivele. <\/p>\n\n\n\n<blockquote class=\"wp-block-quote is-layout-flow wp-block-quote-is-layout-flow\"><p>\u201eCred c\u0103 fiecare elev militar a avut un moment de cump\u0103n\u0103. Pentru mine, acest moment a fost \u00een clasa a IX-a spre \u00eenceput, c\u00e2nd am realizat c\u0103 nu este at\u00e2t u\u0219or s\u0103 treci prin toate, a\u0219a cum a fost \u00een gimnaziu. Spre exemplu nu am fost un mare sportiv \u00een primii ani de \u0219coal\u0103, iar \u00een momentul \u00een care am venit aici \u0219i am \u00eenceput s\u0103 alerg la probe \u0219i s\u0103 ob\u021bin calificative de la 6 \u00een jos, mi-am spus c\u0103 nu \u0219tiu dac\u0103 m-a\u0219 \u00eencadra \u00eentre elevi din cauz\u0103 c\u0103 nu pot ajunge la acelea\u0219i performan\u021be sportive. Cu mult\u0103 munc\u0103 \u0219i determinare am reu\u0219it s\u0103 \u00eemi \u00eembun\u0103t\u0103\u021besc calit\u0103\u021bile sportive. De asemenea, la materiile pe care nu l-am agreat foarte mult \u00een timpul anilor de gimnaziu, din nou am fost nevoit s\u0103 dedic mai mult\u0103 aten\u021bie \u00een timpul liceului, iar unele au ajuns chiar s\u0103-mi plac\u0103. Spre exemplu, nu eram cel mai bun prieten cu fizica \u00een clasa a VIII-a dar a ajuns s\u0103 \u00eemi plac\u0103 \u00een timpul liceului\u201d, <\/p><cite>a spus Andrei, z\u00e2mbind.<\/cite><\/blockquote>\n\n\n\n<figure class=\"wp-block-image size-large\"><img loading=\"lazy\" decoding=\"async\" width=\"1280\" height=\"1015\" src=\"https:\/\/urbeamea.ro\/albaiulia\/wp-content\/uploads\/2021\/06\/01-1280x1015.jpg\" alt=\"\" class=\"wp-image-96184\" srcset=\"https:\/\/urbeamea.ro\/albaiulia\/wp-content\/uploads\/2021\/06\/01-1280x1015.jpg 1280w, https:\/\/urbeamea.ro\/albaiulia\/wp-content\/uploads\/2021\/06\/01-640x508.jpg 640w, https:\/\/urbeamea.ro\/albaiulia\/wp-content\/uploads\/2021\/06\/01-150x119.jpg 150w, https:\/\/urbeamea.ro\/albaiulia\/wp-content\/uploads\/2021\/06\/01-768x609.jpg 768w, https:\/\/urbeamea.ro\/albaiulia\/wp-content\/uploads\/2021\/06\/01-1536x1218.jpg 1536w, https:\/\/urbeamea.ro\/albaiulia\/wp-content\/uploads\/2021\/06\/01-100x80.jpg 100w, https:\/\/urbeamea.ro\/albaiulia\/wp-content\/uploads\/2021\/06\/01.jpg 1600w\" sizes=\"auto, (max-width: 1280px) 100vw, 1280px\" \/><\/figure>\n\n\n\n<p class=\"wp-block-paragraph\">D\u00e2nd exemplul personal, Andrei este convins c\u0103 orice elev care alege s\u0103 urmeze colegiul militar, poate ob\u021bine acelea\u0219i performan\u021be: <em>\u201etot ce trebuie s\u0103 fac\u0103 este s\u0103 priveasc\u0103 cu speran\u021b\u0103 c\u0103tre viitor \u0219i s\u0103-\u0219i dea seama c\u0103 oric\u00e2t de \u00eent\u00e2mpl\u0103tor ar fi destinul, tot noi ni-l alegem prin munc\u0103 \u0219i ambi\u021bie\u201d, a spus Andrei.<\/em><\/p>\n\n\n\n<p class=\"wp-block-paragraph\">Ultimele s\u0103pt\u0103m\u00e2ni petrecute \u00een colegiul militar din Alba Iulia au fost \u00eenc\u0103rcate de emo\u021bie pentru Andrei. <\/p>\n\n\n\n<blockquote class=\"wp-block-quote is-layout-flow wp-block-quote-is-layout-flow\"><p>\u201eSimt acea ambiguitate interioar\u0103, un complex de sentimente de fericire \u0219i \u00een acela\u0219i timp de triste\u021be pentru c\u0103 toate raporturile companiei \u0219i adun\u0103rile la care am participat erau activit\u0103\u021bi obi\u0219nuite \u00een ultimii patru ani, pe care le-am f\u0103cut de mai multe ori \u00eentr-o zi, dar con\u0219tientizarea faptului c\u0103 au fost printre ultimele petrecute aici \u00een liceu m-au f\u0103cut s\u0103 realizez c\u00e2t de dor o s\u0103-mi fie de aceste momente \u0219i, ca \u00een fiecare trecere \u00eentr-o diferit\u0103 etap\u0103 a vie\u021bii, simt \u0219i pu\u021bin\u0103 triste\u021be pentru faptul c\u0103 trebuie s\u0103 m\u0103 despart de profesori \u0219i prieteni, dar privesc cu \u00eencredere \u0219i speran\u021b\u0103 spre un viitor bun\u201d.<\/p><\/blockquote>\n\n\n\n<p class=\"wp-block-paragraph\">Dac\u0103 pentru Andrei situa\u021bia \u0219colar\u0103 \u00een Rom\u00e2nia s-a \u00eencheiat deja, av\u00e2nd \u00een vedere procesul de selec\u021bie \u00een academiile militare din str\u0103in\u0103tate, pentru colegii s\u0103i de an, emo\u021biile examenelor cresc \u00een aceast\u0103 perioad\u0103. Afl\u00e2ndu-se pe ultima sut\u0103 de metri cu preg\u0103tirile pentru plecarea \u00een SUA, Andrei are un mesaj pentru cei care i-au fost colegi \u0219i prieteni timp de patru ani: <em>\u201ede\u0219i nu au nevoie pentru c\u0103 \u0219tiu c\u0103 sunt mai mult dec\u00e2t preg\u0103ti\u021bi, le urez mult succes, ei \u0219tiu c\u0103 sunt cu sufletul al\u0103turi de ei, le voi \u021bine pumnii, \u0219i sunt sigur c\u0103 se vor descurca de minune \u0219i fiecare va ajunge acolo unde \u00ee\u0219i dore\u0219te. Indiferent c\u00e2\u021bi kilometri vor fi \u00eentre noi, c\u00e2te m\u0103ri sau oceane ne despart, sunt sigur c\u0103 leg\u0103turile dintre noi se vor p\u0103stra\u201d, a transmis cu emo\u021bie Andrei.<\/em><\/p>\n\n\n\n<p class=\"wp-block-paragraph\">La v\u00e2rsta de 14 ani, c\u00e2nd p\u0103\u0219it pentru prima dat\u0103 pe por\u021bile colegiului militar din Alba Iulia, Andrei avea \u00een fa\u021ba lui o mare provocare: absolvirea acestei institu\u021bii de \u00eenv\u0103\u021b\u0103m\u00e2nt liceal militar. A \u00eencheiat remarcabil aceast\u0103 etap\u0103, reu\u0219ind s\u0103 fie admis la Academia For\u021belor Aeriene din Colorado Springs \u0219i spune c\u0103 adev\u0103rata provocare abia acum \u00eencepe. <\/p>\n\n\n\n<blockquote class=\"wp-block-quote is-layout-flow wp-block-quote-is-layout-flow\"><p>\u201e\u00cenc\u0103 de c\u00e2nd am fost admis \u00een colegiul militar mi-am spus c\u0103 poate va fi pu\u021bin greu liceul, dar nu a fost nici m\u0103car \u00eenceputul. Abia acum \u00eencepe adev\u0103rata provocare \u0219i trebuie s\u0103 dau tot ce am mai bun \u00een fiecare zi de acum \u00eenainte, pentru a m\u0103 putea preg\u0103ti c\u00e2t se poate de bine \u0219i pentru a putea spera c\u0103 \u00eentr-o zi o s\u0103 \u00eemi fac m\u00e2ndri p\u0103rin\u021bii, cadrele militare \u0219i profesorii care m-au preg\u0103tit \u0219i \u021bara\u201d, <\/p><cite>a \u00eencheiat Andrei.<\/cite><\/blockquote>\n\n\n\n<p class=\"wp-block-paragraph\">Andrei Cojocaru este al nou\u0103lea absolvent al Colegiului Na\u021bional Militar \u201eMihai Viteazul\u201d Alba Iulia care \u00ee\u0219i va des\u0103v\u00e2r\u0219i preg\u0103tirea \u00een domeniul militar \u00een institu\u021bii de renume din Statele Unite ale Americii: Academia For\u021belor Aeriene din Colorado Springs (doi absolven\u021bi) \u0219i Academia Militar\u0103 \u201eWest Point\u201d (\u0219ase absolven\u021bi).<\/p>\n\n\n\n<figure class=\"wp-block-gallery columns-3 is-cropped wp-block-gallery-1 is-layout-flex wp-block-gallery-is-layout-flex\"><ul class=\"blocks-gallery-grid\"><li class=\"blocks-gallery-item\"><figure><a href=\"https:\/\/urbeamea.ro\/albaiulia\/wp-content\/uploads\/2021\/06\/01.jpg\"><img loading=\"lazy\" decoding=\"async\" width=\"1280\" height=\"1015\" src=\"https:\/\/urbeamea.ro\/albaiulia\/wp-content\/uploads\/2021\/06\/01-1280x1015.jpg\" alt=\"\" data-id=\"96184\" data-full-url=\"https:\/\/urbeamea.ro\/albaiulia\/wp-content\/uploads\/2021\/06\/01.jpg\" data-link=\"https:\/\/urbeamea.ro\/albaiulia\/?attachment_id=96184\" class=\"wp-image-96184\" srcset=\"https:\/\/urbeamea.ro\/albaiulia\/wp-content\/uploads\/2021\/06\/01-1280x1015.jpg 1280w, https:\/\/urbeamea.ro\/albaiulia\/wp-content\/uploads\/2021\/06\/01-640x508.jpg 640w, https:\/\/urbeamea.ro\/albaiulia\/wp-content\/uploads\/2021\/06\/01-150x119.jpg 150w, https:\/\/urbeamea.ro\/albaiulia\/wp-content\/uploads\/2021\/06\/01-768x609.jpg 768w, https:\/\/urbeamea.ro\/albaiulia\/wp-content\/uploads\/2021\/06\/01-1536x1218.jpg 1536w, https:\/\/urbeamea.ro\/albaiulia\/wp-content\/uploads\/2021\/06\/01-100x80.jpg 100w, https:\/\/urbeamea.ro\/albaiulia\/wp-content\/uploads\/2021\/06\/01.jpg 1600w\" sizes=\"auto, (max-width: 1280px) 100vw, 1280px\" \/><\/a><\/figure><\/li><li class=\"blocks-gallery-item\"><figure><a href=\"https:\/\/urbeamea.ro\/albaiulia\/wp-content\/uploads\/2021\/06\/02.jpg\"><img loading=\"lazy\" decoding=\"async\" width=\"1280\" height=\"972\" src=\"https:\/\/urbeamea.ro\/albaiulia\/wp-content\/uploads\/2021\/06\/02-1280x972.jpg\" alt=\"\" data-id=\"96185\" data-full-url=\"https:\/\/urbeamea.ro\/albaiulia\/wp-content\/uploads\/2021\/06\/02.jpg\" data-link=\"https:\/\/urbeamea.ro\/albaiulia\/?attachment_id=96185\" class=\"wp-image-96185\" srcset=\"https:\/\/urbeamea.ro\/albaiulia\/wp-content\/uploads\/2021\/06\/02-1280x972.jpg 1280w, https:\/\/urbeamea.ro\/albaiulia\/wp-content\/uploads\/2021\/06\/02-640x486.jpg 640w, https:\/\/urbeamea.ro\/albaiulia\/wp-content\/uploads\/2021\/06\/02-150x114.jpg 150w, https:\/\/urbeamea.ro\/albaiulia\/wp-content\/uploads\/2021\/06\/02-768x583.jpg 768w, https:\/\/urbeamea.ro\/albaiulia\/wp-content\/uploads\/2021\/06\/02-1536x1166.jpg 1536w, https:\/\/urbeamea.ro\/albaiulia\/wp-content\/uploads\/2021\/06\/02.jpg 1600w\" sizes=\"auto, (max-width: 1280px) 100vw, 1280px\" \/><\/a><\/figure><\/li><li class=\"blocks-gallery-item\"><figure><a href=\"https:\/\/urbeamea.ro\/albaiulia\/wp-content\/uploads\/2021\/06\/03.jpg\"><img loading=\"lazy\" decoding=\"async\" width=\"1280\" height=\"890\" src=\"https:\/\/urbeamea.ro\/albaiulia\/wp-content\/uploads\/2021\/06\/03-1280x890.jpg\" alt=\"\" data-id=\"96186\" data-full-url=\"https:\/\/urbeamea.ro\/albaiulia\/wp-content\/uploads\/2021\/06\/03.jpg\" data-link=\"https:\/\/urbeamea.ro\/albaiulia\/?attachment_id=96186\" class=\"wp-image-96186\" srcset=\"https:\/\/urbeamea.ro\/albaiulia\/wp-content\/uploads\/2021\/06\/03-1280x890.jpg 1280w, https:\/\/urbeamea.ro\/albaiulia\/wp-content\/uploads\/2021\/06\/03-640x445.jpg 640w, https:\/\/urbeamea.ro\/albaiulia\/wp-content\/uploads\/2021\/06\/03-150x104.jpg 150w, https:\/\/urbeamea.ro\/albaiulia\/wp-content\/uploads\/2021\/06\/03-768x534.jpg 768w, https:\/\/urbeamea.ro\/albaiulia\/wp-content\/uploads\/2021\/06\/03-1536x1068.jpg 1536w, https:\/\/urbeamea.ro\/albaiulia\/wp-content\/uploads\/2021\/06\/03-560x390.jpg 560w, https:\/\/urbeamea.ro\/albaiulia\/wp-content\/uploads\/2021\/06\/03.jpg 1600w\" sizes=\"auto, (max-width: 1280px) 100vw, 1280px\" \/><\/a><\/figure><\/li><li class=\"blocks-gallery-item\"><figure><a href=\"https:\/\/urbeamea.ro\/albaiulia\/wp-content\/uploads\/2021\/06\/04.jpg\"><img loading=\"lazy\" decoding=\"async\" width=\"877\" height=\"1280\" src=\"https:\/\/urbeamea.ro\/albaiulia\/wp-content\/uploads\/2021\/06\/04-877x1280.jpg\" alt=\"\" data-id=\"96187\" data-full-url=\"https:\/\/urbeamea.ro\/albaiulia\/wp-content\/uploads\/2021\/06\/04.jpg\" data-link=\"https:\/\/urbeamea.ro\/albaiulia\/?attachment_id=96187\" class=\"wp-image-96187\" srcset=\"https:\/\/urbeamea.ro\/albaiulia\/wp-content\/uploads\/2021\/06\/04-877x1280.jpg 877w, https:\/\/urbeamea.ro\/albaiulia\/wp-content\/uploads\/2021\/06\/04-438x640.jpg 438w, https:\/\/urbeamea.ro\/albaiulia\/wp-content\/uploads\/2021\/06\/04-103x150.jpg 103w, https:\/\/urbeamea.ro\/albaiulia\/wp-content\/uploads\/2021\/06\/04-768x1121.jpg 768w, https:\/\/urbeamea.ro\/albaiulia\/wp-content\/uploads\/2021\/06\/04-1052x1536.jpg 1052w, https:\/\/urbeamea.ro\/albaiulia\/wp-content\/uploads\/2021\/06\/04.jpg 1096w\" sizes=\"auto, (max-width: 877px) 100vw, 877px\" \/><\/a><\/figure><\/li><li class=\"blocks-gallery-item\"><figure><a href=\"https:\/\/urbeamea.ro\/albaiulia\/wp-content\/uploads\/2021\/06\/05.jpg\"><img loading=\"lazy\" decoding=\"async\" width=\"745\" height=\"1280\" src=\"https:\/\/urbeamea.ro\/albaiulia\/wp-content\/uploads\/2021\/06\/05-745x1280.jpg\" alt=\"\" data-id=\"96188\" data-full-url=\"https:\/\/urbeamea.ro\/albaiulia\/wp-content\/uploads\/2021\/06\/05.jpg\" data-link=\"https:\/\/urbeamea.ro\/albaiulia\/?attachment_id=96188\" class=\"wp-image-96188\" srcset=\"https:\/\/urbeamea.ro\/albaiulia\/wp-content\/uploads\/2021\/06\/05-745x1280.jpg 745w, https:\/\/urbeamea.ro\/albaiulia\/wp-content\/uploads\/2021\/06\/05-372x640.jpg 372w, https:\/\/urbeamea.ro\/albaiulia\/wp-content\/uploads\/2021\/06\/05-87x150.jpg 87w, https:\/\/urbeamea.ro\/albaiulia\/wp-content\/uploads\/2021\/06\/05-768x1320.jpg 768w, https:\/\/urbeamea.ro\/albaiulia\/wp-content\/uploads\/2021\/06\/05-894x1536.jpg 894w, https:\/\/urbeamea.ro\/albaiulia\/wp-content\/uploads\/2021\/06\/05.jpg 931w\" sizes=\"auto, (max-width: 745px) 100vw, 745px\" \/><\/a><\/figure><\/li><li class=\"blocks-gallery-item\"><figure><a href=\"https:\/\/urbeamea.ro\/albaiulia\/wp-content\/uploads\/2021\/06\/11.jpg\"><img loading=\"lazy\" decoding=\"async\" width=\"844\" height=\"1135\" src=\"https:\/\/urbeamea.ro\/albaiulia\/wp-content\/uploads\/2021\/06\/11.jpg\" alt=\"\" data-id=\"96189\" data-full-url=\"https:\/\/urbeamea.ro\/albaiulia\/wp-content\/uploads\/2021\/06\/11.jpg\" data-link=\"https:\/\/urbeamea.ro\/albaiulia\/?attachment_id=96189\" class=\"wp-image-96189\" srcset=\"https:\/\/urbeamea.ro\/albaiulia\/wp-content\/uploads\/2021\/06\/11.jpg 844w, https:\/\/urbeamea.ro\/albaiulia\/wp-content\/uploads\/2021\/06\/11-476x640.jpg 476w, https:\/\/urbeamea.ro\/albaiulia\/wp-content\/uploads\/2021\/06\/11-112x150.jpg 112w, https:\/\/urbeamea.ro\/albaiulia\/wp-content\/uploads\/2021\/06\/11-768x1033.jpg 768w\" sizes=\"auto, (max-width: 844px) 100vw, 844px\" \/><\/a><\/figure><\/li><li class=\"blocks-gallery-item\"><figure><a href=\"https:\/\/urbeamea.ro\/albaiulia\/wp-content\/uploads\/2021\/06\/12.jpg\"><img loading=\"lazy\" decoding=\"async\" width=\"1280\" height=\"837\" src=\"https:\/\/urbeamea.ro\/albaiulia\/wp-content\/uploads\/2021\/06\/12-1280x837.jpg\" alt=\"\" data-id=\"96190\" data-full-url=\"https:\/\/urbeamea.ro\/albaiulia\/wp-content\/uploads\/2021\/06\/12.jpg\" data-link=\"https:\/\/urbeamea.ro\/albaiulia\/?attachment_id=96190\" class=\"wp-image-96190\" srcset=\"https:\/\/urbeamea.ro\/albaiulia\/wp-content\/uploads\/2021\/06\/12-1280x837.jpg 1280w, https:\/\/urbeamea.ro\/albaiulia\/wp-content\/uploads\/2021\/06\/12-640x418.jpg 640w, https:\/\/urbeamea.ro\/albaiulia\/wp-content\/uploads\/2021\/06\/12-150x98.jpg 150w, https:\/\/urbeamea.ro\/albaiulia\/wp-content\/uploads\/2021\/06\/12-768x502.jpg 768w, https:\/\/urbeamea.ro\/albaiulia\/wp-content\/uploads\/2021\/06\/12-1536x1004.jpg 1536w, https:\/\/urbeamea.ro\/albaiulia\/wp-content\/uploads\/2021\/06\/12.jpg 1600w\" sizes=\"auto, (max-width: 1280px) 100vw, 1280px\" \/><\/a><\/figure><\/li><li class=\"blocks-gallery-item\"><figure><a href=\"https:\/\/urbeamea.ro\/albaiulia\/wp-content\/uploads\/2021\/06\/13.jpg\"><img loading=\"lazy\" decoding=\"async\" width=\"1280\" height=\"854\" src=\"https:\/\/urbeamea.ro\/albaiulia\/wp-content\/uploads\/2021\/06\/13-1280x854.jpg\" alt=\"\" data-id=\"96191\" data-full-url=\"https:\/\/urbeamea.ro\/albaiulia\/wp-content\/uploads\/2021\/06\/13.jpg\" data-link=\"https:\/\/urbeamea.ro\/albaiulia\/?attachment_id=96191\" class=\"wp-image-96191\" srcset=\"https:\/\/urbeamea.ro\/albaiulia\/wp-content\/uploads\/2021\/06\/13-1280x854.jpg 1280w, https:\/\/urbeamea.ro\/albaiulia\/wp-content\/uploads\/2021\/06\/13-640x427.jpg 640w, https:\/\/urbeamea.ro\/albaiulia\/wp-content\/uploads\/2021\/06\/13-150x100.jpg 150w, https:\/\/urbeamea.ro\/albaiulia\/wp-content\/uploads\/2021\/06\/13-768x512.jpg 768w, https:\/\/urbeamea.ro\/albaiulia\/wp-content\/uploads\/2021\/06\/13-1536x1024.jpg 1536w, https:\/\/urbeamea.ro\/albaiulia\/wp-content\/uploads\/2021\/06\/13.jpg 1600w\" sizes=\"auto, (max-width: 1280px) 100vw, 1280px\" \/><\/a><\/figure><\/li><li class=\"blocks-gallery-item\"><figure><a href=\"https:\/\/urbeamea.ro\/albaiulia\/wp-content\/uploads\/2021\/06\/CC_-561-2.jpg\"><img loading=\"lazy\" decoding=\"async\" width=\"752\" height=\"1232\" src=\"https:\/\/urbeamea.ro\/albaiulia\/wp-content\/uploads\/2021\/06\/CC_-561-2.jpg\" alt=\"\" data-id=\"96192\" data-full-url=\"https:\/\/urbeamea.ro\/albaiulia\/wp-content\/uploads\/2021\/06\/CC_-561-2.jpg\" data-link=\"https:\/\/urbeamea.ro\/albaiulia\/?attachment_id=96192\" class=\"wp-image-96192\" srcset=\"https:\/\/urbeamea.ro\/albaiulia\/wp-content\/uploads\/2021\/06\/CC_-561-2.jpg 752w, https:\/\/urbeamea.ro\/albaiulia\/wp-content\/uploads\/2021\/06\/CC_-561-2-391x640.jpg 391w, https:\/\/urbeamea.ro\/albaiulia\/wp-content\/uploads\/2021\/06\/CC_-561-2-92x150.jpg 92w\" sizes=\"auto, (max-width: 752px) 100vw, 752px\" \/><\/a><\/figure><\/li><li class=\"blocks-gallery-item\"><figure><a href=\"https:\/\/urbeamea.ro\/albaiulia\/wp-content\/uploads\/2021\/06\/IMG_0790.jpg\"><img loading=\"lazy\" decoding=\"async\" width=\"1280\" height=\"854\" src=\"https:\/\/urbeamea.ro\/albaiulia\/wp-content\/uploads\/2021\/06\/IMG_0790-1280x854.jpg\" alt=\"\" data-id=\"96193\" data-full-url=\"https:\/\/urbeamea.ro\/albaiulia\/wp-content\/uploads\/2021\/06\/IMG_0790.jpg\" data-link=\"https:\/\/urbeamea.ro\/albaiulia\/?attachment_id=96193\" class=\"wp-image-96193\" srcset=\"https:\/\/urbeamea.ro\/albaiulia\/wp-content\/uploads\/2021\/06\/IMG_0790-1280x854.jpg 1280w, https:\/\/urbeamea.ro\/albaiulia\/wp-content\/uploads\/2021\/06\/IMG_0790-640x427.jpg 640w, https:\/\/urbeamea.ro\/albaiulia\/wp-content\/uploads\/2021\/06\/IMG_0790-150x100.jpg 150w, https:\/\/urbeamea.ro\/albaiulia\/wp-content\/uploads\/2021\/06\/IMG_0790-768x512.jpg 768w, https:\/\/urbeamea.ro\/albaiulia\/wp-content\/uploads\/2021\/06\/IMG_0790-1536x1024.jpg 1536w, https:\/\/urbeamea.ro\/albaiulia\/wp-content\/uploads\/2021\/06\/IMG_0790.jpg 1600w\" sizes=\"auto, (max-width: 1280px) 100vw, 1280px\" \/><\/a><\/figure><\/li><\/ul><\/figure>\n","protected":false},"excerpt":{"rendered":"<p>Sunt cuvintele absolventului nostru Andrei Octavian Cojocaru, care a fost admis la Academia For\u021belor Aeriene din Colorado Springs \u2013 Statele Unite ale Americii \u201eUnited States Air Force Military Academy, Colorado Springs\u201d. Andrei este exemplul c\u0103 orice vis poate fi \u00eemplinit, oric\u00e2t de m\u0103re\u021b ar fi acesta. Cum? Prin mult\u0103 munc\u0103, seriozitate \u0219i dragoste pentru ceea &hellip;<\/p>\n","protected":false},"author":17,"featured_media":96186,"comment_status":"open","ping_status":"open","sticky":false,"template":"","format":"standard","meta":{"inline_featured_image":false,"footnotes":""},"categories":[2039],"tags":[23057,23059,23058,11032,23061,945,23060],"class_list":["post-96183","post","type-post","status-publish","format-standard","has-post-thumbnail","hentry","category-educatie","tag-absolvent-andrei-octavian-cojocaru","tag-academia-fortelor-aeriene-din-colorado-springs","tag-admis","tag-colegiul-national-militar-mihai-viteazul-alba-iulia","tag-colorado-springs","tag-statele-unite-ale-americii","tag-united-states-air-force-military-academy"],"yoast_head":"<!-- This site is optimized with the Yoast SEO plugin v28.3 - https:\/\/yoast.com\/product\/yoast-seo-wordpress\/ -->\n<title>\u201eOric\u00e2t de \u00eent\u00e2mpl\u0103tor ar fi destinul, tot noi ni-l alegem prin munc\u0103 \u0219i ambi\u021bie!\u201d - Revista Urbea Mea - Revista de Alba<\/title>\n<meta name=\"description\" content=\"Sunt cuvintele absolventului nostru Andrei Octavian Cojocaru, care a fost admis la Academia For\u021belor Aeriene din Colorado Springs \u2013 Statele Unite ale\" \/>\n<meta name=\"robots\" content=\"index, follow, max-snippet:-1, max-image-preview:large, max-video-preview:-1\" \/>\n<link rel=\"canonical\" href=\"https:\/\/urbeamea.ro\/albaiulia\/oricat-de-intamplator-ar-fi-destinul-tot-noi-ni-l-alegem-prin-munca-si-ambitie\/\" \/>\n<meta name=\"twitter:card\" content=\"summary_large_image\" \/>\n<meta name=\"twitter:title\" content=\"\u201eOric\u00e2t de \u00eent\u00e2mpl\u0103tor ar fi destinul, tot noi ni-l alegem prin munc\u0103 \u0219i ambi\u021bie!\u201d - Revista Urbea Mea - Revista de Alba\" \/>\n<meta name=\"twitter:description\" content=\"Sunt cuvintele absolventului nostru Andrei Octavian Cojocaru, care a fost admis la Academia For\u021belor Aeriene din Colorado Springs \u2013 Statele Unite ale\" \/>\n<meta name=\"twitter:image\" content=\"https:\/\/urbeamea.ro\/albaiulia\/wp-content\/uploads\/2021\/06\/03.jpg\" \/>\n<meta name=\"twitter:creator\" content=\"@urbeameaweb\" \/>\n<meta name=\"twitter:site\" content=\"@urbeameaweb\" \/>\n<script type=\"application\/ld+json\" class=\"yoast-schema-graph\">{\"@context\":\"https:\\\/\\\/schema.org\",\"@graph\":[{\"@type\":\"Article\",\"@id\":\"https:\\\/\\\/urbeamea.ro\\\/albaiulia\\\/oricat-de-intamplator-ar-fi-destinul-tot-noi-ni-l-alegem-prin-munca-si-ambitie\\\/#article\",\"isPartOf\":{\"@id\":\"https:\\\/\\\/urbeamea.ro\\\/albaiulia\\\/oricat-de-intamplator-ar-fi-destinul-tot-noi-ni-l-alegem-prin-munca-si-ambitie\\\/\"},\"author\":{\"name\":\"Cristina Ganga\",\"@id\":\"https:\\\/\\\/urbeamea.ro\\\/albaiulia\\\/#\\\/schema\\\/person\\\/9700d21fae21c4f038b0b56f4506264a\"},\"headline\":\"\u201eOric\u00e2t de \u00eent\u00e2mpl\u0103tor ar fi destinul, tot noi ni-l alegem prin munc\u0103 \u0219i ambi\u021bie!\u201d\",\"datePublished\":\"2021-06-11T10:40:26+00:00\",\"dateModified\":\"2021-06-11T10:40:30+00:00\",\"mainEntityOfPage\":{\"@id\":\"https:\\\/\\\/urbeamea.ro\\\/albaiulia\\\/oricat-de-intamplator-ar-fi-destinul-tot-noi-ni-l-alegem-prin-munca-si-ambitie\\\/\"},\"wordCount\":1790,\"commentCount\":0,\"image\":{\"@id\":\"https:\\\/\\\/urbeamea.ro\\\/albaiulia\\\/oricat-de-intamplator-ar-fi-destinul-tot-noi-ni-l-alegem-prin-munca-si-ambitie\\\/#primaryimage\"},\"thumbnailUrl\":\"https:\\\/\\\/urbeamea.ro\\\/albaiulia\\\/wp-content\\\/uploads\\\/2021\\\/06\\\/03.jpg\",\"keywords\":[\"absolvent andrei octavian cojocaru\",\"academia fortelor aeriene din colorado springs\",\"admis\",\"colegiul national militar mihai viteazul alba iulia\",\"Colorado Springs\",\"statele unite ale americii\",\"United States Air Force Military Academy\"],\"articleSection\":[\"Educa\u021bie\"],\"inLanguage\":\"ro-RO\",\"potentialAction\":[{\"@type\":\"CommentAction\",\"name\":\"Comment\",\"target\":[\"https:\\\/\\\/urbeamea.ro\\\/albaiulia\\\/oricat-de-intamplator-ar-fi-destinul-tot-noi-ni-l-alegem-prin-munca-si-ambitie\\\/#respond\"]}]},{\"@type\":\"WebPage\",\"@id\":\"https:\\\/\\\/urbeamea.ro\\\/albaiulia\\\/oricat-de-intamplator-ar-fi-destinul-tot-noi-ni-l-alegem-prin-munca-si-ambitie\\\/\",\"url\":\"https:\\\/\\\/urbeamea.ro\\\/albaiulia\\\/oricat-de-intamplator-ar-fi-destinul-tot-noi-ni-l-alegem-prin-munca-si-ambitie\\\/\",\"name\":\"\u201eOric\u00e2t de \u00eent\u00e2mpl\u0103tor ar fi destinul, tot noi ni-l alegem prin munc\u0103 \u0219i ambi\u021bie!\u201d - Revista Urbea Mea - Revista de Alba\",\"isPartOf\":{\"@id\":\"https:\\\/\\\/urbeamea.ro\\\/albaiulia\\\/#website\"},\"primaryImageOfPage\":{\"@id\":\"https:\\\/\\\/urbeamea.ro\\\/albaiulia\\\/oricat-de-intamplator-ar-fi-destinul-tot-noi-ni-l-alegem-prin-munca-si-ambitie\\\/#primaryimage\"},\"image\":{\"@id\":\"https:\\\/\\\/urbeamea.ro\\\/albaiulia\\\/oricat-de-intamplator-ar-fi-destinul-tot-noi-ni-l-alegem-prin-munca-si-ambitie\\\/#primaryimage\"},\"thumbnailUrl\":\"https:\\\/\\\/urbeamea.ro\\\/albaiulia\\\/wp-content\\\/uploads\\\/2021\\\/06\\\/03.jpg\",\"datePublished\":\"2021-06-11T10:40:26+00:00\",\"dateModified\":\"2021-06-11T10:40:30+00:00\",\"author\":{\"@id\":\"https:\\\/\\\/urbeamea.ro\\\/albaiulia\\\/#\\\/schema\\\/person\\\/9700d21fae21c4f038b0b56f4506264a\"},\"description\":\"Sunt cuvintele absolventului nostru Andrei Octavian Cojocaru, care a fost admis la Academia For\u021belor Aeriene din Colorado Springs \u2013 Statele Unite ale\",\"breadcrumb\":{\"@id\":\"https:\\\/\\\/urbeamea.ro\\\/albaiulia\\\/oricat-de-intamplator-ar-fi-destinul-tot-noi-ni-l-alegem-prin-munca-si-ambitie\\\/#breadcrumb\"},\"inLanguage\":\"ro-RO\",\"potentialAction\":[{\"@type\":\"ReadAction\",\"target\":[\"https:\\\/\\\/urbeamea.ro\\\/albaiulia\\\/oricat-de-intamplator-ar-fi-destinul-tot-noi-ni-l-alegem-prin-munca-si-ambitie\\\/\"]}]},{\"@type\":\"ImageObject\",\"inLanguage\":\"ro-RO\",\"@id\":\"https:\\\/\\\/urbeamea.ro\\\/albaiulia\\\/oricat-de-intamplator-ar-fi-destinul-tot-noi-ni-l-alegem-prin-munca-si-ambitie\\\/#primaryimage\",\"url\":\"https:\\\/\\\/urbeamea.ro\\\/albaiulia\\\/wp-content\\\/uploads\\\/2021\\\/06\\\/03.jpg\",\"contentUrl\":\"https:\\\/\\\/urbeamea.ro\\\/albaiulia\\\/wp-content\\\/uploads\\\/2021\\\/06\\\/03.jpg\",\"width\":1600,\"height\":1112},{\"@type\":\"BreadcrumbList\",\"@id\":\"https:\\\/\\\/urbeamea.ro\\\/albaiulia\\\/oricat-de-intamplator-ar-fi-destinul-tot-noi-ni-l-alegem-prin-munca-si-ambitie\\\/#breadcrumb\",\"itemListElement\":[{\"@type\":\"ListItem\",\"position\":1,\"name\":\"Prima pagin\u0103\",\"item\":\"https:\\\/\\\/urbeamea.ro\\\/albaiulia\\\/\"},{\"@type\":\"ListItem\",\"position\":2,\"name\":\"\u201eOric\u00e2t de \u00eent\u00e2mpl\u0103tor ar fi destinul, tot noi ni-l alegem prin munc\u0103 \u0219i ambi\u021bie!\u201d\"}]},{\"@type\":\"WebSite\",\"@id\":\"https:\\\/\\\/urbeamea.ro\\\/albaiulia\\\/#website\",\"url\":\"https:\\\/\\\/urbeamea.ro\\\/albaiulia\\\/\",\"name\":\"Revista Urbea Mea, Stiri urbane\",\"description\":\"Evenimente \u0219i \u0219tiri din Alba Iulia, Sebe\u0219, Aiud, Blaj\",\"potentialAction\":[{\"@type\":\"SearchAction\",\"target\":{\"@type\":\"EntryPoint\",\"urlTemplate\":\"https:\\\/\\\/urbeamea.ro\\\/albaiulia\\\/?s={search_term_string}\"},\"query-input\":{\"@type\":\"PropertyValueSpecification\",\"valueRequired\":true,\"valueName\":\"search_term_string\"}}],\"inLanguage\":\"ro-RO\"},{\"@type\":\"Person\",\"@id\":\"https:\\\/\\\/urbeamea.ro\\\/albaiulia\\\/#\\\/schema\\\/person\\\/9700d21fae21c4f038b0b56f4506264a\",\"name\":\"Cristina Ganga\",\"image\":{\"@type\":\"ImageObject\",\"inLanguage\":\"ro-RO\",\"@id\":\"https:\\\/\\\/secure.gravatar.com\\\/avatar\\\/5a67661041f057b4a8ccaf26f5a8e86e2689372006d01faf3dd9eeb10b654bb4?s=96&d=mm&r=g\",\"url\":\"https:\\\/\\\/secure.gravatar.com\\\/avatar\\\/5a67661041f057b4a8ccaf26f5a8e86e2689372006d01faf3dd9eeb10b654bb4?s=96&d=mm&r=g\",\"contentUrl\":\"https:\\\/\\\/secure.gravatar.com\\\/avatar\\\/5a67661041f057b4a8ccaf26f5a8e86e2689372006d01faf3dd9eeb10b654bb4?s=96&d=mm&r=g\",\"caption\":\"Cristina Ganga\"},\"description\":\"Jurnalist\",\"sameAs\":[\"https:\\\/\\\/www.facebook.com\\\/cristina.nicola.587\"],\"url\":\"https:\\\/\\\/urbeamea.ro\\\/albaiulia\\\/author\\\/cristina-nicola\\\/\"}]}<\/script>\n<!-- \/ Yoast SEO plugin. -->","yoast_head_json":{"title":"\u201eOric\u00e2t de \u00eent\u00e2mpl\u0103tor ar fi destinul, tot noi ni-l alegem prin munc\u0103 \u0219i ambi\u021bie!\u201d - Revista Urbea Mea - Revista de Alba","description":"Sunt cuvintele absolventului nostru Andrei Octavian Cojocaru, care a fost admis la Academia For\u021belor Aeriene din Colorado Springs \u2013 Statele Unite ale","robots":{"index":"index","follow":"follow","max-snippet":"max-snippet:-1","max-image-preview":"max-image-preview:large","max-video-preview":"max-video-preview:-1"},"canonical":"https:\/\/urbeamea.ro\/albaiulia\/oricat-de-intamplator-ar-fi-destinul-tot-noi-ni-l-alegem-prin-munca-si-ambitie\/","twitter_card":"summary_large_image","twitter_title":"\u201eOric\u00e2t de \u00eent\u00e2mpl\u0103tor ar fi destinul, tot noi ni-l alegem prin munc\u0103 \u0219i ambi\u021bie!\u201d - Revista Urbea Mea - Revista de Alba","twitter_description":"Sunt cuvintele absolventului nostru Andrei Octavian Cojocaru, care a fost admis la Academia For\u021belor Aeriene din Colorado Springs \u2013 Statele Unite ale","twitter_image":"https:\/\/urbeamea.ro\/albaiulia\/wp-content\/uploads\/2021\/06\/03.jpg","twitter_creator":"@urbeameaweb","twitter_site":"@urbeameaweb","schema":{"@context":"https:\/\/schema.org","@graph":[{"@type":"Article","@id":"https:\/\/urbeamea.ro\/albaiulia\/oricat-de-intamplator-ar-fi-destinul-tot-noi-ni-l-alegem-prin-munca-si-ambitie\/#article","isPartOf":{"@id":"https:\/\/urbeamea.ro\/albaiulia\/oricat-de-intamplator-ar-fi-destinul-tot-noi-ni-l-alegem-prin-munca-si-ambitie\/"},"author":{"name":"Cristina Ganga","@id":"https:\/\/urbeamea.ro\/albaiulia\/#\/schema\/person\/9700d21fae21c4f038b0b56f4506264a"},"headline":"\u201eOric\u00e2t de \u00eent\u00e2mpl\u0103tor ar fi destinul, tot noi ni-l alegem prin munc\u0103 \u0219i ambi\u021bie!\u201d","datePublished":"2021-06-11T10:40:26+00:00","dateModified":"2021-06-11T10:40:30+00:00","mainEntityOfPage":{"@id":"https:\/\/urbeamea.ro\/albaiulia\/oricat-de-intamplator-ar-fi-destinul-tot-noi-ni-l-alegem-prin-munca-si-ambitie\/"},"wordCount":1790,"commentCount":0,"image":{"@id":"https:\/\/urbeamea.ro\/albaiulia\/oricat-de-intamplator-ar-fi-destinul-tot-noi-ni-l-alegem-prin-munca-si-ambitie\/#primaryimage"},"thumbnailUrl":"https:\/\/urbeamea.ro\/albaiulia\/wp-content\/uploads\/2021\/06\/03.jpg","keywords":["absolvent andrei octavian cojocaru","academia fortelor aeriene din colorado springs","admis","colegiul national militar mihai viteazul alba iulia","Colorado Springs","statele unite ale americii","United States Air Force Military Academy"],"articleSection":["Educa\u021bie"],"inLanguage":"ro-RO","potentialAction":[{"@type":"CommentAction","name":"Comment","target":["https:\/\/urbeamea.ro\/albaiulia\/oricat-de-intamplator-ar-fi-destinul-tot-noi-ni-l-alegem-prin-munca-si-ambitie\/#respond"]}]},{"@type":"WebPage","@id":"https:\/\/urbeamea.ro\/albaiulia\/oricat-de-intamplator-ar-fi-destinul-tot-noi-ni-l-alegem-prin-munca-si-ambitie\/","url":"https:\/\/urbeamea.ro\/albaiulia\/oricat-de-intamplator-ar-fi-destinul-tot-noi-ni-l-alegem-prin-munca-si-ambitie\/","name":"\u201eOric\u00e2t de \u00eent\u00e2mpl\u0103tor ar fi destinul, tot noi ni-l alegem prin munc\u0103 \u0219i ambi\u021bie!\u201d - Revista Urbea Mea - Revista de Alba","isPartOf":{"@id":"https:\/\/urbeamea.ro\/albaiulia\/#website"},"primaryImageOfPage":{"@id":"https:\/\/urbeamea.ro\/albaiulia\/oricat-de-intamplator-ar-fi-destinul-tot-noi-ni-l-alegem-prin-munca-si-ambitie\/#primaryimage"},"image":{"@id":"https:\/\/urbeamea.ro\/albaiulia\/oricat-de-intamplator-ar-fi-destinul-tot-noi-ni-l-alegem-prin-munca-si-ambitie\/#primaryimage"},"thumbnailUrl":"https:\/\/urbeamea.ro\/albaiulia\/wp-content\/uploads\/2021\/06\/03.jpg","datePublished":"2021-06-11T10:40:26+00:00","dateModified":"2021-06-11T10:40:30+00:00","author":{"@id":"https:\/\/urbeamea.ro\/albaiulia\/#\/schema\/person\/9700d21fae21c4f038b0b56f4506264a"},"description":"Sunt cuvintele absolventului nostru Andrei Octavian Cojocaru, care a fost admis la Academia For\u021belor Aeriene din Colorado Springs \u2013 Statele Unite ale","breadcrumb":{"@id":"https:\/\/urbeamea.ro\/albaiulia\/oricat-de-intamplator-ar-fi-destinul-tot-noi-ni-l-alegem-prin-munca-si-ambitie\/#breadcrumb"},"inLanguage":"ro-RO","potentialAction":[{"@type":"ReadAction","target":["https:\/\/urbeamea.ro\/albaiulia\/oricat-de-intamplator-ar-fi-destinul-tot-noi-ni-l-alegem-prin-munca-si-ambitie\/"]}]},{"@type":"ImageObject","inLanguage":"ro-RO","@id":"https:\/\/urbeamea.ro\/albaiulia\/oricat-de-intamplator-ar-fi-destinul-tot-noi-ni-l-alegem-prin-munca-si-ambitie\/#primaryimage","url":"https:\/\/urbeamea.ro\/albaiulia\/wp-content\/uploads\/2021\/06\/03.jpg","contentUrl":"https:\/\/urbeamea.ro\/albaiulia\/wp-content\/uploads\/2021\/06\/03.jpg","width":1600,"height":1112},{"@type":"BreadcrumbList","@id":"https:\/\/urbeamea.ro\/albaiulia\/oricat-de-intamplator-ar-fi-destinul-tot-noi-ni-l-alegem-prin-munca-si-ambitie\/#breadcrumb","itemListElement":[{"@type":"ListItem","position":1,"name":"Prima pagin\u0103","item":"https:\/\/urbeamea.ro\/albaiulia\/"},{"@type":"ListItem","position":2,"name":"\u201eOric\u00e2t de \u00eent\u00e2mpl\u0103tor ar fi destinul, tot noi ni-l alegem prin munc\u0103 \u0219i ambi\u021bie!\u201d"}]},{"@type":"WebSite","@id":"https:\/\/urbeamea.ro\/albaiulia\/#website","url":"https:\/\/urbeamea.ro\/albaiulia\/","name":"Revista Urbea Mea, Stiri urbane","description":"Evenimente \u0219i \u0219tiri din Alba Iulia, Sebe\u0219, Aiud, Blaj","potentialAction":[{"@type":"SearchAction","target":{"@type":"EntryPoint","urlTemplate":"https:\/\/urbeamea.ro\/albaiulia\/?s={search_term_string}"},"query-input":{"@type":"PropertyValueSpecification","valueRequired":true,"valueName":"search_term_string"}}],"inLanguage":"ro-RO"},{"@type":"Person","@id":"https:\/\/urbeamea.ro\/albaiulia\/#\/schema\/person\/9700d21fae21c4f038b0b56f4506264a","name":"Cristina Ganga","image":{"@type":"ImageObject","inLanguage":"ro-RO","@id":"https:\/\/secure.gravatar.com\/avatar\/5a67661041f057b4a8ccaf26f5a8e86e2689372006d01faf3dd9eeb10b654bb4?s=96&d=mm&r=g","url":"https:\/\/secure.gravatar.com\/avatar\/5a67661041f057b4a8ccaf26f5a8e86e2689372006d01faf3dd9eeb10b654bb4?s=96&d=mm&r=g","contentUrl":"https:\/\/secure.gravatar.com\/avatar\/5a67661041f057b4a8ccaf26f5a8e86e2689372006d01faf3dd9eeb10b654bb4?s=96&d=mm&r=g","caption":"Cristina Ganga"},"description":"Jurnalist","sameAs":["https:\/\/www.facebook.com\/cristina.nicola.587"],"url":"https:\/\/urbeamea.ro\/albaiulia\/author\/cristina-nicola\/"}]}},"_links":{"self":[{"href":"https:\/\/urbeamea.ro\/albaiulia\/wp-json\/wp\/v2\/posts\/96183","targetHints":{"allow":["GET"]}}],"collection":[{"href":"https:\/\/urbeamea.ro\/albaiulia\/wp-json\/wp\/v2\/posts"}],"about":[{"href":"https:\/\/urbeamea.ro\/albaiulia\/wp-json\/wp\/v2\/types\/post"}],"author":[{"embeddable":true,"href":"https:\/\/urbeamea.ro\/albaiulia\/wp-json\/wp\/v2\/users\/17"}],"replies":[{"embeddable":true,"href":"https:\/\/urbeamea.ro\/albaiulia\/wp-json\/wp\/v2\/comments?post=96183"}],"version-history":[{"count":1,"href":"https:\/\/urbeamea.ro\/albaiulia\/wp-json\/wp\/v2\/posts\/96183\/revisions"}],"predecessor-version":[{"id":96194,"href":"https:\/\/urbeamea.ro\/albaiulia\/wp-json\/wp\/v2\/posts\/96183\/revisions\/96194"}],"wp:featuredmedia":[{"embeddable":true,"href":"https:\/\/urbeamea.ro\/albaiulia\/wp-json\/wp\/v2\/media\/96186"}],"wp:attachment":[{"href":"https:\/\/urbeamea.ro\/albaiulia\/wp-json\/wp\/v2\/media?parent=96183"}],"wp:term":[{"taxonomy":"category","embeddable":true,"href":"https:\/\/urbeamea.ro\/albaiulia\/wp-json\/wp\/v2\/categories?post=96183"},{"taxonomy":"post_tag","embeddable":true,"href":"https:\/\/urbeamea.ro\/albaiulia\/wp-json\/wp\/v2\/tags?post=96183"}],"curies":[{"name":"wp","href":"https:\/\/api.w.org\/{rel}","templated":true}]}}