{"id":96545,"date":"2021-06-29T19:31:42","date_gmt":"2021-06-29T16:31:42","guid":{"rendered":"https:\/\/urbeamea.ro\/albaiulia\/?p=96545"},"modified":"2021-06-29T19:31:45","modified_gmt":"2021-06-29T16:31:45","slug":"anunt-interventii-de-dezinsectie-pe-raza-municipiului-sebes-miercuri-30-iunie-2021","status":"publish","type":"post","link":"https:\/\/urbeamea.ro\/albaiulia\/anunt-interventii-de-dezinsectie-pe-raza-municipiului-sebes-miercuri-30-iunie-2021\/","title":{"rendered":"ANUN\u021a interven\u021bii de DEZINSEC\u021aIE pe raza Municipiului Sebe\u0219, miercuri, 30 iunie 2021"},"content":{"rendered":"\n<h2 class=\"wp-block-heading\">Prim\u0103ria Municipiului Sebe\u0219\u00a0aduce la cuno\u0219tin\u021ba cet\u0103\u021benilor c\u0103\u00a0miercuri, 30 iunie 2021, \u00eencep\u00e2nd cu ora 23.00, se vor desf\u0103\u0219ura interven\u021bii de dezinsec\u021bie pe raza domeniului public al Municipiului Sebe\u0219. <\/h2>\n\n\n\n<p>Zonele vizate sunt: parcurile aflate pe domeniul public, cartierele de blocuri, arterele principale. Interven\u021biile vor avea loc \u00een Sebe\u0219, R\u0103h\u0103u, Petre\u0219ti\u00a0\u0219i Lancr\u0103m.<\/p>\n\n\n\n<p>Produsele folosite sunt avizate de Ministerul S\u0103n\u0103t\u0103\u021bii&nbsp;\u0219i fac parte din grupa de toxicitate III. Persoanele cu probleme respiratorii sau cardiace, precum&nbsp;\u0219i copiii, sunt ruga\u021bi s\u0103&nbsp;nu intre&nbsp;\u00een raza direct\u0103&nbsp;de ac\u021biune a echipamentelor de pulverizat.<\/p>\n","protected":false},"excerpt":{"rendered":"<p>Prim\u0103ria Municipiului Sebe\u0219\u00a0aduce la cuno\u0219tin\u021ba cet\u0103\u021benilor c\u0103\u00a0miercuri, 30 iunie 2021, \u00eencep\u00e2nd cu ora 23.00, se vor desf\u0103\u0219ura interven\u021bii de dezinsec\u021bie pe raza domeniului public al Municipiului Sebe\u0219. Zonele vizate sunt: parcurile aflate pe domeniul public, cartierele de blocuri, arterele principale. Interven\u021biile vor avea loc \u00een Sebe\u0219, R\u0103h\u0103u, Petre\u0219ti\u00a0\u0219i Lancr\u0103m. Produsele folosite sunt avizate de Ministerul &hellip;<\/p>\n","protected":false},"author":17,"featured_media":96546,"comment_status":"open","ping_status":"open","sticky":false,"template":"","format":"standard","meta":{"inline_featured_image":false,"footnotes":""},"categories":[2035],"tags":[6635,23180,10539,20133],"class_list":["post-96545","post","type-post","status-publish","format-standard","has-post-thumbnail","hentry","category-administratie","tag-anunt","tag-interventii-de-dezinsctie","tag-primaria-municipiului-sebes","tag-raza-municipiului-sebes"],"yoast_head":"<!-- This site is optimized with the Yoast SEO plugin v27.4 - https:\/\/yoast.com\/product\/yoast-seo-wordpress\/ -->\n<title>ANUN\u021a interven\u021bii de DEZINSEC\u021aIE pe raza Municipiului Sebe\u0219, miercuri, 30 iunie 2021 - Revista Urbea Mea - Revista de Alba<\/title>\n<meta name=\"description\" content=\"Prim\u0103ria Municipiului Sebe\u0219\u00a0aduce la cuno\u0219tin\u021ba cet\u0103\u021benilor c\u0103\u00a0miercuri, 30 iunie 2021, \u00eencep\u00e2nd cu ora 23.00, se vor desf\u0103\u0219ura interven\u021bii de dezinsec\u021bie\" \/>\n<meta name=\"robots\" content=\"index, follow, max-snippet:-1, max-image-preview:large, max-video-preview:-1\" \/>\n<link rel=\"canonical\" href=\"https:\/\/urbeamea.ro\/albaiulia\/anunt-interventii-de-dezinsectie-pe-raza-municipiului-sebes-miercuri-30-iunie-2021\/\" \/>\n<meta name=\"twitter:card\" content=\"summary_large_image\" \/>\n<meta name=\"twitter:title\" content=\"ANUN\u021a interven\u021bii de DEZINSEC\u021aIE pe raza Municipiului Sebe\u0219, miercuri, 30 iunie 2021 - Revista Urbea Mea - Revista de Alba\" \/>\n<meta name=\"twitter:description\" content=\"Prim\u0103ria Municipiului Sebe\u0219\u00a0aduce la cuno\u0219tin\u021ba cet\u0103\u021benilor c\u0103\u00a0miercuri, 30 iunie 2021, \u00eencep\u00e2nd cu ora 23.00, se vor desf\u0103\u0219ura interven\u021bii de dezinsec\u021bie\" \/>\n<meta name=\"twitter:image\" content=\"https:\/\/urbeamea.ro\/albaiulia\/wp-content\/uploads\/2021\/06\/servicii-dezinsectie-3.jpg\" \/>\n<meta name=\"twitter:creator\" content=\"@urbeameaweb\" \/>\n<meta name=\"twitter:site\" content=\"@urbeameaweb\" \/>\n<script type=\"application\/ld+json\" class=\"yoast-schema-graph\">{\"@context\":\"https:\\\/\\\/schema.org\",\"@graph\":[{\"@type\":\"Article\",\"@id\":\"https:\\\/\\\/urbeamea.ro\\\/albaiulia\\\/anunt-interventii-de-dezinsectie-pe-raza-municipiului-sebes-miercuri-30-iunie-2021\\\/#article\",\"isPartOf\":{\"@id\":\"https:\\\/\\\/urbeamea.ro\\\/albaiulia\\\/anunt-interventii-de-dezinsectie-pe-raza-municipiului-sebes-miercuri-30-iunie-2021\\\/\"},\"author\":{\"name\":\"Cristina Ganga\",\"@id\":\"https:\\\/\\\/urbeamea.ro\\\/albaiulia\\\/#\\\/schema\\\/person\\\/9700d21fae21c4f038b0b56f4506264a\"},\"headline\":\"ANUN\u021a interven\u021bii de DEZINSEC\u021aIE pe raza Municipiului Sebe\u0219, miercuri, 30 iunie 2021\",\"datePublished\":\"2021-06-29T16:31:42+00:00\",\"dateModified\":\"2021-06-29T16:31:45+00:00\",\"mainEntityOfPage\":{\"@id\":\"https:\\\/\\\/urbeamea.ro\\\/albaiulia\\\/anunt-interventii-de-dezinsectie-pe-raza-municipiului-sebes-miercuri-30-iunie-2021\\\/\"},\"wordCount\":122,\"commentCount\":0,\"image\":{\"@id\":\"https:\\\/\\\/urbeamea.ro\\\/albaiulia\\\/anunt-interventii-de-dezinsectie-pe-raza-municipiului-sebes-miercuri-30-iunie-2021\\\/#primaryimage\"},\"thumbnailUrl\":\"https:\\\/\\\/urbeamea.ro\\\/albaiulia\\\/wp-content\\\/uploads\\\/2021\\\/06\\\/servicii-dezinsectie-3.jpg\",\"keywords\":[\"anunt\",\"interventii de dezinsctie\",\"primaria municipiului sebes\",\"raza municipiului sebes\"],\"articleSection\":[\"Administra\u021bie\"],\"inLanguage\":\"ro-RO\",\"potentialAction\":[{\"@type\":\"CommentAction\",\"name\":\"Comment\",\"target\":[\"https:\\\/\\\/urbeamea.ro\\\/albaiulia\\\/anunt-interventii-de-dezinsectie-pe-raza-municipiului-sebes-miercuri-30-iunie-2021\\\/#respond\"]}]},{\"@type\":\"WebPage\",\"@id\":\"https:\\\/\\\/urbeamea.ro\\\/albaiulia\\\/anunt-interventii-de-dezinsectie-pe-raza-municipiului-sebes-miercuri-30-iunie-2021\\\/\",\"url\":\"https:\\\/\\\/urbeamea.ro\\\/albaiulia\\\/anunt-interventii-de-dezinsectie-pe-raza-municipiului-sebes-miercuri-30-iunie-2021\\\/\",\"name\":\"ANUN\u021a interven\u021bii de DEZINSEC\u021aIE pe raza Municipiului Sebe\u0219, miercuri, 30 iunie 2021 - Revista Urbea Mea - Revista de Alba\",\"isPartOf\":{\"@id\":\"https:\\\/\\\/urbeamea.ro\\\/albaiulia\\\/#website\"},\"primaryImageOfPage\":{\"@id\":\"https:\\\/\\\/urbeamea.ro\\\/albaiulia\\\/anunt-interventii-de-dezinsectie-pe-raza-municipiului-sebes-miercuri-30-iunie-2021\\\/#primaryimage\"},\"image\":{\"@id\":\"https:\\\/\\\/urbeamea.ro\\\/albaiulia\\\/anunt-interventii-de-dezinsectie-pe-raza-municipiului-sebes-miercuri-30-iunie-2021\\\/#primaryimage\"},\"thumbnailUrl\":\"https:\\\/\\\/urbeamea.ro\\\/albaiulia\\\/wp-content\\\/uploads\\\/2021\\\/06\\\/servicii-dezinsectie-3.jpg\",\"datePublished\":\"2021-06-29T16:31:42+00:00\",\"dateModified\":\"2021-06-29T16:31:45+00:00\",\"author\":{\"@id\":\"https:\\\/\\\/urbeamea.ro\\\/albaiulia\\\/#\\\/schema\\\/person\\\/9700d21fae21c4f038b0b56f4506264a\"},\"description\":\"Prim\u0103ria Municipiului Sebe\u0219\u00a0aduce la cuno\u0219tin\u021ba cet\u0103\u021benilor c\u0103\u00a0miercuri, 30 iunie 2021, \u00eencep\u00e2nd cu ora 23.00, se vor desf\u0103\u0219ura interven\u021bii de dezinsec\u021bie\",\"breadcrumb\":{\"@id\":\"https:\\\/\\\/urbeamea.ro\\\/albaiulia\\\/anunt-interventii-de-dezinsectie-pe-raza-municipiului-sebes-miercuri-30-iunie-2021\\\/#breadcrumb\"},\"inLanguage\":\"ro-RO\",\"potentialAction\":[{\"@type\":\"ReadAction\",\"target\":[\"https:\\\/\\\/urbeamea.ro\\\/albaiulia\\\/anunt-interventii-de-dezinsectie-pe-raza-municipiului-sebes-miercuri-30-iunie-2021\\\/\"]}]},{\"@type\":\"ImageObject\",\"inLanguage\":\"ro-RO\",\"@id\":\"https:\\\/\\\/urbeamea.ro\\\/albaiulia\\\/anunt-interventii-de-dezinsectie-pe-raza-municipiului-sebes-miercuri-30-iunie-2021\\\/#primaryimage\",\"url\":\"https:\\\/\\\/urbeamea.ro\\\/albaiulia\\\/wp-content\\\/uploads\\\/2021\\\/06\\\/servicii-dezinsectie-3.jpg\",\"contentUrl\":\"https:\\\/\\\/urbeamea.ro\\\/albaiulia\\\/wp-content\\\/uploads\\\/2021\\\/06\\\/servicii-dezinsectie-3.jpg\",\"width\":528,\"height\":413},{\"@type\":\"BreadcrumbList\",\"@id\":\"https:\\\/\\\/urbeamea.ro\\\/albaiulia\\\/anunt-interventii-de-dezinsectie-pe-raza-municipiului-sebes-miercuri-30-iunie-2021\\\/#breadcrumb\",\"itemListElement\":[{\"@type\":\"ListItem\",\"position\":1,\"name\":\"Prima pagin\u0103\",\"item\":\"https:\\\/\\\/urbeamea.ro\\\/albaiulia\\\/\"},{\"@type\":\"ListItem\",\"position\":2,\"name\":\"ANUN\u021a interven\u021bii de DEZINSEC\u021aIE pe raza Municipiului Sebe\u0219, miercuri, 30 iunie 2021\"}]},{\"@type\":\"WebSite\",\"@id\":\"https:\\\/\\\/urbeamea.ro\\\/albaiulia\\\/#website\",\"url\":\"https:\\\/\\\/urbeamea.ro\\\/albaiulia\\\/\",\"name\":\"Revista Urbea Mea, Stiri urbane\",\"description\":\"Evenimente \u0219i \u0219tiri din Alba Iulia, Sebe\u0219, Aiud, Blaj\",\"potentialAction\":[{\"@type\":\"SearchAction\",\"target\":{\"@type\":\"EntryPoint\",\"urlTemplate\":\"https:\\\/\\\/urbeamea.ro\\\/albaiulia\\\/?s={search_term_string}\"},\"query-input\":{\"@type\":\"PropertyValueSpecification\",\"valueRequired\":true,\"valueName\":\"search_term_string\"}}],\"inLanguage\":\"ro-RO\"},{\"@type\":\"Person\",\"@id\":\"https:\\\/\\\/urbeamea.ro\\\/albaiulia\\\/#\\\/schema\\\/person\\\/9700d21fae21c4f038b0b56f4506264a\",\"name\":\"Cristina Ganga\",\"image\":{\"@type\":\"ImageObject\",\"inLanguage\":\"ro-RO\",\"@id\":\"https:\\\/\\\/secure.gravatar.com\\\/avatar\\\/5a67661041f057b4a8ccaf26f5a8e86e2689372006d01faf3dd9eeb10b654bb4?s=96&d=mm&r=g\",\"url\":\"https:\\\/\\\/secure.gravatar.com\\\/avatar\\\/5a67661041f057b4a8ccaf26f5a8e86e2689372006d01faf3dd9eeb10b654bb4?s=96&d=mm&r=g\",\"contentUrl\":\"https:\\\/\\\/secure.gravatar.com\\\/avatar\\\/5a67661041f057b4a8ccaf26f5a8e86e2689372006d01faf3dd9eeb10b654bb4?s=96&d=mm&r=g\",\"caption\":\"Cristina Ganga\"},\"description\":\"Jurnalist\",\"sameAs\":[\"https:\\\/\\\/www.facebook.com\\\/cristina.nicola.587\"],\"url\":\"https:\\\/\\\/urbeamea.ro\\\/albaiulia\\\/author\\\/cristina-nicola\\\/\"}]}<\/script>\n<!-- \/ Yoast SEO plugin. -->","yoast_head_json":{"title":"ANUN\u021a interven\u021bii de DEZINSEC\u021aIE pe raza Municipiului Sebe\u0219, miercuri, 30 iunie 2021 - Revista Urbea Mea - Revista de Alba","description":"Prim\u0103ria Municipiului Sebe\u0219\u00a0aduce la cuno\u0219tin\u021ba cet\u0103\u021benilor c\u0103\u00a0miercuri, 30 iunie 2021, \u00eencep\u00e2nd cu ora 23.00, se vor desf\u0103\u0219ura interven\u021bii de dezinsec\u021bie","robots":{"index":"index","follow":"follow","max-snippet":"max-snippet:-1","max-image-preview":"max-image-preview:large","max-video-preview":"max-video-preview:-1"},"canonical":"https:\/\/urbeamea.ro\/albaiulia\/anunt-interventii-de-dezinsectie-pe-raza-municipiului-sebes-miercuri-30-iunie-2021\/","twitter_card":"summary_large_image","twitter_title":"ANUN\u021a interven\u021bii de DEZINSEC\u021aIE pe raza Municipiului Sebe\u0219, miercuri, 30 iunie 2021 - Revista Urbea Mea - Revista de Alba","twitter_description":"Prim\u0103ria Municipiului Sebe\u0219\u00a0aduce la cuno\u0219tin\u021ba cet\u0103\u021benilor c\u0103\u00a0miercuri, 30 iunie 2021, \u00eencep\u00e2nd cu ora 23.00, se vor desf\u0103\u0219ura interven\u021bii de dezinsec\u021bie","twitter_image":"https:\/\/urbeamea.ro\/albaiulia\/wp-content\/uploads\/2021\/06\/servicii-dezinsectie-3.jpg","twitter_creator":"@urbeameaweb","twitter_site":"@urbeameaweb","schema":{"@context":"https:\/\/schema.org","@graph":[{"@type":"Article","@id":"https:\/\/urbeamea.ro\/albaiulia\/anunt-interventii-de-dezinsectie-pe-raza-municipiului-sebes-miercuri-30-iunie-2021\/#article","isPartOf":{"@id":"https:\/\/urbeamea.ro\/albaiulia\/anunt-interventii-de-dezinsectie-pe-raza-municipiului-sebes-miercuri-30-iunie-2021\/"},"author":{"name":"Cristina Ganga","@id":"https:\/\/urbeamea.ro\/albaiulia\/#\/schema\/person\/9700d21fae21c4f038b0b56f4506264a"},"headline":"ANUN\u021a interven\u021bii de DEZINSEC\u021aIE pe raza Municipiului Sebe\u0219, miercuri, 30 iunie 2021","datePublished":"2021-06-29T16:31:42+00:00","dateModified":"2021-06-29T16:31:45+00:00","mainEntityOfPage":{"@id":"https:\/\/urbeamea.ro\/albaiulia\/anunt-interventii-de-dezinsectie-pe-raza-municipiului-sebes-miercuri-30-iunie-2021\/"},"wordCount":122,"commentCount":0,"image":{"@id":"https:\/\/urbeamea.ro\/albaiulia\/anunt-interventii-de-dezinsectie-pe-raza-municipiului-sebes-miercuri-30-iunie-2021\/#primaryimage"},"thumbnailUrl":"https:\/\/urbeamea.ro\/albaiulia\/wp-content\/uploads\/2021\/06\/servicii-dezinsectie-3.jpg","keywords":["anunt","interventii de dezinsctie","primaria municipiului sebes","raza municipiului sebes"],"articleSection":["Administra\u021bie"],"inLanguage":"ro-RO","potentialAction":[{"@type":"CommentAction","name":"Comment","target":["https:\/\/urbeamea.ro\/albaiulia\/anunt-interventii-de-dezinsectie-pe-raza-municipiului-sebes-miercuri-30-iunie-2021\/#respond"]}]},{"@type":"WebPage","@id":"https:\/\/urbeamea.ro\/albaiulia\/anunt-interventii-de-dezinsectie-pe-raza-municipiului-sebes-miercuri-30-iunie-2021\/","url":"https:\/\/urbeamea.ro\/albaiulia\/anunt-interventii-de-dezinsectie-pe-raza-municipiului-sebes-miercuri-30-iunie-2021\/","name":"ANUN\u021a interven\u021bii de DEZINSEC\u021aIE pe raza Municipiului Sebe\u0219, miercuri, 30 iunie 2021 - Revista Urbea Mea - Revista de Alba","isPartOf":{"@id":"https:\/\/urbeamea.ro\/albaiulia\/#website"},"primaryImageOfPage":{"@id":"https:\/\/urbeamea.ro\/albaiulia\/anunt-interventii-de-dezinsectie-pe-raza-municipiului-sebes-miercuri-30-iunie-2021\/#primaryimage"},"image":{"@id":"https:\/\/urbeamea.ro\/albaiulia\/anunt-interventii-de-dezinsectie-pe-raza-municipiului-sebes-miercuri-30-iunie-2021\/#primaryimage"},"thumbnailUrl":"https:\/\/urbeamea.ro\/albaiulia\/wp-content\/uploads\/2021\/06\/servicii-dezinsectie-3.jpg","datePublished":"2021-06-29T16:31:42+00:00","dateModified":"2021-06-29T16:31:45+00:00","author":{"@id":"https:\/\/urbeamea.ro\/albaiulia\/#\/schema\/person\/9700d21fae21c4f038b0b56f4506264a"},"description":"Prim\u0103ria Municipiului Sebe\u0219\u00a0aduce la cuno\u0219tin\u021ba cet\u0103\u021benilor c\u0103\u00a0miercuri, 30 iunie 2021, \u00eencep\u00e2nd cu ora 23.00, se vor desf\u0103\u0219ura interven\u021bii de dezinsec\u021bie","breadcrumb":{"@id":"https:\/\/urbeamea.ro\/albaiulia\/anunt-interventii-de-dezinsectie-pe-raza-municipiului-sebes-miercuri-30-iunie-2021\/#breadcrumb"},"inLanguage":"ro-RO","potentialAction":[{"@type":"ReadAction","target":["https:\/\/urbeamea.ro\/albaiulia\/anunt-interventii-de-dezinsectie-pe-raza-municipiului-sebes-miercuri-30-iunie-2021\/"]}]},{"@type":"ImageObject","inLanguage":"ro-RO","@id":"https:\/\/urbeamea.ro\/albaiulia\/anunt-interventii-de-dezinsectie-pe-raza-municipiului-sebes-miercuri-30-iunie-2021\/#primaryimage","url":"https:\/\/urbeamea.ro\/albaiulia\/wp-content\/uploads\/2021\/06\/servicii-dezinsectie-3.jpg","contentUrl":"https:\/\/urbeamea.ro\/albaiulia\/wp-content\/uploads\/2021\/06\/servicii-dezinsectie-3.jpg","width":528,"height":413},{"@type":"BreadcrumbList","@id":"https:\/\/urbeamea.ro\/albaiulia\/anunt-interventii-de-dezinsectie-pe-raza-municipiului-sebes-miercuri-30-iunie-2021\/#breadcrumb","itemListElement":[{"@type":"ListItem","position":1,"name":"Prima pagin\u0103","item":"https:\/\/urbeamea.ro\/albaiulia\/"},{"@type":"ListItem","position":2,"name":"ANUN\u021a interven\u021bii de DEZINSEC\u021aIE pe raza Municipiului Sebe\u0219, miercuri, 30 iunie 2021"}]},{"@type":"WebSite","@id":"https:\/\/urbeamea.ro\/albaiulia\/#website","url":"https:\/\/urbeamea.ro\/albaiulia\/","name":"Revista Urbea Mea, Stiri urbane","description":"Evenimente \u0219i \u0219tiri din Alba Iulia, Sebe\u0219, Aiud, Blaj","potentialAction":[{"@type":"SearchAction","target":{"@type":"EntryPoint","urlTemplate":"https:\/\/urbeamea.ro\/albaiulia\/?s={search_term_string}"},"query-input":{"@type":"PropertyValueSpecification","valueRequired":true,"valueName":"search_term_string"}}],"inLanguage":"ro-RO"},{"@type":"Person","@id":"https:\/\/urbeamea.ro\/albaiulia\/#\/schema\/person\/9700d21fae21c4f038b0b56f4506264a","name":"Cristina Ganga","image":{"@type":"ImageObject","inLanguage":"ro-RO","@id":"https:\/\/secure.gravatar.com\/avatar\/5a67661041f057b4a8ccaf26f5a8e86e2689372006d01faf3dd9eeb10b654bb4?s=96&d=mm&r=g","url":"https:\/\/secure.gravatar.com\/avatar\/5a67661041f057b4a8ccaf26f5a8e86e2689372006d01faf3dd9eeb10b654bb4?s=96&d=mm&r=g","contentUrl":"https:\/\/secure.gravatar.com\/avatar\/5a67661041f057b4a8ccaf26f5a8e86e2689372006d01faf3dd9eeb10b654bb4?s=96&d=mm&r=g","caption":"Cristina Ganga"},"description":"Jurnalist","sameAs":["https:\/\/www.facebook.com\/cristina.nicola.587"],"url":"https:\/\/urbeamea.ro\/albaiulia\/author\/cristina-nicola\/"}]}},"_links":{"self":[{"href":"https:\/\/urbeamea.ro\/albaiulia\/wp-json\/wp\/v2\/posts\/96545","targetHints":{"allow":["GET"]}}],"collection":[{"href":"https:\/\/urbeamea.ro\/albaiulia\/wp-json\/wp\/v2\/posts"}],"about":[{"href":"https:\/\/urbeamea.ro\/albaiulia\/wp-json\/wp\/v2\/types\/post"}],"author":[{"embeddable":true,"href":"https:\/\/urbeamea.ro\/albaiulia\/wp-json\/wp\/v2\/users\/17"}],"replies":[{"embeddable":true,"href":"https:\/\/urbeamea.ro\/albaiulia\/wp-json\/wp\/v2\/comments?post=96545"}],"version-history":[{"count":1,"href":"https:\/\/urbeamea.ro\/albaiulia\/wp-json\/wp\/v2\/posts\/96545\/revisions"}],"predecessor-version":[{"id":96547,"href":"https:\/\/urbeamea.ro\/albaiulia\/wp-json\/wp\/v2\/posts\/96545\/revisions\/96547"}],"wp:featuredmedia":[{"embeddable":true,"href":"https:\/\/urbeamea.ro\/albaiulia\/wp-json\/wp\/v2\/media\/96546"}],"wp:attachment":[{"href":"https:\/\/urbeamea.ro\/albaiulia\/wp-json\/wp\/v2\/media?parent=96545"}],"wp:term":[{"taxonomy":"category","embeddable":true,"href":"https:\/\/urbeamea.ro\/albaiulia\/wp-json\/wp\/v2\/categories?post=96545"},{"taxonomy":"post_tag","embeddable":true,"href":"https:\/\/urbeamea.ro\/albaiulia\/wp-json\/wp\/v2\/tags?post=96545"}],"curies":[{"name":"wp","href":"https:\/\/api.w.org\/{rel}","templated":true}]}}